{"id":233136,"date":"2026-04-28T03:30:00","date_gmt":"2026-04-28T06:30:00","guid":{"rendered":"https:\/\/www.correiobraziliense.com.br\/cbradar\/?p=233136"},"modified":"2026-04-27T16:53:57","modified_gmt":"2026-04-27T19:53:57","slug":"nem-todo-mundo-que-organiza-os-encontros-lembra-aniversarios-e-insiste-para-o-grupo-nao-sumir-e-mais-sociavel-do-que-os-outros-alguns-so-aprenderam-cedo-demais-que-se-nao-forem-o-elo-entre-as-pesso","status":"publish","type":"post","link":"https:\/\/www.correiobraziliense.com.br\/cbradar\/nem-todo-mundo-que-organiza-os-encontros-lembra-aniversarios-e-insiste-para-o-grupo-nao-sumir-e-mais-sociavel-do-que-os-outros-alguns-so-aprenderam-cedo-demais-que-se-nao-forem-o-elo-entre-as-pesso\/","title":{"rendered":"Nem todo mundo que organiza os encontros, lembra anivers\u00e1rios e insiste para o grupo n\u00e3o sumir \u00e9 mais soci\u00e1vel do que os outros, alguns s\u00f3 aprenderam cedo demais que, se n\u00e3o forem o elo entre as pessoas, acabam descobrindo r\u00e1pido demais quem n\u00e3o lembraria deles sozinho"},"content":{"rendered":"\n<p>A necessidade de manter conex\u00f5es sociais ativas muitas vezes esconde sentimentos de inseguran\u00e7a e o medo profundo do esquecimento. Muitas pessoas assumem o papel de organizadoras para garantir que o grupo permane\u00e7a unido e funcional. Vamos explorar as motiva\u00e7\u00f5es psicol\u00f3gicas por tr\u00e1s dessa busca constante por manter os v\u00ednculos afetivos sempre vivos e produtivos.<\/p>\n\n\n\n<h2 class=\"wp-block-heading\">Por que assumir a lideran\u00e7a social evita o isolamento?<\/h2>\n\n\n\n<p>Muitas vezes, a proatividade em marcar encontros \u00e9 um mecanismo de defesa contra a sensa\u00e7\u00e3o de ser invis\u00edvel para os amigos pr\u00f3ximos. Quem organiza tudo sente que possui o controle sobre a pr\u00f3pria import\u00e2ncia dentro do c\u00edrculo social mais \u00edntimo. Essa atitude garante que a pessoa permane\u00e7a no radar de todos, evitando a dor de ser esquecida no cotidiano.<\/p>\n\n\n\n<p>A pessoa que lembra de anivers\u00e1rios e datas especiais geralmente aprendeu que o afeto deve ser conquistado por meio da utilidade constante. Sem esse esfor\u00e7o deliberado, surge o receio de que as rela\u00e7\u00f5es se desfa\u00e7am por falta de iniciativa alheia e desinteresse real. Tornar-se o elo indispens\u00e1vel \u00e9 uma estrat\u00e9gia para validar a pr\u00f3pria exist\u00eancia e garantir o <strong>pertencimento grupal<\/strong>.<\/p>\n\n\n\n<figure class=\"wp-block-image size-full\"><img decoding=\"async\" width=\"1280\" height=\"720\" src=\"https:\/\/www.correiobraziliense.com.br\/cbradar\/wp-content\/uploads\/2026\/04\/Gemini_Generated_Image_kz5l6bkz5l6bkz5l-1-1.png\" alt=\"Nem todo mundo que organiza os encontros, lembra anivers\u00e1rios e insiste para o grupo n\u00e3o sumir \u00e9 mais soci\u00e1vel do que os outros, alguns s\u00f3 aprenderam cedo demais que, se n\u00e3o forem o elo entre as pessoas, acabam descobrindo r\u00e1pido demais quem n\u00e3o lembraria deles sozinho\" class=\"wp-image-233143\" srcset=\"https:\/\/www.correiobraziliense.com.br\/cbradar\/wp-content\/uploads\/2026\/04\/Gemini_Generated_Image_kz5l6bkz5l6bkz5l-1-1.png 1280w, https:\/\/www.correiobraziliense.com.br\/cbradar\/wp-content\/uploads\/2026\/04\/Gemini_Generated_Image_kz5l6bkz5l6bkz5l-1-1-300x169.png 300w, https:\/\/www.correiobraziliense.com.br\/cbradar\/wp-content\/uploads\/2026\/04\/Gemini_Generated_Image_kz5l6bkz5l6bkz5l-1-1-768x432.png 768w, https:\/\/www.correiobraziliense.com.br\/cbradar\/wp-content\/uploads\/2026\/04\/Gemini_Generated_Image_kz5l6bkz5l6bkz5l-1-1-750x422.png 750w, https:\/\/www.correiobraziliense.com.br\/cbradar\/wp-content\/uploads\/2026\/04\/Gemini_Generated_Image_kz5l6bkz5l6bkz5l-1-1-1140x641.png 1140w\" sizes=\"(max-width: 1280px) 100vw, 1280px\" \/><figcaption class=\"wp-element-caption\">A necessidade de manter v\u00ednculos pode revelar inseguran\u00e7a emocional profunda<\/figcaption><\/figure>\n\n\n\n<h2 class=\"wp-block-heading\">Qual \u00e9 o impacto emocional de ser o \u00fanico motor do grupo?<\/h2>\n\n\n\n<p>Carregar a responsabilidade de manter todos unidos gera um desgaste psicol\u00f3gico silencioso que poucas pessoas conseguem perceber ou valorizar. O organizador sente que, se parar de agir, o grupo simplesmente deixar\u00e1 de existir ou o excluir\u00e1 permanentemente das atividades. Essa press\u00e3o constante transforma o lazer em uma obriga\u00e7\u00e3o cansativa, em que o relaxamento genu\u00edno torna-se uma raridade absoluta.<\/p>\n\n\n\n<p>A descoberta de que ningu\u00e9m tomaria a iniciativa se voc\u00ea parasse de insistir \u00e9 uma das experi\u00eancias mais dolorosas da vida. Esse confronto com a realidade pode destruir a autoestima e gerar um isolamento volunt\u00e1rio por profunda decep\u00e7\u00e3o com os outros. Entender que o interesse deve ser m\u00fatuo \u00e9 o segredo para manter <strong>v\u00ednculos saud\u00e1veis e rec\u00edprocos<\/strong> sempre.<\/p>\n\n\n\n<p>Leia tamb\u00e9m: <a href=\"https:\/\/www.correiobraziliense.com.br\/cbradar\/a-psicologia-aponta-que-pessoas-que-sempre-dizem-tudo-bem-nao-sao-mais-compreensivas-elas-aprenderam-a-ignorar-as-proprias-necessidades\/\" target=\"_blank\" rel=\"noreferrer noopener\">A psicologia aponta que pessoas que sempre dizem \u201ctudo bem\u201d n\u00e3o s\u00e3o mais compreensivas, elas aprenderam a ignorar as pr\u00f3prias necessidades<\/a><\/p>\n\n\n\n<h2 class=\"wp-block-heading\">Como identificar comportamentos de manuten\u00e7\u00e3o social excessiva?<\/h2>\n\n\n\n<p>Existem sinais claros de que algu\u00e9m est\u00e1 operando em um n\u00edvel de alerta social muito elevado para evitar o abandono. Quando a preocupa\u00e7\u00e3o com a agenda alheia supera o pr\u00f3prio bem-estar, a rela\u00e7\u00e3o torna-se desequilibrada e emocionalmente perigosa para o cuidador. <\/p>\n\n\n\n<p>Analise atentamente os tra\u00e7os de comportamento que indicam quando o esfor\u00e7o para unir as pessoas ultrapassa a espontaneidade:<\/p>\n\n\n\n<ul class=\"wp-block-list\">\n<li>Envio constante de lembretes sobre eventos futuros;<\/li>\n\n\n\n<li>Sentimento de culpa quando o grupo n\u00e3o se re\u00fane;<\/li>\n\n\n\n<li>Medo irracional de n\u00e3o ser convidado para festas;<\/li>\n\n\n\n<li>Necessidade de mediar conflitos alheios no c\u00edrculo social;<\/li>\n\n\n\n<li>Frustra\u00e7\u00e3o intensa quando o convite \u00e9 recusado formalmente.<\/li>\n<\/ul>\n\n\n\n<h2 class=\"wp-block-heading\">Existe um caminho para rela\u00e7\u00f5es mais equilibradas e leves?<\/h2>\n\n\n\n<p>O primeiro passo para aliviar essa carga \u00e9 permitir que o sil\u00eancio aconte\u00e7a e observar quem realmente se esfor\u00e7a por voc\u00ea. Dar espa\u00e7o para que os outros tomem a iniciativa \u00e9 um teste de realidade necess\u00e1rio para a sa\u00fade mental do organizador. Rela\u00e7\u00f5es verdadeiras sobrevivem \u00e0 aus\u00eancia de cobran\u00e7as constantes e florescem naturalmente por meio do interesse genu\u00edno e da <strong>reciprocidade afetiva<\/strong>.<\/p>\n\n\n\n<p>Aceitar que nem todos estar\u00e3o presentes em todos os momentos ajuda a reduzir a ansiedade de separa\u00e7\u00e3o e a frustra\u00e7\u00e3o. Voc\u00ea deve focar em cultivar amizades que tragam conforto e n\u00e3o apenas aquelas que exigem manuten\u00e7\u00e3o infinita para existirem. Priorizar a pr\u00f3pria paz emocional garante que voc\u00ea se associe apenas com pessoas que realmente <strong>valorizam sua presen\u00e7a<\/strong> \u00fanica.<\/p>\n\n\n\n<figure class=\"wp-block-image size-full\"><img decoding=\"async\" width=\"1280\" height=\"720\" src=\"https:\/\/www.correiobraziliense.com.br\/cbradar\/wp-content\/uploads\/2026\/04\/Gemini_Generated_Image_4c5ory4c5ory4c5o-1-1.png\" alt=\"Nem todo mundo que organiza os encontros, lembra anivers\u00e1rios e insiste para o grupo n\u00e3o sumir \u00e9 mais soci\u00e1vel do que os outros, alguns s\u00f3 aprenderam cedo demais que, se n\u00e3o forem o elo entre as pessoas, acabam descobrindo r\u00e1pido demais quem n\u00e3o lembraria deles sozinho\" class=\"wp-image-233145\" srcset=\"https:\/\/www.correiobraziliense.com.br\/cbradar\/wp-content\/uploads\/2026\/04\/Gemini_Generated_Image_4c5ory4c5ory4c5o-1-1.png 1280w, https:\/\/www.correiobraziliense.com.br\/cbradar\/wp-content\/uploads\/2026\/04\/Gemini_Generated_Image_4c5ory4c5ory4c5o-1-1-300x169.png 300w, https:\/\/www.correiobraziliense.com.br\/cbradar\/wp-content\/uploads\/2026\/04\/Gemini_Generated_Image_4c5ory4c5ory4c5o-1-1-768x432.png 768w, https:\/\/www.correiobraziliense.com.br\/cbradar\/wp-content\/uploads\/2026\/04\/Gemini_Generated_Image_4c5ory4c5ory4c5o-1-1-750x422.png 750w, https:\/\/www.correiobraziliense.com.br\/cbradar\/wp-content\/uploads\/2026\/04\/Gemini_Generated_Image_4c5ory4c5ory4c5o-1-1-1140x641.png 1140w\" sizes=\"(max-width: 1280px) 100vw, 1280px\" \/><figcaption class=\"wp-element-caption\">A necessidade de manter v\u00ednculos pode revelar inseguran\u00e7a emocional profunda<\/figcaption><\/figure>\n\n\n\n<h2 class=\"wp-block-heading\">Como a ci\u00eancia explica a necessidade de pertencimento humano?<\/h2>\n\n\n\n<p>A psicologia social afirma que o pertencimento \u00e9 uma necessidade humana b\u00e1sica, essencial para a sobreviv\u00eancia e para o bem-estar. Sentir-se parte de um grupo reduz o estresse e aumenta a longevidade por meio do suporte emocional m\u00fatuo e constante. Quando esse sentimento \u00e9 amea\u00e7ado, o c\u00e9rebro reage com sinais de alerta similares aos da <strong>dor f\u00edsica real<\/strong> imediata.<\/p>\n\n\n\n<p>Estudos sobre o isolamento social demonstram que a falta de conex\u00f5es significativas prejudica gravemente o sistema imunol\u00f3gico e a cogni\u00e7\u00e3o. De acordo com o <strong>Mental Health America<\/strong>, o suporte social \u00e9 um pilar fundamental para prevenir transtornos emocionais graves durante a vida. Saiba como fortalecer seus v\u00ednculos por meio do guia de <a href=\"https:\/\/www.mhanational.org\/connect-others\" target=\"_blank\" rel=\"noreferrer noopener\">conex\u00f5es sociais no portal Mental Health America<\/a>.<\/p>\n","protected":false},"excerpt":{"rendered":"<p>A necessidade de manter conex\u00f5es sociais ativas muitas vezes esconde sentimentos de inseguran\u00e7a e o medo profundo do esquecimento. Muitas pessoas assumem o papel de organizadoras para garantir que o grupo permane\u00e7a unido e funcional. Vamos explorar as motiva\u00e7\u00f5es psicol\u00f3gicas por tr\u00e1s dessa busca constante por manter os v\u00ednculos afetivos sempre vivos e produtivos. Por [&hellip;]<\/p>\n","protected":false},"author":21,"featured_media":233142,"comment_status":"open","ping_status":"open","sticky":false,"template":"","format":"standard","meta":{"_yoast_wpseo_focuskw":"necessidade de valida\u00e7\u00e3o social constante","_yoast_wpseo_title":"","_yoast_wpseo_metadesc":"Assumir a lideran\u00e7a social pode revelar padr\u00f5es emocionais ocultos. Certos comportamentos indicam medo de afastamento nas rela\u00e7\u00f5es.","jnews-multi-image_gallery":[],"jnews_single_post":{"format":"standard"},"jnews_primary_category":[],"jnews_social_meta":[],"jnews_override_counter":[],"footnotes":""},"categories":[112],"post_tag":[],"class_list":["post-233136","post","type-post","status-publish","format-standard","has-post-thumbnail","hentry","category-curiosidades"],"yoast_head":"<!-- This site is optimized with the Yoast SEO plugin v24.6 - https:\/\/yoast.com\/wordpress\/plugins\/seo\/ -->\n<title>Nem todo mundo que organiza os encontros, lembra anivers\u00e1rios e insiste para o grupo n\u00e3o sumir \u00e9 mais soci\u00e1vel do que os outros, alguns s\u00f3 aprenderam cedo demais que, se n\u00e3o forem o elo entre as pessoas, acabam descobrindo r\u00e1pido demais quem n\u00e3o lembraria deles sozinho - Correio Braziliense - Radar<\/title>\n<meta name=\"description\" content=\"Assumir a lideran\u00e7a social pode revelar padr\u00f5es emocionais ocultos. Certos comportamentos indicam medo de afastamento nas rela\u00e7\u00f5es.\" \/>\n<meta name=\"robots\" content=\"index, follow, max-snippet:-1, max-image-preview:large, max-video-preview:-1\" \/>\n<link rel=\"canonical\" href=\"https:\/\/www.correiobraziliense.com.br\/cbradar\/nem-todo-mundo-que-organiza-os-encontros-lembra-aniversarios-e-insiste-para-o-grupo-nao-sumir-e-mais-sociavel-do-que-os-outros-alguns-so-aprenderam-cedo-demais-que-se-nao-forem-o-elo-entre-as-pesso\/\" \/>\n<meta property=\"og:locale\" content=\"pt_BR\" \/>\n<meta property=\"og:type\" content=\"article\" \/>\n<meta property=\"og:title\" content=\"Nem todo mundo que organiza os encontros, lembra anivers\u00e1rios e insiste para o grupo n\u00e3o sumir \u00e9 mais soci\u00e1vel do que os outros, alguns s\u00f3 aprenderam cedo demais que, se n\u00e3o forem o elo entre as pessoas, acabam descobrindo r\u00e1pido demais quem n\u00e3o lembraria deles sozinho - Correio Braziliense - Radar\" \/>\n<meta property=\"og:description\" content=\"Assumir a lideran\u00e7a social pode revelar padr\u00f5es emocionais ocultos. Certos comportamentos indicam medo de afastamento nas rela\u00e7\u00f5es.\" \/>\n<meta property=\"og:url\" content=\"https:\/\/www.correiobraziliense.com.br\/cbradar\/nem-todo-mundo-que-organiza-os-encontros-lembra-aniversarios-e-insiste-para-o-grupo-nao-sumir-e-mais-sociavel-do-que-os-outros-alguns-so-aprenderam-cedo-demais-que-se-nao-forem-o-elo-entre-as-pesso\/\" \/>\n<meta property=\"og:site_name\" content=\"Correio Braziliense - Radar\" \/>\n<meta property=\"article:published_time\" content=\"2026-04-28T06:30:00+00:00\" \/>\n<meta property=\"og:image\" content=\"https:\/\/www.correiobraziliense.com.br\/cbradar\/wp-content\/uploads\/2026\/04\/Gemini_Generated_Image_v73zhxv73zhxv73z-1-1.png\" \/>\n\t<meta property=\"og:image:width\" content=\"1280\" \/>\n\t<meta property=\"og:image:height\" content=\"720\" \/>\n\t<meta property=\"og:image:type\" content=\"image\/png\" \/>\n<meta name=\"author\" content=\"Patrick Silva\" \/>\n<meta name=\"twitter:card\" content=\"summary_large_image\" \/>\n<meta name=\"twitter:label1\" content=\"Escrito por\" \/>\n\t<meta name=\"twitter:data1\" content=\"Patrick Silva\" \/>\n\t<meta name=\"twitter:label2\" content=\"Est. tempo de leitura\" \/>\n\t<meta name=\"twitter:data2\" content=\"5 minutos\" \/>\n<!-- \/ Yoast SEO plugin. -->","yoast_head_json":{"title":"Nem todo mundo que organiza os encontros, lembra anivers\u00e1rios e insiste para o grupo n\u00e3o sumir \u00e9 mais soci\u00e1vel do que os outros, alguns s\u00f3 aprenderam cedo demais que, se n\u00e3o forem o elo entre as pessoas, acabam descobrindo r\u00e1pido demais quem n\u00e3o lembraria deles sozinho - Correio Braziliense - Radar","description":"Assumir a lideran\u00e7a social pode revelar padr\u00f5es emocionais ocultos. Certos comportamentos indicam medo de afastamento nas rela\u00e7\u00f5es.","robots":{"index":"index","follow":"follow","max-snippet":"max-snippet:-1","max-image-preview":"max-image-preview:large","max-video-preview":"max-video-preview:-1"},"canonical":"https:\/\/www.correiobraziliense.com.br\/cbradar\/nem-todo-mundo-que-organiza-os-encontros-lembra-aniversarios-e-insiste-para-o-grupo-nao-sumir-e-mais-sociavel-do-que-os-outros-alguns-so-aprenderam-cedo-demais-que-se-nao-forem-o-elo-entre-as-pesso\/","og_locale":"pt_BR","og_type":"article","og_title":"Nem todo mundo que organiza os encontros, lembra anivers\u00e1rios e insiste para o grupo n\u00e3o sumir \u00e9 mais soci\u00e1vel do que os outros, alguns s\u00f3 aprenderam cedo demais que, se n\u00e3o forem o elo entre as pessoas, acabam descobrindo r\u00e1pido demais quem n\u00e3o lembraria deles sozinho - Correio Braziliense - Radar","og_description":"Assumir a lideran\u00e7a social pode revelar padr\u00f5es emocionais ocultos. Certos comportamentos indicam medo de afastamento nas rela\u00e7\u00f5es.","og_url":"https:\/\/www.correiobraziliense.com.br\/cbradar\/nem-todo-mundo-que-organiza-os-encontros-lembra-aniversarios-e-insiste-para-o-grupo-nao-sumir-e-mais-sociavel-do-que-os-outros-alguns-so-aprenderam-cedo-demais-que-se-nao-forem-o-elo-entre-as-pesso\/","og_site_name":"Correio Braziliense - Radar","article_published_time":"2026-04-28T06:30:00+00:00","og_image":[{"width":1280,"height":720,"url":"https:\/\/www.correiobraziliense.com.br\/cbradar\/wp-content\/uploads\/2026\/04\/Gemini_Generated_Image_v73zhxv73zhxv73z-1-1.png","type":"image\/png"}],"author":"Patrick Silva","twitter_card":"summary_large_image","twitter_misc":{"Escrito por":"Patrick Silva","Est. tempo de leitura":"5 minutos"},"schema":{"@context":"https:\/\/schema.org","@graph":[{"@type":"WebPage","@id":"https:\/\/www.correiobraziliense.com.br\/cbradar\/nem-todo-mundo-que-organiza-os-encontros-lembra-aniversarios-e-insiste-para-o-grupo-nao-sumir-e-mais-sociavel-do-que-os-outros-alguns-so-aprenderam-cedo-demais-que-se-nao-forem-o-elo-entre-as-pesso\/","url":"https:\/\/www.correiobraziliense.com.br\/cbradar\/nem-todo-mundo-que-organiza-os-encontros-lembra-aniversarios-e-insiste-para-o-grupo-nao-sumir-e-mais-sociavel-do-que-os-outros-alguns-so-aprenderam-cedo-demais-que-se-nao-forem-o-elo-entre-as-pesso\/","name":"Nem todo mundo que organiza os encontros, lembra anivers\u00e1rios e insiste para o grupo n\u00e3o sumir \u00e9 mais soci\u00e1vel do que os outros, alguns s\u00f3 aprenderam cedo demais que, se n\u00e3o forem o elo entre as pessoas, acabam descobrindo r\u00e1pido demais quem n\u00e3o lembraria deles sozinho - Correio Braziliense - Radar","isPartOf":{"@id":"https:\/\/www.correiobraziliense.com.br\/cbradar\/#website"},"primaryImageOfPage":{"@id":"https:\/\/www.correiobraziliense.com.br\/cbradar\/nem-todo-mundo-que-organiza-os-encontros-lembra-aniversarios-e-insiste-para-o-grupo-nao-sumir-e-mais-sociavel-do-que-os-outros-alguns-so-aprenderam-cedo-demais-que-se-nao-forem-o-elo-entre-as-pesso\/#primaryimage"},"image":{"@id":"https:\/\/www.correiobraziliense.com.br\/cbradar\/nem-todo-mundo-que-organiza-os-encontros-lembra-aniversarios-e-insiste-para-o-grupo-nao-sumir-e-mais-sociavel-do-que-os-outros-alguns-so-aprenderam-cedo-demais-que-se-nao-forem-o-elo-entre-as-pesso\/#primaryimage"},"thumbnailUrl":"https:\/\/www.correiobraziliense.com.br\/cbradar\/wp-content\/uploads\/2026\/04\/Gemini_Generated_Image_v73zhxv73zhxv73z-1-1.png","datePublished":"2026-04-28T06:30:00+00:00","author":{"@id":"https:\/\/www.correiobraziliense.com.br\/cbradar\/#\/schema\/person\/5440b72be9c7eb74f446c846479dc4da"},"description":"Assumir a lideran\u00e7a social pode revelar padr\u00f5es emocionais ocultos. Certos comportamentos indicam medo de afastamento nas rela\u00e7\u00f5es.","breadcrumb":{"@id":"https:\/\/www.correiobraziliense.com.br\/cbradar\/nem-todo-mundo-que-organiza-os-encontros-lembra-aniversarios-e-insiste-para-o-grupo-nao-sumir-e-mais-sociavel-do-que-os-outros-alguns-so-aprenderam-cedo-demais-que-se-nao-forem-o-elo-entre-as-pesso\/#breadcrumb"},"inLanguage":"pt-BR","potentialAction":[{"@type":"ReadAction","target":["https:\/\/www.correiobraziliense.com.br\/cbradar\/nem-todo-mundo-que-organiza-os-encontros-lembra-aniversarios-e-insiste-para-o-grupo-nao-sumir-e-mais-sociavel-do-que-os-outros-alguns-so-aprenderam-cedo-demais-que-se-nao-forem-o-elo-entre-as-pesso\/"]}]},{"@type":"ImageObject","inLanguage":"pt-BR","@id":"https:\/\/www.correiobraziliense.com.br\/cbradar\/nem-todo-mundo-que-organiza-os-encontros-lembra-aniversarios-e-insiste-para-o-grupo-nao-sumir-e-mais-sociavel-do-que-os-outros-alguns-so-aprenderam-cedo-demais-que-se-nao-forem-o-elo-entre-as-pesso\/#primaryimage","url":"https:\/\/www.correiobraziliense.com.br\/cbradar\/wp-content\/uploads\/2026\/04\/Gemini_Generated_Image_v73zhxv73zhxv73z-1-1.png","contentUrl":"https:\/\/www.correiobraziliense.com.br\/cbradar\/wp-content\/uploads\/2026\/04\/Gemini_Generated_Image_v73zhxv73zhxv73z-1-1.png","width":1280,"height":720,"caption":"A necessidade de manter v\u00ednculos pode revelar inseguran\u00e7a emocional profunda"},{"@type":"BreadcrumbList","@id":"https:\/\/www.correiobraziliense.com.br\/cbradar\/nem-todo-mundo-que-organiza-os-encontros-lembra-aniversarios-e-insiste-para-o-grupo-nao-sumir-e-mais-sociavel-do-que-os-outros-alguns-so-aprenderam-cedo-demais-que-se-nao-forem-o-elo-entre-as-pesso\/#breadcrumb","itemListElement":[{"@type":"ListItem","position":1,"name":"In\u00edcio","item":"https:\/\/www.correiobraziliense.com.br\/cbradar\/"},{"@type":"ListItem","position":2,"name":"Nem todo mundo que organiza os encontros, lembra anivers\u00e1rios e insiste para o grupo n\u00e3o sumir \u00e9 mais soci\u00e1vel do que os outros, alguns s\u00f3 aprenderam cedo demais que, se n\u00e3o forem o elo entre as pessoas, acabam descobrindo r\u00e1pido demais quem n\u00e3o lembraria deles sozinho"}]},{"@type":"WebSite","@id":"https:\/\/www.correiobraziliense.com.br\/cbradar\/#website","url":"https:\/\/www.correiobraziliense.com.br\/cbradar\/","name":"Correio Braziliense - Radar","description":"Acompanhe as \u00faltimas not\u00edcias e fique bem informado sobre tudo o que acontece no Brasil e no mundo.","potentialAction":[{"@type":"SearchAction","target":{"@type":"EntryPoint","urlTemplate":"https:\/\/www.correiobraziliense.com.br\/cbradar\/?s={search_term_string}"},"query-input":{"@type":"PropertyValueSpecification","valueRequired":true,"valueName":"search_term_string"}}],"inLanguage":"pt-BR"},{"@type":"Person","@id":"https:\/\/www.correiobraziliense.com.br\/cbradar\/#\/schema\/person\/5440b72be9c7eb74f446c846479dc4da","name":"Patrick Silva","image":{"@type":"ImageObject","inLanguage":"pt-BR","@id":"https:\/\/www.correiobraziliense.com.br\/cbradar\/#\/schema\/person\/image\/","url":"https:\/\/secure.gravatar.com\/avatar\/944109df296fc087785c9715fd5f80b2?s=96&d=mm&r=g","contentUrl":"https:\/\/secure.gravatar.com\/avatar\/944109df296fc087785c9715fd5f80b2?s=96&d=mm&r=g","caption":"Patrick Silva"},"sameAs":["https:\/\/www.correiobraziliense.com.br\/cbradar\/"],"url":"https:\/\/www.correiobraziliense.com.br\/cbradar\/author\/patrick-silva\/"}]}},"_links":{"self":[{"href":"https:\/\/www.correiobraziliense.com.br\/cbradar\/wp-json\/wp\/v2\/posts\/233136","targetHints":{"allow":["GET"]}}],"collection":[{"href":"https:\/\/www.correiobraziliense.com.br\/cbradar\/wp-json\/wp\/v2\/posts"}],"about":[{"href":"https:\/\/www.correiobraziliense.com.br\/cbradar\/wp-json\/wp\/v2\/types\/post"}],"author":[{"embeddable":true,"href":"https:\/\/www.correiobraziliense.com.br\/cbradar\/wp-json\/wp\/v2\/users\/21"}],"replies":[{"embeddable":true,"href":"https:\/\/www.correiobraziliense.com.br\/cbradar\/wp-json\/wp\/v2\/comments?post=233136"}],"version-history":[{"count":4,"href":"https:\/\/www.correiobraziliense.com.br\/cbradar\/wp-json\/wp\/v2\/posts\/233136\/revisions"}],"predecessor-version":[{"id":233147,"href":"https:\/\/www.correiobraziliense.com.br\/cbradar\/wp-json\/wp\/v2\/posts\/233136\/revisions\/233147"}],"wp:featuredmedia":[{"embeddable":true,"href":"https:\/\/www.correiobraziliense.com.br\/cbradar\/wp-json\/wp\/v2\/media\/233142"}],"wp:attachment":[{"href":"https:\/\/www.correiobraziliense.com.br\/cbradar\/wp-json\/wp\/v2\/media?parent=233136"}],"wp:term":[{"taxonomy":"category","embeddable":true,"href":"https:\/\/www.correiobraziliense.com.br\/cbradar\/wp-json\/wp\/v2\/categories?post=233136"},{"taxonomy":"post_tag","embeddable":true,"href":"https:\/\/www.correiobraziliense.com.br\/cbradar\/wp-json\/wp\/v2\/post_tag?post=233136"}],"curies":[{"name":"wp","href":"https:\/\/api.w.org\/{rel}","templated":true}]}}