{"id":233141,"date":"2026-04-28T02:30:00","date_gmt":"2026-04-28T05:30:00","guid":{"rendered":"https:\/\/www.correiobraziliense.com.br\/cbradar\/?p=233141"},"modified":"2026-04-27T16:53:40","modified_gmt":"2026-04-27T19:53:40","slug":"aumentar-o-consumo-de-fibras-melhora-muito-o-intestino-mas-o-efeito-real-so-aparece-se-a-ingestao-vier-acompanhada-de-agua-ao-longo-do-dia","status":"publish","type":"post","link":"https:\/\/www.correiobraziliense.com.br\/cbradar\/aumentar-o-consumo-de-fibras-melhora-muito-o-intestino-mas-o-efeito-real-so-aparece-se-a-ingestao-vier-acompanhada-de-agua-ao-longo-do-dia\/","title":{"rendered":"Aumentar o consumo de fibras melhora muito o intestino, mas o efeito real s\u00f3 aparece se a ingest\u00e3o vier acompanhada de \u00e1gua ao longo do dia"},"content":{"rendered":"\n<p>Manter o sistema digestivo funcionando corretamente exige uma combina\u00e7\u00e3o equilibrada entre alimentos naturais e hidrata\u00e7\u00e3o constante. Muitas vezes as pessoas aumentam o consumo de vegetais e gr\u00e3os, mas esquecem que o l\u00edquido \u00e9 o combust\u00edvel necess\u00e1rio para o processamento desses nutrientes. Sem essa harmonia, o organismo enfrenta dificuldades para processar as impurezas e garantir o bem-estar f\u00edsico.<\/p>\n\n\n\n<h2 class=\"wp-block-heading\">Como as fibras atuam no sistema digestivo?<\/h2>\n\n\n\n<p>Esses componentes presentes em frutas e cereais integrais desempenham um papel vital na forma\u00e7\u00e3o do bolo fecal dentro do organismo. Eles atravessam o trato digest\u00f3rio sem serem totalmente absorvidos, o que auxilia na limpeza das paredes intestinais e facilita o tr\u00e2nsito dos res\u00edduos. Essa movimenta\u00e7\u00e3o constante \u00e9 fundamental para evitar o desconforto causado pelo incha\u00e7o abdominal frequente e doloroso.<\/p>\n\n\n\n<p>O consumo regular de alimentos ricos em celulose e pectina promove uma sensa\u00e7\u00e3o de saciedade prolongada durante as refei\u00e7\u00f5es. Al\u00e9m de auxiliar no controle do peso, esses nutrientes ajudam a estabilizar os n\u00edveis de a\u00e7\u00facar no sangue ap\u00f3s a alimenta\u00e7\u00e3o di\u00e1ria. Incorporar variedades de legumes e sementes nas refei\u00e7\u00f5es \u00e9 uma estrat\u00e9gia inteligente para fortalecer a imunidade geral.<\/p>\n\n\n\n<figure class=\"wp-block-image size-full\"><img decoding=\"async\" width=\"1280\" height=\"720\" src=\"https:\/\/www.correiobraziliense.com.br\/cbradar\/wp-content\/uploads\/2026\/04\/Gemini_Generated_Image_g8wc89g8wc89g8wc-1-1.png\" alt=\"Aumentar o consumo de fibras melhora muito o intestino, mas o efeito real s\u00f3 aparece se a ingest\u00e3o vier acompanhada de \u00e1gua ao longo do dia\" class=\"wp-image-233157\" srcset=\"https:\/\/www.correiobraziliense.com.br\/cbradar\/wp-content\/uploads\/2026\/04\/Gemini_Generated_Image_g8wc89g8wc89g8wc-1-1.png 1280w, https:\/\/www.correiobraziliense.com.br\/cbradar\/wp-content\/uploads\/2026\/04\/Gemini_Generated_Image_g8wc89g8wc89g8wc-1-1-300x169.png 300w, https:\/\/www.correiobraziliense.com.br\/cbradar\/wp-content\/uploads\/2026\/04\/Gemini_Generated_Image_g8wc89g8wc89g8wc-1-1-768x432.png 768w, https:\/\/www.correiobraziliense.com.br\/cbradar\/wp-content\/uploads\/2026\/04\/Gemini_Generated_Image_g8wc89g8wc89g8wc-1-1-750x422.png 750w, https:\/\/www.correiobraziliense.com.br\/cbradar\/wp-content\/uploads\/2026\/04\/Gemini_Generated_Image_g8wc89g8wc89g8wc-1-1-1140x641.png 1140w\" sizes=\"(max-width: 1280px) 100vw, 1280px\" \/><figcaption class=\"wp-element-caption\">Fibras e \u00e1gua juntas melhoram o intestino e garantem digest\u00e3o equilibrada<\/figcaption><\/figure>\n\n\n\n<h2 class=\"wp-block-heading\">Por que a ingest\u00e3o de \u00e1gua \u00e9 fundamental?<\/h2>\n\n\n\n<p>A efic\u00e1cia das fibras depende inteiramente da presen\u00e7a de l\u00edquidos para que elas possam expandir e cumprir sua fun\u00e7\u00e3o. Quando h\u00e1 pouca hidrata\u00e7\u00e3o, esses nutrientes podem acabar endurecendo o conte\u00fado intestinal, provocando o efeito oposto ao desejado inicialmente. Beber \u00e1gua em intervalos regulares garante que o processo de digest\u00e3o ocorra de forma fluida e sem qualquer complica\u00e7\u00e3o.<\/p>\n\n\n\n<p>O l\u00edquido atua como um lubrificante natural que transporta os res\u00edduos atrav\u00e9s do corpo com maior facilidade e rapidez. Manter as c\u00e9lulas bem hidratadas tamb\u00e9m favorece a absor\u00e7\u00e3o de vitaminas minerais importantes para a vitalidade e a disposi\u00e7\u00e3o cotidiana. Sem a quantidade adequada de \u00e1gua, o sistema digestivo trabalha com sobrecarga, o que gera cansa\u00e7o e irritabilidade constante.<\/p>\n\n\n\n<h2 class=\"wp-block-heading\">Quais s\u00e3o as principais benef\u00edcios dessa combina\u00e7\u00e3o?<\/h2>\n\n\n\n<p>Unir a ingest\u00e3o de farelos e gr\u00e3os com o consumo h\u00eddrico adequado gera uma melhora significativa na disposi\u00e7\u00e3o e no humor. O corpo consegue eliminar toxinas com efici\u00eancia, resultando em uma pele mais saud\u00e1vel e um metabolismo muito mais equilibrado. Esses h\u00e1bitos simples evitam complica\u00e7\u00f5es cr\u00f4nicas e proporcionam uma qualidade de vida superior para pessoas de todas as idades.<\/p>\n\n\n\n<p>As vantagens diretas de manter o corpo bem nutrido e hidratado s\u00e3o:<\/p>\n\n\n\n<ul class=\"wp-block-list\">\n<li>Regularidade no funcionamento do trato intestinal.<\/li>\n\n\n\n<li>Redu\u00e7\u00e3o da sensa\u00e7\u00e3o de peso ap\u00f3s comer.<\/li>\n\n\n\n<li>Melhora na absor\u00e7\u00e3o de nutrientes essenciais.<\/li>\n\n\n\n<li>Manuten\u00e7\u00e3o da energia est\u00e1vel ao longo do dia.<\/li>\n<\/ul>\n\n\n\n<h2 class=\"wp-block-heading\">Como equilibrar a dieta no dia a dia?<\/h2>\n\n\n\n<p>Substituir p\u00e3es brancos por vers\u00f5es integrais \u00e9 um excelente come\u00e7o para quem deseja aumentar a ingest\u00e3o de fibras sol\u00faveis. Frutas com casca e vegetais folhosos devem estar presentes em quase todas as refei\u00e7\u00f5es para garantir o aporte necess\u00e1rio desses elementos. Pequenas mudan\u00e7as nas escolhas alimentares refletem positivamente na disposi\u00e7\u00e3o f\u00edsica e na clareza mental do indiv\u00edduo.<\/p>\n\n\n\n<p>Carregar uma garrafa reutiliz\u00e1vel facilita o h\u00e1bito de beber l\u00edquidos mesmo durante as horas mais agitadas da jornada de trabalho. O ideal \u00e9 distribuir a ingest\u00e3o ao longo das horas em vez de consumir grandes volumes de uma \u00fanica vez. Esse cuidado cont\u00ednuo permite que o organismo processe os alimentos de maneira r\u00edtmica, evitando picos de indigest\u00e3o.<\/p>\n\n\n\n<figure class=\"wp-block-image size-full\"><img decoding=\"async\" width=\"1280\" height=\"720\" src=\"https:\/\/www.correiobraziliense.com.br\/cbradar\/wp-content\/uploads\/2026\/04\/Gemini_Generated_Image_m27cvum27cvum27c-1-1.png\" alt=\"Aumentar o consumo de fibras melhora muito o intestino, mas o efeito real s\u00f3 aparece se a ingest\u00e3o vier acompanhada de \u00e1gua ao longo do dia\" class=\"wp-image-233159\" srcset=\"https:\/\/www.correiobraziliense.com.br\/cbradar\/wp-content\/uploads\/2026\/04\/Gemini_Generated_Image_m27cvum27cvum27c-1-1.png 1280w, https:\/\/www.correiobraziliense.com.br\/cbradar\/wp-content\/uploads\/2026\/04\/Gemini_Generated_Image_m27cvum27cvum27c-1-1-300x169.png 300w, https:\/\/www.correiobraziliense.com.br\/cbradar\/wp-content\/uploads\/2026\/04\/Gemini_Generated_Image_m27cvum27cvum27c-1-1-768x432.png 768w, https:\/\/www.correiobraziliense.com.br\/cbradar\/wp-content\/uploads\/2026\/04\/Gemini_Generated_Image_m27cvum27cvum27c-1-1-750x422.png 750w, https:\/\/www.correiobraziliense.com.br\/cbradar\/wp-content\/uploads\/2026\/04\/Gemini_Generated_Image_m27cvum27cvum27c-1-1-1140x641.png 1140w\" sizes=\"(max-width: 1280px) 100vw, 1280px\" \/><figcaption class=\"wp-element-caption\">Fibras e \u00e1gua juntas melhoram o intestino e garantem digest\u00e3o equilibrada<\/figcaption><\/figure>\n\n\n\n<p>Leia tamb\u00e9m: <a href=\"https:\/\/www.correiobraziliense.com.br\/cbradar\/os-carboidratos-que-muita-gente-evita-mas-que-podem-fazer-parte-de-uma-dieta-saudavel\/\" target=\"_blank\" rel=\"noreferrer noopener\">Os carboidratos que muita gente evita, mas que podem fazer parte de uma dieta saud\u00e1vel<\/a><\/p>\n\n\n\n<h2 class=\"wp-block-heading\">Onde encontrar diretrizes oficiais sobre nutri\u00e7\u00e3o?<\/h2>\n\n\n\n<p>Seguir orienta\u00e7\u00f5es baseadas em evid\u00eancias s\u00f3lidas \u00e9 o caminho mais seguro para quem deseja transformar a sa\u00fade digestiva de forma duradoura. \u00d3rg\u00e3os internacionais de sa\u00fade fornecem recomenda\u00e7\u00f5es detalhadas sobre as quantidades ideais de nutrientes para cada faixa et\u00e1ria e estilo de vida. Estar bem informado evita a ado\u00e7\u00e3o de dietas restritivas que podem prejudicar o equil\u00edbrio do corpo.<\/p>\n\n\n\n<p>Informa\u00e7\u00f5es completas sobre padr\u00f5es alimentares saud\u00e1veis podem ser encontradas nas diretrizes da <strong><a href=\"https:\/\/www.who.int\/news-room\/fact-sheets\/detail\/healthy-diet\" target=\"_blank\" rel=\"noreferrer noopener\">World Health Organization<\/a><\/strong> para auxiliar no planejamento das refei\u00e7\u00f5es. Adotar esses par\u00e2metros mundiais ajuda a construir uma base s\u00f3lida para a preven\u00e7\u00e3o de doen\u00e7as e a promo\u00e7\u00e3o do bem-estar. Priorizar a qualidade do que se ingere \u00e9 fundamental para uma vida plena.<\/p>\n","protected":false},"excerpt":{"rendered":"<p>Manter o sistema digestivo funcionando corretamente exige uma combina\u00e7\u00e3o equilibrada entre alimentos naturais e hidrata\u00e7\u00e3o constante. Muitas vezes as pessoas aumentam o consumo de vegetais e gr\u00e3os, mas esquecem que o l\u00edquido \u00e9 o combust\u00edvel necess\u00e1rio para o processamento desses nutrientes. Sem essa harmonia, o organismo enfrenta dificuldades para processar as impurezas e garantir o [&hellip;]<\/p>\n","protected":false},"author":21,"featured_media":233156,"comment_status":"open","ping_status":"open","sticky":false,"template":"","format":"standard","meta":{"_yoast_wpseo_focuskw":"fibras e hidrata\u00e7\u00e3o","_yoast_wpseo_title":"","_yoast_wpseo_metadesc":"Equilibrar fibras e hidrata\u00e7\u00e3o \u00e9 essencial para o bom funcionamento do intestino e pode transformar sua sa\u00fade digestiva no dia a dia","jnews-multi-image_gallery":[],"jnews_single_post":{"format":"standard"},"jnews_primary_category":[],"jnews_social_meta":[],"jnews_override_counter":[],"footnotes":""},"categories":[119],"post_tag":[],"class_list":["post-233141","post","type-post","status-publish","format-standard","has-post-thumbnail","hentry","category-bem-estar"],"yoast_head":"<!-- This site is optimized with the Yoast SEO plugin v24.6 - https:\/\/yoast.com\/wordpress\/plugins\/seo\/ -->\n<title>Aumentar o consumo de fibras melhora muito o intestino, mas o efeito real s\u00f3 aparece se a ingest\u00e3o vier acompanhada de \u00e1gua ao longo do dia - Correio Braziliense - Radar<\/title>\n<meta name=\"description\" content=\"Equilibrar fibras e hidrata\u00e7\u00e3o \u00e9 essencial para o bom funcionamento do intestino e pode transformar sua sa\u00fade digestiva no dia a dia\" \/>\n<meta name=\"robots\" content=\"index, follow, max-snippet:-1, max-image-preview:large, max-video-preview:-1\" \/>\n<link rel=\"canonical\" href=\"https:\/\/www.correiobraziliense.com.br\/cbradar\/aumentar-o-consumo-de-fibras-melhora-muito-o-intestino-mas-o-efeito-real-so-aparece-se-a-ingestao-vier-acompanhada-de-agua-ao-longo-do-dia\/\" \/>\n<meta property=\"og:locale\" content=\"pt_BR\" \/>\n<meta property=\"og:type\" content=\"article\" \/>\n<meta property=\"og:title\" content=\"Aumentar o consumo de fibras melhora muito o intestino, mas o efeito real s\u00f3 aparece se a ingest\u00e3o vier acompanhada de \u00e1gua ao longo do dia - Correio Braziliense - Radar\" \/>\n<meta property=\"og:description\" content=\"Equilibrar fibras e hidrata\u00e7\u00e3o \u00e9 essencial para o bom funcionamento do intestino e pode transformar sua sa\u00fade digestiva no dia a dia\" \/>\n<meta property=\"og:url\" content=\"https:\/\/www.correiobraziliense.com.br\/cbradar\/aumentar-o-consumo-de-fibras-melhora-muito-o-intestino-mas-o-efeito-real-so-aparece-se-a-ingestao-vier-acompanhada-de-agua-ao-longo-do-dia\/\" \/>\n<meta property=\"og:site_name\" content=\"Correio Braziliense - Radar\" \/>\n<meta property=\"article:published_time\" content=\"2026-04-28T05:30:00+00:00\" \/>\n<meta property=\"og:image\" content=\"https:\/\/www.correiobraziliense.com.br\/cbradar\/wp-content\/uploads\/2026\/04\/Gemini_Generated_Image_g2ipdlg2ipdlg2ip-1-1.png\" \/>\n\t<meta property=\"og:image:width\" content=\"1280\" \/>\n\t<meta property=\"og:image:height\" content=\"720\" \/>\n\t<meta property=\"og:image:type\" content=\"image\/png\" \/>\n<meta name=\"author\" content=\"Patrick Silva\" \/>\n<meta name=\"twitter:card\" content=\"summary_large_image\" \/>\n<meta name=\"twitter:label1\" content=\"Escrito por\" \/>\n\t<meta name=\"twitter:data1\" content=\"Patrick Silva\" \/>\n\t<meta name=\"twitter:label2\" content=\"Est. tempo de leitura\" \/>\n\t<meta name=\"twitter:data2\" content=\"5 minutos\" \/>\n<!-- \/ Yoast SEO plugin. -->","yoast_head_json":{"title":"Aumentar o consumo de fibras melhora muito o intestino, mas o efeito real s\u00f3 aparece se a ingest\u00e3o vier acompanhada de \u00e1gua ao longo do dia - Correio Braziliense - Radar","description":"Equilibrar fibras e hidrata\u00e7\u00e3o \u00e9 essencial para o bom funcionamento do intestino e pode transformar sua sa\u00fade digestiva no dia a dia","robots":{"index":"index","follow":"follow","max-snippet":"max-snippet:-1","max-image-preview":"max-image-preview:large","max-video-preview":"max-video-preview:-1"},"canonical":"https:\/\/www.correiobraziliense.com.br\/cbradar\/aumentar-o-consumo-de-fibras-melhora-muito-o-intestino-mas-o-efeito-real-so-aparece-se-a-ingestao-vier-acompanhada-de-agua-ao-longo-do-dia\/","og_locale":"pt_BR","og_type":"article","og_title":"Aumentar o consumo de fibras melhora muito o intestino, mas o efeito real s\u00f3 aparece se a ingest\u00e3o vier acompanhada de \u00e1gua ao longo do dia - Correio Braziliense - Radar","og_description":"Equilibrar fibras e hidrata\u00e7\u00e3o \u00e9 essencial para o bom funcionamento do intestino e pode transformar sua sa\u00fade digestiva no dia a dia","og_url":"https:\/\/www.correiobraziliense.com.br\/cbradar\/aumentar-o-consumo-de-fibras-melhora-muito-o-intestino-mas-o-efeito-real-so-aparece-se-a-ingestao-vier-acompanhada-de-agua-ao-longo-do-dia\/","og_site_name":"Correio Braziliense - Radar","article_published_time":"2026-04-28T05:30:00+00:00","og_image":[{"width":1280,"height":720,"url":"https:\/\/www.correiobraziliense.com.br\/cbradar\/wp-content\/uploads\/2026\/04\/Gemini_Generated_Image_g2ipdlg2ipdlg2ip-1-1.png","type":"image\/png"}],"author":"Patrick Silva","twitter_card":"summary_large_image","twitter_misc":{"Escrito por":"Patrick Silva","Est. tempo de leitura":"5 minutos"},"schema":{"@context":"https:\/\/schema.org","@graph":[{"@type":"WebPage","@id":"https:\/\/www.correiobraziliense.com.br\/cbradar\/aumentar-o-consumo-de-fibras-melhora-muito-o-intestino-mas-o-efeito-real-so-aparece-se-a-ingestao-vier-acompanhada-de-agua-ao-longo-do-dia\/","url":"https:\/\/www.correiobraziliense.com.br\/cbradar\/aumentar-o-consumo-de-fibras-melhora-muito-o-intestino-mas-o-efeito-real-so-aparece-se-a-ingestao-vier-acompanhada-de-agua-ao-longo-do-dia\/","name":"Aumentar o consumo de fibras melhora muito o intestino, mas o efeito real s\u00f3 aparece se a ingest\u00e3o vier acompanhada de \u00e1gua ao longo do dia - Correio Braziliense - Radar","isPartOf":{"@id":"https:\/\/www.correiobraziliense.com.br\/cbradar\/#website"},"primaryImageOfPage":{"@id":"https:\/\/www.correiobraziliense.com.br\/cbradar\/aumentar-o-consumo-de-fibras-melhora-muito-o-intestino-mas-o-efeito-real-so-aparece-se-a-ingestao-vier-acompanhada-de-agua-ao-longo-do-dia\/#primaryimage"},"image":{"@id":"https:\/\/www.correiobraziliense.com.br\/cbradar\/aumentar-o-consumo-de-fibras-melhora-muito-o-intestino-mas-o-efeito-real-so-aparece-se-a-ingestao-vier-acompanhada-de-agua-ao-longo-do-dia\/#primaryimage"},"thumbnailUrl":"https:\/\/www.correiobraziliense.com.br\/cbradar\/wp-content\/uploads\/2026\/04\/Gemini_Generated_Image_g2ipdlg2ipdlg2ip-1-1.png","datePublished":"2026-04-28T05:30:00+00:00","author":{"@id":"https:\/\/www.correiobraziliense.com.br\/cbradar\/#\/schema\/person\/5440b72be9c7eb74f446c846479dc4da"},"description":"Equilibrar fibras e hidrata\u00e7\u00e3o \u00e9 essencial para o bom funcionamento do intestino e pode transformar sua sa\u00fade digestiva no dia a dia","breadcrumb":{"@id":"https:\/\/www.correiobraziliense.com.br\/cbradar\/aumentar-o-consumo-de-fibras-melhora-muito-o-intestino-mas-o-efeito-real-so-aparece-se-a-ingestao-vier-acompanhada-de-agua-ao-longo-do-dia\/#breadcrumb"},"inLanguage":"pt-BR","potentialAction":[{"@type":"ReadAction","target":["https:\/\/www.correiobraziliense.com.br\/cbradar\/aumentar-o-consumo-de-fibras-melhora-muito-o-intestino-mas-o-efeito-real-so-aparece-se-a-ingestao-vier-acompanhada-de-agua-ao-longo-do-dia\/"]}]},{"@type":"ImageObject","inLanguage":"pt-BR","@id":"https:\/\/www.correiobraziliense.com.br\/cbradar\/aumentar-o-consumo-de-fibras-melhora-muito-o-intestino-mas-o-efeito-real-so-aparece-se-a-ingestao-vier-acompanhada-de-agua-ao-longo-do-dia\/#primaryimage","url":"https:\/\/www.correiobraziliense.com.br\/cbradar\/wp-content\/uploads\/2026\/04\/Gemini_Generated_Image_g2ipdlg2ipdlg2ip-1-1.png","contentUrl":"https:\/\/www.correiobraziliense.com.br\/cbradar\/wp-content\/uploads\/2026\/04\/Gemini_Generated_Image_g2ipdlg2ipdlg2ip-1-1.png","width":1280,"height":720,"caption":"Fibras e \u00e1gua juntas melhoram o intestino e garantem digest\u00e3o equilibrada"},{"@type":"BreadcrumbList","@id":"https:\/\/www.correiobraziliense.com.br\/cbradar\/aumentar-o-consumo-de-fibras-melhora-muito-o-intestino-mas-o-efeito-real-so-aparece-se-a-ingestao-vier-acompanhada-de-agua-ao-longo-do-dia\/#breadcrumb","itemListElement":[{"@type":"ListItem","position":1,"name":"In\u00edcio","item":"https:\/\/www.correiobraziliense.com.br\/cbradar\/"},{"@type":"ListItem","position":2,"name":"Aumentar o consumo de fibras melhora muito o intestino, mas o efeito real s\u00f3 aparece se a ingest\u00e3o vier acompanhada de \u00e1gua ao longo do dia"}]},{"@type":"WebSite","@id":"https:\/\/www.correiobraziliense.com.br\/cbradar\/#website","url":"https:\/\/www.correiobraziliense.com.br\/cbradar\/","name":"Correio Braziliense - Radar","description":"Acompanhe as \u00faltimas not\u00edcias e fique bem informado sobre tudo o que acontece no Brasil e no mundo.","potentialAction":[{"@type":"SearchAction","target":{"@type":"EntryPoint","urlTemplate":"https:\/\/www.correiobraziliense.com.br\/cbradar\/?s={search_term_string}"},"query-input":{"@type":"PropertyValueSpecification","valueRequired":true,"valueName":"search_term_string"}}],"inLanguage":"pt-BR"},{"@type":"Person","@id":"https:\/\/www.correiobraziliense.com.br\/cbradar\/#\/schema\/person\/5440b72be9c7eb74f446c846479dc4da","name":"Patrick Silva","image":{"@type":"ImageObject","inLanguage":"pt-BR","@id":"https:\/\/www.correiobraziliense.com.br\/cbradar\/#\/schema\/person\/image\/","url":"https:\/\/secure.gravatar.com\/avatar\/944109df296fc087785c9715fd5f80b2?s=96&d=mm&r=g","contentUrl":"https:\/\/secure.gravatar.com\/avatar\/944109df296fc087785c9715fd5f80b2?s=96&d=mm&r=g","caption":"Patrick Silva"},"sameAs":["https:\/\/www.correiobraziliense.com.br\/cbradar\/"],"url":"https:\/\/www.correiobraziliense.com.br\/cbradar\/author\/patrick-silva\/"}]}},"_links":{"self":[{"href":"https:\/\/www.correiobraziliense.com.br\/cbradar\/wp-json\/wp\/v2\/posts\/233141","targetHints":{"allow":["GET"]}}],"collection":[{"href":"https:\/\/www.correiobraziliense.com.br\/cbradar\/wp-json\/wp\/v2\/posts"}],"about":[{"href":"https:\/\/www.correiobraziliense.com.br\/cbradar\/wp-json\/wp\/v2\/types\/post"}],"author":[{"embeddable":true,"href":"https:\/\/www.correiobraziliense.com.br\/cbradar\/wp-json\/wp\/v2\/users\/21"}],"replies":[{"embeddable":true,"href":"https:\/\/www.correiobraziliense.com.br\/cbradar\/wp-json\/wp\/v2\/comments?post=233141"}],"version-history":[{"count":1,"href":"https:\/\/www.correiobraziliense.com.br\/cbradar\/wp-json\/wp\/v2\/posts\/233141\/revisions"}],"predecessor-version":[{"id":233164,"href":"https:\/\/www.correiobraziliense.com.br\/cbradar\/wp-json\/wp\/v2\/posts\/233141\/revisions\/233164"}],"wp:featuredmedia":[{"embeddable":true,"href":"https:\/\/www.correiobraziliense.com.br\/cbradar\/wp-json\/wp\/v2\/media\/233156"}],"wp:attachment":[{"href":"https:\/\/www.correiobraziliense.com.br\/cbradar\/wp-json\/wp\/v2\/media?parent=233141"}],"wp:term":[{"taxonomy":"category","embeddable":true,"href":"https:\/\/www.correiobraziliense.com.br\/cbradar\/wp-json\/wp\/v2\/categories?post=233141"},{"taxonomy":"post_tag","embeddable":true,"href":"https:\/\/www.correiobraziliense.com.br\/cbradar\/wp-json\/wp\/v2\/post_tag?post=233141"}],"curies":[{"name":"wp","href":"https:\/\/api.w.org\/{rel}","templated":true}]}}