{"id":233165,"date":"2026-04-28T20:15:00","date_gmt":"2026-04-28T23:15:00","guid":{"rendered":"https:\/\/www.correiobraziliense.com.br\/cbradar\/?p=233165"},"modified":"2026-04-27T13:21:22","modified_gmt":"2026-04-27T16:21:22","slug":"a-folha-pouco-consumida-que-tem-mais-ferro-que-muitas-verduras-comuns-e-ajuda-a-combater-o-cansaco","status":"publish","type":"post","link":"https:\/\/www.correiobraziliense.com.br\/cbradar\/a-folha-pouco-consumida-que-tem-mais-ferro-que-muitas-verduras-comuns-e-ajuda-a-combater-o-cansaco\/","title":{"rendered":"A folha pouco consumida que tem mais ferro que muitas verduras comuns e ajuda a combater o cansa\u00e7o"},"content":{"rendered":"\n<p>Muitas plantas nativas possuem propriedades nutricionais surpreendentes que superam facilmente vegetais tradicionais encontrados em qualquer supermercado comum. Entre essas esp\u00e9cies, uma folha espec\u00edfica se destaca pela alta concentra\u00e7\u00e3o de minerais fundamentais para o organismo humano. Incorporar esse alimento na dieta di\u00e1ria ajuda a restaurar a energia f\u00edsica e melhora significativamente a disposi\u00e7\u00e3o mental para as atividades.<\/p>\n\n\n\n<h2 class=\"wp-block-heading\">Por que o ora-pro-n\u00f3bis \u00e9 considerado um superalimento?<\/h2>\n\n\n\n<p>O <strong>Ora-pro-n\u00f3bis<\/strong> possui uma composi\u00e7\u00e3o nutricional \u00fanica que inclui elevados n\u00edveis de prote\u00ednas vegetais e minerais essenciais para o funcionamento do corpo. Essa planta r\u00fastica cresce com facilidade e oferece uma densidade de nutrientes muito superior ao espinafre ou \u00e0 couve. Seu consumo regular fortalece o sistema imunol\u00f3gico e auxilia na manuten\u00e7\u00e3o da sa\u00fade dos tecidos musculares saud\u00e1veis.<\/p>\n\n\n\n<p>Al\u00e9m das prote\u00ednas, a presen\u00e7a de fibras sol\u00faveis favorece a digest\u00e3o e promove o equil\u00edbrio da flora intestinal de maneira natural. Essa folha vers\u00e1til pode ser utilizada em diversas prepara\u00e7\u00f5es culin\u00e1rias sem perder suas propriedades ben\u00e9ficas para a sa\u00fade. Adotar esse h\u00e1bito alimentar \u00e9 uma forma inteligente de enriquecer a dieta sem depender apenas de suplementos industriais caros.<\/p>\n\n\n\n<figure class=\"wp-block-image size-full\"><img decoding=\"async\" width=\"1280\" height=\"720\" src=\"https:\/\/www.correiobraziliense.com.br\/cbradar\/wp-content\/uploads\/2026\/04\/Gemini_Generated_Image_p3l08vp3l08vp3l0-1-1.png\" alt=\"A folha pouco consumida que tem mais ferro que muitas verduras comuns e ajuda a combater o cansa\u00e7o\" class=\"wp-image-233171\" srcset=\"https:\/\/www.correiobraziliense.com.br\/cbradar\/wp-content\/uploads\/2026\/04\/Gemini_Generated_Image_p3l08vp3l08vp3l0-1-1.png 1280w, https:\/\/www.correiobraziliense.com.br\/cbradar\/wp-content\/uploads\/2026\/04\/Gemini_Generated_Image_p3l08vp3l08vp3l0-1-1-300x169.png 300w, https:\/\/www.correiobraziliense.com.br\/cbradar\/wp-content\/uploads\/2026\/04\/Gemini_Generated_Image_p3l08vp3l08vp3l0-1-1-768x432.png 768w, https:\/\/www.correiobraziliense.com.br\/cbradar\/wp-content\/uploads\/2026\/04\/Gemini_Generated_Image_p3l08vp3l08vp3l0-1-1-750x422.png 750w, https:\/\/www.correiobraziliense.com.br\/cbradar\/wp-content\/uploads\/2026\/04\/Gemini_Generated_Image_p3l08vp3l08vp3l0-1-1-1140x641.png 1140w\" sizes=\"(max-width: 1280px) 100vw, 1280px\" \/><figcaption class=\"wp-element-caption\">Ora-pro-n\u00f3bis \u00e9 rico em nutrientes e ajuda a melhorar energia e sa\u00fade geral<\/figcaption><\/figure>\n\n\n\n<h2 class=\"wp-block-heading\">Como o ferro presente nessa folha combate a exaust\u00e3o?<\/h2>\n\n\n\n<p>A car\u00eancia de minerais no sangue \u00e9 uma das causas principais da fadiga persistente que afeta a produtividade de muitas pessoas. O ferro encontrado no <strong>Ora-pro-n\u00f3bis<\/strong> desempenha um papel crucial no transporte de oxig\u00eanio para todas as c\u00e9lulas do organismo. Quando os n\u00edveis desse nutriente est\u00e3o adequados, o metabolismo funciona de forma eficiente, combatendo o des\u00e2nimo.<\/p>\n\n\n\n<p>A reposi\u00e7\u00e3o desse mineral atrav\u00e9s de fontes naturais \u00e9 absorvida de forma gradual, garantindo uma reserva energ\u00e9tica est\u00e1vel durante todo o per\u00edodo. Ao melhorar a oxigena\u00e7\u00e3o celular, o corpo recupera a capacidade de realizar esfor\u00e7os f\u00edsicos e mentais sem atingir o esgotamento rapidamente. Essa prote\u00e7\u00e3o contra a anemia \u00e9 fundamental para manter o vigor e a qualidade de vida.<\/p>\n\n\n\n<h2 class=\"wp-block-heading\">Quais s\u00e3o as outras subst\u00e2ncias ben\u00e9ficas encontradas na planta?<\/h2>\n\n\n\n<p>Al\u00e9m do ferro, essa planta \u00e9 rica em antioxidantes que protegem as c\u00e9lulas contra o envelhecimento precoce e os danos oxidativos. A presen\u00e7a de vitaminas do complexo B e vitamina C potencializa a absor\u00e7\u00e3o dos minerais, tornando a planta um complemento alimentar completo. Esses elementos trabalham em conjunto para garantir que o sistema nervoso permane\u00e7a equilibrado e funcional sempre.<\/p>\n\n\n\n<p>As propriedades extras que favorecem o organismo s\u00e3o:<\/p>\n\n\n\n<ul class=\"wp-block-list\">\n<li>Elevada concentra\u00e7\u00e3o de c\u00e1lcio para os ossos.<\/li>\n\n\n\n<li>Presen\u00e7a de magn\u00e9sio que auxilia no relaxamento.<\/li>\n\n\n\n<li>Amino\u00e1cidos essenciais para a reconstru\u00e7\u00e3o celular.<\/li>\n\n\n\n<li>Vitamina A que favorece a sa\u00fade ocular.<\/li>\n<\/ul>\n\n\n\n<h2 class=\"wp-block-heading\">Qual \u00e9 a melhor forma de preparar as folhas?<\/h2>\n\n\n\n<p>Para preservar o valor nutricional, as folhas podem ser consumidas tanto cruas em saladas quanto refogadas em pratos quentes deliciosos. O ideal \u00e9 higienizar bem o vegetal antes do preparo e evitar o cozimento excessivo que pode degradar algumas vitaminas sens\u00edveis ao calor. Adicionar gotas de lim\u00e3o ajuda a aumentar ainda mais a disponibilidade do ferro vegetal ingerido.<\/p>\n\n\n\n<p>A textura levemente macia permite que a planta seja inclu\u00edda em massas de p\u00e3es, sucos verdes ou como acompanhamento de prote\u00ednas variadas. Essa flexibilidade facilita a introdu\u00e7\u00e3o do alimento na rotina de crian\u00e7as e adultos sem causar estranhamento ao paladar. Experimentar novas combina\u00e7\u00f5es culin\u00e1rias torna o processo de alimenta\u00e7\u00e3o saud\u00e1vel muito mais prazeroso e diversificado para todos.<\/p>\n\n\n\n<figure class=\"wp-block-image size-full\"><img decoding=\"async\" width=\"1280\" height=\"720\" src=\"https:\/\/www.correiobraziliense.com.br\/cbradar\/wp-content\/uploads\/2026\/04\/Gemini_Generated_Image_k9vr5gk9vr5gk9vr-1-1.png\" alt=\"A folha pouco consumida que tem mais ferro que muitas verduras comuns e ajuda a combater o cansa\u00e7o\" class=\"wp-image-233172\" srcset=\"https:\/\/www.correiobraziliense.com.br\/cbradar\/wp-content\/uploads\/2026\/04\/Gemini_Generated_Image_k9vr5gk9vr5gk9vr-1-1.png 1280w, https:\/\/www.correiobraziliense.com.br\/cbradar\/wp-content\/uploads\/2026\/04\/Gemini_Generated_Image_k9vr5gk9vr5gk9vr-1-1-300x169.png 300w, https:\/\/www.correiobraziliense.com.br\/cbradar\/wp-content\/uploads\/2026\/04\/Gemini_Generated_Image_k9vr5gk9vr5gk9vr-1-1-768x432.png 768w, https:\/\/www.correiobraziliense.com.br\/cbradar\/wp-content\/uploads\/2026\/04\/Gemini_Generated_Image_k9vr5gk9vr5gk9vr-1-1-750x422.png 750w, https:\/\/www.correiobraziliense.com.br\/cbradar\/wp-content\/uploads\/2026\/04\/Gemini_Generated_Image_k9vr5gk9vr5gk9vr-1-1-1140x641.png 1140w\" sizes=\"(max-width: 1280px) 100vw, 1280px\" \/><figcaption class=\"wp-element-caption\">Ora-pro-n\u00f3bis \u00e9 rico em nutrientes e ajuda a melhorar energia e sa\u00fade geral<\/figcaption><\/figure>\n\n\n\n<p>Leia tamb\u00e9m: <a href=\"https:\/\/www.correiobraziliense.com.br\/cbradar\/os-carboidratos-que-muita-gente-evita-mas-que-podem-fazer-parte-de-uma-dieta-saudavel\/\" target=\"_blank\" rel=\"noreferrer noopener\">Os carboidratos que muita gente evita, mas que podem fazer parte de uma dieta saud\u00e1vel<\/a><\/p>\n\n\n\n<h2 class=\"wp-block-heading\">Onde buscar informa\u00e7\u00f5es cient\u00edficas sobre as plantas aliment\u00edcias?<\/h2>\n\n\n\n<p>A pesquisa sobre vegetais n\u00e3o convencionais tem avan\u00e7ado significativamente, revelando dados importantes sobre a seguran\u00e7a e a efic\u00e1cia desses alimentos naturais. Consultar fontes acad\u00eamicas e \u00f3rg\u00e3os de sa\u00fade internacionais permite compreender como essas esp\u00e9cies contribuem para a seguran\u00e7a alimentar global. O conhecimento embasado evita mitos e garante que o uso dessas plantas ocorra de maneira totalmente segura.<\/p>\n\n\n\n<p>Institui\u00e7\u00f5es renomadas estudam a biodiversidade para oferecer caminhos que melhorem a nutri\u00e7\u00e3o das popula\u00e7\u00f5es atrav\u00e9s de recursos sustent\u00e1veis e acess\u00edveis. Para aprofundar o entendimento sobre as propriedades qu\u00edmicas de plantas similares, o portal da <strong><a href=\"https:\/\/www.fao.org\/fruits-vegetables-2021\/en\/\" target=\"_blank\" rel=\"noreferrer noopener\">Food and Agriculture Organization<\/a><\/strong> apresenta diretrizes detalhadas. Valorizar esses recursos naturais \u00e9 uma estrat\u00e9gia fundamental para promover a sa\u00fade p\u00fablica duradoura.<\/p>\n","protected":false},"excerpt":{"rendered":"<p>Muitas plantas nativas possuem propriedades nutricionais surpreendentes que superam facilmente vegetais tradicionais encontrados em qualquer supermercado comum. Entre essas esp\u00e9cies, uma folha espec\u00edfica se destaca pela alta concentra\u00e7\u00e3o de minerais fundamentais para o organismo humano. Incorporar esse alimento na dieta di\u00e1ria ajuda a restaurar a energia f\u00edsica e melhora significativamente a disposi\u00e7\u00e3o mental para as [&hellip;]<\/p>\n","protected":false},"author":21,"featured_media":233168,"comment_status":"open","ping_status":"open","sticky":false,"template":"","format":"standard","meta":{"_yoast_wpseo_focuskw":"ora-pro-n\u00f3bis benef\u00edcios","_yoast_wpseo_title":"","_yoast_wpseo_metadesc":"Ora-pro-n\u00f3bis ganha destaque por seus nutrientes e benef\u00edcios que ajudam a melhorar energia e fortalecer o organismo","jnews-multi-image_gallery":[],"jnews_single_post":{"format":"standard"},"jnews_primary_category":[],"jnews_social_meta":[],"jnews_override_counter":[],"footnotes":""},"categories":[119],"post_tag":[],"class_list":["post-233165","post","type-post","status-publish","format-standard","has-post-thumbnail","hentry","category-bem-estar"],"yoast_head":"<!-- This site is optimized with the Yoast SEO plugin v24.6 - https:\/\/yoast.com\/wordpress\/plugins\/seo\/ -->\n<title>A folha pouco consumida que tem mais ferro que muitas verduras comuns e ajuda a combater o cansa\u00e7o - Correio Braziliense - Radar<\/title>\n<meta name=\"description\" content=\"Ora-pro-n\u00f3bis ganha destaque por seus nutrientes e benef\u00edcios que ajudam a melhorar energia e fortalecer o organismo\" \/>\n<meta name=\"robots\" content=\"index, follow, max-snippet:-1, max-image-preview:large, max-video-preview:-1\" \/>\n<link rel=\"canonical\" href=\"https:\/\/www.correiobraziliense.com.br\/cbradar\/a-folha-pouco-consumida-que-tem-mais-ferro-que-muitas-verduras-comuns-e-ajuda-a-combater-o-cansaco\/\" \/>\n<meta property=\"og:locale\" content=\"pt_BR\" \/>\n<meta property=\"og:type\" content=\"article\" \/>\n<meta property=\"og:title\" content=\"A folha pouco consumida que tem mais ferro que muitas verduras comuns e ajuda a combater o cansa\u00e7o - Correio Braziliense - Radar\" \/>\n<meta property=\"og:description\" content=\"Ora-pro-n\u00f3bis ganha destaque por seus nutrientes e benef\u00edcios que ajudam a melhorar energia e fortalecer o organismo\" \/>\n<meta property=\"og:url\" content=\"https:\/\/www.correiobraziliense.com.br\/cbradar\/a-folha-pouco-consumida-que-tem-mais-ferro-que-muitas-verduras-comuns-e-ajuda-a-combater-o-cansaco\/\" \/>\n<meta property=\"og:site_name\" content=\"Correio Braziliense - Radar\" \/>\n<meta property=\"article:published_time\" content=\"2026-04-28T23:15:00+00:00\" \/>\n<meta property=\"og:image\" content=\"https:\/\/www.correiobraziliense.com.br\/cbradar\/wp-content\/uploads\/2026\/04\/Gemini_Generated_Image_tr37qltr37qltr37-1-1.png\" \/>\n\t<meta property=\"og:image:width\" content=\"1280\" \/>\n\t<meta property=\"og:image:height\" content=\"720\" \/>\n\t<meta property=\"og:image:type\" content=\"image\/png\" \/>\n<meta name=\"author\" content=\"Patrick Silva\" \/>\n<meta name=\"twitter:card\" content=\"summary_large_image\" \/>\n<meta name=\"twitter:label1\" content=\"Escrito por\" \/>\n\t<meta name=\"twitter:data1\" content=\"Patrick Silva\" \/>\n\t<meta name=\"twitter:label2\" content=\"Est. tempo de leitura\" \/>\n\t<meta name=\"twitter:data2\" content=\"5 minutos\" \/>\n<!-- \/ Yoast SEO plugin. -->","yoast_head_json":{"title":"A folha pouco consumida que tem mais ferro que muitas verduras comuns e ajuda a combater o cansa\u00e7o - Correio Braziliense - Radar","description":"Ora-pro-n\u00f3bis ganha destaque por seus nutrientes e benef\u00edcios que ajudam a melhorar energia e fortalecer o organismo","robots":{"index":"index","follow":"follow","max-snippet":"max-snippet:-1","max-image-preview":"max-image-preview:large","max-video-preview":"max-video-preview:-1"},"canonical":"https:\/\/www.correiobraziliense.com.br\/cbradar\/a-folha-pouco-consumida-que-tem-mais-ferro-que-muitas-verduras-comuns-e-ajuda-a-combater-o-cansaco\/","og_locale":"pt_BR","og_type":"article","og_title":"A folha pouco consumida que tem mais ferro que muitas verduras comuns e ajuda a combater o cansa\u00e7o - Correio Braziliense - Radar","og_description":"Ora-pro-n\u00f3bis ganha destaque por seus nutrientes e benef\u00edcios que ajudam a melhorar energia e fortalecer o organismo","og_url":"https:\/\/www.correiobraziliense.com.br\/cbradar\/a-folha-pouco-consumida-que-tem-mais-ferro-que-muitas-verduras-comuns-e-ajuda-a-combater-o-cansaco\/","og_site_name":"Correio Braziliense - Radar","article_published_time":"2026-04-28T23:15:00+00:00","og_image":[{"width":1280,"height":720,"url":"https:\/\/www.correiobraziliense.com.br\/cbradar\/wp-content\/uploads\/2026\/04\/Gemini_Generated_Image_tr37qltr37qltr37-1-1.png","type":"image\/png"}],"author":"Patrick Silva","twitter_card":"summary_large_image","twitter_misc":{"Escrito por":"Patrick Silva","Est. tempo de leitura":"5 minutos"},"schema":{"@context":"https:\/\/schema.org","@graph":[{"@type":"WebPage","@id":"https:\/\/www.correiobraziliense.com.br\/cbradar\/a-folha-pouco-consumida-que-tem-mais-ferro-que-muitas-verduras-comuns-e-ajuda-a-combater-o-cansaco\/","url":"https:\/\/www.correiobraziliense.com.br\/cbradar\/a-folha-pouco-consumida-que-tem-mais-ferro-que-muitas-verduras-comuns-e-ajuda-a-combater-o-cansaco\/","name":"A folha pouco consumida que tem mais ferro que muitas verduras comuns e ajuda a combater o cansa\u00e7o - Correio Braziliense - Radar","isPartOf":{"@id":"https:\/\/www.correiobraziliense.com.br\/cbradar\/#website"},"primaryImageOfPage":{"@id":"https:\/\/www.correiobraziliense.com.br\/cbradar\/a-folha-pouco-consumida-que-tem-mais-ferro-que-muitas-verduras-comuns-e-ajuda-a-combater-o-cansaco\/#primaryimage"},"image":{"@id":"https:\/\/www.correiobraziliense.com.br\/cbradar\/a-folha-pouco-consumida-que-tem-mais-ferro-que-muitas-verduras-comuns-e-ajuda-a-combater-o-cansaco\/#primaryimage"},"thumbnailUrl":"https:\/\/www.correiobraziliense.com.br\/cbradar\/wp-content\/uploads\/2026\/04\/Gemini_Generated_Image_tr37qltr37qltr37-1-1.png","datePublished":"2026-04-28T23:15:00+00:00","author":{"@id":"https:\/\/www.correiobraziliense.com.br\/cbradar\/#\/schema\/person\/5440b72be9c7eb74f446c846479dc4da"},"description":"Ora-pro-n\u00f3bis ganha destaque por seus nutrientes e benef\u00edcios que ajudam a melhorar energia e fortalecer o organismo","breadcrumb":{"@id":"https:\/\/www.correiobraziliense.com.br\/cbradar\/a-folha-pouco-consumida-que-tem-mais-ferro-que-muitas-verduras-comuns-e-ajuda-a-combater-o-cansaco\/#breadcrumb"},"inLanguage":"pt-BR","potentialAction":[{"@type":"ReadAction","target":["https:\/\/www.correiobraziliense.com.br\/cbradar\/a-folha-pouco-consumida-que-tem-mais-ferro-que-muitas-verduras-comuns-e-ajuda-a-combater-o-cansaco\/"]}]},{"@type":"ImageObject","inLanguage":"pt-BR","@id":"https:\/\/www.correiobraziliense.com.br\/cbradar\/a-folha-pouco-consumida-que-tem-mais-ferro-que-muitas-verduras-comuns-e-ajuda-a-combater-o-cansaco\/#primaryimage","url":"https:\/\/www.correiobraziliense.com.br\/cbradar\/wp-content\/uploads\/2026\/04\/Gemini_Generated_Image_tr37qltr37qltr37-1-1.png","contentUrl":"https:\/\/www.correiobraziliense.com.br\/cbradar\/wp-content\/uploads\/2026\/04\/Gemini_Generated_Image_tr37qltr37qltr37-1-1.png","width":1280,"height":720,"caption":"Ora-pro-n\u00f3bis \u00e9 rico em nutrientes e ajuda a melhorar energia e sa\u00fade geral"},{"@type":"BreadcrumbList","@id":"https:\/\/www.correiobraziliense.com.br\/cbradar\/a-folha-pouco-consumida-que-tem-mais-ferro-que-muitas-verduras-comuns-e-ajuda-a-combater-o-cansaco\/#breadcrumb","itemListElement":[{"@type":"ListItem","position":1,"name":"In\u00edcio","item":"https:\/\/www.correiobraziliense.com.br\/cbradar\/"},{"@type":"ListItem","position":2,"name":"A folha pouco consumida que tem mais ferro que muitas verduras comuns e ajuda a combater o cansa\u00e7o"}]},{"@type":"WebSite","@id":"https:\/\/www.correiobraziliense.com.br\/cbradar\/#website","url":"https:\/\/www.correiobraziliense.com.br\/cbradar\/","name":"Correio Braziliense - Radar","description":"Acompanhe as \u00faltimas not\u00edcias e fique bem informado sobre tudo o que acontece no Brasil e no mundo.","potentialAction":[{"@type":"SearchAction","target":{"@type":"EntryPoint","urlTemplate":"https:\/\/www.correiobraziliense.com.br\/cbradar\/?s={search_term_string}"},"query-input":{"@type":"PropertyValueSpecification","valueRequired":true,"valueName":"search_term_string"}}],"inLanguage":"pt-BR"},{"@type":"Person","@id":"https:\/\/www.correiobraziliense.com.br\/cbradar\/#\/schema\/person\/5440b72be9c7eb74f446c846479dc4da","name":"Patrick Silva","image":{"@type":"ImageObject","inLanguage":"pt-BR","@id":"https:\/\/www.correiobraziliense.com.br\/cbradar\/#\/schema\/person\/image\/","url":"https:\/\/secure.gravatar.com\/avatar\/944109df296fc087785c9715fd5f80b2?s=96&d=mm&r=g","contentUrl":"https:\/\/secure.gravatar.com\/avatar\/944109df296fc087785c9715fd5f80b2?s=96&d=mm&r=g","caption":"Patrick Silva"},"sameAs":["https:\/\/www.correiobraziliense.com.br\/cbradar\/"],"url":"https:\/\/www.correiobraziliense.com.br\/cbradar\/author\/patrick-silva\/"}]}},"_links":{"self":[{"href":"https:\/\/www.correiobraziliense.com.br\/cbradar\/wp-json\/wp\/v2\/posts\/233165","targetHints":{"allow":["GET"]}}],"collection":[{"href":"https:\/\/www.correiobraziliense.com.br\/cbradar\/wp-json\/wp\/v2\/posts"}],"about":[{"href":"https:\/\/www.correiobraziliense.com.br\/cbradar\/wp-json\/wp\/v2\/types\/post"}],"author":[{"embeddable":true,"href":"https:\/\/www.correiobraziliense.com.br\/cbradar\/wp-json\/wp\/v2\/users\/21"}],"replies":[{"embeddable":true,"href":"https:\/\/www.correiobraziliense.com.br\/cbradar\/wp-json\/wp\/v2\/comments?post=233165"}],"version-history":[{"count":1,"href":"https:\/\/www.correiobraziliense.com.br\/cbradar\/wp-json\/wp\/v2\/posts\/233165\/revisions"}],"predecessor-version":[{"id":233173,"href":"https:\/\/www.correiobraziliense.com.br\/cbradar\/wp-json\/wp\/v2\/posts\/233165\/revisions\/233173"}],"wp:featuredmedia":[{"embeddable":true,"href":"https:\/\/www.correiobraziliense.com.br\/cbradar\/wp-json\/wp\/v2\/media\/233168"}],"wp:attachment":[{"href":"https:\/\/www.correiobraziliense.com.br\/cbradar\/wp-json\/wp\/v2\/media?parent=233165"}],"wp:term":[{"taxonomy":"category","embeddable":true,"href":"https:\/\/www.correiobraziliense.com.br\/cbradar\/wp-json\/wp\/v2\/categories?post=233165"},{"taxonomy":"post_tag","embeddable":true,"href":"https:\/\/www.correiobraziliense.com.br\/cbradar\/wp-json\/wp\/v2\/post_tag?post=233165"}],"curies":[{"name":"wp","href":"https:\/\/api.w.org\/{rel}","templated":true}]}}