{"id":233170,"date":"2026-04-28T21:25:00","date_gmt":"2026-04-29T00:25:00","guid":{"rendered":"https:\/\/www.correiobraziliense.com.br\/cbradar\/?p=233170"},"modified":"2026-04-27T13:21:35","modified_gmt":"2026-04-27T16:21:35","slug":"pessoas-que-caminham-apos-o-almoco-tendem-a-controlar-melhor-os-picos-de-sonolencia-e-manter-mais-disposicao-ao-longo-da-tarde","status":"publish","type":"post","link":"https:\/\/www.correiobraziliense.com.br\/cbradar\/pessoas-que-caminham-apos-o-almoco-tendem-a-controlar-melhor-os-picos-de-sonolencia-e-manter-mais-disposicao-ao-longo-da-tarde\/","title":{"rendered":"Pessoas que caminham ap\u00f3s o almo\u00e7o tendem a controlar melhor os picos de sonol\u00eancia e manter mais disposi\u00e7\u00e3o ao longo da tarde"},"content":{"rendered":"\n<p>Muitas pessoas sentem uma queda brusca de energia logo ap\u00f3s as refei\u00e7\u00f5es principais, o que dificulta a concentra\u00e7\u00e3o nas tarefas pendentes. Realizar uma caminhada leve nesse per\u00edodo ajuda o organismo a processar os nutrientes de forma mais eficiente e equilibrada. Esse h\u00e1bito simples transforma a rotina, proporcionando maior clareza mental e vitalidade para enfrentar o restante do dia.<\/p>\n\n\n\n<h2 class=\"wp-block-heading\">Como o movimento corporal leve influencia a digest\u00e3o?<\/h2>\n\n\n\n<p>O exerc\u00edcio f\u00edsico estimula o funcionamento do sistema digestivo, facilitando o transporte dos alimentos atrav\u00e9s do processo g\u00e1strico de maneira mais r\u00edtmica. Ao caminhar, a circula\u00e7\u00e3o sangu\u00ednea melhora, o que auxilia os \u00f3rg\u00e3os internos a trabalharem com menos esfor\u00e7o e maior efic\u00e1cia. Esse processo natural evita a sensa\u00e7\u00e3o de peso abdominal que costuma causar desconforto f\u00edsico constante.<\/p>\n\n\n\n<p>Al\u00e9m de auxiliar no transporte de nutrientes, a pr\u00e1tica f\u00edsica ajuda a reduzir a produ\u00e7\u00e3o de gases e a azia frequente. Quando o corpo permanece ativo ap\u00f3s comer, a queima de glicose ocorre de forma imediata, impedindo que o excesso de a\u00e7\u00facar cause lentid\u00e3o. Manter essa const\u00e2ncia di\u00e1ria \u00e9 uma das formas mais eficazes de preservar o bem-estar.<\/p>\n\n\n\n<figure class=\"wp-block-image size-full\"><img decoding=\"async\" width=\"1280\" height=\"720\" src=\"https:\/\/www.correiobraziliense.com.br\/cbradar\/wp-content\/uploads\/2026\/04\/Gemini_Generated_Image_krqhfjkrqhfjkrqh-1-1.png\" alt=\"Pessoas que caminham ap\u00f3s o almo\u00e7o tendem a controlar melhor os picos de sonol\u00eancia e manter mais disposi\u00e7\u00e3o ao longo da tarde\" class=\"wp-image-233179\" srcset=\"https:\/\/www.correiobraziliense.com.br\/cbradar\/wp-content\/uploads\/2026\/04\/Gemini_Generated_Image_krqhfjkrqhfjkrqh-1-1.png 1280w, https:\/\/www.correiobraziliense.com.br\/cbradar\/wp-content\/uploads\/2026\/04\/Gemini_Generated_Image_krqhfjkrqhfjkrqh-1-1-300x169.png 300w, https:\/\/www.correiobraziliense.com.br\/cbradar\/wp-content\/uploads\/2026\/04\/Gemini_Generated_Image_krqhfjkrqhfjkrqh-1-1-768x432.png 768w, https:\/\/www.correiobraziliense.com.br\/cbradar\/wp-content\/uploads\/2026\/04\/Gemini_Generated_Image_krqhfjkrqhfjkrqh-1-1-750x422.png 750w, https:\/\/www.correiobraziliense.com.br\/cbradar\/wp-content\/uploads\/2026\/04\/Gemini_Generated_Image_krqhfjkrqhfjkrqh-1-1-1140x641.png 1140w\" sizes=\"(max-width: 1280px) 100vw, 1280px\" \/><figcaption class=\"wp-element-caption\">Caminhar ap\u00f3s refei\u00e7\u00f5es melhora digest\u00e3o, energia e foco ao longo do dia<\/figcaption><\/figure>\n\n\n\n<h2 class=\"wp-block-heading\">Por que a caminhada ajuda a combater a sonol\u00eancia?<\/h2>\n\n\n\n<p>A fadiga p\u00f3s-prandial ocorre quando o corpo concentra grande parte da energia no processo de digest\u00e3o, diminuindo o fluxo para o c\u00e9rebro. Caminhar por alguns minutos sinaliza ao organismo que ele precisa manter o estado de alerta e a disposi\u00e7\u00e3o elevada. Esse est\u00edmulo neutraliza a vontade de dormir, permitindo que a mente continue focada nas responsabilidades di\u00e1rias.<\/p>\n\n\n\n<p>A exposi\u00e7\u00e3o \u00e0 luz natural durante esse trajeto tamb\u00e9m contribui para a regula\u00e7\u00e3o do ciclo circadiano e do humor matinal. Ao movimentar os m\u00fasculos, o indiv\u00edduo libera subst\u00e2ncias naturais que promovem uma sensa\u00e7\u00e3o de renova\u00e7\u00e3o e frescor imediato. \u00c9 uma ferramenta poderosa para quem busca manter a produtividade alta sem recorrer ao consumo excessivo de cafe\u00edna amarga.<\/p>\n\n\n\n<h2 class=\"wp-block-heading\">Quais s\u00e3o as mudan\u00e7as pr\u00e1ticas observadas no metabolismo?<\/h2>\n\n\n\n<p>Adotar o h\u00e1bito de caminhar ap\u00f3s o almo\u00e7o traz benef\u00edcios que v\u00e3o al\u00e9m do simples al\u00edvio da sonol\u00eancia moment\u00e2nea. O corpo passa a gerenciar melhor as reservas de energia, evitando picos glic\u00eamicos que podem prejudicar a sa\u00fade a longo prazo. Essa pr\u00e1tica contribui para uma estabilidade metab\u00f3lica que reflete diretamente na disposi\u00e7\u00e3o f\u00edsica e mental de cada pessoa.<\/p>\n\n\n\n<p>Os principais efeitos positivos percebidos por quem se movimenta s\u00e3o:<\/p>\n\n\n\n<ul class=\"wp-block-list\">\n<li>Redu\u00e7\u00e3o significativa da letargia ap\u00f3s as refei\u00e7\u00f5es.<\/li>\n\n\n\n<li>Melhora na absor\u00e7\u00e3o intestinal de vitaminas e minerais.<\/li>\n\n\n\n<li>Estabiliza\u00e7\u00e3o dos n\u00edveis de glicose na corrente sangu\u00ednea.<\/li>\n\n\n\n<li>Aumento da motiva\u00e7\u00e3o para concluir os projetos da tarde.<\/li>\n<\/ul>\n\n\n\n<h2 class=\"wp-block-heading\">Como o foco mental \u00e9 afetado pelo movimento?<\/h2>\n\n\n\n<p>A oxigena\u00e7\u00e3o cerebral aumenta consideravelmente quando o indiv\u00edduo se retira do ambiente de trabalho para uma breve caminhada ao ar livre. Esse distanciamento moment\u00e2neo permite que o c\u00e9rebro processe informa\u00e7\u00f5es com maior agilidade e criatividade ao retornar \u00e0s atividades. A sensa\u00e7\u00e3o de renova\u00e7\u00e3o mental \u00e9 fundamental para evitar o bloqueio criativo e o estresse acumulado durante as horas.<\/p>\n\n\n\n<p>Manter o corpo ativo auxilia na manuten\u00e7\u00e3o da aten\u00e7\u00e3o sustentada, que \u00e9 essencial para realizar tarefas que exigem precis\u00e3o. Quando o a\u00e7\u00facar no sangue permanece est\u00e1vel, a irritabilidade diminui e a paci\u00eancia para lidar com desafios aumenta gradualmente. Esse equil\u00edbrio emocional \u00e9 um diferencial importante para quem deseja construir uma carreira s\u00f3lida e saud\u00e1vel em qualquer \u00e1rea profissional.<\/p>\n\n\n\n<figure class=\"wp-block-image size-full\"><img decoding=\"async\" width=\"1280\" height=\"720\" src=\"https:\/\/www.correiobraziliense.com.br\/cbradar\/wp-content\/uploads\/2026\/04\/Gemini_Generated_Image_czpnd9czpnd9czpn-1-1-1.png\" alt=\"Pessoas que caminham ap\u00f3s o almo\u00e7o tendem a controlar melhor os picos de sonol\u00eancia e manter mais disposi\u00e7\u00e3o ao longo da tarde\" class=\"wp-image-233181\" srcset=\"https:\/\/www.correiobraziliense.com.br\/cbradar\/wp-content\/uploads\/2026\/04\/Gemini_Generated_Image_czpnd9czpnd9czpn-1-1-1.png 1280w, https:\/\/www.correiobraziliense.com.br\/cbradar\/wp-content\/uploads\/2026\/04\/Gemini_Generated_Image_czpnd9czpnd9czpn-1-1-1-300x169.png 300w, https:\/\/www.correiobraziliense.com.br\/cbradar\/wp-content\/uploads\/2026\/04\/Gemini_Generated_Image_czpnd9czpnd9czpn-1-1-1-768x432.png 768w, https:\/\/www.correiobraziliense.com.br\/cbradar\/wp-content\/uploads\/2026\/04\/Gemini_Generated_Image_czpnd9czpnd9czpn-1-1-1-750x422.png 750w, https:\/\/www.correiobraziliense.com.br\/cbradar\/wp-content\/uploads\/2026\/04\/Gemini_Generated_Image_czpnd9czpnd9czpn-1-1-1-1140x641.png 1140w\" sizes=\"(max-width: 1280px) 100vw, 1280px\" \/><figcaption class=\"wp-element-caption\">Caminhar ap\u00f3s refei\u00e7\u00f5es melhora digest\u00e3o, energia e foco ao longo do dia<\/figcaption><\/figure>\n\n\n\n<p>Leia tamb\u00e9m: <a href=\"https:\/\/www.correiobraziliense.com.br\/cbradar\/os-carboidratos-que-muita-gente-evita-mas-que-podem-fazer-parte-de-uma-dieta-saudavel\/\" target=\"_blank\" rel=\"noreferrer noopener\">Os carboidratos que muita gente evita, mas que podem fazer parte de uma dieta saud\u00e1vel<\/a><\/p>\n\n\n\n<h2 class=\"wp-block-heading\">Onde encontrar orienta\u00e7\u00f5es seguras sobre h\u00e1bitos saud\u00e1veis?<\/h2>\n\n\n\n<p>Buscar informa\u00e7\u00f5es em fontes de alta autoridade cient\u00edfica \u00e9 o passo inicial para quem deseja transformar o estilo de vida de forma consciente. Existem diretrizes globais que explicam como pequenos ajustes na rotina podem prevenir doen\u00e7as cr\u00f4nicas e melhorar a qualidade do sono noturno. Estar bem informado garante que as escolhas feitas no dia a dia sejam realmente proveitosas.<\/p>\n\n\n\n<p>Para compreender as bases biol\u00f3gicas que sustentam esses benef\u00edcios, consultar o portal da<a href=\"https:\/\/www.nih.gov\/health-information\"> <strong>National Institutes of Health<\/strong><\/a> oferece um embasamento t\u00e9cnico e rigoroso. Seguir par\u00e2metros estabelecidos por especialistas internacionais ajuda a manter o foco em pr\u00e1ticas que promovem a longevidade. Cuidar da sa\u00fade f\u00edsica \u00e9 a base para uma trajet\u00f3ria repleta de realiza\u00e7\u00f5es e felicidades.<\/p>\n","protected":false},"excerpt":{"rendered":"<p>Muitas pessoas sentem uma queda brusca de energia logo ap\u00f3s as refei\u00e7\u00f5es principais, o que dificulta a concentra\u00e7\u00e3o nas tarefas pendentes. Realizar uma caminhada leve nesse per\u00edodo ajuda o organismo a processar os nutrientes de forma mais eficiente e equilibrada. Esse h\u00e1bito simples transforma a rotina, proporcionando maior clareza mental e vitalidade para enfrentar o [&hellip;]<\/p>\n","protected":false},"author":21,"featured_media":233177,"comment_status":"open","ping_status":"open","sticky":false,"template":"","format":"standard","meta":{"_yoast_wpseo_focuskw":"caminhar ap\u00f3s refei\u00e7\u00f5es","_yoast_wpseo_title":"","_yoast_wpseo_metadesc":"Caminhar ap\u00f3s as refei\u00e7\u00f5es pode melhorar digest\u00e3o, energia e foco ao longo do dia com um h\u00e1bito simples e acess\u00edvel","jnews-multi-image_gallery":[],"jnews_single_post":{"format":"standard"},"jnews_primary_category":[],"jnews_social_meta":[],"jnews_override_counter":[],"footnotes":""},"categories":[119],"post_tag":[],"class_list":["post-233170","post","type-post","status-publish","format-standard","has-post-thumbnail","hentry","category-bem-estar"],"yoast_head":"<!-- This site is optimized with the Yoast SEO plugin v24.6 - https:\/\/yoast.com\/wordpress\/plugins\/seo\/ -->\n<title>Pessoas que caminham ap\u00f3s o almo\u00e7o tendem a controlar melhor os picos de sonol\u00eancia e manter mais disposi\u00e7\u00e3o ao longo da tarde - Correio Braziliense - Radar<\/title>\n<meta name=\"description\" content=\"Caminhar ap\u00f3s as refei\u00e7\u00f5es pode melhorar digest\u00e3o, energia e foco ao longo do dia com um h\u00e1bito simples e acess\u00edvel\" \/>\n<meta name=\"robots\" content=\"index, follow, max-snippet:-1, max-image-preview:large, max-video-preview:-1\" \/>\n<link rel=\"canonical\" href=\"https:\/\/www.correiobraziliense.com.br\/cbradar\/pessoas-que-caminham-apos-o-almoco-tendem-a-controlar-melhor-os-picos-de-sonolencia-e-manter-mais-disposicao-ao-longo-da-tarde\/\" \/>\n<meta property=\"og:locale\" content=\"pt_BR\" \/>\n<meta property=\"og:type\" content=\"article\" \/>\n<meta property=\"og:title\" content=\"Pessoas que caminham ap\u00f3s o almo\u00e7o tendem a controlar melhor os picos de sonol\u00eancia e manter mais disposi\u00e7\u00e3o ao longo da tarde - Correio Braziliense - Radar\" \/>\n<meta property=\"og:description\" content=\"Caminhar ap\u00f3s as refei\u00e7\u00f5es pode melhorar digest\u00e3o, energia e foco ao longo do dia com um h\u00e1bito simples e acess\u00edvel\" \/>\n<meta property=\"og:url\" content=\"https:\/\/www.correiobraziliense.com.br\/cbradar\/pessoas-que-caminham-apos-o-almoco-tendem-a-controlar-melhor-os-picos-de-sonolencia-e-manter-mais-disposicao-ao-longo-da-tarde\/\" \/>\n<meta property=\"og:site_name\" content=\"Correio Braziliense - Radar\" \/>\n<meta property=\"article:published_time\" content=\"2026-04-29T00:25:00+00:00\" \/>\n<meta property=\"og:image\" content=\"https:\/\/www.correiobraziliense.com.br\/cbradar\/wp-content\/uploads\/2026\/04\/Gemini_Generated_Image_b17672b17672b176-1-1.png\" \/>\n\t<meta property=\"og:image:width\" content=\"1280\" \/>\n\t<meta property=\"og:image:height\" content=\"720\" \/>\n\t<meta property=\"og:image:type\" content=\"image\/png\" \/>\n<meta name=\"author\" content=\"Patrick Silva\" \/>\n<meta name=\"twitter:card\" content=\"summary_large_image\" \/>\n<meta name=\"twitter:label1\" content=\"Escrito por\" \/>\n\t<meta name=\"twitter:data1\" content=\"Patrick Silva\" \/>\n\t<meta name=\"twitter:label2\" content=\"Est. tempo de leitura\" \/>\n\t<meta name=\"twitter:data2\" content=\"5 minutos\" \/>\n<!-- \/ Yoast SEO plugin. -->","yoast_head_json":{"title":"Pessoas que caminham ap\u00f3s o almo\u00e7o tendem a controlar melhor os picos de sonol\u00eancia e manter mais disposi\u00e7\u00e3o ao longo da tarde - Correio Braziliense - Radar","description":"Caminhar ap\u00f3s as refei\u00e7\u00f5es pode melhorar digest\u00e3o, energia e foco ao longo do dia com um h\u00e1bito simples e acess\u00edvel","robots":{"index":"index","follow":"follow","max-snippet":"max-snippet:-1","max-image-preview":"max-image-preview:large","max-video-preview":"max-video-preview:-1"},"canonical":"https:\/\/www.correiobraziliense.com.br\/cbradar\/pessoas-que-caminham-apos-o-almoco-tendem-a-controlar-melhor-os-picos-de-sonolencia-e-manter-mais-disposicao-ao-longo-da-tarde\/","og_locale":"pt_BR","og_type":"article","og_title":"Pessoas que caminham ap\u00f3s o almo\u00e7o tendem a controlar melhor os picos de sonol\u00eancia e manter mais disposi\u00e7\u00e3o ao longo da tarde - Correio Braziliense - Radar","og_description":"Caminhar ap\u00f3s as refei\u00e7\u00f5es pode melhorar digest\u00e3o, energia e foco ao longo do dia com um h\u00e1bito simples e acess\u00edvel","og_url":"https:\/\/www.correiobraziliense.com.br\/cbradar\/pessoas-que-caminham-apos-o-almoco-tendem-a-controlar-melhor-os-picos-de-sonolencia-e-manter-mais-disposicao-ao-longo-da-tarde\/","og_site_name":"Correio Braziliense - Radar","article_published_time":"2026-04-29T00:25:00+00:00","og_image":[{"width":1280,"height":720,"url":"https:\/\/www.correiobraziliense.com.br\/cbradar\/wp-content\/uploads\/2026\/04\/Gemini_Generated_Image_b17672b17672b176-1-1.png","type":"image\/png"}],"author":"Patrick Silva","twitter_card":"summary_large_image","twitter_misc":{"Escrito por":"Patrick Silva","Est. tempo de leitura":"5 minutos"},"schema":{"@context":"https:\/\/schema.org","@graph":[{"@type":"WebPage","@id":"https:\/\/www.correiobraziliense.com.br\/cbradar\/pessoas-que-caminham-apos-o-almoco-tendem-a-controlar-melhor-os-picos-de-sonolencia-e-manter-mais-disposicao-ao-longo-da-tarde\/","url":"https:\/\/www.correiobraziliense.com.br\/cbradar\/pessoas-que-caminham-apos-o-almoco-tendem-a-controlar-melhor-os-picos-de-sonolencia-e-manter-mais-disposicao-ao-longo-da-tarde\/","name":"Pessoas que caminham ap\u00f3s o almo\u00e7o tendem a controlar melhor os picos de sonol\u00eancia e manter mais disposi\u00e7\u00e3o ao longo da tarde - Correio Braziliense - Radar","isPartOf":{"@id":"https:\/\/www.correiobraziliense.com.br\/cbradar\/#website"},"primaryImageOfPage":{"@id":"https:\/\/www.correiobraziliense.com.br\/cbradar\/pessoas-que-caminham-apos-o-almoco-tendem-a-controlar-melhor-os-picos-de-sonolencia-e-manter-mais-disposicao-ao-longo-da-tarde\/#primaryimage"},"image":{"@id":"https:\/\/www.correiobraziliense.com.br\/cbradar\/pessoas-que-caminham-apos-o-almoco-tendem-a-controlar-melhor-os-picos-de-sonolencia-e-manter-mais-disposicao-ao-longo-da-tarde\/#primaryimage"},"thumbnailUrl":"https:\/\/www.correiobraziliense.com.br\/cbradar\/wp-content\/uploads\/2026\/04\/Gemini_Generated_Image_b17672b17672b176-1-1.png","datePublished":"2026-04-29T00:25:00+00:00","author":{"@id":"https:\/\/www.correiobraziliense.com.br\/cbradar\/#\/schema\/person\/5440b72be9c7eb74f446c846479dc4da"},"description":"Caminhar ap\u00f3s as refei\u00e7\u00f5es pode melhorar digest\u00e3o, energia e foco ao longo do dia com um h\u00e1bito simples e acess\u00edvel","breadcrumb":{"@id":"https:\/\/www.correiobraziliense.com.br\/cbradar\/pessoas-que-caminham-apos-o-almoco-tendem-a-controlar-melhor-os-picos-de-sonolencia-e-manter-mais-disposicao-ao-longo-da-tarde\/#breadcrumb"},"inLanguage":"pt-BR","potentialAction":[{"@type":"ReadAction","target":["https:\/\/www.correiobraziliense.com.br\/cbradar\/pessoas-que-caminham-apos-o-almoco-tendem-a-controlar-melhor-os-picos-de-sonolencia-e-manter-mais-disposicao-ao-longo-da-tarde\/"]}]},{"@type":"ImageObject","inLanguage":"pt-BR","@id":"https:\/\/www.correiobraziliense.com.br\/cbradar\/pessoas-que-caminham-apos-o-almoco-tendem-a-controlar-melhor-os-picos-de-sonolencia-e-manter-mais-disposicao-ao-longo-da-tarde\/#primaryimage","url":"https:\/\/www.correiobraziliense.com.br\/cbradar\/wp-content\/uploads\/2026\/04\/Gemini_Generated_Image_b17672b17672b176-1-1.png","contentUrl":"https:\/\/www.correiobraziliense.com.br\/cbradar\/wp-content\/uploads\/2026\/04\/Gemini_Generated_Image_b17672b17672b176-1-1.png","width":1280,"height":720,"caption":"Caminhar ap\u00f3s refei\u00e7\u00f5es melhora digest\u00e3o, energia e foco ao longo do dia"},{"@type":"BreadcrumbList","@id":"https:\/\/www.correiobraziliense.com.br\/cbradar\/pessoas-que-caminham-apos-o-almoco-tendem-a-controlar-melhor-os-picos-de-sonolencia-e-manter-mais-disposicao-ao-longo-da-tarde\/#breadcrumb","itemListElement":[{"@type":"ListItem","position":1,"name":"In\u00edcio","item":"https:\/\/www.correiobraziliense.com.br\/cbradar\/"},{"@type":"ListItem","position":2,"name":"Pessoas que caminham ap\u00f3s o almo\u00e7o tendem a controlar melhor os picos de sonol\u00eancia e manter mais disposi\u00e7\u00e3o ao longo da tarde"}]},{"@type":"WebSite","@id":"https:\/\/www.correiobraziliense.com.br\/cbradar\/#website","url":"https:\/\/www.correiobraziliense.com.br\/cbradar\/","name":"Correio Braziliense - Radar","description":"Acompanhe as \u00faltimas not\u00edcias e fique bem informado sobre tudo o que acontece no Brasil e no mundo.","potentialAction":[{"@type":"SearchAction","target":{"@type":"EntryPoint","urlTemplate":"https:\/\/www.correiobraziliense.com.br\/cbradar\/?s={search_term_string}"},"query-input":{"@type":"PropertyValueSpecification","valueRequired":true,"valueName":"search_term_string"}}],"inLanguage":"pt-BR"},{"@type":"Person","@id":"https:\/\/www.correiobraziliense.com.br\/cbradar\/#\/schema\/person\/5440b72be9c7eb74f446c846479dc4da","name":"Patrick Silva","image":{"@type":"ImageObject","inLanguage":"pt-BR","@id":"https:\/\/www.correiobraziliense.com.br\/cbradar\/#\/schema\/person\/image\/","url":"https:\/\/secure.gravatar.com\/avatar\/944109df296fc087785c9715fd5f80b2?s=96&d=mm&r=g","contentUrl":"https:\/\/secure.gravatar.com\/avatar\/944109df296fc087785c9715fd5f80b2?s=96&d=mm&r=g","caption":"Patrick Silva"},"sameAs":["https:\/\/www.correiobraziliense.com.br\/cbradar\/"],"url":"https:\/\/www.correiobraziliense.com.br\/cbradar\/author\/patrick-silva\/"}]}},"_links":{"self":[{"href":"https:\/\/www.correiobraziliense.com.br\/cbradar\/wp-json\/wp\/v2\/posts\/233170","targetHints":{"allow":["GET"]}}],"collection":[{"href":"https:\/\/www.correiobraziliense.com.br\/cbradar\/wp-json\/wp\/v2\/posts"}],"about":[{"href":"https:\/\/www.correiobraziliense.com.br\/cbradar\/wp-json\/wp\/v2\/types\/post"}],"author":[{"embeddable":true,"href":"https:\/\/www.correiobraziliense.com.br\/cbradar\/wp-json\/wp\/v2\/users\/21"}],"replies":[{"embeddable":true,"href":"https:\/\/www.correiobraziliense.com.br\/cbradar\/wp-json\/wp\/v2\/comments?post=233170"}],"version-history":[{"count":1,"href":"https:\/\/www.correiobraziliense.com.br\/cbradar\/wp-json\/wp\/v2\/posts\/233170\/revisions"}],"predecessor-version":[{"id":233182,"href":"https:\/\/www.correiobraziliense.com.br\/cbradar\/wp-json\/wp\/v2\/posts\/233170\/revisions\/233182"}],"wp:featuredmedia":[{"embeddable":true,"href":"https:\/\/www.correiobraziliense.com.br\/cbradar\/wp-json\/wp\/v2\/media\/233177"}],"wp:attachment":[{"href":"https:\/\/www.correiobraziliense.com.br\/cbradar\/wp-json\/wp\/v2\/media?parent=233170"}],"wp:term":[{"taxonomy":"category","embeddable":true,"href":"https:\/\/www.correiobraziliense.com.br\/cbradar\/wp-json\/wp\/v2\/categories?post=233170"},{"taxonomy":"post_tag","embeddable":true,"href":"https:\/\/www.correiobraziliense.com.br\/cbradar\/wp-json\/wp\/v2\/post_tag?post=233170"}],"curies":[{"name":"wp","href":"https:\/\/api.w.org\/{rel}","templated":true}]}}