{"id":23318,"date":"2025-04-15T11:10:09","date_gmt":"2025-04-15T14:10:09","guid":{"rendered":"https:\/\/www.correiobraziliense.com.br\/cbradar\/?p=23318"},"modified":"2025-04-14T13:30:18","modified_gmt":"2025-04-14T16:30:18","slug":"aprenda-a-plantar-alimentos-verdes-e-ganhe-mais-energia-e-disposicao","status":"publish","type":"post","link":"https:\/\/www.correiobraziliense.com.br\/cbradar\/aprenda-a-plantar-alimentos-verdes-e-ganhe-mais-energia-e-disposicao\/","title":{"rendered":"Aprenda a plantar alimentos verdes e ganhe mais energia e disposi\u00e7\u00e3o"},"content":{"rendered":"\n<p>Cansa\u00e7o frequente, falta de concentra\u00e7\u00e3o e des\u00e2nimo podem ter liga\u00e7\u00e3o direta com o que voc\u00ea come no dia a dia. A boa not\u00edcia \u00e9 que muitos <strong>alimentos verdes naturais<\/strong> s\u00e3o fontes riqu\u00edssimas de nutrientes que ajudam a melhorar a <strong>energia, disposi\u00e7\u00e3o e o foco mental<\/strong>.<\/p>\n\n\n\n<p>E o melhor? Boa parte desses alimentos pode ser <strong>plantada em casa<\/strong>, seja em vasos, hortas verticais ou pequenos espa\u00e7os. A seguir, conhe\u00e7a os principais alimentos verdes energizantes e como <a href=\"https:\/\/www.correiobraziliense.com.br\/cbradar\/como-cultivar-feijao-em-casa-de-forma-facil-e-rapida\/\" target=\"_blank\" rel=\"noreferrer noopener\">cultiv\u00e1-los<\/a> com facilidade.<\/p>\n\n\n\n<h2 class=\"wp-block-heading\">1. Couve<\/h2>\n\n\n\n<p>Rica em <strong>ferro, magn\u00e9sio, vitamina C e clorofila<\/strong>, a couve \u00e9 considerada um superalimento. A clorofila ajuda na oxigena\u00e7\u00e3o do sangue, promovendo mais energia e vigor f\u00edsico.<\/p>\n\n\n\n<h3 class=\"wp-block-heading\">Como plantar:<\/h3>\n\n\n\n<ul class=\"wp-block-list\">\n<li>Cultive em vasos fundos com pelo menos 30 cm.<\/li>\n\n\n\n<li>Gosta de sol direto e regas regulares.<\/li>\n\n\n\n<li>Pode ser colhida folha por folha.<\/li>\n<\/ul>\n\n\n\n<h2 class=\"wp-block-heading\">2. Espinafre<\/h2>\n\n\n\n<p>Fonte natural de <strong>ferro, \u00e1cido f\u00f3lico e vitaminas do complexo B<\/strong>, o espinafre combate a fadiga e melhora a resist\u00eancia f\u00edsica e mental.<\/p>\n\n\n\n<h3 class=\"wp-block-heading\">Como plantar:<\/h3>\n\n\n\n<ul class=\"wp-block-list\">\n<li>Prefere clima ameno e meia sombra.<\/li>\n\n\n\n<li>Vasos com 20 cm j\u00e1 s\u00e3o suficientes.<\/li>\n\n\n\n<li>Cresce r\u00e1pido e pode ser colhido em cerca de 45 dias.<\/li>\n<\/ul>\n\n\n\n<h2 class=\"wp-block-heading\">3. Br\u00f3colis<\/h2>\n\n\n\n<p>O br\u00f3colis \u00e9 rico em <strong>vitamina C, fibras e antioxidantes<\/strong>, que ajudam na produ\u00e7\u00e3o de energia celular e na melhora do sistema imunol\u00f3gico.<\/p>\n\n\n\n<h3 class=\"wp-block-heading\">Como plantar:<\/h3>\n\n\n\n<ul class=\"wp-block-list\">\n<li>Pode ser cultivado em vasos fundos e largos.<\/li>\n\n\n\n<li>Gosta de clima mais fresco e sol direto.<\/li>\n\n\n\n<li>A colheita ocorre entre 60 e 90 dias ap\u00f3s o plantio.<\/li>\n<\/ul>\n\n\n<div class=\"wp-block-image\">\n<figure class=\"aligncenter size-large\"><img decoding=\"async\" width=\"1024\" height=\"576\" src=\"https:\/\/www.correiobraziliense.com.br\/cbradar\/wp-content\/uploads\/2025\/04\/brocolis_1743484986872-1024x576.jpg\" alt=\"\" class=\"wp-image-17699\" srcset=\"https:\/\/www.correiobraziliense.com.br\/cbradar\/wp-content\/uploads\/2025\/04\/brocolis_1743484986872-1024x576.jpg 1024w, https:\/\/www.correiobraziliense.com.br\/cbradar\/wp-content\/uploads\/2025\/04\/brocolis_1743484986872-300x169.jpg 300w, https:\/\/www.correiobraziliense.com.br\/cbradar\/wp-content\/uploads\/2025\/04\/brocolis_1743484986872-768x432.jpg 768w, https:\/\/www.correiobraziliense.com.br\/cbradar\/wp-content\/uploads\/2025\/04\/brocolis_1743484986872-750x422.jpg 750w, https:\/\/www.correiobraziliense.com.br\/cbradar\/wp-content\/uploads\/2025\/04\/brocolis_1743484986872-1140x641.jpg 1140w, https:\/\/www.correiobraziliense.com.br\/cbradar\/wp-content\/uploads\/2025\/04\/brocolis_1743484986872.jpg 1280w\" sizes=\"(max-width: 1024px) 100vw, 1024px\" \/><figcaption class=\"wp-element-caption\">Br\u00f3colis &#8211; Cr\u00e9ditos: depositphotos.com \/ gresey<\/figcaption><\/figure><\/div>\n\n\n<h2 class=\"wp-block-heading\">4. R\u00facula<\/h2>\n\n\n\n<p>Com alto teor de <strong>clorofila, pot\u00e1ssio e vitamina K<\/strong>, a r\u00facula ajuda a regular a press\u00e3o e melhora a oxigena\u00e7\u00e3o do c\u00e9rebro, promovendo mais disposi\u00e7\u00e3o.<\/p>\n\n\n\n<h3 class=\"wp-block-heading\">Como plantar:<\/h3>\n\n\n\n<ul class=\"wp-block-list\">\n<li>F\u00e1cil de cultivar em vasos e jardineiras.<\/li>\n\n\n\n<li>Gosta de sol ou meia sombra e regas frequentes.<\/li>\n\n\n\n<li>Colheita r\u00e1pida, com cerca de 30 dias.<\/li>\n<\/ul>\n\n\n\n<h2 class=\"wp-block-heading\">5. Abacate<\/h2>\n\n\n\n<p>Embora o fruto seja verde por fora, a polpa cremosa \u00e9 rica em <strong>gorduras boas, pot\u00e1ssio e magn\u00e9sio<\/strong>, que ajudam a manter n\u00edveis constantes de energia e melhorar o humor.<\/p>\n\n\n\n<h3 class=\"wp-block-heading\">Como plantar:<\/h3>\n\n\n\n<ul class=\"wp-block-list\">\n<li>Pode ser cultivado em vasos grandes ou no solo.<\/li>\n\n\n\n<li>Demora para frutificar, mas vale a pena como planta decorativa e funcional.<\/li>\n\n\n\n<li>Exige sol pleno e espa\u00e7o para crescer.<\/li>\n<\/ul>\n\n\n\n<h2 class=\"wp-block-heading\">6. Pepino<\/h2>\n\n\n\n<p>Composto por mais de 90% de \u00e1gua, o pepino \u00e9 hidratante e desintoxicante. Rico em <strong>vitamina B5<\/strong>, ajuda a combater o estresse e o cansa\u00e7o mental.<\/p>\n\n\n\n<h3 class=\"wp-block-heading\">Como plantar:<\/h3>\n\n\n\n<ul class=\"wp-block-list\">\n<li>Pode ser cultivado em vasos fundos ou jardineiras com tutor.<\/li>\n\n\n\n<li>Sol direto e solo sempre \u00famido.<\/li>\n\n\n\n<li>Produ\u00e7\u00e3o r\u00e1pida em cerca de 60 dias.<\/li>\n<\/ul>\n\n\n\n<h2 class=\"wp-block-heading\">Dicas para turbinar sua horta energ\u00e9tica<\/h2>\n\n\n\n<ul class=\"wp-block-list\">\n<li><strong>Adube a terra<\/strong> com composto org\u00e2nico ou h\u00famus de minhoca.<\/li>\n\n\n\n<li>Use <strong>vasos com boa drenagem<\/strong> para evitar o apodrecimento das ra\u00edzes.<\/li>\n\n\n\n<li>Plante em locais que recebam pelo menos 4 a 6 horas de luz por dia.<\/li>\n\n\n\n<li>Fa\u00e7a rota\u00e7\u00f5es e replantios a cada ciclo para manter o solo f\u00e9rtil.<\/li>\n<\/ul>\n\n\n\n<h2 class=\"wp-block-heading\">Como incluir esses alimentos no dia a dia<\/h2>\n\n\n\n<ul class=\"wp-block-list\">\n<li><strong>Sucos verdes energ\u00e9ticos<\/strong> com couve, espinafre ou pepino.<\/li>\n\n\n\n<li><strong>Saladas frescas<\/strong> com r\u00facula, espinafre e br\u00f3colis levemente cozido.<\/li>\n\n\n\n<li><strong>Torradas com pasta de abacate<\/strong> para come\u00e7ar o dia com energia.<\/li>\n\n\n\n<li><strong>Chips assados de couve<\/strong> para lanches saud\u00e1veis.<\/li>\n<\/ul>\n","protected":false},"excerpt":{"rendered":"<p>Cansa\u00e7o frequente, falta de concentra\u00e7\u00e3o e des\u00e2nimo podem ter liga\u00e7\u00e3o direta com o que voc\u00ea come no dia a dia. A boa not\u00edcia \u00e9 que muitos alimentos verdes naturais s\u00e3o fontes riqu\u00edssimas de nutrientes que ajudam a melhorar a energia, disposi\u00e7\u00e3o e o foco mental. E o melhor? Boa parte desses alimentos pode ser plantada [&hellip;]<\/p>\n","protected":false},"author":9,"featured_media":17518,"comment_status":"open","ping_status":"open","sticky":false,"template":"","format":"standard","meta":{"_yoast_wpseo_focuskw":"alimentos verdes","_yoast_wpseo_title":"%%title%% %%page%%","_yoast_wpseo_metadesc":"Conhe\u00e7a alimentos verdes que combatem o cansa\u00e7o e veja como plantar cada um em casa para ter mais energia no dia a dia.","jnews-multi-image_gallery":[],"jnews_single_post":{"format":"standard"},"jnews_primary_category":[],"jnews_social_meta":[],"jnews_override_counter":[],"footnotes":""},"categories":[136],"post_tag":[3328,266,3329,3330],"class_list":["post-23318","post","type-post","status-publish","format-standard","has-post-thumbnail","hentry","category-jardinagem","tag-alimentos-verdes","tag-horta-caseira","tag-mais-energia-natural","tag-plantas-energizantes"],"yoast_head":"<!-- This site is optimized with the Yoast SEO plugin v24.6 - https:\/\/yoast.com\/wordpress\/plugins\/seo\/ -->\n<title>Aprenda a plantar alimentos verdes e ganhe mais energia e disposi\u00e7\u00e3o<\/title>\n<meta name=\"description\" content=\"Conhe\u00e7a alimentos verdes que combatem o cansa\u00e7o e veja como plantar cada um em casa para ter mais energia no dia a dia.\" \/>\n<meta name=\"robots\" content=\"index, follow, max-snippet:-1, max-image-preview:large, max-video-preview:-1\" \/>\n<link rel=\"canonical\" href=\"https:\/\/www.correiobraziliense.com.br\/cbradar\/aprenda-a-plantar-alimentos-verdes-e-ganhe-mais-energia-e-disposicao\/\" \/>\n<meta property=\"og:locale\" content=\"pt_BR\" \/>\n<meta property=\"og:type\" content=\"article\" \/>\n<meta property=\"og:title\" content=\"Aprenda a plantar alimentos verdes e ganhe mais energia e disposi\u00e7\u00e3o\" \/>\n<meta property=\"og:description\" content=\"Conhe\u00e7a alimentos verdes que combatem o cansa\u00e7o e veja como plantar cada um em casa para ter mais energia no dia a dia.\" \/>\n<meta property=\"og:url\" content=\"https:\/\/www.correiobraziliense.com.br\/cbradar\/aprenda-a-plantar-alimentos-verdes-e-ganhe-mais-energia-e-disposicao\/\" \/>\n<meta property=\"og:site_name\" content=\"Correio Braziliense - Radar\" \/>\n<meta property=\"article:published_time\" content=\"2025-04-15T14:10:09+00:00\" \/>\n<meta property=\"og:image\" content=\"https:\/\/www.correiobraziliense.com.br\/cbradar\/wp-content\/uploads\/2025\/03\/couve-planta_1743445190183.jpg\" \/>\n\t<meta property=\"og:image:width\" content=\"1280\" \/>\n\t<meta property=\"og:image:height\" content=\"720\" \/>\n\t<meta property=\"og:image:type\" content=\"image\/jpeg\" \/>\n<meta name=\"author\" content=\"Daniely Cardoso\" \/>\n<meta name=\"twitter:card\" content=\"summary_large_image\" \/>\n<meta name=\"twitter:label1\" content=\"Escrito por\" \/>\n\t<meta name=\"twitter:data1\" content=\"Daniely Cardoso\" \/>\n\t<meta name=\"twitter:label2\" content=\"Est. tempo de leitura\" \/>\n\t<meta name=\"twitter:data2\" content=\"4 minutos\" \/>\n<!-- \/ Yoast SEO plugin. -->","yoast_head_json":{"title":"Aprenda a plantar alimentos verdes e ganhe mais energia e disposi\u00e7\u00e3o","description":"Conhe\u00e7a alimentos verdes que combatem o cansa\u00e7o e veja como plantar cada um em casa para ter mais energia no dia a dia.","robots":{"index":"index","follow":"follow","max-snippet":"max-snippet:-1","max-image-preview":"max-image-preview:large","max-video-preview":"max-video-preview:-1"},"canonical":"https:\/\/www.correiobraziliense.com.br\/cbradar\/aprenda-a-plantar-alimentos-verdes-e-ganhe-mais-energia-e-disposicao\/","og_locale":"pt_BR","og_type":"article","og_title":"Aprenda a plantar alimentos verdes e ganhe mais energia e disposi\u00e7\u00e3o","og_description":"Conhe\u00e7a alimentos verdes que combatem o cansa\u00e7o e veja como plantar cada um em casa para ter mais energia no dia a dia.","og_url":"https:\/\/www.correiobraziliense.com.br\/cbradar\/aprenda-a-plantar-alimentos-verdes-e-ganhe-mais-energia-e-disposicao\/","og_site_name":"Correio Braziliense - Radar","article_published_time":"2025-04-15T14:10:09+00:00","og_image":[{"width":1280,"height":720,"url":"https:\/\/www.correiobraziliense.com.br\/cbradar\/wp-content\/uploads\/2025\/03\/couve-planta_1743445190183.jpg","type":"image\/jpeg"}],"author":"Daniely Cardoso","twitter_card":"summary_large_image","twitter_misc":{"Escrito por":"Daniely Cardoso","Est. tempo de leitura":"4 minutos"},"schema":{"@context":"https:\/\/schema.org","@graph":[{"@type":"WebPage","@id":"https:\/\/www.correiobraziliense.com.br\/cbradar\/aprenda-a-plantar-alimentos-verdes-e-ganhe-mais-energia-e-disposicao\/","url":"https:\/\/www.correiobraziliense.com.br\/cbradar\/aprenda-a-plantar-alimentos-verdes-e-ganhe-mais-energia-e-disposicao\/","name":"Aprenda a plantar alimentos verdes e ganhe mais energia e disposi\u00e7\u00e3o","isPartOf":{"@id":"https:\/\/www.correiobraziliense.com.br\/cbradar\/#website"},"primaryImageOfPage":{"@id":"https:\/\/www.correiobraziliense.com.br\/cbradar\/aprenda-a-plantar-alimentos-verdes-e-ganhe-mais-energia-e-disposicao\/#primaryimage"},"image":{"@id":"https:\/\/www.correiobraziliense.com.br\/cbradar\/aprenda-a-plantar-alimentos-verdes-e-ganhe-mais-energia-e-disposicao\/#primaryimage"},"thumbnailUrl":"https:\/\/www.correiobraziliense.com.br\/cbradar\/wp-content\/uploads\/2025\/03\/couve-planta_1743445190183.jpg","datePublished":"2025-04-15T14:10:09+00:00","author":{"@id":"https:\/\/www.correiobraziliense.com.br\/cbradar\/#\/schema\/person\/7356666e12ec0ee53f348ee5db227032"},"description":"Conhe\u00e7a alimentos verdes que combatem o cansa\u00e7o e veja como plantar cada um em casa para ter mais energia no dia a dia.","breadcrumb":{"@id":"https:\/\/www.correiobraziliense.com.br\/cbradar\/aprenda-a-plantar-alimentos-verdes-e-ganhe-mais-energia-e-disposicao\/#breadcrumb"},"inLanguage":"pt-BR","potentialAction":[{"@type":"ReadAction","target":["https:\/\/www.correiobraziliense.com.br\/cbradar\/aprenda-a-plantar-alimentos-verdes-e-ganhe-mais-energia-e-disposicao\/"]}]},{"@type":"ImageObject","inLanguage":"pt-BR","@id":"https:\/\/www.correiobraziliense.com.br\/cbradar\/aprenda-a-plantar-alimentos-verdes-e-ganhe-mais-energia-e-disposicao\/#primaryimage","url":"https:\/\/www.correiobraziliense.com.br\/cbradar\/wp-content\/uploads\/2025\/03\/couve-planta_1743445190183.jpg","contentUrl":"https:\/\/www.correiobraziliense.com.br\/cbradar\/wp-content\/uploads\/2025\/03\/couve-planta_1743445190183.jpg","width":1280,"height":720,"caption":"Uma das hortali\u00e7as mais utilizadas na alimenta\u00e7\u00e3o brasileira - Cr\u00e9ditos: depositphotos.com \/ mvg68"},{"@type":"BreadcrumbList","@id":"https:\/\/www.correiobraziliense.com.br\/cbradar\/aprenda-a-plantar-alimentos-verdes-e-ganhe-mais-energia-e-disposicao\/#breadcrumb","itemListElement":[{"@type":"ListItem","position":1,"name":"In\u00edcio","item":"https:\/\/www.correiobraziliense.com.br\/cbradar\/"},{"@type":"ListItem","position":2,"name":"Aprenda a plantar alimentos verdes e ganhe mais energia e disposi\u00e7\u00e3o"}]},{"@type":"WebSite","@id":"https:\/\/www.correiobraziliense.com.br\/cbradar\/#website","url":"https:\/\/www.correiobraziliense.com.br\/cbradar\/","name":"Correio Braziliense - Radar","description":"Acompanhe as \u00faltimas not\u00edcias e fique bem informado sobre tudo o que acontece no Brasil e no mundo.","potentialAction":[{"@type":"SearchAction","target":{"@type":"EntryPoint","urlTemplate":"https:\/\/www.correiobraziliense.com.br\/cbradar\/?s={search_term_string}"},"query-input":{"@type":"PropertyValueSpecification","valueRequired":true,"valueName":"search_term_string"}}],"inLanguage":"pt-BR"},{"@type":"Person","@id":"https:\/\/www.correiobraziliense.com.br\/cbradar\/#\/schema\/person\/7356666e12ec0ee53f348ee5db227032","name":"Daniely Cardoso","image":{"@type":"ImageObject","inLanguage":"pt-BR","@id":"https:\/\/www.correiobraziliense.com.br\/cbradar\/#\/schema\/person\/image\/","url":"https:\/\/secure.gravatar.com\/avatar\/4b80ddbd124d1f071b626d52d62e5dff?s=96&d=mm&r=g","contentUrl":"https:\/\/secure.gravatar.com\/avatar\/4b80ddbd124d1f071b626d52d62e5dff?s=96&d=mm&r=g","caption":"Daniely Cardoso"},"description":"Redatora nos portais CB Radar e EM Foco, formada pela Universidade Federal de Goi\u00e1s, em Goi\u00e2nia. Apaixonada por comunica\u00e7\u00e3o, arte, decora\u00e7\u00e3o e tend\u00eancias, atuo na produ\u00e7\u00e3o de conte\u00fados envolventes sobre curiosidades, moda, beleza e paisagismo, sempre com um olhar atento \u00e0s novidades do momento.","sameAs":["https:\/\/www.correiobraziliense.com.br\/cbradar"],"url":"https:\/\/www.correiobraziliense.com.br\/cbradar\/author\/danielymyth\/"}]}},"_links":{"self":[{"href":"https:\/\/www.correiobraziliense.com.br\/cbradar\/wp-json\/wp\/v2\/posts\/23318","targetHints":{"allow":["GET"]}}],"collection":[{"href":"https:\/\/www.correiobraziliense.com.br\/cbradar\/wp-json\/wp\/v2\/posts"}],"about":[{"href":"https:\/\/www.correiobraziliense.com.br\/cbradar\/wp-json\/wp\/v2\/types\/post"}],"author":[{"embeddable":true,"href":"https:\/\/www.correiobraziliense.com.br\/cbradar\/wp-json\/wp\/v2\/users\/9"}],"replies":[{"embeddable":true,"href":"https:\/\/www.correiobraziliense.com.br\/cbradar\/wp-json\/wp\/v2\/comments?post=23318"}],"version-history":[{"count":3,"href":"https:\/\/www.correiobraziliense.com.br\/cbradar\/wp-json\/wp\/v2\/posts\/23318\/revisions"}],"predecessor-version":[{"id":23323,"href":"https:\/\/www.correiobraziliense.com.br\/cbradar\/wp-json\/wp\/v2\/posts\/23318\/revisions\/23323"}],"wp:featuredmedia":[{"embeddable":true,"href":"https:\/\/www.correiobraziliense.com.br\/cbradar\/wp-json\/wp\/v2\/media\/17518"}],"wp:attachment":[{"href":"https:\/\/www.correiobraziliense.com.br\/cbradar\/wp-json\/wp\/v2\/media?parent=23318"}],"wp:term":[{"taxonomy":"category","embeddable":true,"href":"https:\/\/www.correiobraziliense.com.br\/cbradar\/wp-json\/wp\/v2\/categories?post=23318"},{"taxonomy":"post_tag","embeddable":true,"href":"https:\/\/www.correiobraziliense.com.br\/cbradar\/wp-json\/wp\/v2\/post_tag?post=23318"}],"curies":[{"name":"wp","href":"https:\/\/api.w.org\/{rel}","templated":true}]}}