{"id":233214,"date":"2026-04-27T15:16:42","date_gmt":"2026-04-27T18:16:42","guid":{"rendered":"https:\/\/www.correiobraziliense.com.br\/cbradar\/?p=233214"},"modified":"2026-04-27T15:16:45","modified_gmt":"2026-04-27T18:16:45","slug":"privacao-de-sono-sedentarismo-ultraprocessados-e-isolamento-social-neurologistas-da-harvard-medical-school-da-universidade-de-stanford-e-do-einstein-apontam-esses-4-habitos-diarios-como-os-mais-pr","status":"publish","type":"post","link":"https:\/\/www.correiobraziliense.com.br\/cbradar\/privacao-de-sono-sedentarismo-ultraprocessados-e-isolamento-social-neurologistas-da-harvard-medical-school-da-universidade-de-stanford-e-do-einstein-apontam-esses-4-habitos-diarios-como-os-mais-pr\/","title":{"rendered":"Priva\u00e7\u00e3o de sono, sedentarismo, ultraprocessados e isolamento social: neurologistas da Harvard Medical School, da Universidade de Stanford e do Einstein apontam esses 4 h\u00e1bitos di\u00e1rios como os mais prejudiciais \u00e0 sa\u00fade do c\u00e9rebro \u2014 e a maioria das pessoas pratica pelo menos dois deles todo dia sem perceber"},"content":{"rendered":"\n<p><strong>O c\u00e9rebro \u00e9 o \u00f3rg\u00e3o que mais sofre com os h\u00e1bitos cotidianos \u2014 e os danos se acumulam silenciosamente por anos antes de se tornarem sintomas vis\u00edveis.<\/strong> Pesquisadores de algumas das institui\u00e7\u00f5es m\u00e9dicas mais respeitadas do mundo identificaram quatro comportamentos que a maioria das pessoas repete diariamente e que comprometem de forma mensur\u00e1vel a mem\u00f3ria, a concentra\u00e7\u00e3o, o humor e a capacidade cognitiva a longo prazo. A boa not\u00edcia, segundo os pr\u00f3prios especialistas, \u00e9 que todos os quatro s\u00e3o revers\u00edveis \u2014 mas quanto mais cedo forem corrigidos, maior o benef\u00edcio para o c\u00e9rebro.<\/p>\n\n\n\n<p>\ud83e\udde0 Os 4 h\u00e1bitos identificados pelos especialistas<\/p>\n\n\n\n<p>1. Priva\u00e7\u00e3o cr\u00f4nica de sono<br>2. Sedentarismo prolongado<br>3. Consumo frequente de ultraprocessados<br>4. Isolamento social<\/p>\n\n\n\n<h2 class=\"wp-block-heading\">1. Priva\u00e7\u00e3o cr\u00f4nica de sono: o h\u00e1bito mais destrutivo para o c\u00e9rebro<\/h2>\n\n\n\n<p>O Dr. <strong>Matthew Walker<\/strong>, neurocientista da Universidade da Calif\u00f3rnia em Berkeley e autor do livro <em>Por Que Dormimos<\/em>, afirma categoricamente: <em>&#8220;N\u00e3o existe nenhuma fun\u00e7\u00e3o biol\u00f3gica importante no corpo \u2014 ou no c\u00e9rebro \u2014 que n\u00e3o seja otimizada pelo sono ou prejudicada pela sua aus\u00eancia.&#8221;<\/em> Durante o sono, o c\u00e9rebro ativa o sistema glinf\u00e1tico \u2014 uma esp\u00e9cie de sistema de limpeza que remove prote\u00ednas t\u00f3xicas associadas ao Alzheimer, como a beta-amiloide. Dormir menos de 7 horas por noite de forma cr\u00f4nica est\u00e1 associado a d\u00e9ficit de mem\u00f3ria, redu\u00e7\u00e3o da capacidade de concentra\u00e7\u00e3o e aumento significativo do risco de dem\u00eancia a longo prazo, segundo estudos publicados na revista <em>Nature Neuroscience<\/em>.<\/p>\n\n\n\n<h2 class=\"wp-block-heading\">2. Sedentarismo: o c\u00e9rebro encolhe sem movimento<\/h2>\n\n\n\n<p>O Dr. <strong>John Ratey<\/strong>, professor de psiquiatria da <a href=\"https:\/\/www.health.harvard.edu\/mind-and-mood\/12-ways-to-keep-your-brain-young\" target=\"_blank\" rel=\"noreferrer noopener\">Harvard Medical School <\/a>e autor de <em>Spark: The Revolutionary New Science of Exercise and the Brain<\/em>, demonstrou que o exerc\u00edcio f\u00edsico \u00e9 o est\u00edmulo mais poderoso para a produ\u00e7\u00e3o de BDNF (fator neurotr\u00f3fico derivado do c\u00e9rebro) \u2014 a prote\u00edna respons\u00e1vel pelo crescimento de novos neur\u00f4nios e pela prote\u00e7\u00e3o das conex\u00f5es existentes. <em>&#8220;O exerc\u00edcio \u00e9 como Mira\u00e7\u00e3o para o c\u00e9rebro&#8221;<\/em>, resume Ratey. Pesquisas da Universidade de Stanford mostram que adultos sedent\u00e1rios apresentam hipocampo \u2014 regi\u00e3o associada \u00e0 mem\u00f3ria \u2014 significativamente menor do que adultos fisicamente ativos. Apenas 20 a 30 minutos de caminhada di\u00e1ria j\u00e1 produzem efeito mensur\u00e1vel na cogni\u00e7\u00e3o.<\/p>\n\n\n\n<h2 class=\"wp-block-heading\">3. Ultraprocessados: inflama\u00e7\u00e3o que come\u00e7a no intestino e chega ao c\u00e9rebro<\/h2>\n\n\n\n<p>A Dra. <strong>Uma Naidoo<\/strong>, psiquiatra nutricional da Harvard Medical School e autora de <em>This Is Your Brain on Food<\/em>, explica que o intestino e o c\u00e9rebro est\u00e3o conectados pelo nervo vago \u2014 e que a inflama\u00e7\u00e3o provocada por dietas ricas em ultraprocessados, a\u00e7\u00facar refinado e gorduras trans afeta diretamente o humor, a mem\u00f3ria e o risco de depress\u00e3o. <em>&#8220;O que voc\u00ea come literalmente constr\u00f3i ou destr\u00f3i seu c\u00e9rebro&#8221;<\/em>, afirma Naidoo. Um estudo publicado no <em>British Medical Journal<\/em> em 2022 com mais de 72.000 participantes encontrou associa\u00e7\u00e3o direta entre consumo elevado de ultraprocessados e maior risco de dem\u00eancia \u2014 independentemente de outros fatores de risco.<\/p>\n\n\n\n<h2 class=\"wp-block-heading\">4. Isolamento social: o c\u00e9rebro precisa de conex\u00e3o para sobreviver<\/h2>\n\n\n\n<p>O Dr. <strong>Robert Waldinger<\/strong>, psiquiatra de Harvard e diretor do <em><a href=\"https:\/\/www.adultdevelopmentstudy.org\/\" target=\"_blank\" rel=\"noreferrer noopener\">Harvard Study of Adult Development<\/a><\/em> \u2014 o estudo mais longo sobre desenvolvimento humano j\u00e1 realizado, com mais de 80 anos de acompanhamento \u2014, concluiu que a qualidade das rela\u00e7\u00f5es sociais \u00e9 um dos preditores mais fortes de sa\u00fade cerebral na velhice. <em>&#8220;A solid\u00e3o \u00e9 t\u00e3o prejudicial \u00e0 sa\u00fade quanto fumar 15 cigarros por dia&#8221;<\/em>, afirma Waldinger, citando dados da pesquisa. O isolamento social cr\u00f4nico est\u00e1 associado a decl\u00ednio cognitivo acelerado, aumento de cortisol (horm\u00f4nio do estresse) e maior risco de Alzheimer \u2014 especialmente em adultos acima de 50 anos.<\/p>\n\n\n\n<p><strong>\u26a0\ufe0f Importante:<\/strong> Este artigo tem car\u00e1ter informativo e \u00e9 baseado em pesquisas cient\u00edficas publicadas. N\u00e3o substitui consulta m\u00e9dica ou neurol\u00f3gica. Se voc\u00ea apresenta sintomas de decl\u00ednio cognitivo, perda de mem\u00f3ria ou altera\u00e7\u00f5es de humor persistentes, consulte um especialista.<\/p>\n\n\n\n<h2 class=\"wp-block-heading\">O que os especialistas recomendam para reverter os danos<\/h2>\n\n\n\n<figure class=\"wp-block-table\"><table class=\"has-fixed-layout\"><thead><tr><th>H\u00e1bito prejudicial<\/th><th>Interven\u00e7\u00e3o m\u00ednima eficaz<\/th><th>Prazo para primeiros resultados<\/th><\/tr><\/thead><tbody><tr><td>Priva\u00e7\u00e3o de sono<\/td><td>7 a 9 horas por noite com hor\u00e1rio consistente<\/td><td>3 a 7 dias<\/td><\/tr><tr><td>Sedentarismo<\/td><td>20 a 30 min de caminhada di\u00e1ria<\/td><td>2 a 4 semanas<\/td><\/tr><tr><td>Ultraprocessados<\/td><td>Substituir por alimentos in natura na maioria das refei\u00e7\u00f5es<\/td><td>4 a 6 semanas<\/td><\/tr><tr><td>Isolamento social<\/td><td>Intera\u00e7\u00f5es sociais presenciais regulares, mesmo curtas<\/td><td>2 a 3 semanas<\/td><\/tr><\/tbody><\/table><\/figure>\n\n\n\n<h2 class=\"wp-block-heading\">Perguntas frequentes<\/h2>\n\n\n\n<h3 class=\"wp-block-heading\">Com que idade os h\u00e1bitos prejudiciais ao c\u00e9rebro come\u00e7am a causar dano real?<\/h3>\n\n\n\n<p>Os danos come\u00e7am a se acumular em qualquer idade, mas pesquisas da Harvard Medical School indicam que os h\u00e1bitos praticados entre os 40 e os 60 anos t\u00eam impacto especialmente significativo na sa\u00fade cerebral ap\u00f3s os 70. Isso n\u00e3o significa que mudan\u00e7as tardias n\u00e3o funcionam \u2014 estudos mostram benef\u00edcio mensur\u00e1vel mesmo em pessoas acima de 70 anos que adotam novos h\u00e1bitos.<\/p>\n\n\n\n<h3 class=\"wp-block-heading\">Dormir pouco durante a semana e recuperar no fim de semana resolve o problema?<\/h3>\n\n\n\n<p>N\u00e3o, segundo o Dr. Matthew Walker. O chamado &#8220;sono de recupera\u00e7\u00e3o&#8221; no fim de semana n\u00e3o reverte os danos cognitivos acumulados durante a semana. A consist\u00eancia do hor\u00e1rio de sono \u00e9 t\u00e3o importante quanto a quantidade de horas \u2014 o c\u00e9rebro funciona melhor com padr\u00f5es regulares do que com varia\u00e7\u00f5es extremas entre dias \u00fateis e fins de semana.<\/p>\n\n\n\n<h3 class=\"wp-block-heading\">Qual dos quatro h\u00e1bitos \u00e9 mais f\u00e1cil de corrigir com impacto imediato?<\/h3>\n\n\n\n<p>O sono \u00e9 o que produz resultados mais r\u00e1pidos e percept\u00edveis \u2014 muitas pessoas relatam melhora clara de mem\u00f3ria, humor e concentra\u00e7\u00e3o j\u00e1 ap\u00f3s 3 a 5 noites de sono adequado e consistente. \u00c9 tamb\u00e9m o h\u00e1bito com maior custo-benef\u00edcio: n\u00e3o exige equipamento, dinheiro ou habilidade \u2014 apenas consist\u00eancia.<\/p>\n\n\n\n<p><em>Informa\u00e7\u00f5es baseadas em pesquisas publicadas na Nature Neuroscience, British Medical Journal e Harvard Medical School, e nas obras dos especialistas citados. Todas as afirma\u00e7\u00f5es atribu\u00eddas aos especialistas s\u00e3o de dom\u00ednio p\u00fablico e est\u00e3o documentadas em suas publica\u00e7\u00f5es e entrevistas oficiais.<\/em><\/p>\n","protected":false},"excerpt":{"rendered":"<p>O c\u00e9rebro \u00e9 o \u00f3rg\u00e3o que mais sofre com os h\u00e1bitos cotidianos \u2014 e os danos se acumulam silenciosamente por anos antes de se tornarem sintomas vis\u00edveis. Pesquisadores de algumas das institui\u00e7\u00f5es m\u00e9dicas mais respeitadas do mundo identificaram quatro comportamentos que a maioria das pessoas repete diariamente e que comprometem de forma mensur\u00e1vel a mem\u00f3ria, [&hellip;]<\/p>\n","protected":false},"author":2,"featured_media":233215,"comment_status":"open","ping_status":"open","sticky":false,"template":"","format":"standard","meta":{"_yoast_wpseo_focuskw":"privacao de sono","_yoast_wpseo_title":"","_yoast_wpseo_metadesc":"Neurologistas de Harvard e Stanford identificam 4 h\u00e1bitos di\u00e1rios que destroem o c\u00e9rebro: priva\u00e7\u00e3o de sono, sedentarismo, ultraprocessados e isolamento social.","jnews-multi-image_gallery":[],"jnews_single_post":{"format":"standard"},"jnews_primary_category":[],"jnews_social_meta":[],"jnews_override_counter":[],"footnotes":""},"categories":[119,4404],"post_tag":[],"class_list":["post-233214","post","type-post","status-publish","format-standard","has-post-thumbnail","hentry","category-bem-estar","category-saude"],"yoast_head":"<!-- This site is optimized with the Yoast SEO plugin v24.6 - https:\/\/yoast.com\/wordpress\/plugins\/seo\/ -->\n<title>Priva\u00e7\u00e3o de sono, sedentarismo, ultraprocessados e isolamento social: neurologistas da Harvard Medical School, da Universidade de Stanford e do Einstein apontam esses 4 h\u00e1bitos di\u00e1rios como os mais prejudiciais \u00e0 sa\u00fade do c\u00e9rebro \u2014 e a maioria das pessoas pratica pelo menos dois deles todo dia sem perceber - Correio Braziliense - Radar<\/title>\n<meta name=\"description\" content=\"Neurologistas de Harvard e Stanford identificam 4 h\u00e1bitos di\u00e1rios que destroem o c\u00e9rebro: priva\u00e7\u00e3o de sono, sedentarismo, ultraprocessados e isolamento social.\" \/>\n<meta name=\"robots\" content=\"index, follow, max-snippet:-1, max-image-preview:large, max-video-preview:-1\" \/>\n<link rel=\"canonical\" href=\"https:\/\/www.correiobraziliense.com.br\/cbradar\/privacao-de-sono-sedentarismo-ultraprocessados-e-isolamento-social-neurologistas-da-harvard-medical-school-da-universidade-de-stanford-e-do-einstein-apontam-esses-4-habitos-diarios-como-os-mais-pr\/\" \/>\n<meta property=\"og:locale\" content=\"pt_BR\" \/>\n<meta property=\"og:type\" content=\"article\" \/>\n<meta property=\"og:title\" content=\"Priva\u00e7\u00e3o de sono, sedentarismo, ultraprocessados e isolamento social: neurologistas da Harvard Medical School, da Universidade de Stanford e do Einstein apontam esses 4 h\u00e1bitos di\u00e1rios como os mais prejudiciais \u00e0 sa\u00fade do c\u00e9rebro \u2014 e a maioria das pessoas pratica pelo menos dois deles todo dia sem perceber - Correio Braziliense - Radar\" \/>\n<meta property=\"og:description\" content=\"Neurologistas de Harvard e Stanford identificam 4 h\u00e1bitos di\u00e1rios que destroem o c\u00e9rebro: priva\u00e7\u00e3o de sono, sedentarismo, ultraprocessados e isolamento social.\" \/>\n<meta property=\"og:url\" content=\"https:\/\/www.correiobraziliense.com.br\/cbradar\/privacao-de-sono-sedentarismo-ultraprocessados-e-isolamento-social-neurologistas-da-harvard-medical-school-da-universidade-de-stanford-e-do-einstein-apontam-esses-4-habitos-diarios-como-os-mais-pr\/\" \/>\n<meta property=\"og:site_name\" content=\"Correio Braziliense - Radar\" \/>\n<meta property=\"article:published_time\" content=\"2026-04-27T18:16:42+00:00\" \/>\n<meta property=\"article:modified_time\" content=\"2026-04-27T18:16:45+00:00\" \/>\n<meta property=\"og:image\" content=\"https:\/\/www.correiobraziliense.com.br\/cbradar\/wp-content\/uploads\/2026\/04\/freepik_realistic-photo-of-a-midd_2875940473.jpeg\" \/>\n\t<meta property=\"og:image:width\" content=\"1376\" \/>\n\t<meta property=\"og:image:height\" content=\"768\" \/>\n\t<meta property=\"og:image:type\" content=\"image\/jpeg\" \/>\n<meta name=\"author\" content=\"Jo\u00e3o Victor\" \/>\n<meta name=\"twitter:card\" content=\"summary_large_image\" \/>\n<meta name=\"twitter:label1\" content=\"Escrito por\" \/>\n\t<meta name=\"twitter:data1\" content=\"Jo\u00e3o Victor\" \/>\n\t<meta name=\"twitter:label2\" content=\"Est. tempo de leitura\" \/>\n\t<meta name=\"twitter:data2\" content=\"6 minutos\" \/>\n<!-- \/ Yoast SEO plugin. -->","yoast_head_json":{"title":"Priva\u00e7\u00e3o de sono, sedentarismo, ultraprocessados e isolamento social: neurologistas da Harvard Medical School, da Universidade de Stanford e do Einstein apontam esses 4 h\u00e1bitos di\u00e1rios como os mais prejudiciais \u00e0 sa\u00fade do c\u00e9rebro \u2014 e a maioria das pessoas pratica pelo menos dois deles todo dia sem perceber - Correio Braziliense - Radar","description":"Neurologistas de Harvard e Stanford identificam 4 h\u00e1bitos di\u00e1rios que destroem o c\u00e9rebro: priva\u00e7\u00e3o de sono, sedentarismo, ultraprocessados e isolamento social.","robots":{"index":"index","follow":"follow","max-snippet":"max-snippet:-1","max-image-preview":"max-image-preview:large","max-video-preview":"max-video-preview:-1"},"canonical":"https:\/\/www.correiobraziliense.com.br\/cbradar\/privacao-de-sono-sedentarismo-ultraprocessados-e-isolamento-social-neurologistas-da-harvard-medical-school-da-universidade-de-stanford-e-do-einstein-apontam-esses-4-habitos-diarios-como-os-mais-pr\/","og_locale":"pt_BR","og_type":"article","og_title":"Priva\u00e7\u00e3o de sono, sedentarismo, ultraprocessados e isolamento social: neurologistas da Harvard Medical School, da Universidade de Stanford e do Einstein apontam esses 4 h\u00e1bitos di\u00e1rios como os mais prejudiciais \u00e0 sa\u00fade do c\u00e9rebro \u2014 e a maioria das pessoas pratica pelo menos dois deles todo dia sem perceber - Correio Braziliense - Radar","og_description":"Neurologistas de Harvard e Stanford identificam 4 h\u00e1bitos di\u00e1rios que destroem o c\u00e9rebro: priva\u00e7\u00e3o de sono, sedentarismo, ultraprocessados e isolamento social.","og_url":"https:\/\/www.correiobraziliense.com.br\/cbradar\/privacao-de-sono-sedentarismo-ultraprocessados-e-isolamento-social-neurologistas-da-harvard-medical-school-da-universidade-de-stanford-e-do-einstein-apontam-esses-4-habitos-diarios-como-os-mais-pr\/","og_site_name":"Correio Braziliense - Radar","article_published_time":"2026-04-27T18:16:42+00:00","article_modified_time":"2026-04-27T18:16:45+00:00","og_image":[{"width":1376,"height":768,"url":"https:\/\/www.correiobraziliense.com.br\/cbradar\/wp-content\/uploads\/2026\/04\/freepik_realistic-photo-of-a-midd_2875940473.jpeg","type":"image\/jpeg"}],"author":"Jo\u00e3o Victor","twitter_card":"summary_large_image","twitter_misc":{"Escrito por":"Jo\u00e3o Victor","Est. tempo de leitura":"6 minutos"},"schema":{"@context":"https:\/\/schema.org","@graph":[{"@type":"WebPage","@id":"https:\/\/www.correiobraziliense.com.br\/cbradar\/privacao-de-sono-sedentarismo-ultraprocessados-e-isolamento-social-neurologistas-da-harvard-medical-school-da-universidade-de-stanford-e-do-einstein-apontam-esses-4-habitos-diarios-como-os-mais-pr\/","url":"https:\/\/www.correiobraziliense.com.br\/cbradar\/privacao-de-sono-sedentarismo-ultraprocessados-e-isolamento-social-neurologistas-da-harvard-medical-school-da-universidade-de-stanford-e-do-einstein-apontam-esses-4-habitos-diarios-como-os-mais-pr\/","name":"Priva\u00e7\u00e3o de sono, sedentarismo, ultraprocessados e isolamento social: neurologistas da Harvard Medical School, da Universidade de Stanford e do Einstein apontam esses 4 h\u00e1bitos di\u00e1rios como os mais prejudiciais \u00e0 sa\u00fade do c\u00e9rebro \u2014 e a maioria das pessoas pratica pelo menos dois deles todo dia sem perceber - Correio Braziliense - Radar","isPartOf":{"@id":"https:\/\/www.correiobraziliense.com.br\/cbradar\/#website"},"primaryImageOfPage":{"@id":"https:\/\/www.correiobraziliense.com.br\/cbradar\/privacao-de-sono-sedentarismo-ultraprocessados-e-isolamento-social-neurologistas-da-harvard-medical-school-da-universidade-de-stanford-e-do-einstein-apontam-esses-4-habitos-diarios-como-os-mais-pr\/#primaryimage"},"image":{"@id":"https:\/\/www.correiobraziliense.com.br\/cbradar\/privacao-de-sono-sedentarismo-ultraprocessados-e-isolamento-social-neurologistas-da-harvard-medical-school-da-universidade-de-stanford-e-do-einstein-apontam-esses-4-habitos-diarios-como-os-mais-pr\/#primaryimage"},"thumbnailUrl":"https:\/\/www.correiobraziliense.com.br\/cbradar\/wp-content\/uploads\/2026\/04\/freepik_realistic-photo-of-a-midd_2875940473.jpeg","datePublished":"2026-04-27T18:16:42+00:00","dateModified":"2026-04-27T18:16:45+00:00","author":{"@id":"https:\/\/www.correiobraziliense.com.br\/cbradar\/#\/schema\/person\/3718880751cb9505f3c5588976f1d18d"},"description":"Neurologistas de Harvard e Stanford identificam 4 h\u00e1bitos di\u00e1rios que destroem o c\u00e9rebro: priva\u00e7\u00e3o de sono, sedentarismo, ultraprocessados e isolamento social.","breadcrumb":{"@id":"https:\/\/www.correiobraziliense.com.br\/cbradar\/privacao-de-sono-sedentarismo-ultraprocessados-e-isolamento-social-neurologistas-da-harvard-medical-school-da-universidade-de-stanford-e-do-einstein-apontam-esses-4-habitos-diarios-como-os-mais-pr\/#breadcrumb"},"inLanguage":"pt-BR","potentialAction":[{"@type":"ReadAction","target":["https:\/\/www.correiobraziliense.com.br\/cbradar\/privacao-de-sono-sedentarismo-ultraprocessados-e-isolamento-social-neurologistas-da-harvard-medical-school-da-universidade-de-stanford-e-do-einstein-apontam-esses-4-habitos-diarios-como-os-mais-pr\/"]}]},{"@type":"ImageObject","inLanguage":"pt-BR","@id":"https:\/\/www.correiobraziliense.com.br\/cbradar\/privacao-de-sono-sedentarismo-ultraprocessados-e-isolamento-social-neurologistas-da-harvard-medical-school-da-universidade-de-stanford-e-do-einstein-apontam-esses-4-habitos-diarios-como-os-mais-pr\/#primaryimage","url":"https:\/\/www.correiobraziliense.com.br\/cbradar\/wp-content\/uploads\/2026\/04\/freepik_realistic-photo-of-a-midd_2875940473.jpeg","contentUrl":"https:\/\/www.correiobraziliense.com.br\/cbradar\/wp-content\/uploads\/2026\/04\/freepik_realistic-photo-of-a-midd_2875940473.jpeg","width":1376,"height":768,"caption":"Mulher sozinha no sof\u00e1 \u00e0 noite com olheiras, celular na m\u00e3o e ultraprocessados na mesa \u2014 os 4 h\u00e1bitos que neurologistas apontam como mais prejudiciais ao c\u00e9rebro"},{"@type":"BreadcrumbList","@id":"https:\/\/www.correiobraziliense.com.br\/cbradar\/privacao-de-sono-sedentarismo-ultraprocessados-e-isolamento-social-neurologistas-da-harvard-medical-school-da-universidade-de-stanford-e-do-einstein-apontam-esses-4-habitos-diarios-como-os-mais-pr\/#breadcrumb","itemListElement":[{"@type":"ListItem","position":1,"name":"In\u00edcio","item":"https:\/\/www.correiobraziliense.com.br\/cbradar\/"},{"@type":"ListItem","position":2,"name":"Priva\u00e7\u00e3o de sono, sedentarismo, ultraprocessados e isolamento social: neurologistas da Harvard Medical School, da Universidade de Stanford e do Einstein apontam esses 4 h\u00e1bitos di\u00e1rios como os mais prejudiciais \u00e0 sa\u00fade do c\u00e9rebro \u2014 e a maioria das pessoas pratica pelo menos dois deles todo dia sem perceber"}]},{"@type":"WebSite","@id":"https:\/\/www.correiobraziliense.com.br\/cbradar\/#website","url":"https:\/\/www.correiobraziliense.com.br\/cbradar\/","name":"Correio Braziliense - Radar","description":"Acompanhe as \u00faltimas not\u00edcias e fique bem informado sobre tudo o que acontece no Brasil e no mundo.","potentialAction":[{"@type":"SearchAction","target":{"@type":"EntryPoint","urlTemplate":"https:\/\/www.correiobraziliense.com.br\/cbradar\/?s={search_term_string}"},"query-input":{"@type":"PropertyValueSpecification","valueRequired":true,"valueName":"search_term_string"}}],"inLanguage":"pt-BR"},{"@type":"Person","@id":"https:\/\/www.correiobraziliense.com.br\/cbradar\/#\/schema\/person\/3718880751cb9505f3c5588976f1d18d","name":"Jo\u00e3o Victor","image":{"@type":"ImageObject","inLanguage":"pt-BR","@id":"https:\/\/www.correiobraziliense.com.br\/cbradar\/#\/schema\/person\/image\/","url":"https:\/\/secure.gravatar.com\/avatar\/c70f0bc70a127808cfa0c6bd5694635c?s=96&d=mm&r=g","contentUrl":"https:\/\/secure.gravatar.com\/avatar\/c70f0bc70a127808cfa0c6bd5694635c?s=96&d=mm&r=g","caption":"Jo\u00e3o Victor"},"url":"https:\/\/www.correiobraziliense.com.br\/cbradar\/author\/joao\/"}]}},"_links":{"self":[{"href":"https:\/\/www.correiobraziliense.com.br\/cbradar\/wp-json\/wp\/v2\/posts\/233214","targetHints":{"allow":["GET"]}}],"collection":[{"href":"https:\/\/www.correiobraziliense.com.br\/cbradar\/wp-json\/wp\/v2\/posts"}],"about":[{"href":"https:\/\/www.correiobraziliense.com.br\/cbradar\/wp-json\/wp\/v2\/types\/post"}],"author":[{"embeddable":true,"href":"https:\/\/www.correiobraziliense.com.br\/cbradar\/wp-json\/wp\/v2\/users\/2"}],"replies":[{"embeddable":true,"href":"https:\/\/www.correiobraziliense.com.br\/cbradar\/wp-json\/wp\/v2\/comments?post=233214"}],"version-history":[{"count":1,"href":"https:\/\/www.correiobraziliense.com.br\/cbradar\/wp-json\/wp\/v2\/posts\/233214\/revisions"}],"predecessor-version":[{"id":233216,"href":"https:\/\/www.correiobraziliense.com.br\/cbradar\/wp-json\/wp\/v2\/posts\/233214\/revisions\/233216"}],"wp:featuredmedia":[{"embeddable":true,"href":"https:\/\/www.correiobraziliense.com.br\/cbradar\/wp-json\/wp\/v2\/media\/233215"}],"wp:attachment":[{"href":"https:\/\/www.correiobraziliense.com.br\/cbradar\/wp-json\/wp\/v2\/media?parent=233214"}],"wp:term":[{"taxonomy":"category","embeddable":true,"href":"https:\/\/www.correiobraziliense.com.br\/cbradar\/wp-json\/wp\/v2\/categories?post=233214"},{"taxonomy":"post_tag","embeddable":true,"href":"https:\/\/www.correiobraziliense.com.br\/cbradar\/wp-json\/wp\/v2\/post_tag?post=233214"}],"curies":[{"name":"wp","href":"https:\/\/api.w.org\/{rel}","templated":true}]}}