{"id":233224,"date":"2026-04-27T19:59:55","date_gmt":"2026-04-27T22:59:55","guid":{"rendered":"https:\/\/www.correiobraziliense.com.br\/cbradar\/?p=233224"},"modified":"2026-04-27T20:00:21","modified_gmt":"2026-04-27T23:00:21","slug":"sao-joao-da-cruz-nos-ensina-que-as-vezes-a-noite-escura-da-alma-e-o-caminho-mais-profundo-para-reencontrar-deus","status":"publish","type":"post","link":"https:\/\/www.correiobraziliense.com.br\/cbradar\/sao-joao-da-cruz-nos-ensina-que-as-vezes-a-noite-escura-da-alma-e-o-caminho-mais-profundo-para-reencontrar-deus\/","title":{"rendered":"S\u00e3o Jo\u00e3o da Cruz nos ensina que, \u00e0s vezes, a noite escura da alma \u00e9 o caminho mais profundo para reencontrar Deus"},"content":{"rendered":"\n<p>A jornada espiritual frequentemente atravessa per\u00edodos de profundo vazio e incerteza, conhecidos historicamente como a noite escura da alma. Essa fase desafiadora permite que o indiv\u00edduo desconstrua ilus\u00f5es antigas para alcan\u00e7ar uma conex\u00e3o muito mais aut\u00eantica e madura com o sagrado. Compreender esse processo \u00e9 essencial para encontrar paz interior verdadeira.<\/p>\n\n\n\n<h2 class=\"wp-block-heading\">Como o deserto emocional transforma a percep\u00e7\u00e3o humana?<\/h2>\n\n\n\n<p>Para <strong><a href=\"https:\/\/www.correiobraziliense.com.br\/cbradar\/santa-teresa-de-avila-nos-ensina-que-as-vezes-o-silencio-de-deus-e-a-forma-mais-profunda-de-resposta\/\" target=\"_blank\" rel=\"noreferrer noopener\">S\u00e3o Jo\u00e3o da Cruz<\/a><\/strong>, a aus\u00eancia de sentimentos positivos durante as pr\u00e1ticas contemplativas n\u00e3o indica um afastamento divino, mas uma purifica\u00e7\u00e3o necess\u00e1ria dos sentidos. Quando as gratifica\u00e7\u00f5es emocionais cessam, a vontade humana \u00e9 testada para agir por prop\u00f3sito e n\u00e3o por busca de prazeres imediatos e passageiros. Esse processo biol\u00f3gico fortalece a resili\u00eancia mental e espiritual.<\/p>\n\n\n\n<p>Durante esse est\u00e1gio de aridez, o c\u00e9rebro deixa de depender de dopamina gerada por rituais externos para buscar uma estabilidade interna inabal\u00e1vel e profunda. O desapego das sensa\u00e7\u00f5es f\u00edsicas permite que a mente se concentre na ess\u00eancia do ser, eliminando ru\u00eddos que impedem a vis\u00e3o clara da realidade objetiva. \u00c9 um momento de transi\u00e7\u00e3o vital para o amadurecimento psicol\u00f3gico.<\/p>\n\n\n\n<figure class=\"wp-block-image size-full\"><img decoding=\"async\" width=\"1280\" height=\"720\" src=\"https:\/\/www.correiobraziliense.com.br\/cbradar\/wp-content\/uploads\/2026\/04\/Gemini_Generated_Image_odikr4odikr4odik-1-1.png\" alt=\"S\u00e3o Jo\u00e3o da Cruz nos ensina que, \u00e0s vezes, a noite escura da alma \u00e9 o caminho mais profundo para reencontrar Deus\" class=\"wp-image-233230\" srcset=\"https:\/\/www.correiobraziliense.com.br\/cbradar\/wp-content\/uploads\/2026\/04\/Gemini_Generated_Image_odikr4odikr4odik-1-1.png 1280w, https:\/\/www.correiobraziliense.com.br\/cbradar\/wp-content\/uploads\/2026\/04\/Gemini_Generated_Image_odikr4odikr4odik-1-1-300x169.png 300w, https:\/\/www.correiobraziliense.com.br\/cbradar\/wp-content\/uploads\/2026\/04\/Gemini_Generated_Image_odikr4odikr4odik-1-1-768x432.png 768w, https:\/\/www.correiobraziliense.com.br\/cbradar\/wp-content\/uploads\/2026\/04\/Gemini_Generated_Image_odikr4odikr4odik-1-1-750x422.png 750w, https:\/\/www.correiobraziliense.com.br\/cbradar\/wp-content\/uploads\/2026\/04\/Gemini_Generated_Image_odikr4odikr4odik-1-1-1140x641.png 1140w\" sizes=\"(max-width: 1280px) 100vw, 1280px\" \/><figcaption class=\"wp-element-caption\">A noite escura da alma pode indicar transforma\u00e7\u00e3o emocional e espiritual profunda<\/figcaption><\/figure>\n\n\n\n<h2 class=\"wp-block-heading\">Por que o sil\u00eancio \u00e9 necess\u00e1rio para o crescimento?<\/h2>\n\n\n\n<p>O sil\u00eancio absoluto atua como um espelho que reflete as sombras e medos que geralmente evitamos enfrentar na agita\u00e7\u00e3o cotidiana moderna. Sem as distra\u00e7\u00f5es habituais, somos for\u00e7ados a lidar com as nossas pr\u00f3prias limita\u00e7\u00f5es e car\u00eancias emocionais de forma honesta e direta. Essa confronta\u00e7\u00e3o corajosa \u00e9 o que permite a reconstru\u00e7\u00e3o de uma identidade muito mais s\u00f3lida.<\/p>\n\n\n\n<p>No contexto da espiritualidade cl\u00e1ssica, a escurid\u00e3o representa a incapacidade da intelig\u00eancia humana de compreender o mist\u00e9rio infinito atrav\u00e9s de conceitos l\u00f3gicos e limitados. Aceitar essa limita\u00e7\u00e3o intelectual promove uma humildade que \u00e9 fundamental para qualquer tipo de evolu\u00e7\u00e3o pessoal duradoura e real. O vazio torna-se o espa\u00e7o ideal para que novas perspectivas sobre a vida finalmente surjam.<\/p>\n\n\n\n<h2 class=\"wp-block-heading\">Quais s\u00e3o os frutos gerados pela persist\u00eancia no vazio?<\/h2>\n\n\n\n<p>Ao persistir na caminhada mesmo sem o consolo das emo\u00e7\u00f5es favor\u00e1veis, o indiv\u00edduo desenvolve uma virtude chamada paci\u00eancia her\u00f3ica e duradoura. Essa for\u00e7a interna reflete diretamente na maneira como lidamos com as crises profissionais e interpessoais que surgem imprevistamente em nossas vidas. <\/p>\n\n\n\n<p>Observe atentamente os sinais claros de que sua mente est\u00e1 alcan\u00e7ando um novo patamar de estabilidade:<\/p>\n\n\n\n<ul class=\"wp-block-list\">\n<li>Maior controle sobre impulsos emocionais reativos;<\/li>\n\n\n\n<li>Capacidade de ouvir sem julgar precipitadamente;<\/li>\n\n\n\n<li>Sentimento de paz independente das circunst\u00e2ncias;<\/li>\n\n\n\n<li>Aumento da compaix\u00e3o por sofrimentos alheios;<\/li>\n\n\n\n<li>Clareza mental para resolver conflitos complexos.<\/li>\n<\/ul>\n\n\n\n<h2 class=\"wp-block-heading\">Existe rela\u00e7\u00e3o entre a noite escura e a depress\u00e3o?<\/h2>\n\n\n\n<p>Embora apresentem sintomas semelhantes de apatia e desinteresse, a noite escura da alma possui uma finalidade orientada para a transcend\u00eancia e o autoconhecimento. Enquanto a depress\u00e3o cl\u00ednica exige interven\u00e7\u00e3o m\u00e9dica e terap\u00eautica espec\u00edfica, a crise espiritual \u00e9 vista como um est\u00e1gio de transi\u00e7\u00e3o para uma consci\u00eancia superior. Diferenciar esses estados \u00e9 <strong>crucial para o tratamento adequado<\/strong> e correto.<\/p>\n\n\n\n<p>Muitas vezes, as duas condi\u00e7\u00f5es podem coexistir, exigindo um olhar atento sobre a sa\u00fade mental e as necessidades da alma humana. O acompanhamento profissional ajuda a navegar por essas \u00e1guas turbulentas sem perder a esperan\u00e7a de dias mais luminosos e produtivos futuramente. Compreender a biologia das emo\u00e7\u00f5es \u00e9 o primeiro passo para superar qualquer tipo de sofrimento persistente.<\/p>\n\n\n\n<figure class=\"wp-block-image size-full\"><img decoding=\"async\" width=\"1280\" height=\"720\" src=\"https:\/\/www.correiobraziliense.com.br\/cbradar\/wp-content\/uploads\/2026\/04\/Gemini_Generated_Image_qmkwr9qmkwr9qmkw-1-1.png\" alt=\"S\u00e3o Jo\u00e3o da Cruz nos ensina que, \u00e0s vezes, a noite escura da alma \u00e9 o caminho mais profundo para reencontrar Deus\" class=\"wp-image-233231\" srcset=\"https:\/\/www.correiobraziliense.com.br\/cbradar\/wp-content\/uploads\/2026\/04\/Gemini_Generated_Image_qmkwr9qmkwr9qmkw-1-1.png 1280w, https:\/\/www.correiobraziliense.com.br\/cbradar\/wp-content\/uploads\/2026\/04\/Gemini_Generated_Image_qmkwr9qmkwr9qmkw-1-1-300x169.png 300w, https:\/\/www.correiobraziliense.com.br\/cbradar\/wp-content\/uploads\/2026\/04\/Gemini_Generated_Image_qmkwr9qmkwr9qmkw-1-1-768x432.png 768w, https:\/\/www.correiobraziliense.com.br\/cbradar\/wp-content\/uploads\/2026\/04\/Gemini_Generated_Image_qmkwr9qmkwr9qmkw-1-1-750x422.png 750w, https:\/\/www.correiobraziliense.com.br\/cbradar\/wp-content\/uploads\/2026\/04\/Gemini_Generated_Image_qmkwr9qmkwr9qmkw-1-1-1140x641.png 1140w\" sizes=\"(max-width: 1280px) 100vw, 1280px\" \/><figcaption class=\"wp-element-caption\">A noite escura da alma pode indicar transforma\u00e7\u00e3o emocional e espiritual profunda<\/figcaption><\/figure>\n\n\n\n<h2 class=\"wp-block-heading\">Como a psicologia moderna analisa esses estados de crise?<\/h2>\n\n\n\n<p>A psicologia anal\u00edtica interpreta esses per\u00edodos de crise como processos de individua\u00e7\u00e3o, onde o ego se submete a uma ordem interna mais abrangente. Essas fases de morte simb\u00f3lica s\u00e3o necess\u00e1rias para que o indiv\u00edduo abandone m\u00e1scaras sociais e encontre sua verdade mais profunda e inabal\u00e1vel. O sofrimento torna-se um <strong>combust\u00edvel para a transforma\u00e7\u00e3o ps\u00edquica<\/strong> de alto n\u00edvel.<\/p>\n\n\n\n<p>Pesquisadores exploram como essas experi\u00eancias m\u00edsticas impactam positivamente a resili\u00eancia e a sa\u00fade mental de indiv\u00edduos em diversas culturas ao redor do globo. Para compreender a fundamenta\u00e7\u00e3o filos\u00f3fica e hist\u00f3rica desses conceitos, consulte as informa\u00e7\u00f5es detalhadas no portal oficial da <a href=\"https:\/\/plato.stanford.edu\/entries\/education-philosophy\/\" target=\"_blank\" rel=\"noreferrer noopener\">Stanford Encyclopedia of Philosophy<\/a>. Adotar essa perspectiva permite transformar a dor em uma <strong>evolu\u00e7\u00e3o humana inigual\u00e1vel<\/strong>.<\/p>\n","protected":false},"excerpt":{"rendered":"<p>A jornada espiritual frequentemente atravessa per\u00edodos de profundo vazio e incerteza, conhecidos historicamente como a noite escura da alma. Essa fase desafiadora permite que o indiv\u00edduo desconstrua ilus\u00f5es antigas para alcan\u00e7ar uma conex\u00e3o muito mais aut\u00eantica e madura com o sagrado. Compreender esse processo \u00e9 essencial para encontrar paz interior verdadeira. Como o deserto emocional [&hellip;]<\/p>\n","protected":false},"author":21,"featured_media":233229,"comment_status":"open","ping_status":"open","sticky":false,"template":"","format":"standard","meta":{"_yoast_wpseo_focuskw":"noite escura da alma significado espiritual","_yoast_wpseo_title":"","_yoast_wpseo_metadesc":"Per\u00edodos de vazio espiritual podem revelar mudan\u00e7as profundas. A chamada noite escura indica transforma\u00e7\u00f5es que poucos compreendem.","jnews-multi-image_gallery":[],"jnews_single_post":{"format":"standard"},"jnews_primary_category":[],"jnews_social_meta":[],"jnews_override_counter":[],"footnotes":""},"categories":[112],"post_tag":[18270,16441,18269],"class_list":["post-233224","post","type-post","status-publish","format-standard","has-post-thumbnail","hentry","category-curiosidades","tag-alma","tag-deus","tag-sao-joao-da-cruz"],"yoast_head":"<!-- This site is optimized with the Yoast SEO plugin v24.6 - https:\/\/yoast.com\/wordpress\/plugins\/seo\/ -->\n<title>S\u00e3o Jo\u00e3o da Cruz nos ensina que, \u00e0s vezes, a noite escura da alma \u00e9 o caminho mais profundo para reencontrar Deus - Correio Braziliense - Radar<\/title>\n<meta name=\"description\" content=\"Per\u00edodos de vazio espiritual podem revelar mudan\u00e7as profundas. A chamada noite escura indica transforma\u00e7\u00f5es que poucos compreendem.\" \/>\n<meta name=\"robots\" content=\"index, follow, max-snippet:-1, max-image-preview:large, max-video-preview:-1\" \/>\n<link rel=\"canonical\" href=\"https:\/\/www.correiobraziliense.com.br\/cbradar\/sao-joao-da-cruz-nos-ensina-que-as-vezes-a-noite-escura-da-alma-e-o-caminho-mais-profundo-para-reencontrar-deus\/\" \/>\n<meta property=\"og:locale\" content=\"pt_BR\" \/>\n<meta property=\"og:type\" content=\"article\" \/>\n<meta property=\"og:title\" content=\"S\u00e3o Jo\u00e3o da Cruz nos ensina que, \u00e0s vezes, a noite escura da alma \u00e9 o caminho mais profundo para reencontrar Deus - Correio Braziliense - Radar\" \/>\n<meta property=\"og:description\" content=\"Per\u00edodos de vazio espiritual podem revelar mudan\u00e7as profundas. A chamada noite escura indica transforma\u00e7\u00f5es que poucos compreendem.\" \/>\n<meta property=\"og:url\" content=\"https:\/\/www.correiobraziliense.com.br\/cbradar\/sao-joao-da-cruz-nos-ensina-que-as-vezes-a-noite-escura-da-alma-e-o-caminho-mais-profundo-para-reencontrar-deus\/\" \/>\n<meta property=\"og:site_name\" content=\"Correio Braziliense - Radar\" \/>\n<meta property=\"article:published_time\" content=\"2026-04-27T22:59:55+00:00\" \/>\n<meta property=\"article:modified_time\" content=\"2026-04-27T23:00:21+00:00\" \/>\n<meta property=\"og:image\" content=\"https:\/\/www.correiobraziliense.com.br\/cbradar\/wp-content\/uploads\/2026\/04\/Gemini_Generated_Image_t57nz0t57nz0t57n-1-1.png\" \/>\n\t<meta property=\"og:image:width\" content=\"1280\" \/>\n\t<meta property=\"og:image:height\" content=\"720\" \/>\n\t<meta property=\"og:image:type\" content=\"image\/png\" \/>\n<meta name=\"author\" content=\"Patrick Silva\" \/>\n<meta name=\"twitter:card\" content=\"summary_large_image\" \/>\n<meta name=\"twitter:label1\" content=\"Escrito por\" \/>\n\t<meta name=\"twitter:data1\" content=\"Patrick Silva\" \/>\n\t<meta name=\"twitter:label2\" content=\"Est. tempo de leitura\" \/>\n\t<meta name=\"twitter:data2\" content=\"5 minutos\" \/>\n<!-- \/ Yoast SEO plugin. -->","yoast_head_json":{"title":"S\u00e3o Jo\u00e3o da Cruz nos ensina que, \u00e0s vezes, a noite escura da alma \u00e9 o caminho mais profundo para reencontrar Deus - Correio Braziliense - Radar","description":"Per\u00edodos de vazio espiritual podem revelar mudan\u00e7as profundas. A chamada noite escura indica transforma\u00e7\u00f5es que poucos compreendem.","robots":{"index":"index","follow":"follow","max-snippet":"max-snippet:-1","max-image-preview":"max-image-preview:large","max-video-preview":"max-video-preview:-1"},"canonical":"https:\/\/www.correiobraziliense.com.br\/cbradar\/sao-joao-da-cruz-nos-ensina-que-as-vezes-a-noite-escura-da-alma-e-o-caminho-mais-profundo-para-reencontrar-deus\/","og_locale":"pt_BR","og_type":"article","og_title":"S\u00e3o Jo\u00e3o da Cruz nos ensina que, \u00e0s vezes, a noite escura da alma \u00e9 o caminho mais profundo para reencontrar Deus - Correio Braziliense - Radar","og_description":"Per\u00edodos de vazio espiritual podem revelar mudan\u00e7as profundas. A chamada noite escura indica transforma\u00e7\u00f5es que poucos compreendem.","og_url":"https:\/\/www.correiobraziliense.com.br\/cbradar\/sao-joao-da-cruz-nos-ensina-que-as-vezes-a-noite-escura-da-alma-e-o-caminho-mais-profundo-para-reencontrar-deus\/","og_site_name":"Correio Braziliense - Radar","article_published_time":"2026-04-27T22:59:55+00:00","article_modified_time":"2026-04-27T23:00:21+00:00","og_image":[{"width":1280,"height":720,"url":"https:\/\/www.correiobraziliense.com.br\/cbradar\/wp-content\/uploads\/2026\/04\/Gemini_Generated_Image_t57nz0t57nz0t57n-1-1.png","type":"image\/png"}],"author":"Patrick Silva","twitter_card":"summary_large_image","twitter_misc":{"Escrito por":"Patrick Silva","Est. tempo de leitura":"5 minutos"},"schema":{"@context":"https:\/\/schema.org","@graph":[{"@type":"WebPage","@id":"https:\/\/www.correiobraziliense.com.br\/cbradar\/sao-joao-da-cruz-nos-ensina-que-as-vezes-a-noite-escura-da-alma-e-o-caminho-mais-profundo-para-reencontrar-deus\/","url":"https:\/\/www.correiobraziliense.com.br\/cbradar\/sao-joao-da-cruz-nos-ensina-que-as-vezes-a-noite-escura-da-alma-e-o-caminho-mais-profundo-para-reencontrar-deus\/","name":"S\u00e3o Jo\u00e3o da Cruz nos ensina que, \u00e0s vezes, a noite escura da alma \u00e9 o caminho mais profundo para reencontrar Deus - Correio Braziliense - Radar","isPartOf":{"@id":"https:\/\/www.correiobraziliense.com.br\/cbradar\/#website"},"primaryImageOfPage":{"@id":"https:\/\/www.correiobraziliense.com.br\/cbradar\/sao-joao-da-cruz-nos-ensina-que-as-vezes-a-noite-escura-da-alma-e-o-caminho-mais-profundo-para-reencontrar-deus\/#primaryimage"},"image":{"@id":"https:\/\/www.correiobraziliense.com.br\/cbradar\/sao-joao-da-cruz-nos-ensina-que-as-vezes-a-noite-escura-da-alma-e-o-caminho-mais-profundo-para-reencontrar-deus\/#primaryimage"},"thumbnailUrl":"https:\/\/www.correiobraziliense.com.br\/cbradar\/wp-content\/uploads\/2026\/04\/Gemini_Generated_Image_t57nz0t57nz0t57n-1-1.png","datePublished":"2026-04-27T22:59:55+00:00","dateModified":"2026-04-27T23:00:21+00:00","author":{"@id":"https:\/\/www.correiobraziliense.com.br\/cbradar\/#\/schema\/person\/5440b72be9c7eb74f446c846479dc4da"},"description":"Per\u00edodos de vazio espiritual podem revelar mudan\u00e7as profundas. A chamada noite escura indica transforma\u00e7\u00f5es que poucos compreendem.","breadcrumb":{"@id":"https:\/\/www.correiobraziliense.com.br\/cbradar\/sao-joao-da-cruz-nos-ensina-que-as-vezes-a-noite-escura-da-alma-e-o-caminho-mais-profundo-para-reencontrar-deus\/#breadcrumb"},"inLanguage":"pt-BR","potentialAction":[{"@type":"ReadAction","target":["https:\/\/www.correiobraziliense.com.br\/cbradar\/sao-joao-da-cruz-nos-ensina-que-as-vezes-a-noite-escura-da-alma-e-o-caminho-mais-profundo-para-reencontrar-deus\/"]}]},{"@type":"ImageObject","inLanguage":"pt-BR","@id":"https:\/\/www.correiobraziliense.com.br\/cbradar\/sao-joao-da-cruz-nos-ensina-que-as-vezes-a-noite-escura-da-alma-e-o-caminho-mais-profundo-para-reencontrar-deus\/#primaryimage","url":"https:\/\/www.correiobraziliense.com.br\/cbradar\/wp-content\/uploads\/2026\/04\/Gemini_Generated_Image_t57nz0t57nz0t57n-1-1.png","contentUrl":"https:\/\/www.correiobraziliense.com.br\/cbradar\/wp-content\/uploads\/2026\/04\/Gemini_Generated_Image_t57nz0t57nz0t57n-1-1.png","width":1280,"height":720,"caption":"A noite escura da alma pode indicar transforma\u00e7\u00e3o emocional e espiritual profunda"},{"@type":"BreadcrumbList","@id":"https:\/\/www.correiobraziliense.com.br\/cbradar\/sao-joao-da-cruz-nos-ensina-que-as-vezes-a-noite-escura-da-alma-e-o-caminho-mais-profundo-para-reencontrar-deus\/#breadcrumb","itemListElement":[{"@type":"ListItem","position":1,"name":"In\u00edcio","item":"https:\/\/www.correiobraziliense.com.br\/cbradar\/"},{"@type":"ListItem","position":2,"name":"S\u00e3o Jo\u00e3o da Cruz nos ensina que, \u00e0s vezes, a noite escura da alma \u00e9 o caminho mais profundo para reencontrar Deus"}]},{"@type":"WebSite","@id":"https:\/\/www.correiobraziliense.com.br\/cbradar\/#website","url":"https:\/\/www.correiobraziliense.com.br\/cbradar\/","name":"Correio Braziliense - Radar","description":"Acompanhe as \u00faltimas not\u00edcias e fique bem informado sobre tudo o que acontece no Brasil e no mundo.","potentialAction":[{"@type":"SearchAction","target":{"@type":"EntryPoint","urlTemplate":"https:\/\/www.correiobraziliense.com.br\/cbradar\/?s={search_term_string}"},"query-input":{"@type":"PropertyValueSpecification","valueRequired":true,"valueName":"search_term_string"}}],"inLanguage":"pt-BR"},{"@type":"Person","@id":"https:\/\/www.correiobraziliense.com.br\/cbradar\/#\/schema\/person\/5440b72be9c7eb74f446c846479dc4da","name":"Patrick Silva","image":{"@type":"ImageObject","inLanguage":"pt-BR","@id":"https:\/\/www.correiobraziliense.com.br\/cbradar\/#\/schema\/person\/image\/","url":"https:\/\/secure.gravatar.com\/avatar\/944109df296fc087785c9715fd5f80b2?s=96&d=mm&r=g","contentUrl":"https:\/\/secure.gravatar.com\/avatar\/944109df296fc087785c9715fd5f80b2?s=96&d=mm&r=g","caption":"Patrick Silva"},"sameAs":["https:\/\/www.correiobraziliense.com.br\/cbradar\/"],"url":"https:\/\/www.correiobraziliense.com.br\/cbradar\/author\/patrick-silva\/"}]}},"_links":{"self":[{"href":"https:\/\/www.correiobraziliense.com.br\/cbradar\/wp-json\/wp\/v2\/posts\/233224","targetHints":{"allow":["GET"]}}],"collection":[{"href":"https:\/\/www.correiobraziliense.com.br\/cbradar\/wp-json\/wp\/v2\/posts"}],"about":[{"href":"https:\/\/www.correiobraziliense.com.br\/cbradar\/wp-json\/wp\/v2\/types\/post"}],"author":[{"embeddable":true,"href":"https:\/\/www.correiobraziliense.com.br\/cbradar\/wp-json\/wp\/v2\/users\/21"}],"replies":[{"embeddable":true,"href":"https:\/\/www.correiobraziliense.com.br\/cbradar\/wp-json\/wp\/v2\/comments?post=233224"}],"version-history":[{"count":3,"href":"https:\/\/www.correiobraziliense.com.br\/cbradar\/wp-json\/wp\/v2\/posts\/233224\/revisions"}],"predecessor-version":[{"id":233232,"href":"https:\/\/www.correiobraziliense.com.br\/cbradar\/wp-json\/wp\/v2\/posts\/233224\/revisions\/233232"}],"wp:featuredmedia":[{"embeddable":true,"href":"https:\/\/www.correiobraziliense.com.br\/cbradar\/wp-json\/wp\/v2\/media\/233229"}],"wp:attachment":[{"href":"https:\/\/www.correiobraziliense.com.br\/cbradar\/wp-json\/wp\/v2\/media?parent=233224"}],"wp:term":[{"taxonomy":"category","embeddable":true,"href":"https:\/\/www.correiobraziliense.com.br\/cbradar\/wp-json\/wp\/v2\/categories?post=233224"},{"taxonomy":"post_tag","embeddable":true,"href":"https:\/\/www.correiobraziliense.com.br\/cbradar\/wp-json\/wp\/v2\/post_tag?post=233224"}],"curies":[{"name":"wp","href":"https:\/\/api.w.org\/{rel}","templated":true}]}}