{"id":233239,"date":"2026-04-29T11:48:50","date_gmt":"2026-04-29T14:48:50","guid":{"rendered":"https:\/\/www.correiobraziliense.com.br\/cbradar\/?p=233239"},"modified":"2026-04-29T11:48:52","modified_gmt":"2026-04-29T14:48:52","slug":"os-5-livros-mais-recomendados-para-aprender-a-pensar-com-mais-clareza","status":"publish","type":"post","link":"https:\/\/www.correiobraziliense.com.br\/cbradar\/os-5-livros-mais-recomendados-para-aprender-a-pensar-com-mais-clareza\/","title":{"rendered":"Os 5 livros mais recomendados para aprender a pensar com mais clareza"},"content":{"rendered":"\n<p>Em um mundo saturado de informa\u00e7\u00f5es e ru\u00eddos digitais, a capacidade de organizar o pensamento de forma l\u00f3gica tornou-se um dos maiores diferenciais competitivos. Desenvolver a <strong>clareza mental<\/strong> n\u00e3o \u00e9 um dom nato, mas uma habilidade que pode ser treinada atrav\u00e9s de m\u00e9todos que refinam nossa percep\u00e7\u00e3o sobre a realidade e nossas decis\u00f5es cotidianas.<\/p>\n\n\n\n<h2 class=\"wp-block-heading\">O papel dos modelos mentais na estrutura\u00e7\u00e3o do racioc\u00ednio<\/h2>\n\n\n\n<p>Pensar com clareza exige o dom\u00ednio de <strong>modelos mentais<\/strong>, que funcionam como molduras conceituais para simplificar a complexidade do mundo ao nosso redor. A <strong>psicologia cognitiva<\/strong> demonstra que, ao adotar estruturas de pensamento testadas, conseguimos filtrar o que \u00e9 irrelevante e focar no que realmente impacta nossos resultados pessoais e profissionais.<\/p>\n\n\n\n<p>A falta de clareza costuma ser o resultado de vieses inconscientes que distorcem a l\u00f3gica em favor de respostas r\u00e1pidas e emocionais, comuns em momentos de estresse. No <strong>Brasil<\/strong>, o interesse por estrat\u00e9gias de <strong>pensamento cr\u00edtico<\/strong> tem crescido entre l\u00edderes que buscam reduzir erros de julgamento e aumentar a assertividade em ambientes corporativos vol\u00e1teis e imprevis\u00edveis.<\/p>\n\n\n<div class=\"wp-block-image\">\n<figure class=\"aligncenter size-full\"><img decoding=\"async\" width=\"1280\" height=\"720\" src=\"https:\/\/www.correiobraziliense.com.br\/cbradar\/wp-content\/uploads\/2026\/04\/leitura-_1777330020546.jpg\" alt=\"\" class=\"wp-image-233240\" srcset=\"https:\/\/www.correiobraziliense.com.br\/cbradar\/wp-content\/uploads\/2026\/04\/leitura-_1777330020546.jpg 1280w, https:\/\/www.correiobraziliense.com.br\/cbradar\/wp-content\/uploads\/2026\/04\/leitura-_1777330020546-300x169.jpg 300w, https:\/\/www.correiobraziliense.com.br\/cbradar\/wp-content\/uploads\/2026\/04\/leitura-_1777330020546-768x432.jpg 768w, https:\/\/www.correiobraziliense.com.br\/cbradar\/wp-content\/uploads\/2026\/04\/leitura-_1777330020546-750x422.jpg 750w, https:\/\/www.correiobraziliense.com.br\/cbradar\/wp-content\/uploads\/2026\/04\/leitura-_1777330020546-1140x641.jpg 1140w\" sizes=\"(max-width: 1280px) 100vw, 1280px\" \/><figcaption class=\"wp-element-caption\"> falta de clareza costuma ser o resultado de vieses inconscientes que distorcem a l\u00f3gica em favor de respostas r\u00e1pidas e emocionais &#8211; Cr\u00e9ditos: depositphotos.com \/ HayDmitriy<\/figcaption><\/figure><\/div>\n\n\n<p>Leia tamb\u00e9m: <a href=\"https:\/\/www.correiobraziliense.com.br\/cbradar\/?p=231207\" target=\"_blank\" rel=\"noreferrer noopener\">Crian\u00e7as que convivem com av\u00f3s desenvolvem habilidades importantes que v\u00e3o al\u00e9m da sala de aula<\/a><\/p>\n\n\n\n<h2 class=\"wp-block-heading\">Como a literatura t\u00e9cnica auxilia na desconstru\u00e7\u00e3o de vieses<\/h2>\n\n\n\n<p>A leitura de obras especializadas em l\u00f3gica e comportamento humano permite identificar as &#8220;falhas no sistema&#8221; do nosso c\u00e9rebro, como o excesso de confian\u00e7a ou o medo da perda. Entender a <strong>arquitetura de escolha<\/strong> ajuda a desacelerar o pensamento impulsivo, dando lugar a uma an\u00e1lise mais fria e precisa dos fatos antes de qualquer tomada de decis\u00e3o importante.<\/p>\n\n\n\n<p>Ao mergulhar nesses livros, o leitor desenvolve a capacidade de questionar as pr\u00f3prias certezas, um exerc\u00edcio fundamental para quem deseja evoluir intelectualmente. Essa pr\u00e1tica constante de <strong>metacogni\u00e7\u00e3o<\/strong> \u2014 pensar sobre o pr\u00f3prio pensamento \u2014 \u00e9 o que permite manter o foco e a lucidez mesmo diante de cen\u00e1rios ca\u00f3ticos onde a maioria das pessoas tende a agir por instinto ou press\u00e3o social.<\/p>\n\n\n\n<h2 class=\"wp-block-heading\">T\u00edtulos indispens\u00e1veis para elevar a qualidade do seu pensamento<\/h2>\n\n\n\n<p>Existem obras que s\u00e3o verdadeiros divisores de \u00e1guas no modo como processamos a realidade, oferecendo ferramentas pr\u00e1ticas para organizar ideias dispersas em planos de a\u00e7\u00e3o concretos. A sele\u00e7\u00e3o abaixo contempla autores que dominam a arte de simplificar o complexo, fornecendo m\u00e9todos de <strong>racioc\u00ednio l\u00f3gico<\/strong> que podem ser aplicados imediatamente em qualquer esfera da vida.<\/p>\n\n\n\n<link href=\"https:\/\/fonts.googleapis.com\/css2?family=Inter:wght@400;600;700;800&#038;display=swap\" rel=\"stylesheet\">\n<style>\n\/* Prote\u00e7\u00e3o contra inje\u00e7\u00e3o do \"Veja Tamb\u00e9m\" (JNews inline related posts) *\/\n.rdp-pontos-wrapper .jnews_inline_related_post_wrapper,\n.rdp-pontos-wrapper .jnews_inline_related_post,\n.rdp-pontos-wrapper .jeg_postblock,\n.rdp-pontos-wrapper [class*=\"jnews_inline\"],\n.rdp-pontos-wrapper [class*=\"jeg_postblock\"],\n.rdp-pontos-wrapper [class*=\"jeg_block\"] {\n  display: none !important;\n  height: 0 !important;\n  max-height: 0 !important;\n  overflow: hidden !important;\n  visibility: hidden !important;\n  margin: 0 !important;\n  padding: 0 !important;\n  border: none !important;\n  font-size: 0 !important;\n  line-height: 0 !important;\n}\n.rdp-pontos-wrapper {\n  max-width: 100%;\n  margin: 32px 0;\n  background: #F8F9FA;\n  border: 1px solid #E0E0E0;\n  border-radius: 12px;\n  padding: 28px 28px 20px;\n  font-family: 'Inter', sans-serif;\n  box-shadow: 0 4px 20px rgba(47,195,238,0.12);\n  overflow: hidden;\n  contain: layout style;\n  isolation: isolate;\n  position: relative;\n  z-index: 1;\n}\n.rdp-pontos-wrapper > *:not(.rdp-pontos-title):not(.rdp-pontos-grid) {\n  display: none !important;\n  height: 0 !important;\n  overflow: hidden !important;\n  margin: 0 !important;\n  padding: 0 !important;\n  border: none !important;\n}\n.rdp-pontos-title {\n  font-family: 'Inter', sans-serif;\n  font-size: 20px;\n  font-weight: 800;\n  color: #1A1A1A;\n  margin: 0 0 20px 0;\n  line-height: 1.3;\n  text-align: center;\n}\n.rdp-pontos-grid {\n  display: grid;\n  grid-template-columns: repeat(2, 1fr);\n  gap: 18px;\n}\n.rdp-pontos-item {\n  background: #FFFFFF;\n  border: 1px solid #E0E0E0;\n  border-top: 3px solid #2FC3EE;\n  border-radius: 10px;\n  padding: 22px 20px;\n  box-shadow: 0 2px 10px rgba(47,195,238,0.10);\n  transition: box-shadow 0.3s ease, border-color 0.3s ease;\n  text-align: center;\n}\n.rdp-pontos-item:hover {\n  box-shadow: 0 4px 20px rgba(47,195,238,0.22);\n  border-color: #2FC3EE;\n}\n.rdp-pontos-emoji {\n  font-size: 32px;\n  line-height: 1;\n  margin-bottom: 12px;\n  display: block;\n  text-align: center;\n}\n.rdp-pontos-item-title {\n  font-size: 15px;\n  font-weight: 700;\n  color: #1A1A1A;\n  margin-bottom: 8px;\n  line-height: 1.3;\n}\n.rdp-pontos-item-desc {\n  font-size: 14px;\n  color: #333333;\n  line-height: 1.6;\n  margin: 0;\n}\n@media (max-width: 768px) {\n  .rdp-pontos-wrapper {\n    padding: 20px 16px 14px;\n  }\n  .rdp-pontos-grid {\n    grid-template-columns: 1fr;\n    gap: 14px;\n  }\n  .rdp-pontos-title {\n    font-size: 18px;\n  }\n}\n<\/style>\n\n<div class=\"rdp-pontos-wrapper\">\n  <div class=\"rdp-pontos-title\">Livros para Aprimorar o Pensamento Cr\u00edtico<\/div>\n  <div class=\"rdp-pontos-grid\">\n    <div class=\"rdp-pontos-item\">\n      <span class=\"rdp-pontos-emoji\">\ud83d\udca1<\/span>\n      <div class=\"rdp-pontos-item-title\">A Arte de Pensar Claramente<\/div>\n      <p class=\"rdp-pontos-item-desc\">Rolf Dobelli lista os erros de julgamento mais comuns e ensina como evit\u00e1-los no dia a dia.<\/p>\n    <\/div>\n    <div class=\"rdp-pontos-item\">\n      <span class=\"rdp-pontos-emoji\">\ud83c\udfaf<\/span>\n      <div class=\"rdp-pontos-item-title\">Essencialismo<\/div>\n      <p class=\"rdp-pontos-item-desc\">Greg McKeown foca em discernir o que \u00e9 vital do que \u00e9 trivial para focar no que realmente importa.<\/p>\n    <\/div>\n    <div class=\"rdp-pontos-item\">\n      <span class=\"rdp-pontos-emoji\">\ud83d\udce1<\/span>\n      <div class=\"rdp-pontos-item-title\">Ru\u00eddo<\/div>\n      <p class=\"rdp-pontos-item-desc\">Daniel Kahneman analisa a variabilidade indesejada em decis\u00f5es que deveriam ser id\u00eanticas.<\/p>\n    <\/div>\n    <div class=\"rdp-pontos-item\">\n      <span class=\"rdp-pontos-emoji\">\ud83d\udd78\ufe0f<\/span>\n      <div class=\"rdp-pontos-item-title\">Pensar em Sistemas<\/div>\n      <p class=\"rdp-pontos-item-desc\">Donella Meadows oferece um guia para entender a interconectividade das coisas e prever consequ\u00eancias.<\/p>\n    <\/div>\n    <div class=\"rdp-pontos-item\" style=\"grid-column: span 2;\">\n      <span class=\"rdp-pontos-emoji\">\ud83c\udf31<\/span>\n      <div class=\"rdp-pontos-item-title\">Mindset: A Nova Psicologia do Sucesso<\/div>\n      <p class=\"rdp-pontos-item-desc\">Carol Dweck explora como nossa mentalidade molda a forma como interpretamos desafios e alcan\u00e7amos o sucesso.<\/p>\n    <\/div>\n  <\/div>\n<\/div>\n<div style=\"clear:both;height:0;overflow:hidden;\"><\/div>\n\n\n\n<p>Dominar os conceitos apresentados por <strong>Dobelli<\/strong> ou <strong>McKeown<\/strong> permite que voc\u00ea crie um filtro protetor contra o caos informativo que domina cidades como <strong>S\u00e3o Paulo<\/strong>. Aplicar o <strong>pensamento sist\u00eamico<\/strong> no cotidiano ajuda a prever obst\u00e1culos antes que eles se tornem crises, garantindo uma navega\u00e7\u00e3o mais suave e estrat\u00e9gica tanto na carreira quanto na vida financeira e pessoal.<\/p>\n\n\n\n<h2 class=\"wp-block-heading\">A pr\u00e1tica da clareza mental como h\u00e1bito de higiene intelectual<\/h2>\n\n\n\n<p>Manter a mente limpa e organizada exige uma &#8220;higiene intelectual&#8221; constante, que envolve desde a sele\u00e7\u00e3o do que consumimos at\u00e9 a forma como registramos nossas ideias. Escrever regularmente e praticar o <strong>distanciamento emocional<\/strong> s\u00e3o t\u00e1ticas complementares \u00e0s leituras sugeridas que potencializam a capacidade de enxergar a &#8220;imagem completa&#8221; de qualquer situa\u00e7\u00e3o problem\u00e1tica.<\/p>\n\n\n\n<p>Ao transformar a busca pela clareza em um h\u00e1bito, voc\u00ea reduz a fadiga de decis\u00e3o e aumenta sua <strong>produtividade cognitiva<\/strong> de forma sustent\u00e1vel ao longo dos anos. Essa disciplina mental \u00e9 o que permite a grandes pensadores manterem a calma enquanto outros se perdem em detalhes irrelevantes, garantindo uma lideran\u00e7a mais equilibrada e uma vida pessoal muito mais harmoniosa.<\/p>\n\n\n<div class=\"wp-block-image\">\n<figure class=\"aligncenter size-full\"><img decoding=\"async\" width=\"1280\" height=\"720\" src=\"https:\/\/www.correiobraziliense.com.br\/cbradar\/wp-content\/uploads\/2026\/04\/ler-_1777250210593.jpg\" alt=\"\" class=\"wp-image-232722\" srcset=\"https:\/\/www.correiobraziliense.com.br\/cbradar\/wp-content\/uploads\/2026\/04\/ler-_1777250210593.jpg 1280w, https:\/\/www.correiobraziliense.com.br\/cbradar\/wp-content\/uploads\/2026\/04\/ler-_1777250210593-300x169.jpg 300w, https:\/\/www.correiobraziliense.com.br\/cbradar\/wp-content\/uploads\/2026\/04\/ler-_1777250210593-768x432.jpg 768w, https:\/\/www.correiobraziliense.com.br\/cbradar\/wp-content\/uploads\/2026\/04\/ler-_1777250210593-750x422.jpg 750w, https:\/\/www.correiobraziliense.com.br\/cbradar\/wp-content\/uploads\/2026\/04\/ler-_1777250210593-1140x641.jpg 1140w\" sizes=\"(max-width: 1280px) 100vw, 1280px\" \/><figcaption class=\"wp-element-caption\">Quando mergulhamos em uma hist\u00f3ria gentil, nosso c\u00e9rebro ativa \u00e1reas respons\u00e1veis pela empatia e pelo relaxamento &#8211; Cr\u00e9ditos: depositphotos.com \/ HayDmitriy<\/figcaption><\/figure><\/div>\n\n\n<h2 class=\"wp-block-heading\">O impacto de uma mente organizada na tomada de decis\u00f5es<\/h2>\n\n\n\n<p>Aprender a pensar com clareza \u00e9 o investimento mais rent\u00e1vel que um indiv\u00edduo pode fazer em sua pr\u00f3pria forma\u00e7\u00e3o, pois impacta diretamente a qualidade de todas as outras escolhas. A <strong>sabedoria<\/strong> contida nesses livros fornece a base necess\u00e1ria para que voc\u00ea deixe de ser um reator das circunst\u00e2ncias e passe a ser um arquiteto consciente do seu pr\u00f3prio destino.<\/p>\n\n\n\n<p>Finalizar essas leituras \u00e9 apenas o come\u00e7o de uma jornada de aprimoramento cont\u00ednuo da sua <strong>capacidade anal\u00edtica<\/strong> e intelig\u00eancia emocional. Com o tempo, as ferramentas de l\u00f3gica e clareza tornam-se parte do seu instinto, permitindo que voc\u00ea tome decis\u00f5es complexas com uma serenidade e precis\u00e3o que antes pareciam imposs\u00edveis, elevando seu patamar de excel\u00eancia humana.<\/p>\n","protected":false},"excerpt":{"rendered":"<p>Em um mundo saturado de informa\u00e7\u00f5es e ru\u00eddos digitais, a capacidade de organizar o pensamento de forma l\u00f3gica tornou-se um dos maiores diferenciais competitivos. Desenvolver a clareza mental n\u00e3o \u00e9 um dom nato, mas uma habilidade que pode ser treinada atrav\u00e9s de m\u00e9todos que refinam nossa percep\u00e7\u00e3o sobre a realidade e nossas decis\u00f5es cotidianas. O [&hellip;]<\/p>\n","protected":false},"author":9,"featured_media":233772,"comment_status":"open","ping_status":"open","sticky":false,"template":"","format":"standard","meta":{"_yoast_wpseo_focuskw":"clareza mental","_yoast_wpseo_title":"","_yoast_wpseo_metadesc":"Livros ensinam modelos mentais, pensamento cr\u00edtico e decis\u00f5es mais claras para lidar melhor com informa\u00e7\u00f5es e desafios di\u00e1rios.","jnews-multi-image_gallery":[],"jnews_single_post":{"format":"standard"},"jnews_primary_category":[],"jnews_social_meta":[],"jnews_override_counter":[],"footnotes":""},"categories":[112],"tags":[18383,520],"class_list":["post-233239","post","type-post","status-publish","format-standard","has-post-thumbnail","hentry","category-curiosidades","tag-aprender-a-pensar","tag-livros"],"yoast_head":"<!-- This site is optimized with the Yoast SEO plugin v24.6 - https:\/\/yoast.com\/wordpress\/plugins\/seo\/ -->\n<title>Os 5 livros mais recomendados para aprender a pensar com mais clareza - Correio Braziliense - Radar<\/title>\n<meta name=\"description\" content=\"Livros ensinam modelos mentais, pensamento cr\u00edtico e decis\u00f5es mais claras para lidar melhor com informa\u00e7\u00f5es e desafios di\u00e1rios.\" \/>\n<meta name=\"robots\" content=\"index, follow, max-snippet:-1, max-image-preview:large, max-video-preview:-1\" \/>\n<link rel=\"canonical\" href=\"https:\/\/www.correiobraziliense.com.br\/cbradar\/os-5-livros-mais-recomendados-para-aprender-a-pensar-com-mais-clareza\/\" \/>\n<meta property=\"og:locale\" content=\"pt_BR\" \/>\n<meta property=\"og:type\" content=\"article\" \/>\n<meta property=\"og:title\" content=\"Os 5 livros mais recomendados para aprender a pensar com mais clareza - Correio Braziliense - Radar\" \/>\n<meta property=\"og:description\" content=\"Livros ensinam modelos mentais, pensamento cr\u00edtico e decis\u00f5es mais claras para lidar melhor com informa\u00e7\u00f5es e desafios di\u00e1rios.\" \/>\n<meta property=\"og:url\" content=\"https:\/\/www.correiobraziliense.com.br\/cbradar\/os-5-livros-mais-recomendados-para-aprender-a-pensar-com-mais-clareza\/\" \/>\n<meta property=\"og:site_name\" content=\"Correio Braziliense - Radar\" \/>\n<meta property=\"article:published_time\" content=\"2026-04-29T14:48:50+00:00\" \/>\n<meta property=\"article:modified_time\" content=\"2026-04-29T14:48:52+00:00\" \/>\n<meta property=\"og:image\" content=\"https:\/\/www.correiobraziliense.com.br\/cbradar\/wp-content\/uploads\/2026\/04\/Brazilian_person_thinking_202604281432.jpg\" \/>\n\t<meta property=\"og:image:width\" content=\"1280\" \/>\n\t<meta property=\"og:image:height\" content=\"720\" \/>\n\t<meta property=\"og:image:type\" content=\"image\/jpeg\" \/>\n<meta name=\"author\" content=\"Daniely Cardoso\" \/>\n<meta name=\"twitter:card\" content=\"summary_large_image\" \/>\n<meta name=\"twitter:label1\" content=\"Escrito por\" \/>\n\t<meta name=\"twitter:data1\" content=\"Daniely Cardoso\" \/>\n\t<meta name=\"twitter:label2\" content=\"Est. tempo de leitura\" \/>\n\t<meta name=\"twitter:data2\" content=\"6 minutos\" \/>\n<!-- \/ Yoast SEO plugin. -->","yoast_head_json":{"title":"Os 5 livros mais recomendados para aprender a pensar com mais clareza - Correio Braziliense - Radar","description":"Livros ensinam modelos mentais, pensamento cr\u00edtico e decis\u00f5es mais claras para lidar melhor com informa\u00e7\u00f5es e desafios di\u00e1rios.","robots":{"index":"index","follow":"follow","max-snippet":"max-snippet:-1","max-image-preview":"max-image-preview:large","max-video-preview":"max-video-preview:-1"},"canonical":"https:\/\/www.correiobraziliense.com.br\/cbradar\/os-5-livros-mais-recomendados-para-aprender-a-pensar-com-mais-clareza\/","og_locale":"pt_BR","og_type":"article","og_title":"Os 5 livros mais recomendados para aprender a pensar com mais clareza - Correio Braziliense - Radar","og_description":"Livros ensinam modelos mentais, pensamento cr\u00edtico e decis\u00f5es mais claras para lidar melhor com informa\u00e7\u00f5es e desafios di\u00e1rios.","og_url":"https:\/\/www.correiobraziliense.com.br\/cbradar\/os-5-livros-mais-recomendados-para-aprender-a-pensar-com-mais-clareza\/","og_site_name":"Correio Braziliense - Radar","article_published_time":"2026-04-29T14:48:50+00:00","article_modified_time":"2026-04-29T14:48:52+00:00","og_image":[{"width":1280,"height":720,"url":"https:\/\/www.correiobraziliense.com.br\/cbradar\/wp-content\/uploads\/2026\/04\/Brazilian_person_thinking_202604281432.jpg","type":"image\/jpeg"}],"author":"Daniely Cardoso","twitter_card":"summary_large_image","twitter_misc":{"Escrito por":"Daniely Cardoso","Est. tempo de leitura":"6 minutos"},"schema":{"@context":"https:\/\/schema.org","@graph":[{"@type":"WebPage","@id":"https:\/\/www.correiobraziliense.com.br\/cbradar\/os-5-livros-mais-recomendados-para-aprender-a-pensar-com-mais-clareza\/","url":"https:\/\/www.correiobraziliense.com.br\/cbradar\/os-5-livros-mais-recomendados-para-aprender-a-pensar-com-mais-clareza\/","name":"Os 5 livros mais recomendados para aprender a pensar com mais clareza - Correio Braziliense - Radar","isPartOf":{"@id":"https:\/\/www.correiobraziliense.com.br\/cbradar\/#website"},"primaryImageOfPage":{"@id":"https:\/\/www.correiobraziliense.com.br\/cbradar\/os-5-livros-mais-recomendados-para-aprender-a-pensar-com-mais-clareza\/#primaryimage"},"image":{"@id":"https:\/\/www.correiobraziliense.com.br\/cbradar\/os-5-livros-mais-recomendados-para-aprender-a-pensar-com-mais-clareza\/#primaryimage"},"thumbnailUrl":"https:\/\/www.correiobraziliense.com.br\/cbradar\/wp-content\/uploads\/2026\/04\/Brazilian_person_thinking_202604281432.jpg","datePublished":"2026-04-29T14:48:50+00:00","dateModified":"2026-04-29T14:48:52+00:00","author":{"@id":"https:\/\/www.correiobraziliense.com.br\/cbradar\/#\/schema\/person\/7356666e12ec0ee53f348ee5db227032"},"description":"Livros ensinam modelos mentais, pensamento cr\u00edtico e decis\u00f5es mais claras para lidar melhor com informa\u00e7\u00f5es e desafios di\u00e1rios.","breadcrumb":{"@id":"https:\/\/www.correiobraziliense.com.br\/cbradar\/os-5-livros-mais-recomendados-para-aprender-a-pensar-com-mais-clareza\/#breadcrumb"},"inLanguage":"pt-BR","potentialAction":[{"@type":"ReadAction","target":["https:\/\/www.correiobraziliense.com.br\/cbradar\/os-5-livros-mais-recomendados-para-aprender-a-pensar-com-mais-clareza\/"]}]},{"@type":"ImageObject","inLanguage":"pt-BR","@id":"https:\/\/www.correiobraziliense.com.br\/cbradar\/os-5-livros-mais-recomendados-para-aprender-a-pensar-com-mais-clareza\/#primaryimage","url":"https:\/\/www.correiobraziliense.com.br\/cbradar\/wp-content\/uploads\/2026\/04\/Brazilian_person_thinking_202604281432.jpg","contentUrl":"https:\/\/www.correiobraziliense.com.br\/cbradar\/wp-content\/uploads\/2026\/04\/Brazilian_person_thinking_202604281432.jpg","width":1280,"height":720,"caption":"A leitura pode ajudar a desenvolver pensamento cr\u00edtico e clareza mental"},{"@type":"BreadcrumbList","@id":"https:\/\/www.correiobraziliense.com.br\/cbradar\/os-5-livros-mais-recomendados-para-aprender-a-pensar-com-mais-clareza\/#breadcrumb","itemListElement":[{"@type":"ListItem","position":1,"name":"In\u00edcio","item":"https:\/\/www.correiobraziliense.com.br\/cbradar\/"},{"@type":"ListItem","position":2,"name":"Os 5 livros mais recomendados para aprender a pensar com mais clareza"}]},{"@type":"WebSite","@id":"https:\/\/www.correiobraziliense.com.br\/cbradar\/#website","url":"https:\/\/www.correiobraziliense.com.br\/cbradar\/","name":"Correio Braziliense - Radar","description":"Acompanhe as \u00faltimas not\u00edcias e fique bem informado sobre tudo o que acontece no Brasil e no mundo.","potentialAction":[{"@type":"SearchAction","target":{"@type":"EntryPoint","urlTemplate":"https:\/\/www.correiobraziliense.com.br\/cbradar\/?s={search_term_string}"},"query-input":{"@type":"PropertyValueSpecification","valueRequired":true,"valueName":"search_term_string"}}],"inLanguage":"pt-BR"},{"@type":"Person","@id":"https:\/\/www.correiobraziliense.com.br\/cbradar\/#\/schema\/person\/7356666e12ec0ee53f348ee5db227032","name":"Daniely Cardoso","image":{"@type":"ImageObject","inLanguage":"pt-BR","@id":"https:\/\/www.correiobraziliense.com.br\/cbradar\/#\/schema\/person\/image\/","url":"https:\/\/secure.gravatar.com\/avatar\/4b80ddbd124d1f071b626d52d62e5dff?s=96&d=mm&r=g","contentUrl":"https:\/\/secure.gravatar.com\/avatar\/4b80ddbd124d1f071b626d52d62e5dff?s=96&d=mm&r=g","caption":"Daniely Cardoso"},"description":"Redatora nos portais CB Radar e EM Foco, formada pela Universidade Federal de Goi\u00e1s, em Goi\u00e2nia. Apaixonada por comunica\u00e7\u00e3o, arte, decora\u00e7\u00e3o e tend\u00eancias, atuo na produ\u00e7\u00e3o de conte\u00fados envolventes sobre curiosidades, moda, beleza e paisagismo, sempre com um olhar atento \u00e0s novidades do momento.","sameAs":["https:\/\/www.correiobraziliense.com.br\/cbradar"],"url":"https:\/\/www.correiobraziliense.com.br\/cbradar\/author\/danielymyth\/"}]}},"_links":{"self":[{"href":"https:\/\/www.correiobraziliense.com.br\/cbradar\/wp-json\/wp\/v2\/posts\/233239","targetHints":{"allow":["GET"]}}],"collection":[{"href":"https:\/\/www.correiobraziliense.com.br\/cbradar\/wp-json\/wp\/v2\/posts"}],"about":[{"href":"https:\/\/www.correiobraziliense.com.br\/cbradar\/wp-json\/wp\/v2\/types\/post"}],"author":[{"embeddable":true,"href":"https:\/\/www.correiobraziliense.com.br\/cbradar\/wp-json\/wp\/v2\/users\/9"}],"replies":[{"embeddable":true,"href":"https:\/\/www.correiobraziliense.com.br\/cbradar\/wp-json\/wp\/v2\/comments?post=233239"}],"version-history":[{"count":1,"href":"https:\/\/www.correiobraziliense.com.br\/cbradar\/wp-json\/wp\/v2\/posts\/233239\/revisions"}],"predecessor-version":[{"id":233241,"href":"https:\/\/www.correiobraziliense.com.br\/cbradar\/wp-json\/wp\/v2\/posts\/233239\/revisions\/233241"}],"wp:featuredmedia":[{"embeddable":true,"href":"https:\/\/www.correiobraziliense.com.br\/cbradar\/wp-json\/wp\/v2\/media\/233772"}],"wp:attachment":[{"href":"https:\/\/www.correiobraziliense.com.br\/cbradar\/wp-json\/wp\/v2\/media?parent=233239"}],"wp:term":[{"taxonomy":"category","embeddable":true,"href":"https:\/\/www.correiobraziliense.com.br\/cbradar\/wp-json\/wp\/v2\/categories?post=233239"},{"taxonomy":"post_tag","embeddable":true,"href":"https:\/\/www.correiobraziliense.com.br\/cbradar\/wp-json\/wp\/v2\/tags?post=233239"}],"curies":[{"name":"wp","href":"https:\/\/api.w.org\/{rel}","templated":true}]}}