{"id":233242,"date":"2026-04-29T19:45:00","date_gmt":"2026-04-29T22:45:00","guid":{"rendered":"https:\/\/www.correiobraziliense.com.br\/cbradar\/?p=233242"},"modified":"2026-04-28T14:09:41","modified_gmt":"2026-04-28T17:09:41","slug":"muita-coisa-que-parecia-impossivel-no-mundo-ja-virou-rotina-e-quase-ninguem-percebeu-o-tamanho-da-mudanca","status":"publish","type":"post","link":"https:\/\/www.correiobraziliense.com.br\/cbradar\/muita-coisa-que-parecia-impossivel-no-mundo-ja-virou-rotina-e-quase-ninguem-percebeu-o-tamanho-da-mudanca\/","title":{"rendered":"Muita coisa que parecia imposs\u00edvel no mundo j\u00e1 virou rotina, e quase ningu\u00e9m percebeu o tamanho da mudan\u00e7a"},"content":{"rendered":"\n<p>A velocidade das transforma\u00e7\u00f5es globais nos \u00faltimos anos redefiniu permanentemente a percep\u00e7\u00e3o de normalidade em diferentes esferas da sociedade moderna. O que antes habitava o campo da fic\u00e7\u00e3o cient\u00edfica agora sustenta a base das nossas intera\u00e7\u00f5es di\u00e1rias, moldando silenciosamente a forma como vivemos e produzimos.<\/p>\n\n\n\n<h2 class=\"wp-block-heading\">O avan\u00e7o do trabalho h\u00edbrido na cultura organizacional moderna<\/h2>\n\n\n\n<p>A consolida\u00e7\u00e3o do <strong>trabalho h\u00edbrido<\/strong> permitiu que milh\u00f5es de profissionais em todo o <strong>Brasil<\/strong> e no mundo rompessem a barreira geogr\u00e1fica do escrit\u00f3rio f\u00edsico. Essa transi\u00e7\u00e3o for\u00e7ada evoluiu para um modelo de produtividade flex\u00edvel que otimiza o tempo e altera profundamente a din\u00e2mica urbana das grandes metr\u00f3poles.<\/p>\n\n\n\n<p>Empresas globais como a <strong>Google<\/strong> e a <strong>Microsoft<\/strong> adotaram pol\u00edticas que priorizam a entrega de resultados em detrimento da presen\u00e7a f\u00edsica constante. Essa mudan\u00e7a estrutural exige uma nova etiqueta digital e ferramentas de colabora\u00e7\u00e3o em nuvem que garantam a fluidez dos processos corporativos sem sacrificar o bem-estar do colaborador.<\/p>\n\n\n<div class=\"wp-block-image\">\n<figure class=\"aligncenter size-full\"><img decoding=\"async\" width=\"1280\" height=\"720\" src=\"https:\/\/www.correiobraziliense.com.br\/cbradar\/wp-content\/uploads\/2026\/04\/trabalho.jpg\" alt=\"\" class=\"wp-image-233243\" srcset=\"https:\/\/www.correiobraziliense.com.br\/cbradar\/wp-content\/uploads\/2026\/04\/trabalho.jpg 1280w, https:\/\/www.correiobraziliense.com.br\/cbradar\/wp-content\/uploads\/2026\/04\/trabalho-300x169.jpg 300w, https:\/\/www.correiobraziliense.com.br\/cbradar\/wp-content\/uploads\/2026\/04\/trabalho-768x432.jpg 768w, https:\/\/www.correiobraziliense.com.br\/cbradar\/wp-content\/uploads\/2026\/04\/trabalho-750x422.jpg 750w, https:\/\/www.correiobraziliense.com.br\/cbradar\/wp-content\/uploads\/2026\/04\/trabalho-1140x641.jpg 1140w\" sizes=\"(max-width: 1280px) 100vw, 1280px\" \/><figcaption class=\"wp-element-caption\">A consolida\u00e7\u00e3o do trabalho h\u00edbrido permitiu que milh\u00f5es de profissionais em todo o Brasil e no mundo rompessem a barreira geogr\u00e1fica do escrit\u00f3rio f\u00edsico<\/figcaption><\/figure><\/div>\n\n\n<p>Leia tamb\u00e9m: <a href=\"https:\/\/www.correiobraziliense.com.br\/cbradar\/?p=231207\" target=\"_blank\" rel=\"noreferrer noopener\">Crian\u00e7as que convivem com av\u00f3s desenvolvem habilidades importantes que v\u00e3o al\u00e9m da sala de aula<\/a><\/p>\n\n\n\n<h2 class=\"wp-block-heading\">Como os novos h\u00e1bitos sociais s\u00e3o moldados pela economia da aten\u00e7\u00e3o<\/h2>\n\n\n\n<p>A <strong>economia da aten\u00e7\u00e3o<\/strong> transformou o tempo do usu\u00e1rio no ativo mais valioso das plataformas digitais, criando um ecossistema de est\u00edmulos constantes e personalizados. Algoritmos sofisticados analisam comportamentos em milissegundos para oferecer conte\u00fados que ret\u00eam o p\u00fablico, alterando a forma como consumimos informa\u00e7\u00e3o e entretenimento.<\/p>\n\n\n\n<p>Essa realidade imp\u00f5e desafios in\u00e9ditos para a sa\u00fade mental e para a capacidade de concentra\u00e7\u00e3o em tarefas que exigem profundidade cognitiva. Compreender que nossa disposi\u00e7\u00e3o mental \u00e9 o produto final dessas redes ajuda a estabelecer limites saud\u00e1veis no uso de dispositivos m\u00f3veis e redes sociais no cotidiano.<\/p>\n\n\n\n<h2 class=\"wp-block-heading\">A intelig\u00eancia artificial generativa redefine a criatividade e a produ\u00e7\u00e3o de conte\u00fado<\/h2>\n\n\n\n<p>O surgimento da <strong>intelig\u00eancia artificial generativa<\/strong> democratizou o acesso a ferramentas de cria\u00e7\u00e3o complexas, permitindo a gera\u00e7\u00e3o de textos, imagens e c\u00f3digos com comandos simples. O que parecia um sonho distante agora \u00e9 uma realidade integrada a softwares de edi\u00e7\u00e3o e assistentes virtuais presentes em quase todos os smartphones.<\/p>\n\n\n<div class=\"wp-block-image\">\n<figure class=\"aligncenter size-large\"><img decoding=\"async\" width=\"1024\" height=\"576\" src=\"https:\/\/www.correiobraziliense.com.br\/cbradar\/wp-content\/uploads\/2025\/11\/trabalho-triste_1763396637854-1024x576.jpg\" alt=\"\" class=\"wp-image-139496\" srcset=\"https:\/\/www.correiobraziliense.com.br\/cbradar\/wp-content\/uploads\/2025\/11\/trabalho-triste_1763396637854-1024x576.jpg 1024w, https:\/\/www.correiobraziliense.com.br\/cbradar\/wp-content\/uploads\/2025\/11\/trabalho-triste_1763396637854-300x169.jpg 300w, https:\/\/www.correiobraziliense.com.br\/cbradar\/wp-content\/uploads\/2025\/11\/trabalho-triste_1763396637854-768x432.jpg 768w, https:\/\/www.correiobraziliense.com.br\/cbradar\/wp-content\/uploads\/2025\/11\/trabalho-triste_1763396637854-750x422.jpg 750w, https:\/\/www.correiobraziliense.com.br\/cbradar\/wp-content\/uploads\/2025\/11\/trabalho-triste_1763396637854-1140x641.jpg 1140w, https:\/\/www.correiobraziliense.com.br\/cbradar\/wp-content\/uploads\/2025\/11\/trabalho-triste_1763396637854.jpg 1280w\" sizes=\"(max-width: 1024px) 100vw, 1024px\" \/><figcaption class=\"wp-element-caption\">Aspectos como sobrecarga de tarefas, jornadas longas e cobran\u00e7as excessivas s\u00e3o fatores frequentes do des\u00e2nimo no ambiente de trabalho &#8211; Cr\u00e9ditos: depositphotos.com \/ HayDmitriy<\/figcaption><\/figure><\/div>\n\n\n<p><em>Inova\u00e7\u00e3o pr\u00e1tica:<\/em> Aplicar modelos de linguagem no suporte ao cliente ou na automa\u00e7\u00e3o de tarefas repetitivas libera o capital humano para fun\u00e7\u00f5es estrat\u00e9gicas e criativas. Adaptar-se a essa tecnologia n\u00e3o \u00e9 mais um diferencial competitivo, mas um requisito b\u00e1sico de sobreviv\u00eancia no mercado de trabalho atual.<\/p>\n\n\n\n<h2 class=\"wp-block-heading\">Os impactos reais da vigil\u00e2ncia digital e das compras por aplicativos<\/h2>\n\n\n\n<p>A conveni\u00eancia das <strong>compras por aplicativos<\/strong> criou uma log\u00edstica invis\u00edvel e ultraeficiente que atende \u00e0s necessidades dos consumidores com uma velocidade impressionante. Esse sistema depende diretamente da coleta massiva de dados, levantando debates essenciais sobre a <strong>vigil\u00e2ncia digital<\/strong> e a privacidade dos usu\u00e1rios em ambientes online.<\/p>\n\n\n\n<link href=\"https:\/\/fonts.googleapis.com\/css2?family=Inter:wght@400;600;700;800&#038;display=swap\" rel=\"stylesheet\">\n<style>\n\/* Prote\u00e7\u00e3o contra inje\u00e7\u00e3o do \"Veja Tamb\u00e9m\" (JNews inline related posts) *\/\n.rdp-pontos-wrapper .jnews_inline_related_post_wrapper,\n.rdp-pontos-wrapper .jnews_inline_related_post,\n.rdp-pontos-wrapper .jeg_postblock,\n.rdp-pontos-wrapper [class*=\"jnews_inline\"],\n.rdp-pontos-wrapper [class*=\"jeg_postblock\"],\n.rdp-pontos-wrapper [class*=\"jeg_block\"] {\n  display: none !important;\n  height: 0 !important;\n  max-height: 0 !important;\n  overflow: hidden !important;\n  visibility: hidden !important;\n  margin: 0 !important;\n  padding: 0 !important;\n  border: none !important;\n  font-size: 0 !important;\n  line-height: 0 !important;\n}\n.rdp-pontos-wrapper {\n  max-width: 100%;\n  margin: 32px 0;\n  background: #F8F9FA;\n  border: 1px solid #E0E0E0;\n  border-radius: 12px;\n  padding: 28px 28px 20px;\n  font-family: 'Inter', sans-serif;\n  box-shadow: 0 4px 20px rgba(47,195,238,0.12);\n  overflow: hidden;\n  contain: layout style;\n  isolation: isolate;\n  position: relative;\n  z-index: 1;\n}\n.rdp-pontos-wrapper > *:not(.rdp-pontos-title):not(.rdp-pontos-grid) {\n  display: none !important;\n  height: 0 !important;\n  overflow: hidden !important;\n  margin: 0 !important;\n  padding: 0 !important;\n  border: none !important;\n}\n.rdp-pontos-title {\n  font-family: 'Inter', sans-serif;\n  font-size: 20px;\n  font-weight: 800;\n  color: #1A1A1A;\n  margin: 0 0 20px 0;\n  line-height: 1.3;\n  text-align: center;\n}\n.rdp-pontos-grid {\n  display: grid;\n  grid-template-columns: repeat(2, 1fr);\n  gap: 18px;\n}\n.rdp-pontos-item {\n  background: #FFFFFF;\n  border: 1px solid #E0E0E0;\n  border-top: 3px solid #2FC3EE;\n  border-radius: 10px;\n  padding: 22px 20px;\n  box-shadow: 0 2px 10px rgba(47,195,238,0.10);\n  transition: box-shadow 0.3s ease, border-color 0.3s ease;\n  text-align: center;\n}\n.rdp-pontos-item:hover {\n  box-shadow: 0 4px 20px rgba(47,195,238,0.22);\n  border-color: #2FC3EE;\n}\n.rdp-pontos-emoji {\n  font-size: 32px;\n  line-height: 1;\n  margin-bottom: 12px;\n  display: block;\n  text-align: center;\n}\n.rdp-pontos-item-title {\n  font-size: 15px;\n  font-weight: 700;\n  color: #1A1A1A;\n  margin-bottom: 8px;\n  line-height: 1.3;\n}\n.rdp-pontos-item-desc {\n  font-size: 14px;\n  color: #333333;\n  line-height: 1.6;\n  margin: 0;\n}\n@media (max-width: 768px) {\n  .rdp-pontos-wrapper {\n    padding: 20px 16px 14px;\n  }\n  .rdp-pontos-grid {\n    grid-template-columns: 1fr;\n    gap: 14px;\n  }\n  .rdp-pontos-title {\n    font-size: 18px;\n  }\n}\n<\/style>\n\n<div class=\"rdp-pontos-wrapper\">\n  <div class=\"rdp-pontos-title\">Impactos da Transforma\u00e7\u00e3o Digital no Consumo<\/div>\n  <div class=\"rdp-pontos-grid\">\n    <div class=\"rdp-pontos-item\">\n      <span class=\"rdp-pontos-emoji\">\u26a1<\/span>\n      <div class=\"rdp-pontos-item-title\">Entrega Ultra-r\u00e1pida<\/div>\n      <p class=\"rdp-pontos-item-desc\">Redu\u00e7\u00e3o dr\u00e1stica no tempo de entrega de produtos essenciais ao consumidor.<\/p>\n    <\/div>\n    <div class=\"rdp-pontos-item\">\n      <span class=\"rdp-pontos-emoji\">\ud83d\udc64<\/span>\n      <div class=\"rdp-pontos-item-title\">Personaliza\u00e7\u00e3o Extrema<\/div>\n      <p class=\"rdp-pontos-item-desc\">Ofertas baseadas precisamente no hist\u00f3rico de navega\u00e7\u00e3o e comportamento do usu\u00e1rio.<\/p>\n    <\/div>\n    <div class=\"rdp-pontos-item\">\n      <span class=\"rdp-pontos-emoji\">\ud83d\udeb2<\/span>\n      <div class=\"rdp-pontos-item-title\">Gig Economy<\/div>\n      <p class=\"rdp-pontos-item-desc\">Surgimento de novos modelos de emprego e presta\u00e7\u00e3o de servi\u00e7os sob demanda.<\/p>\n    <\/div>\n    <div class=\"rdp-pontos-item\">\n      <span class=\"rdp-pontos-emoji\">\ud83d\udccd<\/span>\n      <div class=\"rdp-pontos-item-title\">Monitoramento em Tempo Real<\/div>\n      <p class=\"rdp-pontos-item-desc\">Acompanhamento constante de deslocamentos e prefer\u00eancias de consumo imediato.<\/p>\n    <\/div>\n    <div class=\"rdp-pontos-item\" style=\"grid-column: span 2;\">\n      <span class=\"rdp-pontos-emoji\">\ud83d\udcb3<\/span>\n      <div class=\"rdp-pontos-item-title\">Ecossistema de Pagamento<\/div>\n      <p class=\"rdp-pontos-item-desc\">Integra\u00e7\u00e3o total e fluida entre meios de pagamento digitais e a experi\u00eancia em lojas f\u00edsicas.<\/p>\n    <\/div>\n  <\/div>\n<\/div>\n<div style=\"clear:both;height:0;overflow:hidden;\"><\/div>\n\n\n\n<p>Navegar por este cen\u00e1rio exige um olhar cr\u00edtico sobre as permiss\u00f5es que concedemos aos nossos dispositivos e a forma como as marcas gerenciam nossas identidades. Avaliar constantemente os termos de servi\u00e7o garante uma rela\u00e7\u00e3o mais transparente entre o consumo facilitado e a prote\u00e7\u00e3o das informa\u00e7\u00f5es pessoais.<\/p>\n\n\n\n<h2 class=\"wp-block-heading\">Adapta\u00e7\u00e3o cont\u00ednua garante o protagonismo humano diante da tecnologia<\/h2>\n\n\n\n<p>A integra\u00e7\u00e3o das inova\u00e7\u00f5es disruptivas no dia a dia ocorreu de forma t\u00e3o org\u00e2nica que a complexidade desses sistemas muitas vezes passa despercebida pelo senso comum. Reconhecer a magnitude dessas mudan\u00e7as \u00e9 o primeiro passo para utilizar os recursos tecnol\u00f3gicos a favor do desenvolvimento pessoal e da efici\u00eancia profissional.<\/p>\n\n\n\n<p>Manter a curiosidade intelectual e a flexibilidade cognitiva permite que o indiv\u00edduo n\u00e3o apenas acompanhe as tend\u00eancias, mas tamb\u00e9m as direcione conforme seus pr\u00f3prios valores. O futuro que antes tem\u00edamos ou admiramos de longe j\u00e1 est\u00e1 operando a pleno vapor em cada clique e decis\u00e3o que tomamos hoje.<\/p>\n","protected":false},"excerpt":{"rendered":"<p>A velocidade das transforma\u00e7\u00f5es globais nos \u00faltimos anos redefiniu permanentemente a percep\u00e7\u00e3o de normalidade em diferentes esferas da sociedade moderna. O que antes habitava o campo da fic\u00e7\u00e3o cient\u00edfica agora sustenta a base das nossas intera\u00e7\u00f5es di\u00e1rias, moldando silenciosamente a forma como vivemos e produzimos. O avan\u00e7o do trabalho h\u00edbrido na cultura organizacional moderna A [&hellip;]<\/p>\n","protected":false},"author":9,"featured_media":233762,"comment_status":"open","ping_status":"open","sticky":false,"template":"","format":"standard","meta":{"_yoast_wpseo_focuskw":"trabalho h\u00edbrido","_yoast_wpseo_title":"","_yoast_wpseo_metadesc":"Trabalho h\u00edbrido, IA e economia da aten\u00e7\u00e3o mostram como a tecnologia j\u00e1 transformou h\u00e1bitos, consumo e comportamento no dia a dia.","jnews-multi-image_gallery":[],"jnews_single_post":{"format":"standard"},"jnews_primary_category":[],"jnews_social_meta":[],"jnews_override_counter":[],"footnotes":""},"categories":[112],"tags":[],"class_list":["post-233242","post","type-post","status-publish","format-standard","has-post-thumbnail","hentry","category-curiosidades"],"yoast_head":"<!-- This site is optimized with the Yoast SEO plugin v24.6 - https:\/\/yoast.com\/wordpress\/plugins\/seo\/ -->\n<title>Muita coisa que parecia imposs\u00edvel no mundo j\u00e1 virou rotina, e quase ningu\u00e9m percebeu o tamanho da mudan\u00e7a - Correio Braziliense - Radar<\/title>\n<meta name=\"description\" content=\"Trabalho h\u00edbrido, IA e economia da aten\u00e7\u00e3o mostram como a tecnologia j\u00e1 transformou h\u00e1bitos, consumo e comportamento no dia a dia.\" \/>\n<meta name=\"robots\" content=\"index, follow, max-snippet:-1, max-image-preview:large, max-video-preview:-1\" \/>\n<link rel=\"canonical\" href=\"https:\/\/www.correiobraziliense.com.br\/cbradar\/muita-coisa-que-parecia-impossivel-no-mundo-ja-virou-rotina-e-quase-ninguem-percebeu-o-tamanho-da-mudanca\/\" \/>\n<meta property=\"og:locale\" content=\"pt_BR\" \/>\n<meta property=\"og:type\" content=\"article\" \/>\n<meta property=\"og:title\" content=\"Muita coisa que parecia imposs\u00edvel no mundo j\u00e1 virou rotina, e quase ningu\u00e9m percebeu o tamanho da mudan\u00e7a - Correio Braziliense - Radar\" \/>\n<meta property=\"og:description\" content=\"Trabalho h\u00edbrido, IA e economia da aten\u00e7\u00e3o mostram como a tecnologia j\u00e1 transformou h\u00e1bitos, consumo e comportamento no dia a dia.\" \/>\n<meta property=\"og:url\" content=\"https:\/\/www.correiobraziliense.com.br\/cbradar\/muita-coisa-que-parecia-impossivel-no-mundo-ja-virou-rotina-e-quase-ninguem-percebeu-o-tamanho-da-mudanca\/\" \/>\n<meta property=\"og:site_name\" content=\"Correio Braziliense - Radar\" \/>\n<meta property=\"article:published_time\" content=\"2026-04-29T22:45:00+00:00\" \/>\n<meta property=\"og:image\" content=\"https:\/\/www.correiobraziliense.com.br\/cbradar\/wp-content\/uploads\/2026\/04\/Person_working_from_202604281401.jpg\" \/>\n\t<meta property=\"og:image:width\" content=\"1280\" \/>\n\t<meta property=\"og:image:height\" content=\"720\" \/>\n\t<meta property=\"og:image:type\" content=\"image\/jpeg\" \/>\n<meta name=\"author\" content=\"Daniely Cardoso\" \/>\n<meta name=\"twitter:card\" content=\"summary_large_image\" \/>\n<meta name=\"twitter:label1\" content=\"Escrito por\" \/>\n\t<meta name=\"twitter:data1\" content=\"Daniely Cardoso\" \/>\n\t<meta name=\"twitter:label2\" content=\"Est. tempo de leitura\" \/>\n\t<meta name=\"twitter:data2\" content=\"5 minutos\" \/>\n<!-- \/ Yoast SEO plugin. -->","yoast_head_json":{"title":"Muita coisa que parecia imposs\u00edvel no mundo j\u00e1 virou rotina, e quase ningu\u00e9m percebeu o tamanho da mudan\u00e7a - Correio Braziliense - Radar","description":"Trabalho h\u00edbrido, IA e economia da aten\u00e7\u00e3o mostram como a tecnologia j\u00e1 transformou h\u00e1bitos, consumo e comportamento no dia a dia.","robots":{"index":"index","follow":"follow","max-snippet":"max-snippet:-1","max-image-preview":"max-image-preview:large","max-video-preview":"max-video-preview:-1"},"canonical":"https:\/\/www.correiobraziliense.com.br\/cbradar\/muita-coisa-que-parecia-impossivel-no-mundo-ja-virou-rotina-e-quase-ninguem-percebeu-o-tamanho-da-mudanca\/","og_locale":"pt_BR","og_type":"article","og_title":"Muita coisa que parecia imposs\u00edvel no mundo j\u00e1 virou rotina, e quase ningu\u00e9m percebeu o tamanho da mudan\u00e7a - Correio Braziliense - Radar","og_description":"Trabalho h\u00edbrido, IA e economia da aten\u00e7\u00e3o mostram como a tecnologia j\u00e1 transformou h\u00e1bitos, consumo e comportamento no dia a dia.","og_url":"https:\/\/www.correiobraziliense.com.br\/cbradar\/muita-coisa-que-parecia-impossivel-no-mundo-ja-virou-rotina-e-quase-ninguem-percebeu-o-tamanho-da-mudanca\/","og_site_name":"Correio Braziliense - Radar","article_published_time":"2026-04-29T22:45:00+00:00","og_image":[{"width":1280,"height":720,"url":"https:\/\/www.correiobraziliense.com.br\/cbradar\/wp-content\/uploads\/2026\/04\/Person_working_from_202604281401.jpg","type":"image\/jpeg"}],"author":"Daniely Cardoso","twitter_card":"summary_large_image","twitter_misc":{"Escrito por":"Daniely Cardoso","Est. tempo de leitura":"5 minutos"},"schema":{"@context":"https:\/\/schema.org","@graph":[{"@type":"WebPage","@id":"https:\/\/www.correiobraziliense.com.br\/cbradar\/muita-coisa-que-parecia-impossivel-no-mundo-ja-virou-rotina-e-quase-ninguem-percebeu-o-tamanho-da-mudanca\/","url":"https:\/\/www.correiobraziliense.com.br\/cbradar\/muita-coisa-que-parecia-impossivel-no-mundo-ja-virou-rotina-e-quase-ninguem-percebeu-o-tamanho-da-mudanca\/","name":"Muita coisa que parecia imposs\u00edvel no mundo j\u00e1 virou rotina, e quase ningu\u00e9m percebeu o tamanho da mudan\u00e7a - Correio Braziliense - Radar","isPartOf":{"@id":"https:\/\/www.correiobraziliense.com.br\/cbradar\/#website"},"primaryImageOfPage":{"@id":"https:\/\/www.correiobraziliense.com.br\/cbradar\/muita-coisa-que-parecia-impossivel-no-mundo-ja-virou-rotina-e-quase-ninguem-percebeu-o-tamanho-da-mudanca\/#primaryimage"},"image":{"@id":"https:\/\/www.correiobraziliense.com.br\/cbradar\/muita-coisa-que-parecia-impossivel-no-mundo-ja-virou-rotina-e-quase-ninguem-percebeu-o-tamanho-da-mudanca\/#primaryimage"},"thumbnailUrl":"https:\/\/www.correiobraziliense.com.br\/cbradar\/wp-content\/uploads\/2026\/04\/Person_working_from_202604281401.jpg","datePublished":"2026-04-29T22:45:00+00:00","author":{"@id":"https:\/\/www.correiobraziliense.com.br\/cbradar\/#\/schema\/person\/7356666e12ec0ee53f348ee5db227032"},"description":"Trabalho h\u00edbrido, IA e economia da aten\u00e7\u00e3o mostram como a tecnologia j\u00e1 transformou h\u00e1bitos, consumo e comportamento no dia a dia.","breadcrumb":{"@id":"https:\/\/www.correiobraziliense.com.br\/cbradar\/muita-coisa-que-parecia-impossivel-no-mundo-ja-virou-rotina-e-quase-ninguem-percebeu-o-tamanho-da-mudanca\/#breadcrumb"},"inLanguage":"pt-BR","potentialAction":[{"@type":"ReadAction","target":["https:\/\/www.correiobraziliense.com.br\/cbradar\/muita-coisa-que-parecia-impossivel-no-mundo-ja-virou-rotina-e-quase-ninguem-percebeu-o-tamanho-da-mudanca\/"]}]},{"@type":"ImageObject","inLanguage":"pt-BR","@id":"https:\/\/www.correiobraziliense.com.br\/cbradar\/muita-coisa-que-parecia-impossivel-no-mundo-ja-virou-rotina-e-quase-ninguem-percebeu-o-tamanho-da-mudanca\/#primaryimage","url":"https:\/\/www.correiobraziliense.com.br\/cbradar\/wp-content\/uploads\/2026\/04\/Person_working_from_202604281401.jpg","contentUrl":"https:\/\/www.correiobraziliense.com.br\/cbradar\/wp-content\/uploads\/2026\/04\/Person_working_from_202604281401.jpg","width":1280,"height":720,"caption":"Trabalhar em casa com chamadas de v\u00eddeo se tornou comum e facilitou a comunica\u00e7\u00e3o em tempo real entre equipes"},{"@type":"BreadcrumbList","@id":"https:\/\/www.correiobraziliense.com.br\/cbradar\/muita-coisa-que-parecia-impossivel-no-mundo-ja-virou-rotina-e-quase-ninguem-percebeu-o-tamanho-da-mudanca\/#breadcrumb","itemListElement":[{"@type":"ListItem","position":1,"name":"In\u00edcio","item":"https:\/\/www.correiobraziliense.com.br\/cbradar\/"},{"@type":"ListItem","position":2,"name":"Muita coisa que parecia imposs\u00edvel no mundo j\u00e1 virou rotina, e quase ningu\u00e9m percebeu o tamanho da mudan\u00e7a"}]},{"@type":"WebSite","@id":"https:\/\/www.correiobraziliense.com.br\/cbradar\/#website","url":"https:\/\/www.correiobraziliense.com.br\/cbradar\/","name":"Correio Braziliense - Radar","description":"Acompanhe as \u00faltimas not\u00edcias e fique bem informado sobre tudo o que acontece no Brasil e no mundo.","potentialAction":[{"@type":"SearchAction","target":{"@type":"EntryPoint","urlTemplate":"https:\/\/www.correiobraziliense.com.br\/cbradar\/?s={search_term_string}"},"query-input":{"@type":"PropertyValueSpecification","valueRequired":true,"valueName":"search_term_string"}}],"inLanguage":"pt-BR"},{"@type":"Person","@id":"https:\/\/www.correiobraziliense.com.br\/cbradar\/#\/schema\/person\/7356666e12ec0ee53f348ee5db227032","name":"Daniely Cardoso","image":{"@type":"ImageObject","inLanguage":"pt-BR","@id":"https:\/\/www.correiobraziliense.com.br\/cbradar\/#\/schema\/person\/image\/","url":"https:\/\/secure.gravatar.com\/avatar\/4b80ddbd124d1f071b626d52d62e5dff?s=96&d=mm&r=g","contentUrl":"https:\/\/secure.gravatar.com\/avatar\/4b80ddbd124d1f071b626d52d62e5dff?s=96&d=mm&r=g","caption":"Daniely Cardoso"},"description":"Redatora nos portais CB Radar e EM Foco, formada pela Universidade Federal de Goi\u00e1s, em Goi\u00e2nia. Apaixonada por comunica\u00e7\u00e3o, arte, decora\u00e7\u00e3o e tend\u00eancias, atuo na produ\u00e7\u00e3o de conte\u00fados envolventes sobre curiosidades, moda, beleza e paisagismo, sempre com um olhar atento \u00e0s novidades do momento.","sameAs":["https:\/\/www.correiobraziliense.com.br\/cbradar"],"url":"https:\/\/www.correiobraziliense.com.br\/cbradar\/author\/danielymyth\/"}]}},"_links":{"self":[{"href":"https:\/\/www.correiobraziliense.com.br\/cbradar\/wp-json\/wp\/v2\/posts\/233242","targetHints":{"allow":["GET"]}}],"collection":[{"href":"https:\/\/www.correiobraziliense.com.br\/cbradar\/wp-json\/wp\/v2\/posts"}],"about":[{"href":"https:\/\/www.correiobraziliense.com.br\/cbradar\/wp-json\/wp\/v2\/types\/post"}],"author":[{"embeddable":true,"href":"https:\/\/www.correiobraziliense.com.br\/cbradar\/wp-json\/wp\/v2\/users\/9"}],"replies":[{"embeddable":true,"href":"https:\/\/www.correiobraziliense.com.br\/cbradar\/wp-json\/wp\/v2\/comments?post=233242"}],"version-history":[{"count":1,"href":"https:\/\/www.correiobraziliense.com.br\/cbradar\/wp-json\/wp\/v2\/posts\/233242\/revisions"}],"predecessor-version":[{"id":233244,"href":"https:\/\/www.correiobraziliense.com.br\/cbradar\/wp-json\/wp\/v2\/posts\/233242\/revisions\/233244"}],"wp:featuredmedia":[{"embeddable":true,"href":"https:\/\/www.correiobraziliense.com.br\/cbradar\/wp-json\/wp\/v2\/media\/233762"}],"wp:attachment":[{"href":"https:\/\/www.correiobraziliense.com.br\/cbradar\/wp-json\/wp\/v2\/media?parent=233242"}],"wp:term":[{"taxonomy":"category","embeddable":true,"href":"https:\/\/www.correiobraziliense.com.br\/cbradar\/wp-json\/wp\/v2\/categories?post=233242"},{"taxonomy":"post_tag","embeddable":true,"href":"https:\/\/www.correiobraziliense.com.br\/cbradar\/wp-json\/wp\/v2\/tags?post=233242"}],"curies":[{"name":"wp","href":"https:\/\/api.w.org\/{rel}","templated":true}]}}