{"id":233245,"date":"2026-04-29T20:25:00","date_gmt":"2026-04-29T23:25:00","guid":{"rendered":"https:\/\/www.correiobraziliense.com.br\/cbradar\/?p=233245"},"modified":"2026-04-28T16:34:40","modified_gmt":"2026-04-28T19:34:40","slug":"a-escola-manda-estudar-mais-mas-especialistas-alertam-que-isso-pode-piorar-o-desempenho-de-muitos-alunos","status":"publish","type":"post","link":"https:\/\/www.correiobraziliense.com.br\/cbradar\/a-escola-manda-estudar-mais-mas-especialistas-alertam-que-isso-pode-piorar-o-desempenho-de-muitos-alunos\/","title":{"rendered":"A escola manda estudar mais, mas especialistas alertam que isso pode piorar o desempenho de muitos alunos"},"content":{"rendered":"\n<p>A cren\u00e7a de que o aumento linear das horas de dedica\u00e7\u00e3o reflete diretamente na qualidade do aprendizado tem sido contestada por descobertas recentes da neuroci\u00eancia. O excesso de carga cognitiva sem o devido descanso pode transformar o esfor\u00e7o em um obst\u00e1culo intranspon\u00edvel para a reten\u00e7\u00e3o de conhecimento a longo prazo.<\/p>\n\n\n\n<h2 class=\"wp-block-heading\">O fen\u00f4meno da fadiga cognitiva e o rendimento acad\u00eamico decrescente<\/h2>\n\n\n\n<p>Quando o c\u00e9rebro \u00e9 exposto a longos per\u00edodos de est\u00edmulo sem pausas regenerativas, ocorre o que especialistas chamam de rendimento decrescente, onde o esfor\u00e7o aumenta mas a absor\u00e7\u00e3o cai. A <strong>fadiga cognitiva<\/strong> compromete a capacidade de foco e a tomada de decis\u00e3o, tornando o processo de aprendizagem ineficiente e extremamente cansativo para o estudante.<\/p>\n\n\n\n<p>Pesquisas indicam que a mem\u00f3ria de trabalho possui um limite biol\u00f3gico de processamento que, se ultrapassado, impede a consolida\u00e7\u00e3o das informa\u00e7\u00f5es no c\u00f3rtex cerebral. Priorizar a qualidade das sess\u00f5es de estudo em vez da quantidade bruta de horas \u00e9 a estrat\u00e9gia mais recomendada para evitar o bloqueio mental e a desmotiva\u00e7\u00e3o precoce.<\/p>\n\n\n<div class=\"wp-block-image\">\n<figure class=\"aligncenter size-full\"><img decoding=\"async\" width=\"1280\" height=\"720\" src=\"https:\/\/www.correiobraziliense.com.br\/cbradar\/wp-content\/uploads\/2026\/04\/tirar-nota-boa-1.jpg\" alt=\"\" class=\"wp-image-230465\" srcset=\"https:\/\/www.correiobraziliense.com.br\/cbradar\/wp-content\/uploads\/2026\/04\/tirar-nota-boa-1.jpg 1280w, https:\/\/www.correiobraziliense.com.br\/cbradar\/wp-content\/uploads\/2026\/04\/tirar-nota-boa-1-300x169.jpg 300w, https:\/\/www.correiobraziliense.com.br\/cbradar\/wp-content\/uploads\/2026\/04\/tirar-nota-boa-1-768x432.jpg 768w, https:\/\/www.correiobraziliense.com.br\/cbradar\/wp-content\/uploads\/2026\/04\/tirar-nota-boa-1-750x422.jpg 750w, https:\/\/www.correiobraziliense.com.br\/cbradar\/wp-content\/uploads\/2026\/04\/tirar-nota-boa-1-1140x641.jpg 1140w\" sizes=\"(max-width: 1280px) 100vw, 1280px\" \/><figcaption class=\"wp-element-caption\">O segredo para n\u00e3o perceber o erro tarde demais est\u00e1 em usar o celular como um suporte para a execu\u00e7\u00e3o<\/figcaption><\/figure><\/div>\n\n\n<p>Leia tamb\u00e9m: <a href=\"https:\/\/www.correiobraziliense.com.br\/cbradar\/?p=231207\" target=\"_blank\" rel=\"noreferrer noopener\">Crian\u00e7as que convivem com av\u00f3s desenvolvem habilidades importantes que v\u00e3o al\u00e9m da sala de aula<\/a><\/p>\n\n\n\n<h2 class=\"wp-block-heading\">Como a press\u00e3o escolar excessiva afeta a sa\u00fade emocional dos jovens<\/h2>\n\n\n\n<p>A cobran\u00e7a por resultados imediatos e jornadas de estudo exaustivas tem contribu\u00eddo para o aumento de casos de ansiedade e estresse cr\u00f4nico em institui\u00e7\u00f5es de ensino no <strong>Brasil<\/strong>. A <strong>sa\u00fade emocional<\/strong> do aluno \u00e9 o alicerce para qualquer progresso intelectual, e negligenciar o lazer ou o sono pode anular os benef\u00edcios de uma rotina acad\u00eamica rigorosa.<\/p>\n\n\n\n<p>Institui\u00e7\u00f5es que promovem um ambiente de alta press\u00e3o sem suporte psicol\u00f3gico acabam por afastar o jovem do prazer de aprender, transformando a educa\u00e7\u00e3o em um fardo. \u00c9 fundamental observar sinais de irritabilidade ou isolamento social, pois eles indicam que o limite psicol\u00f3gico foi atingido e que uma pausa estrat\u00e9gica \u00e9 necess\u00e1ria.<\/p>\n\n\n\n<h2 class=\"wp-block-heading\">A import\u00e2ncia do descanso para a consolida\u00e7\u00e3o da mem\u00f3ria de longo prazo<\/h2>\n\n\n\n<p>A ci\u00eancia demonstra que \u00e9 durante o sono profundo e os momentos de \u00f3cio que o c\u00e9rebro organiza as sinapses e fixa o conte\u00fado estudado durante o dia. Sem o <strong>descanso restaurador<\/strong>, a informa\u00e7\u00e3o permanece vol\u00e1til, sendo facilmente descartada pelo sistema nervoso para poupar energia, o que explica o esquecimento r\u00e1pido ap\u00f3s provas de grande press\u00e3o.<\/p>\n\n\n<div class=\"wp-block-image\">\n<figure class=\"aligncenter size-full\"><img decoding=\"async\" width=\"1280\" height=\"720\" src=\"https:\/\/www.correiobraziliense.com.br\/cbradar\/wp-content\/uploads\/2026\/04\/estudar.jpg\" alt=\"\" class=\"wp-image-228652\" srcset=\"https:\/\/www.correiobraziliense.com.br\/cbradar\/wp-content\/uploads\/2026\/04\/estudar.jpg 1280w, https:\/\/www.correiobraziliense.com.br\/cbradar\/wp-content\/uploads\/2026\/04\/estudar-300x169.jpg 300w, https:\/\/www.correiobraziliense.com.br\/cbradar\/wp-content\/uploads\/2026\/04\/estudar-768x432.jpg 768w, https:\/\/www.correiobraziliense.com.br\/cbradar\/wp-content\/uploads\/2026\/04\/estudar-750x422.jpg 750w, https:\/\/www.correiobraziliense.com.br\/cbradar\/wp-content\/uploads\/2026\/04\/estudar-1140x641.jpg 1140w\" sizes=\"(max-width: 1280px) 100vw, 1280px\" \/><figcaption class=\"wp-element-caption\">Lutar contra essa queda natural exige um cronograma que respeite os intervalos biol\u00f3gicos de descanso<\/figcaption><\/figure><\/div>\n\n\n<p><em>Fato cient\u00edfico:<\/em> A neuroplasticidade, essencial para aprender novas habilidades, depende de ciclos biol\u00f3gicos est\u00e1veis para ocorrer de forma plena e eficiente. Alternar per\u00edodos de foco intenso com intervalos curtos pode aumentar significativamente a produtividade sem sobrecarregar a estrutura neural do aluno.<\/p>\n\n\n\n<h2 class=\"wp-block-heading\">Estrat\u00e9gias de estudo inteligente versus m\u00e9todos de repeti\u00e7\u00e3o exaustiva<\/h2>\n\n\n\n<p>O <strong>estudo ativo<\/strong> surge como uma alternativa eficaz \u00e0 leitura passiva e repetitiva, focando na aplica\u00e7\u00e3o pr\u00e1tica do conhecimento e na autoexplica\u00e7\u00e3o de conceitos. Esse m\u00e9todo permite que o estudante identifique lacunas de compreens\u00e3o rapidamente, otimizando o tempo gasto e reduzindo a necessidade de virar noites sobre os livros.<\/p>\n\n\n\n<link href=\"https:\/\/fonts.googleapis.com\/css2?family=Inter:wght@400;600;700;800&#038;display=swap\" rel=\"stylesheet\">\n<style>\n\/* Prote\u00e7\u00e3o contra inje\u00e7\u00e3o do \"Veja Tamb\u00e9m\" (JNews inline related posts) *\/\n.rdp-pontos-wrapper .jnews_inline_related_post_wrapper,\n.rdp-pontos-wrapper .jnews_inline_related_post,\n.rdp-pontos-wrapper .jeg_postblock,\n.rdp-pontos-wrapper [class*=\"jnews_inline\"],\n.rdp-pontos-wrapper [class*=\"jeg_postblock\"],\n.rdp-pontos-wrapper [class*=\"jeg_block\"] {\n  display: none !important;\n  height: 0 !important;\n  max-height: 0 !important;\n  overflow: hidden !important;\n  visibility: hidden !important;\n  margin: 0 !important;\n  padding: 0 !important;\n  border: none !important;\n  font-size: 0 !important;\n  line-height: 0 !important;\n}\n.rdp-pontos-wrapper {\n  max-width: 100%;\n  margin: 32px 0;\n  background: #F8F9FA;\n  border: 1px solid #E0E0E0;\n  border-radius: 12px;\n  padding: 28px 28px 20px;\n  font-family: 'Inter', sans-serif;\n  box-shadow: 0 4px 20px rgba(47,195,238,0.12);\n  overflow: hidden;\n  contain: layout style;\n  isolation: isolate;\n  position: relative;\n  z-index: 1;\n}\n.rdp-pontos-wrapper > *:not(.rdp-pontos-title):not(.rdp-pontos-grid) {\n  display: none !important;\n  height: 0 !important;\n  overflow: hidden !important;\n  margin: 0 !important;\n  padding: 0 !important;\n  border: none !important;\n}\n.rdp-pontos-title {\n  font-family: 'Inter', sans-serif;\n  font-size: 20px;\n  font-weight: 800;\n  color: #1A1A1A;\n  margin: 0 0 20px 0;\n  line-height: 1.3;\n  text-align: center;\n}\n.rdp-pontos-grid {\n  display: grid;\n  grid-template-columns: repeat(2, 1fr);\n  gap: 18px;\n}\n.rdp-pontos-item {\n  background: #FFFFFF;\n  border: 1px solid #E0E0E0;\n  border-top: 3px solid #2FC3EE;\n  border-radius: 10px;\n  padding: 22px 20px;\n  box-shadow: 0 2px 10px rgba(47,195,238,0.10);\n  transition: box-shadow 0.3s ease, border-color 0.3s ease;\n  text-align: center;\n}\n.rdp-pontos-item:hover {\n  box-shadow: 0 4px 20px rgba(47,195,238,0.22);\n  border-color: #2FC3EE;\n}\n.rdp-pontos-emoji {\n  font-size: 32px;\n  line-height: 1;\n  margin-bottom: 12px;\n  display: block;\n  text-align: center;\n}\n.rdp-pontos-item-title {\n  font-size: 15px;\n  font-weight: 700;\n  color: #1A1A1A;\n  margin-bottom: 8px;\n  line-height: 1.3;\n}\n.rdp-pontos-item-desc {\n  font-size: 14px;\n  color: #333333;\n  line-height: 1.6;\n  margin: 0;\n}\n@media (max-width: 768px) {\n  .rdp-pontos-wrapper {\n    padding: 20px 16px 14px;\n  }\n  .rdp-pontos-grid {\n    grid-template-columns: 1fr;\n    gap: 14px;\n  }\n  .rdp-pontos-title {\n    font-size: 18px;\n  }\n}\n<\/style>\n\n<div class=\"rdp-pontos-wrapper\">\n  <div class=\"rdp-pontos-title\">Estrat\u00e9gias de Aprendizado Eficiente<\/div>\n  <div class=\"rdp-pontos-grid\">\n    <div class=\"rdp-pontos-item\">\n      <span class=\"rdp-pontos-emoji\">\ud83e\udde0<\/span>\n      <div class=\"rdp-pontos-item-title\">Recupera\u00e7\u00e3o Ativa<\/div>\n      <p class=\"rdp-pontos-item-desc\">Pr\u00e1tica de recupera\u00e7\u00e3o para fortalecer a mem\u00f3ria a longo prazo sem gerar fadiga mental.<\/p>\n    <\/div>\n    <div class=\"rdp-pontos-item\">\n      <span class=\"rdp-pontos-emoji\">\ud83d\udcc5<\/span>\n      <div class=\"rdp-pontos-item-title\">Estudo Distribu\u00eddo<\/div>\n      <p class=\"rdp-pontos-item-desc\">Distribui\u00e7\u00e3o do conte\u00fado em pequenos blocos consistentes ao longo da semana.<\/p>\n    <\/div>\n    <div class=\"rdp-pontos-item\">\n      <span class=\"rdp-pontos-emoji\">\ud83d\uddfa\ufe0f<\/span>\n      <div class=\"rdp-pontos-item-title\">Mapas Mentais<\/div>\n      <p class=\"rdp-pontos-item-desc\">Utiliza\u00e7\u00e3o de diagramas para organizar o racioc\u00ednio visual e conectar ideias complexas.<\/p>\n    <\/div>\n    <div class=\"rdp-pontos-item\">\n      <span class=\"rdp-pontos-emoji\">\u23f2\ufe0f<\/span>\n      <div class=\"rdp-pontos-item-title\">T\u00e9cnica Pomodoro<\/div>\n      <p class=\"rdp-pontos-item-desc\">Intervalos regulares para manter o foco e a produtividade durante as sess\u00f5es de estudo.<\/p>\n    <\/div>\n    <div class=\"rdp-pontos-item\" style=\"grid-column: span 2;\">\n      <span class=\"rdp-pontos-emoji\">\u270d\ufe0f<\/span>\n      <div class=\"rdp-pontos-item-title\">Aplica\u00e7\u00e3o Pr\u00e1tica<\/div>\n      <p class=\"rdp-pontos-item-desc\">Foco em exerc\u00edcios pr\u00e1ticos para validar e consolidar o entendimento te\u00f3rico adquirido.<\/p>\n    <\/div>\n  <\/div>\n<\/div>\n<div style=\"clear:both;height:0;overflow:hidden;\"><\/div>\n\n\n\n<p>Adotar uma abordagem qualitativa permite que o aprendizado seja mais profundo e menos estressante, garantindo que o conhecimento se torne parte do repert\u00f3rio permanente do aluno. Avaliar o pr\u00f3prio n\u00edvel de energia antes de iniciar uma nova mat\u00e9ria ajuda a definir se o momento \u00e9 de avan\u00e7ar ou de recuar para descansar.<\/p>\n\n\n\n<h2 class=\"wp-block-heading\">Equil\u00edbrio entre dedica\u00e7\u00e3o e bem-estar define o sucesso no aprendizado<\/h2>\n\n\n\n<p>O segredo para um desempenho acima da m\u00e9dia n\u00e3o reside na exaust\u00e3o, mas na capacidade de gerenciar o pr\u00f3prio ritmo de forma consciente e estrat\u00e9gica. Entender que o corpo e a mente possuem limites operacionais \u00e9 o que diferencia os estudantes que prosperam daqueles que desistem no meio do caminho por esgotamento.<\/p>\n\n\n\n<p>Ao alinhar as expectativas da escola com as necessidades biol\u00f3gicas individuais, cria-se um caminho sustent\u00e1vel para a excel\u00eancia acad\u00eamica e profissional. O aprendizado real acontece quando h\u00e1 espa\u00e7o para o questionamento, para a falha e, principalmente, para o repouso que prepara o terreno para as pr\u00f3ximas descobertas.<\/p>\n","protected":false},"excerpt":{"rendered":"<p>A cren\u00e7a de que o aumento linear das horas de dedica\u00e7\u00e3o reflete diretamente na qualidade do aprendizado tem sido contestada por descobertas recentes da neuroci\u00eancia. O excesso de carga cognitiva sem o devido descanso pode transformar o esfor\u00e7o em um obst\u00e1culo intranspon\u00edvel para a reten\u00e7\u00e3o de conhecimento a longo prazo. O fen\u00f4meno da fadiga cognitiva [&hellip;]<\/p>\n","protected":false},"author":9,"featured_media":233765,"comment_status":"open","ping_status":"open","sticky":false,"template":"","format":"standard","meta":{"_yoast_wpseo_focuskw":"estudar mais","_yoast_wpseo_title":"","_yoast_wpseo_metadesc":"Neuroci\u00eancia mostra que pausas, sono e estudo ativo melhoram a mem\u00f3ria e o rendimento mais do que longas horas de estudo cont\u00ednuo.","jnews-multi-image_gallery":[],"jnews_single_post":{"format":"standard"},"jnews_primary_category":[],"jnews_social_meta":[],"jnews_override_counter":[],"footnotes":""},"categories":[112],"tags":[],"class_list":["post-233245","post","type-post","status-publish","format-standard","has-post-thumbnail","hentry","category-curiosidades"],"yoast_head":"<!-- This site is optimized with the Yoast SEO plugin v24.6 - https:\/\/yoast.com\/wordpress\/plugins\/seo\/ -->\n<title>A escola manda estudar mais, mas especialistas alertam que isso pode piorar o desempenho de muitos alunos - Correio Braziliense - Radar<\/title>\n<meta name=\"description\" content=\"Neuroci\u00eancia mostra que pausas, sono e estudo ativo melhoram a mem\u00f3ria e o rendimento mais do que longas horas de estudo cont\u00ednuo.\" \/>\n<meta name=\"robots\" content=\"index, follow, max-snippet:-1, max-image-preview:large, max-video-preview:-1\" \/>\n<link rel=\"canonical\" href=\"https:\/\/www.correiobraziliense.com.br\/cbradar\/a-escola-manda-estudar-mais-mas-especialistas-alertam-que-isso-pode-piorar-o-desempenho-de-muitos-alunos\/\" \/>\n<meta property=\"og:locale\" content=\"pt_BR\" \/>\n<meta property=\"og:type\" content=\"article\" \/>\n<meta property=\"og:title\" content=\"A escola manda estudar mais, mas especialistas alertam que isso pode piorar o desempenho de muitos alunos - Correio Braziliense - Radar\" \/>\n<meta property=\"og:description\" content=\"Neuroci\u00eancia mostra que pausas, sono e estudo ativo melhoram a mem\u00f3ria e o rendimento mais do que longas horas de estudo cont\u00ednuo.\" \/>\n<meta property=\"og:url\" content=\"https:\/\/www.correiobraziliense.com.br\/cbradar\/a-escola-manda-estudar-mais-mas-especialistas-alertam-que-isso-pode-piorar-o-desempenho-de-muitos-alunos\/\" \/>\n<meta property=\"og:site_name\" content=\"Correio Braziliense - Radar\" \/>\n<meta property=\"article:published_time\" content=\"2026-04-29T23:25:00+00:00\" \/>\n<meta property=\"og:image\" content=\"https:\/\/www.correiobraziliense.com.br\/cbradar\/wp-content\/uploads\/2026\/04\/Aluno_cansado_com_202604281350.jpg\" \/>\n\t<meta property=\"og:image:width\" content=\"1280\" \/>\n\t<meta property=\"og:image:height\" content=\"720\" \/>\n\t<meta property=\"og:image:type\" content=\"image\/jpeg\" \/>\n<meta name=\"author\" content=\"Daniely Cardoso\" \/>\n<meta name=\"twitter:card\" content=\"summary_large_image\" \/>\n<meta name=\"twitter:label1\" content=\"Escrito por\" \/>\n\t<meta name=\"twitter:data1\" content=\"Daniely Cardoso\" \/>\n\t<meta name=\"twitter:label2\" content=\"Est. tempo de leitura\" \/>\n\t<meta name=\"twitter:data2\" content=\"5 minutos\" \/>\n<!-- \/ Yoast SEO plugin. -->","yoast_head_json":{"title":"A escola manda estudar mais, mas especialistas alertam que isso pode piorar o desempenho de muitos alunos - Correio Braziliense - Radar","description":"Neuroci\u00eancia mostra que pausas, sono e estudo ativo melhoram a mem\u00f3ria e o rendimento mais do que longas horas de estudo cont\u00ednuo.","robots":{"index":"index","follow":"follow","max-snippet":"max-snippet:-1","max-image-preview":"max-image-preview:large","max-video-preview":"max-video-preview:-1"},"canonical":"https:\/\/www.correiobraziliense.com.br\/cbradar\/a-escola-manda-estudar-mais-mas-especialistas-alertam-que-isso-pode-piorar-o-desempenho-de-muitos-alunos\/","og_locale":"pt_BR","og_type":"article","og_title":"A escola manda estudar mais, mas especialistas alertam que isso pode piorar o desempenho de muitos alunos - Correio Braziliense - Radar","og_description":"Neuroci\u00eancia mostra que pausas, sono e estudo ativo melhoram a mem\u00f3ria e o rendimento mais do que longas horas de estudo cont\u00ednuo.","og_url":"https:\/\/www.correiobraziliense.com.br\/cbradar\/a-escola-manda-estudar-mais-mas-especialistas-alertam-que-isso-pode-piorar-o-desempenho-de-muitos-alunos\/","og_site_name":"Correio Braziliense - Radar","article_published_time":"2026-04-29T23:25:00+00:00","og_image":[{"width":1280,"height":720,"url":"https:\/\/www.correiobraziliense.com.br\/cbradar\/wp-content\/uploads\/2026\/04\/Aluno_cansado_com_202604281350.jpg","type":"image\/jpeg"}],"author":"Daniely Cardoso","twitter_card":"summary_large_image","twitter_misc":{"Escrito por":"Daniely Cardoso","Est. tempo de leitura":"5 minutos"},"schema":{"@context":"https:\/\/schema.org","@graph":[{"@type":"WebPage","@id":"https:\/\/www.correiobraziliense.com.br\/cbradar\/a-escola-manda-estudar-mais-mas-especialistas-alertam-que-isso-pode-piorar-o-desempenho-de-muitos-alunos\/","url":"https:\/\/www.correiobraziliense.com.br\/cbradar\/a-escola-manda-estudar-mais-mas-especialistas-alertam-que-isso-pode-piorar-o-desempenho-de-muitos-alunos\/","name":"A escola manda estudar mais, mas especialistas alertam que isso pode piorar o desempenho de muitos alunos - Correio Braziliense - Radar","isPartOf":{"@id":"https:\/\/www.correiobraziliense.com.br\/cbradar\/#website"},"primaryImageOfPage":{"@id":"https:\/\/www.correiobraziliense.com.br\/cbradar\/a-escola-manda-estudar-mais-mas-especialistas-alertam-que-isso-pode-piorar-o-desempenho-de-muitos-alunos\/#primaryimage"},"image":{"@id":"https:\/\/www.correiobraziliense.com.br\/cbradar\/a-escola-manda-estudar-mais-mas-especialistas-alertam-que-isso-pode-piorar-o-desempenho-de-muitos-alunos\/#primaryimage"},"thumbnailUrl":"https:\/\/www.correiobraziliense.com.br\/cbradar\/wp-content\/uploads\/2026\/04\/Aluno_cansado_com_202604281350.jpg","datePublished":"2026-04-29T23:25:00+00:00","author":{"@id":"https:\/\/www.correiobraziliense.com.br\/cbradar\/#\/schema\/person\/7356666e12ec0ee53f348ee5db227032"},"description":"Neuroci\u00eancia mostra que pausas, sono e estudo ativo melhoram a mem\u00f3ria e o rendimento mais do que longas horas de estudo cont\u00ednuo.","breadcrumb":{"@id":"https:\/\/www.correiobraziliense.com.br\/cbradar\/a-escola-manda-estudar-mais-mas-especialistas-alertam-que-isso-pode-piorar-o-desempenho-de-muitos-alunos\/#breadcrumb"},"inLanguage":"pt-BR","potentialAction":[{"@type":"ReadAction","target":["https:\/\/www.correiobraziliense.com.br\/cbradar\/a-escola-manda-estudar-mais-mas-especialistas-alertam-que-isso-pode-piorar-o-desempenho-de-muitos-alunos\/"]}]},{"@type":"ImageObject","inLanguage":"pt-BR","@id":"https:\/\/www.correiobraziliense.com.br\/cbradar\/a-escola-manda-estudar-mais-mas-especialistas-alertam-que-isso-pode-piorar-o-desempenho-de-muitos-alunos\/#primaryimage","url":"https:\/\/www.correiobraziliense.com.br\/cbradar\/wp-content\/uploads\/2026\/04\/Aluno_cansado_com_202604281350.jpg","contentUrl":"https:\/\/www.correiobraziliense.com.br\/cbradar\/wp-content\/uploads\/2026\/04\/Aluno_cansado_com_202604281350.jpg","width":1280,"height":720,"caption":"Estudar por longas horas sem pausas pode reduzir a reten\u00e7\u00e3o de conte\u00fado"},{"@type":"BreadcrumbList","@id":"https:\/\/www.correiobraziliense.com.br\/cbradar\/a-escola-manda-estudar-mais-mas-especialistas-alertam-que-isso-pode-piorar-o-desempenho-de-muitos-alunos\/#breadcrumb","itemListElement":[{"@type":"ListItem","position":1,"name":"In\u00edcio","item":"https:\/\/www.correiobraziliense.com.br\/cbradar\/"},{"@type":"ListItem","position":2,"name":"A escola manda estudar mais, mas especialistas alertam que isso pode piorar o desempenho de muitos alunos"}]},{"@type":"WebSite","@id":"https:\/\/www.correiobraziliense.com.br\/cbradar\/#website","url":"https:\/\/www.correiobraziliense.com.br\/cbradar\/","name":"Correio Braziliense - Radar","description":"Acompanhe as \u00faltimas not\u00edcias e fique bem informado sobre tudo o que acontece no Brasil e no mundo.","potentialAction":[{"@type":"SearchAction","target":{"@type":"EntryPoint","urlTemplate":"https:\/\/www.correiobraziliense.com.br\/cbradar\/?s={search_term_string}"},"query-input":{"@type":"PropertyValueSpecification","valueRequired":true,"valueName":"search_term_string"}}],"inLanguage":"pt-BR"},{"@type":"Person","@id":"https:\/\/www.correiobraziliense.com.br\/cbradar\/#\/schema\/person\/7356666e12ec0ee53f348ee5db227032","name":"Daniely Cardoso","image":{"@type":"ImageObject","inLanguage":"pt-BR","@id":"https:\/\/www.correiobraziliense.com.br\/cbradar\/#\/schema\/person\/image\/","url":"https:\/\/secure.gravatar.com\/avatar\/4b80ddbd124d1f071b626d52d62e5dff?s=96&d=mm&r=g","contentUrl":"https:\/\/secure.gravatar.com\/avatar\/4b80ddbd124d1f071b626d52d62e5dff?s=96&d=mm&r=g","caption":"Daniely Cardoso"},"description":"Redatora nos portais CB Radar e EM Foco, formada pela Universidade Federal de Goi\u00e1s, em Goi\u00e2nia. Apaixonada por comunica\u00e7\u00e3o, arte, decora\u00e7\u00e3o e tend\u00eancias, atuo na produ\u00e7\u00e3o de conte\u00fados envolventes sobre curiosidades, moda, beleza e paisagismo, sempre com um olhar atento \u00e0s novidades do momento.","sameAs":["https:\/\/www.correiobraziliense.com.br\/cbradar"],"url":"https:\/\/www.correiobraziliense.com.br\/cbradar\/author\/danielymyth\/"}]}},"_links":{"self":[{"href":"https:\/\/www.correiobraziliense.com.br\/cbradar\/wp-json\/wp\/v2\/posts\/233245","targetHints":{"allow":["GET"]}}],"collection":[{"href":"https:\/\/www.correiobraziliense.com.br\/cbradar\/wp-json\/wp\/v2\/posts"}],"about":[{"href":"https:\/\/www.correiobraziliense.com.br\/cbradar\/wp-json\/wp\/v2\/types\/post"}],"author":[{"embeddable":true,"href":"https:\/\/www.correiobraziliense.com.br\/cbradar\/wp-json\/wp\/v2\/users\/9"}],"replies":[{"embeddable":true,"href":"https:\/\/www.correiobraziliense.com.br\/cbradar\/wp-json\/wp\/v2\/comments?post=233245"}],"version-history":[{"count":1,"href":"https:\/\/www.correiobraziliense.com.br\/cbradar\/wp-json\/wp\/v2\/posts\/233245\/revisions"}],"predecessor-version":[{"id":233246,"href":"https:\/\/www.correiobraziliense.com.br\/cbradar\/wp-json\/wp\/v2\/posts\/233245\/revisions\/233246"}],"wp:featuredmedia":[{"embeddable":true,"href":"https:\/\/www.correiobraziliense.com.br\/cbradar\/wp-json\/wp\/v2\/media\/233765"}],"wp:attachment":[{"href":"https:\/\/www.correiobraziliense.com.br\/cbradar\/wp-json\/wp\/v2\/media?parent=233245"}],"wp:term":[{"taxonomy":"category","embeddable":true,"href":"https:\/\/www.correiobraziliense.com.br\/cbradar\/wp-json\/wp\/v2\/categories?post=233245"},{"taxonomy":"post_tag","embeddable":true,"href":"https:\/\/www.correiobraziliense.com.br\/cbradar\/wp-json\/wp\/v2\/tags?post=233245"}],"curies":[{"name":"wp","href":"https:\/\/api.w.org\/{rel}","templated":true}]}}