{"id":233247,"date":"2026-04-29T08:15:00","date_gmt":"2026-04-29T11:15:00","guid":{"rendered":"https:\/\/www.correiobraziliense.com.br\/cbradar\/?p=233247"},"modified":"2026-04-28T14:48:24","modified_gmt":"2026-04-28T17:48:24","slug":"quais-sao-as-racas-de-caes-mais-faceis-de-socializar-com-criancas","status":"publish","type":"post","link":"https:\/\/www.correiobraziliense.com.br\/cbradar\/quais-sao-as-racas-de-caes-mais-faceis-de-socializar-com-criancas\/","title":{"rendered":"Quais s\u00e3o as ra\u00e7as de c\u00e3es mais f\u00e1ceis de socializar com crian\u00e7as"},"content":{"rendered":"\n<p>A escolha de um novo integrante para a fam\u00edlia exige aten\u00e7\u00e3o redobrada \u00e0 gen\u00e9tica e ao temperamento espec\u00edfico de cada animal para garantir a seguran\u00e7a dos pequenos. Algumas linhagens se destacam naturalmente por apresentarem uma paci\u00eancia elevada e uma capacidade de aprendizado que facilita a conviv\u00eancia em ambientes dom\u00e9sticos agitados.<\/p>\n\n\n\n<h2 class=\"wp-block-heading\">O temperamento d\u00f3cil do Golden Retriever como refer\u00eancia familiar<\/h2>\n\n\n\n<p>O <strong>Golden Retriever<\/strong> \u00e9 amplamente reconhecido como uma das ra\u00e7as mais inteligentes e gentis do mundo, sendo a escolha principal para fam\u00edlias que buscam equil\u00edbrio. Sua disposi\u00e7\u00e3o natural para agradar os donos faz com que o treinamento b\u00e1sico de obedi\u00eancia seja absorvido com rapidez, minimizando comportamentos indesejados durante as brincadeiras infantis.<\/p>\n\n\n\n<p>Al\u00e9m da facilidade em aprender comandos, esses c\u00e3es possuem uma sensibilidade agu\u00e7ada para detectar as emo\u00e7\u00f5es humanas, o que os torna excelentes companheiros terap\u00eauticos. Essa caracter\u00edstica permite que o animal mantenha a calma mesmo em situa\u00e7\u00f5es de barulho ou movimentos bruscos, situa\u00e7\u00f5es muito comuns em casas com crian\u00e7as pequenas.<\/p>\n\n\n<div class=\"wp-block-image\">\n<figure class=\"aligncenter size-full\"><img decoding=\"async\" width=\"1280\" height=\"720\" src=\"https:\/\/www.correiobraziliense.com.br\/cbradar\/wp-content\/uploads\/2026\/04\/golden.jpg\" alt=\"\" class=\"wp-image-233248\" srcset=\"https:\/\/www.correiobraziliense.com.br\/cbradar\/wp-content\/uploads\/2026\/04\/golden.jpg 1280w, https:\/\/www.correiobraziliense.com.br\/cbradar\/wp-content\/uploads\/2026\/04\/golden-300x169.jpg 300w, https:\/\/www.correiobraziliense.com.br\/cbradar\/wp-content\/uploads\/2026\/04\/golden-768x432.jpg 768w, https:\/\/www.correiobraziliense.com.br\/cbradar\/wp-content\/uploads\/2026\/04\/golden-750x422.jpg 750w, https:\/\/www.correiobraziliense.com.br\/cbradar\/wp-content\/uploads\/2026\/04\/golden-1140x641.jpg 1140w\" sizes=\"(max-width: 1280px) 100vw, 1280px\" \/><figcaption class=\"wp-element-caption\">O Golden Retriever \u00e9 amplamente reconhecido como uma das ra\u00e7as mais inteligentes e gentis do mundo<\/figcaption><\/figure><\/div>\n\n\n<p>Leia tamb\u00e9m: <a href=\"https:\/\/www.correiobraziliense.com.br\/cbradar\/racas-de-caes-protetores-que-defendem-a-casa-sem-latir-o-tempo-todo\/\" target=\"_blank\" rel=\"noreferrer noopener\">Ra\u00e7as de c\u00e3es protetores que defendem a casa sem latir o tempo todo<\/a><\/p>\n\n\n\n<h2 class=\"wp-block-heading\">A versatilidade do Labrador Retriever em ambientes din\u00e2micos<\/h2>\n\n\n\n<p>O <strong>Labrador Retriever<\/strong> compartilha a intelig\u00eancia de seus primos <strong>Goldens<\/strong>, mas adiciona uma camada extra de energia e resist\u00eancia f\u00edsica para atividades ao ar livre. Esta ra\u00e7a \u00e9 famosa por sua natureza amig\u00e1vel e pela aus\u00eancia de tra\u00e7os de agressividade, o que facilita a integra\u00e7\u00e3o com outros animais de estima\u00e7\u00e3o e visitas desconhecidas.<\/p>\n\n\n\n<p>Por ser um c\u00e3o extremamente focado em recompensas, o uso de petiscos no adestramento do <strong>Labrador<\/strong> traz resultados surpreendentes em poucos dias de pr\u00e1tica constante. Manter uma rotina de exerc\u00edcios f\u00edsicos \u00e9 essencial para que o animal canalize sua disposi\u00e7\u00e3o de forma saud\u00e1vel, evitando que a ansiedade prejudique a intera\u00e7\u00e3o dentro de casa.<\/p>\n\n\n\n<h2 class=\"wp-block-heading\">Beagle e a sociabilidade aliada ao esp\u00edrito de explora\u00e7\u00e3o<\/h2>\n\n\n\n<p>O <strong>Beagle<\/strong> \u00e9 um c\u00e3o de porte m\u00e9dio que conquista pelo seu entusiasmo e lealdade incondicional, adaptando-se muito bem a espa\u00e7os menores como apartamentos. Sua origem como c\u00e3o de ca\u00e7a em matilha conferiu a ele um instinto social muito forte, o que faz com que ele enxergue as crian\u00e7as como parte fundamental do seu grupo.<\/p>\n\n\n<div class=\"wp-block-image\">\n<figure class=\"aligncenter size-full\"><img decoding=\"async\" width=\"1280\" height=\"720\" src=\"https:\/\/www.correiobraziliense.com.br\/cbradar\/wp-content\/uploads\/2026\/04\/Beagle-_1777336185447.jpg\" alt=\"\" class=\"wp-image-233249\" srcset=\"https:\/\/www.correiobraziliense.com.br\/cbradar\/wp-content\/uploads\/2026\/04\/Beagle-_1777336185447.jpg 1280w, https:\/\/www.correiobraziliense.com.br\/cbradar\/wp-content\/uploads\/2026\/04\/Beagle-_1777336185447-300x169.jpg 300w, https:\/\/www.correiobraziliense.com.br\/cbradar\/wp-content\/uploads\/2026\/04\/Beagle-_1777336185447-768x432.jpg 768w, https:\/\/www.correiobraziliense.com.br\/cbradar\/wp-content\/uploads\/2026\/04\/Beagle-_1777336185447-750x422.jpg 750w, https:\/\/www.correiobraziliense.com.br\/cbradar\/wp-content\/uploads\/2026\/04\/Beagle-_1777336185447-1140x641.jpg 1140w\" sizes=\"(max-width: 1280px) 100vw, 1280px\" \/><figcaption class=\"wp-element-caption\">O Beagle \u00e9 um c\u00e3o de porte m\u00e9dio que conquista pelo seu entusiasmo e lealdade incondicional &#8211; Cr\u00e9ditos: depositphotos.com \/ IgorVetushko<\/figcaption><\/figure><\/div>\n\n\n<p><em>Dica de conviv\u00eancia:<\/em> Embora sejam teimosos em trilhas de farejo, os <strong>Beagles<\/strong> respondem muito bem ao refor\u00e7o positivo e ao conv\u00edvio social intenso desde os primeiros meses de vida. Estimular o olfato do c\u00e3o com jogos de esconder objetos pode ser uma atividade divertida que envolve as crian\u00e7as e gasta a energia mental do pet de forma produtiva.<\/p>\n\n\n\n<h2 class=\"wp-block-heading\">Como garantir uma socializa\u00e7\u00e3o segura entre pets e crian\u00e7as<\/h2>\n\n\n\n<p>Independentemente da ra\u00e7a escolhida, o processo de socializa\u00e7\u00e3o deve ser supervisionado por adultos para estabelecer limites claros de respeito m\u00fatuo entre o c\u00e3o e a crian\u00e7a. O <strong>treinamento de obedi\u00eancia<\/strong> precoce ajuda o animal a entender seu lugar na hierarquia familiar, reduzindo riscos de acidentes causados por empolga\u00e7\u00e3o excessiva ou prote\u00e7\u00e3o de recursos.<\/p>\n\n\n\n<link href=\"https:\/\/fonts.googleapis.com\/css2?family=Inter:wght@400;600;700;800&#038;display=swap\" rel=\"stylesheet\">\n<style>\n\/* Prote\u00e7\u00e3o contra inje\u00e7\u00e3o do \"Veja Tamb\u00e9m\" (JNews inline related posts) *\/\n.rdp-pontos-wrapper .jnews_inline_related_post_wrapper,\n.rdp-pontos-wrapper .jnews_inline_related_post,\n.rdp-pontos-wrapper .jeg_postblock,\n.rdp-pontos-wrapper [class*=\"jnews_inline\"],\n.rdp-pontos-wrapper [class*=\"jeg_postblock\"],\n.rdp-pontos-wrapper [class*=\"jeg_block\"] {\n  display: none !important;\n  height: 0 !important;\n  max-height: 0 !important;\n  overflow: hidden !important;\n  visibility: hidden !important;\n  margin: 0 !important;\n  padding: 0 !important;\n  border: none !important;\n  font-size: 0 !important;\n  line-height: 0 !important;\n}\n.rdp-pontos-wrapper {\n  max-width: 100%;\n  margin: 32px 0;\n  background: #F8F9FA;\n  border: 1px solid #E0E0E0;\n  border-radius: 12px;\n  padding: 28px 28px 20px;\n  font-family: 'Inter', sans-serif;\n  box-shadow: 0 4px 20px rgba(47,195,238,0.12);\n  overflow: hidden;\n  contain: layout style;\n  isolation: isolate;\n  position: relative;\n  z-index: 1;\n}\n.rdp-pontos-wrapper > *:not(.rdp-pontos-title):not(.rdp-pontos-grid) {\n  display: none !important;\n  height: 0 !important;\n  overflow: hidden !important;\n  margin: 0 !important;\n  padding: 0 !important;\n  border: none !important;\n}\n.rdp-pontos-title {\n  font-family: 'Inter', sans-serif;\n  font-size: 20px;\n  font-weight: 800;\n  color: #1A1A1A;\n  margin: 0 0 20px 0;\n  line-height: 1.3;\n  text-align: center;\n}\n.rdp-pontos-grid {\n  display: grid;\n  grid-template-columns: repeat(2, 1fr);\n  gap: 18px;\n}\n.rdp-pontos-item {\n  background: #FFFFFF;\n  border: 1px solid #E0E0E0;\n  border-top: 3px solid #2FC3EE;\n  border-radius: 10px;\n  padding: 22px 20px;\n  box-shadow: 0 2px 10px rgba(47,195,238,0.10);\n  transition: box-shadow 0.3s ease, border-color 0.3s ease;\n  text-align: center;\n}\n.rdp-pontos-item:hover {\n  box-shadow: 0 4px 20px rgba(47,195,238,0.22);\n  border-color: #2FC3EE;\n}\n.rdp-pontos-emoji {\n  font-size: 32px;\n  line-height: 1;\n  margin-bottom: 12px;\n  display: block;\n  text-align: center;\n}\n.rdp-pontos-item-title {\n  font-size: 15px;\n  font-weight: 700;\n  color: #1A1A1A;\n  margin-bottom: 8px;\n  line-height: 1.3;\n}\n.rdp-pontos-item-desc {\n  font-size: 14px;\n  color: #333333;\n  line-height: 1.6;\n  margin: 0;\n}\n@media (max-width: 768px) {\n  .rdp-pontos-wrapper {\n    padding: 20px 16px 14px;\n  }\n  .rdp-pontos-grid {\n    grid-template-columns: 1fr;\n    gap: 14px;\n  }\n  .rdp-pontos-title {\n    font-size: 18px;\n  }\n}\n<\/style>\n\n<div class=\"rdp-pontos-wrapper\">\n  <div class=\"rdp-pontos-title\">Guia de Socializa\u00e7\u00e3o e Educa\u00e7\u00e3o Canina<\/div>\n  <div class=\"rdp-pontos-grid\">\n    <div class=\"rdp-pontos-item\">\n      <span class=\"rdp-pontos-emoji\">\ud83d\udc3e<\/span>\n      <div class=\"rdp-pontos-item-title\">Explora\u00e7\u00e3o Precoce<\/div>\n      <p class=\"rdp-pontos-item-desc\">Apresente o c\u00e3o a diferentes sons e texturas ainda na fase de filhote para evitar medos futuros.<\/p>\n    <\/div>\n    <div class=\"rdp-pontos-item\">\n      <span class=\"rdp-pontos-emoji\">\ud83e\udd2b<\/span>\n      <div class=\"rdp-pontos-item-title\">Respeito ao Espa\u00e7o<\/div>\n      <p class=\"rdp-pontos-item-desc\">Ensine as crian\u00e7as a respeitarem os momentos vitais de alimenta\u00e7\u00e3o e sono do animal.<\/p>\n    <\/div>\n    <div class=\"rdp-pontos-item\">\n      <span class=\"rdp-pontos-emoji\">\ud83e\udd1d<\/span>\n      <div class=\"rdp-pontos-item-title\">Novas Conex\u00f5es<\/div>\n      <p class=\"rdp-pontos-item-desc\">Promova encontros graduais com pessoas estranhas em ambientes neutros e seguros.<\/p>\n    <\/div>\n    <div class=\"rdp-pontos-item\">\n      <span class=\"rdp-pontos-emoji\">\ud83d\udce2<\/span>\n      <div class=\"rdp-pontos-item-title\">Comandos de Voz<\/div>\n      <p class=\"rdp-pontos-item-desc\">Utilize comandos firmes e claros para interromper comportamentos agitados ou inadequados.<\/p>\n    <\/div>\n    <div class=\"rdp-pontos-item\" style=\"grid-column: span 2;\">\n      <span class=\"rdp-pontos-emoji\">\ud83c\udfc6<\/span>\n      <div class=\"rdp-pontos-item-title\">Refor\u00e7o Positivo<\/div>\n      <p class=\"rdp-pontos-item-desc\">Recompense sempre as intera\u00e7\u00f5es calmas e gentis com elogios, petiscos ou carinho sincero.<\/p>\n    <\/div>\n  <\/div>\n<\/div>\n<div style=\"clear:both;height:0;overflow:hidden;\"><\/div>\n\n\n\n<p>Investir tempo na educa\u00e7\u00e3o do seu c\u00e3o \u00e9 a melhor maneira de construir uma rela\u00e7\u00e3o de confian\u00e7a que durar\u00e1 por toda a vida do animal. Ao escolher ra\u00e7as conhecidas pela facilidade de manejo, o tutor ganha um aliado na educa\u00e7\u00e3o dos filhos, ensinando sobre responsabilidade, empatia e o amor incondicional que apenas os animais proporcionam.<\/p>\n\n\n\n<h2 class=\"wp-block-heading\">A escolha consciente da ra\u00e7a ideal promove harmonia no lar<\/h2>\n\n\n\n<p>Entender as necessidades espec\u00edficas de cada linhagem ajuda a evitar frustra\u00e7\u00f5es e garante que o animal receba os est\u00edmulos corretos para sua sa\u00fade f\u00edsica e mental. Quando o temperamento do c\u00e3o est\u00e1 alinhado com o estilo de vida da fam\u00edlia, o aprendizado se torna uma extens\u00e3o natural das brincadeiras cotidianas entre o pet e os humanos.<\/p>\n\n\n\n<p>O sucesso da conviv\u00eancia familiar depende tanto da gen\u00e9tica do animal quanto da dedica\u00e7\u00e3o dos tutores em fornecer um ambiente estruturado e amoroso. Priorizar ra\u00e7as com hist\u00f3rico comprovado de docilidade \u00e9 o caminho mais curto para transformar a rotina da casa em uma experi\u00eancia enriquecedora e segura para todos os envolvidos.<\/p>\n","protected":false},"excerpt":{"rendered":"<p>A escolha de um novo integrante para a fam\u00edlia exige aten\u00e7\u00e3o redobrada \u00e0 gen\u00e9tica e ao temperamento espec\u00edfico de cada animal para garantir a seguran\u00e7a dos pequenos. Algumas linhagens se destacam naturalmente por apresentarem uma paci\u00eancia elevada e uma capacidade de aprendizado que facilita a conviv\u00eancia em ambientes dom\u00e9sticos agitados. O temperamento d\u00f3cil do Golden [&hellip;]<\/p>\n","protected":false},"author":9,"featured_media":233779,"comment_status":"open","ping_status":"open","sticky":false,"template":"","format":"standard","meta":{"_yoast_wpseo_focuskw":"ra\u00e7as de c\u00e3es","_yoast_wpseo_title":"","_yoast_wpseo_metadesc":"Veja quais c\u00e3es s\u00e3o ideais para crian\u00e7as e como garantir uma conviv\u00eancia segura, equilibrada e cheia de afeto em casa.","jnews-multi-image_gallery":[],"jnews_single_post":{"format":"standard"},"jnews_primary_category":[],"jnews_social_meta":[],"jnews_override_counter":[],"footnotes":""},"categories":[112],"tags":[],"class_list":["post-233247","post","type-post","status-publish","format-standard","has-post-thumbnail","hentry","category-curiosidades"],"yoast_head":"<!-- This site is optimized with the Yoast SEO plugin v24.6 - https:\/\/yoast.com\/wordpress\/plugins\/seo\/ -->\n<title>Quais s\u00e3o as ra\u00e7as de c\u00e3es mais f\u00e1ceis de socializar com crian\u00e7as - Correio Braziliense - Radar<\/title>\n<meta name=\"description\" content=\"Veja quais c\u00e3es s\u00e3o ideais para crian\u00e7as e como garantir uma conviv\u00eancia segura, equilibrada e cheia de afeto em casa.\" \/>\n<meta name=\"robots\" content=\"index, follow, max-snippet:-1, max-image-preview:large, max-video-preview:-1\" \/>\n<link rel=\"canonical\" href=\"https:\/\/www.correiobraziliense.com.br\/cbradar\/quais-sao-as-racas-de-caes-mais-faceis-de-socializar-com-criancas\/\" \/>\n<meta property=\"og:locale\" content=\"pt_BR\" \/>\n<meta property=\"og:type\" content=\"article\" \/>\n<meta property=\"og:title\" content=\"Quais s\u00e3o as ra\u00e7as de c\u00e3es mais f\u00e1ceis de socializar com crian\u00e7as - Correio Braziliense - Radar\" \/>\n<meta property=\"og:description\" content=\"Veja quais c\u00e3es s\u00e3o ideais para crian\u00e7as e como garantir uma conviv\u00eancia segura, equilibrada e cheia de afeto em casa.\" \/>\n<meta property=\"og:url\" content=\"https:\/\/www.correiobraziliense.com.br\/cbradar\/quais-sao-as-racas-de-caes-mais-faceis-de-socializar-com-criancas\/\" \/>\n<meta property=\"og:site_name\" content=\"Correio Braziliense - Radar\" \/>\n<meta property=\"article:published_time\" content=\"2026-04-29T11:15:00+00:00\" \/>\n<meta property=\"og:image\" content=\"https:\/\/www.correiobraziliense.com.br\/cbradar\/wp-content\/uploads\/2026\/04\/cachorro_de_porte_202604281442.jpg\" \/>\n\t<meta property=\"og:image:width\" content=\"1280\" \/>\n\t<meta property=\"og:image:height\" content=\"720\" \/>\n\t<meta property=\"og:image:type\" content=\"image\/jpeg\" \/>\n<meta name=\"author\" content=\"Daniely Cardoso\" \/>\n<meta name=\"twitter:card\" content=\"summary_large_image\" \/>\n<meta name=\"twitter:label1\" content=\"Escrito por\" \/>\n\t<meta name=\"twitter:data1\" content=\"Daniely Cardoso\" \/>\n\t<meta name=\"twitter:label2\" content=\"Est. tempo de leitura\" \/>\n\t<meta name=\"twitter:data2\" content=\"5 minutos\" \/>\n<!-- \/ Yoast SEO plugin. -->","yoast_head_json":{"title":"Quais s\u00e3o as ra\u00e7as de c\u00e3es mais f\u00e1ceis de socializar com crian\u00e7as - Correio Braziliense - Radar","description":"Veja quais c\u00e3es s\u00e3o ideais para crian\u00e7as e como garantir uma conviv\u00eancia segura, equilibrada e cheia de afeto em casa.","robots":{"index":"index","follow":"follow","max-snippet":"max-snippet:-1","max-image-preview":"max-image-preview:large","max-video-preview":"max-video-preview:-1"},"canonical":"https:\/\/www.correiobraziliense.com.br\/cbradar\/quais-sao-as-racas-de-caes-mais-faceis-de-socializar-com-criancas\/","og_locale":"pt_BR","og_type":"article","og_title":"Quais s\u00e3o as ra\u00e7as de c\u00e3es mais f\u00e1ceis de socializar com crian\u00e7as - Correio Braziliense - Radar","og_description":"Veja quais c\u00e3es s\u00e3o ideais para crian\u00e7as e como garantir uma conviv\u00eancia segura, equilibrada e cheia de afeto em casa.","og_url":"https:\/\/www.correiobraziliense.com.br\/cbradar\/quais-sao-as-racas-de-caes-mais-faceis-de-socializar-com-criancas\/","og_site_name":"Correio Braziliense - Radar","article_published_time":"2026-04-29T11:15:00+00:00","og_image":[{"width":1280,"height":720,"url":"https:\/\/www.correiobraziliense.com.br\/cbradar\/wp-content\/uploads\/2026\/04\/cachorro_de_porte_202604281442.jpg","type":"image\/jpeg"}],"author":"Daniely Cardoso","twitter_card":"summary_large_image","twitter_misc":{"Escrito por":"Daniely Cardoso","Est. tempo de leitura":"5 minutos"},"schema":{"@context":"https:\/\/schema.org","@graph":[{"@type":"WebPage","@id":"https:\/\/www.correiobraziliense.com.br\/cbradar\/quais-sao-as-racas-de-caes-mais-faceis-de-socializar-com-criancas\/","url":"https:\/\/www.correiobraziliense.com.br\/cbradar\/quais-sao-as-racas-de-caes-mais-faceis-de-socializar-com-criancas\/","name":"Quais s\u00e3o as ra\u00e7as de c\u00e3es mais f\u00e1ceis de socializar com crian\u00e7as - Correio Braziliense - Radar","isPartOf":{"@id":"https:\/\/www.correiobraziliense.com.br\/cbradar\/#website"},"primaryImageOfPage":{"@id":"https:\/\/www.correiobraziliense.com.br\/cbradar\/quais-sao-as-racas-de-caes-mais-faceis-de-socializar-com-criancas\/#primaryimage"},"image":{"@id":"https:\/\/www.correiobraziliense.com.br\/cbradar\/quais-sao-as-racas-de-caes-mais-faceis-de-socializar-com-criancas\/#primaryimage"},"thumbnailUrl":"https:\/\/www.correiobraziliense.com.br\/cbradar\/wp-content\/uploads\/2026\/04\/cachorro_de_porte_202604281442.jpg","datePublished":"2026-04-29T11:15:00+00:00","author":{"@id":"https:\/\/www.correiobraziliense.com.br\/cbradar\/#\/schema\/person\/7356666e12ec0ee53f348ee5db227032"},"description":"Veja quais c\u00e3es s\u00e3o ideais para crian\u00e7as e como garantir uma conviv\u00eancia segura, equilibrada e cheia de afeto em casa.","breadcrumb":{"@id":"https:\/\/www.correiobraziliense.com.br\/cbradar\/quais-sao-as-racas-de-caes-mais-faceis-de-socializar-com-criancas\/#breadcrumb"},"inLanguage":"pt-BR","potentialAction":[{"@type":"ReadAction","target":["https:\/\/www.correiobraziliense.com.br\/cbradar\/quais-sao-as-racas-de-caes-mais-faceis-de-socializar-com-criancas\/"]}]},{"@type":"ImageObject","inLanguage":"pt-BR","@id":"https:\/\/www.correiobraziliense.com.br\/cbradar\/quais-sao-as-racas-de-caes-mais-faceis-de-socializar-com-criancas\/#primaryimage","url":"https:\/\/www.correiobraziliense.com.br\/cbradar\/wp-content\/uploads\/2026\/04\/cachorro_de_porte_202604281442.jpg","contentUrl":"https:\/\/www.correiobraziliense.com.br\/cbradar\/wp-content\/uploads\/2026\/04\/cachorro_de_porte_202604281442.jpg","width":1280,"height":720,"caption":"Algumas ra\u00e7as s\u00e3o conhecidas por temperamento mais paciente com crian\u00e7as"},{"@type":"BreadcrumbList","@id":"https:\/\/www.correiobraziliense.com.br\/cbradar\/quais-sao-as-racas-de-caes-mais-faceis-de-socializar-com-criancas\/#breadcrumb","itemListElement":[{"@type":"ListItem","position":1,"name":"In\u00edcio","item":"https:\/\/www.correiobraziliense.com.br\/cbradar\/"},{"@type":"ListItem","position":2,"name":"Quais s\u00e3o as ra\u00e7as de c\u00e3es mais f\u00e1ceis de socializar com crian\u00e7as"}]},{"@type":"WebSite","@id":"https:\/\/www.correiobraziliense.com.br\/cbradar\/#website","url":"https:\/\/www.correiobraziliense.com.br\/cbradar\/","name":"Correio Braziliense - Radar","description":"Acompanhe as \u00faltimas not\u00edcias e fique bem informado sobre tudo o que acontece no Brasil e no mundo.","potentialAction":[{"@type":"SearchAction","target":{"@type":"EntryPoint","urlTemplate":"https:\/\/www.correiobraziliense.com.br\/cbradar\/?s={search_term_string}"},"query-input":{"@type":"PropertyValueSpecification","valueRequired":true,"valueName":"search_term_string"}}],"inLanguage":"pt-BR"},{"@type":"Person","@id":"https:\/\/www.correiobraziliense.com.br\/cbradar\/#\/schema\/person\/7356666e12ec0ee53f348ee5db227032","name":"Daniely Cardoso","image":{"@type":"ImageObject","inLanguage":"pt-BR","@id":"https:\/\/www.correiobraziliense.com.br\/cbradar\/#\/schema\/person\/image\/","url":"https:\/\/secure.gravatar.com\/avatar\/4b80ddbd124d1f071b626d52d62e5dff?s=96&d=mm&r=g","contentUrl":"https:\/\/secure.gravatar.com\/avatar\/4b80ddbd124d1f071b626d52d62e5dff?s=96&d=mm&r=g","caption":"Daniely Cardoso"},"description":"Redatora nos portais CB Radar e EM Foco, formada pela Universidade Federal de Goi\u00e1s, em Goi\u00e2nia. Apaixonada por comunica\u00e7\u00e3o, arte, decora\u00e7\u00e3o e tend\u00eancias, atuo na produ\u00e7\u00e3o de conte\u00fados envolventes sobre curiosidades, moda, beleza e paisagismo, sempre com um olhar atento \u00e0s novidades do momento.","sameAs":["https:\/\/www.correiobraziliense.com.br\/cbradar"],"url":"https:\/\/www.correiobraziliense.com.br\/cbradar\/author\/danielymyth\/"}]}},"_links":{"self":[{"href":"https:\/\/www.correiobraziliense.com.br\/cbradar\/wp-json\/wp\/v2\/posts\/233247","targetHints":{"allow":["GET"]}}],"collection":[{"href":"https:\/\/www.correiobraziliense.com.br\/cbradar\/wp-json\/wp\/v2\/posts"}],"about":[{"href":"https:\/\/www.correiobraziliense.com.br\/cbradar\/wp-json\/wp\/v2\/types\/post"}],"author":[{"embeddable":true,"href":"https:\/\/www.correiobraziliense.com.br\/cbradar\/wp-json\/wp\/v2\/users\/9"}],"replies":[{"embeddable":true,"href":"https:\/\/www.correiobraziliense.com.br\/cbradar\/wp-json\/wp\/v2\/comments?post=233247"}],"version-history":[{"count":1,"href":"https:\/\/www.correiobraziliense.com.br\/cbradar\/wp-json\/wp\/v2\/posts\/233247\/revisions"}],"predecessor-version":[{"id":233250,"href":"https:\/\/www.correiobraziliense.com.br\/cbradar\/wp-json\/wp\/v2\/posts\/233247\/revisions\/233250"}],"wp:featuredmedia":[{"embeddable":true,"href":"https:\/\/www.correiobraziliense.com.br\/cbradar\/wp-json\/wp\/v2\/media\/233779"}],"wp:attachment":[{"href":"https:\/\/www.correiobraziliense.com.br\/cbradar\/wp-json\/wp\/v2\/media?parent=233247"}],"wp:term":[{"taxonomy":"category","embeddable":true,"href":"https:\/\/www.correiobraziliense.com.br\/cbradar\/wp-json\/wp\/v2\/categories?post=233247"},{"taxonomy":"post_tag","embeddable":true,"href":"https:\/\/www.correiobraziliense.com.br\/cbradar\/wp-json\/wp\/v2\/tags?post=233247"}],"curies":[{"name":"wp","href":"https:\/\/api.w.org\/{rel}","templated":true}]}}