{"id":233255,"date":"2026-04-29T06:25:00","date_gmt":"2026-04-29T09:25:00","guid":{"rendered":"https:\/\/www.correiobraziliense.com.br\/cbradar\/?p=233255"},"modified":"2026-04-29T07:43:35","modified_gmt":"2026-04-29T10:43:35","slug":"ha-300-milhoes-de-anos-essa-cidade-do-parana-ja-foi-quase-antartida-e-era-tudo-gelo-hoje-abriga-arenitos-gigantes-e-formacoes-unicas-que-lembram-figuras","status":"publish","type":"post","link":"https:\/\/www.correiobraziliense.com.br\/cbradar\/ha-300-milhoes-de-anos-essa-cidade-do-parana-ja-foi-quase-antartida-e-era-tudo-gelo-hoje-abriga-arenitos-gigantes-e-formacoes-unicas-que-lembram-figuras\/","title":{"rendered":"H\u00e1 300 milh\u00f5es de anos, essa cidade do Paran\u00e1 j\u00e1 foi quase Ant\u00e1rtida e era tudo gelo, hoje abriga arenitos gigantes e forma\u00e7\u00f5es \u00fanicas que lembram figuras"},"content":{"rendered":"\n<p>H\u00e1 300 milh\u00f5es de anos, o peda\u00e7o de terra que hoje se chama <strong>Ponta Grossa<\/strong> ficava pr\u00f3ximo ao Polo Sul, num supercontinente chamado <strong>Gondwana<\/strong>. As geleiras derreteram, mas deixaram para tr\u00e1s torres de pedra que viraram cart\u00e3o-postal do <strong>Paran\u00e1<\/strong>.<\/p>\n\n\n\n<h2 class=\"wp-block-heading\">O que sobrou da era do gelo no segundo planalto paranaense<\/h2>\n\n\n\n<p>O <strong>Instituto \u00c1gua e Terra (<a href=\"https:\/\/www.iat.pr.gov.br\/Pagina\/Geoturismo-e-Geoconservacao\" target=\"_blank\" rel=\"noreferrer noopener\">IAT<\/a>)<\/strong> explica que os arenitos avermelhados do <strong>Parque Estadual de Vila Velha<\/strong> foram depositados no per\u00edodo Carbon\u00edfero, quando a Am\u00e9rica do Sul estava grudada \u00e0 \u00c1frica, \u00e0 Ant\u00e1rtida, \u00e0 Oceania e \u00e0 \u00cdndia. A regi\u00e3o ficava bem perto do Polo Sul e o planeta vivia uma de suas grandes eras glaciais.<\/p>\n\n\n\n<p>O degelo carregou areia que se compactou em camadas at\u00e9 virar a rocha que hoje se v\u00ea em p\u00e9. O resultado virou <a href=\"https:\/\/www.viajeparana.com\/Ponta-Grossa\" target=\"_blank\" rel=\"noreferrer noopener\"><strong>patrim\u00f4nio geol\u00f3gico do Paran\u00e1<\/strong><\/a> e atrai gente do Brasil inteiro para um cen\u00e1rio que parece de outro planeta.<\/p>\n\n\n<div class=\"wp-block-image\">\n<figure class=\"aligncenter size-large\"><img decoding=\"async\" width=\"1024\" height=\"576\" src=\"https:\/\/www.correiobraziliense.com.br\/cbradar\/wp-content\/uploads\/2025\/11\/ponta-grossa_1762046065796-1024x576.jpg\" alt=\"Na &quot;Princesa dos Campos&quot;, rochas de 300 milh\u00f5es de anos e a maior f\u00e1brica de Heineken do Brasil surpreendem quem visita a 120 km de Curitiba\" class=\"wp-image-129639\" srcset=\"https:\/\/www.correiobraziliense.com.br\/cbradar\/wp-content\/uploads\/2025\/11\/ponta-grossa_1762046065796-1024x576.jpg 1024w, https:\/\/www.correiobraziliense.com.br\/cbradar\/wp-content\/uploads\/2025\/11\/ponta-grossa_1762046065796-300x169.jpg 300w, https:\/\/www.correiobraziliense.com.br\/cbradar\/wp-content\/uploads\/2025\/11\/ponta-grossa_1762046065796-768x432.jpg 768w, https:\/\/www.correiobraziliense.com.br\/cbradar\/wp-content\/uploads\/2025\/11\/ponta-grossa_1762046065796-750x422.jpg 750w, https:\/\/www.correiobraziliense.com.br\/cbradar\/wp-content\/uploads\/2025\/11\/ponta-grossa_1762046065796-1140x641.jpg 1140w, https:\/\/www.correiobraziliense.com.br\/cbradar\/wp-content\/uploads\/2025\/11\/ponta-grossa_1762046065796.jpg 1280w\" sizes=\"(max-width: 1024px) 100vw, 1024px\" \/><figcaption class=\"wp-element-caption\">O Parque Vila Velha, famoso por seus arenitos, furnas e a Lagoa Dourada, em Ponta Grossa. \/\/ Cr\u00e9ditos: depositphotos.com \/ caio.acquesta@gmail.com<\/figcaption><\/figure><\/div>\n\n\n<h2 class=\"wp-block-heading\">Por que Vila Velha \u00e9 o cart\u00e3o-postal da Princesa dos Campos?<\/h2>\n\n\n\n<p>O <a href=\"https:\/\/parquevilavelha.com.br\/\" target=\"_blank\" rel=\"noreferrer noopener\"><strong>Parque Vila Velha<\/strong><\/a> foi o primeiro parque estadual do Paran\u00e1, criado em 1953 e tombado como Patrim\u00f4nio Hist\u00f3rico e Art\u00edstico Estadual em 1966. S\u00e3o mais de 3.100 hectares de campos nativos, mata e forma\u00e7\u00f5es que viraram esculturas naturais.<\/p>\n\n\n\n<p>O parque se divide em tr\u00eas frentes principais. Cada uma conta um cap\u00edtulo diferente da hist\u00f3ria geol\u00f3gica dos Campos Gerais.<\/p>\n\n\n\n<ul class=\"wp-block-list\">\n<li><strong>Os Arenitos<\/strong>: 23 esculturas naturais com formas que lembram camelo, bota, garrafa e a famosa Ta\u00e7a, s\u00edmbolo do parque.<\/li>\n\n\n\n<li><strong>As Furnas<\/strong>: dois po\u00e7os de desabamento com cerca de 100 metros de profundidade, dos quais 50 metros s\u00e3o inundados pelo len\u00e7ol subterr\u00e2neo.<\/li>\n\n\n\n<li><strong>A Lagoa Dourada<\/strong>: espelho d \u00e1gua conectado \u00e0s furnas, recebe esse nome pelo reflexo do sol nas \u00e1guas transparentes.<\/li>\n\n\n\n<li><strong>Atra\u00e7\u00f5es de aventura<\/strong>: tirolesa sobre uma das furnas, arvorismo entre arauc\u00e1rias e voo cativo de bal\u00e3o.<\/li>\n<\/ul>\n\n\n\n<p>Este v\u00eddeo do canal &#8220;Cidades do Interior&#8221; apresenta <strong>Ponta Grossa<\/strong>, a quarta maior cidade do Paran\u00e1, destacando seu papel como um gigante polo econ\u00f4mico e tur\u00edstico nos Campos Gerais.<\/p>\n\n\n\n<figure class=\"wp-block-embed aligncenter is-type-video is-provider-youtube wp-block-embed-youtube wp-embed-aspect-16-9 wp-has-aspect-ratio\"><div class=\"wp-block-embed__wrapper\">\n<div class=\"jeg_video_container jeg_video_content\"><iframe loading=\"lazy\" title=\"PONTA GROSSA - PR | Uma das MELHORES cidades do PARAN\u00c1!\" width=\"500\" height=\"281\" src=\"https:\/\/www.youtube.com\/embed\/rERlwG0-whY?feature=oembed\" frameborder=\"0\" allow=\"accelerometer; autoplay; clipboard-write; encrypted-media; gyroscope; picture-in-picture; web-share\" referrerpolicy=\"strict-origin-when-cross-origin\" allowfullscreen><\/iframe><\/div>\n<\/div><\/figure>\n\n\n\n<h2 class=\"wp-block-heading\">Buraco do Padre guarda uma cachoeira dentro de um anfiteatro de pedra<\/h2>\n\n\n\n<p>A 26 km do centro da cidade, o <a href=\"https:\/\/buracodopadre.com.br\/\" target=\"_blank\" rel=\"noreferrer noopener\"><strong>Parque de Natureza Buraco do Padre<\/strong><\/a> abriga uma furna com 38 metros de profundidade. O <strong>Rio Quebra-Pedra<\/strong> entra na rocha por um t\u00fanel natural e cai dentro da caverna numa cachoeira de 33 metros.<\/p>\n\n\n\n<p>O nome vem dos jesu\u00edtas que usavam o lugar para meditar entre os s\u00e9culos 17 e 18. Desde 2002, o Buraco do Padre figura na lista de geoss\u00edtios brasileiros, reconhecidos pela <strong>Comiss\u00e3o Brasileira de S\u00edtios Geol\u00f3gicos e Paleobiol\u00f3gicos<\/strong>. No mesmo parque, a <strong>Fenda da Freira<\/strong> oferece um corredor de 300 metros entre pared\u00f5es cobertos de musgo, com temperatura constante de 18\u00b0C.<\/p>\n\n\n\n<p><strong>Leia tamb\u00e9m: <a href=\"https:\/\/www.correiobraziliense.com.br\/cbradar\/a-cidade-de-8-mil-moradores-no-ms-que-esconde-a-maior-cachoeira-do-estado-e-o-maior-rapel-do-pais\/\" target=\"_blank\" rel=\"noreferrer noopener\">A cidade de 8 mil moradores no MS que esconde a maior cachoeira do estado e o maior rapel do pa\u00eds.<\/a><\/strong><\/p>\n\n\n\n<h2 class=\"wp-block-heading\">Quando viajar para curtir cada paisagem da regi\u00e3o<\/h2>\n\n\n\n<p><strong>O clima subtropical de altitude faz a cidade ter quatro esta\u00e7\u00f5es bem desenhadas.<\/strong> Cada uma combina com um tipo de passeio diferente entre arenitos e cachoeiras.<\/p>\n\n\n\n<style>\n  \/* --- CONTAINER BLINDADO (PADR\u00c3O REGISTRADO) --- *\/\n  .clima-grid-final {\n    font-family: -apple-system, BlinkMacSystemFont, \"Segoe UI\", Roboto, Arial, sans-serif !important;\n    width: 100% !important;\n    max-width: 1200px !important;\n    margin: 20px auto !important;\n    display: grid !important;\n    \/* FOR\u00c7A 4 COLUNAS NO DESKTOP *\/\n    grid-template-columns: repeat(4, 1fr) !important; \n    gap: 15px !important;\n    box-sizing: border-box !important;\n  }\n\n  .clima-grid-final * {\n    box-sizing: border-box !important;\n  }\n\n  \/* --- BLINDAGEM CONTRA ADS E PLUGINS INTRUSOS --- *\/\n  .clima-grid-final > :not(.card-clima) {\n    display: none !important;\n    width: 0 !important;\n    height: 0 !important;\n    opacity: 0 !important;\n  }\n\n  \/* --- CARD PRETO B\u00c1SICO (FUNDO BRANCO) --- *\/\n  .card-clima {\n    background: #ffffff !important;\n    border: 1px solid #e0e0e0 !important;\n    border-radius: 20px !important;\n    padding: 20px 10px !important;\n    text-align: center !important;\n    display: flex !important;\n    flex-direction: column !important;\n    align-items: center !important;\n    box-shadow: 0 4px 10px rgba(0, 0, 0, 0.05) !important;\n    min-width: 0 !important; \n    transition: transform 0.2s ease !important;\n    overflow: hidden !important;\n    height: 100% !important;\n  }\n\n  .card-clima:hover {\n    transform: translateY(-5px) !important;\n    border-color: #000000 !important;\n  }\n\n  \/* --- CONTE\u00daDO --- *\/\n  .estacao-nome { \n    font-size: 14px !important; \n    font-weight: 800 !important; \n    color: #000000 !important; \n    text-transform: uppercase !important; \n    margin: 0 0 5px 0 !important; \n  }\n  \n  .estacao-meses { \n    font-size: 10px !important; \n    font-weight: 700 !important; \n    color: #444444 !important; \n    text-transform: uppercase !important; \n    margin-bottom: 15px !important; \n    display: block !important;\n  }\n  \n  .temp-valor { \n    font-size: 24px !important; \n    font-weight: 800 !important; \n    color: #000000 !important; \n    line-height: 1.1 !important; \n    margin: 0 !important;\n  }\n  \n  .temp-label { \n    font-size: 9px !important; \n    font-weight: 600 !important; \n    color: #777777 !important; \n    text-transform: uppercase !important; \n    margin-bottom: 15px !important; \n    display: block !important;\n  }\n  \n  .clima-desc { \n    font-size: 12px !important; \n    line-height: 1.4 !important; \n    color: #333333 !important; \n    margin-bottom: 15px !important; \n    flex-grow: 1 !important; \n  }\n\n  .tag-status {\n    background-color: #f5f5f5 !important;\n    border: 1px solid #d0d0d0 !important;\n    color: #000000 !important;\n    padding: 5px 12px !important;\n    border-radius: 20px !important;\n    font-size: 9px !important;\n    font-weight: 800 !important;\n    text-transform: uppercase !important;\n    margin-top: auto !important;\n  }\n\n  \/* --- RESPONSIVIDADE --- *\/\n  @media (max-width: 800px) {\n    .clima-grid-final {\n      grid-template-columns: 1fr !important; \n    }\n    .card-clima {\n      padding: 25px 20px !important;\n    }\n  }\n<\/style>\n\n<div class=\"google-auto-ads-ignore clima-grid-final\">\n  \n  <div class=\"card-clima\">\n    <div class=\"estacao-nome\">\u2600\ufe0f Ver\u00e3o<\/div>\n    <span class=\"estacao-meses\">Dez &#8211; Fev<\/span>\n    <div class=\"temp-valor\">17-28\u00b0C<\/div>\n    <span class=\"temp-label\">M\u00e9dia<\/span>\n    <div class=\"clima-desc\">Com a chuva em alta, as <b>cachoeiras<\/b> da regi\u00e3o e o m\u00edstico <b>Buraco do Padre<\/b> tornam-se o destino principal para se refrescar.<\/div>\n    <div class=\"tag-status\">\ud83d\udca6 Natureza<\/div>\n  <\/div>\n\n  <div class=\"card-clima\">\n    <div class=\"estacao-nome\">\ud83c\udf42 Outono<\/div>\n    <span class=\"estacao-meses\">Mar &#8211; Mai<\/span>\n    <div class=\"temp-valor\">13-25\u00b0C<\/div>\n    <span class=\"temp-label\">M\u00e9dia<\/span>\n    <div class=\"clima-desc\">O clima ameno e seco \u00e9 a condi\u00e7\u00e3o perfeita para percorrer as <b>trilhas em Vila Velha<\/b> e admirar as forma\u00e7\u00f5es rochosas.<\/div>\n    <div class=\"tag-status\">\ud83e\udd7e Ecoturismo<\/div>\n  <\/div>\n\n  <div class=\"card-clima\">\n    <div class=\"estacao-nome\">\ud83e\udde3 Inverno<\/div>\n    <span class=\"estacao-meses\">Jun &#8211; Ago<\/span>\n    <div class=\"temp-valor\">7-20\u00b0C<\/div>\n    <span class=\"temp-label\">M\u00e9dia<\/span>\n    <div class=\"clima-desc\">O frio convida para a tradicional <b>M\u00fcnchenfest<\/b> e roteiros pelas renomadas <b>cervejarias<\/b> artesanais da cidade.<\/div>\n    <div class=\"tag-status\">\ud83c\udf7a Gastronomia<\/div>\n  <\/div>\n\n  <div class=\"card-clima\">\n    <div class=\"estacao-nome\">\ud83c\udf38 Primavera<\/div>\n    <span class=\"estacao-meses\">Set &#8211; Nov<\/span>\n    <div class=\"temp-valor\">13-26\u00b0C<\/div>\n    <span class=\"temp-label\">M\u00e9dia<\/span>\n    <div class=\"clima-desc\">A esta\u00e7\u00e3o renova a paisagem, sendo o momento ideal para o <b>voo de bal\u00e3o<\/b> e pr\u00e1ticas de aventura como o <b>arvorismo<\/b>.<\/div>\n    <div class=\"tag-status\">\ud83c\udf88 Aventura<\/div>\n  <\/div>\n\n<\/div>\n\n\n\n<p><em>Temperaturas aproximadas com base no <a href=\"https:\/\/www.climatempo.com.br\/previsao-do-tempo\/cidade\/279\/pontagrossa-pr\" target=\"_blank\" rel=\"noreferrer noopener\"><strong>Climatempo<\/strong><\/a>. Condi\u00e7\u00f5es podem variar.<\/em><\/p>\n\n\n\n<h2 class=\"wp-block-heading\">O sabor de uma cidade que recebeu sete imigra\u00e7\u00f5es<\/h2>\n\n\n\n<p>A chegada da estrada de ferro em 1894 transformou um pouso de tropeiros em entroncamento ferrovi\u00e1rio. Vieram alem\u00e3es, ucranianos, poloneses, italianos, russos, s\u00edrios e libaneses, segundo a <a href=\"https:\/\/www.pontagrossa.pr.leg.br\/institucional\/historia\" target=\"_blank\" rel=\"noreferrer noopener\"><strong>C\u00e2mara Municipal de Ponta Grossa<\/strong><\/a>, e essa mistura virou card\u00e1pio.<\/p>\n\n\n\n<p>O prato oficial da cidade \u00e9 a <strong>alcatra na pedra<\/strong>, servida em chapa de granito que continua cozinhando a carne na mesa. A regi\u00e3o tamb\u00e9m ganhou for\u00e7a no circuito da cerveja artesanal, com r\u00f3tulos premiados que aproveitam a \u00e1gua de po\u00e7o t\u00edpica dos Campos Gerais.<\/p>\n\n\n<div class=\"wp-block-image\">\n<figure class=\"aligncenter size-large\"><img decoding=\"async\" width=\"1024\" height=\"576\" src=\"https:\/\/www.correiobraziliense.com.br\/cbradar\/wp-content\/uploads\/2025\/11\/ponta-grossa_1762046053423-1024x576.jpg\" alt=\"Os arenitos de 400 milh\u00f5es de anos com a Ta\u00e7a, o Camelo e o primeiro parque natural tombado do Paran\u00e1\" class=\"wp-image-129640\" srcset=\"https:\/\/www.correiobraziliense.com.br\/cbradar\/wp-content\/uploads\/2025\/11\/ponta-grossa_1762046053423-1024x576.jpg 1024w, https:\/\/www.correiobraziliense.com.br\/cbradar\/wp-content\/uploads\/2025\/11\/ponta-grossa_1762046053423-300x169.jpg 300w, https:\/\/www.correiobraziliense.com.br\/cbradar\/wp-content\/uploads\/2025\/11\/ponta-grossa_1762046053423-768x432.jpg 768w, https:\/\/www.correiobraziliense.com.br\/cbradar\/wp-content\/uploads\/2025\/11\/ponta-grossa_1762046053423-750x422.jpg 750w, https:\/\/www.correiobraziliense.com.br\/cbradar\/wp-content\/uploads\/2025\/11\/ponta-grossa_1762046053423-1140x641.jpg 1140w, https:\/\/www.correiobraziliense.com.br\/cbradar\/wp-content\/uploads\/2025\/11\/ponta-grossa_1762046053423.jpg 1280w\" sizes=\"(max-width: 1024px) 100vw, 1024px\" \/><figcaption class=\"wp-element-caption\">Parque Vila Velha em Ponta Grossa atrai visitantes de todo Brasil com sua beleza geol\u00f3gica e atra\u00e7\u00f5es modernas. \/\/ Cr\u00e9ditos: depositphotos.com \/ artush<\/figcaption><\/figure><\/div>\n\n\n<h2 class=\"wp-block-heading\">Como chegar \u00e0 terra dos arenitos milenares?<\/h2>\n\n\n\n<p>A cidade fica a 120 km de <strong>Curitiba<\/strong> pela <strong>BR-376<\/strong>, rodovia duplicada que liga a capital em cerca de 1h40. O <strong>Aeroporto Sant Ana (PGZ)<\/strong> recebe voos regulares, mas a maioria dos visitantes desembarca em Curitiba e segue de carro at\u00e9 os parques.<\/p>\n\n\n\n<h2 class=\"wp-block-heading\">V\u00e1 conhecer a cidade que j\u00e1 foi quase Ant\u00e1rtida<\/h2>\n\n\n\n<p><strong>Poucos lugares no Brasil oferecem essa combina\u00e7\u00e3o de geologia rara<\/strong>, cachoeiras dentro de cavernas e mesa misturada por sete povos. A Princesa dos Campos guarda em cada pedra uma hist\u00f3ria que come\u00e7ou antes dos dinossauros.<\/p>\n\n\n\n<p>Voc\u00ea precisa subir at\u00e9 Ponta Grossa e caminhar entre os arenitos para entender por que essa cidade do interior virou um dos cen\u00e1rios naturais mais antigos que se pode pisar no pa\u00eds.<\/p>\n","protected":false},"excerpt":{"rendered":"<p>H\u00e1 300 milh\u00f5es de anos, o peda\u00e7o de terra que hoje se chama Ponta Grossa ficava pr\u00f3ximo ao Polo Sul, num supercontinente chamado Gondwana. As geleiras derreteram, mas deixaram para tr\u00e1s torres de pedra que viraram cart\u00e3o-postal do Paran\u00e1. O que sobrou da era do gelo no segundo planalto paranaense O Instituto \u00c1gua e Terra [&hellip;]<\/p>\n","protected":false},"author":8,"featured_media":234024,"comment_status":"open","ping_status":"open","sticky":false,"template":"","format":"standard","meta":{"_yoast_wpseo_focuskw":"paran\u00e1","_yoast_wpseo_title":"","_yoast_wpseo_metadesc":"De paisagem congelada a obra esculpida pelo tempo, h\u00e1 300 milh\u00f5es de anos, essa cidade do Paran\u00e1 era gelo e hoje exibe arenitos \u00fanicos.","jnews-multi-image_gallery":[],"jnews_single_post":{"format":"standard"},"jnews_primary_category":[],"jnews_social_meta":[],"jnews_override_counter":[],"footnotes":""},"categories":[108,111],"post_tag":[664,5962],"class_list":["post-233255","post","type-post","status-publish","format-standard","has-post-thumbnail","hentry","category-cidades","category-turismo","tag-parana","tag-ponta-grossa"],"yoast_head":"<!-- This site is optimized with the Yoast SEO plugin v24.6 - https:\/\/yoast.com\/wordpress\/plugins\/seo\/ -->\n<title>H\u00e1 300 milh\u00f5es de anos, essa cidade do Paran\u00e1 j\u00e1 foi quase Ant\u00e1rtida e era tudo gelo, hoje abriga arenitos gigantes e forma\u00e7\u00f5es \u00fanicas que lembram figuras - Correio Braziliense - Radar<\/title>\n<meta name=\"description\" content=\"De paisagem congelada a obra esculpida pelo tempo, h\u00e1 300 milh\u00f5es de anos, essa cidade do Paran\u00e1 era gelo e hoje exibe arenitos \u00fanicos.\" \/>\n<meta name=\"robots\" content=\"index, follow, max-snippet:-1, max-image-preview:large, max-video-preview:-1\" \/>\n<link rel=\"canonical\" href=\"https:\/\/www.correiobraziliense.com.br\/cbradar\/ha-300-milhoes-de-anos-essa-cidade-do-parana-ja-foi-quase-antartida-e-era-tudo-gelo-hoje-abriga-arenitos-gigantes-e-formacoes-unicas-que-lembram-figuras\/\" \/>\n<meta property=\"og:locale\" content=\"pt_BR\" \/>\n<meta property=\"og:type\" content=\"article\" \/>\n<meta property=\"og:title\" content=\"H\u00e1 300 milh\u00f5es de anos, essa cidade do Paran\u00e1 j\u00e1 foi quase Ant\u00e1rtida e era tudo gelo, hoje abriga arenitos gigantes e forma\u00e7\u00f5es \u00fanicas que lembram figuras - Correio Braziliense - Radar\" \/>\n<meta property=\"og:description\" content=\"De paisagem congelada a obra esculpida pelo tempo, h\u00e1 300 milh\u00f5es de anos, essa cidade do Paran\u00e1 era gelo e hoje exibe arenitos \u00fanicos.\" \/>\n<meta property=\"og:url\" content=\"https:\/\/www.correiobraziliense.com.br\/cbradar\/ha-300-milhoes-de-anos-essa-cidade-do-parana-ja-foi-quase-antartida-e-era-tudo-gelo-hoje-abriga-arenitos-gigantes-e-formacoes-unicas-que-lembram-figuras\/\" \/>\n<meta property=\"og:site_name\" content=\"Correio Braziliense - Radar\" \/>\n<meta property=\"article:published_time\" content=\"2026-04-29T09:25:00+00:00\" \/>\n<meta property=\"article:modified_time\" content=\"2026-04-29T10:43:35+00:00\" \/>\n<meta property=\"og:image\" content=\"https:\/\/www.correiobraziliense.com.br\/cbradar\/wp-content\/uploads\/2026\/04\/aaa-2026-04-29T073422.109.png\" \/>\n\t<meta property=\"og:image:width\" content=\"1280\" \/>\n\t<meta property=\"og:image:height\" content=\"720\" \/>\n\t<meta property=\"og:image:type\" content=\"image\/png\" \/>\n<meta name=\"author\" content=\"Maura Pereira\" \/>\n<meta name=\"twitter:card\" content=\"summary_large_image\" \/>\n<meta name=\"twitter:label1\" content=\"Escrito por\" \/>\n\t<meta name=\"twitter:data1\" content=\"Maura Pereira\" \/>\n\t<meta name=\"twitter:label2\" content=\"Est. tempo de leitura\" \/>\n\t<meta name=\"twitter:data2\" content=\"6 minutos\" \/>\n<!-- \/ Yoast SEO plugin. -->","yoast_head_json":{"title":"H\u00e1 300 milh\u00f5es de anos, essa cidade do Paran\u00e1 j\u00e1 foi quase Ant\u00e1rtida e era tudo gelo, hoje abriga arenitos gigantes e forma\u00e7\u00f5es \u00fanicas que lembram figuras - Correio Braziliense - Radar","description":"De paisagem congelada a obra esculpida pelo tempo, h\u00e1 300 milh\u00f5es de anos, essa cidade do Paran\u00e1 era gelo e hoje exibe arenitos \u00fanicos.","robots":{"index":"index","follow":"follow","max-snippet":"max-snippet:-1","max-image-preview":"max-image-preview:large","max-video-preview":"max-video-preview:-1"},"canonical":"https:\/\/www.correiobraziliense.com.br\/cbradar\/ha-300-milhoes-de-anos-essa-cidade-do-parana-ja-foi-quase-antartida-e-era-tudo-gelo-hoje-abriga-arenitos-gigantes-e-formacoes-unicas-que-lembram-figuras\/","og_locale":"pt_BR","og_type":"article","og_title":"H\u00e1 300 milh\u00f5es de anos, essa cidade do Paran\u00e1 j\u00e1 foi quase Ant\u00e1rtida e era tudo gelo, hoje abriga arenitos gigantes e forma\u00e7\u00f5es \u00fanicas que lembram figuras - Correio Braziliense - Radar","og_description":"De paisagem congelada a obra esculpida pelo tempo, h\u00e1 300 milh\u00f5es de anos, essa cidade do Paran\u00e1 era gelo e hoje exibe arenitos \u00fanicos.","og_url":"https:\/\/www.correiobraziliense.com.br\/cbradar\/ha-300-milhoes-de-anos-essa-cidade-do-parana-ja-foi-quase-antartida-e-era-tudo-gelo-hoje-abriga-arenitos-gigantes-e-formacoes-unicas-que-lembram-figuras\/","og_site_name":"Correio Braziliense - Radar","article_published_time":"2026-04-29T09:25:00+00:00","article_modified_time":"2026-04-29T10:43:35+00:00","og_image":[{"width":1280,"height":720,"url":"https:\/\/www.correiobraziliense.com.br\/cbradar\/wp-content\/uploads\/2026\/04\/aaa-2026-04-29T073422.109.png","type":"image\/png"}],"author":"Maura Pereira","twitter_card":"summary_large_image","twitter_misc":{"Escrito por":"Maura Pereira","Est. tempo de leitura":"6 minutos"},"schema":{"@context":"https:\/\/schema.org","@graph":[{"@type":"WebPage","@id":"https:\/\/www.correiobraziliense.com.br\/cbradar\/ha-300-milhoes-de-anos-essa-cidade-do-parana-ja-foi-quase-antartida-e-era-tudo-gelo-hoje-abriga-arenitos-gigantes-e-formacoes-unicas-que-lembram-figuras\/","url":"https:\/\/www.correiobraziliense.com.br\/cbradar\/ha-300-milhoes-de-anos-essa-cidade-do-parana-ja-foi-quase-antartida-e-era-tudo-gelo-hoje-abriga-arenitos-gigantes-e-formacoes-unicas-que-lembram-figuras\/","name":"H\u00e1 300 milh\u00f5es de anos, essa cidade do Paran\u00e1 j\u00e1 foi quase Ant\u00e1rtida e era tudo gelo, hoje abriga arenitos gigantes e forma\u00e7\u00f5es \u00fanicas que lembram figuras - Correio Braziliense - Radar","isPartOf":{"@id":"https:\/\/www.correiobraziliense.com.br\/cbradar\/#website"},"primaryImageOfPage":{"@id":"https:\/\/www.correiobraziliense.com.br\/cbradar\/ha-300-milhoes-de-anos-essa-cidade-do-parana-ja-foi-quase-antartida-e-era-tudo-gelo-hoje-abriga-arenitos-gigantes-e-formacoes-unicas-que-lembram-figuras\/#primaryimage"},"image":{"@id":"https:\/\/www.correiobraziliense.com.br\/cbradar\/ha-300-milhoes-de-anos-essa-cidade-do-parana-ja-foi-quase-antartida-e-era-tudo-gelo-hoje-abriga-arenitos-gigantes-e-formacoes-unicas-que-lembram-figuras\/#primaryimage"},"thumbnailUrl":"https:\/\/www.correiobraziliense.com.br\/cbradar\/wp-content\/uploads\/2026\/04\/aaa-2026-04-29T073422.109.png","datePublished":"2026-04-29T09:25:00+00:00","dateModified":"2026-04-29T10:43:35+00:00","author":{"@id":"https:\/\/www.correiobraziliense.com.br\/cbradar\/#\/schema\/person\/4053c651a9bfc785afc6f4cbc9032fd3"},"description":"De paisagem congelada a obra esculpida pelo tempo, h\u00e1 300 milh\u00f5es de anos, essa cidade do Paran\u00e1 era gelo e hoje exibe arenitos \u00fanicos.","breadcrumb":{"@id":"https:\/\/www.correiobraziliense.com.br\/cbradar\/ha-300-milhoes-de-anos-essa-cidade-do-parana-ja-foi-quase-antartida-e-era-tudo-gelo-hoje-abriga-arenitos-gigantes-e-formacoes-unicas-que-lembram-figuras\/#breadcrumb"},"inLanguage":"pt-BR","potentialAction":[{"@type":"ReadAction","target":["https:\/\/www.correiobraziliense.com.br\/cbradar\/ha-300-milhoes-de-anos-essa-cidade-do-parana-ja-foi-quase-antartida-e-era-tudo-gelo-hoje-abriga-arenitos-gigantes-e-formacoes-unicas-que-lembram-figuras\/"]}]},{"@type":"ImageObject","inLanguage":"pt-BR","@id":"https:\/\/www.correiobraziliense.com.br\/cbradar\/ha-300-milhoes-de-anos-essa-cidade-do-parana-ja-foi-quase-antartida-e-era-tudo-gelo-hoje-abriga-arenitos-gigantes-e-formacoes-unicas-que-lembram-figuras\/#primaryimage","url":"https:\/\/www.correiobraziliense.com.br\/cbradar\/wp-content\/uploads\/2026\/04\/aaa-2026-04-29T073422.109.png","contentUrl":"https:\/\/www.correiobraziliense.com.br\/cbradar\/wp-content\/uploads\/2026\/04\/aaa-2026-04-29T073422.109.png","width":1280,"height":720,"caption":"H\u00e1 300 milh\u00f5es de anos, o peda\u00e7o de terra que hoje se chama Ponta Grossa ficava pr\u00f3ximo ao Polo Sul. \/ Imagem ilustrativa"},{"@type":"BreadcrumbList","@id":"https:\/\/www.correiobraziliense.com.br\/cbradar\/ha-300-milhoes-de-anos-essa-cidade-do-parana-ja-foi-quase-antartida-e-era-tudo-gelo-hoje-abriga-arenitos-gigantes-e-formacoes-unicas-que-lembram-figuras\/#breadcrumb","itemListElement":[{"@type":"ListItem","position":1,"name":"In\u00edcio","item":"https:\/\/www.correiobraziliense.com.br\/cbradar\/"},{"@type":"ListItem","position":2,"name":"H\u00e1 300 milh\u00f5es de anos, essa cidade do Paran\u00e1 j\u00e1 foi quase Ant\u00e1rtida e era tudo gelo, hoje abriga arenitos gigantes e forma\u00e7\u00f5es \u00fanicas que lembram figuras"}]},{"@type":"WebSite","@id":"https:\/\/www.correiobraziliense.com.br\/cbradar\/#website","url":"https:\/\/www.correiobraziliense.com.br\/cbradar\/","name":"Correio Braziliense - Radar","description":"Acompanhe as \u00faltimas not\u00edcias e fique bem informado sobre tudo o que acontece no Brasil e no mundo.","potentialAction":[{"@type":"SearchAction","target":{"@type":"EntryPoint","urlTemplate":"https:\/\/www.correiobraziliense.com.br\/cbradar\/?s={search_term_string}"},"query-input":{"@type":"PropertyValueSpecification","valueRequired":true,"valueName":"search_term_string"}}],"inLanguage":"pt-BR"},{"@type":"Person","@id":"https:\/\/www.correiobraziliense.com.br\/cbradar\/#\/schema\/person\/4053c651a9bfc785afc6f4cbc9032fd3","name":"Maura Pereira","image":{"@type":"ImageObject","inLanguage":"pt-BR","@id":"https:\/\/www.correiobraziliense.com.br\/cbradar\/#\/schema\/person\/image\/","url":"https:\/\/secure.gravatar.com\/avatar\/3effd6bdadfa447f15089c7f7144eaa6?s=96&d=mm&r=g","contentUrl":"https:\/\/secure.gravatar.com\/avatar\/3effd6bdadfa447f15089c7f7144eaa6?s=96&d=mm&r=g","caption":"Maura Pereira"},"sameAs":["https:\/\/www.correiobraziliense.com.br\/"],"url":"https:\/\/www.correiobraziliense.com.br\/cbradar\/author\/mauramyth\/"}]}},"_links":{"self":[{"href":"https:\/\/www.correiobraziliense.com.br\/cbradar\/wp-json\/wp\/v2\/posts\/233255","targetHints":{"allow":["GET"]}}],"collection":[{"href":"https:\/\/www.correiobraziliense.com.br\/cbradar\/wp-json\/wp\/v2\/posts"}],"about":[{"href":"https:\/\/www.correiobraziliense.com.br\/cbradar\/wp-json\/wp\/v2\/types\/post"}],"author":[{"embeddable":true,"href":"https:\/\/www.correiobraziliense.com.br\/cbradar\/wp-json\/wp\/v2\/users\/8"}],"replies":[{"embeddable":true,"href":"https:\/\/www.correiobraziliense.com.br\/cbradar\/wp-json\/wp\/v2\/comments?post=233255"}],"version-history":[{"count":13,"href":"https:\/\/www.correiobraziliense.com.br\/cbradar\/wp-json\/wp\/v2\/posts\/233255\/revisions"}],"predecessor-version":[{"id":234023,"href":"https:\/\/www.correiobraziliense.com.br\/cbradar\/wp-json\/wp\/v2\/posts\/233255\/revisions\/234023"}],"wp:featuredmedia":[{"embeddable":true,"href":"https:\/\/www.correiobraziliense.com.br\/cbradar\/wp-json\/wp\/v2\/media\/234024"}],"wp:attachment":[{"href":"https:\/\/www.correiobraziliense.com.br\/cbradar\/wp-json\/wp\/v2\/media?parent=233255"}],"wp:term":[{"taxonomy":"category","embeddable":true,"href":"https:\/\/www.correiobraziliense.com.br\/cbradar\/wp-json\/wp\/v2\/categories?post=233255"},{"taxonomy":"post_tag","embeddable":true,"href":"https:\/\/www.correiobraziliense.com.br\/cbradar\/wp-json\/wp\/v2\/post_tag?post=233255"}],"curies":[{"name":"wp","href":"https:\/\/api.w.org\/{rel}","templated":true}]}}