{"id":233256,"date":"2026-04-28T23:05:00","date_gmt":"2026-04-29T02:05:00","guid":{"rendered":"https:\/\/www.correiobraziliense.com.br\/cbradar\/?p=233256"},"modified":"2026-04-28T16:57:39","modified_gmt":"2026-04-28T19:57:39","slug":"com-aguas-termais-a-57c-a-maior-estancia-hidrotermal-do-mundo-fica-em-goias-e-atrai-visitantes-do-pais-inteiro","status":"publish","type":"post","link":"https:\/\/www.correiobraziliense.com.br\/cbradar\/com-aguas-termais-a-57c-a-maior-estancia-hidrotermal-do-mundo-fica-em-goias-e-atrai-visitantes-do-pais-inteiro\/","title":{"rendered":"Com \u00e1guas termais a 57\u00b0C, a maior est\u00e2ncia hidrotermal do mundo fica em Goi\u00e1s e atrai visitantes do pa\u00eds inteiro"},"content":{"rendered":"\n<p>No cora\u00e7\u00e3o de <strong>Goi\u00e1s<\/strong>, <strong>Caldas Novas<\/strong> recebe o visitante com vapor subindo das piscinas mesmo em noites de julho. A cidade abriga o maior manancial de \u00e1guas termais do planeta, com nascentes que afloram naturalmente quentes em pleno cerrado.<\/p>\n\n\n\n<h2 class=\"wp-block-heading\">Como nasceu a capital das \u00e1guas quentes<\/h2>\n\n\n\n<p>A hist\u00f3ria come\u00e7ou em <strong>1722<\/strong>, quando o bandeirante <strong>Bartolomeu Bueno da Silva<\/strong>, o filho, encontrou nascentes escaldantes na fralda da serra enquanto procurava ouro. As fontes ficaram esquecidas por d\u00e9cadas, at\u00e9 serem redescobertas em 1777 pelo paulista <strong>Martinho Coelho de Siqueira<\/strong> durante uma ca\u00e7ada.<\/p>\n\n\n\n<p>A vila cresceu ao redor das fontes e se emancipou de Morrinhos em 1911. O turismo ganhou for\u00e7a nos anos 1970, quando os primeiros hot\u00e9is com piscinas termais transformaram a cidade goiana em um dos destinos mais procurados do <strong>Centro-Oeste<\/strong>, segundo a <a href=\"https:\/\/goias.gov.br\/turismo\/caldasnovas\/\" target=\"_blank\" rel=\"noreferrer noopener\"><strong>Goi\u00e1s Turismo<\/strong><\/a>.<\/p>\n\n\n<div class=\"wp-block-image\">\n<figure class=\"aligncenter size-large\"><img decoding=\"async\" width=\"1024\" height=\"576\" src=\"https:\/\/www.correiobraziliense.com.br\/cbradar\/wp-content\/uploads\/2025\/06\/Edicoes-17-1-1024x576.png\" alt=\"Chuvas de mil anos atr\u00e1s aquecem piscinas brasileiras a quase 60 \u00b0C na maior est\u00e2ncia termal do planeta\" class=\"wp-image-57433\" srcset=\"https:\/\/www.correiobraziliense.com.br\/cbradar\/wp-content\/uploads\/2025\/06\/Edicoes-17-1-1024x576.png 1024w, https:\/\/www.correiobraziliense.com.br\/cbradar\/wp-content\/uploads\/2025\/06\/Edicoes-17-1-300x169.png 300w, https:\/\/www.correiobraziliense.com.br\/cbradar\/wp-content\/uploads\/2025\/06\/Edicoes-17-1-768x432.png 768w, https:\/\/www.correiobraziliense.com.br\/cbradar\/wp-content\/uploads\/2025\/06\/Edicoes-17-1-750x422.png 750w, https:\/\/www.correiobraziliense.com.br\/cbradar\/wp-content\/uploads\/2025\/06\/Edicoes-17-1-1140x641.png 1140w, https:\/\/www.correiobraziliense.com.br\/cbradar\/wp-content\/uploads\/2025\/06\/Edicoes-17-1.png 1280w\" sizes=\"(max-width: 1024px) 100vw, 1024px\" \/><figcaption class=\"wp-element-caption\">Caldas Novas registra boom tur\u00edstico com novos resorts e eventos termais, posicionando-se como polo de lazer no Centro-Oeste brasileiro. \/\/ Reprodu\u00e7\u00e3o: Wikimedia Commons<\/figcaption><\/figure><\/div>\n\n\n<h2 class=\"wp-block-heading\">Por que a \u00e1gua sai quente do ch\u00e3o?<\/h2>\n\n\n\n<p><strong>N\u00e3o existem fontes vulc\u00e2nicas em Caldas Novas.<\/strong> O fen\u00f4meno acontece porque a \u00e1gua da chuva se infiltra nas fendas da serra e desce a mais de mil metros de profundidade.<\/p>\n\n\n\n<p>Em contato com o gradiente geot\u00e9rmico das rochas, a \u00e1gua aquece e retorna \u00e0 superf\u00edcie por diferen\u00e7a de press\u00e3o. As temperaturas de afloramento variam entre 37\u00b0C e 57\u00b0C, com pontos que chegam a 70\u00b0C nos parques.<\/p>\n\n\n\n<p>Este v\u00eddeo do canal &#8220;<strong>3em3<\/strong>&#8221; apresenta os principais parques aqu\u00e1ticos e atra\u00e7\u00f5es tur\u00edsticas de <strong>Caldas Novas<\/strong>, Goi\u00e1s, conhecida por suas \u00e1guas termais.<\/p>\n\n\n\n<figure class=\"wp-block-embed aligncenter is-type-video is-provider-youtube wp-block-embed-youtube wp-embed-aspect-16-9 wp-has-aspect-ratio\"><div class=\"wp-block-embed__wrapper\">\n<div class=\"jeg_video_container jeg_video_content\"><iframe loading=\"lazy\" title=\"Caldas Novas - Goi\u00e1s :: Os melhores passeios de Caldas Novas :: 3em3\" width=\"500\" height=\"281\" src=\"https:\/\/www.youtube.com\/embed\/lPlHydzVmIo?feature=oembed\" frameborder=\"0\" allow=\"accelerometer; autoplay; clipboard-write; encrypted-media; gyroscope; picture-in-picture; web-share\" referrerpolicy=\"strict-origin-when-cross-origin\" allowfullscreen><\/iframe><\/div>\n<\/div><\/figure>\n\n\n\n<h2 class=\"wp-block-heading\">Quais s\u00e3o as atra\u00e7\u00f5es imperd\u00edveis na cidade goiana?<\/h2>\n\n\n\n<p>O cart\u00e3o-postal s\u00e3o as piscinas termais, mas a cidade guarda atra\u00e7\u00f5es que v\u00e3o muito al\u00e9m delas. Algumas ficam a poucos minutos do centro, outras exigem um curto deslocamento at\u00e9 <strong>Rio Quente<\/strong>.<\/p>\n\n\n\n<ul class=\"wp-block-list\">\n<li><strong>Hot Park<\/strong>: localizado em Rio Quente, abriga a Praia do Cerrado, maior piscina de \u00e1guas quentes do mundo com 6 milh\u00f5es de litros, segundo o <a href=\"https:\/\/www.rioquente.com.br\/hot-park\" target=\"_blank\" rel=\"noreferrer noopener\"><strong>site oficial<\/strong><\/a>.<\/li>\n\n\n\n<li><strong>Parque Estadual da Serra de Caldas Novas (PESCaN)<\/strong>: a<strong> <a href=\"https:\/\/goias.gov.br\/meioambiente\/parque-estadual-da-serra-de-caldas-novas-pescan\/\" target=\"_blank\" rel=\"noreferrer noopener\">primeira unidade de conserva\u00e7\u00e3o de Goi\u00e1s<\/a><\/strong>, com cachoeiras de \u00e1gua fria e mirantes a mais de mil metros de altitude.<\/li>\n\n\n\n<li><strong>Lagoa de Pirapitinga<\/strong>: nascente hist\u00f3rica onde a \u00e1gua chega a 57\u00b0C. O famoso po\u00e7o cozinha um ovo em poucos minutos.<\/li>\n\n\n\n<li><strong>Lago de Corumb\u00e1<\/strong>: espelho d \u00e1gua de 65 km\u00b2 com passeios de lancha, jet-ski e pesca esportiva.<\/li>\n\n\n\n<li><strong>Jardim Japon\u00eas<\/strong>: pontes arqueadas e lagos com carpas no centro da cidade, ao lado de uma das casas mais antigas do munic\u00edpio.<\/li>\n<\/ul>\n\n\n\n<h2 class=\"wp-block-heading\">O que comer na terra do pequi<\/h2>\n\n\n\n<p>A mesa calda-novense carrega o tempero forte do interior goiano. O pequi domina os pratos principais e os locais avisam: nunca morda o caro\u00e7o, recheado de espinhos min\u00fasculos.<\/p>\n\n\n\n<ul class=\"wp-block-list\">\n<li><strong>Empad\u00e3o goiano<\/strong>: torta salgada com frango, lingui\u00e7a, queijo e guariroba, o palmito amargo do cerrado.<\/li>\n\n\n\n<li><strong>Arroz com pequi<\/strong>: o cl\u00e1ssico goiano de aroma marcante e cor amarela intensa.<\/li>\n\n\n\n<li><strong>Galinhada<\/strong>: arroz cozido junto com frango caipira e a\u00e7afr\u00e3o, servido em panel\u00e3o.<\/li>\n\n\n\n<li><strong>Pamonha<\/strong>: doce ou salgada, vendida fresca em pamonharias espalhadas pela cidade.<\/li>\n\n\n\n<li><strong>Sorvete de pequi<\/strong>: a curiosidade gastron\u00f4mica que divide opini\u00f5es entre quem visita.<\/li>\n<\/ul>\n\n\n\n<p><strong>Leia tamb\u00e9m: <a href=\"https:\/\/www.correiobraziliense.com.br\/cbradar\/uma-cidade-gaucha-onde-flamingos-chilenos-pousam-apos-voar-8-mil-km-e-o-sol-nasce-no-oceano\/\" target=\"_blank\" rel=\"noreferrer noopener\">Uma cidade ga\u00facha onde flamingos chilenos pousam ap\u00f3s voar 8 mil km e o sol nasce no oceano.<\/a><\/strong><\/p>\n\n\n<div class=\"wp-block-image\">\n<figure class=\"aligncenter size-large\"><img decoding=\"async\" width=\"1024\" height=\"576\" src=\"https:\/\/www.correiobraziliense.com.br\/cbradar\/wp-content\/uploads\/2025\/12\/G-2025-12-07T001413.232-1024x576.png\" alt=\"Com \u00e1guas que superam os 50 \u00b0C, a maior cidade hidrotermal do mundo se consolida como a capital dos parques aqu\u00e1ticos no Brasil, atraindo milh\u00f5es de turistas todos os anos\" class=\"wp-image-151497\" srcset=\"https:\/\/www.correiobraziliense.com.br\/cbradar\/wp-content\/uploads\/2025\/12\/G-2025-12-07T001413.232-1024x576.png 1024w, https:\/\/www.correiobraziliense.com.br\/cbradar\/wp-content\/uploads\/2025\/12\/G-2025-12-07T001413.232-300x169.png 300w, https:\/\/www.correiobraziliense.com.br\/cbradar\/wp-content\/uploads\/2025\/12\/G-2025-12-07T001413.232-768x432.png 768w, https:\/\/www.correiobraziliense.com.br\/cbradar\/wp-content\/uploads\/2025\/12\/G-2025-12-07T001413.232-750x422.png 750w, https:\/\/www.correiobraziliense.com.br\/cbradar\/wp-content\/uploads\/2025\/12\/G-2025-12-07T001413.232-1140x641.png 1140w, https:\/\/www.correiobraziliense.com.br\/cbradar\/wp-content\/uploads\/2025\/12\/G-2025-12-07T001413.232.png 1280w\" sizes=\"(max-width: 1024px) 100vw, 1024px\" \/><figcaption class=\"wp-element-caption\">Desperte vitalidade em Caldas Novas: \u00e1guas quentes curativas e natureza exuberante inspiram renova\u00e7\u00e3o e harmonia perfeita com o bem-estar. \/\/ Cr\u00e9ditos: Wikip\u00e9dia<\/figcaption><\/figure><\/div>\n\n\n<h2 class=\"wp-block-heading\">Quando visitar a cidade das \u00e1guas termais?<\/h2>\n\n\n\n<p><strong>A cidade pode ser visitada o ano inteiro, j\u00e1 que as piscinas mant\u00eam a temperatura constante.<\/strong> O inverno \u00e9 a alta temporada por causa do c\u00e9u seco e das noites frescas.<\/p>\n\n\n\n<style>\n  \/* --- CONTAINER BLINDADO (PADR\u00c3O REGISTRADO) --- *\/\n  .clima-grid-final {\n    font-family: -apple-system, BlinkMacSystemFont, \"Segoe UI\", Roboto, Arial, sans-serif !important;\n    width: 100% !important;\n    max-width: 1200px !important;\n    margin: 20px auto !important;\n    display: grid !important;\n    \/* FOR\u00c7A 4 COLUNAS NO DESKTOP *\/\n    grid-template-columns: repeat(4, 1fr) !important; \n    gap: 15px !important;\n    box-sizing: border-box !important;\n  }\n\n  .clima-grid-final * {\n    box-sizing: border-box !important;\n  }\n\n  \/* --- BLINDAGEM CONTRA ADS E PLUGINS INTRUSOS --- *\/\n  .clima-grid-final > :not(.card-clima) {\n    display: none !important;\n    width: 0 !important;\n    height: 0 !important;\n    opacity: 0 !important;\n  }\n\n  \/* --- CARD PRETO B\u00c1SICO (FUNDO BRANCO) --- *\/\n  .card-clima {\n    background: #ffffff !important;\n    border: 1px solid #e0e0e0 !important;\n    border-radius: 20px !important;\n    padding: 20px 10px !important;\n    text-align: center !important;\n    display: flex !important;\n    flex-direction: column !important;\n    align-items: center !important;\n    box-shadow: 0 4px 10px rgba(0, 0, 0, 0.05) !important;\n    min-width: 0 !important; \n    transition: transform 0.2s ease !important;\n    overflow: hidden !important;\n    height: 100% !important;\n  }\n\n  .card-clima:hover {\n    transform: translateY(-5px) !important;\n    border-color: #000000 !important;\n  }\n\n  \/* --- CONTE\u00daDO --- *\/\n  .estacao-nome { \n    font-size: 14px !important; \n    font-weight: 800 !important; \n    color: #000000 !important; \n    text-transform: uppercase !important; \n    margin: 0 0 5px 0 !important; \n  }\n  \n  .estacao-meses { \n    font-size: 10px !important; \n    font-weight: 700 !important; \n    color: #444444 !important; \n    text-transform: uppercase !important; \n    margin-bottom: 15px !important; \n    display: block !important;\n  }\n  \n  .temp-valor { \n    font-size: 24px !important; \n    font-weight: 800 !important; \n    color: #000000 !important; \n    line-height: 1.1 !important; \n    margin: 0 !important;\n  }\n  \n  .temp-label { \n    font-size: 9px !important; \n    font-weight: 600 !important; \n    color: #777777 !important; \n    text-transform: uppercase !important; \n    margin-bottom: 15px !important; \n    display: block !important;\n  }\n  \n  .clima-desc { \n    font-size: 12px !important; \n    line-height: 1.4 !important; \n    color: #333333 !important; \n    margin-bottom: 15px !important; \n    flex-grow: 1 !important; \n  }\n\n  .tag-status {\n    background-color: #f5f5f5 !important;\n    border: 1px solid #d0d0d0 !important;\n    color: #000000 !important;\n    padding: 5px 12px !important;\n    border-radius: 20px !important;\n    font-size: 9px !important;\n    font-weight: 800 !important;\n    text-transform: uppercase !important;\n    margin-top: auto !important;\n  }\n\n  \/* --- RESPONSIVIDADE --- *\/\n  @media (max-width: 800px) {\n    .clima-grid-final {\n      grid-template-columns: 1fr !important; \n    }\n    .card-clima {\n      padding: 25px 20px !important;\n    }\n  }\n<\/style>\n\n<div class=\"google-auto-ads-ignore clima-grid-final\">\n  \n  <div class=\"card-clima\">\n    <div class=\"estacao-nome\">\u2600\ufe0f Ver\u00e3o<\/div>\n    <span class=\"estacao-meses\">Dez &#8211; Fev<\/span>\n    <div class=\"temp-valor\">20-30\u00b0C<\/div>\n    <span class=\"temp-label\">M\u00e9dia<\/span>\n    <div class=\"clima-desc\">Com a chuva alta, a estrat\u00e9gia ideal \u00e9 aproveitar os <b>parques aqu\u00e1ticos pela manh\u00e3<\/b>, garantindo divers\u00e3o antes das pancadas de tarde.<\/div>\n    <div class=\"tag-status\">\ud83c\udf0a Water Parks<\/div>\n  <\/div>\n\n  <div class=\"card-clima\">\n    <div class=\"estacao-nome\">\ud83c\udf42 Outono<\/div>\n    <span class=\"estacao-meses\">Mar &#8211; Mai<\/span>\n    <div class=\"temp-valor\">18-29\u00b0C<\/div>\n    <span class=\"temp-label\">M\u00e9dia<\/span>\n    <div class=\"clima-desc\">O clima ameno favorece o contato direto com a natureza atrav\u00e9s das belas <b>trilhas no PESCaN<\/b> (Parque Estadual da Serra de Caldas).<\/div>\n    <div class=\"tag-status\">\ud83e\udd7e Trilhas<\/div>\n  <\/div>\n\n  <div class=\"card-clima\">\n    <div class=\"estacao-nome\">\u2744\ufe0f Inverno<\/div>\n    <span class=\"estacao-meses\">Jun &#8211; Ago<\/span>\n    <div class=\"temp-valor\">14-28\u00b0C<\/div>\n    <span class=\"temp-label\">M\u00e9dia<\/span>\n    <div class=\"clima-desc\">Na esta\u00e7\u00e3o seca, nada supera a experi\u00eancia relaxante das <b>piscinas termais \u00e0 noite<\/b>, aproveitando o contraste t\u00e9rmico da esta\u00e7\u00e3o.<\/div>\n    <div class=\"tag-status\">\u2668\ufe0f \u00c1guas Quentes<\/div>\n  <\/div>\n\n  <div class=\"card-clima\">\n    <div class=\"estacao-nome\">\ud83c\udf38 Primavera<\/div>\n    <span class=\"estacao-meses\">Set &#8211; Nov<\/span>\n    <div class=\"temp-valor\">18-32\u00b0C<\/div>\n    <span class=\"temp-label\">M\u00e9dia<\/span>\n    <div class=\"clima-desc\">O calor se intensifica, tornando os passeios no <b>Lago de Corumb\u00e1<\/b> e a rica <b>gastronomia<\/b> local os grandes destaques do per\u00edodo.<\/div>\n    <div class=\"tag-status\">\ud83d\udee5\ufe0f Lazer<\/div>\n  <\/div>\n\n<\/div>\n\n\n\n<p><em>Temperaturas aproximadas com base no <a href=\"https:\/\/www.climatempo.com.br\/previsao-do-tempo\/cidade\/725\/caldasnovas-go\" target=\"_blank\" rel=\"noreferrer noopener\"><strong>Climatempo<\/strong><\/a>. Condi\u00e7\u00f5es podem variar.<\/em><\/p>\n\n\n\n<h2 class=\"wp-block-heading\">Como chegar \u00e0 capital das \u00e1guas quentes?<\/h2>\n\n\n\n<p>Caldas Novas fica a 170 km de <strong>Goi\u00e2nia<\/strong> e a 300 km de <strong>Bras\u00edlia<\/strong>, com acesso pelas rodovias <strong>BR-153<\/strong> e <strong>GO-139<\/strong>. O aeroporto regional recebe voos fretados em alta temporada e \u00f4nibus partem diariamente das principais capitais do Centro-Oeste e do Sudeste.<\/p>\n\n\n\n<h2 class=\"wp-block-heading\">Mergulhe nas \u00e1guas mais surpreendentes do Brasil<\/h2>\n\n\n\n<p>Poucos lugares no pa\u00eds conseguem unir tantas piscinas naturais quentes, cerrado preservado e tempero goiano em uma s\u00f3 viagem. A combina\u00e7\u00e3o rara explica por que a cidade aparece, ano ap\u00f3s ano, entre os destinos mais procurados do <strong>Brasil<\/strong>.<\/p>\n\n\n\n<p>Voc\u00ea precisa conhecer Caldas Novas e sentir a \u00e1gua quente subindo do ch\u00e3o em uma noite fresca de cerrado.<\/p>\n","protected":false},"excerpt":{"rendered":"<p>No cora\u00e7\u00e3o de Goi\u00e1s, Caldas Novas recebe o visitante com vapor subindo das piscinas mesmo em noites de julho. A cidade abriga o maior manancial de \u00e1guas termais do planeta, com nascentes que afloram naturalmente quentes em pleno cerrado. Como nasceu a capital das \u00e1guas quentes A hist\u00f3ria come\u00e7ou em 1722, quando o bandeirante Bartolomeu [&hellip;]<\/p>\n","protected":false},"author":8,"featured_media":202017,"comment_status":"open","ping_status":"open","sticky":false,"template":"","format":"standard","meta":{"_yoast_wpseo_focuskw":"\u00e1guas termais","_yoast_wpseo_title":"","_yoast_wpseo_metadesc":"A maior est\u00e2ncia hidrotermal do mundo, em Goi\u00e1s, impressiona com \u00e1guas termais a 57\u00b0C e fluxo de visitantes constante","jnews-multi-image_gallery":[],"jnews_single_post":{"format":"standard"},"jnews_primary_category":[],"jnews_social_meta":[],"jnews_override_counter":[],"footnotes":""},"categories":[108,111],"post_tag":[553,554],"class_list":["post-233256","post","type-post","status-publish","format-standard","has-post-thumbnail","hentry","category-cidades","category-turismo","tag-caldas-novas","tag-goias"],"yoast_head":"<!-- This site is optimized with the Yoast SEO plugin v24.6 - https:\/\/yoast.com\/wordpress\/plugins\/seo\/ -->\n<title>Com \u00e1guas termais a 57\u00b0C, a maior est\u00e2ncia hidrotermal do mundo fica em Goi\u00e1s e atrai visitantes do pa\u00eds inteiro - Correio Braziliense - Radar<\/title>\n<meta name=\"description\" content=\"A maior est\u00e2ncia hidrotermal do mundo, em Goi\u00e1s, impressiona com \u00e1guas termais a 57\u00b0C e fluxo de visitantes constante\" \/>\n<meta name=\"robots\" content=\"index, follow, max-snippet:-1, max-image-preview:large, max-video-preview:-1\" \/>\n<link rel=\"canonical\" href=\"https:\/\/www.correiobraziliense.com.br\/cbradar\/com-aguas-termais-a-57c-a-maior-estancia-hidrotermal-do-mundo-fica-em-goias-e-atrai-visitantes-do-pais-inteiro\/\" \/>\n<meta property=\"og:locale\" content=\"pt_BR\" \/>\n<meta property=\"og:type\" content=\"article\" \/>\n<meta property=\"og:title\" content=\"Com \u00e1guas termais a 57\u00b0C, a maior est\u00e2ncia hidrotermal do mundo fica em Goi\u00e1s e atrai visitantes do pa\u00eds inteiro - Correio Braziliense - Radar\" \/>\n<meta property=\"og:description\" content=\"A maior est\u00e2ncia hidrotermal do mundo, em Goi\u00e1s, impressiona com \u00e1guas termais a 57\u00b0C e fluxo de visitantes constante\" \/>\n<meta property=\"og:url\" content=\"https:\/\/www.correiobraziliense.com.br\/cbradar\/com-aguas-termais-a-57c-a-maior-estancia-hidrotermal-do-mundo-fica-em-goias-e-atrai-visitantes-do-pais-inteiro\/\" \/>\n<meta property=\"og:site_name\" content=\"Correio Braziliense - Radar\" \/>\n<meta property=\"article:published_time\" content=\"2026-04-29T02:05:00+00:00\" \/>\n<meta property=\"og:image\" content=\"https:\/\/www.correiobraziliense.com.br\/cbradar\/wp-content\/uploads\/2026\/03\/aaa-2026-03-02T214044.868.png\" \/>\n\t<meta property=\"og:image:width\" content=\"1280\" \/>\n\t<meta property=\"og:image:height\" content=\"720\" \/>\n\t<meta property=\"og:image:type\" content=\"image\/png\" \/>\n<meta name=\"author\" content=\"Maura Pereira\" \/>\n<meta name=\"twitter:card\" content=\"summary_large_image\" \/>\n<meta name=\"twitter:label1\" content=\"Escrito por\" \/>\n\t<meta name=\"twitter:data1\" content=\"Maura Pereira\" \/>\n\t<meta name=\"twitter:label2\" content=\"Est. tempo de leitura\" \/>\n\t<meta name=\"twitter:data2\" content=\"6 minutos\" \/>\n<!-- \/ Yoast SEO plugin. -->","yoast_head_json":{"title":"Com \u00e1guas termais a 57\u00b0C, a maior est\u00e2ncia hidrotermal do mundo fica em Goi\u00e1s e atrai visitantes do pa\u00eds inteiro - Correio Braziliense - Radar","description":"A maior est\u00e2ncia hidrotermal do mundo, em Goi\u00e1s, impressiona com \u00e1guas termais a 57\u00b0C e fluxo de visitantes constante","robots":{"index":"index","follow":"follow","max-snippet":"max-snippet:-1","max-image-preview":"max-image-preview:large","max-video-preview":"max-video-preview:-1"},"canonical":"https:\/\/www.correiobraziliense.com.br\/cbradar\/com-aguas-termais-a-57c-a-maior-estancia-hidrotermal-do-mundo-fica-em-goias-e-atrai-visitantes-do-pais-inteiro\/","og_locale":"pt_BR","og_type":"article","og_title":"Com \u00e1guas termais a 57\u00b0C, a maior est\u00e2ncia hidrotermal do mundo fica em Goi\u00e1s e atrai visitantes do pa\u00eds inteiro - Correio Braziliense - Radar","og_description":"A maior est\u00e2ncia hidrotermal do mundo, em Goi\u00e1s, impressiona com \u00e1guas termais a 57\u00b0C e fluxo de visitantes constante","og_url":"https:\/\/www.correiobraziliense.com.br\/cbradar\/com-aguas-termais-a-57c-a-maior-estancia-hidrotermal-do-mundo-fica-em-goias-e-atrai-visitantes-do-pais-inteiro\/","og_site_name":"Correio Braziliense - Radar","article_published_time":"2026-04-29T02:05:00+00:00","og_image":[{"width":1280,"height":720,"url":"https:\/\/www.correiobraziliense.com.br\/cbradar\/wp-content\/uploads\/2026\/03\/aaa-2026-03-02T214044.868.png","type":"image\/png"}],"author":"Maura Pereira","twitter_card":"summary_large_image","twitter_misc":{"Escrito por":"Maura Pereira","Est. tempo de leitura":"6 minutos"},"schema":{"@context":"https:\/\/schema.org","@graph":[{"@type":"WebPage","@id":"https:\/\/www.correiobraziliense.com.br\/cbradar\/com-aguas-termais-a-57c-a-maior-estancia-hidrotermal-do-mundo-fica-em-goias-e-atrai-visitantes-do-pais-inteiro\/","url":"https:\/\/www.correiobraziliense.com.br\/cbradar\/com-aguas-termais-a-57c-a-maior-estancia-hidrotermal-do-mundo-fica-em-goias-e-atrai-visitantes-do-pais-inteiro\/","name":"Com \u00e1guas termais a 57\u00b0C, a maior est\u00e2ncia hidrotermal do mundo fica em Goi\u00e1s e atrai visitantes do pa\u00eds inteiro - Correio Braziliense - Radar","isPartOf":{"@id":"https:\/\/www.correiobraziliense.com.br\/cbradar\/#website"},"primaryImageOfPage":{"@id":"https:\/\/www.correiobraziliense.com.br\/cbradar\/com-aguas-termais-a-57c-a-maior-estancia-hidrotermal-do-mundo-fica-em-goias-e-atrai-visitantes-do-pais-inteiro\/#primaryimage"},"image":{"@id":"https:\/\/www.correiobraziliense.com.br\/cbradar\/com-aguas-termais-a-57c-a-maior-estancia-hidrotermal-do-mundo-fica-em-goias-e-atrai-visitantes-do-pais-inteiro\/#primaryimage"},"thumbnailUrl":"https:\/\/www.correiobraziliense.com.br\/cbradar\/wp-content\/uploads\/2026\/03\/aaa-2026-03-02T214044.868.png","datePublished":"2026-04-29T02:05:00+00:00","author":{"@id":"https:\/\/www.correiobraziliense.com.br\/cbradar\/#\/schema\/person\/4053c651a9bfc785afc6f4cbc9032fd3"},"description":"A maior est\u00e2ncia hidrotermal do mundo, em Goi\u00e1s, impressiona com \u00e1guas termais a 57\u00b0C e fluxo de visitantes constante","breadcrumb":{"@id":"https:\/\/www.correiobraziliense.com.br\/cbradar\/com-aguas-termais-a-57c-a-maior-estancia-hidrotermal-do-mundo-fica-em-goias-e-atrai-visitantes-do-pais-inteiro\/#breadcrumb"},"inLanguage":"pt-BR","potentialAction":[{"@type":"ReadAction","target":["https:\/\/www.correiobraziliense.com.br\/cbradar\/com-aguas-termais-a-57c-a-maior-estancia-hidrotermal-do-mundo-fica-em-goias-e-atrai-visitantes-do-pais-inteiro\/"]}]},{"@type":"ImageObject","inLanguage":"pt-BR","@id":"https:\/\/www.correiobraziliense.com.br\/cbradar\/com-aguas-termais-a-57c-a-maior-estancia-hidrotermal-do-mundo-fica-em-goias-e-atrai-visitantes-do-pais-inteiro\/#primaryimage","url":"https:\/\/www.correiobraziliense.com.br\/cbradar\/wp-content\/uploads\/2026\/03\/aaa-2026-03-02T214044.868.png","contentUrl":"https:\/\/www.correiobraziliense.com.br\/cbradar\/wp-content\/uploads\/2026\/03\/aaa-2026-03-02T214044.868.png","width":1280,"height":720,"caption":"Caldas Novas \u00e9 rara por natureza: uma cidade inteira erguida sobre \u00e1guas que a Terra esquenta h\u00e1 milh\u00f5es de anos. \/ Imagem ilustrativa"},{"@type":"BreadcrumbList","@id":"https:\/\/www.correiobraziliense.com.br\/cbradar\/com-aguas-termais-a-57c-a-maior-estancia-hidrotermal-do-mundo-fica-em-goias-e-atrai-visitantes-do-pais-inteiro\/#breadcrumb","itemListElement":[{"@type":"ListItem","position":1,"name":"In\u00edcio","item":"https:\/\/www.correiobraziliense.com.br\/cbradar\/"},{"@type":"ListItem","position":2,"name":"Com \u00e1guas termais a 57\u00b0C, a maior est\u00e2ncia hidrotermal do mundo fica em Goi\u00e1s e atrai visitantes do pa\u00eds inteiro"}]},{"@type":"WebSite","@id":"https:\/\/www.correiobraziliense.com.br\/cbradar\/#website","url":"https:\/\/www.correiobraziliense.com.br\/cbradar\/","name":"Correio Braziliense - Radar","description":"Acompanhe as \u00faltimas not\u00edcias e fique bem informado sobre tudo o que acontece no Brasil e no mundo.","potentialAction":[{"@type":"SearchAction","target":{"@type":"EntryPoint","urlTemplate":"https:\/\/www.correiobraziliense.com.br\/cbradar\/?s={search_term_string}"},"query-input":{"@type":"PropertyValueSpecification","valueRequired":true,"valueName":"search_term_string"}}],"inLanguage":"pt-BR"},{"@type":"Person","@id":"https:\/\/www.correiobraziliense.com.br\/cbradar\/#\/schema\/person\/4053c651a9bfc785afc6f4cbc9032fd3","name":"Maura Pereira","image":{"@type":"ImageObject","inLanguage":"pt-BR","@id":"https:\/\/www.correiobraziliense.com.br\/cbradar\/#\/schema\/person\/image\/","url":"https:\/\/secure.gravatar.com\/avatar\/3effd6bdadfa447f15089c7f7144eaa6?s=96&d=mm&r=g","contentUrl":"https:\/\/secure.gravatar.com\/avatar\/3effd6bdadfa447f15089c7f7144eaa6?s=96&d=mm&r=g","caption":"Maura Pereira"},"sameAs":["https:\/\/www.correiobraziliense.com.br\/"],"url":"https:\/\/www.correiobraziliense.com.br\/cbradar\/author\/mauramyth\/"}]}},"_links":{"self":[{"href":"https:\/\/www.correiobraziliense.com.br\/cbradar\/wp-json\/wp\/v2\/posts\/233256","targetHints":{"allow":["GET"]}}],"collection":[{"href":"https:\/\/www.correiobraziliense.com.br\/cbradar\/wp-json\/wp\/v2\/posts"}],"about":[{"href":"https:\/\/www.correiobraziliense.com.br\/cbradar\/wp-json\/wp\/v2\/types\/post"}],"author":[{"embeddable":true,"href":"https:\/\/www.correiobraziliense.com.br\/cbradar\/wp-json\/wp\/v2\/users\/8"}],"replies":[{"embeddable":true,"href":"https:\/\/www.correiobraziliense.com.br\/cbradar\/wp-json\/wp\/v2\/comments?post=233256"}],"version-history":[{"count":7,"href":"https:\/\/www.correiobraziliense.com.br\/cbradar\/wp-json\/wp\/v2\/posts\/233256\/revisions"}],"predecessor-version":[{"id":233794,"href":"https:\/\/www.correiobraziliense.com.br\/cbradar\/wp-json\/wp\/v2\/posts\/233256\/revisions\/233794"}],"wp:featuredmedia":[{"embeddable":true,"href":"https:\/\/www.correiobraziliense.com.br\/cbradar\/wp-json\/wp\/v2\/media\/202017"}],"wp:attachment":[{"href":"https:\/\/www.correiobraziliense.com.br\/cbradar\/wp-json\/wp\/v2\/media?parent=233256"}],"wp:term":[{"taxonomy":"category","embeddable":true,"href":"https:\/\/www.correiobraziliense.com.br\/cbradar\/wp-json\/wp\/v2\/categories?post=233256"},{"taxonomy":"post_tag","embeddable":true,"href":"https:\/\/www.correiobraziliense.com.br\/cbradar\/wp-json\/wp\/v2\/post_tag?post=233256"}],"curies":[{"name":"wp","href":"https:\/\/api.w.org\/{rel}","templated":true}]}}