{"id":233257,"date":"2026-04-29T14:25:00","date_gmt":"2026-04-29T17:25:00","guid":{"rendered":"https:\/\/www.correiobraziliense.com.br\/cbradar\/?p=233257"},"modified":"2026-04-28T14:11:59","modified_gmt":"2026-04-28T17:11:59","slug":"quantas-vezes-por-dia-seu-cachorro-deve-beber-agua-guia-basico-para-filhotes-adultos-e-idosos","status":"publish","type":"post","link":"https:\/\/www.correiobraziliense.com.br\/cbradar\/quantas-vezes-por-dia-seu-cachorro-deve-beber-agua-guia-basico-para-filhotes-adultos-e-idosos\/","title":{"rendered":"Quantas vezes por dia seu cachorro deve beber \u00e1gua? Guia b\u00e1sico para filhotes, adultos e idosos"},"content":{"rendered":"\n<p>A hidrata\u00e7\u00e3o adequada \u00e9 um dos pilares fundamentais para a manuten\u00e7\u00e3o das fun\u00e7\u00f5es vitais e do sistema renal dos caninos em todas as fases da vida. Diferente da comida, o acesso ao l\u00edquido deve ser constante, mas entender o volume ideal ajuda a identificar sinais precoces de doen\u00e7as ou mal-estar no animal.<\/p>\n\n\n\n<h2 class=\"wp-block-heading\">A necessidade h\u00eddrica essencial para filhotes em fase de crescimento<\/h2>\n\n\n\n<p>Os <strong>filhotes<\/strong> possuem uma composi\u00e7\u00e3o corporal com maior percentual de \u00e1gua e perdem l\u00edquido rapidamente atrav\u00e9s da respira\u00e7\u00e3o e da urina frequente. \u00c9 recomend\u00e1vel que o tutor ofere\u00e7a pequenas quantidades de \u00e1gua a cada duas horas, monitorando de perto para que o animal n\u00e3o ingira volumes excessivos de uma s\u00f3 vez, o que pode causar desconforto g\u00e1strico.<\/p>\n\n\n\n<p>Nesta fase de descobertas, o <strong>filhote<\/strong> pode se esquecer de beber \u00e1gua devido ao alto n\u00edvel de distra\u00e7\u00e3o com brincadeiras e novos est\u00edmulos no ambiente. Manter potes espalhados pela casa e trocar o conte\u00fado pelo menos tr\u00eas vezes ao dia garante que a \u00e1gua esteja sempre fresca e atrativa para o consumo imediato e seguro.<\/p>\n\n\n<div class=\"wp-block-image\">\n<figure class=\"aligncenter size-full\"><img decoding=\"async\" width=\"1280\" height=\"720\" src=\"https:\/\/www.correiobraziliense.com.br\/cbradar\/wp-content\/uploads\/2026\/04\/cachorro-tomando-agua.jpg\" alt=\"\" class=\"wp-image-233298\" srcset=\"https:\/\/www.correiobraziliense.com.br\/cbradar\/wp-content\/uploads\/2026\/04\/cachorro-tomando-agua.jpg 1280w, https:\/\/www.correiobraziliense.com.br\/cbradar\/wp-content\/uploads\/2026\/04\/cachorro-tomando-agua-300x169.jpg 300w, https:\/\/www.correiobraziliense.com.br\/cbradar\/wp-content\/uploads\/2026\/04\/cachorro-tomando-agua-768x432.jpg 768w, https:\/\/www.correiobraziliense.com.br\/cbradar\/wp-content\/uploads\/2026\/04\/cachorro-tomando-agua-750x422.jpg 750w, https:\/\/www.correiobraziliense.com.br\/cbradar\/wp-content\/uploads\/2026\/04\/cachorro-tomando-agua-1140x641.jpg 1140w\" sizes=\"(max-width: 1280px) 100vw, 1280px\" \/><figcaption class=\"wp-element-caption\">A dieta do animal exerce uma influ\u00eancia direta sobre a quantidade de \u00e1gua que ele buscar\u00e1 de forma espont\u00e2nea ao longo das 24 horas do dia<\/figcaption><\/figure><\/div>\n\n\n<p>Leia tamb\u00e9m: <a href=\"https:\/\/www.correiobraziliense.com.br\/cbradar\/racas-de-caes-protetores-que-defendem-a-casa-sem-latir-o-tempo-todo\/\" target=\"_blank\" rel=\"noreferrer noopener\">Ra\u00e7as de c\u00e3es protetores que defendem a casa sem latir o tempo todo<\/a><\/p>\n\n\n\n<h2 class=\"wp-block-heading\">Monitoramento da hidrata\u00e7\u00e3o em c\u00e3es adultos e ativos<\/h2>\n\n\n\n<p>Um <strong>cachorro adulto<\/strong> saud\u00e1vel consome, em m\u00e9dia, de 50 a 60 ml de \u00e1gua por quilo de peso corporal diariamente, embora esse valor varie conforme o n\u00edvel de atividade. C\u00e3es que praticam exerc\u00edcios intensos ou vivem em regi\u00f5es quentes do <strong>Brasil<\/strong> precisam de reposi\u00e7\u00e3o h\u00eddrica imediata para evitar a hipertermia e o colapso f\u00edsico durante os passeios.<\/p>\n\n\n\n<p><em>Dica de sa\u00fade:<\/em> Verifique a elasticidade da pele do animal regularmente; se ao puxar levemente na regi\u00e3o do pesco\u00e7o ela n\u00e3o voltar ao lugar r\u00e1pido, h\u00e1 sinais de desidrata\u00e7\u00e3o. Incentivar o consumo ap\u00f3s as refei\u00e7\u00f5es e garantir que o pote esteja protegido do sol s\u00e3o medidas simples que preservam a qualidade do l\u00edquido ingerido pelo pet.<\/p>\n\n\n\n<h2 class=\"wp-block-heading\">Cuidados especiais com a ingest\u00e3o de l\u00edquidos em c\u00e3es idosos<\/h2>\n\n\n\n<p>C\u00e3es na fase <strong>idosa<\/strong> frequentemente apresentam uma diminui\u00e7\u00e3o na percep\u00e7\u00e3o de sede, o que pode agravar quadros de insufici\u00eancia renal ou problemas articulares j\u00e1 existentes. \u00c9 vital que o tutor facilite o acesso \u00e0 \u00e1gua, colocando recipientes em locais onde o animal costuma descansar, evitando que ele precise caminhar longas dist\u00e2ncias para se hidratar.<\/p>\n\n\n<div class=\"wp-block-image\">\n<figure class=\"aligncenter size-full\"><img decoding=\"async\" width=\"1280\" height=\"720\" src=\"https:\/\/www.correiobraziliense.com.br\/cbradar\/wp-content\/uploads\/2026\/04\/shih-tzu-idoso.jpg\" alt=\"\" class=\"wp-image-233268\" srcset=\"https:\/\/www.correiobraziliense.com.br\/cbradar\/wp-content\/uploads\/2026\/04\/shih-tzu-idoso.jpg 1280w, https:\/\/www.correiobraziliense.com.br\/cbradar\/wp-content\/uploads\/2026\/04\/shih-tzu-idoso-300x169.jpg 300w, https:\/\/www.correiobraziliense.com.br\/cbradar\/wp-content\/uploads\/2026\/04\/shih-tzu-idoso-768x432.jpg 768w, https:\/\/www.correiobraziliense.com.br\/cbradar\/wp-content\/uploads\/2026\/04\/shih-tzu-idoso-750x422.jpg 750w, https:\/\/www.correiobraziliense.com.br\/cbradar\/wp-content\/uploads\/2026\/04\/shih-tzu-idoso-1140x641.jpg 1140w\" sizes=\"(max-width: 1280px) 100vw, 1280px\" \/><figcaption class=\"wp-element-caption\">C\u00e3es na fase idosa frequentemente apresentam uma diminui\u00e7\u00e3o na percep\u00e7\u00e3o de sede<\/figcaption><\/figure><\/div>\n\n\n<p>Mudan\u00e7as bruscas no h\u00e1bito de beber \u00e1gua, como o aumento repentino (polidipsia), podem indicar condi\u00e7\u00f5es cl\u00ednicas como diabetes ou problemas hormonais severos em animais veteranos. Observar a frequ\u00eancia com que o pote esvazia permite um diagn\u00f3stico precoce e melhora significativamente o progn\u00f3stico de tratamentos m\u00e9dicos recomendados pelo veterin\u00e1rio de confian\u00e7a.<\/p>\n\n\n\n<h2 class=\"wp-block-heading\">Fatores que influenciam a quantidade de \u00e1gua ingerida pelo pet<\/h2>\n\n\n\n<p>A dieta do animal exerce uma influ\u00eancia direta sobre a quantidade de \u00e1gua que ele buscar\u00e1 de forma espont\u00e2nea ao longo das 24 horas do dia. C\u00e3es que se alimentam exclusivamente de ra\u00e7\u00e3o seca tendem a beber muito mais l\u00edquido do que aqueles que consomem dietas \u00famidas ou alimenta\u00e7\u00e3o natural balanceada, que j\u00e1 possuem alto teor de umidade.<\/p>\n\n\n\n<link href=\"https:\/\/fonts.googleapis.com\/css2?family=Inter:wght@400;600;700;800&#038;display=swap\" rel=\"stylesheet\">\n<style>\n\/* Prote\u00e7\u00e3o contra inje\u00e7\u00e3o do \"Veja Tamb\u00e9m\" (JNews inline related posts) *\/\n.rdp-pontos-wrapper .jnews_inline_related_post_wrapper,\n.rdp-pontos-wrapper .jnews_inline_related_post,\n.rdp-pontos-wrapper .jeg_postblock,\n.rdp-pontos-wrapper [class*=\"jnews_inline\"],\n.rdp-pontos-wrapper [class*=\"jeg_postblock\"],\n.rdp-pontos-wrapper [class*=\"jeg_block\"] {\n  display: none !important;\n  height: 0 !important;\n  max-height: 0 !important;\n  overflow: hidden !important;\n  visibility: hidden !important;\n  margin: 0 !important;\n  padding: 0 !important;\n  border: none !important;\n  font-size: 0 !important;\n  line-height: 0 !important;\n}\n.rdp-pontos-wrapper {\n  max-width: 100%;\n  margin: 32px 0;\n  background: #F8F9FA;\n  border: 1px solid #E0E0E0;\n  border-radius: 12px;\n  padding: 28px 28px 20px;\n  font-family: 'Inter', sans-serif;\n  box-shadow: 0 4px 20px rgba(47,195,238,0.12);\n  overflow: hidden;\n  contain: layout style;\n  isolation: isolate;\n  position: relative;\n  z-index: 1;\n}\n.rdp-pontos-wrapper > *:not(.rdp-pontos-title):not(.rdp-pontos-grid) {\n  display: none !important;\n  height: 0 !important;\n  overflow: hidden !important;\n  margin: 0 !important;\n  padding: 0 !important;\n  border: none !important;\n}\n.rdp-pontos-title {\n  font-family: 'Inter', sans-serif;\n  font-size: 20px;\n  font-weight: 800;\n  color: #1A1A1A;\n  margin: 0 0 20px 0;\n  line-height: 1.3;\n  text-align: center;\n}\n.rdp-pontos-grid {\n  display: grid;\n  grid-template-columns: repeat(2, 1fr);\n  gap: 18px;\n}\n.rdp-pontos-item {\n  background: #FFFFFF;\n  border: 1px solid #E0E0E0;\n  border-top: 3px solid #2FC3EE;\n  border-radius: 10px;\n  padding: 22px 20px;\n  box-shadow: 0 2px 10px rgba(47,195,238,0.10);\n  transition: box-shadow 0.3s ease, border-color 0.3s ease;\n  text-align: center;\n}\n.rdp-pontos-item:hover {\n  box-shadow: 0 4px 20px rgba(47,195,238,0.22);\n  border-color: #2FC3EE;\n}\n.rdp-pontos-emoji {\n  font-size: 32px;\n  line-height: 1;\n  margin-bottom: 12px;\n  display: block;\n  text-align: center;\n}\n.rdp-pontos-item-title {\n  font-size: 15px;\n  font-weight: 700;\n  color: #1A1A1A;\n  margin-bottom: 8px;\n  line-height: 1.3;\n}\n.rdp-pontos-item-desc {\n  font-size: 14px;\n  color: #333333;\n  line-height: 1.6;\n  margin: 0;\n}\n@media (max-width: 768px) {\n  .rdp-pontos-wrapper {\n    padding: 20px 16px 14px;\n  }\n  .rdp-pontos-grid {\n    grid-template-columns: 1fr;\n    gap: 14px;\n  }\n  .rdp-pontos-title {\n    font-size: 18px;\n  }\n}\n<\/style>\n\n<div class=\"rdp-pontos-wrapper\">\n  <div class=\"rdp-pontos-title\">Fatores que Influenciam o Bem-Estar e Hidrata\u00e7\u00e3o<\/div>\n  <div class=\"rdp-pontos-grid\">\n    <div class=\"rdp-pontos-item\">\n      <span class=\"rdp-pontos-emoji\">\ud83c\udf21\ufe0f<\/span>\n      <div class=\"rdp-pontos-item-title\">Condi\u00e7\u00f5es Ambientais<\/div>\n      <p class=\"rdp-pontos-item-desc\">A temperatura e umidade relativa do ar no local de descanso afetam diretamente a sa\u00fade do pet.<\/p>\n    <\/div>\n    <div class=\"rdp-pontos-item\">\n      <span class=\"rdp-pontos-emoji\">\ud83c\udf72<\/span>\n      <div class=\"rdp-pontos-item-title\">Dieta e Nutri\u00e7\u00e3o<\/div>\n      <p class=\"rdp-pontos-item-desc\">O tipo de alimento (seco, \u00famido ou misto) altera a necessidade de ingest\u00e3o h\u00eddrica complementar.<\/p>\n    <\/div>\n    <div class=\"rdp-pontos-item\">\n      <span class=\"rdp-pontos-emoji\">\ud83c\udfc3<\/span>\n      <div class=\"rdp-pontos-item-title\">N\u00edvel de Atividade<\/div>\n      <p class=\"rdp-pontos-item-desc\">O gasto energ\u00e9tico e a intensidade das atividades f\u00edsicas di\u00e1rias exigem reposi\u00e7\u00e3o constante.<\/p>\n    <\/div>\n    <div class=\"rdp-pontos-item\">\n      <span class=\"rdp-pontos-emoji\">\ud83d\udc8a<\/span>\n      <div class=\"rdp-pontos-item-title\">Uso de Medicamentos<\/div>\n      <p class=\"rdp-pontos-item-desc\">Certos f\u00e1rmacos podem aumentar a excre\u00e7\u00e3o urin\u00e1ria, demandando aten\u00e7\u00e3o redobrada.<\/p>\n    <\/div>\n    <div class=\"rdp-pontos-item\" style=\"grid-column: span 2;\">\n      <span class=\"rdp-pontos-emoji\">\ud83e\udd63<\/span>\n      <div class=\"rdp-pontos-item-title\">Adequa\u00e7\u00e3o do Bebedouro<\/div>\n      <p class=\"rdp-pontos-item-desc\">O tamanho e a profundidade do pote devem ser perfeitamente adequados ao porte e \u00e0 ra\u00e7a do animal.<\/p>\n    <\/div>\n  <\/div>\n<\/div>\n<div style=\"clear:both;height:0;overflow:hidden;\"><\/div>\n\n\n\n<p>Manter os recipientes de \u00e1gua sempre limpos \u00e9 crucial, pois o ac\u00famulo de biofilme e bact\u00e9rias pode causar rejei\u00e7\u00e3o pelo animal e gerar infec\u00e7\u00f5es gastrointestinais. Lavar os potes diariamente com sab\u00e3o neutro e enxaguar bem evita que odores qu\u00edmicos afastem o c\u00e3o da sua principal fonte de hidrata\u00e7\u00e3o e sa\u00fade.<\/p>\n\n\n\n<h2 class=\"wp-block-heading\">O acesso livre e a observa\u00e7\u00e3o constante garantem o bem-estar animal<\/h2>\n\n\n\n<p>Garantir que o <strong>cachorro<\/strong> tenha \u00e1gua limpa e fresca \u00e0 disposi\u00e7\u00e3o durante todo o dia \u00e9 o compromisso mais b\u00e1sico e importante de qualquer tutor respons\u00e1vel. O equil\u00edbrio h\u00eddrico reflete diretamente na pelagem, na energia e na capacidade do organismo de eliminar toxinas de forma eficiente e indolor para o animal.<\/p>\n\n\n\n<p>Ao transformar a observa\u00e7\u00e3o da hidrata\u00e7\u00e3o em um h\u00e1bito cotidiano, o dono consegue fortalecer o v\u00ednculo com o pet e assegurar uma vida longa e produtiva. O cuidado preventivo atrav\u00e9s da \u00e1gua \u00e9 a maneira mais econ\u00f4mica e eficaz de evitar complica\u00e7\u00f5es graves e garantir que o melhor amigo do homem esteja sempre bem disposto.<\/p>\n","protected":false},"excerpt":{"rendered":"<p>A hidrata\u00e7\u00e3o adequada \u00e9 um dos pilares fundamentais para a manuten\u00e7\u00e3o das fun\u00e7\u00f5es vitais e do sistema renal dos caninos em todas as fases da vida. Diferente da comida, o acesso ao l\u00edquido deve ser constante, mas entender o volume ideal ajuda a identificar sinais precoces de doen\u00e7as ou mal-estar no animal. A necessidade h\u00eddrica [&hellip;]<\/p>\n","protected":false},"author":9,"featured_media":233763,"comment_status":"open","ping_status":"open","sticky":false,"template":"","format":"standard","meta":{"_yoast_wpseo_focuskw":"cachorro","_yoast_wpseo_title":"","_yoast_wpseo_metadesc":"Descubra quanta \u00e1gua seu cachorro deve beber por dia e como manter a hidrata\u00e7\u00e3o ideal para evitar problemas de sa\u00fade.","jnews-multi-image_gallery":[],"jnews_single_post":{"format":"standard"},"jnews_primary_category":[],"jnews_social_meta":[],"jnews_override_counter":[],"footnotes":""},"categories":[112],"tags":[],"class_list":["post-233257","post","type-post","status-publish","format-standard","has-post-thumbnail","hentry","category-curiosidades"],"yoast_head":"<!-- This site is optimized with the Yoast SEO plugin v24.6 - https:\/\/yoast.com\/wordpress\/plugins\/seo\/ -->\n<title>Quantas vezes por dia seu cachorro deve beber \u00e1gua? Guia b\u00e1sico para filhotes, adultos e idosos - Correio Braziliense - Radar<\/title>\n<meta name=\"description\" content=\"Descubra quanta \u00e1gua seu cachorro deve beber por dia e como manter a hidrata\u00e7\u00e3o ideal para evitar problemas de sa\u00fade.\" \/>\n<meta name=\"robots\" content=\"index, follow, max-snippet:-1, max-image-preview:large, max-video-preview:-1\" \/>\n<link rel=\"canonical\" href=\"https:\/\/www.correiobraziliense.com.br\/cbradar\/quantas-vezes-por-dia-seu-cachorro-deve-beber-agua-guia-basico-para-filhotes-adultos-e-idosos\/\" \/>\n<meta property=\"og:locale\" content=\"pt_BR\" \/>\n<meta property=\"og:type\" content=\"article\" \/>\n<meta property=\"og:title\" content=\"Quantas vezes por dia seu cachorro deve beber \u00e1gua? Guia b\u00e1sico para filhotes, adultos e idosos - Correio Braziliense - Radar\" \/>\n<meta property=\"og:description\" content=\"Descubra quanta \u00e1gua seu cachorro deve beber por dia e como manter a hidrata\u00e7\u00e3o ideal para evitar problemas de sa\u00fade.\" \/>\n<meta property=\"og:url\" content=\"https:\/\/www.correiobraziliense.com.br\/cbradar\/quantas-vezes-por-dia-seu-cachorro-deve-beber-agua-guia-basico-para-filhotes-adultos-e-idosos\/\" \/>\n<meta property=\"og:site_name\" content=\"Correio Braziliense - Radar\" \/>\n<meta property=\"article:published_time\" content=\"2026-04-29T17:25:00+00:00\" \/>\n<meta property=\"og:image\" content=\"https:\/\/www.correiobraziliense.com.br\/cbradar\/wp-content\/uploads\/2026\/04\/tigela_de_agua_202604281404.jpg\" \/>\n\t<meta property=\"og:image:width\" content=\"1280\" \/>\n\t<meta property=\"og:image:height\" content=\"720\" \/>\n\t<meta property=\"og:image:type\" content=\"image\/jpeg\" \/>\n<meta name=\"author\" content=\"Daniely Cardoso\" \/>\n<meta name=\"twitter:card\" content=\"summary_large_image\" \/>\n<meta name=\"twitter:label1\" content=\"Escrito por\" \/>\n\t<meta name=\"twitter:data1\" content=\"Daniely Cardoso\" \/>\n\t<meta name=\"twitter:label2\" content=\"Est. tempo de leitura\" \/>\n\t<meta name=\"twitter:data2\" content=\"5 minutos\" \/>\n<!-- \/ Yoast SEO plugin. -->","yoast_head_json":{"title":"Quantas vezes por dia seu cachorro deve beber \u00e1gua? Guia b\u00e1sico para filhotes, adultos e idosos - Correio Braziliense - Radar","description":"Descubra quanta \u00e1gua seu cachorro deve beber por dia e como manter a hidrata\u00e7\u00e3o ideal para evitar problemas de sa\u00fade.","robots":{"index":"index","follow":"follow","max-snippet":"max-snippet:-1","max-image-preview":"max-image-preview:large","max-video-preview":"max-video-preview:-1"},"canonical":"https:\/\/www.correiobraziliense.com.br\/cbradar\/quantas-vezes-por-dia-seu-cachorro-deve-beber-agua-guia-basico-para-filhotes-adultos-e-idosos\/","og_locale":"pt_BR","og_type":"article","og_title":"Quantas vezes por dia seu cachorro deve beber \u00e1gua? Guia b\u00e1sico para filhotes, adultos e idosos - Correio Braziliense - Radar","og_description":"Descubra quanta \u00e1gua seu cachorro deve beber por dia e como manter a hidrata\u00e7\u00e3o ideal para evitar problemas de sa\u00fade.","og_url":"https:\/\/www.correiobraziliense.com.br\/cbradar\/quantas-vezes-por-dia-seu-cachorro-deve-beber-agua-guia-basico-para-filhotes-adultos-e-idosos\/","og_site_name":"Correio Braziliense - Radar","article_published_time":"2026-04-29T17:25:00+00:00","og_image":[{"width":1280,"height":720,"url":"https:\/\/www.correiobraziliense.com.br\/cbradar\/wp-content\/uploads\/2026\/04\/tigela_de_agua_202604281404.jpg","type":"image\/jpeg"}],"author":"Daniely Cardoso","twitter_card":"summary_large_image","twitter_misc":{"Escrito por":"Daniely Cardoso","Est. tempo de leitura":"5 minutos"},"schema":{"@context":"https:\/\/schema.org","@graph":[{"@type":"WebPage","@id":"https:\/\/www.correiobraziliense.com.br\/cbradar\/quantas-vezes-por-dia-seu-cachorro-deve-beber-agua-guia-basico-para-filhotes-adultos-e-idosos\/","url":"https:\/\/www.correiobraziliense.com.br\/cbradar\/quantas-vezes-por-dia-seu-cachorro-deve-beber-agua-guia-basico-para-filhotes-adultos-e-idosos\/","name":"Quantas vezes por dia seu cachorro deve beber \u00e1gua? Guia b\u00e1sico para filhotes, adultos e idosos - Correio Braziliense - Radar","isPartOf":{"@id":"https:\/\/www.correiobraziliense.com.br\/cbradar\/#website"},"primaryImageOfPage":{"@id":"https:\/\/www.correiobraziliense.com.br\/cbradar\/quantas-vezes-por-dia-seu-cachorro-deve-beber-agua-guia-basico-para-filhotes-adultos-e-idosos\/#primaryimage"},"image":{"@id":"https:\/\/www.correiobraziliense.com.br\/cbradar\/quantas-vezes-por-dia-seu-cachorro-deve-beber-agua-guia-basico-para-filhotes-adultos-e-idosos\/#primaryimage"},"thumbnailUrl":"https:\/\/www.correiobraziliense.com.br\/cbradar\/wp-content\/uploads\/2026\/04\/tigela_de_agua_202604281404.jpg","datePublished":"2026-04-29T17:25:00+00:00","author":{"@id":"https:\/\/www.correiobraziliense.com.br\/cbradar\/#\/schema\/person\/7356666e12ec0ee53f348ee5db227032"},"description":"Descubra quanta \u00e1gua seu cachorro deve beber por dia e como manter a hidrata\u00e7\u00e3o ideal para evitar problemas de sa\u00fade.","breadcrumb":{"@id":"https:\/\/www.correiobraziliense.com.br\/cbradar\/quantas-vezes-por-dia-seu-cachorro-deve-beber-agua-guia-basico-para-filhotes-adultos-e-idosos\/#breadcrumb"},"inLanguage":"pt-BR","potentialAction":[{"@type":"ReadAction","target":["https:\/\/www.correiobraziliense.com.br\/cbradar\/quantas-vezes-por-dia-seu-cachorro-deve-beber-agua-guia-basico-para-filhotes-adultos-e-idosos\/"]}]},{"@type":"ImageObject","inLanguage":"pt-BR","@id":"https:\/\/www.correiobraziliense.com.br\/cbradar\/quantas-vezes-por-dia-seu-cachorro-deve-beber-agua-guia-basico-para-filhotes-adultos-e-idosos\/#primaryimage","url":"https:\/\/www.correiobraziliense.com.br\/cbradar\/wp-content\/uploads\/2026\/04\/tigela_de_agua_202604281404.jpg","contentUrl":"https:\/\/www.correiobraziliense.com.br\/cbradar\/wp-content\/uploads\/2026\/04\/tigela_de_agua_202604281404.jpg","width":1280,"height":720,"caption":"C\u00e3es precisam de acesso constante \u00e0 \u00e1gua fresca ao longo do dia"},{"@type":"BreadcrumbList","@id":"https:\/\/www.correiobraziliense.com.br\/cbradar\/quantas-vezes-por-dia-seu-cachorro-deve-beber-agua-guia-basico-para-filhotes-adultos-e-idosos\/#breadcrumb","itemListElement":[{"@type":"ListItem","position":1,"name":"In\u00edcio","item":"https:\/\/www.correiobraziliense.com.br\/cbradar\/"},{"@type":"ListItem","position":2,"name":"Quantas vezes por dia seu cachorro deve beber \u00e1gua? Guia b\u00e1sico para filhotes, adultos e idosos"}]},{"@type":"WebSite","@id":"https:\/\/www.correiobraziliense.com.br\/cbradar\/#website","url":"https:\/\/www.correiobraziliense.com.br\/cbradar\/","name":"Correio Braziliense - Radar","description":"Acompanhe as \u00faltimas not\u00edcias e fique bem informado sobre tudo o que acontece no Brasil e no mundo.","potentialAction":[{"@type":"SearchAction","target":{"@type":"EntryPoint","urlTemplate":"https:\/\/www.correiobraziliense.com.br\/cbradar\/?s={search_term_string}"},"query-input":{"@type":"PropertyValueSpecification","valueRequired":true,"valueName":"search_term_string"}}],"inLanguage":"pt-BR"},{"@type":"Person","@id":"https:\/\/www.correiobraziliense.com.br\/cbradar\/#\/schema\/person\/7356666e12ec0ee53f348ee5db227032","name":"Daniely Cardoso","image":{"@type":"ImageObject","inLanguage":"pt-BR","@id":"https:\/\/www.correiobraziliense.com.br\/cbradar\/#\/schema\/person\/image\/","url":"https:\/\/secure.gravatar.com\/avatar\/4b80ddbd124d1f071b626d52d62e5dff?s=96&d=mm&r=g","contentUrl":"https:\/\/secure.gravatar.com\/avatar\/4b80ddbd124d1f071b626d52d62e5dff?s=96&d=mm&r=g","caption":"Daniely Cardoso"},"description":"Redatora nos portais CB Radar e EM Foco, formada pela Universidade Federal de Goi\u00e1s, em Goi\u00e2nia. Apaixonada por comunica\u00e7\u00e3o, arte, decora\u00e7\u00e3o e tend\u00eancias, atuo na produ\u00e7\u00e3o de conte\u00fados envolventes sobre curiosidades, moda, beleza e paisagismo, sempre com um olhar atento \u00e0s novidades do momento.","sameAs":["https:\/\/www.correiobraziliense.com.br\/cbradar"],"url":"https:\/\/www.correiobraziliense.com.br\/cbradar\/author\/danielymyth\/"}]}},"_links":{"self":[{"href":"https:\/\/www.correiobraziliense.com.br\/cbradar\/wp-json\/wp\/v2\/posts\/233257","targetHints":{"allow":["GET"]}}],"collection":[{"href":"https:\/\/www.correiobraziliense.com.br\/cbradar\/wp-json\/wp\/v2\/posts"}],"about":[{"href":"https:\/\/www.correiobraziliense.com.br\/cbradar\/wp-json\/wp\/v2\/types\/post"}],"author":[{"embeddable":true,"href":"https:\/\/www.correiobraziliense.com.br\/cbradar\/wp-json\/wp\/v2\/users\/9"}],"replies":[{"embeddable":true,"href":"https:\/\/www.correiobraziliense.com.br\/cbradar\/wp-json\/wp\/v2\/comments?post=233257"}],"version-history":[{"count":2,"href":"https:\/\/www.correiobraziliense.com.br\/cbradar\/wp-json\/wp\/v2\/posts\/233257\/revisions"}],"predecessor-version":[{"id":233303,"href":"https:\/\/www.correiobraziliense.com.br\/cbradar\/wp-json\/wp\/v2\/posts\/233257\/revisions\/233303"}],"wp:featuredmedia":[{"embeddable":true,"href":"https:\/\/www.correiobraziliense.com.br\/cbradar\/wp-json\/wp\/v2\/media\/233763"}],"wp:attachment":[{"href":"https:\/\/www.correiobraziliense.com.br\/cbradar\/wp-json\/wp\/v2\/media?parent=233257"}],"wp:term":[{"taxonomy":"category","embeddable":true,"href":"https:\/\/www.correiobraziliense.com.br\/cbradar\/wp-json\/wp\/v2\/categories?post=233257"},{"taxonomy":"post_tag","embeddable":true,"href":"https:\/\/www.correiobraziliense.com.br\/cbradar\/wp-json\/wp\/v2\/tags?post=233257"}],"curies":[{"name":"wp","href":"https:\/\/api.w.org\/{rel}","templated":true}]}}