{"id":233258,"date":"2026-04-28T15:25:00","date_gmt":"2026-04-28T18:25:00","guid":{"rendered":"https:\/\/www.correiobraziliense.com.br\/cbradar\/?p=233258"},"modified":"2026-04-28T10:14:26","modified_gmt":"2026-04-28T13:14:26","slug":"a-cidade-de-8-mil-moradores-no-ms-que-esconde-a-maior-cachoeira-do-estado-e-o-maior-rapel-do-pais","status":"publish","type":"post","link":"https:\/\/www.correiobraziliense.com.br\/cbradar\/a-cidade-de-8-mil-moradores-no-ms-que-esconde-a-maior-cachoeira-do-estado-e-o-maior-rapel-do-pais\/","title":{"rendered":"A cidade de 8 mil moradores no MS que esconde a maior cachoeira do estado e o maior rapel do pa\u00eds"},"content":{"rendered":"\n<p>Quem viaja para o sudoeste de <strong>Mato Grosso do Sul<\/strong> sempre ouve falar de <strong>Bonito<\/strong>. A vizinha <strong>Bodoquena<\/strong>, a 70 km dali, guarda uma queda d \u00e1gua de 156 metros e uma plataforma de rapel que avan\u00e7a no vazio.<\/p>\n\n\n\n<h2 class=\"wp-block-heading\">Por que a maior cachoeira do MS fica longe dos holofotes?<\/h2>\n\n\n\n<p>A <strong>Cachoeira Boca da On\u00e7a<\/strong> despenca por 156 metros de queda livre dentro do <strong>C\u00e2nion do Rio Salobra<\/strong>. O nome veio de uma forma\u00e7\u00e3o rochosa no meio da queda que lembra o focinho de uma on\u00e7a pintada.<\/p>\n\n\n\n<p>O atrativo foi eleito a 2\u00aa melhor atra\u00e7\u00e3o do <strong>Brasil<\/strong> no <a href=\"https:\/\/www.bocadaonca.com.br\/\" target=\"_blank\" rel=\"noreferrer noopener\"><strong>Pr\u00eamio Travelers Choice 2025<\/strong><\/a> da TripAdvisor. Mesmo com tanto reconhecimento, a cidade sede do atrativo ainda recebe uma fra\u00e7\u00e3o dos turistas que lotam Bonito durante o ano.<\/p>\n\n\n<div class=\"wp-block-image\">\n<figure class=\"aligncenter size-full\"><img decoding=\"async\" width=\"1024\" height=\"576\" src=\"https:\/\/www.correiobraziliense.com.br\/cbradar\/wp-content\/uploads\/2025\/04\/bonito_1735240368995-1024x576-1.jpg\" alt=\"O para\u00edso escondido no Brasil que encanta com natureza preservada e \u00e1guas cristalinas t\u00e3o azuis que parecem brilhar\" class=\"wp-image-26329\" srcset=\"https:\/\/www.correiobraziliense.com.br\/cbradar\/wp-content\/uploads\/2025\/04\/bonito_1735240368995-1024x576-1.jpg 1024w, https:\/\/www.correiobraziliense.com.br\/cbradar\/wp-content\/uploads\/2025\/04\/bonito_1735240368995-1024x576-1-300x169.jpg 300w, https:\/\/www.correiobraziliense.com.br\/cbradar\/wp-content\/uploads\/2025\/04\/bonito_1735240368995-1024x576-1-768x432.jpg 768w, https:\/\/www.correiobraziliense.com.br\/cbradar\/wp-content\/uploads\/2025\/04\/bonito_1735240368995-1024x576-1-750x422.jpg 750w\" sizes=\"(max-width: 1024px) 100vw, 1024px\" \/><figcaption class=\"wp-element-caption\">Bonito encanta com suas \u00e1guas claras, trilhas e contato direto com a natureza. \/\/ Cr\u00e9ditos: depositphotos.com \/ lspencer<\/figcaption><\/figure><\/div>\n\n\n<h2 class=\"wp-block-heading\">O parque nacional escondido entre cerrado e Mata Atl\u00e2ntica<\/h2>\n\n\n\n<p>O <a href=\"https:\/\/www.gov.br\/icmbio\/pt-br\/assuntos\/biodiversidade\/unidade-de-conservacao\/unidades-de-biomas\/cerrado\/lista-de-ucs\/parna-da-serra-da-bodoquena\" target=\"_blank\" rel=\"noreferrer noopener\"><strong>Parque Nacional da Serra da Bodoquena<\/strong><\/a> ocupa 76.481 hectares entre os munic\u00edpios de Bodoquena, Bonito e Jardim. Foi criado em 2000 pelo <strong>Instituto Chico Mendes de Conserva\u00e7\u00e3o da Biodiversidade (ICMBio)<\/strong>.<\/p>\n\n\n\n<p>A \u00e1rea foi declarada n\u00facleo da <strong>Reserva da Biosfera da Mata Atl\u00e2ntica<\/strong> pela <strong>UNESCO<\/strong> e abriga a maior extens\u00e3o cont\u00ednua desse bioma no interior do pa\u00eds. O relevo c\u00e1rstico, formado por rochas calc\u00e1rias, explica por que os rios da regi\u00e3o t\u00eam aquela transpar\u00eancia rara: o carbonato de c\u00e1lcio ret\u00e9m impurezas e as deposita no fundo das \u00e1guas.<\/p>\n\n\n\n<p>O v\u00eddeo do canal &#8220;Cidades &amp; Cia&#8221; apresenta um panorama completo de <strong>Nova Friburgo<\/strong>, na regi\u00e3o serrana do Rio de Janeiro, destacando seu apelido de &#8220;Su\u00ed\u00e7a Brasileira&#8221; e sua relev\u00e2ncia econ\u00f4mica e tur\u00edstica.<\/p>\n\n\n\n<figure class=\"wp-block-embed aligncenter is-type-video is-provider-youtube wp-block-embed-youtube wp-embed-aspect-16-9 wp-has-aspect-ratio\"><div class=\"wp-block-embed__wrapper\">\n<div class=\"jeg_video_container jeg_video_content\"><iframe loading=\"lazy\" title=\"BONITO (Mato Grosso do Sul) ~ DI Travel Drops ~ Destinos Imperd\u00edveis\" width=\"500\" height=\"281\" src=\"https:\/\/www.youtube.com\/embed\/XTuK7J1bs58?feature=oembed\" frameborder=\"0\" allow=\"accelerometer; autoplay; clipboard-write; encrypted-media; gyroscope; picture-in-picture; web-share\" referrerpolicy=\"strict-origin-when-cross-origin\" allowfullscreen><\/iframe><\/div>\n<\/div><\/figure>\n\n\n\n<h2 class=\"wp-block-heading\">O que fazer em Bodoquena al\u00e9m da queda mais alta?<\/h2>\n\n\n\n<p>A serra re\u00fane trilhas, c\u00e2nions e piscinas naturais que cabem em diferentes n\u00edveis de aventura. A maior parte dos atrativos exige condutor credenciado pelo ICMBio.<\/p>\n\n\n\n<ul class=\"wp-block-list\">\n<li><strong>Trilha Adventure<\/strong>: 4 km na Fazenda Boca da On\u00e7a, com 8 cachoeiras, 5 paradas para banho e os famosos 886 degraus.<\/li>\n\n\n\n<li><strong>Rapel da Boca da On\u00e7a<\/strong>: 90 metros de descida na maior plataforma do Brasil, projetada 15 metros sobre o precip\u00edcio.<\/li>\n\n\n\n<li><strong>Cachoeiras Serra da Bodoquena<\/strong>: 8 paradas em piscinas naturais e passeio de bote pelo Rio Betione, ideal para fam\u00edlias.<\/li>\n\n\n\n<li><strong>C\u00e2nion do Rio Salobra<\/strong>: aquatrekking dentro do Parque Nacional, com pared\u00f5es que ultrapassam 100 metros e \u00e1guas azul turquesa.<\/li>\n\n\n\n<li><strong>Buraco do Macaco<\/strong>: gruta acessada por um t\u00fanel de 5 metros, com colete e corda de apoio.<\/li>\n<\/ul>\n\n\n\n<h2 class=\"wp-block-heading\">O sabor de fog\u00e3o a lenha no almo\u00e7o dos receptivos<\/h2>\n\n\n\n<p>A cozinha local segue a tradi\u00e7\u00e3o sul-mato-grossense, com pratos preparados em fog\u00e3o a lenha dentro das pr\u00f3prias fazendas. O card\u00e1pio mistura influ\u00eancias do <strong>Pantanal<\/strong> e do interior paulista trazido pelos primeiros fazendeiros.<\/p>\n\n\n\n<ul class=\"wp-block-list\">\n<li><strong>Piraputanga grelhada<\/strong>: peixe nativo dos rios da serra, servido com farofa de banana e arroz branco.<\/li>\n\n\n\n<li><strong>Costela de fogo de ch\u00e3o<\/strong>: corte assado lentamente em espeto vertical, marca do receptivo da Boca da On\u00e7a.<\/li>\n\n\n\n<li><strong>Mandioca cozida com queijo Minas<\/strong>: acompanhamento cl\u00e1ssico das fazendas da regi\u00e3o.<\/li>\n\n\n\n<li><strong>Sob\u00e1 pantaneiro<\/strong>: macarr\u00e3o de origem japonesa adaptado ao MS, servido em algumas pousadas.<\/li>\n<\/ul>\n\n\n<div class=\"wp-block-image\">\n<figure class=\"aligncenter size-large\"><img decoding=\"async\" width=\"1024\" height=\"576\" src=\"https:\/\/www.correiobraziliense.com.br\/cbradar\/wp-content\/uploads\/2025\/02\/Bonito-brasil_1739517417018-1024x576.jpg\" alt=\"Onde os rios viram espelhos de azul e a natureza guarda um segredo t\u00e3o raro que parece imposs\u00edvel existir no Brasil\" class=\"wp-image-2704\" srcset=\"https:\/\/www.correiobraziliense.com.br\/cbradar\/wp-content\/uploads\/2025\/02\/Bonito-brasil_1739517417018-1024x576.jpg 1024w, https:\/\/www.correiobraziliense.com.br\/cbradar\/wp-content\/uploads\/2025\/02\/Bonito-brasil_1739517417018-300x169.jpg 300w, https:\/\/www.correiobraziliense.com.br\/cbradar\/wp-content\/uploads\/2025\/02\/Bonito-brasil_1739517417018-768x432.jpg 768w, https:\/\/www.correiobraziliense.com.br\/cbradar\/wp-content\/uploads\/2025\/02\/Bonito-brasil_1739517417018-750x422.jpg 750w, https:\/\/www.correiobraziliense.com.br\/cbradar\/wp-content\/uploads\/2025\/02\/Bonito-brasil_1739517417018-1140x641.jpg 1140w, https:\/\/www.correiobraziliense.com.br\/cbradar\/wp-content\/uploads\/2025\/02\/Bonito-brasil_1739517417018.jpg 1280w\" sizes=\"(max-width: 1024px) 100vw, 1024px\" \/><figcaption class=\"wp-element-caption\">Bonito, MS \u00e9 refer\u00eancia no ecoturismo brasileiro com rios cristalinos e belas cavernas. \/\/ Cr\u00e9ditos: depositphotos.com \/ ambeon<\/figcaption><\/figure><\/div>\n\n\n<p><strong>Leia tamb\u00e9m: <a href=\"https:\/\/www.correiobraziliense.com.br\/cbradar\/uma-cidade-gaucha-onde-flamingos-chilenos-pousam-apos-voar-8-mil-km-e-o-sol-nasce-no-oceano\/\" target=\"_blank\" rel=\"noreferrer noopener\">Uma cidade ga\u00facha onde flamingos chilenos pousam ap\u00f3s voar 8 mil km e o sol nasce no oceano.<\/a><\/strong><\/p>\n\n\n\n<h2 class=\"wp-block-heading\">Qual a melhor \u00e9poca para visitar a serra?<\/h2>\n\n\n\n<p><strong>A regi\u00e3o tem clima tropical com ver\u00e3o \u00famido e inverno seco. <\/strong>As cachoeiras ficam mais cheias entre dezembro e mar\u00e7o, e as trilhas mais limpas entre maio e setembro.<\/p>\n\n\n\n<style>\n  \/* --- CONTAINER BLINDADO (PADR\u00c3O REGISTRADO) --- *\/\n  .clima-grid-final {\n    font-family: -apple-system, BlinkMacSystemFont, \"Segoe UI\", Roboto, Arial, sans-serif !important;\n    width: 100% !important;\n    max-width: 1200px !important;\n    margin: 20px auto !important;\n    display: grid !important;\n    \/* FOR\u00c7A 4 COLUNAS NO DESKTOP *\/\n    grid-template-columns: repeat(4, 1fr) !important; \n    gap: 15px !important;\n    box-sizing: border-box !important;\n  }\n\n  .clima-grid-final * {\n    box-sizing: border-box !important;\n  }\n\n  \/* --- BLINDAGEM CONTRA ADS E PLUGINS INTRUSOS --- *\/\n  .clima-grid-final > :not(.card-clima) {\n    display: none !important;\n    width: 0 !important;\n    height: 0 !important;\n    opacity: 0 !important;\n  }\n\n  \/* --- CARD PRETO B\u00c1SICO (FUNDO BRANCO) --- *\/\n  .card-clima {\n    background: #ffffff !important;\n    border: 1px solid #e0e0e0 !important;\n    border-radius: 20px !important;\n    padding: 20px 10px !important;\n    text-align: center !important;\n    display: flex !important;\n    flex-direction: column !important;\n    align-items: center !important;\n    box-shadow: 0 4px 10px rgba(0, 0, 0, 0.05) !important;\n    min-width: 0 !important; \n    transition: transform 0.2s ease !important;\n    overflow: hidden !important;\n    height: 100% !important;\n  }\n\n  .card-clima:hover {\n    transform: translateY(-5px) !important;\n    border-color: #000000 !important;\n  }\n\n  \/* --- CONTE\u00daDO --- *\/\n  .estacao-nome { \n    font-size: 14px !important; \n    font-weight: 800 !important; \n    color: #000000 !important; \n    text-transform: uppercase !important; \n    margin: 0 0 5px 0 !important; \n  }\n  \n  .estacao-meses { \n    font-size: 10px !important; \n    font-weight: 700 !important; \n    color: #444444 !important; \n    text-transform: uppercase !important; \n    margin-bottom: 15px !important; \n    display: block !important;\n  }\n  \n  .temp-valor { \n    font-size: 24px !important; \n    font-weight: 800 !important; \n    color: #000000 !important; \n    line-height: 1.1 !important; \n    margin: 0 !important;\n  }\n  \n  .temp-label { \n    font-size: 9px !important; \n    font-weight: 600 !important; \n    color: #777777 !important; \n    text-transform: uppercase !important; \n    margin-bottom: 15px !important; \n    display: block !important;\n  }\n  \n  .clima-desc { \n    font-size: 12px !important; \n    line-height: 1.4 !important; \n    color: #333333 !important; \n    margin-bottom: 15px !important; \n    flex-grow: 1 !important; \n  }\n\n  .tag-status {\n    background-color: #f5f5f5 !important;\n    border: 1px solid #d0d0d0 !important;\n    color: #000000 !important;\n    padding: 5px 12px !important;\n    border-radius: 20px !important;\n    font-size: 9px !important;\n    font-weight: 800 !important;\n    text-transform: uppercase !important;\n    margin-top: auto !important;\n  }\n\n  \/* --- RESPONSIVIDADE --- *\/\n  @media (max-width: 800px) {\n    .clima-grid-final {\n      grid-template-columns: 1fr !important; \n    }\n    .card-clima {\n      padding: 25px 20px !important;\n    }\n  }\n<\/style>\n\n<div class=\"google-auto-ads-ignore clima-grid-final\">\n  \n  <div class=\"card-clima\">\n    <div class=\"estacao-nome\">\u2600\ufe0f Ver\u00e3o<\/div>\n    <span class=\"estacao-meses\">Dez &#8211; Fev<\/span>\n    <div class=\"temp-valor\">22-33\u00b0C<\/div>\n    <span class=\"temp-label\">M\u00e9dia<\/span>\n    <div class=\"clima-desc\">Mesmo com a chuva alta, o calor intenso torna o per\u00edodo perfeito para aproveitar os <b>banhos nas cachoeiras<\/b> com volume m\u00e1ximo.<\/div>\n    <div class=\"tag-status\">\ud83d\udca6 Cachoeiras<\/div>\n  <\/div>\n\n  <div class=\"card-clima\">\n    <div class=\"estacao-nome\">\ud83c\udf42 Outono<\/div>\n    <span class=\"estacao-meses\">Mar &#8211; Mai<\/span>\n    <div class=\"temp-valor\">18-30\u00b0C<\/div>\n    <span class=\"temp-label\">M\u00e9dia<\/span>\n    <div class=\"clima-desc\">A transi\u00e7\u00e3o para um clima mais ameno cria as condi\u00e7\u00f5es ideais para encarar a <b>Trilha Adventure<\/b> com maior conforto t\u00e9rmico.<\/div>\n    <div class=\"tag-status\">\ud83e\udd7e Aventura<\/div>\n  <\/div>\n\n  <div class=\"card-clima\">\n    <div class=\"estacao-nome\">\ud83e\udde3 Inverno<\/div>\n    <span class=\"estacao-meses\">Jun &#8211; Ago<\/span>\n    <div class=\"temp-valor\">12-28\u00b0C<\/div>\n    <span class=\"temp-label\">M\u00e9dia<\/span>\n    <div class=\"clima-desc\">Na esta\u00e7\u00e3o mais seca, a visibilidade e seguran\u00e7a favorecem a pr\u00e1tica de <b>rapel<\/b> e a explora\u00e7\u00e3o dos imponentes <b>c\u00e2nions<\/b> da regi\u00e3o.<\/div>\n    <div class=\"tag-status\">\ud83e\uddd7\u200d\u2642\ufe0f Esportes<\/div>\n  <\/div>\n\n  <div class=\"card-clima\">\n    <div class=\"estacao-nome\">\ud83c\udf38 Primavera<\/div>\n    <span class=\"estacao-meses\">Set &#8211; Nov<\/span>\n    <div class=\"temp-valor\">18-32\u00b0C<\/div>\n    <span class=\"temp-label\">M\u00e9dia<\/span>\n    <div class=\"clima-desc\">A esta\u00e7\u00e3o renova as \u00e1guas e a vegeta\u00e7\u00e3o, sendo o momento \u00e1ureo para realizar <b>flutua\u00e7\u00f5es<\/b> cristalinas e visitar os <b>mirantes<\/b>.<\/div>\n    <div class=\"tag-status\">\ud83e\udd3f Flutua\u00e7\u00e3o<\/div>\n  <\/div>\n\n<\/div>\n\n\n\n<p><em>Temperaturas aproximadas com base no <a href=\"https:\/\/www.climatempo.com.br\/previsao-do-tempo\/cidade\/1114\/bodoquena-ms\" target=\"_blank\" rel=\"noreferrer noopener\"><strong>Climatempo<\/strong><\/a>. Condi\u00e7\u00f5es podem variar.<\/em><\/p>\n\n\n\n<h2 class=\"wp-block-heading\">Como chegar \u00e0 porta de entrada do Pantanal sul-mato-grossense?<\/h2>\n\n\n\n<p>Bodoquena fica a 265 km de <strong>Campo Grande<\/strong>, capital do estado, e a 70 km de Bonito pela <strong>MS-178<\/strong>. A cidade n\u00e3o tem aeroporto comercial.<\/p>\n\n\n\n<p>O caminho mais comum \u00e9 desembarcar no <strong>Aeroporto de Campo Grande (CGZ)<\/strong> ou no <strong>Aeroporto de Bonito (BYO)<\/strong> e seguir de carro alugado, transfer ou \u00f4nibus da Via\u00e7\u00e3o Andorinha. Boa parte dos visitantes se hospeda em Bonito e faz bate-volta pelos atrativos da serra.<\/p>\n\n\n\n<h2 class=\"wp-block-heading\">V\u00e1 conhecer a serra que ainda cabe num final de semana<\/h2>\n\n\n\n<p><strong>A combina\u00e7\u00e3o de cachoeira gigante, parque nacional e cidade pequena \u00e9 rara no turismo brasileiro. <\/strong>Bodoquena tem o tamanho certo para quem quer aventura sem multid\u00e3o e gastronomia sem badala\u00e7\u00e3o.<\/p>\n\n\n\n<p>Voc\u00ea precisa atravessar a fronteira invis\u00edvel entre Bonito e a vizinha discreta para entender por que a serra que d\u00e1 nome \u00e0 cidade carrega tantos recordes em sil\u00eancio.<\/p>\n","protected":false},"excerpt":{"rendered":"<p>Quem viaja para o sudoeste de Mato Grosso do Sul sempre ouve falar de Bonito. A vizinha Bodoquena, a 70 km dali, guarda uma queda d \u00e1gua de 156 metros e uma plataforma de rapel que avan\u00e7a no vazio. Por que a maior cachoeira do MS fica longe dos holofotes? A Cachoeira Boca da On\u00e7a [&hellip;]<\/p>\n","protected":false},"author":8,"featured_media":233529,"comment_status":"open","ping_status":"open","sticky":false,"template":"","format":"standard","meta":{"_yoast_wpseo_focuskw":"cidade","_yoast_wpseo_title":"","_yoast_wpseo_metadesc":"Essa pequena cidade do MS, com 8 mil moradores, surpreende ao esconder a maior cachoeira do estado e o maior rapel do Brasil","jnews-multi-image_gallery":[],"jnews_single_post":{"format":"standard"},"jnews_primary_category":[],"jnews_social_meta":[],"jnews_override_counter":[],"footnotes":""},"categories":[108,111],"post_tag":[13589,2824,1256],"class_list":["post-233258","post","type-post","status-publish","format-standard","has-post-thumbnail","hentry","category-cidades","category-turismo","tag-bodoquena","tag-bonito","tag-mato-grosso-do-sul"],"yoast_head":"<!-- This site is optimized with the Yoast SEO plugin v24.6 - https:\/\/yoast.com\/wordpress\/plugins\/seo\/ -->\n<title>A cidade de 8 mil moradores no MS que esconde a maior cachoeira do estado e o maior rapel do pa\u00eds - Correio Braziliense - Radar<\/title>\n<meta name=\"description\" content=\"Essa pequena cidade do MS, com 8 mil moradores, surpreende ao esconder a maior cachoeira do estado e o maior rapel do Brasil\" \/>\n<meta name=\"robots\" content=\"index, follow, max-snippet:-1, max-image-preview:large, max-video-preview:-1\" \/>\n<link rel=\"canonical\" href=\"https:\/\/www.correiobraziliense.com.br\/cbradar\/a-cidade-de-8-mil-moradores-no-ms-que-esconde-a-maior-cachoeira-do-estado-e-o-maior-rapel-do-pais\/\" \/>\n<meta property=\"og:locale\" content=\"pt_BR\" \/>\n<meta property=\"og:type\" content=\"article\" \/>\n<meta property=\"og:title\" content=\"A cidade de 8 mil moradores no MS que esconde a maior cachoeira do estado e o maior rapel do pa\u00eds - Correio Braziliense - Radar\" \/>\n<meta property=\"og:description\" content=\"Essa pequena cidade do MS, com 8 mil moradores, surpreende ao esconder a maior cachoeira do estado e o maior rapel do Brasil\" \/>\n<meta property=\"og:url\" content=\"https:\/\/www.correiobraziliense.com.br\/cbradar\/a-cidade-de-8-mil-moradores-no-ms-que-esconde-a-maior-cachoeira-do-estado-e-o-maior-rapel-do-pais\/\" \/>\n<meta property=\"og:site_name\" content=\"Correio Braziliense - Radar\" \/>\n<meta property=\"article:published_time\" content=\"2026-04-28T18:25:00+00:00\" \/>\n<meta property=\"og:image\" content=\"https:\/\/www.correiobraziliense.com.br\/cbradar\/wp-content\/uploads\/2026\/04\/aaa-2026-04-28T101148.820.png\" \/>\n\t<meta property=\"og:image:width\" content=\"1280\" \/>\n\t<meta property=\"og:image:height\" content=\"720\" \/>\n\t<meta property=\"og:image:type\" content=\"image\/png\" \/>\n<meta name=\"author\" content=\"Maura Pereira\" \/>\n<meta name=\"twitter:card\" content=\"summary_large_image\" \/>\n<meta name=\"twitter:label1\" content=\"Escrito por\" \/>\n\t<meta name=\"twitter:data1\" content=\"Maura Pereira\" \/>\n\t<meta name=\"twitter:label2\" content=\"Est. tempo de leitura\" \/>\n\t<meta name=\"twitter:data2\" content=\"6 minutos\" \/>\n<!-- \/ Yoast SEO plugin. -->","yoast_head_json":{"title":"A cidade de 8 mil moradores no MS que esconde a maior cachoeira do estado e o maior rapel do pa\u00eds - Correio Braziliense - Radar","description":"Essa pequena cidade do MS, com 8 mil moradores, surpreende ao esconder a maior cachoeira do estado e o maior rapel do Brasil","robots":{"index":"index","follow":"follow","max-snippet":"max-snippet:-1","max-image-preview":"max-image-preview:large","max-video-preview":"max-video-preview:-1"},"canonical":"https:\/\/www.correiobraziliense.com.br\/cbradar\/a-cidade-de-8-mil-moradores-no-ms-que-esconde-a-maior-cachoeira-do-estado-e-o-maior-rapel-do-pais\/","og_locale":"pt_BR","og_type":"article","og_title":"A cidade de 8 mil moradores no MS que esconde a maior cachoeira do estado e o maior rapel do pa\u00eds - Correio Braziliense - Radar","og_description":"Essa pequena cidade do MS, com 8 mil moradores, surpreende ao esconder a maior cachoeira do estado e o maior rapel do Brasil","og_url":"https:\/\/www.correiobraziliense.com.br\/cbradar\/a-cidade-de-8-mil-moradores-no-ms-que-esconde-a-maior-cachoeira-do-estado-e-o-maior-rapel-do-pais\/","og_site_name":"Correio Braziliense - Radar","article_published_time":"2026-04-28T18:25:00+00:00","og_image":[{"width":1280,"height":720,"url":"https:\/\/www.correiobraziliense.com.br\/cbradar\/wp-content\/uploads\/2026\/04\/aaa-2026-04-28T101148.820.png","type":"image\/png"}],"author":"Maura Pereira","twitter_card":"summary_large_image","twitter_misc":{"Escrito por":"Maura Pereira","Est. tempo de leitura":"6 minutos"},"schema":{"@context":"https:\/\/schema.org","@graph":[{"@type":"WebPage","@id":"https:\/\/www.correiobraziliense.com.br\/cbradar\/a-cidade-de-8-mil-moradores-no-ms-que-esconde-a-maior-cachoeira-do-estado-e-o-maior-rapel-do-pais\/","url":"https:\/\/www.correiobraziliense.com.br\/cbradar\/a-cidade-de-8-mil-moradores-no-ms-que-esconde-a-maior-cachoeira-do-estado-e-o-maior-rapel-do-pais\/","name":"A cidade de 8 mil moradores no MS que esconde a maior cachoeira do estado e o maior rapel do pa\u00eds - Correio Braziliense - Radar","isPartOf":{"@id":"https:\/\/www.correiobraziliense.com.br\/cbradar\/#website"},"primaryImageOfPage":{"@id":"https:\/\/www.correiobraziliense.com.br\/cbradar\/a-cidade-de-8-mil-moradores-no-ms-que-esconde-a-maior-cachoeira-do-estado-e-o-maior-rapel-do-pais\/#primaryimage"},"image":{"@id":"https:\/\/www.correiobraziliense.com.br\/cbradar\/a-cidade-de-8-mil-moradores-no-ms-que-esconde-a-maior-cachoeira-do-estado-e-o-maior-rapel-do-pais\/#primaryimage"},"thumbnailUrl":"https:\/\/www.correiobraziliense.com.br\/cbradar\/wp-content\/uploads\/2026\/04\/aaa-2026-04-28T101148.820.png","datePublished":"2026-04-28T18:25:00+00:00","author":{"@id":"https:\/\/www.correiobraziliense.com.br\/cbradar\/#\/schema\/person\/4053c651a9bfc785afc6f4cbc9032fd3"},"description":"Essa pequena cidade do MS, com 8 mil moradores, surpreende ao esconder a maior cachoeira do estado e o maior rapel do Brasil","breadcrumb":{"@id":"https:\/\/www.correiobraziliense.com.br\/cbradar\/a-cidade-de-8-mil-moradores-no-ms-que-esconde-a-maior-cachoeira-do-estado-e-o-maior-rapel-do-pais\/#breadcrumb"},"inLanguage":"pt-BR","potentialAction":[{"@type":"ReadAction","target":["https:\/\/www.correiobraziliense.com.br\/cbradar\/a-cidade-de-8-mil-moradores-no-ms-que-esconde-a-maior-cachoeira-do-estado-e-o-maior-rapel-do-pais\/"]}]},{"@type":"ImageObject","inLanguage":"pt-BR","@id":"https:\/\/www.correiobraziliense.com.br\/cbradar\/a-cidade-de-8-mil-moradores-no-ms-que-esconde-a-maior-cachoeira-do-estado-e-o-maior-rapel-do-pais\/#primaryimage","url":"https:\/\/www.correiobraziliense.com.br\/cbradar\/wp-content\/uploads\/2026\/04\/aaa-2026-04-28T101148.820.png","contentUrl":"https:\/\/www.correiobraziliense.com.br\/cbradar\/wp-content\/uploads\/2026\/04\/aaa-2026-04-28T101148.820.png","width":1280,"height":720,"caption":"Bodoquena tem o tamanho certo para quem quer aventura sem multid\u00e3o e gastronomia sem badala\u00e7\u00e3o. \/ Imagem ilustrativa"},{"@type":"BreadcrumbList","@id":"https:\/\/www.correiobraziliense.com.br\/cbradar\/a-cidade-de-8-mil-moradores-no-ms-que-esconde-a-maior-cachoeira-do-estado-e-o-maior-rapel-do-pais\/#breadcrumb","itemListElement":[{"@type":"ListItem","position":1,"name":"In\u00edcio","item":"https:\/\/www.correiobraziliense.com.br\/cbradar\/"},{"@type":"ListItem","position":2,"name":"A cidade de 8 mil moradores no MS que esconde a maior cachoeira do estado e o maior rapel do pa\u00eds"}]},{"@type":"WebSite","@id":"https:\/\/www.correiobraziliense.com.br\/cbradar\/#website","url":"https:\/\/www.correiobraziliense.com.br\/cbradar\/","name":"Correio Braziliense - Radar","description":"Acompanhe as \u00faltimas not\u00edcias e fique bem informado sobre tudo o que acontece no Brasil e no mundo.","potentialAction":[{"@type":"SearchAction","target":{"@type":"EntryPoint","urlTemplate":"https:\/\/www.correiobraziliense.com.br\/cbradar\/?s={search_term_string}"},"query-input":{"@type":"PropertyValueSpecification","valueRequired":true,"valueName":"search_term_string"}}],"inLanguage":"pt-BR"},{"@type":"Person","@id":"https:\/\/www.correiobraziliense.com.br\/cbradar\/#\/schema\/person\/4053c651a9bfc785afc6f4cbc9032fd3","name":"Maura Pereira","image":{"@type":"ImageObject","inLanguage":"pt-BR","@id":"https:\/\/www.correiobraziliense.com.br\/cbradar\/#\/schema\/person\/image\/","url":"https:\/\/secure.gravatar.com\/avatar\/3effd6bdadfa447f15089c7f7144eaa6?s=96&d=mm&r=g","contentUrl":"https:\/\/secure.gravatar.com\/avatar\/3effd6bdadfa447f15089c7f7144eaa6?s=96&d=mm&r=g","caption":"Maura Pereira"},"sameAs":["https:\/\/www.correiobraziliense.com.br\/"],"url":"https:\/\/www.correiobraziliense.com.br\/cbradar\/author\/mauramyth\/"}]}},"_links":{"self":[{"href":"https:\/\/www.correiobraziliense.com.br\/cbradar\/wp-json\/wp\/v2\/posts\/233258","targetHints":{"allow":["GET"]}}],"collection":[{"href":"https:\/\/www.correiobraziliense.com.br\/cbradar\/wp-json\/wp\/v2\/posts"}],"about":[{"href":"https:\/\/www.correiobraziliense.com.br\/cbradar\/wp-json\/wp\/v2\/types\/post"}],"author":[{"embeddable":true,"href":"https:\/\/www.correiobraziliense.com.br\/cbradar\/wp-json\/wp\/v2\/users\/8"}],"replies":[{"embeddable":true,"href":"https:\/\/www.correiobraziliense.com.br\/cbradar\/wp-json\/wp\/v2\/comments?post=233258"}],"version-history":[{"count":9,"href":"https:\/\/www.correiobraziliense.com.br\/cbradar\/wp-json\/wp\/v2\/posts\/233258\/revisions"}],"predecessor-version":[{"id":233528,"href":"https:\/\/www.correiobraziliense.com.br\/cbradar\/wp-json\/wp\/v2\/posts\/233258\/revisions\/233528"}],"wp:featuredmedia":[{"embeddable":true,"href":"https:\/\/www.correiobraziliense.com.br\/cbradar\/wp-json\/wp\/v2\/media\/233529"}],"wp:attachment":[{"href":"https:\/\/www.correiobraziliense.com.br\/cbradar\/wp-json\/wp\/v2\/media?parent=233258"}],"wp:term":[{"taxonomy":"category","embeddable":true,"href":"https:\/\/www.correiobraziliense.com.br\/cbradar\/wp-json\/wp\/v2\/categories?post=233258"},{"taxonomy":"post_tag","embeddable":true,"href":"https:\/\/www.correiobraziliense.com.br\/cbradar\/wp-json\/wp\/v2\/post_tag?post=233258"}],"curies":[{"name":"wp","href":"https:\/\/api.w.org\/{rel}","templated":true}]}}