{"id":233259,"date":"2026-04-28T11:45:00","date_gmt":"2026-04-28T14:45:00","guid":{"rendered":"https:\/\/www.correiobraziliense.com.br\/cbradar\/?p=233259"},"modified":"2026-04-28T09:58:01","modified_gmt":"2026-04-28T12:58:01","slug":"a-capital-do-agro-que-voce-ainda-nao-conhece-guarda-um-circuito-com-9-cachoeiras-e-quedas-dagua-a-55-km-do-centro","status":"publish","type":"post","link":"https:\/\/www.correiobraziliense.com.br\/cbradar\/a-capital-do-agro-que-voce-ainda-nao-conhece-guarda-um-circuito-com-9-cachoeiras-e-quedas-dagua-a-55-km-do-centro\/","title":{"rendered":"A \u201cCapital do Agro\u201d que voc\u00ea ainda n\u00e3o conhece guarda um circuito com 9 cachoeiras e quedas d\u2019\u00e1gua a 55 km do centro"},"content":{"rendered":"\n<p>Quem s\u00f3 conhece <strong>Rondon\u00f3polis<\/strong> pelas placas de soja e pelos caminh\u00f5es da <strong>BR-163<\/strong> n\u00e3o imagina o que existe a uma hora de carro do centro. A cidade do sul do <strong>Mato Grosso<\/strong> guarda um complexo de quedas d \u00e1gua que poucos visitantes do agroneg\u00f3cio chegam a ver.<\/p>\n\n\n\n<h2 class=\"wp-block-heading\">Por que o Complexo Carim\u00e3 \u00e9 o segredo dos rondonopolitanos?<\/h2>\n\n\n\n<p>O <strong>Complexo Tur\u00edstico do Carim\u00e3<\/strong> re\u00fane 9 cachoeiras em uma trilha leve de pouco mais de 1 km, no entorno do <strong>Parque Estadual Dom Os\u00f3rio Stoffel<\/strong>. O acesso fica a cerca de 55 km do centro de Rondon\u00f3polis pela BR-163, com entrada pela <strong>MT-471<\/strong>.<\/p>\n\n\n\n<p>O lugar nasceu de um assentamento que se reorganizou para virar refer\u00eancia regional de ecoturismo. Os pr\u00f3prios moradores administram pousadas, restaurantes e a estrutura das trilhas, com sinaliza\u00e7\u00e3o cuidadosa em todo o percurso.<\/p>\n\n\n<div class=\"wp-block-image\">\n<figure class=\"aligncenter size-large\"><img decoding=\"async\" width=\"1024\" height=\"576\" src=\"https:\/\/www.correiobraziliense.com.br\/cbradar\/wp-content\/uploads\/2025\/12\/Imagens_de_drone_Mini_2_DJI_da_cidade_de_Rondonopolis_Mato_Grosso-Gilmar_Leal_VIDEOMAKER_13-52_screenshot-1024x576.jpg\" alt=\"A \u201cCapital do Agro\u201d que voc\u00ea ainda n\u00e3o conhece guarda um circuito com 9 cachoeiras e quedas d\u2019\u00e1gua a 55 km do centro\" class=\"wp-image-153695\" srcset=\"https:\/\/www.correiobraziliense.com.br\/cbradar\/wp-content\/uploads\/2025\/12\/Imagens_de_drone_Mini_2_DJI_da_cidade_de_Rondonopolis_Mato_Grosso-Gilmar_Leal_VIDEOMAKER_13-52_screenshot-1024x576.jpg 1024w, https:\/\/www.correiobraziliense.com.br\/cbradar\/wp-content\/uploads\/2025\/12\/Imagens_de_drone_Mini_2_DJI_da_cidade_de_Rondonopolis_Mato_Grosso-Gilmar_Leal_VIDEOMAKER_13-52_screenshot-300x169.jpg 300w, https:\/\/www.correiobraziliense.com.br\/cbradar\/wp-content\/uploads\/2025\/12\/Imagens_de_drone_Mini_2_DJI_da_cidade_de_Rondonopolis_Mato_Grosso-Gilmar_Leal_VIDEOMAKER_13-52_screenshot-768x432.jpg 768w, https:\/\/www.correiobraziliense.com.br\/cbradar\/wp-content\/uploads\/2025\/12\/Imagens_de_drone_Mini_2_DJI_da_cidade_de_Rondonopolis_Mato_Grosso-Gilmar_Leal_VIDEOMAKER_13-52_screenshot-1536x864.jpg 1536w, https:\/\/www.correiobraziliense.com.br\/cbradar\/wp-content\/uploads\/2025\/12\/Imagens_de_drone_Mini_2_DJI_da_cidade_de_Rondonopolis_Mato_Grosso-Gilmar_Leal_VIDEOMAKER_13-52_screenshot-2048x1152.jpg 2048w, https:\/\/www.correiobraziliense.com.br\/cbradar\/wp-content\/uploads\/2025\/12\/Imagens_de_drone_Mini_2_DJI_da_cidade_de_Rondonopolis_Mato_Grosso-Gilmar_Leal_VIDEOMAKER_13-52_screenshot-750x422.jpg 750w, https:\/\/www.correiobraziliense.com.br\/cbradar\/wp-content\/uploads\/2025\/12\/Imagens_de_drone_Mini_2_DJI_da_cidade_de_Rondonopolis_Mato_Grosso-Gilmar_Leal_VIDEOMAKER_13-52_screenshot-1140x641.jpg 1140w\" sizes=\"(max-width: 1024px) 100vw, 1024px\" \/><figcaption class=\"wp-element-caption\">Explore Rondon\u00f3polis al\u00e9m do agro, conhecendo cachoeiras, forma\u00e7\u00f5es rochosas e o Casario hist\u00f3rico \u00e0s margens do rio, cen\u00e1rio que revela a alma do Cerrado mato-grossense. \/\/ Cr\u00e9ditos: YouTube.com\/@gilmardasilvaleal<\/figcaption><\/figure><\/div>\n\n\n<h2 class=\"wp-block-heading\">O parque estadual de 6.421 hectares que protege a \u00e1gua da regi\u00e3o<\/h2>\n\n\n\n<p>O <strong>Parque Estadual Dom Os\u00f3rio Stoffel<\/strong> foi criado pelo Decreto Estadual 5.437 em 12 de novembro de 2002. A unidade de prote\u00e7\u00e3o integral abrange 6.421,69 hectares de Cerrado e leva o nome de um bispo diocesano que dedicou parte da vida \u00e0 conserva\u00e7\u00e3o ambiental.<\/p>\n\n\n\n<p>O parque concentra mais de 280 esp\u00e9cies de \u00e1rvores e cerca de 500 esp\u00e9cies de fauna, segundo levantamentos da <strong>Secretaria de Estado de Meio Ambiente (SEMA-MT)<\/strong>. A \u00e1rea funciona como ber\u00e7\u00e1rio natural de peixes do <strong>Rio Vermelho<\/strong> e do <strong>Ribeir\u00e3o Ponte de Pedra<\/strong> durante a piracema.<\/p>\n\n\n\n<p>Este v\u00eddeo do canal &#8220;Casal Alencar&#8221; apresenta um guia completo para explorar <strong>S\u00e3o Thom\u00e9 das Letras<\/strong>, em Minas Gerais, destacando o misticismo, as paisagens naturais e as curiosidades da regi\u00e3o.<\/p>\n\n\n\n<figure class=\"wp-block-embed aligncenter is-type-video is-provider-youtube wp-block-embed-youtube wp-embed-aspect-16-9 wp-has-aspect-ratio\"><div class=\"wp-block-embed__wrapper\">\n<div class=\"jeg_video_container jeg_video_content\"><iframe loading=\"lazy\" title=\"S\u00c3O THOM\u00c9 DAS LETRAS - ROTEIRO COMPLETO DE 3 DIAS na cidade mais M\u00cdSTICA DO BRASIL\" width=\"500\" height=\"281\" src=\"https:\/\/www.youtube.com\/embed\/SFldOJsLKQQ?feature=oembed\" frameborder=\"0\" allow=\"accelerometer; autoplay; clipboard-write; encrypted-media; gyroscope; picture-in-picture; web-share\" referrerpolicy=\"strict-origin-when-cross-origin\" allowfullscreen><\/iframe><\/div>\n<\/div><\/figure>\n\n\n\n<h2 class=\"wp-block-heading\">O que fazer na rota de cachoeiras escondidas?<\/h2>\n\n\n\n<p>A regi\u00e3o oferece muito mais do que o Carim\u00e3. Quem reserva um final de semana consegue cobrir tr\u00eas circuitos diferentes saindo da cidade.<\/p>\n\n\n\n<ul class=\"wp-block-list\">\n<li><strong>Complexo Tur\u00edstico do Carim\u00e3<\/strong>: 9 cachoeiras em trilha de 1,5 km, com camping, pousada simples e restaurante de comida caseira.<\/li>\n\n\n\n<li><strong>Cachoeira do Gavi\u00e3o<\/strong>: queda de 20 metros a cerca de 15 km do Carim\u00e3, com restaurante e mirantes ao longo da trilha.<\/li>\n\n\n\n<li><strong>S\u00edtio Recanto Clara Ant\u00f4nio<\/strong>: v\u00e1rias quedas ao longo de 700 metros do C\u00f3rrego S\u00e3o Miguel, com churrasqueiras e estrutura para piquenique.<\/li>\n\n\n\n<li><strong>Rodovia do Peixe (MT-471)<\/strong>: 25 km asfaltados que margeiam o Rio Vermelho, com pesqueiros, parques termais e vista para a Cidade de Pedra.<\/li>\n<\/ul>\n\n\n\n<h2 class=\"wp-block-heading\">O sabor mato-grossense que cabe na bagagem<\/h2>\n\n\n\n<p><strong>A cozinha de Rondon\u00f3polis mistura tradi\u00e7\u00e3o pantaneira<\/strong>, cerrado e a influ\u00eancia sulista trazida pelas col\u00f4nias agr\u00edcolas dos anos 1970. As feiras urbanas concentram boa parte da gastronomia popular, e o pastel rondonopolitano virou marca registrada da cidade.<\/p>\n\n\n\n<ul class=\"wp-block-list\">\n<li><strong>Pastel rondonopolitano<\/strong>: massa fina e recheio generoso, vendido nas feiras noturnas que abrem das 16h \u00e0s 22h.<\/li>\n\n\n\n<li><strong>Peixe na telha<\/strong>: pacu ou pintado fresco do Rio Vermelho, gratinado com queijo e ervas.<\/li>\n\n\n\n<li><strong>Costela bovina no fogo de ch\u00e3o<\/strong>: prato comum nos restaurantes de fazenda do entorno do Carim\u00e3.<\/li>\n\n\n\n<li><strong>Arroz boliviano<\/strong>: heran\u00e7a das fronteiras com o Centro-Oeste, leva carne mo\u00edda, piment\u00e3o e ovo.<\/li>\n<\/ul>\n\n\n<div class=\"wp-block-image\">\n<figure class=\"aligncenter size-large\"><img decoding=\"async\" width=\"1024\" height=\"576\" src=\"https:\/\/www.correiobraziliense.com.br\/cbradar\/wp-content\/uploads\/2025\/12\/Imagens_de_drone_Mini_2_DJI_da_cidade_de_Rondonopolis_Mato_Grosso-Gilmar_Leal_VIDEOMAKER_0-1_screenshot-1024x576.jpg\" alt=\"A cidade onde a for\u00e7a industrial convive com paisagens naturais preservadas e atra\u00ed olhares no Centro-Oeste\" class=\"wp-image-153697\"\/><figcaption class=\"wp-element-caption\"> Rondon\u00f3polis possui o segundo maior PIB de Mato Grosso e lidera o ranking estadual de exporta\u00e7\u00f5es, exportando mais que muitos estados brasileiros gra\u00e7as \u00e0 for\u00e7a do agro. \/\/ Cr\u00e9ditos: YouTube.com\/@gilmardasilvaleal<\/figcaption><\/figure><\/div>\n\n\n<p><strong>Leia tamb\u00e9m: <a href=\"https:\/\/www.correiobraziliense.com.br\/cbradar\/uma-cidade-gaucha-onde-flamingos-chilenos-pousam-apos-voar-8-mil-km-e-o-sol-nasce-no-oceano\/\" target=\"_blank\" rel=\"noreferrer noopener\">Uma cidade ga\u00facha onde flamingos chilenos pousam ap\u00f3s voar 8 mil km e o sol nasce no oceano.<\/a><\/strong><\/p>\n\n\n\n<h2 class=\"wp-block-heading\">Qual a melhor \u00e9poca para curtir as quedas?<\/h2>\n\n\n\n<p><strong>O clima tropical da regi\u00e3o tem duas esta\u00e7\u00f5es bem definidas. <\/strong>A seca facilita as trilhas e abre o c\u00e9u, enquanto a chuvosa enche as cachoeiras e deixa o Cerrado verde.<\/p>\n\n\n\n<style>\n  \/* --- CONTAINER BLINDADO (PADR\u00c3O REGISTRADO) --- *\/\n  .clima-grid-final {\n    font-family: -apple-system, BlinkMacSystemFont, \"Segoe UI\", Roboto, Arial, sans-serif !important;\n    width: 100% !important;\n    max-width: 1200px !important;\n    margin: 20px auto !important;\n    display: grid !important;\n    \/* FOR\u00c7A 4 COLUNAS NO DESKTOP *\/\n    grid-template-columns: repeat(4, 1fr) !important; \n    gap: 15px !important;\n    box-sizing: border-box !important;\n  }\n\n  .clima-grid-final * {\n    box-sizing: border-box !important;\n  }\n\n  \/* --- BLINDAGEM CONTRA ADS E PLUGINS INTRUSOS --- *\/\n  .clima-grid-final > :not(.card-clima) {\n    display: none !important;\n    width: 0 !important;\n    height: 0 !important;\n    opacity: 0 !important;\n  }\n\n  \/* --- CARD PRETO B\u00c1SICO (FUNDO BRANCO) --- *\/\n  .card-clima {\n    background: #ffffff !important;\n    border: 1px solid #e0e0e0 !important;\n    border-radius: 20px !important;\n    padding: 20px 10px !important;\n    text-align: center !important;\n    display: flex !important;\n    flex-direction: column !important;\n    align-items: center !important;\n    box-shadow: 0 4px 10px rgba(0, 0, 0, 0.05) !important;\n    min-width: 0 !important; \n    transition: transform 0.2s ease !important;\n    overflow: hidden !important;\n    height: 100% !important;\n  }\n\n  .card-clima:hover {\n    transform: translateY(-5px) !important;\n    border-color: #000000 !important;\n  }\n\n  \/* --- CONTE\u00daDO --- *\/\n  .estacao-nome { \n    font-size: 14px !important; \n    font-weight: 800 !important; \n    color: #000000 !important; \n    text-transform: uppercase !important; \n    margin: 0 0 5px 0 !important; \n  }\n  \n  .estacao-meses { \n    font-size: 10px !important; \n    font-weight: 700 !important; \n    color: #444444 !important; \n    text-transform: uppercase !important; \n    margin-bottom: 15px !important; \n    display: block !important;\n  }\n  \n  .temp-valor { \n    font-size: 24px !important; \n    font-weight: 800 !important; \n    color: #000000 !important; \n    line-height: 1.1 !important; \n    margin: 0 !important;\n  }\n  \n  .temp-label { \n    font-size: 9px !important; \n    font-weight: 600 !important; \n    color: #777777 !important; \n    text-transform: uppercase !important; \n    margin-bottom: 15px !important; \n    display: block !important;\n  }\n  \n  .clima-desc { \n    font-size: 12px !important; \n    line-height: 1.4 !important; \n    color: #333333 !important; \n    margin-bottom: 15px !important; \n    flex-grow: 1 !important; \n  }\n\n  .tag-status {\n    background-color: #f5f5f5 !important;\n    border: 1px solid #d0d0d0 !important;\n    color: #000000 !important;\n    padding: 5px 12px !important;\n    border-radius: 20px !important;\n    font-size: 9px !important;\n    font-weight: 800 !important;\n    text-transform: uppercase !important;\n    margin-top: auto !important;\n  }\n\n  \/* --- RESPONSIVIDADE --- *\/\n  @media (max-width: 800px) {\n    .clima-grid-final {\n      grid-template-columns: 1fr !important; \n    }\n    .card-clima {\n      padding: 25px 20px !important;\n    }\n  }\n<\/style>\n\n<div class=\"google-auto-ads-ignore clima-grid-final\">\n  \n  <div class=\"card-clima\">\n    <div class=\"estacao-nome\">\u2600\ufe0f Ver\u00e3o<\/div>\n    <span class=\"estacao-meses\">Dez &#8211; Fev<\/span>\n    <div class=\"temp-valor\">23-33\u00b0C<\/div>\n    <span class=\"temp-label\">M\u00e9dia<\/span>\n    <div class=\"clima-desc\">\u00c9 a \u00e9poca ideal para contemplar as <b>cachoeiras cheias<\/b> e aproveitar banhos refrescantes, apesar do \u00edndice de chuva elevado.<\/div>\n    <div class=\"tag-status\">\ud83d\udca6 \u00c1guas<\/div>\n  <\/div>\n\n  <div class=\"card-clima\">\n    <div class=\"estacao-nome\">\ud83c\udf42 Outono<\/div>\n    <span class=\"estacao-meses\">Mar &#8211; Mai<\/span>\n    <div class=\"temp-valor\">20-32\u00b0C<\/div>\n    <span class=\"temp-label\">M\u00e9dia<\/span>\n    <div class=\"clima-desc\">Com a transi\u00e7\u00e3o para um clima mais ameno, o per\u00edodo favorece a explora\u00e7\u00e3o das <b>trilhas no Carim\u00e3<\/b> e o contato com a fauna local.<\/div>\n    <div class=\"tag-status\">\ud83e\udd7e Trilhas<\/div>\n  <\/div>\n\n  <div class=\"card-clima\">\n    <div class=\"estacao-nome\">\ud83e\udde3 Inverno<\/div>\n    <span class=\"estacao-meses\">Jun &#8211; Ago<\/span>\n    <div class=\"temp-valor\">15-31\u00b0C<\/div>\n    <span class=\"temp-label\">M\u00e9dia<\/span>\n    <div class=\"clima-desc\">Na esta\u00e7\u00e3o seca, as condi\u00e7\u00f5es s\u00e3o excelentes para a <b>pesca no Rio Vermelho<\/b>, um dos passatempos mais tradicionais da regi\u00e3o.<\/div>\n    <div class=\"tag-status\">\ud83c\udfa3 Pesca<\/div>\n  <\/div>\n\n  <div class=\"card-clima\">\n    <div class=\"estacao-nome\">\ud83c\udf38 Primavera<\/div>\n    <span class=\"estacao-meses\">Set &#8211; Nov<\/span>\n    <div class=\"temp-valor\">21-35\u00b0C<\/div>\n    <span class=\"temp-label\">M\u00e9dia<\/span>\n    <div class=\"clima-desc\">O calor se intensifica, sendo o momento perfeito para percorrer a <b>Rodovia do Peixe<\/b> e visitar os principais <b>mirantes<\/b>.<\/div>\n    <div class=\"tag-status\">\ud83c\udf04 Contempla\u00e7\u00e3o<\/div>\n  <\/div>\n\n<\/div>\n\n\n\n<p><em>Temperaturas aproximadas com base no <a href=\"https:\/\/www.climatempo.com.br\/previsao-do-tempo\/cidade\/222\/rondonopolis-mt\" target=\"_blank\" rel=\"noreferrer noopener\"><strong>Climatempo<\/strong><\/a>. Condi\u00e7\u00f5es podem variar.<\/em><\/p>\n\n\n\n<h2 class=\"wp-block-heading\">Como chegar \u00e0 cidade do bitrem e das cachoeiras?<\/h2>\n\n\n\n<p>Rondon\u00f3polis fica a 210 km de <strong>Cuiab\u00e1<\/strong> pela <strong>BR-163<\/strong>, no cruzamento com a <strong>BR-364<\/strong>. O <strong>Aeroporto Maestro Marinho Franco (ROO)<\/strong> recebe voos regionais.<\/p>\n\n\n\n<p>De carro, o acesso a partir de <strong>Goi\u00e2nia<\/strong> percorre cerca de 840 km pela BR-364, e de <strong>Campo Grande<\/strong> s\u00e3o aproximadamente 460 km pela BR-163. As principais atra\u00e7\u00f5es ficam em raio de 60 km do centro pela <a href=\"http:\/\/www.rondonopolis.mt.gov.br\/cidade\/atrativos-culturais\/\" target=\"_blank\" rel=\"noreferrer noopener\"><strong>Prefeitura de Rondon\u00f3polis<\/strong><\/a>.<\/p>\n\n\n\n<h2 class=\"wp-block-heading\">V\u00e1 conhecer a outra cara do interior do MT<\/h2>\n\n\n\n<p><strong>A cidade que move o agroneg\u00f3cio brasileiro tamb\u00e9m sabe receber quem busca sil\u00eancio e \u00e1gua fria. <\/strong>Rondon\u00f3polis cabe num final de semana e surpreende quem chega esperando s\u00f3 lavoura.<\/p>\n\n\n\n<p>Voc\u00ea precisa atravessar a BR-163 e descobrir as 9 cachoeiras do Carim\u00e3 para entender que existe um outro Mato Grosso depois das placas de soja.<\/p>\n","protected":false},"excerpt":{"rendered":"<p>Quem s\u00f3 conhece Rondon\u00f3polis pelas placas de soja e pelos caminh\u00f5es da BR-163 n\u00e3o imagina o que existe a uma hora de carro do centro. A cidade do sul do Mato Grosso guarda um complexo de quedas d \u00e1gua que poucos visitantes do agroneg\u00f3cio chegam a ver. Por que o Complexo Carim\u00e3 \u00e9 o segredo [&hellip;]<\/p>\n","protected":false},"author":8,"featured_media":233511,"comment_status":"open","ping_status":"open","sticky":false,"template":"","format":"standard","meta":{"_yoast_wpseo_focuskw":"capital do agro","_yoast_wpseo_title":"","_yoast_wpseo_metadesc":"A \u201cCapital do Agro\u201d que voc\u00ea ainda n\u00e3o conhece guarda um circuito com 9 cachoeiras e quedas d\u2019\u00e1gua a 55 km do centro.","jnews-multi-image_gallery":[],"jnews_single_post":{"format":"standard"},"jnews_primary_category":[],"jnews_social_meta":[],"jnews_override_counter":[],"footnotes":""},"categories":[108,111],"post_tag":[4130,12547],"class_list":["post-233259","post","type-post","status-publish","format-standard","has-post-thumbnail","hentry","category-cidades","category-turismo","tag-mato-grosso","tag-rondonopolis"],"yoast_head":"<!-- This site is optimized with the Yoast SEO plugin v24.6 - https:\/\/yoast.com\/wordpress\/plugins\/seo\/ -->\n<title>A \u201cCapital do Agro\u201d que voc\u00ea ainda n\u00e3o conhece guarda um circuito com 9 cachoeiras e quedas d\u2019\u00e1gua a 55 km do centro - Correio Braziliense - Radar<\/title>\n<meta name=\"description\" content=\"A \u201cCapital do Agro\u201d que voc\u00ea ainda n\u00e3o conhece guarda um circuito com 9 cachoeiras e quedas d\u2019\u00e1gua a 55 km do centro.\" \/>\n<meta name=\"robots\" content=\"index, follow, max-snippet:-1, max-image-preview:large, max-video-preview:-1\" \/>\n<link rel=\"canonical\" href=\"https:\/\/www.correiobraziliense.com.br\/cbradar\/a-capital-do-agro-que-voce-ainda-nao-conhece-guarda-um-circuito-com-9-cachoeiras-e-quedas-dagua-a-55-km-do-centro\/\" \/>\n<meta property=\"og:locale\" content=\"pt_BR\" \/>\n<meta property=\"og:type\" content=\"article\" \/>\n<meta property=\"og:title\" content=\"A \u201cCapital do Agro\u201d que voc\u00ea ainda n\u00e3o conhece guarda um circuito com 9 cachoeiras e quedas d\u2019\u00e1gua a 55 km do centro - Correio Braziliense - Radar\" \/>\n<meta property=\"og:description\" content=\"A \u201cCapital do Agro\u201d que voc\u00ea ainda n\u00e3o conhece guarda um circuito com 9 cachoeiras e quedas d\u2019\u00e1gua a 55 km do centro.\" \/>\n<meta property=\"og:url\" content=\"https:\/\/www.correiobraziliense.com.br\/cbradar\/a-capital-do-agro-que-voce-ainda-nao-conhece-guarda-um-circuito-com-9-cachoeiras-e-quedas-dagua-a-55-km-do-centro\/\" \/>\n<meta property=\"og:site_name\" content=\"Correio Braziliense - Radar\" \/>\n<meta property=\"article:published_time\" content=\"2026-04-28T14:45:00+00:00\" \/>\n<meta property=\"og:image\" content=\"https:\/\/www.correiobraziliense.com.br\/cbradar\/wp-content\/uploads\/2026\/04\/aaa-2026-04-28T095402.980.png\" \/>\n\t<meta property=\"og:image:width\" content=\"1280\" \/>\n\t<meta property=\"og:image:height\" content=\"720\" \/>\n\t<meta property=\"og:image:type\" content=\"image\/png\" \/>\n<meta name=\"author\" content=\"Maura Pereira\" \/>\n<meta name=\"twitter:card\" content=\"summary_large_image\" \/>\n<meta name=\"twitter:label1\" content=\"Escrito por\" \/>\n\t<meta name=\"twitter:data1\" content=\"Maura Pereira\" \/>\n\t<meta name=\"twitter:label2\" content=\"Est. tempo de leitura\" \/>\n\t<meta name=\"twitter:data2\" content=\"6 minutos\" \/>\n<!-- \/ Yoast SEO plugin. -->","yoast_head_json":{"title":"A \u201cCapital do Agro\u201d que voc\u00ea ainda n\u00e3o conhece guarda um circuito com 9 cachoeiras e quedas d\u2019\u00e1gua a 55 km do centro - Correio Braziliense - Radar","description":"A \u201cCapital do Agro\u201d que voc\u00ea ainda n\u00e3o conhece guarda um circuito com 9 cachoeiras e quedas d\u2019\u00e1gua a 55 km do centro.","robots":{"index":"index","follow":"follow","max-snippet":"max-snippet:-1","max-image-preview":"max-image-preview:large","max-video-preview":"max-video-preview:-1"},"canonical":"https:\/\/www.correiobraziliense.com.br\/cbradar\/a-capital-do-agro-que-voce-ainda-nao-conhece-guarda-um-circuito-com-9-cachoeiras-e-quedas-dagua-a-55-km-do-centro\/","og_locale":"pt_BR","og_type":"article","og_title":"A \u201cCapital do Agro\u201d que voc\u00ea ainda n\u00e3o conhece guarda um circuito com 9 cachoeiras e quedas d\u2019\u00e1gua a 55 km do centro - Correio Braziliense - Radar","og_description":"A \u201cCapital do Agro\u201d que voc\u00ea ainda n\u00e3o conhece guarda um circuito com 9 cachoeiras e quedas d\u2019\u00e1gua a 55 km do centro.","og_url":"https:\/\/www.correiobraziliense.com.br\/cbradar\/a-capital-do-agro-que-voce-ainda-nao-conhece-guarda-um-circuito-com-9-cachoeiras-e-quedas-dagua-a-55-km-do-centro\/","og_site_name":"Correio Braziliense - Radar","article_published_time":"2026-04-28T14:45:00+00:00","og_image":[{"width":1280,"height":720,"url":"https:\/\/www.correiobraziliense.com.br\/cbradar\/wp-content\/uploads\/2026\/04\/aaa-2026-04-28T095402.980.png","type":"image\/png"}],"author":"Maura Pereira","twitter_card":"summary_large_image","twitter_misc":{"Escrito por":"Maura Pereira","Est. tempo de leitura":"6 minutos"},"schema":{"@context":"https:\/\/schema.org","@graph":[{"@type":"WebPage","@id":"https:\/\/www.correiobraziliense.com.br\/cbradar\/a-capital-do-agro-que-voce-ainda-nao-conhece-guarda-um-circuito-com-9-cachoeiras-e-quedas-dagua-a-55-km-do-centro\/","url":"https:\/\/www.correiobraziliense.com.br\/cbradar\/a-capital-do-agro-que-voce-ainda-nao-conhece-guarda-um-circuito-com-9-cachoeiras-e-quedas-dagua-a-55-km-do-centro\/","name":"A \u201cCapital do Agro\u201d que voc\u00ea ainda n\u00e3o conhece guarda um circuito com 9 cachoeiras e quedas d\u2019\u00e1gua a 55 km do centro - Correio Braziliense - Radar","isPartOf":{"@id":"https:\/\/www.correiobraziliense.com.br\/cbradar\/#website"},"primaryImageOfPage":{"@id":"https:\/\/www.correiobraziliense.com.br\/cbradar\/a-capital-do-agro-que-voce-ainda-nao-conhece-guarda-um-circuito-com-9-cachoeiras-e-quedas-dagua-a-55-km-do-centro\/#primaryimage"},"image":{"@id":"https:\/\/www.correiobraziliense.com.br\/cbradar\/a-capital-do-agro-que-voce-ainda-nao-conhece-guarda-um-circuito-com-9-cachoeiras-e-quedas-dagua-a-55-km-do-centro\/#primaryimage"},"thumbnailUrl":"https:\/\/www.correiobraziliense.com.br\/cbradar\/wp-content\/uploads\/2026\/04\/aaa-2026-04-28T095402.980.png","datePublished":"2026-04-28T14:45:00+00:00","author":{"@id":"https:\/\/www.correiobraziliense.com.br\/cbradar\/#\/schema\/person\/4053c651a9bfc785afc6f4cbc9032fd3"},"description":"A \u201cCapital do Agro\u201d que voc\u00ea ainda n\u00e3o conhece guarda um circuito com 9 cachoeiras e quedas d\u2019\u00e1gua a 55 km do centro.","breadcrumb":{"@id":"https:\/\/www.correiobraziliense.com.br\/cbradar\/a-capital-do-agro-que-voce-ainda-nao-conhece-guarda-um-circuito-com-9-cachoeiras-e-quedas-dagua-a-55-km-do-centro\/#breadcrumb"},"inLanguage":"pt-BR","potentialAction":[{"@type":"ReadAction","target":["https:\/\/www.correiobraziliense.com.br\/cbradar\/a-capital-do-agro-que-voce-ainda-nao-conhece-guarda-um-circuito-com-9-cachoeiras-e-quedas-dagua-a-55-km-do-centro\/"]}]},{"@type":"ImageObject","inLanguage":"pt-BR","@id":"https:\/\/www.correiobraziliense.com.br\/cbradar\/a-capital-do-agro-que-voce-ainda-nao-conhece-guarda-um-circuito-com-9-cachoeiras-e-quedas-dagua-a-55-km-do-centro\/#primaryimage","url":"https:\/\/www.correiobraziliense.com.br\/cbradar\/wp-content\/uploads\/2026\/04\/aaa-2026-04-28T095402.980.png","contentUrl":"https:\/\/www.correiobraziliense.com.br\/cbradar\/wp-content\/uploads\/2026\/04\/aaa-2026-04-28T095402.980.png","width":1280,"height":720,"caption":"A cidade que move o agroneg\u00f3cio brasileiro tamb\u00e9m sabe receber quem busca sil\u00eancio e \u00e1gua fria. \/ Imagem ilustrativa"},{"@type":"BreadcrumbList","@id":"https:\/\/www.correiobraziliense.com.br\/cbradar\/a-capital-do-agro-que-voce-ainda-nao-conhece-guarda-um-circuito-com-9-cachoeiras-e-quedas-dagua-a-55-km-do-centro\/#breadcrumb","itemListElement":[{"@type":"ListItem","position":1,"name":"In\u00edcio","item":"https:\/\/www.correiobraziliense.com.br\/cbradar\/"},{"@type":"ListItem","position":2,"name":"A \u201cCapital do Agro\u201d que voc\u00ea ainda n\u00e3o conhece guarda um circuito com 9 cachoeiras e quedas d\u2019\u00e1gua a 55 km do centro"}]},{"@type":"WebSite","@id":"https:\/\/www.correiobraziliense.com.br\/cbradar\/#website","url":"https:\/\/www.correiobraziliense.com.br\/cbradar\/","name":"Correio Braziliense - Radar","description":"Acompanhe as \u00faltimas not\u00edcias e fique bem informado sobre tudo o que acontece no Brasil e no mundo.","potentialAction":[{"@type":"SearchAction","target":{"@type":"EntryPoint","urlTemplate":"https:\/\/www.correiobraziliense.com.br\/cbradar\/?s={search_term_string}"},"query-input":{"@type":"PropertyValueSpecification","valueRequired":true,"valueName":"search_term_string"}}],"inLanguage":"pt-BR"},{"@type":"Person","@id":"https:\/\/www.correiobraziliense.com.br\/cbradar\/#\/schema\/person\/4053c651a9bfc785afc6f4cbc9032fd3","name":"Maura Pereira","image":{"@type":"ImageObject","inLanguage":"pt-BR","@id":"https:\/\/www.correiobraziliense.com.br\/cbradar\/#\/schema\/person\/image\/","url":"https:\/\/secure.gravatar.com\/avatar\/3effd6bdadfa447f15089c7f7144eaa6?s=96&d=mm&r=g","contentUrl":"https:\/\/secure.gravatar.com\/avatar\/3effd6bdadfa447f15089c7f7144eaa6?s=96&d=mm&r=g","caption":"Maura Pereira"},"sameAs":["https:\/\/www.correiobraziliense.com.br\/"],"url":"https:\/\/www.correiobraziliense.com.br\/cbradar\/author\/mauramyth\/"}]}},"_links":{"self":[{"href":"https:\/\/www.correiobraziliense.com.br\/cbradar\/wp-json\/wp\/v2\/posts\/233259","targetHints":{"allow":["GET"]}}],"collection":[{"href":"https:\/\/www.correiobraziliense.com.br\/cbradar\/wp-json\/wp\/v2\/posts"}],"about":[{"href":"https:\/\/www.correiobraziliense.com.br\/cbradar\/wp-json\/wp\/v2\/types\/post"}],"author":[{"embeddable":true,"href":"https:\/\/www.correiobraziliense.com.br\/cbradar\/wp-json\/wp\/v2\/users\/8"}],"replies":[{"embeddable":true,"href":"https:\/\/www.correiobraziliense.com.br\/cbradar\/wp-json\/wp\/v2\/comments?post=233259"}],"version-history":[{"count":11,"href":"https:\/\/www.correiobraziliense.com.br\/cbradar\/wp-json\/wp\/v2\/posts\/233259\/revisions"}],"predecessor-version":[{"id":233513,"href":"https:\/\/www.correiobraziliense.com.br\/cbradar\/wp-json\/wp\/v2\/posts\/233259\/revisions\/233513"}],"wp:featuredmedia":[{"embeddable":true,"href":"https:\/\/www.correiobraziliense.com.br\/cbradar\/wp-json\/wp\/v2\/media\/233511"}],"wp:attachment":[{"href":"https:\/\/www.correiobraziliense.com.br\/cbradar\/wp-json\/wp\/v2\/media?parent=233259"}],"wp:term":[{"taxonomy":"category","embeddable":true,"href":"https:\/\/www.correiobraziliense.com.br\/cbradar\/wp-json\/wp\/v2\/categories?post=233259"},{"taxonomy":"post_tag","embeddable":true,"href":"https:\/\/www.correiobraziliense.com.br\/cbradar\/wp-json\/wp\/v2\/post_tag?post=233259"}],"curies":[{"name":"wp","href":"https:\/\/api.w.org\/{rel}","templated":true}]}}