{"id":233260,"date":"2026-04-28T12:45:00","date_gmt":"2026-04-28T15:45:00","guid":{"rendered":"https:\/\/www.correiobraziliense.com.br\/cbradar\/?p=233260"},"modified":"2026-04-28T10:05:30","modified_gmt":"2026-04-28T13:05:30","slug":"a-unica-cidade-do-brasil-fundada-por-imigrantes-suicos-guarda-200-anos-de-heranca-europeia-na-serra-do-rio","status":"publish","type":"post","link":"https:\/\/www.correiobraziliense.com.br\/cbradar\/a-unica-cidade-do-brasil-fundada-por-imigrantes-suicos-guarda-200-anos-de-heranca-europeia-na-serra-do-rio\/","title":{"rendered":"A \u00fanica cidade do Brasil fundada por imigrantes su\u00ed\u00e7os guarda 200 anos de heran\u00e7a europeia na serra do Rio"},"content":{"rendered":"\n<p>A 142 km da capital fluminense, <strong>Nova Friburgo<\/strong> nasceu em <strong>1818<\/strong> de um decreto in\u00e9dito de <strong>Dom Jo\u00e3o VI<\/strong>. A cidade foi a primeira col\u00f4nia europeia organizada do <strong>Brasil<\/strong>, com fam\u00edlias vindas do cant\u00e3o de <strong>Fribourg<\/strong>, na <strong>Su\u00ed\u00e7a<\/strong>.<\/p>\n\n\n\n<h2 class=\"wp-block-heading\">A erup\u00e7\u00e3o que mudou o destino de duas mil fam\u00edlias<\/h2>\n\n\n\n<p>Em 1816, o vulc\u00e3o <strong>Tambora<\/strong>, na Indon\u00e9sia, lan\u00e7ou cinzas que resfriaram o planeta. A Europa enfrentou o que ficou conhecido como o ano sem ver\u00e3o, com colheitas perdidas e fome generalizada.<\/p>\n\n\n\n<p>O cant\u00e3o de Fribourg foi um dos mais castigados. A oferta de uma col\u00f4nia no <strong>Reino do Brasil<\/strong> chegou como uma porta de sa\u00edda e, segundo o <a href=\"https:\/\/descubranovafriburgo.com.br\/historia\/\" target=\"_blank\" rel=\"noreferrer noopener\"><strong>portal oficial de turismo<\/strong><\/a>, dos 2.006 emigrantes que partiram da Su\u00ed\u00e7a em 1819, apenas 1.631 chegaram \u00e0 Fazenda do Morro Queimado.<\/p>\n\n\n<div class=\"wp-block-image\">\n<figure class=\"aligncenter size-large\"><img decoding=\"async\" width=\"1024\" height=\"576\" src=\"https:\/\/www.correiobraziliense.com.br\/cbradar\/wp-content\/uploads\/2025\/12\/Uma-peninsula-de-areia-com-uma-vila-esquecida-com-dunas-de-salinas-que-parecem-neve-45-1024x576.png\" alt=\"A &quot;Su\u00ed\u00e7a Brasileira&quot; encanta a 136 km do Rio de Janeiro com natureza, clima europeu e seguran\u00e7a refor\u00e7ada\" class=\"wp-image-159631\" srcset=\"https:\/\/www.correiobraziliense.com.br\/cbradar\/wp-content\/uploads\/2025\/12\/Uma-peninsula-de-areia-com-uma-vila-esquecida-com-dunas-de-salinas-que-parecem-neve-45-1024x576.png 1024w, https:\/\/www.correiobraziliense.com.br\/cbradar\/wp-content\/uploads\/2025\/12\/Uma-peninsula-de-areia-com-uma-vila-esquecida-com-dunas-de-salinas-que-parecem-neve-45-300x169.png 300w, https:\/\/www.correiobraziliense.com.br\/cbradar\/wp-content\/uploads\/2025\/12\/Uma-peninsula-de-areia-com-uma-vila-esquecida-com-dunas-de-salinas-que-parecem-neve-45-768x432.png 768w, https:\/\/www.correiobraziliense.com.br\/cbradar\/wp-content\/uploads\/2025\/12\/Uma-peninsula-de-areia-com-uma-vila-esquecida-com-dunas-de-salinas-que-parecem-neve-45-750x422.png 750w, https:\/\/www.correiobraziliense.com.br\/cbradar\/wp-content\/uploads\/2025\/12\/Uma-peninsula-de-areia-com-uma-vila-esquecida-com-dunas-de-salinas-que-parecem-neve-45-1140x641.png 1140w, https:\/\/www.correiobraziliense.com.br\/cbradar\/wp-content\/uploads\/2025\/12\/Uma-peninsula-de-areia-com-uma-vila-esquecida-com-dunas-de-salinas-que-parecem-neve-45.png 1280w\" sizes=\"(max-width: 1024px) 100vw, 1024px\" \/><figcaption class=\"wp-element-caption\">Curta caf\u00e9s na Pra\u00e7a do Suspiro de Nova Friburgo-RJ, ref\u00fagio gostoso com arquitetura colonial e brisa serrana acolhedora.\u200b \/\/ Cr\u00e9ditos: Wikip\u00e9dia<\/figcaption><\/figure><\/div>\n\n\n<h2 class=\"wp-block-heading\">Por que o rei escolheu a serra fluminense?<\/h2>\n\n\n\n<p>A escolha do lugar n\u00e3o foi por acaso. Segundo o <a href=\"http:\/\/portal.iphan.gov.br\/pagina\/detalhes\/1508\/\" target=\"_blank\" rel=\"noreferrer noopener\"><strong>Instituto do Patrim\u00f4nio Hist\u00f3rico e Art\u00edstico Nacional (IPHAN)<\/strong><\/a>, a Fazenda do Morro Queimado foi selecionada por ter clima e caracter\u00edsticas naturais parecidas com as do pa\u00eds de origem dos imigrantes.<\/p>\n\n\n\n<p>A 847 metros de altitude, o vale da Serra Verde Imperial oferecia frio, neblina e vegeta\u00e7\u00e3o exuberante. Era o cen\u00e1rio mais pr\u00f3ximo dos Alpes que a corte conseguiu encontrar pr\u00f3ximo ao Rio.<\/p>\n\n\n\n<p>O v\u00eddeo do canal &#8220;Cidades &amp; Cia&#8221; apresenta <strong>Nova Friburgo<\/strong>, na regi\u00e3o serrana do Rio de Janeiro, destacando sua forte heran\u00e7a europeia e sua import\u00e2ncia econ\u00f4mica.<\/p>\n\n\n\n<figure class=\"wp-block-embed aligncenter is-type-video is-provider-youtube wp-block-embed-youtube wp-embed-aspect-16-9 wp-has-aspect-ratio\"><div class=\"wp-block-embed__wrapper\">\n<div class=\"jeg_video_container jeg_video_content\"><iframe loading=\"lazy\" title=\"NOVA FRIBURGO \u2013 RJ &quot;Tudo o que voc\u00ea precisa saber: Beleza, Moda e Cultura, Su\u00ed\u00e7a no Rio de Janeiro&quot;\" width=\"500\" height=\"281\" src=\"https:\/\/www.youtube.com\/embed\/HF8Vd_x5rTA?feature=oembed\" frameborder=\"0\" allow=\"accelerometer; autoplay; clipboard-write; encrypted-media; gyroscope; picture-in-picture; web-share\" referrerpolicy=\"strict-origin-when-cross-origin\" allowfullscreen><\/iframe><\/div>\n<\/div><\/figure>\n\n\n\n<h2 class=\"wp-block-heading\">O que sobrou da heran\u00e7a su\u00ed\u00e7a nas ruas da cidade?<\/h2>\n\n\n\n<p>O legado se v\u00ea nos sobrenomes dos moradores, na arquitetura de chal\u00e9s e na gastronomia que mistura raclette, fondue e queijos artesanais. A cidade serrana mant\u00e9m v\u00ednculos oficiais com Fribourg desde 1978, quando foi criada a Associa\u00e7\u00e3o Friburgo-Nova Friburgo.<\/p>\n\n\n\n<p>O Museu do Colonizador, em Tr\u00eas Cachoeiras, re\u00fane objetos, cartas e documentos dos primeiros imigrantes. No mesmo distrito funciona a <strong>Queijaria Escola<\/strong>, que produz queijos no estilo su\u00ed\u00e7o e abriga um memorial da coloniza\u00e7\u00e3o.<\/p>\n\n\n\n<h2 class=\"wp-block-heading\">Quais s\u00e3o as atra\u00e7\u00f5es imperd\u00edveis em Nova Friburgo?<\/h2>\n\n\n\n<p>O munic\u00edpio \u00e9 vasto e combina centro hist\u00f3rico, distritos rurais e algumas das maiores altitudes do estado. Os roteiros se dividem entre cultura, gastronomia e natureza.<\/p>\n\n\n\n<ul class=\"wp-block-list\">\n<li><strong>Pico da Caled\u00f4nia<\/strong>: 2.257 metros de altitude, com vista para a Ba\u00eda de Guanabara em dias claros. Acesso por trilha \u00edngreme com mais de 600 degraus.<\/li>\n\n\n\n<li><strong>Telef\u00e9rico de Nova Friburgo<\/strong>: parte da Pra\u00e7a do Suspiro e oferece vista panor\u00e2mica da cidade serrana.<\/li>\n\n\n\n<li><strong>Pedra do C\u00e3o Sentado<\/strong>: forma\u00e7\u00e3o rochosa de 1.111 metros e s\u00edmbolo natural do munic\u00edpio, com trilha leve.<\/li>\n\n\n\n<li><strong>Lumiar e S\u00e3o Pedro da Serra<\/strong>: distritos com cachoeiras como Indiana Jones e Po\u00e7o Belo, al\u00e9m de cervejarias artesanais.<\/li>\n\n\n\n<li><strong>Country Club de Nova Friburgo<\/strong>: jardins assinados pelo paisagista franc\u00eas <strong>Auguste Glaziou<\/strong>, autor da Quinta da Boa Vista.<\/li>\n<\/ul>\n\n\n<div class=\"wp-block-image\">\n<figure class=\"aligncenter size-large\"><img decoding=\"async\" width=\"1024\" height=\"576\" src=\"https:\/\/www.correiobraziliense.com.br\/cbradar\/wp-content\/uploads\/2025\/12\/G-2025-12-09T235712.657-1024x576.png\" alt=\"\" class=\"wp-image-153620\" srcset=\"https:\/\/www.correiobraziliense.com.br\/cbradar\/wp-content\/uploads\/2025\/12\/G-2025-12-09T235712.657-1024x576.png 1024w, https:\/\/www.correiobraziliense.com.br\/cbradar\/wp-content\/uploads\/2025\/12\/G-2025-12-09T235712.657-300x169.png 300w, https:\/\/www.correiobraziliense.com.br\/cbradar\/wp-content\/uploads\/2025\/12\/G-2025-12-09T235712.657-768x432.png 768w, https:\/\/www.correiobraziliense.com.br\/cbradar\/wp-content\/uploads\/2025\/12\/G-2025-12-09T235712.657-750x422.png 750w, https:\/\/www.correiobraziliense.com.br\/cbradar\/wp-content\/uploads\/2025\/12\/G-2025-12-09T235712.657-1140x641.png 1140w, https:\/\/www.correiobraziliense.com.br\/cbradar\/wp-content\/uploads\/2025\/12\/G-2025-12-09T235712.657.png 1280w\" sizes=\"(max-width: 1024px) 100vw, 1024px\" \/><figcaption class=\"wp-element-caption\"> Caminhe por Nova Friburgo entre vales verdes, picos elevados e ar puro, cen\u00e1rio perfeito para descansar, praticar trilhas e aproveitar o charme serrano em qualquer esta\u00e7\u00e3o. \/\/ Cr\u00e9ditos: Wikip\u00e9dia<\/figcaption><\/figure><\/div>\n\n\n<h2 class=\"wp-block-heading\">A mesa que mistura raclette e queijo da serra<\/h2>\n\n\n\n<p>A gastronomia friburguense re\u00fane pratos su\u00ed\u00e7os, alem\u00e3es e italianos em uma s\u00f3 rota. O distrito de Mury concentra os melhores restaurantes do munic\u00edpio.<\/p>\n\n\n\n<ul class=\"wp-block-list\">\n<li><strong>Fondue<\/strong>: prato s\u00edmbolo do inverno friburguense, com queijos derretidos servidos em panelas comunit\u00e1rias.<\/li>\n\n\n\n<li><strong>Raclette<\/strong>: queijo derretido raspado sobre batatas e embutidos, heran\u00e7a direta dos colonos.<\/li>\n\n\n\n<li><strong>Trutas<\/strong>: criadas em pesque-pagues de Lumiar e Mury, servidas grelhadas ou ao molho de alcaparras.<\/li>\n\n\n\n<li><strong>Cervejas artesanais<\/strong>: Lumiar abriga cervejarias que aproveitam a \u00e1gua da Serra do Mar.<\/li>\n\n\n\n<li><strong>Chocolates<\/strong>: a Queijaria Escola tamb\u00e9m produz chocolates ao leite no estilo europeu.<\/li>\n<\/ul>\n\n\n\n<p><strong>Leia tamb\u00e9m: <a href=\"https:\/\/www.correiobraziliense.com.br\/cbradar\/uma-cidade-gaucha-onde-flamingos-chilenos-pousam-apos-voar-8-mil-km-e-o-sol-nasce-no-oceano\/\" target=\"_blank\" rel=\"noreferrer noopener\">Uma cidade ga\u00facha onde flamingos chilenos pousam ap\u00f3s voar 8 mil km e o sol nasce no oceano.<\/a><\/strong><\/p>\n\n\n\n<h2 class=\"wp-block-heading\">Quando a serra fica mais charmosa?<\/h2>\n\n\n\n<p>O inverno \u00e9 a alta temporada. Junho e julho concentram festivais gastron\u00f4micos e noites de lareira em pousadas de Mury.<\/p>\n\n\n\n<style>\n  \/* --- CONTAINER BLINDADO (PADR\u00c3O REGISTRADO) --- *\/\n  .clima-grid-final {\n    font-family: -apple-system, BlinkMacSystemFont, \"Segoe UI\", Roboto, Arial, sans-serif !important;\n    width: 100% !important;\n    max-width: 1200px !important;\n    margin: 20px auto !important;\n    display: grid !important;\n    \/* FOR\u00c7A 4 COLUNAS NO DESKTOP *\/\n    grid-template-columns: repeat(4, 1fr) !important; \n    gap: 15px !important;\n    box-sizing: border-box !important;\n  }\n\n  .clima-grid-final * {\n    box-sizing: border-box !important;\n  }\n\n  \/* --- BLINDAGEM CONTRA ADS E PLUGINS INTRUSOS --- *\/\n  .clima-grid-final > :not(.card-clima) {\n    display: none !important;\n    width: 0 !important;\n    height: 0 !important;\n    opacity: 0 !important;\n  }\n\n  \/* --- CARD PRETO B\u00c1SICO (FUNDO BRANCO) --- *\/\n  .card-clima {\n    background: #ffffff !important;\n    border: 1px solid #e0e0e0 !important;\n    border-radius: 20px !important;\n    padding: 20px 10px !important;\n    text-align: center !important;\n    display: flex !important;\n    flex-direction: column !important;\n    align-items: center !important;\n    box-shadow: 0 4px 10px rgba(0, 0, 0, 0.05) !important;\n    min-width: 0 !important; \n    transition: transform 0.2s ease !important;\n    overflow: hidden !important;\n    height: 100% !important;\n  }\n\n  .card-clima:hover {\n    transform: translateY(-5px) !important;\n    border-color: #000000 !important;\n  }\n\n  \/* --- CONTE\u00daDO --- *\/\n  .estacao-nome { \n    font-size: 14px !important; \n    font-weight: 800 !important; \n    color: #000000 !important; \n    text-transform: uppercase !important; \n    margin: 0 0 5px 0 !important; \n  }\n  \n  .estacao-meses { \n    font-size: 10px !important; \n    font-weight: 700 !important; \n    color: #444444 !important; \n    text-transform: uppercase !important; \n    margin-bottom: 15px !important; \n    display: block !important;\n  }\n  \n  .temp-valor { \n    font-size: 24px !important; \n    font-weight: 800 !important; \n    color: #000000 !important; \n    line-height: 1.1 !important; \n    margin: 0 !important;\n  }\n  \n  .temp-label { \n    font-size: 9px !important; \n    font-weight: 600 !important; \n    color: #777777 !important; \n    text-transform: uppercase !important; \n    margin-bottom: 15px !important; \n    display: block !important;\n  }\n  \n  .clima-desc { \n    font-size: 12px !important; \n    line-height: 1.4 !important; \n    color: #333333 !important; \n    margin-bottom: 15px !important; \n    flex-grow: 1 !important; \n  }\n\n  .tag-status {\n    background-color: #f5f5f5 !important;\n    border: 1px solid #d0d0d0 !important;\n    color: #000000 !important;\n    padding: 5px 12px !important;\n    border-radius: 20px !important;\n    font-size: 9px !important;\n    font-weight: 800 !important;\n    text-transform: uppercase !important;\n    margin-top: auto !important;\n  }\n\n  \/* --- RESPONSIVIDADE --- *\/\n  @media (max-width: 800px) {\n    .clima-grid-final {\n      grid-template-columns: 1fr !important; \n    }\n    .card-clima {\n      padding: 25px 20px !important;\n    }\n  }\n<\/style>\n\n<div class=\"google-auto-ads-ignore clima-grid-final\">\n  \n  <div class=\"card-clima\">\n    <div class=\"estacao-nome\">\u2600\ufe0f Ver\u00e3o<\/div>\n    <span class=\"estacao-meses\">Dez &#8211; Fev<\/span>\n    <div class=\"temp-valor\">17-28\u00b0C<\/div>\n    <span class=\"temp-label\">M\u00e9dia<\/span>\n    <div class=\"clima-desc\">Com a chuva em alta, as <b>Cachoeiras de Lumiar<\/b> e S\u00e3o Pedro da Serra tornam-se o destino principal para banhos revigorantes.<\/div>\n    <div class=\"tag-status\">\ud83d\udca6 Cachoeiras<\/div>\n  <\/div>\n\n  <div class=\"card-clima\">\n    <div class=\"estacao-nome\">\ud83c\udf42 Outono<\/div>\n    <span class=\"estacao-meses\">Mar &#8211; Mai<\/span>\n    <div class=\"temp-valor\">14-25\u00b0C<\/div>\n    <span class=\"temp-label\">M\u00e9dia<\/span>\n    <div class=\"clima-desc\">A temperatura amena e a umidade m\u00e9dia s\u00e3o perfeitas para encarar as <b>trilhas no C\u00e3o Sentado<\/b>, o principal cart\u00e3o-postal da cidade.<\/div>\n    <div class=\"tag-status\">\ud83e\udd7e Ecoturismo<\/div>\n  <\/div>\n\n  <div class=\"card-clima\">\n    <div class=\"estacao-nome\">\ud83e\udde3 Inverno<\/div>\n    <span class=\"estacao-meses\">Jun &#8211; Ago<\/span>\n    <div class=\"temp-valor\">8-22\u00b0C<\/div>\n    <span class=\"temp-label\">M\u00e9dia<\/span>\n    <div class=\"clima-desc\">O frio serrano convida para noites de <b>fondue<\/b> e para aproveitar o calend\u00e1rio repleto de <b>festivais gastron\u00f4micos<\/b> locais.<\/div>\n    <div class=\"tag-status\">\ud83e\uddc0 Inverno<\/div>\n  <\/div>\n\n  <div class=\"card-clima\">\n    <div class=\"estacao-nome\">\ud83c\udf38 Primavera<\/div>\n    <span class=\"estacao-meses\">Set &#8211; Nov<\/span>\n    <div class=\"temp-valor\">12-25\u00b0C<\/div>\n    <span class=\"temp-label\">M\u00e9dia<\/span>\n    <div class=\"clima-desc\">Com o c\u00e9u mais limpo, \u00e9 o momento \u00e1ureo para subir o <b>Pico da Caled\u00f4nia<\/b> e contemplar a vista panor\u00e2mica dos <b>mirantes<\/b>.<\/div>\n    <div class=\"tag-status\">\u26f0\ufe0f Mirantes<\/div>\n  <\/div>\n\n<\/div>\n\n\n\n<p><em>Temperaturas aproximadas com base no <a href=\"https:\/\/www.climatempo.com.br\/previsao-do-tempo\/cidade\/314\/novafriburgo-rj\" target=\"_blank\" rel=\"noreferrer noopener\"><strong>Climatempo<\/strong><\/a>. Condi\u00e7\u00f5es podem variar.<\/em><\/p>\n\n\n<div class=\"wp-block-image\">\n<figure class=\"aligncenter size-large\"><img decoding=\"async\" width=\"1024\" height=\"576\" src=\"https:\/\/www.correiobraziliense.com.br\/cbradar\/wp-content\/uploads\/2025\/12\/Uma-peninsula-de-areia-com-uma-vila-esquecida-com-dunas-de-salinas-que-parecem-neve-46-1024x576.png\" alt=\"A &quot;Su\u00ed\u00e7a Brasileira&quot; encanta a 136 km do Rio de Janeiro com natureza, clima europeu e seguran\u00e7a refor\u00e7ada\" class=\"wp-image-159633\" srcset=\"https:\/\/www.correiobraziliense.com.br\/cbradar\/wp-content\/uploads\/2025\/12\/Uma-peninsula-de-areia-com-uma-vila-esquecida-com-dunas-de-salinas-que-parecem-neve-46-1024x576.png 1024w, https:\/\/www.correiobraziliense.com.br\/cbradar\/wp-content\/uploads\/2025\/12\/Uma-peninsula-de-areia-com-uma-vila-esquecida-com-dunas-de-salinas-que-parecem-neve-46-300x169.png 300w, https:\/\/www.correiobraziliense.com.br\/cbradar\/wp-content\/uploads\/2025\/12\/Uma-peninsula-de-areia-com-uma-vila-esquecida-com-dunas-de-salinas-que-parecem-neve-46-768x432.png 768w, https:\/\/www.correiobraziliense.com.br\/cbradar\/wp-content\/uploads\/2025\/12\/Uma-peninsula-de-areia-com-uma-vila-esquecida-com-dunas-de-salinas-que-parecem-neve-46-750x422.png 750w, https:\/\/www.correiobraziliense.com.br\/cbradar\/wp-content\/uploads\/2025\/12\/Uma-peninsula-de-areia-com-uma-vila-esquecida-com-dunas-de-salinas-que-parecem-neve-46-1140x641.png 1140w, https:\/\/www.correiobraziliense.com.br\/cbradar\/wp-content\/uploads\/2025\/12\/Uma-peninsula-de-areia-com-uma-vila-esquecida-com-dunas-de-salinas-que-parecem-neve-46.png 1280w\" sizes=\"(max-width: 1024px) 100vw, 1024px\" \/><figcaption class=\"wp-element-caption\">Nova Friburgo-RJ inspira com trilhas Mata Atl\u00e2ntica e telef\u00e9rico panor\u00e2mico, convidando aventuras elevadas e conex\u00e3o com a serra fluminense. \/\/ Cr\u00e9ditos: Wikimedia Commons<\/figcaption><\/figure><\/div>\n\n\n<h2 class=\"wp-block-heading\">Como chegar \u00e0 serra fluminense?<\/h2>\n\n\n\n<p>Nova Friburgo fica a 142 km do <strong>Rio de Janeiro<\/strong>, cerca de 2h30 de carro pela <strong>BR-116<\/strong> e <strong>RJ-116<\/strong>. \u00d4nibus partem diariamente da Rodovi\u00e1ria Novo Rio e o trajeto sobe a serra com paradas em Cachoeiras de Macacu e Mury.<\/p>\n\n\n\n<h2 class=\"wp-block-heading\">Suba a serra e descubra a heran\u00e7a su\u00ed\u00e7a do Brasil<\/h2>\n\n\n\n<p>Poucos lugares no pa\u00eds conseguem reunir 200 anos de hist\u00f3ria europeia, picos acima dos 2 mil metros e fondue ao p\u00e9 da lareira em uma s\u00f3 viagem. A combina\u00e7\u00e3o faz da cidade um ref\u00fagio raro a poucas horas do calor carioca.<\/p>\n\n\n\n<p>Voc\u00ea precisa subir a serra e conhecer Nova Friburgo, a cidade onde o Brasil ainda fala um pouco de su\u00ed\u00e7o entre as montanhas.<\/p>\n","protected":false},"excerpt":{"rendered":"<p>A 142 km da capital fluminense, Nova Friburgo nasceu em 1818 de um decreto in\u00e9dito de Dom Jo\u00e3o VI. A cidade foi a primeira col\u00f4nia europeia organizada do Brasil, com fam\u00edlias vindas do cant\u00e3o de Fribourg, na Su\u00ed\u00e7a. A erup\u00e7\u00e3o que mudou o destino de duas mil fam\u00edlias Em 1816, o vulc\u00e3o Tambora, na Indon\u00e9sia, [&hellip;]<\/p>\n","protected":false},"author":8,"featured_media":205988,"comment_status":"open","ping_status":"open","sticky":false,"template":"","format":"standard","meta":{"_yoast_wpseo_focuskw":"Brasil","_yoast_wpseo_title":"","_yoast_wpseo_metadesc":"Fundada por imigrantes su\u00ed\u00e7os, a \u00fanica do Brasil com essa origem preserva 200 anos de heran\u00e7a europeia na serra do Rio.","jnews-multi-image_gallery":[],"jnews_single_post":{"format":"standard"},"jnews_primary_category":[],"jnews_social_meta":[],"jnews_override_counter":[],"footnotes":""},"categories":[108,111],"post_tag":[13031,304],"class_list":["post-233260","post","type-post","status-publish","format-standard","has-post-thumbnail","hentry","category-cidades","category-turismo","tag-nova-friburgo","tag-rio-de-janeiro"],"yoast_head":"<!-- This site is optimized with the Yoast SEO plugin v24.6 - https:\/\/yoast.com\/wordpress\/plugins\/seo\/ -->\n<title>A \u00fanica cidade do Brasil fundada por imigrantes su\u00ed\u00e7os guarda 200 anos de heran\u00e7a europeia na serra do Rio - Correio Braziliense - Radar<\/title>\n<meta name=\"description\" content=\"Fundada por imigrantes su\u00ed\u00e7os, a \u00fanica do Brasil com essa origem preserva 200 anos de heran\u00e7a europeia na serra do Rio.\" \/>\n<meta name=\"robots\" content=\"index, follow, max-snippet:-1, max-image-preview:large, max-video-preview:-1\" \/>\n<link rel=\"canonical\" href=\"https:\/\/www.correiobraziliense.com.br\/cbradar\/a-unica-cidade-do-brasil-fundada-por-imigrantes-suicos-guarda-200-anos-de-heranca-europeia-na-serra-do-rio\/\" \/>\n<meta property=\"og:locale\" content=\"pt_BR\" \/>\n<meta property=\"og:type\" content=\"article\" \/>\n<meta property=\"og:title\" content=\"A \u00fanica cidade do Brasil fundada por imigrantes su\u00ed\u00e7os guarda 200 anos de heran\u00e7a europeia na serra do Rio - Correio Braziliense - Radar\" \/>\n<meta property=\"og:description\" content=\"Fundada por imigrantes su\u00ed\u00e7os, a \u00fanica do Brasil com essa origem preserva 200 anos de heran\u00e7a europeia na serra do Rio.\" \/>\n<meta property=\"og:url\" content=\"https:\/\/www.correiobraziliense.com.br\/cbradar\/a-unica-cidade-do-brasil-fundada-por-imigrantes-suicos-guarda-200-anos-de-heranca-europeia-na-serra-do-rio\/\" \/>\n<meta property=\"og:site_name\" content=\"Correio Braziliense - Radar\" \/>\n<meta property=\"article:published_time\" content=\"2026-04-28T15:45:00+00:00\" \/>\n<meta property=\"og:image\" content=\"https:\/\/www.correiobraziliense.com.br\/cbradar\/wp-content\/uploads\/2026\/03\/aaa-2026-03-09T225720.754.png\" \/>\n\t<meta property=\"og:image:width\" content=\"1280\" \/>\n\t<meta property=\"og:image:height\" content=\"720\" \/>\n\t<meta property=\"og:image:type\" content=\"image\/png\" \/>\n<meta name=\"author\" content=\"Maura Pereira\" \/>\n<meta name=\"twitter:card\" content=\"summary_large_image\" \/>\n<meta name=\"twitter:label1\" content=\"Escrito por\" \/>\n\t<meta name=\"twitter:data1\" content=\"Maura Pereira\" \/>\n\t<meta name=\"twitter:label2\" content=\"Est. tempo de leitura\" \/>\n\t<meta name=\"twitter:data2\" content=\"6 minutos\" \/>\n<!-- \/ Yoast SEO plugin. -->","yoast_head_json":{"title":"A \u00fanica cidade do Brasil fundada por imigrantes su\u00ed\u00e7os guarda 200 anos de heran\u00e7a europeia na serra do Rio - Correio Braziliense - Radar","description":"Fundada por imigrantes su\u00ed\u00e7os, a \u00fanica do Brasil com essa origem preserva 200 anos de heran\u00e7a europeia na serra do Rio.","robots":{"index":"index","follow":"follow","max-snippet":"max-snippet:-1","max-image-preview":"max-image-preview:large","max-video-preview":"max-video-preview:-1"},"canonical":"https:\/\/www.correiobraziliense.com.br\/cbradar\/a-unica-cidade-do-brasil-fundada-por-imigrantes-suicos-guarda-200-anos-de-heranca-europeia-na-serra-do-rio\/","og_locale":"pt_BR","og_type":"article","og_title":"A \u00fanica cidade do Brasil fundada por imigrantes su\u00ed\u00e7os guarda 200 anos de heran\u00e7a europeia na serra do Rio - Correio Braziliense - Radar","og_description":"Fundada por imigrantes su\u00ed\u00e7os, a \u00fanica do Brasil com essa origem preserva 200 anos de heran\u00e7a europeia na serra do Rio.","og_url":"https:\/\/www.correiobraziliense.com.br\/cbradar\/a-unica-cidade-do-brasil-fundada-por-imigrantes-suicos-guarda-200-anos-de-heranca-europeia-na-serra-do-rio\/","og_site_name":"Correio Braziliense - Radar","article_published_time":"2026-04-28T15:45:00+00:00","og_image":[{"width":1280,"height":720,"url":"https:\/\/www.correiobraziliense.com.br\/cbradar\/wp-content\/uploads\/2026\/03\/aaa-2026-03-09T225720.754.png","type":"image\/png"}],"author":"Maura Pereira","twitter_card":"summary_large_image","twitter_misc":{"Escrito por":"Maura Pereira","Est. tempo de leitura":"6 minutos"},"schema":{"@context":"https:\/\/schema.org","@graph":[{"@type":"WebPage","@id":"https:\/\/www.correiobraziliense.com.br\/cbradar\/a-unica-cidade-do-brasil-fundada-por-imigrantes-suicos-guarda-200-anos-de-heranca-europeia-na-serra-do-rio\/","url":"https:\/\/www.correiobraziliense.com.br\/cbradar\/a-unica-cidade-do-brasil-fundada-por-imigrantes-suicos-guarda-200-anos-de-heranca-europeia-na-serra-do-rio\/","name":"A \u00fanica cidade do Brasil fundada por imigrantes su\u00ed\u00e7os guarda 200 anos de heran\u00e7a europeia na serra do Rio - Correio Braziliense - Radar","isPartOf":{"@id":"https:\/\/www.correiobraziliense.com.br\/cbradar\/#website"},"primaryImageOfPage":{"@id":"https:\/\/www.correiobraziliense.com.br\/cbradar\/a-unica-cidade-do-brasil-fundada-por-imigrantes-suicos-guarda-200-anos-de-heranca-europeia-na-serra-do-rio\/#primaryimage"},"image":{"@id":"https:\/\/www.correiobraziliense.com.br\/cbradar\/a-unica-cidade-do-brasil-fundada-por-imigrantes-suicos-guarda-200-anos-de-heranca-europeia-na-serra-do-rio\/#primaryimage"},"thumbnailUrl":"https:\/\/www.correiobraziliense.com.br\/cbradar\/wp-content\/uploads\/2026\/03\/aaa-2026-03-09T225720.754.png","datePublished":"2026-04-28T15:45:00+00:00","author":{"@id":"https:\/\/www.correiobraziliense.com.br\/cbradar\/#\/schema\/person\/4053c651a9bfc785afc6f4cbc9032fd3"},"description":"Fundada por imigrantes su\u00ed\u00e7os, a \u00fanica do Brasil com essa origem preserva 200 anos de heran\u00e7a europeia na serra do Rio.","breadcrumb":{"@id":"https:\/\/www.correiobraziliense.com.br\/cbradar\/a-unica-cidade-do-brasil-fundada-por-imigrantes-suicos-guarda-200-anos-de-heranca-europeia-na-serra-do-rio\/#breadcrumb"},"inLanguage":"pt-BR","potentialAction":[{"@type":"ReadAction","target":["https:\/\/www.correiobraziliense.com.br\/cbradar\/a-unica-cidade-do-brasil-fundada-por-imigrantes-suicos-guarda-200-anos-de-heranca-europeia-na-serra-do-rio\/"]}]},{"@type":"ImageObject","inLanguage":"pt-BR","@id":"https:\/\/www.correiobraziliense.com.br\/cbradar\/a-unica-cidade-do-brasil-fundada-por-imigrantes-suicos-guarda-200-anos-de-heranca-europeia-na-serra-do-rio\/#primaryimage","url":"https:\/\/www.correiobraziliense.com.br\/cbradar\/wp-content\/uploads\/2026\/03\/aaa-2026-03-09T225720.754.png","contentUrl":"https:\/\/www.correiobraziliense.com.br\/cbradar\/wp-content\/uploads\/2026\/03\/aaa-2026-03-09T225720.754.png","width":1280,"height":720,"caption":"Nova Friburgo carrega duzentos anos de hist\u00f3ria constru\u00edda por dez povos diferentes. \/ Imagem ilustrativa"},{"@type":"BreadcrumbList","@id":"https:\/\/www.correiobraziliense.com.br\/cbradar\/a-unica-cidade-do-brasil-fundada-por-imigrantes-suicos-guarda-200-anos-de-heranca-europeia-na-serra-do-rio\/#breadcrumb","itemListElement":[{"@type":"ListItem","position":1,"name":"In\u00edcio","item":"https:\/\/www.correiobraziliense.com.br\/cbradar\/"},{"@type":"ListItem","position":2,"name":"A \u00fanica cidade do Brasil fundada por imigrantes su\u00ed\u00e7os guarda 200 anos de heran\u00e7a europeia na serra do Rio"}]},{"@type":"WebSite","@id":"https:\/\/www.correiobraziliense.com.br\/cbradar\/#website","url":"https:\/\/www.correiobraziliense.com.br\/cbradar\/","name":"Correio Braziliense - Radar","description":"Acompanhe as \u00faltimas not\u00edcias e fique bem informado sobre tudo o que acontece no Brasil e no mundo.","potentialAction":[{"@type":"SearchAction","target":{"@type":"EntryPoint","urlTemplate":"https:\/\/www.correiobraziliense.com.br\/cbradar\/?s={search_term_string}"},"query-input":{"@type":"PropertyValueSpecification","valueRequired":true,"valueName":"search_term_string"}}],"inLanguage":"pt-BR"},{"@type":"Person","@id":"https:\/\/www.correiobraziliense.com.br\/cbradar\/#\/schema\/person\/4053c651a9bfc785afc6f4cbc9032fd3","name":"Maura Pereira","image":{"@type":"ImageObject","inLanguage":"pt-BR","@id":"https:\/\/www.correiobraziliense.com.br\/cbradar\/#\/schema\/person\/image\/","url":"https:\/\/secure.gravatar.com\/avatar\/3effd6bdadfa447f15089c7f7144eaa6?s=96&d=mm&r=g","contentUrl":"https:\/\/secure.gravatar.com\/avatar\/3effd6bdadfa447f15089c7f7144eaa6?s=96&d=mm&r=g","caption":"Maura Pereira"},"sameAs":["https:\/\/www.correiobraziliense.com.br\/"],"url":"https:\/\/www.correiobraziliense.com.br\/cbradar\/author\/mauramyth\/"}]}},"_links":{"self":[{"href":"https:\/\/www.correiobraziliense.com.br\/cbradar\/wp-json\/wp\/v2\/posts\/233260","targetHints":{"allow":["GET"]}}],"collection":[{"href":"https:\/\/www.correiobraziliense.com.br\/cbradar\/wp-json\/wp\/v2\/posts"}],"about":[{"href":"https:\/\/www.correiobraziliense.com.br\/cbradar\/wp-json\/wp\/v2\/types\/post"}],"author":[{"embeddable":true,"href":"https:\/\/www.correiobraziliense.com.br\/cbradar\/wp-json\/wp\/v2\/users\/8"}],"replies":[{"embeddable":true,"href":"https:\/\/www.correiobraziliense.com.br\/cbradar\/wp-json\/wp\/v2\/comments?post=233260"}],"version-history":[{"count":8,"href":"https:\/\/www.correiobraziliense.com.br\/cbradar\/wp-json\/wp\/v2\/posts\/233260\/revisions"}],"predecessor-version":[{"id":233520,"href":"https:\/\/www.correiobraziliense.com.br\/cbradar\/wp-json\/wp\/v2\/posts\/233260\/revisions\/233520"}],"wp:featuredmedia":[{"embeddable":true,"href":"https:\/\/www.correiobraziliense.com.br\/cbradar\/wp-json\/wp\/v2\/media\/205988"}],"wp:attachment":[{"href":"https:\/\/www.correiobraziliense.com.br\/cbradar\/wp-json\/wp\/v2\/media?parent=233260"}],"wp:term":[{"taxonomy":"category","embeddable":true,"href":"https:\/\/www.correiobraziliense.com.br\/cbradar\/wp-json\/wp\/v2\/categories?post=233260"},{"taxonomy":"post_tag","embeddable":true,"href":"https:\/\/www.correiobraziliense.com.br\/cbradar\/wp-json\/wp\/v2\/post_tag?post=233260"}],"curies":[{"name":"wp","href":"https:\/\/api.w.org\/{rel}","templated":true}]}}