{"id":233261,"date":"2026-04-28T10:25:00","date_gmt":"2026-04-28T13:25:00","guid":{"rendered":"https:\/\/www.correiobraziliense.com.br\/cbradar\/?p=233261"},"modified":"2026-04-28T09:34:58","modified_gmt":"2026-04-28T12:34:58","slug":"erguida-sobre-quartzo-a-1-440-metros-essa-cidade-chama-atencao-por-suas-lendas-e-historias-sobre-um-portal-energetico","status":"publish","type":"post","link":"https:\/\/www.correiobraziliense.com.br\/cbradar\/erguida-sobre-quartzo-a-1-440-metros-essa-cidade-chama-atencao-por-suas-lendas-e-historias-sobre-um-portal-energetico\/","title":{"rendered":"Erguida sobre quartzo a 1.440 metros, essa cidade chama aten\u00e7\u00e3o por suas lendas e hist\u00f3rias sobre um \u201cportal energ\u00e9tico\u201d"},"content":{"rendered":"\n<p>No alto da <strong>Serra da Mantiqueira<\/strong>, no sul de <strong>Minas Gerais<\/strong>, <strong>S\u00e3o Thom\u00e9 das Letras<\/strong> brota inteira em pedra. As ruas, as casas e os muros s\u00e3o feitos do mesmo quartzito branco que forma a montanha sob a cidade. Moradores e visitantes especulam sobre lendas, portais espirituais e alien\u00edgenas.<\/p>\n\n\n\n<h2 class=\"wp-block-heading\">A lenda do escravo fugitivo que batizou a cidade<\/h2>\n\n\n\n<p><strong>O nome curioso vem de uma hist\u00f3ria do final do s\u00e9culo XVIII.<\/strong> Segundo a tradi\u00e7\u00e3o oral, o escravizado Jo\u00e3o Ant\u00e3o fugiu da fazenda do capit\u00e3o Jo\u00e3o Francisco Junqueira e se refugiou em uma gruta no topo da serra.<\/p>\n\n\n\n<p>Ao ser encontrado, ele entregou ao senhor uma carta atribu\u00edda a uma apari\u00e7\u00e3o de <strong>S\u00e3o Tom\u00e9<\/strong>. Como o homem era analfabeto, a hist\u00f3ria foi tida como milagre, e ele recebeu a alforria. O capit\u00e3o mandou construir uma igreja ao lado da gruta, e o povoado nasceu ali, segundo o portal <a href=\"https:\/\/www.minasgerais.com.br\/pt\/destinos\/sao-thome-das-letras\" target=\"_blank\" rel=\"noreferrer noopener\"><strong>Minas Gerais Turismo<\/strong><\/a>.<\/p>\n\n\n<div class=\"wp-block-image\">\n<figure class=\"aligncenter size-large\"><img decoding=\"async\" width=\"1024\" height=\"576\" src=\"https:\/\/www.correiobraziliense.com.br\/cbradar\/wp-content\/uploads\/2025\/12\/Design-sem-nome-2025-12-19T054757.763-1024x576.png\" alt=\"Uma cidade brasileira m\u00edstica fundada em 1963 acima de uma mina de quartzos valiosos est\u00e1 atraindo visitantes por ser um portal en\u00e9rgico natural\" class=\"wp-image-158936\" srcset=\"https:\/\/www.correiobraziliense.com.br\/cbradar\/wp-content\/uploads\/2025\/12\/Design-sem-nome-2025-12-19T054757.763-1024x576.png 1024w, https:\/\/www.correiobraziliense.com.br\/cbradar\/wp-content\/uploads\/2025\/12\/Design-sem-nome-2025-12-19T054757.763-300x169.png 300w, https:\/\/www.correiobraziliense.com.br\/cbradar\/wp-content\/uploads\/2025\/12\/Design-sem-nome-2025-12-19T054757.763-768x432.png 768w, https:\/\/www.correiobraziliense.com.br\/cbradar\/wp-content\/uploads\/2025\/12\/Design-sem-nome-2025-12-19T054757.763-750x422.png 750w, https:\/\/www.correiobraziliense.com.br\/cbradar\/wp-content\/uploads\/2025\/12\/Design-sem-nome-2025-12-19T054757.763-1140x641.png 1140w, https:\/\/www.correiobraziliense.com.br\/cbradar\/wp-content\/uploads\/2025\/12\/Design-sem-nome-2025-12-19T054757.763.png 1280w\" sizes=\"(max-width: 1024px) 100vw, 1024px\" \/><figcaption class=\"wp-element-caption\">Curta trilhas leves e cristais vibrantes em S\u00e3o Thom\u00e9 das Letras-MG, ref\u00fagio gostoso de vibes espirituais e brisa serrana acolhedora. Cr\u00e9ditos: Wikip\u00e9dia<\/figcaption><\/figure><\/div>\n\n\n<h2 class=\"wp-block-heading\">Por que tantos m\u00edsticos escolhem essa cidade?<\/h2>\n\n\n\n<p><strong>A fama m\u00edstica nasce da geografia singular. <\/strong>A cidade se ergue sobre um imenso dep\u00f3sito de quartzito, mineral associado por algumas correntes esot\u00e9ricas \u00e0 amplifica\u00e7\u00e3o de energia.<\/p>\n\n\n\n<p>Praticantes de medita\u00e7\u00e3o, uf\u00f3logos e curiosos chegam o ano inteiro em busca de luzes no c\u00e9u, portais subterr\u00e2neos e experi\u00eancias espirituais. A Secretaria de Cultura e Turismo de <strong>Minas Gerais<\/strong> reposicionou o destino com o conceito Onde voc\u00ea \u00e9 o mist\u00e9rio.<\/p>\n\n\n\n<p>O v\u00eddeo do canal &#8220;Casal Alencar&#8221; apresenta um guia completo de tr\u00eas dias para <strong>S\u00e3o Thom\u00e9 das Letras<\/strong>, em Minas Gerais, conhecida como a cidade mais m\u00edstica do Brasil.<\/p>\n\n\n\n<figure class=\"wp-block-embed aligncenter is-type-video is-provider-youtube wp-block-embed-youtube wp-embed-aspect-16-9 wp-has-aspect-ratio\"><div class=\"wp-block-embed__wrapper\">\n<div class=\"jeg_video_container jeg_video_content\"><iframe loading=\"lazy\" title=\"S\u00c3O THOM\u00c9 DAS LETRAS - ROTEIRO COMPLETO DE 3 DIAS na cidade mais M\u00cdSTICA DO BRASIL\" width=\"500\" height=\"281\" src=\"https:\/\/www.youtube.com\/embed\/SFldOJsLKQQ?feature=oembed\" frameborder=\"0\" allow=\"accelerometer; autoplay; clipboard-write; encrypted-media; gyroscope; picture-in-picture; web-share\" referrerpolicy=\"strict-origin-when-cross-origin\" allowfullscreen><\/iframe><\/div>\n<\/div><\/figure>\n\n\n\n<h2 class=\"wp-block-heading\">Quais s\u00e3o as atra\u00e7\u00f5es imperd\u00edveis na cidade de pedra?<\/h2>\n\n\n\n<p>O munic\u00edpio re\u00fane mais de 30 cachoeiras, sete grutas e mirantes em um dos pontos mais altos do estado. Os principais atrativos ficam a pequenas dist\u00e2ncias do centro.<\/p>\n\n\n\n<ul class=\"wp-block-list\">\n<li><strong>Casa da Pir\u00e2mide<\/strong>: constru\u00e7\u00e3o em formato piramidal voltada para as constela\u00e7\u00f5es, no Parque Municipal Ant\u00f4nio Rosa, com p\u00f4r do sol famoso.<\/li>\n\n\n\n<li><strong>Gruta de S\u00e3o Thom\u00e9<\/strong>: a caverna onde a lenda come\u00e7ou, ao lado da Igreja Matriz, no centro da cidade.<\/li>\n\n\n\n<li><a href=\"https:\/\/www.minasgerais.com.br\/pt\/atracoes\/sao-thome-das-letras\/cachoeira-veu-de-noiva-0\" target=\"_blank\" rel=\"noreferrer noopener\"><strong>Cachoeira V\u00e9u da Noiva<\/strong><\/a>: 25 metros de queda e a mais imponente da regi\u00e3o, a 9 km do centro.<\/li>\n\n\n\n<li><strong>Cachoeira da Eubiose<\/strong>: 20 metros de queda e po\u00e7o cristalino, a apenas 3 km do centro.<\/li>\n\n\n\n<li><strong>Pedra da Bruxa<\/strong>: forma\u00e7\u00e3o rochosa que lembra o perfil de uma bruxa, pr\u00f3xima \u00e0 Pir\u00e2mide.<\/li>\n\n\n\n<li><strong>Ladeira do Amendoim<\/strong>: ladeira onde carros aparentam subir sozinhos, uma das ilus\u00f5es mais visitadas do <strong>Brasil<\/strong>.<\/li>\n<\/ul>\n\n\n<div class=\"wp-block-image\">\n<figure class=\"aligncenter size-large\"><img decoding=\"async\" width=\"1024\" height=\"576\" src=\"https:\/\/www.correiobraziliense.com.br\/cbradar\/wp-content\/uploads\/2025\/12\/Design-sem-nome-99-1-1024x576.png\" alt=\"Cidade m\u00edstica em Minas Gerais com lendas de portais, OVNIs e gruta que \u201cligaria\u201d ao Peru chama aten\u00e7\u00e3o de turistas\" class=\"wp-image-158859\" srcset=\"https:\/\/www.correiobraziliense.com.br\/cbradar\/wp-content\/uploads\/2025\/12\/Design-sem-nome-99-1-1024x576.png 1024w, https:\/\/www.correiobraziliense.com.br\/cbradar\/wp-content\/uploads\/2025\/12\/Design-sem-nome-99-1-300x169.png 300w, https:\/\/www.correiobraziliense.com.br\/cbradar\/wp-content\/uploads\/2025\/12\/Design-sem-nome-99-1-768x432.png 768w, https:\/\/www.correiobraziliense.com.br\/cbradar\/wp-content\/uploads\/2025\/12\/Design-sem-nome-99-1-750x422.png 750w, https:\/\/www.correiobraziliense.com.br\/cbradar\/wp-content\/uploads\/2025\/12\/Design-sem-nome-99-1-1140x641.png 1140w, https:\/\/www.correiobraziliense.com.br\/cbradar\/wp-content\/uploads\/2025\/12\/Design-sem-nome-99-1.png 1280w\" sizes=\"(max-width: 1024px) 100vw, 1024px\" \/><figcaption class=\"wp-element-caption\">S\u00e3o Thom\u00e9 das Letras-MG revela Cachoeira V\u00e9u de Noiva, Gruta do Carimbado e trilhas m\u00edsticas na Serra da Mantiqueira preservada. \/\/ Cr\u00e9ditos: Wikip\u00e9dia<\/figcaption><\/figure><\/div>\n\n\n<h2 class=\"wp-block-heading\">O que comer na cidade m\u00edstica?<\/h2>\n\n\n\n<p>A gastronomia mistura ra\u00edzes mineiras com toques alternativos trazidos pela comunidade hippie que se fixou na cidade nas \u00faltimas d\u00e9cadas.<\/p>\n\n\n\n<ul class=\"wp-block-list\">\n<li><strong>Picanha na pedra<\/strong>: servida em laje de quartzito aquecido, especialidade dos restaurantes do centro.<\/li>\n\n\n\n<li><strong>Comida mineira<\/strong>: feij\u00e3o tropeiro, frango com quiabo e tutu de feij\u00e3o dominam os buf\u00eas locais.<\/li>\n\n\n\n<li><strong>Chapati<\/strong>: p\u00e3o indiano herdado da cultura alternativa, vendido em barracas e bares.<\/li>\n\n\n\n<li><strong>Pizza artesanal<\/strong>: v\u00e1rios fornos a lenha funcionam \u00e0 noite na Pra\u00e7a Nossa Senhora do Ros\u00e1rio.<\/li>\n<\/ul>\n\n\n\n<h2 class=\"wp-block-heading\">Quando o clima favorece cada tipo de passeio?<\/h2>\n\n\n\n<p><strong>A altitude garante noites frias o ano inteiro, mesmo no ver\u00e3o.<\/strong> O per\u00edodo seco, entre abril e setembro, \u00e9 o mais procurado por trilheiros e curiosos das estrelas.<\/p>\n\n\n\n<style>\n  \/* --- CONTAINER BLINDADO (PADR\u00c3O REGISTRADO) --- *\/\n  .clima-grid-final {\n    font-family: -apple-system, BlinkMacSystemFont, \"Segoe UI\", Roboto, Arial, sans-serif !important;\n    width: 100% !important;\n    max-width: 1200px !important;\n    margin: 20px auto !important;\n    display: grid !important;\n    \/* FOR\u00c7A 4 COLUNAS NO DESKTOP *\/\n    grid-template-columns: repeat(4, 1fr) !important; \n    gap: 15px !important;\n    box-sizing: border-box !important;\n  }\n\n  .clima-grid-final * {\n    box-sizing: border-box !important;\n  }\n\n  \/* --- BLINDAGEM CONTRA ADS E PLUGINS INTRUSOS --- *\/\n  .clima-grid-final > :not(.card-clima) {\n    display: none !important;\n    width: 0 !important;\n    height: 0 !important;\n    opacity: 0 !important;\n  }\n\n  \/* --- CARD PRETO B\u00c1SICO (FUNDO BRANCO) --- *\/\n  .card-clima {\n    background: #ffffff !important;\n    border: 1px solid #e0e0e0 !important;\n    border-radius: 20px !important;\n    padding: 20px 10px !important;\n    text-align: center !important;\n    display: flex !important;\n    flex-direction: column !important;\n    align-items: center !important;\n    box-shadow: 0 4px 10px rgba(0, 0, 0, 0.05) !important;\n    min-width: 0 !important; \n    transition: transform 0.2s ease !important;\n    overflow: hidden !important;\n    height: 100% !important;\n  }\n\n  .card-clima:hover {\n    transform: translateY(-5px) !important;\n    border-color: #000000 !important;\n  }\n\n  \/* --- CONTE\u00daDO --- *\/\n  .estacao-nome { \n    font-size: 14px !important; \n    font-weight: 800 !important; \n    color: #000000 !important; \n    text-transform: uppercase !important; \n    margin: 0 0 5px 0 !important; \n  }\n  \n  .estacao-meses { \n    font-size: 10px !important; \n    font-weight: 700 !important; \n    color: #444444 !important; \n    text-transform: uppercase !important; \n    margin-bottom: 15px !important; \n    display: block !important;\n  }\n  \n  .temp-valor { \n    font-size: 24px !important; \n    font-weight: 800 !important; \n    color: #000000 !important; \n    line-height: 1.1 !important; \n    margin: 0 !important;\n  }\n  \n  .temp-label { \n    font-size: 9px !important; \n    font-weight: 600 !important; \n    color: #777777 !important; \n    text-transform: uppercase !important; \n    margin-bottom: 15px !important; \n    display: block !important;\n  }\n  \n  .clima-desc { \n    font-size: 12px !important; \n    line-height: 1.4 !important; \n    color: #333333 !important; \n    margin-bottom: 15px !important; \n    flex-grow: 1 !important; \n  }\n\n  .tag-status {\n    background-color: #f5f5f5 !important;\n    border: 1px solid #d0d0d0 !important;\n    color: #000000 !important;\n    padding: 5px 12px !important;\n    border-radius: 20px !important;\n    font-size: 9px !important;\n    font-weight: 800 !important;\n    text-transform: uppercase !important;\n    margin-top: auto !important;\n  }\n\n  \/* --- RESPONSIVIDADE --- *\/\n  @media (max-width: 800px) {\n    .clima-grid-final {\n      grid-template-columns: 1fr !important; \n    }\n    .card-clima {\n      padding: 25px 20px !important;\n    }\n  }\n<\/style>\n\n<div class=\"google-auto-ads-ignore clima-grid-final\">\n  \n  <div class=\"card-clima\">\n    <div class=\"estacao-nome\">\u2600\ufe0f Ver\u00e3o<\/div>\n    <span class=\"estacao-meses\">Dez &#8211; Fev<\/span>\n    <div class=\"temp-valor\">17-27\u00b0C<\/div>\n    <span class=\"temp-label\">M\u00e9dia<\/span>\n    <div class=\"clima-desc\">Com o \u00edndice pluviom\u00e9trico elevado, a esta\u00e7\u00e3o \u00e9 perfeita para contemplar as <b>cachoeiras com volume cheio<\/b> e renovar as energias.<\/div>\n    <div class=\"tag-status\">\ud83d\udca6 Quedas D&#8217;\u00e1gua<\/div>\n  <\/div>\n\n  <div class=\"card-clima\">\n    <div class=\"estacao-nome\">\ud83c\udf42 Outono<\/div>\n    <span class=\"estacao-meses\">Mar &#8211; Mai<\/span>\n    <div class=\"temp-valor\">13-25\u00b0C<\/div>\n    <span class=\"temp-label\">M\u00e9dia<\/span>\n    <div class=\"clima-desc\">O clima ameno e a visibilidade est\u00e1vel tornam o per\u00edodo ideal para percorrer <b>trilhas<\/b> e acessar os principais <b>mirantes<\/b> da regi\u00e3o.<\/div>\n    <div class=\"tag-status\">\ud83e\udd7e Trekking<\/div>\n  <\/div>\n\n  <div class=\"card-clima\">\n    <div class=\"estacao-nome\">\ud83e\udde3 Inverno<\/div>\n    <span class=\"estacao-meses\">Jun &#8211; Ago<\/span>\n    <div class=\"temp-valor\">7-22\u00b0C<\/div>\n    <span class=\"temp-label\">M\u00e9dia<\/span>\n    <div class=\"clima-desc\">Na esta\u00e7\u00e3o mais seca, o c\u00e9u limpo favorece a <b>observa\u00e7\u00e3o de estrelas<\/b> e as temperaturas baixas convidam a explorar as <b>grutas<\/b>.<\/div>\n    <div class=\"tag-status\">\ud83c\udf0c Astronomia<\/div>\n  <\/div>\n\n  <div class=\"card-clima\">\n    <div class=\"estacao-nome\">\ud83c\udf38 Primavera<\/div>\n    <span class=\"estacao-meses\">Set &#8211; Nov<\/span>\n    <div class=\"temp-valor\">12-26\u00b0C<\/div>\n    <span class=\"temp-label\">M\u00e9dia<\/span>\n    <div class=\"clima-desc\">O desabrochar da natureza traz cores vibrantes, sendo o momento \u00e1ureo para registrar o m\u00edstico <b>p\u00f4r do sol na Pir\u00e2mide<\/b>.<\/div>\n    <div class=\"tag-status\">\ud83c\udf05 Misticismo<\/div>\n  <\/div>\n\n<\/div>\n\n\n\n<p><em>Temperaturas aproximadas com base no <a href=\"https:\/\/www.climatempo.com.br\/previsao-do-tempo\/cidade\/4064\/saothomedasletras-mg\" target=\"_blank\" rel=\"noreferrer noopener\"><strong>Climatempo<\/strong><\/a>. Condi\u00e7\u00f5es podem variar.<\/em><\/p>\n\n\n<div class=\"wp-block-image\">\n<figure class=\"aligncenter size-large\"><img decoding=\"async\" width=\"1024\" height=\"576\" src=\"https:\/\/www.correiobraziliense.com.br\/cbradar\/wp-content\/uploads\/2025\/12\/Design-sem-nome-2025-12-19T054735.673-1024x576.png\" alt=\"\" class=\"wp-image-158935\" srcset=\"https:\/\/www.correiobraziliense.com.br\/cbradar\/wp-content\/uploads\/2025\/12\/Design-sem-nome-2025-12-19T054735.673-1024x576.png 1024w, https:\/\/www.correiobraziliense.com.br\/cbradar\/wp-content\/uploads\/2025\/12\/Design-sem-nome-2025-12-19T054735.673-300x169.png 300w, https:\/\/www.correiobraziliense.com.br\/cbradar\/wp-content\/uploads\/2025\/12\/Design-sem-nome-2025-12-19T054735.673-768x432.png 768w, https:\/\/www.correiobraziliense.com.br\/cbradar\/wp-content\/uploads\/2025\/12\/Design-sem-nome-2025-12-19T054735.673-750x422.png 750w, https:\/\/www.correiobraziliense.com.br\/cbradar\/wp-content\/uploads\/2025\/12\/Design-sem-nome-2025-12-19T054735.673-1140x641.png 1140w, https:\/\/www.correiobraziliense.com.br\/cbradar\/wp-content\/uploads\/2025\/12\/Design-sem-nome-2025-12-19T054735.673.png 1280w\" sizes=\"(max-width: 1024px) 100vw, 1024px\" \/><figcaption class=\"wp-element-caption\">S\u00e3o Thom\u00e9 das Letras-MG revela V\u00e9u de Noiva, Portal da Pir\u00e2mide e grutas esot\u00e9ricas na vila m\u00edstica da Serra da Mantiqueira preservada. \/\/ Cr\u00e9ditos: Wikip\u00e9dia<\/figcaption><\/figure><\/div>\n\n\n<p><strong>Leia tamb\u00e9m: <a href=\"https:\/\/www.correiobraziliense.com.br\/cbradar\/uma-cidade-gaucha-onde-flamingos-chilenos-pousam-apos-voar-8-mil-km-e-o-sol-nasce-no-oceano\/\" target=\"_blank\" rel=\"noreferrer noopener\">Uma cidade ga\u00facha onde flamingos chilenos pousam ap\u00f3s voar 8 mil km e o sol nasce no oceano.<\/a><\/strong><\/p>\n\n\n\n<h2 class=\"wp-block-heading\">Como chegar \u00e0 cidade de pedra?<\/h2>\n\n\n\n<p>S\u00e3o Thom\u00e9 das Letras fica a 44 km de <strong>Tr\u00eas Cora\u00e7\u00f5es<\/strong> e a 346 km de <strong>Belo Horizonte<\/strong>. Quem sai de <strong>S\u00e3o Paulo<\/strong> segue pela <strong>BR-381<\/strong> at\u00e9 Tr\u00eas Cora\u00e7\u00f5es e enfrenta um trecho final de estrada de terra que sobe a serra. A cidade pertence ao circuito da <strong>Estrada Real<\/strong>.<\/p>\n\n\n\n<h2 class=\"wp-block-heading\">Suba a serra e sinta o mist\u00e9rio da cidade de pedra<\/h2>\n\n\n\n<p>Poucos lugares no <strong>Brasil<\/strong> conseguem reunir geologia rara, lendas centen\u00e1rias e c\u00e9u estrelado em um \u00fanico endere\u00e7o a mais de 1.400 metros de altitude. A combina\u00e7\u00e3o faz da cidade mineira um destino diferente de tudo que se conhece no pa\u00eds.<\/p>\n\n\n\n<p>Voc\u00ea precisa subir a serra e conhecer S\u00e3o Thom\u00e9 das Letras, a cidade onde a pedra, o c\u00e9u e o mist\u00e9rio se encontram em cada esquina.<\/p>\n","protected":false},"excerpt":{"rendered":"<p>No alto da Serra da Mantiqueira, no sul de Minas Gerais, S\u00e3o Thom\u00e9 das Letras brota inteira em pedra. As ruas, as casas e os muros s\u00e3o feitos do mesmo quartzito branco que forma a montanha sob a cidade. Moradores e visitantes especulam sobre lendas, portais espirituais e alien\u00edgenas. A lenda do escravo fugitivo que [&hellip;]<\/p>\n","protected":false},"author":8,"featured_media":158865,"comment_status":"open","ping_status":"open","sticky":false,"template":"","format":"standard","meta":{"_yoast_wpseo_focuskw":"cidade","_yoast_wpseo_title":"","_yoast_wpseo_metadesc":"Uma cidade constru\u00edda sobre quartzo a 1.440 metros est\u00e1 cercada por lendas e intriga com a ideia de um \u201cportal energ\u00e9tico\u201d.","jnews-multi-image_gallery":[],"jnews_single_post":{"format":"standard"},"jnews_primary_category":[],"jnews_social_meta":[],"jnews_override_counter":[],"footnotes":""},"categories":[108,111],"post_tag":[388,12985],"class_list":["post-233261","post","type-post","status-publish","format-standard","has-post-thumbnail","hentry","category-cidades","category-turismo","tag-minas-gerais","tag-sao-thome-das-letras"],"yoast_head":"<!-- This site is optimized with the Yoast SEO plugin v24.6 - https:\/\/yoast.com\/wordpress\/plugins\/seo\/ -->\n<title>Erguida sobre quartzo a 1.440 metros, essa cidade chama aten\u00e7\u00e3o por suas lendas e hist\u00f3rias sobre um \u201cportal energ\u00e9tico\u201d - Correio Braziliense - Radar<\/title>\n<meta name=\"description\" content=\"Uma cidade constru\u00edda sobre quartzo a 1.440 metros est\u00e1 cercada por lendas e intriga com a ideia de um \u201cportal energ\u00e9tico\u201d.\" \/>\n<meta name=\"robots\" content=\"index, follow, max-snippet:-1, max-image-preview:large, max-video-preview:-1\" \/>\n<link rel=\"canonical\" href=\"https:\/\/www.correiobraziliense.com.br\/cbradar\/erguida-sobre-quartzo-a-1-440-metros-essa-cidade-chama-atencao-por-suas-lendas-e-historias-sobre-um-portal-energetico\/\" \/>\n<meta property=\"og:locale\" content=\"pt_BR\" \/>\n<meta property=\"og:type\" content=\"article\" \/>\n<meta property=\"og:title\" content=\"Erguida sobre quartzo a 1.440 metros, essa cidade chama aten\u00e7\u00e3o por suas lendas e hist\u00f3rias sobre um \u201cportal energ\u00e9tico\u201d - Correio Braziliense - Radar\" \/>\n<meta property=\"og:description\" content=\"Uma cidade constru\u00edda sobre quartzo a 1.440 metros est\u00e1 cercada por lendas e intriga com a ideia de um \u201cportal energ\u00e9tico\u201d.\" \/>\n<meta property=\"og:url\" content=\"https:\/\/www.correiobraziliense.com.br\/cbradar\/erguida-sobre-quartzo-a-1-440-metros-essa-cidade-chama-atencao-por-suas-lendas-e-historias-sobre-um-portal-energetico\/\" \/>\n<meta property=\"og:site_name\" content=\"Correio Braziliense - Radar\" \/>\n<meta property=\"article:published_time\" content=\"2026-04-28T13:25:00+00:00\" \/>\n<meta property=\"og:image\" content=\"https:\/\/www.correiobraziliense.com.br\/cbradar\/wp-content\/uploads\/2025\/12\/Design-sem-nome-82.png\" \/>\n\t<meta property=\"og:image:width\" content=\"1280\" \/>\n\t<meta property=\"og:image:height\" content=\"720\" \/>\n\t<meta property=\"og:image:type\" content=\"image\/png\" \/>\n<meta name=\"author\" content=\"Maura Pereira\" \/>\n<meta name=\"twitter:card\" content=\"summary_large_image\" \/>\n<meta name=\"twitter:label1\" content=\"Escrito por\" \/>\n\t<meta name=\"twitter:data1\" content=\"Maura Pereira\" \/>\n\t<meta name=\"twitter:label2\" content=\"Est. tempo de leitura\" \/>\n\t<meta name=\"twitter:data2\" content=\"6 minutos\" \/>\n<!-- \/ Yoast SEO plugin. -->","yoast_head_json":{"title":"Erguida sobre quartzo a 1.440 metros, essa cidade chama aten\u00e7\u00e3o por suas lendas e hist\u00f3rias sobre um \u201cportal energ\u00e9tico\u201d - Correio Braziliense - Radar","description":"Uma cidade constru\u00edda sobre quartzo a 1.440 metros est\u00e1 cercada por lendas e intriga com a ideia de um \u201cportal energ\u00e9tico\u201d.","robots":{"index":"index","follow":"follow","max-snippet":"max-snippet:-1","max-image-preview":"max-image-preview:large","max-video-preview":"max-video-preview:-1"},"canonical":"https:\/\/www.correiobraziliense.com.br\/cbradar\/erguida-sobre-quartzo-a-1-440-metros-essa-cidade-chama-atencao-por-suas-lendas-e-historias-sobre-um-portal-energetico\/","og_locale":"pt_BR","og_type":"article","og_title":"Erguida sobre quartzo a 1.440 metros, essa cidade chama aten\u00e7\u00e3o por suas lendas e hist\u00f3rias sobre um \u201cportal energ\u00e9tico\u201d - Correio Braziliense - Radar","og_description":"Uma cidade constru\u00edda sobre quartzo a 1.440 metros est\u00e1 cercada por lendas e intriga com a ideia de um \u201cportal energ\u00e9tico\u201d.","og_url":"https:\/\/www.correiobraziliense.com.br\/cbradar\/erguida-sobre-quartzo-a-1-440-metros-essa-cidade-chama-atencao-por-suas-lendas-e-historias-sobre-um-portal-energetico\/","og_site_name":"Correio Braziliense - Radar","article_published_time":"2026-04-28T13:25:00+00:00","og_image":[{"width":1280,"height":720,"url":"https:\/\/www.correiobraziliense.com.br\/cbradar\/wp-content\/uploads\/2025\/12\/Design-sem-nome-82.png","type":"image\/png"}],"author":"Maura Pereira","twitter_card":"summary_large_image","twitter_misc":{"Escrito por":"Maura Pereira","Est. tempo de leitura":"6 minutos"},"schema":{"@context":"https:\/\/schema.org","@graph":[{"@type":"WebPage","@id":"https:\/\/www.correiobraziliense.com.br\/cbradar\/erguida-sobre-quartzo-a-1-440-metros-essa-cidade-chama-atencao-por-suas-lendas-e-historias-sobre-um-portal-energetico\/","url":"https:\/\/www.correiobraziliense.com.br\/cbradar\/erguida-sobre-quartzo-a-1-440-metros-essa-cidade-chama-atencao-por-suas-lendas-e-historias-sobre-um-portal-energetico\/","name":"Erguida sobre quartzo a 1.440 metros, essa cidade chama aten\u00e7\u00e3o por suas lendas e hist\u00f3rias sobre um \u201cportal energ\u00e9tico\u201d - Correio Braziliense - Radar","isPartOf":{"@id":"https:\/\/www.correiobraziliense.com.br\/cbradar\/#website"},"primaryImageOfPage":{"@id":"https:\/\/www.correiobraziliense.com.br\/cbradar\/erguida-sobre-quartzo-a-1-440-metros-essa-cidade-chama-atencao-por-suas-lendas-e-historias-sobre-um-portal-energetico\/#primaryimage"},"image":{"@id":"https:\/\/www.correiobraziliense.com.br\/cbradar\/erguida-sobre-quartzo-a-1-440-metros-essa-cidade-chama-atencao-por-suas-lendas-e-historias-sobre-um-portal-energetico\/#primaryimage"},"thumbnailUrl":"https:\/\/www.correiobraziliense.com.br\/cbradar\/wp-content\/uploads\/2025\/12\/Design-sem-nome-82.png","datePublished":"2026-04-28T13:25:00+00:00","author":{"@id":"https:\/\/www.correiobraziliense.com.br\/cbradar\/#\/schema\/person\/4053c651a9bfc785afc6f4cbc9032fd3"},"description":"Uma cidade constru\u00edda sobre quartzo a 1.440 metros est\u00e1 cercada por lendas e intriga com a ideia de um \u201cportal energ\u00e9tico\u201d.","breadcrumb":{"@id":"https:\/\/www.correiobraziliense.com.br\/cbradar\/erguida-sobre-quartzo-a-1-440-metros-essa-cidade-chama-atencao-por-suas-lendas-e-historias-sobre-um-portal-energetico\/#breadcrumb"},"inLanguage":"pt-BR","potentialAction":[{"@type":"ReadAction","target":["https:\/\/www.correiobraziliense.com.br\/cbradar\/erguida-sobre-quartzo-a-1-440-metros-essa-cidade-chama-atencao-por-suas-lendas-e-historias-sobre-um-portal-energetico\/"]}]},{"@type":"ImageObject","inLanguage":"pt-BR","@id":"https:\/\/www.correiobraziliense.com.br\/cbradar\/erguida-sobre-quartzo-a-1-440-metros-essa-cidade-chama-atencao-por-suas-lendas-e-historias-sobre-um-portal-energetico\/#primaryimage","url":"https:\/\/www.correiobraziliense.com.br\/cbradar\/wp-content\/uploads\/2025\/12\/Design-sem-nome-82.png","contentUrl":"https:\/\/www.correiobraziliense.com.br\/cbradar\/wp-content\/uploads\/2025\/12\/Design-sem-nome-82.png","width":1280,"height":720,"caption":"S\u00e3o Thom\u00e9 das Letras-MG revela grutas m\u00edsticas, pir\u00e2mides de energia e trilhas espirituais na vila esot\u00e9rica da Serra da Mantiqueira."},{"@type":"BreadcrumbList","@id":"https:\/\/www.correiobraziliense.com.br\/cbradar\/erguida-sobre-quartzo-a-1-440-metros-essa-cidade-chama-atencao-por-suas-lendas-e-historias-sobre-um-portal-energetico\/#breadcrumb","itemListElement":[{"@type":"ListItem","position":1,"name":"In\u00edcio","item":"https:\/\/www.correiobraziliense.com.br\/cbradar\/"},{"@type":"ListItem","position":2,"name":"Erguida sobre quartzo a 1.440 metros, essa cidade chama aten\u00e7\u00e3o por suas lendas e hist\u00f3rias sobre um \u201cportal energ\u00e9tico\u201d"}]},{"@type":"WebSite","@id":"https:\/\/www.correiobraziliense.com.br\/cbradar\/#website","url":"https:\/\/www.correiobraziliense.com.br\/cbradar\/","name":"Correio Braziliense - Radar","description":"Acompanhe as \u00faltimas not\u00edcias e fique bem informado sobre tudo o que acontece no Brasil e no mundo.","potentialAction":[{"@type":"SearchAction","target":{"@type":"EntryPoint","urlTemplate":"https:\/\/www.correiobraziliense.com.br\/cbradar\/?s={search_term_string}"},"query-input":{"@type":"PropertyValueSpecification","valueRequired":true,"valueName":"search_term_string"}}],"inLanguage":"pt-BR"},{"@type":"Person","@id":"https:\/\/www.correiobraziliense.com.br\/cbradar\/#\/schema\/person\/4053c651a9bfc785afc6f4cbc9032fd3","name":"Maura Pereira","image":{"@type":"ImageObject","inLanguage":"pt-BR","@id":"https:\/\/www.correiobraziliense.com.br\/cbradar\/#\/schema\/person\/image\/","url":"https:\/\/secure.gravatar.com\/avatar\/3effd6bdadfa447f15089c7f7144eaa6?s=96&d=mm&r=g","contentUrl":"https:\/\/secure.gravatar.com\/avatar\/3effd6bdadfa447f15089c7f7144eaa6?s=96&d=mm&r=g","caption":"Maura Pereira"},"sameAs":["https:\/\/www.correiobraziliense.com.br\/"],"url":"https:\/\/www.correiobraziliense.com.br\/cbradar\/author\/mauramyth\/"}]}},"_links":{"self":[{"href":"https:\/\/www.correiobraziliense.com.br\/cbradar\/wp-json\/wp\/v2\/posts\/233261","targetHints":{"allow":["GET"]}}],"collection":[{"href":"https:\/\/www.correiobraziliense.com.br\/cbradar\/wp-json\/wp\/v2\/posts"}],"about":[{"href":"https:\/\/www.correiobraziliense.com.br\/cbradar\/wp-json\/wp\/v2\/types\/post"}],"author":[{"embeddable":true,"href":"https:\/\/www.correiobraziliense.com.br\/cbradar\/wp-json\/wp\/v2\/users\/8"}],"replies":[{"embeddable":true,"href":"https:\/\/www.correiobraziliense.com.br\/cbradar\/wp-json\/wp\/v2\/comments?post=233261"}],"version-history":[{"count":15,"href":"https:\/\/www.correiobraziliense.com.br\/cbradar\/wp-json\/wp\/v2\/posts\/233261\/revisions"}],"predecessor-version":[{"id":233494,"href":"https:\/\/www.correiobraziliense.com.br\/cbradar\/wp-json\/wp\/v2\/posts\/233261\/revisions\/233494"}],"wp:featuredmedia":[{"embeddable":true,"href":"https:\/\/www.correiobraziliense.com.br\/cbradar\/wp-json\/wp\/v2\/media\/158865"}],"wp:attachment":[{"href":"https:\/\/www.correiobraziliense.com.br\/cbradar\/wp-json\/wp\/v2\/media?parent=233261"}],"wp:term":[{"taxonomy":"category","embeddable":true,"href":"https:\/\/www.correiobraziliense.com.br\/cbradar\/wp-json\/wp\/v2\/categories?post=233261"},{"taxonomy":"post_tag","embeddable":true,"href":"https:\/\/www.correiobraziliense.com.br\/cbradar\/wp-json\/wp\/v2\/post_tag?post=233261"}],"curies":[{"name":"wp","href":"https:\/\/api.w.org\/{rel}","templated":true}]}}