{"id":233262,"date":"2026-04-28T08:25:00","date_gmt":"2026-04-28T11:25:00","guid":{"rendered":"https:\/\/www.correiobraziliense.com.br\/cbradar\/?p=233262"},"modified":"2026-04-28T09:00:56","modified_gmt":"2026-04-28T12:00:56","slug":"a-cidade-mineira-que-preserva-o-teatro-mais-antigo-das-americas-se-destaca-pela-arquitetura-colonial-e-um-pico-de-1-772-m","status":"publish","type":"post","link":"https:\/\/www.correiobraziliense.com.br\/cbradar\/a-cidade-mineira-que-preserva-o-teatro-mais-antigo-das-americas-se-destaca-pela-arquitetura-colonial-e-um-pico-de-1-772-m\/","title":{"rendered":"A cidade mineira que preserva o teatro mais antigo das Am\u00e9ricas se destaca pela arquitetura colonial e um pico de 1.772 m"},"content":{"rendered":"\n<p>Antes de ser <strong>Ouro Preto<\/strong>, a cidade se chamou <strong>Vila Rica<\/strong> e abrigou dois marcos pouco lembrados nos roteiros padr\u00e3o. Um deles \u00e9 o teatro mais antigo em funcionamento das Am\u00e9ricas. O outro, um pico que serviu de farol no meio da serra mineira.<\/p>\n\n\n\n<h2 class=\"wp-block-heading\">O teatro de 1770 que ainda recebe espet\u00e1culos toda semana<\/h2>\n\n\n\n<p>A <a href=\"https:\/\/www.ouropreto.mg.gov.br\/turismo\/atrativo-item\/888\" target=\"_blank\" rel=\"noreferrer noopener\"><strong>Casa da \u00d3pera<\/strong><\/a>, hoje Teatro Municipal de Ouro Preto, foi inaugurada em 6 de junho de 1770, dia do anivers\u00e1rio do rei <strong>Dom Jos\u00e9 I<\/strong>. A constru\u00e7\u00e3o come\u00e7ou em 1769 sob o comando de <strong>Jo\u00e3o de Souza Lisboa<\/strong>, contratador dos quintos reais que decidiu transformar Vila Rica num palco \u00e0 altura da capital da Capitania de <strong>Minas Gerais<\/strong>.<\/p>\n\n\n\n<p>O <a href=\"http:\/\/portal.iphan.gov.br\/noticias\/detalhes\/1875\/monumenta-reinaugura-casa-da-opera-de-ouro-preto-em-minas-gerais\" target=\"_blank\" rel=\"noreferrer noopener\"><strong>Instituto do Patrim\u00f4nio Hist\u00f3rico e Art\u00edstico Nacional (IPHAN)<\/strong><\/a> confirma a Casa da \u00d3pera como o teatro mais antigo em atividade das Am\u00e9ricas. A planta em formato de lira \u00e9 uma raridade no mundo, e a sala distribui plateia, camarotes, frisas e galerias em tr\u00eas pisos com cerca de 300 lugares.<\/p>\n\n\n<div class=\"wp-block-image\">\n<figure class=\"aligncenter size-large\"><img decoding=\"async\" width=\"1024\" height=\"576\" src=\"https:\/\/www.correiobraziliense.com.br\/cbradar\/wp-content\/uploads\/2025\/06\/ouro-preto_1749324881923-1024x576.jpg\" alt=\"Fundada em 1711, uma cidade em Minas Gerais tem 90% da sua arquitetura preservada e leva seus visitantes para uma viagem ao passado\" class=\"wp-image-49817\" srcset=\"https:\/\/www.correiobraziliense.com.br\/cbradar\/wp-content\/uploads\/2025\/06\/ouro-preto_1749324881923-1024x576.jpg 1024w, https:\/\/www.correiobraziliense.com.br\/cbradar\/wp-content\/uploads\/2025\/06\/ouro-preto_1749324881923-300x169.jpg 300w, https:\/\/www.correiobraziliense.com.br\/cbradar\/wp-content\/uploads\/2025\/06\/ouro-preto_1749324881923-768x432.jpg 768w, https:\/\/www.correiobraziliense.com.br\/cbradar\/wp-content\/uploads\/2025\/06\/ouro-preto_1749324881923-750x422.jpg 750w, https:\/\/www.correiobraziliense.com.br\/cbradar\/wp-content\/uploads\/2025\/06\/ouro-preto_1749324881923-1140x641.jpg 1140w, https:\/\/www.correiobraziliense.com.br\/cbradar\/wp-content\/uploads\/2025\/06\/ouro-preto_1749324881923.jpg 1280w\" sizes=\"(max-width: 1024px) 100vw, 1024px\" \/><figcaption class=\"wp-element-caption\">Encante-se com Ouro Preto, onde arte barroca e hist\u00f3ria viva se unem em ruas de pedra \u00fanicas. \/\/ Cr\u00e9ditos: depositphotos.com \/ fredpinheiro.hotmail.com.br<\/figcaption><\/figure><\/div>\n\n\n<h2 class=\"wp-block-heading\">Por que o Pico do Itacolomi virou o farol dos bandeirantes?<\/h2>\n\n\n\n<p>O <strong>Pico do Itacolomi<\/strong> tem 1.772 metros de altitude e pode ser visto de quase qualquer ladeira do centro hist\u00f3rico. O nome vem do tupi: &#8220;ita&#8221; significa pedra, e &#8220;kunum\u0129&#8221;, menino, segundo o <a href=\"https:\/\/ief.mg.gov.br\/193-parque-estadual-do-itacolomi\" target=\"_blank\" rel=\"noreferrer noopener\"><strong>Instituto Estadual de Florestas (IEF)<\/strong><\/a>.<\/p>\n\n\n\n<p>O bandeirante paulista <strong>Ant\u00f4nio Dias de Oliveira<\/strong> usou o pico como ponto de orienta\u00e7\u00e3o em 1698, na expedi\u00e7\u00e3o que daria origem ao povoado do Vale do Tripu\u00ed, futuro Vila Rica. Os viajantes da <strong>Estrada Real<\/strong> passaram a cham\u00e1-lo de Farol dos Bandeirantes, apelido que sobreviveu nos registros oficiais.<\/p>\n\n\n\n<p>O v\u00eddeo do canal &#8220;Tesouros do Brasil&#8221; apresenta <strong>Ouro Preto, Minas Gerais<\/strong>, como um dos destinos hist\u00f3ricos mais charmosos e preservados do pa\u00eds, oferecendo um mergulho profundo no Brasil Colonial.<\/p>\n\n\n\n<figure class=\"wp-block-embed aligncenter is-type-video is-provider-youtube wp-block-embed-youtube wp-embed-aspect-16-9 wp-has-aspect-ratio\"><div class=\"wp-block-embed__wrapper\">\n<div class=\"jeg_video_container jeg_video_content\"><iframe loading=\"lazy\" title=\"CONHE\u00c7A OURO PRETO MG | cidade hist\u00f3rica em Minas Gerais\" width=\"500\" height=\"281\" src=\"https:\/\/www.youtube.com\/embed\/PRWc3mucN4U?feature=oembed\" frameborder=\"0\" allow=\"accelerometer; autoplay; clipboard-write; encrypted-media; gyroscope; picture-in-picture; web-share\" referrerpolicy=\"strict-origin-when-cross-origin\" allowfullscreen><\/iframe><\/div>\n<\/div><\/figure>\n\n\n\n<h2 class=\"wp-block-heading\">O que fazer entre o palco barroco e o cume da serra?<\/h2>\n\n\n\n<p>Quem reserva tr\u00eas dias na cidade consegue equilibrar arte sacra, hist\u00f3ria colonial e natureza. As atra\u00e7\u00f5es principais ficam em raio curto da Pra\u00e7a Tiradentes, com exce\u00e7\u00e3o das trilhas do Itacolomi.<\/p>\n\n\n\n<ul class=\"wp-block-list\">\n<li><strong>Casa da \u00d3pera<\/strong>: visita\u00e7\u00e3o de segunda a sexta, das 10h \u00e0s 17h. Espet\u00e1culos acontecem em m\u00e9dia tr\u00eas vezes por semana.<\/li>\n\n\n\n<li><strong>Igreja de S\u00e3o Francisco de Assis<\/strong>: obra-prima do <strong>Aleijadinho<\/strong>, com fachada esculpida em pedra-sab\u00e3o e teto pintado por <strong>Mestre Ata\u00edde<\/strong>.<\/li>\n\n\n\n<li><strong>Trilha do Pico do Itacolomi<\/strong>: 12 km ida e volta a partir do Centro de Visitantes, dificuldade m\u00e9dia a alta, vista de 360\u00b0.<\/li>\n\n\n\n<li><strong>Casa Bandeirista<\/strong>: erguida entre 1706 e 1708, \u00e9 uma das tr\u00eas \u00fanicas amostras da arquitetura paulista em Minas Gerais e o primeiro pr\u00e9dio p\u00fablico do estado.<\/li>\n\n\n\n<li><strong>Museu da Inconfid\u00eancia<\/strong>: instalado na antiga Casa de C\u00e2mara e Cadeia, guarda o Pante\u00e3o dos Inconfidentes na Pra\u00e7a Tiradentes.<\/li>\n<\/ul>\n\n\n\n<h2 class=\"wp-block-heading\">O sabor que sobe a ladeira no fim da tarde<\/h2>\n\n\n\n<p>A cozinha de Ouro Preto mistura heran\u00e7a colonial portuguesa, t\u00e9cnicas trazidas pelos escravizados africanos e ingredientes da ro\u00e7a mineira. O fog\u00e3o a lenha continua sendo a marca dos restaurantes de comida t\u00edpica.<\/p>\n\n\n\n<ul class=\"wp-block-list\">\n<li><strong>Frango com quiabo e angu<\/strong>: prato-s\u00edmbolo da mesa mineira, servido com tutu, couve refogada e arroz branco.<\/li>\n\n\n\n<li><strong>Tutu \u00e0 mineira<\/strong>: pur\u00ea de feij\u00e3o com farinha de mandioca, lombo de porco, lingui\u00e7a e ovo frito.<\/li>\n\n\n\n<li><strong>P\u00e3o de queijo de tabuleiro<\/strong>: vendido nas padarias do centro logo cedo, ainda quente.<\/li>\n\n\n\n<li><strong>Cacha\u00e7a e queijo da Canastra<\/strong>: combina\u00e7\u00e3o que rende provas guiadas em alambiques da regi\u00e3o.<\/li>\n<\/ul>\n\n\n<div class=\"wp-block-image\">\n<figure class=\"aligncenter size-large\"><img decoding=\"async\" width=\"1024\" height=\"576\" src=\"https:\/\/www.correiobraziliense.com.br\/cbradar\/wp-content\/uploads\/2025\/02\/Ouro-Preto_1740200160283-1024x576.jpg\" alt=\"Igrejas com 400 quilos de ouro nas paredes e arquitetura do s\u00e9culo XVIII levam quem visita essa cidade brasileira ao passado\" class=\"wp-image-4930\" srcset=\"https:\/\/www.correiobraziliense.com.br\/cbradar\/wp-content\/uploads\/2025\/02\/Ouro-Preto_1740200160283-1024x576.jpg 1024w, https:\/\/www.correiobraziliense.com.br\/cbradar\/wp-content\/uploads\/2025\/02\/Ouro-Preto_1740200160283-300x169.jpg 300w, https:\/\/www.correiobraziliense.com.br\/cbradar\/wp-content\/uploads\/2025\/02\/Ouro-Preto_1740200160283-768x432.jpg 768w, https:\/\/www.correiobraziliense.com.br\/cbradar\/wp-content\/uploads\/2025\/02\/Ouro-Preto_1740200160283-750x422.jpg 750w, https:\/\/www.correiobraziliense.com.br\/cbradar\/wp-content\/uploads\/2025\/02\/Ouro-Preto_1740200160283-1140x641.jpg 1140w, https:\/\/www.correiobraziliense.com.br\/cbradar\/wp-content\/uploads\/2025\/02\/Ouro-Preto_1740200160283.jpg 1280w\" sizes=\"(max-width: 1024px) 100vw, 1024px\" \/><figcaption class=\"wp-element-caption\">Ouro Preto, MG, \u00e9 uma cidade hist\u00f3rica do ciclo do ouro, com arquitetura colonial preservada. \/\/ Cr\u00e9ditos: depositphotos.com \/ diegograndi<\/figcaption><\/figure><\/div>\n\n\n<h2 class=\"wp-block-heading\">Qual a melhor \u00e9poca para subir as ladeiras de pedra?<\/h2>\n\n\n\n<p>O clima de altitude garante temperaturas amenas o ano inteiro. O inverno seco firma o cal\u00e7amento, e o ver\u00e3o \u00famido enche os mirantes de neblina.<\/p>\n\n\n\n<style>\n  \/* --- CONTAINER BLINDADO (PADR\u00c3O REGISTRADO) --- *\/\n  .clima-grid-final {\n    font-family: -apple-system, BlinkMacSystemFont, \"Segoe UI\", Roboto, Arial, sans-serif !important;\n    width: 100% !important;\n    max-width: 1200px !important;\n    margin: 20px auto !important;\n    display: grid !important;\n    \/* FOR\u00c7A 4 COLUNAS NO DESKTOP *\/\n    grid-template-columns: repeat(4, 1fr) !important; \n    gap: 15px !important;\n    box-sizing: border-box !important;\n  }\n\n  .clima-grid-final * {\n    box-sizing: border-box !important;\n  }\n\n  \/* --- BLINDAGEM CONTRA ADS E PLUGINS INTRUSOS --- *\/\n  .clima-grid-final > :not(.card-clima) {\n    display: none !important;\n    width: 0 !important;\n    height: 0 !important;\n    opacity: 0 !important;\n  }\n\n  \/* --- CARD PRETO B\u00c1SICO (FUNDO BRANCO) --- *\/\n  .card-clima {\n    background: #ffffff !important;\n    border: 1px solid #e0e0e0 !important;\n    border-radius: 20px !important;\n    padding: 20px 10px !important;\n    text-align: center !important;\n    display: flex !important;\n    flex-direction: column !important;\n    align-items: center !important;\n    box-shadow: 0 4px 10px rgba(0, 0, 0, 0.05) !important;\n    min-width: 0 !important; \n    transition: transform 0.2s ease !important;\n    overflow: hidden !important;\n    height: 100% !important;\n  }\n\n  .card-clima:hover {\n    transform: translateY(-5px) !important;\n    border-color: #000000 !important;\n  }\n\n  \/* --- CONTE\u00daDO --- *\/\n  .estacao-nome { \n    font-size: 14px !important; \n    font-weight: 800 !important; \n    color: #000000 !important; \n    text-transform: uppercase !important; \n    margin: 0 0 5px 0 !important; \n  }\n  \n  .estacao-meses { \n    font-size: 10px !important; \n    font-weight: 700 !important; \n    color: #444444 !important; \n    text-transform: uppercase !important; \n    margin-bottom: 15px !important; \n    display: block !important;\n  }\n  \n  .temp-valor { \n    font-size: 24px !important; \n    font-weight: 800 !important; \n    color: #000000 !important; \n    line-height: 1.1 !important; \n    margin: 0 !important;\n  }\n  \n  .temp-label { \n    font-size: 9px !important; \n    font-weight: 600 !important; \n    color: #777777 !important; \n    text-transform: uppercase !important; \n    margin-bottom: 15px !important; \n    display: block !important;\n  }\n  \n  .clima-desc { \n    font-size: 12px !important; \n    line-height: 1.4 !important; \n    color: #333333 !important; \n    margin-bottom: 15px !important; \n    flex-grow: 1 !important; \n  }\n\n  .tag-status {\n    background-color: #f5f5f5 !important;\n    border: 1px solid #d0d0d0 !important;\n    color: #000000 !important;\n    padding: 5px 12px !important;\n    border-radius: 20px !important;\n    font-size: 9px !important;\n    font-weight: 800 !important;\n    text-transform: uppercase !important;\n    margin-top: auto !important;\n  }\n\n  \/* --- RESPONSIVIDADE --- *\/\n  @media (max-width: 800px) {\n    .clima-grid-final {\n      grid-template-columns: 1fr !important; \n    }\n    .card-clima {\n      padding: 25px 20px !important;\n    }\n  }\n<\/style>\n\n<div class=\"google-auto-ads-ignore clima-grid-final\">\n  \n  <div class=\"card-clima\">\n    <div class=\"estacao-nome\">\u2600\ufe0f Ver\u00e3o<\/div>\n    <span class=\"estacao-meses\">Dez &#8211; Fev<\/span>\n    <div class=\"temp-valor\">17-28\u00b0C<\/div>\n    <span class=\"temp-label\">M\u00e9dia<\/span>\n    <div class=\"clima-desc\">Com a pluviosidade em alta, o per\u00edodo \u00e9 ideal para o turismo de interior, explorando as bel\u00edssimas <b>igrejas e museus cobertos<\/b>.<\/div>\n    <div class=\"tag-status\">\ud83c\udfdb\ufe0f Barroco<\/div>\n  <\/div>\n\n  <div class=\"card-clima\">\n    <div class=\"estacao-nome\">\ud83c\udf42 Outono<\/div>\n    <span class=\"estacao-meses\">Mar &#8211; Mai<\/span>\n    <div class=\"temp-valor\">15-26\u00b0C<\/div>\n    <span class=\"temp-label\">M\u00e9dia<\/span>\n    <div class=\"clima-desc\">O clima ameno favorece longas caminhadas para conhecer a <b>Casa da \u00d3pera<\/b> e circular por todo o <b>centro hist\u00f3rico<\/b> com tranquilidade.<\/div>\n    <div class=\"tag-status\">\ud83c\udfad Cultura<\/div>\n  <\/div>\n\n  <div class=\"card-clima\">\n    <div class=\"estacao-nome\">\u2744\ufe0f Inverno<\/div>\n    <span class=\"estacao-meses\">Jun &#8211; Ago<\/span>\n    <div class=\"temp-valor\">10-23\u00b0C<\/div>\n    <span class=\"temp-label\">M\u00e9dia<\/span>\n    <div class=\"clima-desc\">Na esta\u00e7\u00e3o seca, a visibilidade \u00e9 perfeita para a <b>Trilha do Itacolomi<\/b>, al\u00e9m de aproveitar o tradicional <b>Festival de Inverno<\/b>.<\/div>\n    <div class=\"tag-status\">\u26f0\ufe0f Montanha<\/div>\n  <\/div>\n\n  <div class=\"card-clima\">\n    <div class=\"estacao-nome\">\ud83c\udf38 Primavera<\/div>\n    <span class=\"estacao-meses\">Set &#8211; Nov<\/span>\n    <div class=\"temp-valor\">14-27\u00b0C<\/div>\n    <span class=\"temp-label\">M\u00e9dia<\/span>\n    <div class=\"clima-desc\">A esta\u00e7\u00e3o renova a paisagem, sendo o momento ideal para visitar os <b>mirantes<\/b> e as refrescantes <b>cachoeiras de Lavras Novas<\/b>.<\/div>\n    <div class=\"tag-status\">\ud83c\udf3f Natureza<\/div>\n  <\/div>\n\n<\/div>\n\n\n\n<p><em>Temperaturas aproximadas com base no <a href=\"https:\/\/www.climatempo.com.br\/previsao-do-tempo\/cidade\/170\/ouropreto-mg\" target=\"_blank\" rel=\"noreferrer noopener\"><strong>Climatempo<\/strong><\/a>. Condi\u00e7\u00f5es podem variar.<\/em><\/p>\n\n\n<div class=\"wp-block-image\">\n<figure class=\"aligncenter size-large\"><img decoding=\"async\" width=\"1024\" height=\"576\" src=\"https:\/\/www.correiobraziliense.com.br\/cbradar\/wp-content\/uploads\/2026\/01\/Brasil-colonial_1768276514598-1024x576.jpg\" alt=\"As 3 cidades hist\u00f3ricas paradas no tempo do Brasil Col\u00f4nia que te levam a um passado com os maiores tesouros do pa\u00eds\" class=\"wp-image-174318\" srcset=\"https:\/\/www.correiobraziliense.com.br\/cbradar\/wp-content\/uploads\/2026\/01\/Brasil-colonial_1768276514598-1024x576.jpg 1024w, https:\/\/www.correiobraziliense.com.br\/cbradar\/wp-content\/uploads\/2026\/01\/Brasil-colonial_1768276514598-300x169.jpg 300w, https:\/\/www.correiobraziliense.com.br\/cbradar\/wp-content\/uploads\/2026\/01\/Brasil-colonial_1768276514598-768x432.jpg 768w, https:\/\/www.correiobraziliense.com.br\/cbradar\/wp-content\/uploads\/2026\/01\/Brasil-colonial_1768276514598-750x422.jpg 750w, https:\/\/www.correiobraziliense.com.br\/cbradar\/wp-content\/uploads\/2026\/01\/Brasil-colonial_1768276514598-1140x641.jpg 1140w, https:\/\/www.correiobraziliense.com.br\/cbradar\/wp-content\/uploads\/2026\/01\/Brasil-colonial_1768276514598.jpg 1280w\" sizes=\"(max-width: 1024px) 100vw, 1024px\" \/><figcaption class=\"wp-element-caption\">Deixe-se encantar pelas ladeiras de Ouro Preto, ber\u00e7o do barroco com obras de Aleijadinho que inspiram admira\u00e7\u00e3o eterna. \/\/ Cr\u00e9ditos: depositphotos.com \/ dabldy<\/figcaption><\/figure><\/div>\n\n\n<h2 class=\"wp-block-heading\">Como chegar \u00e0 antiga capital de Minas?<\/h2>\n\n\n\n<p>Ouro Preto fica a 95 km de <strong>Belo Horizonte<\/strong> pela <strong>BR-356<\/strong>, a Rodovia dos Inconfidentes, em cerca de 1h40 de carro. O <strong>Aeroporto Internacional de Confins<\/strong> \u00e9 o principal acesso a\u00e9reo.<\/p>\n\n\n\n<p>\u00d4nibus regulares saem da rodovi\u00e1ria da capital mineira v\u00e1rias vezes ao dia. A portaria do <strong>Parque Estadual do Itacolomi<\/strong> fica em frente ao trevo do Hospital Santa Casa, dentro do per\u00edmetro urbano da cidade.<\/p>\n\n\n\n<p><strong>Leia tamb\u00e9m: <a href=\"https:\/\/www.correiobraziliense.com.br\/cbradar\/uma-cidade-gaucha-onde-flamingos-chilenos-pousam-apos-voar-8-mil-km-e-o-sol-nasce-no-oceano\/\" target=\"_blank\" rel=\"noreferrer noopener\">Uma cidade ga\u00facha onde flamingos chilenos pousam ap\u00f3s voar 8 mil km e o sol nasce no oceano.<\/a><\/strong><\/p>\n\n\n\n<h2 class=\"wp-block-heading\">Suba at\u00e9 o Itacolomi e sente na plateia da Casa da \u00d3pera<\/h2>\n\n\n\n<p>Pouca gente associa Ouro Preto a um teatro setecentista que ainda funciona ou a uma trilha que termina onde os bandeirantes marcavam o caminho do ouro. A cidade guarda mais hist\u00f3ria fora do roteiro padr\u00e3o do que dentro dele.<\/p>\n\n\n\n<p>Voc\u00ea precisa atravessar a serra mineira e descobrir Ouro Preto pelo cume do Itacolomi e pela plateia da Casa da \u00d3pera para entender a profundidade do lugar que abriu o caminho do barroco no Brasil.<\/p>\n","protected":false},"excerpt":{"rendered":"<p>Antes de ser Ouro Preto, a cidade se chamou Vila Rica e abrigou dois marcos pouco lembrados nos roteiros padr\u00e3o. Um deles \u00e9 o teatro mais antigo em funcionamento das Am\u00e9ricas. O outro, um pico que serviu de farol no meio da serra mineira. O teatro de 1770 que ainda recebe espet\u00e1culos toda semana A [&hellip;]<\/p>\n","protected":false},"author":8,"featured_media":186335,"comment_status":"open","ping_status":"open","sticky":false,"template":"","format":"standard","meta":{"_yoast_wpseo_focuskw":"cidade mineira","_yoast_wpseo_title":"","_yoast_wpseo_metadesc":"Voc\u00ea n\u00e3o imagina que essa cidade mineira tem o teatro mais antigo das Am\u00e9ricas e ainda encanta com um pico de 1.772 m","jnews-multi-image_gallery":[],"jnews_single_post":{"format":"standard"},"jnews_primary_category":[],"jnews_social_meta":[],"jnews_override_counter":[],"footnotes":""},"categories":[108,111],"post_tag":[],"class_list":["post-233262","post","type-post","status-publish","format-standard","has-post-thumbnail","hentry","category-cidades","category-turismo"],"yoast_head":"<!-- This site is optimized with the Yoast SEO plugin v24.6 - https:\/\/yoast.com\/wordpress\/plugins\/seo\/ -->\n<title>A cidade mineira que preserva o teatro mais antigo das Am\u00e9ricas se destaca pela arquitetura colonial e um pico de 1.772 m - Correio Braziliense - Radar<\/title>\n<meta name=\"description\" content=\"Voc\u00ea n\u00e3o imagina que essa cidade mineira tem o teatro mais antigo das Am\u00e9ricas e ainda encanta com um pico de 1.772 m\" \/>\n<meta name=\"robots\" content=\"index, follow, max-snippet:-1, max-image-preview:large, max-video-preview:-1\" \/>\n<link rel=\"canonical\" href=\"https:\/\/www.correiobraziliense.com.br\/cbradar\/a-cidade-mineira-que-preserva-o-teatro-mais-antigo-das-americas-se-destaca-pela-arquitetura-colonial-e-um-pico-de-1-772-m\/\" \/>\n<meta property=\"og:locale\" content=\"pt_BR\" \/>\n<meta property=\"og:type\" content=\"article\" \/>\n<meta property=\"og:title\" content=\"A cidade mineira que preserva o teatro mais antigo das Am\u00e9ricas se destaca pela arquitetura colonial e um pico de 1.772 m - Correio Braziliense - Radar\" \/>\n<meta property=\"og:description\" content=\"Voc\u00ea n\u00e3o imagina que essa cidade mineira tem o teatro mais antigo das Am\u00e9ricas e ainda encanta com um pico de 1.772 m\" \/>\n<meta property=\"og:url\" content=\"https:\/\/www.correiobraziliense.com.br\/cbradar\/a-cidade-mineira-que-preserva-o-teatro-mais-antigo-das-americas-se-destaca-pela-arquitetura-colonial-e-um-pico-de-1-772-m\/\" \/>\n<meta property=\"og:site_name\" content=\"Correio Braziliense - Radar\" \/>\n<meta property=\"article:published_time\" content=\"2026-04-28T11:25:00+00:00\" \/>\n<meta property=\"article:modified_time\" content=\"2026-04-28T12:00:56+00:00\" \/>\n<meta property=\"og:image\" content=\"https:\/\/www.correiobraziliense.com.br\/cbradar\/wp-content\/uploads\/2026\/02\/aaa-2026-02-03T033206.618.png\" \/>\n\t<meta property=\"og:image:width\" content=\"1280\" \/>\n\t<meta property=\"og:image:height\" content=\"720\" \/>\n\t<meta property=\"og:image:type\" content=\"image\/png\" \/>\n<meta name=\"author\" content=\"Maura Pereira\" \/>\n<meta name=\"twitter:card\" content=\"summary_large_image\" \/>\n<meta name=\"twitter:label1\" content=\"Escrito por\" \/>\n\t<meta name=\"twitter:data1\" content=\"Maura Pereira\" \/>\n\t<meta name=\"twitter:label2\" content=\"Est. tempo de leitura\" \/>\n\t<meta name=\"twitter:data2\" content=\"7 minutos\" \/>\n<!-- \/ Yoast SEO plugin. -->","yoast_head_json":{"title":"A cidade mineira que preserva o teatro mais antigo das Am\u00e9ricas se destaca pela arquitetura colonial e um pico de 1.772 m - Correio Braziliense - Radar","description":"Voc\u00ea n\u00e3o imagina que essa cidade mineira tem o teatro mais antigo das Am\u00e9ricas e ainda encanta com um pico de 1.772 m","robots":{"index":"index","follow":"follow","max-snippet":"max-snippet:-1","max-image-preview":"max-image-preview:large","max-video-preview":"max-video-preview:-1"},"canonical":"https:\/\/www.correiobraziliense.com.br\/cbradar\/a-cidade-mineira-que-preserva-o-teatro-mais-antigo-das-americas-se-destaca-pela-arquitetura-colonial-e-um-pico-de-1-772-m\/","og_locale":"pt_BR","og_type":"article","og_title":"A cidade mineira que preserva o teatro mais antigo das Am\u00e9ricas se destaca pela arquitetura colonial e um pico de 1.772 m - Correio Braziliense - Radar","og_description":"Voc\u00ea n\u00e3o imagina que essa cidade mineira tem o teatro mais antigo das Am\u00e9ricas e ainda encanta com um pico de 1.772 m","og_url":"https:\/\/www.correiobraziliense.com.br\/cbradar\/a-cidade-mineira-que-preserva-o-teatro-mais-antigo-das-americas-se-destaca-pela-arquitetura-colonial-e-um-pico-de-1-772-m\/","og_site_name":"Correio Braziliense - Radar","article_published_time":"2026-04-28T11:25:00+00:00","article_modified_time":"2026-04-28T12:00:56+00:00","og_image":[{"width":1280,"height":720,"url":"https:\/\/www.correiobraziliense.com.br\/cbradar\/wp-content\/uploads\/2026\/02\/aaa-2026-02-03T033206.618.png","type":"image\/png"}],"author":"Maura Pereira","twitter_card":"summary_large_image","twitter_misc":{"Escrito por":"Maura Pereira","Est. tempo de leitura":"7 minutos"},"schema":{"@context":"https:\/\/schema.org","@graph":[{"@type":"WebPage","@id":"https:\/\/www.correiobraziliense.com.br\/cbradar\/a-cidade-mineira-que-preserva-o-teatro-mais-antigo-das-americas-se-destaca-pela-arquitetura-colonial-e-um-pico-de-1-772-m\/","url":"https:\/\/www.correiobraziliense.com.br\/cbradar\/a-cidade-mineira-que-preserva-o-teatro-mais-antigo-das-americas-se-destaca-pela-arquitetura-colonial-e-um-pico-de-1-772-m\/","name":"A cidade mineira que preserva o teatro mais antigo das Am\u00e9ricas se destaca pela arquitetura colonial e um pico de 1.772 m - Correio Braziliense - Radar","isPartOf":{"@id":"https:\/\/www.correiobraziliense.com.br\/cbradar\/#website"},"primaryImageOfPage":{"@id":"https:\/\/www.correiobraziliense.com.br\/cbradar\/a-cidade-mineira-que-preserva-o-teatro-mais-antigo-das-americas-se-destaca-pela-arquitetura-colonial-e-um-pico-de-1-772-m\/#primaryimage"},"image":{"@id":"https:\/\/www.correiobraziliense.com.br\/cbradar\/a-cidade-mineira-que-preserva-o-teatro-mais-antigo-das-americas-se-destaca-pela-arquitetura-colonial-e-um-pico-de-1-772-m\/#primaryimage"},"thumbnailUrl":"https:\/\/www.correiobraziliense.com.br\/cbradar\/wp-content\/uploads\/2026\/02\/aaa-2026-02-03T033206.618.png","datePublished":"2026-04-28T11:25:00+00:00","dateModified":"2026-04-28T12:00:56+00:00","author":{"@id":"https:\/\/www.correiobraziliense.com.br\/cbradar\/#\/schema\/person\/4053c651a9bfc785afc6f4cbc9032fd3"},"description":"Voc\u00ea n\u00e3o imagina que essa cidade mineira tem o teatro mais antigo das Am\u00e9ricas e ainda encanta com um pico de 1.772 m","breadcrumb":{"@id":"https:\/\/www.correiobraziliense.com.br\/cbradar\/a-cidade-mineira-que-preserva-o-teatro-mais-antigo-das-americas-se-destaca-pela-arquitetura-colonial-e-um-pico-de-1-772-m\/#breadcrumb"},"inLanguage":"pt-BR","potentialAction":[{"@type":"ReadAction","target":["https:\/\/www.correiobraziliense.com.br\/cbradar\/a-cidade-mineira-que-preserva-o-teatro-mais-antigo-das-americas-se-destaca-pela-arquitetura-colonial-e-um-pico-de-1-772-m\/"]}]},{"@type":"ImageObject","inLanguage":"pt-BR","@id":"https:\/\/www.correiobraziliense.com.br\/cbradar\/a-cidade-mineira-que-preserva-o-teatro-mais-antigo-das-americas-se-destaca-pela-arquitetura-colonial-e-um-pico-de-1-772-m\/#primaryimage","url":"https:\/\/www.correiobraziliense.com.br\/cbradar\/wp-content\/uploads\/2026\/02\/aaa-2026-02-03T033206.618.png","contentUrl":"https:\/\/www.correiobraziliense.com.br\/cbradar\/wp-content\/uploads\/2026\/02\/aaa-2026-02-03T033206.618.png","width":1280,"height":720,"caption":"O nome \"Ouro Preto\" n\u00e3o \u00e9 apenas uma designa\u00e7\u00e3o po\u00e9tica, mas uma refer\u00eancia literal \u00e0 caracter\u00edstica do mineral encontrado na regi\u00e3o. \/ Imagem Ilustrativa"},{"@type":"BreadcrumbList","@id":"https:\/\/www.correiobraziliense.com.br\/cbradar\/a-cidade-mineira-que-preserva-o-teatro-mais-antigo-das-americas-se-destaca-pela-arquitetura-colonial-e-um-pico-de-1-772-m\/#breadcrumb","itemListElement":[{"@type":"ListItem","position":1,"name":"In\u00edcio","item":"https:\/\/www.correiobraziliense.com.br\/cbradar\/"},{"@type":"ListItem","position":2,"name":"A cidade mineira que preserva o teatro mais antigo das Am\u00e9ricas se destaca pela arquitetura colonial e um pico de 1.772 m"}]},{"@type":"WebSite","@id":"https:\/\/www.correiobraziliense.com.br\/cbradar\/#website","url":"https:\/\/www.correiobraziliense.com.br\/cbradar\/","name":"Correio Braziliense - Radar","description":"Acompanhe as \u00faltimas not\u00edcias e fique bem informado sobre tudo o que acontece no Brasil e no mundo.","potentialAction":[{"@type":"SearchAction","target":{"@type":"EntryPoint","urlTemplate":"https:\/\/www.correiobraziliense.com.br\/cbradar\/?s={search_term_string}"},"query-input":{"@type":"PropertyValueSpecification","valueRequired":true,"valueName":"search_term_string"}}],"inLanguage":"pt-BR"},{"@type":"Person","@id":"https:\/\/www.correiobraziliense.com.br\/cbradar\/#\/schema\/person\/4053c651a9bfc785afc6f4cbc9032fd3","name":"Maura Pereira","image":{"@type":"ImageObject","inLanguage":"pt-BR","@id":"https:\/\/www.correiobraziliense.com.br\/cbradar\/#\/schema\/person\/image\/","url":"https:\/\/secure.gravatar.com\/avatar\/3effd6bdadfa447f15089c7f7144eaa6?s=96&d=mm&r=g","contentUrl":"https:\/\/secure.gravatar.com\/avatar\/3effd6bdadfa447f15089c7f7144eaa6?s=96&d=mm&r=g","caption":"Maura Pereira"},"sameAs":["https:\/\/www.correiobraziliense.com.br\/"],"url":"https:\/\/www.correiobraziliense.com.br\/cbradar\/author\/mauramyth\/"}]}},"_links":{"self":[{"href":"https:\/\/www.correiobraziliense.com.br\/cbradar\/wp-json\/wp\/v2\/posts\/233262","targetHints":{"allow":["GET"]}}],"collection":[{"href":"https:\/\/www.correiobraziliense.com.br\/cbradar\/wp-json\/wp\/v2\/posts"}],"about":[{"href":"https:\/\/www.correiobraziliense.com.br\/cbradar\/wp-json\/wp\/v2\/types\/post"}],"author":[{"embeddable":true,"href":"https:\/\/www.correiobraziliense.com.br\/cbradar\/wp-json\/wp\/v2\/users\/8"}],"replies":[{"embeddable":true,"href":"https:\/\/www.correiobraziliense.com.br\/cbradar\/wp-json\/wp\/v2\/comments?post=233262"}],"version-history":[{"count":8,"href":"https:\/\/www.correiobraziliense.com.br\/cbradar\/wp-json\/wp\/v2\/posts\/233262\/revisions"}],"predecessor-version":[{"id":233471,"href":"https:\/\/www.correiobraziliense.com.br\/cbradar\/wp-json\/wp\/v2\/posts\/233262\/revisions\/233471"}],"wp:featuredmedia":[{"embeddable":true,"href":"https:\/\/www.correiobraziliense.com.br\/cbradar\/wp-json\/wp\/v2\/media\/186335"}],"wp:attachment":[{"href":"https:\/\/www.correiobraziliense.com.br\/cbradar\/wp-json\/wp\/v2\/media?parent=233262"}],"wp:term":[{"taxonomy":"category","embeddable":true,"href":"https:\/\/www.correiobraziliense.com.br\/cbradar\/wp-json\/wp\/v2\/categories?post=233262"},{"taxonomy":"post_tag","embeddable":true,"href":"https:\/\/www.correiobraziliense.com.br\/cbradar\/wp-json\/wp\/v2\/post_tag?post=233262"}],"curies":[{"name":"wp","href":"https:\/\/api.w.org\/{rel}","templated":true}]}}