{"id":233263,"date":"2026-04-28T07:55:00","date_gmt":"2026-04-28T10:55:00","guid":{"rendered":"https:\/\/www.correiobraziliense.com.br\/cbradar\/?p=233263"},"modified":"2026-04-28T09:00:16","modified_gmt":"2026-04-28T12:00:16","slug":"uma-pequena-italia-escondida-no-brasil-com-2-700-moradores-comeca-a-atrair-turistas-enquanto-exporta-3-mil-barris-ao-exterior","status":"publish","type":"post","link":"https:\/\/www.correiobraziliense.com.br\/cbradar\/uma-pequena-italia-escondida-no-brasil-com-2-700-moradores-comeca-a-atrair-turistas-enquanto-exporta-3-mil-barris-ao-exterior\/","title":{"rendered":"Uma \u201cpequena It\u00e1lia\u201d escondida no Brasil, com 2.700 moradores, come\u00e7a a atrair turistas enquanto exporta 3 mil barris ao exterior"},"content":{"rendered":"\n<p>No alto de uma colina da <strong>Serra Ga\u00facha<\/strong>, <strong>Monte Belo do Sul<\/strong> \u00e9 uma \u201cpequena It\u00e1lia\u201d que guarda um galp\u00e3o onde se fazem barris de carvalho \u00e0 m\u00e3o. A arte da tanoaria est\u00e1 praticamente extinta no <strong>Brasil<\/strong>, mas tr\u00eas gera\u00e7\u00f5es de uma fam\u00edlia mant\u00eam o of\u00edcio de p\u00e9 h\u00e1 mais de 60 anos.<\/p>\n\n\n\n<h2 class=\"wp-block-heading\">O galp\u00e3o onde 3 gera\u00e7\u00f5es fazem os barris dos grandes vinhos do pa\u00eds<\/h2>\n\n\n\n<p>A <a href=\"https:\/\/montebelodosul.rs.gov.br\/turismo\/view\/12\/tanoaria-mesacaza\" target=\"_blank\" rel=\"noreferrer noopener\"><strong>Tanoaria Mesacaza<\/strong><\/a> foi fundada na d\u00e9cada de 1960 por <strong>Miguel Arc\u00e2ngelo Mesacaza<\/strong>. Hoje, o filho <strong>Eug\u00eanio<\/strong> e o neto <strong>Mauro<\/strong> tocam o neg\u00f3cio com sete funcion\u00e1rios, fazendo barris de carvalho franc\u00eas, americano e madeiras brasileiras como castanheira do Par\u00e1, jequitib\u00e1-rosa, gr\u00e1pia e cabre\u00fava.<\/p>\n\n\n\n<p>S\u00f3 para a <strong>Vin\u00edcola Miolo<\/strong>, a oficina j\u00e1 produziu mais de 3 mil barricas. A capacidade atual \u00e9 de 30 barris de 225 litros por semana, e os ton\u00e9is seguem para os <strong>Estados Unidos<\/strong>, <strong>Esc\u00f3cia<\/strong>, <strong>Irlanda<\/strong>, <strong>Pol\u00f4nia<\/strong>, <strong>Fran\u00e7a<\/strong> e <strong>B\u00e9lgica<\/strong>. A visita guiada precisa ser agendada.<\/p>\n\n\n<div class=\"wp-block-image\">\n<figure class=\"aligncenter size-large\"><img decoding=\"async\" width=\"1024\" height=\"576\" src=\"https:\/\/www.correiobraziliense.com.br\/cbradar\/wp-content\/uploads\/2026\/01\/Monte-Belo-do-Sul_1769561262424-1024x576.jpg\" alt=\"Uma pequena It\u00e1lia no interior do Sul com apenas 2.600 moradores preserva sua cultura intocada e recebe turistas com hospitalidade\" class=\"wp-image-182930\" srcset=\"https:\/\/www.correiobraziliense.com.br\/cbradar\/wp-content\/uploads\/2026\/01\/Monte-Belo-do-Sul_1769561262424-1024x576.jpg 1024w, https:\/\/www.correiobraziliense.com.br\/cbradar\/wp-content\/uploads\/2026\/01\/Monte-Belo-do-Sul_1769561262424-300x169.jpg 300w, https:\/\/www.correiobraziliense.com.br\/cbradar\/wp-content\/uploads\/2026\/01\/Monte-Belo-do-Sul_1769561262424-768x432.jpg 768w, https:\/\/www.correiobraziliense.com.br\/cbradar\/wp-content\/uploads\/2026\/01\/Monte-Belo-do-Sul_1769561262424-750x422.jpg 750w, https:\/\/www.correiobraziliense.com.br\/cbradar\/wp-content\/uploads\/2026\/01\/Monte-Belo-do-Sul_1769561262424-1140x641.jpg 1140w, https:\/\/www.correiobraziliense.com.br\/cbradar\/wp-content\/uploads\/2026\/01\/Monte-Belo-do-Sul_1769561262424.jpg 1280w\" sizes=\"(max-width: 1024px) 100vw, 1024px\" \/><figcaption class=\"wp-element-caption\"> Monte Belo do Sul, RS, Vale dos Vinhedos com parreirais, mirante Dal Castel e coloniza\u00e7\u00e3o italiana preservada. \/ Cr\u00e9ditos: depositphotos.com \/ lltrarbach<\/figcaption><\/figure><\/div>\n\n\n<h2 class=\"wp-block-heading\">Por que essa pequena cidade vira capital do enoturismo italiano?<\/h2>\n\n\n\n<p>Monte Belo do Sul tem cerca de 2.700 moradores e 80% deles vivem no interior do munic\u00edpio. A coloniza\u00e7\u00e3o come\u00e7ou em 1877, quando 416 fam\u00edlias vindas de <strong>Udine<\/strong>, <strong>Mantova<\/strong>, <strong>Cremona<\/strong>, <strong>Veneza<\/strong>, <strong>Vicenza<\/strong>, <strong>Treviso<\/strong>, <strong>B\u00e9rgamo<\/strong>, <strong>Modena<\/strong> e <strong>Belluno<\/strong> se fixaram nas colinas da serra.<\/p>\n\n\n\n<p>A cidade \u00e9 a maior produtora de uva per capita da <strong>Am\u00e9rica Latina<\/strong>, segundo a <a href=\"https:\/\/www.turismo.rs.gov.br\/turismo\/roteiro\/visualizar\/312\" target=\"_blank\" rel=\"noreferrer noopener\"><strong>Secretaria de Turismo do Rio Grande do Sul<\/strong><\/a>. A primeira vin\u00edcola registrada no estado nasceu aqui, a Francioni, e o turismo s\u00f3 come\u00e7ou a se estruturar em 2017, depois da emancipa\u00e7\u00e3o de <strong>Bento Gon\u00e7alves<\/strong> em 1992.<\/p>\n\n\n\n<p>Este document\u00e1rio de Diogo Elzinga explora a ess\u00eancia de <strong>Monte Belo do Sul<\/strong>, uma pequena joia da Serra Ga\u00facha com cerca de 2.700 habitantes, onde 98% da popula\u00e7\u00e3o tem origem italiana. A cidade \u00e9 apresentada como um ref\u00fagio de tradi\u00e7\u00f5es preservadas, focado na vitivinicultura e na vida comunit\u00e1ria.<\/p>\n\n\n\n<figure class=\"wp-block-embed aligncenter is-type-video is-provider-youtube wp-block-embed-youtube wp-embed-aspect-16-9 wp-has-aspect-ratio\"><div class=\"wp-block-embed__wrapper\">\n<div class=\"jeg_video_container jeg_video_content\"><iframe loading=\"lazy\" title=\"A ALMA ITALIANA da Serra Ga\u00facha | Monte Belo do Sul [DOCUMENT\u00c1RIO]\" width=\"500\" height=\"281\" src=\"https:\/\/www.youtube.com\/embed\/VZxqF9h79d8?feature=oembed\" frameborder=\"0\" allow=\"accelerometer; autoplay; clipboard-write; encrypted-media; gyroscope; picture-in-picture; web-share\" referrerpolicy=\"strict-origin-when-cross-origin\" allowfullscreen><\/iframe><\/div>\n<\/div><\/figure>\n\n\n\n<h2 class=\"wp-block-heading\">O que fazer entre vinhedos, cantinas e ton\u00e9is de carvalho?<\/h2>\n\n\n\n<p>O munic\u00edpio faz parte do <strong>Vale dos Vinhedos<\/strong>, com selo de Indica\u00e7\u00e3o de Proced\u00eancia e Denomina\u00e7\u00e3o de Origem. As atra\u00e7\u00f5es se concentram no centro e nas linhas rurais.<\/p>\n\n\n\n<ul class=\"wp-block-list\">\n<li><strong>Tanoaria Mesacaza<\/strong>: visita guiada \u00e0 oficina familiar, com showroom de madeiras e venda de barricas em miniatura.<\/li>\n\n\n\n<li><strong>Vin\u00edcola Calza<\/strong>: degusta\u00e7\u00e3o de espumantes pelo m\u00e9todo tradicional e vinhos boutique, em pr\u00e9dio do antigo galp\u00e3o Capoani de 1995.<\/li>\n\n\n\n<li><strong>Famiglia Tasca<\/strong>: museu da imigra\u00e7\u00e3o italiana, sucos artesanais e piquenique entre os parreirais.<\/li>\n\n\n\n<li><strong>Dom\u00ednio Vicari e Faccin Vinhos<\/strong>: refer\u00eancia em vinhos naturais, com vinifica\u00e7\u00e3o sem aditivos qu\u00edmicos.<\/li>\n\n\n\n<li><strong>Igreja Matriz S\u00e3o Francisco de Assis<\/strong>: as duas torres de 65 m s\u00e3o avistadas de longe e marcam a pra\u00e7a central.<\/li>\n<\/ul>\n\n\n<div class=\"wp-block-image\">\n<figure class=\"aligncenter size-large\"><img decoding=\"async\" width=\"1024\" height=\"576\" src=\"https:\/\/www.correiobraziliense.com.br\/cbradar\/wp-content\/uploads\/2026\/01\/Monte-Belo-do-Sul_1769561355770-1024x576.jpg\" alt=\"Uma pequena It\u00e1lia no interior do Sul com apenas 2.600 moradores preserva sua cultura intocada e recebe turistas com hospitalidade\" class=\"wp-image-182934\" srcset=\"https:\/\/www.correiobraziliense.com.br\/cbradar\/wp-content\/uploads\/2026\/01\/Monte-Belo-do-Sul_1769561355770-1024x576.jpg 1024w, https:\/\/www.correiobraziliense.com.br\/cbradar\/wp-content\/uploads\/2026\/01\/Monte-Belo-do-Sul_1769561355770-300x169.jpg 300w, https:\/\/www.correiobraziliense.com.br\/cbradar\/wp-content\/uploads\/2026\/01\/Monte-Belo-do-Sul_1769561355770-768x432.jpg 768w, https:\/\/www.correiobraziliense.com.br\/cbradar\/wp-content\/uploads\/2026\/01\/Monte-Belo-do-Sul_1769561355770-750x422.jpg 750w, https:\/\/www.correiobraziliense.com.br\/cbradar\/wp-content\/uploads\/2026\/01\/Monte-Belo-do-Sul_1769561355770-1140x641.jpg 1140w, https:\/\/www.correiobraziliense.com.br\/cbradar\/wp-content\/uploads\/2026\/01\/Monte-Belo-do-Sul_1769561355770.jpg 1280w\" sizes=\"(max-width: 1024px) 100vw, 1024px\" \/><figcaption class=\"wp-element-caption\">Monte Belo do Sul, RS, Vale dos Vinhedos com parreirais, mirante Dal Castel e coloniza\u00e7\u00e3o italiana preservada. \/ Cr\u00e9ditos: depositphotos.com \/ lltrarbach<\/figcaption><\/figure><\/div>\n\n\n<h2 class=\"wp-block-heading\">O sabor que veio do V\u00eaneto e ficou na serra<\/h2>\n\n\n\n<p>A cozinha de Monte Belo do Sul \u00e9 uma c\u00e1psula da cultura italiana do norte da It\u00e1lia, ajustada aos ingredientes da serra. O dialeto v\u00eaneto sobrevive nas conversas de cantina, e os pratos chegam \u00e0 mesa como h\u00e1 um s\u00e9culo.<\/p>\n\n\n\n<ul class=\"wp-block-list\">\n<li><strong>Polenta brustolada<\/strong>: polenta tostada na chapa de ferro, servida com queijo derretido e copa.<\/li>\n\n\n\n<li><strong>Cappellacci di zucca<\/strong>: massa recheada com ab\u00f3bora, manteiga e s\u00e1lvia, assinatura do <strong>Francesco Trattoria<\/strong>.<\/li>\n\n\n\n<li><strong>Galeto al primo canto<\/strong>: frango jovem assado no espeto, marca dos finais de semana mineiros e ga\u00fachos da serra.<\/li>\n\n\n\n<li><strong>Caf\u00e9 colonial italiano<\/strong>: mesa farta com p\u00e3es, geleias, salames e queijos servida na <strong>Casa Biasotto<\/strong>, cen\u00e1rio do filme dirigido por <strong>Selton Mello<\/strong>.<\/li>\n<\/ul>\n\n\n\n<h2 class=\"wp-block-heading\">Qual a melhor \u00e9poca para visitar a cidade dos parreirais?<\/h2>\n\n\n\n<p>O clima temperado de altitude tem invernos frios e ver\u00f5es amenos. A vindima, colheita das uvas, atrai visitantes entre janeiro e mar\u00e7o, e o inverno enche as cantinas para fondues e sopas.<\/p>\n\n\n\n<style>\n  \/* --- CONTAINER BLINDADO (PADR\u00c3O REGISTRADO) --- *\/\n  .clima-grid-final {\n    font-family: -apple-system, BlinkMacSystemFont, \"Segoe UI\", Roboto, Arial, sans-serif !important;\n    width: 100% !important;\n    max-width: 1200px !important;\n    margin: 20px auto !important;\n    display: grid !important;\n    \/* FOR\u00c7A 4 COLUNAS NO DESKTOP *\/\n    grid-template-columns: repeat(4, 1fr) !important; \n    gap: 15px !important;\n    box-sizing: border-box !important;\n  }\n\n  .clima-grid-final * {\n    box-sizing: border-box !important;\n  }\n\n  \/* --- BLINDAGEM CONTRA ADS E PLUGINS INTRUSOS --- *\/\n  .clima-grid-final > :not(.card-clima) {\n    display: none !important;\n    width: 0 !important;\n    height: 0 !important;\n    opacity: 0 !important;\n  }\n\n  \/* --- CARD PRETO B\u00c1SICO (FUNDO BRANCO) --- *\/\n  .card-clima {\n    background: #ffffff !important;\n    border: 1px solid #e0e0e0 !important;\n    border-radius: 20px !important;\n    padding: 20px 10px !important;\n    text-align: center !important;\n    display: flex !important;\n    flex-direction: column !important;\n    align-items: center !important;\n    box-shadow: 0 4px 10px rgba(0, 0, 0, 0.05) !important;\n    min-width: 0 !important; \n    transition: transform 0.2s ease !important;\n    overflow: hidden !important;\n    height: 100% !important;\n  }\n\n  .card-clima:hover {\n    transform: translateY(-5px) !important;\n    border-color: #333333 !important;\n  }\n\n  \/* --- CONTE\u00daDO --- *\/\n  .estacao-nome { \n    font-size: 14px !important; \n    font-weight: 800 !important; \n    color: #000000 !important; \n    text-transform: uppercase !important; \n    margin: 0 0 5px 0 !important; \n  }\n  \n  .estacao-meses { \n    font-size: 10px !important; \n    font-weight: 700 !important; \n    color: #444444 !important; \n    text-transform: uppercase !important; \n    margin-bottom: 15px !important; \n    display: block !important;\n  }\n  \n  .temp-valor { \n    font-size: 24px !important; \n    font-weight: 800 !important; \n    color: #000000 !important; \n    line-height: 1.1 !important; \n    margin: 0 !important;\n  }\n  \n  .temp-label { \n    font-size: 9px !important; \n    font-weight: 600 !important; \n    color: #777777 !important; \n    text-transform: uppercase !important; \n    margin-bottom: 15px !important; \n    display: block !important;\n  }\n  \n  .clima-desc { \n    font-size: 12px !important; \n    line-height: 1.4 !important; \n    color: #333333 !important; \n    margin-bottom: 15px !important; \n    flex-grow: 1 !important; \n  }\n\n  .tag-status {\n    background-color: #f5f5f5 !important;\n    border: 1px solid #d0d0d0 !important;\n    color: #000000 !important;\n    padding: 5px 12px !important;\n    border-radius: 20px !important;\n    font-size: 9px !important;\n    font-weight: 800 !important;\n    text-transform: uppercase !important;\n    margin-top: auto !important;\n  }\n\n  \/* --- RESPONSIVIDADE --- *\/\n  @media (max-width: 800px) {\n    .clima-grid-final {\n      grid-template-columns: 1fr !important; \n    }\n    .card-clima {\n      padding: 25px 20px !important;\n    }\n  }\n<\/style>\n\n<div class=\"google-auto-ads-ignore clima-grid-final\">\n  \n  <div class=\"card-clima\">\n    <div class=\"estacao-nome\">\u2600\ufe0f Ver\u00e3o<\/div>\n    <span class=\"estacao-meses\">Dez &#8211; Fev<\/span>\n    <div class=\"temp-valor\">17-30\u00b0C<\/div>\n    <span class=\"temp-label\">M\u00e9dia<\/span>\n    <div class=\"clima-desc\">\u00c9 a \u00e9poca mais esperada do ano para vivenciar a <b>Vindima<\/b> e a tradicional <b>pisa das uvas<\/b> diretamente nos parreirais.<\/div>\n    <div class=\"tag-status\">\ud83c\udf47 Colheita<\/div>\n  <\/div>\n\n  <div class=\"card-clima\">\n    <div class=\"estacao-nome\">\ud83c\udf42 Outono<\/div>\n    <span class=\"estacao-meses\">Mar &#8211; Mai<\/span>\n    <div class=\"temp-valor\">11-25\u00b0C<\/div>\n    <span class=\"temp-label\">M\u00e9dia<\/span>\n    <div class=\"clima-desc\">Com a queda das temperaturas, o destaque fica para o <b>Polenta\u00e7o<\/b> e as diversas sess\u00f5es de <b>degusta\u00e7\u00f5es<\/b> de vinhos e queijos.<\/div>\n    <div class=\"tag-status\">\ud83e\uddc0 Gastronomia<\/div>\n  <\/div>\n\n  <div class=\"card-clima\">\n    <div class=\"estacao-nome\">\u2744\ufe0f Inverno<\/div>\n    <span class=\"estacao-meses\">Jun &#8211; Ago<\/span>\n    <div class=\"temp-valor\">4-18\u00b0C<\/div>\n    <span class=\"temp-label\">M\u00e9dia<\/span>\n    <div class=\"clima-desc\">O frio intenso convida para noites de <b>fondue<\/b> e visitas \u00e0s hist\u00f3ricas <b>cantinas<\/b>, aproveitando o aconchego da esta\u00e7\u00e3o.<\/div>\n    <div class=\"tag-status\">\ud83c\udf77 Cantinas<\/div>\n  <\/div>\n\n  <div class=\"card-clima\">\n    <div class=\"estacao-nome\">\ud83c\udf38 Primavera<\/div>\n    <span class=\"estacao-meses\">Set &#8211; Nov<\/span>\n    <div class=\"temp-valor\">10-26\u00b0C<\/div>\n    <span class=\"temp-label\">M\u00e9dia<\/span>\n    <div class=\"clima-desc\">A paisagem se renova com os <b>vinhedos em brota\u00e7\u00e3o<\/b>; momento perfeito para visitar os <b>mirantes<\/b> e fotografar a regi\u00e3o.<\/div>\n    <div class=\"tag-status\">\ud83c\udf31 Paisagens<\/div>\n  <\/div>\n\n<\/div>\n\n\n\n<p><em>Temperaturas aproximadas com base no <a href=\"https:\/\/www.climatempo.com.br\/previsao-do-tempo\/cidade\/3340\/montebelodosul-rs\" target=\"_blank\" rel=\"noreferrer noopener\"><strong>Climatempo<\/strong><\/a>. Condi\u00e7\u00f5es podem variar.<\/em><\/p>\n\n\n<div class=\"wp-block-image\">\n<figure class=\"aligncenter size-large\"><img decoding=\"async\" width=\"1024\" height=\"576\" src=\"https:\/\/www.correiobraziliense.com.br\/cbradar\/wp-content\/uploads\/2026\/01\/Monte-Belo-do-Sul_1769561306596-1024x576.jpg\" alt=\"Uma pequena cidade no Sul com apenas 2.600 moradores preserva at\u00e9 mesmo um idioma pr\u00f3prio e cultura rara no Brasil\" class=\"wp-image-182932\" srcset=\"https:\/\/www.correiobraziliense.com.br\/cbradar\/wp-content\/uploads\/2026\/01\/Monte-Belo-do-Sul_1769561306596-1024x576.jpg 1024w, https:\/\/www.correiobraziliense.com.br\/cbradar\/wp-content\/uploads\/2026\/01\/Monte-Belo-do-Sul_1769561306596-300x169.jpg 300w, https:\/\/www.correiobraziliense.com.br\/cbradar\/wp-content\/uploads\/2026\/01\/Monte-Belo-do-Sul_1769561306596-768x432.jpg 768w, https:\/\/www.correiobraziliense.com.br\/cbradar\/wp-content\/uploads\/2026\/01\/Monte-Belo-do-Sul_1769561306596-750x422.jpg 750w, https:\/\/www.correiobraziliense.com.br\/cbradar\/wp-content\/uploads\/2026\/01\/Monte-Belo-do-Sul_1769561306596-1140x641.jpg 1140w, https:\/\/www.correiobraziliense.com.br\/cbradar\/wp-content\/uploads\/2026\/01\/Monte-Belo-do-Sul_1769561306596.jpg 1280w\" sizes=\"(max-width: 1024px) 100vw, 1024px\" \/><figcaption class=\"wp-element-caption\">Visite vin\u00edcolas, Piazza Schiavon e trilhas em Monte Belo do Sul: um ref\u00fagio sereno na rota dos vinhos italianos. \/ Cr\u00e9ditos: depositphotos.com \/ lltrarbach<\/figcaption><\/figure><\/div>\n\n\n<p><strong>Leia tamb\u00e9m: <a href=\"https:\/\/www.correiobraziliense.com.br\/cbradar\/uma-cidade-gaucha-onde-flamingos-chilenos-pousam-apos-voar-8-mil-km-e-o-sol-nasce-no-oceano\/\" target=\"_blank\" rel=\"noreferrer noopener\">Uma cidade ga\u00facha onde flamingos chilenos pousam ap\u00f3s voar 8 mil km e o sol nasce no oceano.<\/a><\/strong><\/p>\n\n\n\n<h2 class=\"wp-block-heading\">Como chegar \u00e0 cidade da tanoaria e dos vinhedos?<\/h2>\n\n\n\n<p>Monte Belo do Sul fica a 18 km de Bento Gon\u00e7alves e a cerca de 122 km de <strong>Porto Alegre<\/strong> pela <strong>BR-116<\/strong> e <strong>RS-470<\/strong>. A maioria dos visitantes desembarca no <strong>Aeroporto Internacional Salgado Filho<\/strong> e segue de carro pela Serra Ga\u00facha.<\/p>\n\n\n\n<p>A cidade pode ser combinada com Bento Gon\u00e7alves e <strong>Garibaldi<\/strong> num roteiro de tr\u00eas dias, completando o tri\u00e2ngulo do Vale dos Vinhedos. As estradas internas que cortam os vinhedos s\u00e3o bem sinalizadas e quase todas asfaltadas.<\/p>\n\n\n\n<h2 class=\"wp-block-heading\">Suba a colina e ou\u00e7a a marreta na madeira<\/h2>\n\n\n\n<p>Poucos lugares no Brasil ainda fabricam barris \u00e0 m\u00e3o, e quase nenhum oferece a chance de ver isso acontecendo. Monte Belo do Sul guarda um peda\u00e7o raro do patrim\u00f4nio material brasileiro entre os parreirais e a igreja de torres altas.<\/p>\n\n\n\n<p>Voc\u00ea precisa atravessar a serra e parar na Tanoaria Mesacaza para entender por que a cidade que produz mais uva per capita da Am\u00e9rica Latina tamb\u00e9m guarda o of\u00edcio mais ancestral do mundo do vinho.<\/p>\n","protected":false},"excerpt":{"rendered":"<p>No alto de uma colina da Serra Ga\u00facha, Monte Belo do Sul \u00e9 uma \u201cpequena It\u00e1lia\u201d que guarda um galp\u00e3o onde se fazem barris de carvalho \u00e0 m\u00e3o. A arte da tanoaria est\u00e1 praticamente extinta no Brasil, mas tr\u00eas gera\u00e7\u00f5es de uma fam\u00edlia mant\u00eam o of\u00edcio de p\u00e9 h\u00e1 mais de 60 anos. O galp\u00e3o [&hellip;]<\/p>\n","protected":false},"author":8,"featured_media":197958,"comment_status":"open","ping_status":"open","sticky":false,"template":"","format":"standard","meta":{"_yoast_wpseo_focuskw":"pequena It\u00e1lia","_yoast_wpseo_title":"","_yoast_wpseo_metadesc":"Com apenas 2.700 habitantes, essa \u201cpequena It\u00e1lia\u201d no Brasil est\u00e1 conquistando turistas e exportando 3 mil barris","jnews-multi-image_gallery":[],"jnews_single_post":{"format":"standard"},"jnews_primary_category":[],"jnews_social_meta":[],"jnews_override_counter":[],"footnotes":""},"categories":[108,111],"post_tag":[],"class_list":["post-233263","post","type-post","status-publish","format-standard","has-post-thumbnail","hentry","category-cidades","category-turismo"],"yoast_head":"<!-- This site is optimized with the Yoast SEO plugin v24.6 - https:\/\/yoast.com\/wordpress\/plugins\/seo\/ -->\n<title>Uma \u201cpequena It\u00e1lia\u201d escondida no Brasil, com 2.700 moradores, come\u00e7a a atrair turistas enquanto exporta 3 mil barris ao exterior - Correio Braziliense - Radar<\/title>\n<meta name=\"description\" content=\"Com apenas 2.700 habitantes, essa \u201cpequena It\u00e1lia\u201d no Brasil est\u00e1 conquistando turistas e exportando 3 mil barris\" \/>\n<meta name=\"robots\" content=\"index, follow, max-snippet:-1, max-image-preview:large, max-video-preview:-1\" \/>\n<link rel=\"canonical\" href=\"https:\/\/www.correiobraziliense.com.br\/cbradar\/uma-pequena-italia-escondida-no-brasil-com-2-700-moradores-comeca-a-atrair-turistas-enquanto-exporta-3-mil-barris-ao-exterior\/\" \/>\n<meta property=\"og:locale\" content=\"pt_BR\" \/>\n<meta property=\"og:type\" content=\"article\" \/>\n<meta property=\"og:title\" content=\"Uma \u201cpequena It\u00e1lia\u201d escondida no Brasil, com 2.700 moradores, come\u00e7a a atrair turistas enquanto exporta 3 mil barris ao exterior - Correio Braziliense - Radar\" \/>\n<meta property=\"og:description\" content=\"Com apenas 2.700 habitantes, essa \u201cpequena It\u00e1lia\u201d no Brasil est\u00e1 conquistando turistas e exportando 3 mil barris\" \/>\n<meta property=\"og:url\" content=\"https:\/\/www.correiobraziliense.com.br\/cbradar\/uma-pequena-italia-escondida-no-brasil-com-2-700-moradores-comeca-a-atrair-turistas-enquanto-exporta-3-mil-barris-ao-exterior\/\" \/>\n<meta property=\"og:site_name\" content=\"Correio Braziliense - Radar\" \/>\n<meta property=\"article:published_time\" content=\"2026-04-28T10:55:00+00:00\" \/>\n<meta property=\"article:modified_time\" content=\"2026-04-28T12:00:16+00:00\" \/>\n<meta property=\"og:image\" content=\"https:\/\/www.correiobraziliense.com.br\/cbradar\/wp-content\/uploads\/2026\/02\/aaa-77.png\" \/>\n\t<meta property=\"og:image:width\" content=\"1280\" \/>\n\t<meta property=\"og:image:height\" content=\"720\" \/>\n\t<meta property=\"og:image:type\" content=\"image\/png\" \/>\n<meta name=\"author\" content=\"Maura Pereira\" \/>\n<meta name=\"twitter:card\" content=\"summary_large_image\" \/>\n<meta name=\"twitter:label1\" content=\"Escrito por\" \/>\n\t<meta name=\"twitter:data1\" content=\"Maura Pereira\" \/>\n\t<meta name=\"twitter:label2\" content=\"Est. tempo de leitura\" \/>\n\t<meta name=\"twitter:data2\" content=\"7 minutos\" \/>\n<!-- \/ Yoast SEO plugin. -->","yoast_head_json":{"title":"Uma \u201cpequena It\u00e1lia\u201d escondida no Brasil, com 2.700 moradores, come\u00e7a a atrair turistas enquanto exporta 3 mil barris ao exterior - Correio Braziliense - Radar","description":"Com apenas 2.700 habitantes, essa \u201cpequena It\u00e1lia\u201d no Brasil est\u00e1 conquistando turistas e exportando 3 mil barris","robots":{"index":"index","follow":"follow","max-snippet":"max-snippet:-1","max-image-preview":"max-image-preview:large","max-video-preview":"max-video-preview:-1"},"canonical":"https:\/\/www.correiobraziliense.com.br\/cbradar\/uma-pequena-italia-escondida-no-brasil-com-2-700-moradores-comeca-a-atrair-turistas-enquanto-exporta-3-mil-barris-ao-exterior\/","og_locale":"pt_BR","og_type":"article","og_title":"Uma \u201cpequena It\u00e1lia\u201d escondida no Brasil, com 2.700 moradores, come\u00e7a a atrair turistas enquanto exporta 3 mil barris ao exterior - Correio Braziliense - Radar","og_description":"Com apenas 2.700 habitantes, essa \u201cpequena It\u00e1lia\u201d no Brasil est\u00e1 conquistando turistas e exportando 3 mil barris","og_url":"https:\/\/www.correiobraziliense.com.br\/cbradar\/uma-pequena-italia-escondida-no-brasil-com-2-700-moradores-comeca-a-atrair-turistas-enquanto-exporta-3-mil-barris-ao-exterior\/","og_site_name":"Correio Braziliense - Radar","article_published_time":"2026-04-28T10:55:00+00:00","article_modified_time":"2026-04-28T12:00:16+00:00","og_image":[{"width":1280,"height":720,"url":"https:\/\/www.correiobraziliense.com.br\/cbradar\/wp-content\/uploads\/2026\/02\/aaa-77.png","type":"image\/png"}],"author":"Maura Pereira","twitter_card":"summary_large_image","twitter_misc":{"Escrito por":"Maura Pereira","Est. tempo de leitura":"7 minutos"},"schema":{"@context":"https:\/\/schema.org","@graph":[{"@type":"WebPage","@id":"https:\/\/www.correiobraziliense.com.br\/cbradar\/uma-pequena-italia-escondida-no-brasil-com-2-700-moradores-comeca-a-atrair-turistas-enquanto-exporta-3-mil-barris-ao-exterior\/","url":"https:\/\/www.correiobraziliense.com.br\/cbradar\/uma-pequena-italia-escondida-no-brasil-com-2-700-moradores-comeca-a-atrair-turistas-enquanto-exporta-3-mil-barris-ao-exterior\/","name":"Uma \u201cpequena It\u00e1lia\u201d escondida no Brasil, com 2.700 moradores, come\u00e7a a atrair turistas enquanto exporta 3 mil barris ao exterior - Correio Braziliense - Radar","isPartOf":{"@id":"https:\/\/www.correiobraziliense.com.br\/cbradar\/#website"},"primaryImageOfPage":{"@id":"https:\/\/www.correiobraziliense.com.br\/cbradar\/uma-pequena-italia-escondida-no-brasil-com-2-700-moradores-comeca-a-atrair-turistas-enquanto-exporta-3-mil-barris-ao-exterior\/#primaryimage"},"image":{"@id":"https:\/\/www.correiobraziliense.com.br\/cbradar\/uma-pequena-italia-escondida-no-brasil-com-2-700-moradores-comeca-a-atrair-turistas-enquanto-exporta-3-mil-barris-ao-exterior\/#primaryimage"},"thumbnailUrl":"https:\/\/www.correiobraziliense.com.br\/cbradar\/wp-content\/uploads\/2026\/02\/aaa-77.png","datePublished":"2026-04-28T10:55:00+00:00","dateModified":"2026-04-28T12:00:16+00:00","author":{"@id":"https:\/\/www.correiobraziliense.com.br\/cbradar\/#\/schema\/person\/4053c651a9bfc785afc6f4cbc9032fd3"},"description":"Com apenas 2.700 habitantes, essa \u201cpequena It\u00e1lia\u201d no Brasil est\u00e1 conquistando turistas e exportando 3 mil barris","breadcrumb":{"@id":"https:\/\/www.correiobraziliense.com.br\/cbradar\/uma-pequena-italia-escondida-no-brasil-com-2-700-moradores-comeca-a-atrair-turistas-enquanto-exporta-3-mil-barris-ao-exterior\/#breadcrumb"},"inLanguage":"pt-BR","potentialAction":[{"@type":"ReadAction","target":["https:\/\/www.correiobraziliense.com.br\/cbradar\/uma-pequena-italia-escondida-no-brasil-com-2-700-moradores-comeca-a-atrair-turistas-enquanto-exporta-3-mil-barris-ao-exterior\/"]}]},{"@type":"ImageObject","inLanguage":"pt-BR","@id":"https:\/\/www.correiobraziliense.com.br\/cbradar\/uma-pequena-italia-escondida-no-brasil-com-2-700-moradores-comeca-a-atrair-turistas-enquanto-exporta-3-mil-barris-ao-exterior\/#primaryimage","url":"https:\/\/www.correiobraziliense.com.br\/cbradar\/wp-content\/uploads\/2026\/02\/aaa-77.png","contentUrl":"https:\/\/www.correiobraziliense.com.br\/cbradar\/wp-content\/uploads\/2026\/02\/aaa-77.png","width":1280,"height":720,"caption":"Monte Belo do Sul preserva a ess\u00eancia da imigra\u00e7\u00e3o italiana de forma quase intocada, sendo o maior produtor de uvas per capita da Am\u00e9rica Latina. \/ Imagem ilustrativa"},{"@type":"BreadcrumbList","@id":"https:\/\/www.correiobraziliense.com.br\/cbradar\/uma-pequena-italia-escondida-no-brasil-com-2-700-moradores-comeca-a-atrair-turistas-enquanto-exporta-3-mil-barris-ao-exterior\/#breadcrumb","itemListElement":[{"@type":"ListItem","position":1,"name":"In\u00edcio","item":"https:\/\/www.correiobraziliense.com.br\/cbradar\/"},{"@type":"ListItem","position":2,"name":"Uma \u201cpequena It\u00e1lia\u201d escondida no Brasil, com 2.700 moradores, come\u00e7a a atrair turistas enquanto exporta 3 mil barris ao exterior"}]},{"@type":"WebSite","@id":"https:\/\/www.correiobraziliense.com.br\/cbradar\/#website","url":"https:\/\/www.correiobraziliense.com.br\/cbradar\/","name":"Correio Braziliense - Radar","description":"Acompanhe as \u00faltimas not\u00edcias e fique bem informado sobre tudo o que acontece no Brasil e no mundo.","potentialAction":[{"@type":"SearchAction","target":{"@type":"EntryPoint","urlTemplate":"https:\/\/www.correiobraziliense.com.br\/cbradar\/?s={search_term_string}"},"query-input":{"@type":"PropertyValueSpecification","valueRequired":true,"valueName":"search_term_string"}}],"inLanguage":"pt-BR"},{"@type":"Person","@id":"https:\/\/www.correiobraziliense.com.br\/cbradar\/#\/schema\/person\/4053c651a9bfc785afc6f4cbc9032fd3","name":"Maura Pereira","image":{"@type":"ImageObject","inLanguage":"pt-BR","@id":"https:\/\/www.correiobraziliense.com.br\/cbradar\/#\/schema\/person\/image\/","url":"https:\/\/secure.gravatar.com\/avatar\/3effd6bdadfa447f15089c7f7144eaa6?s=96&d=mm&r=g","contentUrl":"https:\/\/secure.gravatar.com\/avatar\/3effd6bdadfa447f15089c7f7144eaa6?s=96&d=mm&r=g","caption":"Maura Pereira"},"sameAs":["https:\/\/www.correiobraziliense.com.br\/"],"url":"https:\/\/www.correiobraziliense.com.br\/cbradar\/author\/mauramyth\/"}]}},"_links":{"self":[{"href":"https:\/\/www.correiobraziliense.com.br\/cbradar\/wp-json\/wp\/v2\/posts\/233263","targetHints":{"allow":["GET"]}}],"collection":[{"href":"https:\/\/www.correiobraziliense.com.br\/cbradar\/wp-json\/wp\/v2\/posts"}],"about":[{"href":"https:\/\/www.correiobraziliense.com.br\/cbradar\/wp-json\/wp\/v2\/types\/post"}],"author":[{"embeddable":true,"href":"https:\/\/www.correiobraziliense.com.br\/cbradar\/wp-json\/wp\/v2\/users\/8"}],"replies":[{"embeddable":true,"href":"https:\/\/www.correiobraziliense.com.br\/cbradar\/wp-json\/wp\/v2\/comments?post=233263"}],"version-history":[{"count":10,"href":"https:\/\/www.correiobraziliense.com.br\/cbradar\/wp-json\/wp\/v2\/posts\/233263\/revisions"}],"predecessor-version":[{"id":233464,"href":"https:\/\/www.correiobraziliense.com.br\/cbradar\/wp-json\/wp\/v2\/posts\/233263\/revisions\/233464"}],"wp:featuredmedia":[{"embeddable":true,"href":"https:\/\/www.correiobraziliense.com.br\/cbradar\/wp-json\/wp\/v2\/media\/197958"}],"wp:attachment":[{"href":"https:\/\/www.correiobraziliense.com.br\/cbradar\/wp-json\/wp\/v2\/media?parent=233263"}],"wp:term":[{"taxonomy":"category","embeddable":true,"href":"https:\/\/www.correiobraziliense.com.br\/cbradar\/wp-json\/wp\/v2\/categories?post=233263"},{"taxonomy":"post_tag","embeddable":true,"href":"https:\/\/www.correiobraziliense.com.br\/cbradar\/wp-json\/wp\/v2\/post_tag?post=233263"}],"curies":[{"name":"wp","href":"https:\/\/api.w.org\/{rel}","templated":true}]}}