{"id":233265,"date":"2026-04-28T19:15:00","date_gmt":"2026-04-28T22:15:00","guid":{"rendered":"https:\/\/www.correiobraziliense.com.br\/cbradar\/?p=233265"},"modified":"2026-04-28T16:51:37","modified_gmt":"2026-04-28T19:51:37","slug":"a-2a-melhor-qualidade-de-vida-de-santa-catarina-esta-em-uma-cidade-que-tambem-tem-o-metro-quadrado-mais-caro-do-brasil","status":"publish","type":"post","link":"https:\/\/www.correiobraziliense.com.br\/cbradar\/a-2a-melhor-qualidade-de-vida-de-santa-catarina-esta-em-uma-cidade-que-tambem-tem-o-metro-quadrado-mais-caro-do-brasil\/","title":{"rendered":"A 2\u00aa melhor qualidade de vida de Santa Catarina est\u00e1 em uma cidade que tamb\u00e9m tem o metro quadrado mais caro do Brasil"},"content":{"rendered":"\n<p>Em dezembro de 2025, <strong>Balne\u00e1rio Cambori\u00fa<\/strong> fechou o ano como a cidade com o im\u00f3vel mais caro do pa\u00eds: R$ 14.906 por metro quadrado. O litoral catarinense superou capitais como <strong>S\u00e3o Paulo<\/strong> e <strong>Rio de Janeiro<\/strong> e mant\u00e9m a lideran\u00e7a nacional desde 2022.<\/p>\n\n\n\n<h2 class=\"wp-block-heading\">Por que tantos brasileiros escolhem a cidade catarinense?<\/h2>\n\n\n\n<p>O pre\u00e7o alto n\u00e3o afasta moradores. A cidade tem <a href=\"https:\/\/cidades.ibge.gov.br\/brasil\/sc\/balneario-camboriu\/panorama\" target=\"_blank\" rel=\"noreferrer noopener\"><strong>IDH de 0,845<\/strong><\/a>, o segundo maior de <strong>Santa Catarina<\/strong> e um dos mais altos do pa\u00eds, segundo o <strong>Instituto Brasileiro de Geografia e Estat\u00edstica (IBGE)<\/strong>.<\/p>\n\n\n\n<p>O \u00edndice fica atr\u00e1s apenas de <strong>Florian\u00f3polis<\/strong> e \u00e0 frente de Joinville e <strong>S\u00e3o Jos\u00e9<\/strong>. A combina\u00e7\u00e3o de renda elevada, expectativa de vida acima da m\u00e9dia nacional e infraestrutura urbana atrai fam\u00edlias do <strong>Sul<\/strong>, <strong>Sudeste<\/strong> e <strong>Centro-Oeste<\/strong> em busca de qualidade de vida no litoral.<\/p>\n\n\n<div class=\"wp-block-image\">\n<figure class=\"aligncenter size-large\"><img decoding=\"async\" width=\"1024\" height=\"576\" src=\"https:\/\/www.correiobraziliense.com.br\/cbradar\/wp-content\/uploads\/2025\/06\/Balneario-Camboriu_1750469508256-1024x576.jpg\" alt=\"Beleza e luxo fazem da Dubai Brasileira um destino \u00fanico\" class=\"wp-image-56624\" srcset=\"https:\/\/www.correiobraziliense.com.br\/cbradar\/wp-content\/uploads\/2025\/06\/Balneario-Camboriu_1750469508256-1024x576.jpg 1024w, https:\/\/www.correiobraziliense.com.br\/cbradar\/wp-content\/uploads\/2025\/06\/Balneario-Camboriu_1750469508256-300x169.jpg 300w, https:\/\/www.correiobraziliense.com.br\/cbradar\/wp-content\/uploads\/2025\/06\/Balneario-Camboriu_1750469508256-768x432.jpg 768w, https:\/\/www.correiobraziliense.com.br\/cbradar\/wp-content\/uploads\/2025\/06\/Balneario-Camboriu_1750469508256-750x422.jpg 750w, https:\/\/www.correiobraziliense.com.br\/cbradar\/wp-content\/uploads\/2025\/06\/Balneario-Camboriu_1750469508256-1140x641.jpg 1140w, https:\/\/www.correiobraziliense.com.br\/cbradar\/wp-content\/uploads\/2025\/06\/Balneario-Camboriu_1750469508256.jpg 1280w\" sizes=\"(max-width: 1024px) 100vw, 1024px\" \/><figcaption class=\"wp-element-caption\">Balne\u00e1rio Cambori\u00fa est\u00e1 no litoral norte de Santa Catarina, conhecida pelas praias e arranha-c\u00e9us modernos. \/\/ Cr\u00e9ditos: depositphotos.com \/ inacioluc<\/figcaption><\/figure><\/div>\n\n\n<h2 class=\"wp-block-heading\">Como vive quem mora na capital catarinense do turismo<\/h2>\n\n\n\n<p>A cidade tem 139.155 habitantes pelo Censo 2022 e popula\u00e7\u00e3o estimada em 151.674 para 2025, segundo o IBGE. No ver\u00e3o, o n\u00famero quase quintuplica e ultrapassa um milh\u00e3o de pessoas circulando entre os 45 km\u00b2 do munic\u00edpio.<\/p>\n\n\n\n<p>O cotidiano do morador \u00e9 marcado por essa dualidade. Fora da alta temporada, restaurantes ficam vazios, o tr\u00e2nsito flui e a Praia Central vira ponto de caminhada matinal. Em janeiro e fevereiro, a rotina muda: filas, congestionamentos e shows internacionais que enchem a Avenida Atl\u00e2ntica.<\/p>\n\n\n\n<p>O v\u00eddeo do canal &#8220;<strong>100 Destino &#8211; C\u00e9sar e Daia&#8221;<\/strong> explora a realidade de viver em <strong>Balne\u00e1rio Cambori\u00fa<\/strong>, Santa Catarina, indo al\u00e9m da imagem de luxo e dos arranha-c\u00e9us para entender o custo de vida real de quem mora na cidade.<\/p>\n\n\n\n<figure class=\"wp-block-embed aligncenter is-type-video is-provider-youtube wp-block-embed-youtube wp-embed-aspect-16-9 wp-has-aspect-ratio\"><div class=\"wp-block-embed__wrapper\">\n<div class=\"jeg_video_container jeg_video_content\"><iframe loading=\"lazy\" title=\"Balne\u00e1rio Cambori\u00fa: Todo mundo quer vir\u2026 mas poucos conseguem ficar\" width=\"500\" height=\"281\" src=\"https:\/\/www.youtube.com\/embed\/3ULjsbsBUhw?feature=oembed\" frameborder=\"0\" allow=\"accelerometer; autoplay; clipboard-write; encrypted-media; gyroscope; picture-in-picture; web-share\" referrerpolicy=\"strict-origin-when-cross-origin\" allowfullscreen><\/iframe><\/div>\n<\/div><\/figure>\n\n\n\n<h2 class=\"wp-block-heading\">O pr\u00e9dio mais alto do Brasil fica aqui<\/h2>\n\n\n\n<p>O skyline de Balne\u00e1rio Cambori\u00fa concentra a maior verticaliza\u00e7\u00e3o do pa\u00eds. O <strong>Yachthouse Residence Club<\/strong>, com 294,1 metros e 81 andares em torres g\u00eameas, \u00e9 o pr\u00e9dio residencial mais alto do Brasil e da <strong>Am\u00e9rica Latina<\/strong>.<\/p>\n\n\n\n<p>O segundo, <strong>One Tower<\/strong>, tamb\u00e9m est\u00e1 na cidade, com 290 metros. A escassez de terrenos na orla e a demanda cont\u00ednua por im\u00f3veis de luxo explicam essa concentra\u00e7\u00e3o de arranha-c\u00e9us em uma faixa de poucos quil\u00f4metros \u00e0 beira-mar.<\/p>\n\n\n\n<h2 class=\"wp-block-heading\">A obra que transformou a Praia Central<\/h2>\n\n\n\n<p><strong>Em 2021, a cidade concluiu uma das obras mais comentadas da costa brasileira. <\/strong>A faixa de areia da Praia Central foi alargada de 25 para 70 metros, em uma interven\u00e7\u00e3o que custou R$ 66,8 milh\u00f5es e usou areia bombeada de uma jazida a 15 km do litoral.<\/p>\n\n\n\n<p>O resultado mudou a din\u00e2mica da orla. Surgiram quadras de areia, ciclovia, espa\u00e7os para esporte e mais sombra natural para os banhistas. A obra tamb\u00e9m impactou diretamente a valoriza\u00e7\u00e3o imobili\u00e1ria dos pr\u00e9dios em primeira quadra.<\/p>\n\n\n<div class=\"wp-block-image\">\n<figure class=\"aligncenter size-large\"><img decoding=\"async\" width=\"1024\" height=\"576\" src=\"https:\/\/www.correiobraziliense.com.br\/cbradar\/wp-content\/uploads\/2025\/10\/Balneario-Camboriu_1761017614241-1024x576.jpg\" alt=\"Cresce 29% o n\u00famero de brasileiros se mudando para essa cidade de Santa Catarina com alta qualidade de vida pertinho do mar\" class=\"wp-image-123125\" srcset=\"https:\/\/www.correiobraziliense.com.br\/cbradar\/wp-content\/uploads\/2025\/10\/Balneario-Camboriu_1761017614241-1024x576.jpg 1024w, https:\/\/www.correiobraziliense.com.br\/cbradar\/wp-content\/uploads\/2025\/10\/Balneario-Camboriu_1761017614241-300x169.jpg 300w, https:\/\/www.correiobraziliense.com.br\/cbradar\/wp-content\/uploads\/2025\/10\/Balneario-Camboriu_1761017614241-768x432.jpg 768w, https:\/\/www.correiobraziliense.com.br\/cbradar\/wp-content\/uploads\/2025\/10\/Balneario-Camboriu_1761017614241-750x422.jpg 750w, https:\/\/www.correiobraziliense.com.br\/cbradar\/wp-content\/uploads\/2025\/10\/Balneario-Camboriu_1761017614241-1140x641.jpg 1140w, https:\/\/www.correiobraziliense.com.br\/cbradar\/wp-content\/uploads\/2025\/10\/Balneario-Camboriu_1761017614241.jpg 1280w\" sizes=\"(max-width: 1024px) 100vw, 1024px\" \/><figcaption class=\"wp-element-caption\">Balne\u00e1rio Cambori\u00fa \u00e9 um destino tur\u00edstico famoso em Santa Catarina, conhecido por suas praias urbanas. \/\/ Cr\u00e9ditos: depositphotos.com \/ Keola<\/figcaption><\/figure><\/div>\n\n\n<h2 class=\"wp-block-heading\">Quais s\u00e3o as melhores praias para conhecer?<\/h2>\n\n\n\n<p>A Praia Central \u00e9 a mais famosa, mas a cidade tem outras seis enseadas que escapam do \u00f3bvio. Bairros como Estaleiro e Estaleirinho mant\u00eam o ritmo tranquilo do litoral catarinense.<\/p>\n\n\n\n<ul class=\"wp-block-list\">\n<li><strong>Praia Central<\/strong>: 5,8 km de extens\u00e3o, cal\u00e7ad\u00e3o movimentado e o \u00edcone da cidade.<\/li>\n\n\n\n<li><strong>Praia de Laranjeiras<\/strong>: acess\u00edvel pelo telef\u00e9rico do Parque Unipraias, \u00e1gua verde e enseada protegida.<\/li>\n\n\n\n<li><strong>Praia do Estaleiro<\/strong>: certificada com Bandeira Azul, mar limpo e atmosfera reservada.<\/li>\n\n\n\n<li><strong>Praia de Taquaras<\/strong>: pequena, cercada por mata atl\u00e2ntica e ideal para quem busca sil\u00eancio.<\/li>\n\n\n\n<li><strong>Praia Brava<\/strong>: ondas fortes, surfistas e bares descolados na orla.<\/li>\n<\/ul>\n\n\n\n<p><strong>Leia tamb\u00e9m: <a href=\"https:\/\/www.correiobraziliense.com.br\/cbradar\/uma-cidade-gaucha-onde-flamingos-chilenos-pousam-apos-voar-8-mil-km-e-o-sol-nasce-no-oceano\/\" target=\"_blank\" rel=\"noreferrer noopener\">Uma cidade ga\u00facha onde flamingos chilenos pousam ap\u00f3s voar 8 mil km e o sol nasce no oceano.<\/a><\/strong><\/p>\n\n\n\n<h2 class=\"wp-block-heading\">Quando o clima favorece a vida na cidade?<\/h2>\n\n\n\n<p><strong>Balne\u00e1rio Cambori\u00fa tem clima subtropical \u00famido, sem esta\u00e7\u00e3o seca definida. <\/strong>O ver\u00e3o \u00e9 a alta temporada tur\u00edstica, mas o outono \u00e9 o preferido de quem mora.<\/p>\n\n\n\n<style>\n  \/* --- CONTAINER BLINDADO (PADR\u00c3O REGISTRADO) --- *\/\n  .clima-grid-final {\n    font-family: -apple-system, BlinkMacSystemFont, \"Segoe UI\", Roboto, Arial, sans-serif !important;\n    width: 100% !important;\n    max-width: 1200px !important;\n    margin: 20px auto !important;\n    display: grid !important;\n    \/* FOR\u00c7A 4 COLUNAS NO DESKTOP *\/\n    grid-template-columns: repeat(4, 1fr) !important; \n    gap: 15px !important;\n    box-sizing: border-box !important;\n  }\n\n  .clima-grid-final * {\n    box-sizing: border-box !important;\n  }\n\n  \/* --- BLINDAGEM CONTRA ADS E PLUGINS INTRUSOS --- *\/\n  .clima-grid-final > :not(.card-clima) {\n    display: none !important;\n    width: 0 !important;\n    height: 0 !important;\n    opacity: 0 !important;\n  }\n\n  \/* --- CARD PRETO B\u00c1SICO (FUNDO BRANCO) --- *\/\n  .card-clima {\n    background: #ffffff !important;\n    border: 1px solid #e0e0e0 !important;\n    border-radius: 20px !important;\n    padding: 20px 10px !important;\n    text-align: center !important;\n    display: flex !important;\n    flex-direction: column !important;\n    align-items: center !important;\n    box-shadow: 0 4px 10px rgba(0, 0, 0, 0.05) !important;\n    min-width: 0 !important; \n    transition: transform 0.2s ease !important;\n    overflow: hidden !important;\n    height: 100% !important;\n  }\n\n  .card-clima:hover {\n    transform: translateY(-5px) !important;\n    border-color: #000000 !important;\n  }\n\n  \/* --- CONTE\u00daDO --- *\/\n  .estacao-nome { \n    font-size: 14px !important; \n    font-weight: 800 !important; \n    color: #000000 !important; \n    text-transform: uppercase !important; \n    margin: 0 0 5px 0 !important; \n  }\n  \n  .estacao-meses { \n    font-size: 10px !important; \n    font-weight: 700 !important; \n    color: #444444 !important; \n    text-transform: uppercase !important; \n    margin-bottom: 15px !important; \n    display: block !important;\n  }\n  \n  .temp-valor { \n    font-size: 24px !important; \n    font-weight: 800 !important; \n    color: #000000 !important; \n    line-height: 1.1 !important; \n    margin: 0 !important;\n  }\n  \n  .temp-label { \n    font-size: 9px !important; \n    font-weight: 600 !important; \n    color: #777777 !important; \n    text-transform: uppercase !important; \n    margin-bottom: 15px !important; \n    display: block !important;\n  }\n  \n  .clima-desc { \n    font-size: 12px !important; \n    line-height: 1.4 !important; \n    color: #333333 !important; \n    margin-bottom: 15px !important; \n    flex-grow: 1 !important; \n  }\n\n  .tag-status {\n    background-color: #f5f5f5 !important;\n    border: 1px solid #d0d0d0 !important;\n    color: #000000 !important;\n    padding: 5px 12px !important;\n    border-radius: 20px !important;\n    font-size: 9px !important;\n    font-weight: 800 !important;\n    text-transform: uppercase !important;\n    margin-top: auto !important;\n  }\n\n  \/* --- RESPONSIVIDADE --- *\/\n  @media (max-width: 800px) {\n    .clima-grid-final {\n      grid-template-columns: 1fr !important; \n    }\n    .card-clima {\n      padding: 25px 20px !important;\n    }\n  }\n<\/style>\n\n<div class=\"google-auto-ads-ignore clima-grid-final\">\n  \n  <div class=\"card-clima\">\n    <div class=\"estacao-nome\">\u2600\ufe0f Ver\u00e3o<\/div>\n    <span class=\"estacao-meses\">Dez &#8211; Fev<\/span>\n    <div class=\"temp-valor\">22-30\u00b0C<\/div>\n    <span class=\"temp-label\">M\u00e9dia<\/span>\n    <div class=\"clima-desc\">A alta temporada ferve com os dias ensolarados perfeitos para aproveitar a <b>praia<\/b> e a agenda intensa de <b>shows na orla<\/b>.<\/div>\n    <div class=\"tag-status\">\ud83c\udfd6\ufe0f Agito<\/div>\n  <\/div>\n\n  <div class=\"card-clima\">\n    <div class=\"estacao-nome\">\ud83c\udf42 Outono<\/div>\n    <span class=\"estacao-meses\">Mar &#8211; Mai<\/span>\n    <div class=\"temp-valor\">17-26\u00b0C<\/div>\n    <span class=\"temp-label\">M\u00e9dia<\/span>\n    <div class=\"clima-desc\">O clima fica mais ameno e agrad\u00e1vel, sendo o per\u00edodo ideal para realizar <b>caminhadas no Parque Unipraias<\/b> com vistas panor\u00e2micas.<\/div>\n    <div class=\"tag-status\">\ud83d\udea0 Passeios<\/div>\n  <\/div>\n\n  <div class=\"card-clima\">\n    <div class=\"estacao-nome\">\u2744\ufe0f Inverno<\/div>\n    <span class=\"estacao-meses\">Jun &#8211; Ago<\/span>\n    <div class=\"temp-valor\">10-21\u00b0C<\/div>\n    <span class=\"temp-label\">M\u00e9dia<\/span>\n    <div class=\"clima-desc\">A esta\u00e7\u00e3o seca convida para roteiros de <b>gastronomia<\/b> refinada e visitas ao <b>Cristo Luz<\/b> para apreciar a ilumina\u00e7\u00e3o noturna da cidade.<\/div>\n    <div class=\"tag-status\">\ud83c\udf77 Roteiros<\/div>\n  <\/div>\n\n  <div class=\"card-clima\">\n    <div class=\"estacao-nome\">\ud83c\udf38 Primavera<\/div>\n    <span class=\"estacao-meses\">Set &#8211; Nov<\/span>\n    <div class=\"temp-valor\">15-25\u00b0C<\/div>\n    <span class=\"temp-label\">M\u00e9dia<\/span>\n    <div class=\"clima-desc\">Com a temperatura subindo, \u00e9 o momento perfeito para encontrar <b>praias vazias no Estaleirinho<\/b> e relaxar antes da volta do agito.<\/div>\n    <div class=\"tag-status\">\ud83e\uddd8 Descanso<\/div>\n  <\/div>\n\n<\/div>\n\n\n\n<p><em>Temperaturas aproximadas com base no <a href=\"https:\/\/www.climatempo.com.br\/previsao-do-tempo\/cidade\/3342\/balneariocamboriu-sc\" target=\"_blank\" rel=\"noreferrer noopener\"><strong>Climatempo<\/strong><\/a>. Condi\u00e7\u00f5es podem variar.<\/em><\/p>\n\n\n<div class=\"wp-block-image\">\n<figure class=\"aligncenter size-large\"><img decoding=\"async\" width=\"1024\" height=\"576\" src=\"https:\/\/www.correiobraziliense.com.br\/cbradar\/wp-content\/uploads\/2025\/02\/Balneario-Camboriu_1739517788752-1024x576.jpg\" alt=\"Cresce 29% o n\u00famero de brasileiros se mudando para essa cidade de Santa Catarina com alta qualidade de vida pertinho do mar\" class=\"wp-image-2709\" srcset=\"https:\/\/www.correiobraziliense.com.br\/cbradar\/wp-content\/uploads\/2025\/02\/Balneario-Camboriu_1739517788752-1024x576.jpg 1024w, https:\/\/www.correiobraziliense.com.br\/cbradar\/wp-content\/uploads\/2025\/02\/Balneario-Camboriu_1739517788752-300x169.jpg 300w, https:\/\/www.correiobraziliense.com.br\/cbradar\/wp-content\/uploads\/2025\/02\/Balneario-Camboriu_1739517788752-768x432.jpg 768w, https:\/\/www.correiobraziliense.com.br\/cbradar\/wp-content\/uploads\/2025\/02\/Balneario-Camboriu_1739517788752-750x422.jpg 750w, https:\/\/www.correiobraziliense.com.br\/cbradar\/wp-content\/uploads\/2025\/02\/Balneario-Camboriu_1739517788752-1140x641.jpg 1140w, https:\/\/www.correiobraziliense.com.br\/cbradar\/wp-content\/uploads\/2025\/02\/Balneario-Camboriu_1739517788752.jpg 1280w\" sizes=\"(max-width: 1024px) 100vw, 1024px\" \/><figcaption class=\"wp-element-caption\">Com mar azul e energia vibrante, Balne\u00e1rio Cambori\u00fa inspira quem busca viver com qualidade e estilo. \/\/ Cr\u00e9ditos: depositphotos.com \/ diegograndi<\/figcaption><\/figure><\/div>\n\n\n<h2 class=\"wp-block-heading\">Como chegar ao litoral norte catarinense?<\/h2>\n\n\n\n<p>A cidade fica a 80 km de <strong>Florian\u00f3polis<\/strong> e a 96 km de <strong>Joinville<\/strong>, com acesso pela <strong>BR-101<\/strong>. O <strong>Aeroporto Internacional Ministro Victor Konder<\/strong>, em <strong>Navegantes<\/strong>, est\u00e1 a 25 km e recebe voos diretos das principais capitais do pa\u00eds.<\/p>\n\n\n\n<h2 class=\"wp-block-heading\">A cidade que redefine o litoral brasileiro<\/h2>\n\n\n\n<p><strong>Poucos lugares no pa\u00eds conseguem combinar arranha-c\u00e9us de luxo<\/strong>, IDH de cidade europeia e praias com Bandeira Azul em um \u00fanico endere\u00e7o. Esse \u00e9 o pacote raro que coloca Balne\u00e1rio Cambori\u00fa no topo de tantos rankings.<\/p>\n\n\n\n<p>Voc\u00ea precisa visitar Balne\u00e1rio Cambori\u00fa e entender por que milhares de brasileiros escolhem viver \u00e0 sombra dos pr\u00e9dios mais altos do pa\u00eds.<\/p>\n","protected":false},"excerpt":{"rendered":"<p>Em dezembro de 2025, Balne\u00e1rio Cambori\u00fa fechou o ano como a cidade com o im\u00f3vel mais caro do pa\u00eds: R$ 14.906 por metro quadrado. O litoral catarinense superou capitais como S\u00e3o Paulo e Rio de Janeiro e mant\u00e9m a lideran\u00e7a nacional desde 2022. Por que tantos brasileiros escolhem a cidade catarinense? O pre\u00e7o alto n\u00e3o [&hellip;]<\/p>\n","protected":false},"author":8,"featured_media":192025,"comment_status":"open","ping_status":"open","sticky":false,"template":"","format":"standard","meta":{"_yoast_wpseo_focuskw":"Santa Catarina","_yoast_wpseo_title":"","_yoast_wpseo_metadesc":"Com a 2\u00aa melhor qualidade de vida de Santa Catarina, essa cidade lidera no metro quadrado mais caro do Brasil e tem o segundo maior IDH.","jnews-multi-image_gallery":[],"jnews_single_post":{"format":"standard"},"jnews_primary_category":[],"jnews_social_meta":[],"jnews_override_counter":[],"footnotes":""},"categories":[108,111],"post_tag":[700,18332],"class_list":["post-233265","post","type-post","status-publish","format-standard","has-post-thumbnail","hentry","category-cidades","category-turismo","tag-balneario-camboriu","tag-santa-catrina"],"yoast_head":"<!-- This site is optimized with the Yoast SEO plugin v24.6 - https:\/\/yoast.com\/wordpress\/plugins\/seo\/ -->\n<title>A 2\u00aa melhor qualidade de vida de Santa Catarina est\u00e1 em uma cidade que tamb\u00e9m tem o metro quadrado mais caro do Brasil - Correio Braziliense - Radar<\/title>\n<meta name=\"description\" content=\"Com a 2\u00aa melhor qualidade de vida de Santa Catarina, essa cidade lidera no metro quadrado mais caro do Brasil e tem o segundo maior IDH.\" \/>\n<meta name=\"robots\" content=\"index, follow, max-snippet:-1, max-image-preview:large, max-video-preview:-1\" \/>\n<link rel=\"canonical\" href=\"https:\/\/www.correiobraziliense.com.br\/cbradar\/a-2a-melhor-qualidade-de-vida-de-santa-catarina-esta-em-uma-cidade-que-tambem-tem-o-metro-quadrado-mais-caro-do-brasil\/\" \/>\n<meta property=\"og:locale\" content=\"pt_BR\" \/>\n<meta property=\"og:type\" content=\"article\" \/>\n<meta property=\"og:title\" content=\"A 2\u00aa melhor qualidade de vida de Santa Catarina est\u00e1 em uma cidade que tamb\u00e9m tem o metro quadrado mais caro do Brasil - Correio Braziliense - Radar\" \/>\n<meta property=\"og:description\" content=\"Com a 2\u00aa melhor qualidade de vida de Santa Catarina, essa cidade lidera no metro quadrado mais caro do Brasil e tem o segundo maior IDH.\" \/>\n<meta property=\"og:url\" content=\"https:\/\/www.correiobraziliense.com.br\/cbradar\/a-2a-melhor-qualidade-de-vida-de-santa-catarina-esta-em-uma-cidade-que-tambem-tem-o-metro-quadrado-mais-caro-do-brasil\/\" \/>\n<meta property=\"og:site_name\" content=\"Correio Braziliense - Radar\" \/>\n<meta property=\"article:published_time\" content=\"2026-04-28T22:15:00+00:00\" \/>\n<meta property=\"og:image\" content=\"https:\/\/www.correiobraziliense.com.br\/cbradar\/wp-content\/uploads\/2026\/02\/aaa-2026-02-12T042035.714.png\" \/>\n\t<meta property=\"og:image:width\" content=\"1280\" \/>\n\t<meta property=\"og:image:height\" content=\"720\" \/>\n\t<meta property=\"og:image:type\" content=\"image\/png\" \/>\n<meta name=\"author\" content=\"Maura Pereira\" \/>\n<meta name=\"twitter:card\" content=\"summary_large_image\" \/>\n<meta name=\"twitter:label1\" content=\"Escrito por\" \/>\n\t<meta name=\"twitter:data1\" content=\"Maura Pereira\" \/>\n\t<meta name=\"twitter:label2\" content=\"Est. tempo de leitura\" \/>\n\t<meta name=\"twitter:data2\" content=\"6 minutos\" \/>\n<!-- \/ Yoast SEO plugin. -->","yoast_head_json":{"title":"A 2\u00aa melhor qualidade de vida de Santa Catarina est\u00e1 em uma cidade que tamb\u00e9m tem o metro quadrado mais caro do Brasil - Correio Braziliense - Radar","description":"Com a 2\u00aa melhor qualidade de vida de Santa Catarina, essa cidade lidera no metro quadrado mais caro do Brasil e tem o segundo maior IDH.","robots":{"index":"index","follow":"follow","max-snippet":"max-snippet:-1","max-image-preview":"max-image-preview:large","max-video-preview":"max-video-preview:-1"},"canonical":"https:\/\/www.correiobraziliense.com.br\/cbradar\/a-2a-melhor-qualidade-de-vida-de-santa-catarina-esta-em-uma-cidade-que-tambem-tem-o-metro-quadrado-mais-caro-do-brasil\/","og_locale":"pt_BR","og_type":"article","og_title":"A 2\u00aa melhor qualidade de vida de Santa Catarina est\u00e1 em uma cidade que tamb\u00e9m tem o metro quadrado mais caro do Brasil - Correio Braziliense - Radar","og_description":"Com a 2\u00aa melhor qualidade de vida de Santa Catarina, essa cidade lidera no metro quadrado mais caro do Brasil e tem o segundo maior IDH.","og_url":"https:\/\/www.correiobraziliense.com.br\/cbradar\/a-2a-melhor-qualidade-de-vida-de-santa-catarina-esta-em-uma-cidade-que-tambem-tem-o-metro-quadrado-mais-caro-do-brasil\/","og_site_name":"Correio Braziliense - Radar","article_published_time":"2026-04-28T22:15:00+00:00","og_image":[{"width":1280,"height":720,"url":"https:\/\/www.correiobraziliense.com.br\/cbradar\/wp-content\/uploads\/2026\/02\/aaa-2026-02-12T042035.714.png","type":"image\/png"}],"author":"Maura Pereira","twitter_card":"summary_large_image","twitter_misc":{"Escrito por":"Maura Pereira","Est. tempo de leitura":"6 minutos"},"schema":{"@context":"https:\/\/schema.org","@graph":[{"@type":"WebPage","@id":"https:\/\/www.correiobraziliense.com.br\/cbradar\/a-2a-melhor-qualidade-de-vida-de-santa-catarina-esta-em-uma-cidade-que-tambem-tem-o-metro-quadrado-mais-caro-do-brasil\/","url":"https:\/\/www.correiobraziliense.com.br\/cbradar\/a-2a-melhor-qualidade-de-vida-de-santa-catarina-esta-em-uma-cidade-que-tambem-tem-o-metro-quadrado-mais-caro-do-brasil\/","name":"A 2\u00aa melhor qualidade de vida de Santa Catarina est\u00e1 em uma cidade que tamb\u00e9m tem o metro quadrado mais caro do Brasil - Correio Braziliense - Radar","isPartOf":{"@id":"https:\/\/www.correiobraziliense.com.br\/cbradar\/#website"},"primaryImageOfPage":{"@id":"https:\/\/www.correiobraziliense.com.br\/cbradar\/a-2a-melhor-qualidade-de-vida-de-santa-catarina-esta-em-uma-cidade-que-tambem-tem-o-metro-quadrado-mais-caro-do-brasil\/#primaryimage"},"image":{"@id":"https:\/\/www.correiobraziliense.com.br\/cbradar\/a-2a-melhor-qualidade-de-vida-de-santa-catarina-esta-em-uma-cidade-que-tambem-tem-o-metro-quadrado-mais-caro-do-brasil\/#primaryimage"},"thumbnailUrl":"https:\/\/www.correiobraziliense.com.br\/cbradar\/wp-content\/uploads\/2026\/02\/aaa-2026-02-12T042035.714.png","datePublished":"2026-04-28T22:15:00+00:00","author":{"@id":"https:\/\/www.correiobraziliense.com.br\/cbradar\/#\/schema\/person\/4053c651a9bfc785afc6f4cbc9032fd3"},"description":"Com a 2\u00aa melhor qualidade de vida de Santa Catarina, essa cidade lidera no metro quadrado mais caro do Brasil e tem o segundo maior IDH.","breadcrumb":{"@id":"https:\/\/www.correiobraziliense.com.br\/cbradar\/a-2a-melhor-qualidade-de-vida-de-santa-catarina-esta-em-uma-cidade-que-tambem-tem-o-metro-quadrado-mais-caro-do-brasil\/#breadcrumb"},"inLanguage":"pt-BR","potentialAction":[{"@type":"ReadAction","target":["https:\/\/www.correiobraziliense.com.br\/cbradar\/a-2a-melhor-qualidade-de-vida-de-santa-catarina-esta-em-uma-cidade-que-tambem-tem-o-metro-quadrado-mais-caro-do-brasil\/"]}]},{"@type":"ImageObject","inLanguage":"pt-BR","@id":"https:\/\/www.correiobraziliense.com.br\/cbradar\/a-2a-melhor-qualidade-de-vida-de-santa-catarina-esta-em-uma-cidade-que-tambem-tem-o-metro-quadrado-mais-caro-do-brasil\/#primaryimage","url":"https:\/\/www.correiobraziliense.com.br\/cbradar\/wp-content\/uploads\/2026\/02\/aaa-2026-02-12T042035.714.png","contentUrl":"https:\/\/www.correiobraziliense.com.br\/cbradar\/wp-content\/uploads\/2026\/02\/aaa-2026-02-12T042035.714.png","width":1280,"height":720,"caption":"Praia Grande transformou-se de um simples balne\u00e1rio de fim de semana em uma pot\u00eancia tur\u00edstica organizada e moderna. \/ Imagem ilustrativa"},{"@type":"BreadcrumbList","@id":"https:\/\/www.correiobraziliense.com.br\/cbradar\/a-2a-melhor-qualidade-de-vida-de-santa-catarina-esta-em-uma-cidade-que-tambem-tem-o-metro-quadrado-mais-caro-do-brasil\/#breadcrumb","itemListElement":[{"@type":"ListItem","position":1,"name":"In\u00edcio","item":"https:\/\/www.correiobraziliense.com.br\/cbradar\/"},{"@type":"ListItem","position":2,"name":"A 2\u00aa melhor qualidade de vida de Santa Catarina est\u00e1 em uma cidade que tamb\u00e9m tem o metro quadrado mais caro do Brasil"}]},{"@type":"WebSite","@id":"https:\/\/www.correiobraziliense.com.br\/cbradar\/#website","url":"https:\/\/www.correiobraziliense.com.br\/cbradar\/","name":"Correio Braziliense - Radar","description":"Acompanhe as \u00faltimas not\u00edcias e fique bem informado sobre tudo o que acontece no Brasil e no mundo.","potentialAction":[{"@type":"SearchAction","target":{"@type":"EntryPoint","urlTemplate":"https:\/\/www.correiobraziliense.com.br\/cbradar\/?s={search_term_string}"},"query-input":{"@type":"PropertyValueSpecification","valueRequired":true,"valueName":"search_term_string"}}],"inLanguage":"pt-BR"},{"@type":"Person","@id":"https:\/\/www.correiobraziliense.com.br\/cbradar\/#\/schema\/person\/4053c651a9bfc785afc6f4cbc9032fd3","name":"Maura Pereira","image":{"@type":"ImageObject","inLanguage":"pt-BR","@id":"https:\/\/www.correiobraziliense.com.br\/cbradar\/#\/schema\/person\/image\/","url":"https:\/\/secure.gravatar.com\/avatar\/3effd6bdadfa447f15089c7f7144eaa6?s=96&d=mm&r=g","contentUrl":"https:\/\/secure.gravatar.com\/avatar\/3effd6bdadfa447f15089c7f7144eaa6?s=96&d=mm&r=g","caption":"Maura Pereira"},"sameAs":["https:\/\/www.correiobraziliense.com.br\/"],"url":"https:\/\/www.correiobraziliense.com.br\/cbradar\/author\/mauramyth\/"}]}},"_links":{"self":[{"href":"https:\/\/www.correiobraziliense.com.br\/cbradar\/wp-json\/wp\/v2\/posts\/233265","targetHints":{"allow":["GET"]}}],"collection":[{"href":"https:\/\/www.correiobraziliense.com.br\/cbradar\/wp-json\/wp\/v2\/posts"}],"about":[{"href":"https:\/\/www.correiobraziliense.com.br\/cbradar\/wp-json\/wp\/v2\/types\/post"}],"author":[{"embeddable":true,"href":"https:\/\/www.correiobraziliense.com.br\/cbradar\/wp-json\/wp\/v2\/users\/8"}],"replies":[{"embeddable":true,"href":"https:\/\/www.correiobraziliense.com.br\/cbradar\/wp-json\/wp\/v2\/comments?post=233265"}],"version-history":[{"count":7,"href":"https:\/\/www.correiobraziliense.com.br\/cbradar\/wp-json\/wp\/v2\/posts\/233265\/revisions"}],"predecessor-version":[{"id":233789,"href":"https:\/\/www.correiobraziliense.com.br\/cbradar\/wp-json\/wp\/v2\/posts\/233265\/revisions\/233789"}],"wp:featuredmedia":[{"embeddable":true,"href":"https:\/\/www.correiobraziliense.com.br\/cbradar\/wp-json\/wp\/v2\/media\/192025"}],"wp:attachment":[{"href":"https:\/\/www.correiobraziliense.com.br\/cbradar\/wp-json\/wp\/v2\/media?parent=233265"}],"wp:term":[{"taxonomy":"category","embeddable":true,"href":"https:\/\/www.correiobraziliense.com.br\/cbradar\/wp-json\/wp\/v2\/categories?post=233265"},{"taxonomy":"post_tag","embeddable":true,"href":"https:\/\/www.correiobraziliense.com.br\/cbradar\/wp-json\/wp\/v2\/post_tag?post=233265"}],"curies":[{"name":"wp","href":"https:\/\/api.w.org\/{rel}","templated":true}]}}