{"id":233273,"date":"2026-04-29T07:25:00","date_gmt":"2026-04-29T10:25:00","guid":{"rendered":"https:\/\/www.correiobraziliense.com.br\/cbradar\/?p=233273"},"modified":"2026-04-28T13:36:51","modified_gmt":"2026-04-28T16:36:51","slug":"a-planta-amarga-que-pode-entrar-na-rotina-de-quem-busca-equilibrio-digestivo-e-ainda-e-simples-de-cuidar-no-quintal","status":"publish","type":"post","link":"https:\/\/www.correiobraziliense.com.br\/cbradar\/a-planta-amarga-que-pode-entrar-na-rotina-de-quem-busca-equilibrio-digestivo-e-ainda-e-simples-de-cuidar-no-quintal\/","title":{"rendered":"A planta amarga que pode entrar na rotina de quem busca equil\u00edbrio digestivo e ainda \u00e9 simples de cuidar no quintal"},"content":{"rendered":"\n<p>Por que uma erva de sabor t\u00e3o forte como a <strong>carqueja<\/strong> continua aparecendo nas hortas caseiras e nas recomenda\u00e7\u00f5es de quem entende de plantas medicinais? A resposta vai direto ao ponto: ela \u00e9 uma das aliadas mais eficientes do sistema digestivo e ainda exige pouco cuidado di\u00e1rio, bastando sol e um solo simples para crescer com vigor.<\/p>\n\n\n\n<h2 class=\"wp-block-heading\">O que \u00e9 a carqueja e por que ela tem um sabor t\u00e3o amargo?<\/h2>\n\n\n\n<p>A <strong>carqueja<\/strong> (Baccharis trimera) \u00e9 uma erva perene nativa da Am\u00e9rica do Sul, encontrada com facilidade em terrenos baldios e pastos de quase todo o Brasil. Suas hastes verdes e achatadas lembram pequenas asas e s\u00e3o respons\u00e1veis pela fotoss\u00edntese, j\u00e1 que a planta praticamente n\u00e3o desenvolve folhas.<\/p>\n\n\n\n<p>O amargor caracter\u00edstico vem dos compostos bioativos concentrados nessas hastes, como os flavonoides e as lactonas sesquiterp\u00eanicas. S\u00e3o exatamente essas subst\u00e2ncias que explicam a a\u00e7\u00e3o digestiva t\u00e3o comentada \u2014 o paladar intenso \u00e9 um sinal de que os princ\u00edpios ativos est\u00e3o ali, prontos para agir.<\/p>\n\n\n<div class=\"wp-block-image\">\n<figure class=\"aligncenter size-full\"><img decoding=\"async\" width=\"1280\" height=\"720\" src=\"https:\/\/www.correiobraziliense.com.br\/cbradar\/wp-content\/uploads\/2026\/04\/IMAGEM_720p_1777340877010.jpg\" alt=\"Como a carqueja age no equil\u00edbrio digestivo, apresentar suas outras propriedades medicinais e ensinar o cultivo caseiro simples dessa planta.\" class=\"wp-image-233286\" srcset=\"https:\/\/www.correiobraziliense.com.br\/cbradar\/wp-content\/uploads\/2026\/04\/IMAGEM_720p_1777340877010.jpg 1280w, https:\/\/www.correiobraziliense.com.br\/cbradar\/wp-content\/uploads\/2026\/04\/IMAGEM_720p_1777340877010-300x169.jpg 300w, https:\/\/www.correiobraziliense.com.br\/cbradar\/wp-content\/uploads\/2026\/04\/IMAGEM_720p_1777340877010-768x432.jpg 768w, https:\/\/www.correiobraziliense.com.br\/cbradar\/wp-content\/uploads\/2026\/04\/IMAGEM_720p_1777340877010-750x422.jpg 750w, https:\/\/www.correiobraziliense.com.br\/cbradar\/wp-content\/uploads\/2026\/04\/IMAGEM_720p_1777340877010-1140x641.jpg 1140w\" sizes=\"(max-width: 1280px) 100vw, 1280px\" \/><figcaption class=\"wp-element-caption\">Como a carqueja age no equil\u00edbrio digestivo, apresentar suas outras propriedades medicinais e ensinar o cultivo caseiro simples dessa planta.<\/figcaption><\/figure><\/div>\n\n\n<h2 class=\"wp-block-heading\">Como a carqueja atua na digest\u00e3o pesada?<\/h2>\n\n\n\n<p>O segredo est\u00e1 na bile. A <strong>carqueja<\/strong> tem a\u00e7\u00e3o coler\u00e9tica (estimula a produ\u00e7\u00e3o de bile pelo f\u00edgado) e colagoga (promove a libera\u00e7\u00e3o da bile armazenada na ves\u00edcula biliar), dois efeitos que facilitam a quebra de gorduras durante a digest\u00e3o. \u00c9 por isso que o ch\u00e1 costuma ser indicado antes de refei\u00e7\u00f5es mais pesadas: ele prepara o sistema digestivo para trabalhar melhor.<\/p>\n\n\n\n<p>Pesquisas com extrato da planta j\u00e1 demonstraram o aumento da secre\u00e7\u00e3o biliar como um dos mecanismos centrais para o al\u00edvio de sintomas como empachamento, n\u00e1useas e sensa\u00e7\u00e3o de est\u00f4mago cheio. O efeito n\u00e3o \u00e9 s\u00f3 popular \u2014 tem respaldo cient\u00edfico.<\/p>\n\n\n\n<h2 class=\"wp-block-heading\">Quais outros benef\u00edcios a carqueja oferece ao organismo?<\/h2>\n\n\n\n<p>Al\u00e9m do suporte digestivo, a <strong>carqueja<\/strong> aparece em diversos estudos com propriedades que v\u00e3o al\u00e9m do est\u00f4mago. Um <a href=\"https:\/\/pmc.ncbi.nlm.nih.gov\/articles\/PMC9611608\/\" target=\"_blank\" rel=\"noreferrer noopener\">artigo publicado na <strong>National Library of Medicine<\/strong><\/a> mostrou que a infus\u00e3o de Baccharis trimera ajudou a prevenir obesidade e dist\u00farbios metab\u00f3licos em modelos animais, al\u00e9m de reduzir a ativa\u00e7\u00e3o de c\u00e9lulas inflamat\u00f3rias.<\/p>\n\n\n\n<p>Outros efeitos j\u00e1 documentados incluem a\u00e7\u00e3o hepatoprotetora, diur\u00e9tica, antioxidante e anti\u2011inflamat\u00f3ria, o que torna a planta uma op\u00e7\u00e3o vers\u00e1til para quem busca suporte natural ao f\u00edgado e ao metabolismo como um todo. Confira alguns desses benef\u00edcios:<\/p>\n\n\n\n<ul class=\"wp-block-list\">\n<li><strong>A\u00e7\u00e3o hepatoprotetora:<\/strong> protege as c\u00e9lulas do f\u00edgado contra toxinas e radicais livres.<\/li>\n\n\n\n<li><strong>Efeito diur\u00e9tico:<\/strong> auxilia na elimina\u00e7\u00e3o do excesso de l\u00edquidos e toxinas.<\/li>\n\n\n\n<li><strong>Potencial hipoglicemiante:<\/strong> estudos indicam redu\u00e7\u00e3o nos n\u00edveis de a\u00e7\u00facar no sangue.<\/li>\n\n\n\n<li><strong>Propriedades anti\u2011inflamat\u00f3rias:<\/strong> compostos fen\u00f3licos atuam na modula\u00e7\u00e3o da inflama\u00e7\u00e3o.<\/li>\n<\/ul>\n\n\n\n<p>Leia tamb\u00e9m: <a href=\"https:\/\/www.correiobraziliense.com.br\/cbradar\/nem-cru-nem-em-excesso-como-consumir-aveia-do-jeito-certo-para-melhorar-a-digestao\/\" target=\"_blank\" rel=\"noreferrer noopener\">Nem cru, nem em excesso: como consumir aveia do jeito certo para melhorar a digest\u00e3o<\/a><\/p>\n\n\n\n<h2 class=\"wp-block-heading\">Como cultivar carqueja no quintal sem complica\u00e7\u00e3o?<\/h2>\n\n\n\n<p>A <strong>carqueja<\/strong> \u00e9 uma planta r\u00fastica, adaptada a solos pobres e com alta toler\u00e2ncia ao sol pleno. O excesso de mat\u00e9ria org\u00e2nica ou de \u00e1gua pode at\u00e9 prejudicar a concentra\u00e7\u00e3o de princ\u00edpios ativos nas hastes, ent\u00e3o a dica \u00e9 simples: escolha um local bem ensolarado e garanta uma terra com boa drenagem.<\/p>\n\n\n\n<p>A propaga\u00e7\u00e3o mais comum \u00e9 por estacas de ramos jovens, com cerca de <strong>15 a 20 cent\u00edmetros<\/strong>, plantadas diretamente em saquinhos ou em covas com <strong>30 cm de profundidade<\/strong>. A manuten\u00e7\u00e3o se resume a regas moderadas e colheitas das hastes mais novas, que concentram mais compostos bioativos.<\/p>\n\n\n<div class=\"wp-block-image\">\n<figure class=\"aligncenter size-full\"><img decoding=\"async\" width=\"1280\" height=\"720\" src=\"https:\/\/www.correiobraziliense.com.br\/cbradar\/wp-content\/uploads\/2026\/04\/IMAGEM_720p_1777340880689.jpg\" alt=\"Como a carqueja age no equil\u00edbrio digestivo, apresentar suas outras propriedades medicinais e ensinar o cultivo caseiro simples dessa planta.\" class=\"wp-image-233285\" srcset=\"https:\/\/www.correiobraziliense.com.br\/cbradar\/wp-content\/uploads\/2026\/04\/IMAGEM_720p_1777340880689.jpg 1280w, https:\/\/www.correiobraziliense.com.br\/cbradar\/wp-content\/uploads\/2026\/04\/IMAGEM_720p_1777340880689-300x169.jpg 300w, https:\/\/www.correiobraziliense.com.br\/cbradar\/wp-content\/uploads\/2026\/04\/IMAGEM_720p_1777340880689-768x432.jpg 768w, https:\/\/www.correiobraziliense.com.br\/cbradar\/wp-content\/uploads\/2026\/04\/IMAGEM_720p_1777340880689-750x422.jpg 750w, https:\/\/www.correiobraziliense.com.br\/cbradar\/wp-content\/uploads\/2026\/04\/IMAGEM_720p_1777340880689-1140x641.jpg 1140w\" sizes=\"(max-width: 1280px) 100vw, 1280px\" \/><figcaption class=\"wp-element-caption\">Como a carqueja age no equil\u00edbrio digestivo, apresentar suas outras propriedades medicinais e ensinar o cultivo caseiro simples dessa planta.<\/figcaption><\/figure><\/div>\n\n\n<h2 class=\"wp-block-heading\">Como preparar e consumir o ch\u00e1 de carqueja com seguran\u00e7a?<\/h2>\n\n\n\n<p>A forma mais comum de consumo \u00e9 a infus\u00e3o: use <strong>uma colher de ch\u00e1<\/strong> das hastes secas para uma x\u00edcara de <strong>200 ml<\/strong> de \u00e1gua quente, deixando em repouso por alguns minutos antes de coar. O ideal \u00e9 tomar o ch\u00e1 morno cerca de <strong>15 a 30 minutos antes<\/strong> das principais refei\u00e7\u00f5es, para que o efeito sobre a bile aconte\u00e7a no momento certo.<\/p>\n\n\n\n<p>Embora seja uma planta reconhecida pela <strong>Farmacopeia Brasileira<\/strong>, o consumo em excesso pode causar efeitos indesejados, como irrita\u00e7\u00e3o g\u00e1strica ou queda de press\u00e3o. Por isso, a recomenda\u00e7\u00e3o geral \u00e9 evitar mais de <strong>tr\u00eas x\u00edcaras ao dia<\/strong> e consultar um profissional de sa\u00fade antes de incluir a carqueja na rotina, especialmente durante a gesta\u00e7\u00e3o ou o uso de medicamentos cont\u00ednuos.<\/p>\n","protected":false},"excerpt":{"rendered":"<p>Por que uma erva de sabor t\u00e3o forte como a carqueja continua aparecendo nas hortas caseiras e nas recomenda\u00e7\u00f5es de quem entende de plantas medicinais? A resposta vai direto ao ponto: ela \u00e9 uma das aliadas mais eficientes do sistema digestivo e ainda exige pouco cuidado di\u00e1rio, bastando sol e um solo simples para crescer [&hellip;]<\/p>\n","protected":false},"author":11,"featured_media":233752,"comment_status":"open","ping_status":"open","sticky":false,"template":"","format":"standard","meta":{"_yoast_wpseo_focuskw":"planta amarga melhora digest\u00e3o","_yoast_wpseo_title":"","_yoast_wpseo_metadesc":"Uma planta de sabor intenso que alivia o desconforto depois das refei\u00e7\u00f5es e ainda cresce sem exigir quase nada de voc\u00ea. Vale a pena conhecer?","jnews-multi-image_gallery":[],"jnews_single_post":{"format":"standard"},"jnews_primary_category":[],"jnews_social_meta":[],"jnews_override_counter":[],"footnotes":""},"categories":[119],"post_tag":[],"class_list":["post-233273","post","type-post","status-publish","format-standard","has-post-thumbnail","hentry","category-bem-estar"],"yoast_head":"<!-- This site is optimized with the Yoast SEO plugin v24.6 - https:\/\/yoast.com\/wordpress\/plugins\/seo\/ -->\n<title>A planta amarga que pode entrar na rotina de quem busca equil\u00edbrio digestivo e ainda \u00e9 simples de cuidar no quintal - Correio Braziliense - Radar<\/title>\n<meta name=\"description\" content=\"Uma planta de sabor intenso que alivia o desconforto depois das refei\u00e7\u00f5es e ainda cresce sem exigir quase nada de voc\u00ea. Vale a pena conhecer?\" \/>\n<meta name=\"robots\" content=\"index, follow, max-snippet:-1, max-image-preview:large, max-video-preview:-1\" \/>\n<link rel=\"canonical\" href=\"https:\/\/www.correiobraziliense.com.br\/cbradar\/a-planta-amarga-que-pode-entrar-na-rotina-de-quem-busca-equilibrio-digestivo-e-ainda-e-simples-de-cuidar-no-quintal\/\" \/>\n<meta property=\"og:locale\" content=\"pt_BR\" \/>\n<meta property=\"og:type\" content=\"article\" \/>\n<meta property=\"og:title\" content=\"A planta amarga que pode entrar na rotina de quem busca equil\u00edbrio digestivo e ainda \u00e9 simples de cuidar no quintal - Correio Braziliense - Radar\" \/>\n<meta property=\"og:description\" content=\"Uma planta de sabor intenso que alivia o desconforto depois das refei\u00e7\u00f5es e ainda cresce sem exigir quase nada de voc\u00ea. Vale a pena conhecer?\" \/>\n<meta property=\"og:url\" content=\"https:\/\/www.correiobraziliense.com.br\/cbradar\/a-planta-amarga-que-pode-entrar-na-rotina-de-quem-busca-equilibrio-digestivo-e-ainda-e-simples-de-cuidar-no-quintal\/\" \/>\n<meta property=\"og:site_name\" content=\"Correio Braziliense - Radar\" \/>\n<meta property=\"article:published_time\" content=\"2026-04-29T10:25:00+00:00\" \/>\n<meta property=\"og:image\" content=\"https:\/\/www.correiobraziliense.com.br\/cbradar\/wp-content\/uploads\/2026\/04\/Maos_colhendo_folhas_202604281332.jpg\" \/>\n\t<meta property=\"og:image:width\" content=\"1280\" \/>\n\t<meta property=\"og:image:height\" content=\"720\" \/>\n\t<meta property=\"og:image:type\" content=\"image\/jpeg\" \/>\n<meta name=\"author\" content=\"Paulo Custodio\" \/>\n<meta name=\"twitter:card\" content=\"summary_large_image\" \/>\n<meta name=\"twitter:label1\" content=\"Escrito por\" \/>\n\t<meta name=\"twitter:data1\" content=\"Paulo Custodio\" \/>\n\t<meta name=\"twitter:label2\" content=\"Est. tempo de leitura\" \/>\n\t<meta name=\"twitter:data2\" content=\"5 minutos\" \/>\n<!-- \/ Yoast SEO plugin. -->","yoast_head_json":{"title":"A planta amarga que pode entrar na rotina de quem busca equil\u00edbrio digestivo e ainda \u00e9 simples de cuidar no quintal - Correio Braziliense - Radar","description":"Uma planta de sabor intenso que alivia o desconforto depois das refei\u00e7\u00f5es e ainda cresce sem exigir quase nada de voc\u00ea. Vale a pena conhecer?","robots":{"index":"index","follow":"follow","max-snippet":"max-snippet:-1","max-image-preview":"max-image-preview:large","max-video-preview":"max-video-preview:-1"},"canonical":"https:\/\/www.correiobraziliense.com.br\/cbradar\/a-planta-amarga-que-pode-entrar-na-rotina-de-quem-busca-equilibrio-digestivo-e-ainda-e-simples-de-cuidar-no-quintal\/","og_locale":"pt_BR","og_type":"article","og_title":"A planta amarga que pode entrar na rotina de quem busca equil\u00edbrio digestivo e ainda \u00e9 simples de cuidar no quintal - Correio Braziliense - Radar","og_description":"Uma planta de sabor intenso que alivia o desconforto depois das refei\u00e7\u00f5es e ainda cresce sem exigir quase nada de voc\u00ea. Vale a pena conhecer?","og_url":"https:\/\/www.correiobraziliense.com.br\/cbradar\/a-planta-amarga-que-pode-entrar-na-rotina-de-quem-busca-equilibrio-digestivo-e-ainda-e-simples-de-cuidar-no-quintal\/","og_site_name":"Correio Braziliense - Radar","article_published_time":"2026-04-29T10:25:00+00:00","og_image":[{"width":1280,"height":720,"url":"https:\/\/www.correiobraziliense.com.br\/cbradar\/wp-content\/uploads\/2026\/04\/Maos_colhendo_folhas_202604281332.jpg","type":"image\/jpeg"}],"author":"Paulo Custodio","twitter_card":"summary_large_image","twitter_misc":{"Escrito por":"Paulo Custodio","Est. tempo de leitura":"5 minutos"},"schema":{"@context":"https:\/\/schema.org","@graph":[{"@type":"WebPage","@id":"https:\/\/www.correiobraziliense.com.br\/cbradar\/a-planta-amarga-que-pode-entrar-na-rotina-de-quem-busca-equilibrio-digestivo-e-ainda-e-simples-de-cuidar-no-quintal\/","url":"https:\/\/www.correiobraziliense.com.br\/cbradar\/a-planta-amarga-que-pode-entrar-na-rotina-de-quem-busca-equilibrio-digestivo-e-ainda-e-simples-de-cuidar-no-quintal\/","name":"A planta amarga que pode entrar na rotina de quem busca equil\u00edbrio digestivo e ainda \u00e9 simples de cuidar no quintal - Correio Braziliense - Radar","isPartOf":{"@id":"https:\/\/www.correiobraziliense.com.br\/cbradar\/#website"},"primaryImageOfPage":{"@id":"https:\/\/www.correiobraziliense.com.br\/cbradar\/a-planta-amarga-que-pode-entrar-na-rotina-de-quem-busca-equilibrio-digestivo-e-ainda-e-simples-de-cuidar-no-quintal\/#primaryimage"},"image":{"@id":"https:\/\/www.correiobraziliense.com.br\/cbradar\/a-planta-amarga-que-pode-entrar-na-rotina-de-quem-busca-equilibrio-digestivo-e-ainda-e-simples-de-cuidar-no-quintal\/#primaryimage"},"thumbnailUrl":"https:\/\/www.correiobraziliense.com.br\/cbradar\/wp-content\/uploads\/2026\/04\/Maos_colhendo_folhas_202604281332.jpg","datePublished":"2026-04-29T10:25:00+00:00","author":{"@id":"https:\/\/www.correiobraziliense.com.br\/cbradar\/#\/schema\/person\/4cec7857301a9a1a2ef249893cd908d3"},"description":"Uma planta de sabor intenso que alivia o desconforto depois das refei\u00e7\u00f5es e ainda cresce sem exigir quase nada de voc\u00ea. Vale a pena conhecer?","breadcrumb":{"@id":"https:\/\/www.correiobraziliense.com.br\/cbradar\/a-planta-amarga-que-pode-entrar-na-rotina-de-quem-busca-equilibrio-digestivo-e-ainda-e-simples-de-cuidar-no-quintal\/#breadcrumb"},"inLanguage":"pt-BR","potentialAction":[{"@type":"ReadAction","target":["https:\/\/www.correiobraziliense.com.br\/cbradar\/a-planta-amarga-que-pode-entrar-na-rotina-de-quem-busca-equilibrio-digestivo-e-ainda-e-simples-de-cuidar-no-quintal\/"]}]},{"@type":"ImageObject","inLanguage":"pt-BR","@id":"https:\/\/www.correiobraziliense.com.br\/cbradar\/a-planta-amarga-que-pode-entrar-na-rotina-de-quem-busca-equilibrio-digestivo-e-ainda-e-simples-de-cuidar-no-quintal\/#primaryimage","url":"https:\/\/www.correiobraziliense.com.br\/cbradar\/wp-content\/uploads\/2026\/04\/Maos_colhendo_folhas_202604281332.jpg","contentUrl":"https:\/\/www.correiobraziliense.com.br\/cbradar\/wp-content\/uploads\/2026\/04\/Maos_colhendo_folhas_202604281332.jpg","width":1280,"height":720,"caption":"Suas folhas s\u00e3o usadas em ch\u00e1s ap\u00f3s refei\u00e7\u00f5es pesadas"},{"@type":"BreadcrumbList","@id":"https:\/\/www.correiobraziliense.com.br\/cbradar\/a-planta-amarga-que-pode-entrar-na-rotina-de-quem-busca-equilibrio-digestivo-e-ainda-e-simples-de-cuidar-no-quintal\/#breadcrumb","itemListElement":[{"@type":"ListItem","position":1,"name":"In\u00edcio","item":"https:\/\/www.correiobraziliense.com.br\/cbradar\/"},{"@type":"ListItem","position":2,"name":"A planta amarga que pode entrar na rotina de quem busca equil\u00edbrio digestivo e ainda \u00e9 simples de cuidar no quintal"}]},{"@type":"WebSite","@id":"https:\/\/www.correiobraziliense.com.br\/cbradar\/#website","url":"https:\/\/www.correiobraziliense.com.br\/cbradar\/","name":"Correio Braziliense - Radar","description":"Acompanhe as \u00faltimas not\u00edcias e fique bem informado sobre tudo o que acontece no Brasil e no mundo.","potentialAction":[{"@type":"SearchAction","target":{"@type":"EntryPoint","urlTemplate":"https:\/\/www.correiobraziliense.com.br\/cbradar\/?s={search_term_string}"},"query-input":{"@type":"PropertyValueSpecification","valueRequired":true,"valueName":"search_term_string"}}],"inLanguage":"pt-BR"},{"@type":"Person","@id":"https:\/\/www.correiobraziliense.com.br\/cbradar\/#\/schema\/person\/4cec7857301a9a1a2ef249893cd908d3","name":"Paulo Custodio","image":{"@type":"ImageObject","inLanguage":"pt-BR","@id":"https:\/\/www.correiobraziliense.com.br\/cbradar\/#\/schema\/person\/image\/","url":"https:\/\/secure.gravatar.com\/avatar\/bcd67168d1534e8fcf4f45c726a87cea?s=96&d=mm&r=g","contentUrl":"https:\/\/secure.gravatar.com\/avatar\/bcd67168d1534e8fcf4f45c726a87cea?s=96&d=mm&r=g","caption":"Paulo Custodio"},"sameAs":["https:\/\/www.correiobraziliense.com.br\/cbradar"],"url":"https:\/\/www.correiobraziliense.com.br\/cbradar\/author\/paulomyth\/"}]}},"_links":{"self":[{"href":"https:\/\/www.correiobraziliense.com.br\/cbradar\/wp-json\/wp\/v2\/posts\/233273","targetHints":{"allow":["GET"]}}],"collection":[{"href":"https:\/\/www.correiobraziliense.com.br\/cbradar\/wp-json\/wp\/v2\/posts"}],"about":[{"href":"https:\/\/www.correiobraziliense.com.br\/cbradar\/wp-json\/wp\/v2\/types\/post"}],"author":[{"embeddable":true,"href":"https:\/\/www.correiobraziliense.com.br\/cbradar\/wp-json\/wp\/v2\/users\/11"}],"replies":[{"embeddable":true,"href":"https:\/\/www.correiobraziliense.com.br\/cbradar\/wp-json\/wp\/v2\/comments?post=233273"}],"version-history":[{"count":1,"href":"https:\/\/www.correiobraziliense.com.br\/cbradar\/wp-json\/wp\/v2\/posts\/233273\/revisions"}],"predecessor-version":[{"id":233291,"href":"https:\/\/www.correiobraziliense.com.br\/cbradar\/wp-json\/wp\/v2\/posts\/233273\/revisions\/233291"}],"wp:featuredmedia":[{"embeddable":true,"href":"https:\/\/www.correiobraziliense.com.br\/cbradar\/wp-json\/wp\/v2\/media\/233752"}],"wp:attachment":[{"href":"https:\/\/www.correiobraziliense.com.br\/cbradar\/wp-json\/wp\/v2\/media?parent=233273"}],"wp:term":[{"taxonomy":"category","embeddable":true,"href":"https:\/\/www.correiobraziliense.com.br\/cbradar\/wp-json\/wp\/v2\/categories?post=233273"},{"taxonomy":"post_tag","embeddable":true,"href":"https:\/\/www.correiobraziliense.com.br\/cbradar\/wp-json\/wp\/v2\/post_tag?post=233273"}],"curies":[{"name":"wp","href":"https:\/\/api.w.org\/{rel}","templated":true}]}}