{"id":233294,"date":"2026-04-29T09:05:00","date_gmt":"2026-04-29T12:05:00","guid":{"rendered":"https:\/\/www.correiobraziliense.com.br\/cbradar\/?p=233294"},"modified":"2026-04-28T13:36:28","modified_gmt":"2026-04-28T16:36:28","slug":"por-que-a-dor-no-pescoco-ao-acordar-atrapalha-a-concentracao-durante-o-dia-e-que-habitos-ajudam-a-evita-la-segundo-especialistas","status":"publish","type":"post","link":"https:\/\/www.correiobraziliense.com.br\/cbradar\/por-que-a-dor-no-pescoco-ao-acordar-atrapalha-a-concentracao-durante-o-dia-e-que-habitos-ajudam-a-evita-la-segundo-especialistas\/","title":{"rendered":"Por que a dor no pesco\u00e7o ao acordar atrapalha a concentra\u00e7\u00e3o durante o dia e que h\u00e1bitos ajudam a evit\u00e1-la, segundo especialistas"},"content":{"rendered":"\n<p>\u00c9 poss\u00edvel come\u00e7ar o dia sem inc\u00f4modo, mas no instante em que a <strong>dor no pesco\u00e7o ao acordar<\/strong> aparece, o foco some e tarefas simples viram um esfor\u00e7o desproporcional? A resposta est\u00e1 no ciclo que une noite mal dormida, tens\u00e3o muscular e um c\u00e9rebro que precisa gastar energia demais para ignorar o desconforto.<\/p>\n\n\n\n<h2 class=\"wp-block-heading\">O que causa a dor no pesco\u00e7o ao acordar?<\/h2>\n\n\n\n<p>Na maioria das vezes, a origem est\u00e1 na posi\u00e7\u00e3o prolongada em que a cabe\u00e7a e a coluna cervical passam a noite. Dormir de bru\u00e7os, por exemplo, obriga o pesco\u00e7o a ficar virado por horas, alongando m\u00fasculos e comprimindo v\u00e9rtebras de forma desigual.<\/p>\n\n\n\n<p>Outros fatores como <strong>estresse<\/strong> diurno e m\u00e1 postura em frente ao computador tamb\u00e9m deixam a musculatura do pesco\u00e7o encurtada e sens\u00edvel, cen\u00e1rio que se agrava quando o travesseiro ou o colch\u00e3o n\u00e3o oferecem o suporte adequado. A <strong>rigidez da nuca<\/strong> resultante \u00e9 uma rea\u00e7\u00e3o comum e, na maioria dos casos, tempor\u00e1ria.<\/p>\n\n\n<div class=\"wp-block-image\">\n<figure class=\"aligncenter size-full\"><img decoding=\"async\" width=\"1280\" height=\"720\" src=\"https:\/\/www.correiobraziliense.com.br\/cbradar\/wp-content\/uploads\/2026\/04\/IMAGEM_720p_1777341546140.jpg\" alt=\"A rela\u00e7\u00e3o entre dor cervical matinal e queda de concentra\u00e7\u00e3o, al\u00e9m de ensinar h\u00e1bitos baseados em evid\u00eancias cient\u00edficas\" class=\"wp-image-233305\" srcset=\"https:\/\/www.correiobraziliense.com.br\/cbradar\/wp-content\/uploads\/2026\/04\/IMAGEM_720p_1777341546140.jpg 1280w, https:\/\/www.correiobraziliense.com.br\/cbradar\/wp-content\/uploads\/2026\/04\/IMAGEM_720p_1777341546140-300x169.jpg 300w, https:\/\/www.correiobraziliense.com.br\/cbradar\/wp-content\/uploads\/2026\/04\/IMAGEM_720p_1777341546140-768x432.jpg 768w, https:\/\/www.correiobraziliense.com.br\/cbradar\/wp-content\/uploads\/2026\/04\/IMAGEM_720p_1777341546140-750x422.jpg 750w, https:\/\/www.correiobraziliense.com.br\/cbradar\/wp-content\/uploads\/2026\/04\/IMAGEM_720p_1777341546140-1140x641.jpg 1140w\" sizes=\"(max-width: 1280px) 100vw, 1280px\" \/><figcaption class=\"wp-element-caption\">A rela\u00e7\u00e3o entre dor cervical matinal e queda de concentra\u00e7\u00e3o, al\u00e9m de ensinar h\u00e1bitos baseados em evid\u00eancias cient\u00edficas<\/figcaption><\/figure><\/div>\n\n\n<h2 class=\"wp-block-heading\">Como a dor no pesco\u00e7o sequestra a concentra\u00e7\u00e3o?<\/h2>\n\n\n\n<p>A explica\u00e7\u00e3o envolve dois mecanismos simult\u00e2neos. O primeiro \u00e9 a <strong>aten\u00e7\u00e3o dividida<\/strong>: a presen\u00e7a constante da dor compete com as tarefas que exigem foco, e o c\u00e9rebro precisa redirecionar recursos para processar o inc\u00f4modo antes mesmo de voc\u00ea perceber.<\/p>\n\n\n\n<p>O segundo \u00e9 a <strong>fragmenta\u00e7\u00e3o do sono<\/strong>. A dor atrapalha a fase de sono profundo, e dormir mal reduz a capacidade de aten\u00e7\u00e3o sustentada e de mem\u00f3ria de trabalho no dia seguinte. Uma pesquisa com estudantes universit\u00e1rios mostrou que a <strong>dor cervical<\/strong> afetou significativamente a concentra\u00e7\u00e3o e a leitura, mesmo em intensidades leves ou moderadas.<\/p>\n\n\n\n<p>Leia tamb\u00e9m: <a href=\"https:\/\/www.correiobraziliense.com.br\/cbradar\/nem-cru-nem-em-excesso-como-consumir-aveia-do-jeito-certo-para-melhorar-a-digestao\/\" target=\"_blank\" rel=\"noreferrer noopener\">Nem cru, nem em excesso: como consumir aveia do jeito certo para melhorar a digest\u00e3o<\/a><\/p>\n\n\n\n<h2 class=\"wp-block-heading\">Por que a posi\u00e7\u00e3o de dormir \u00e9 a pe\u00e7a central da preven\u00e7\u00e3o?<\/h2>\n\n\n\n<p>A coluna cervical tem uma curvatura natural que precisa ser mantida enquanto voc\u00ea dorme. Quando essa curva \u00e9 desrespeitada, os <strong>m\u00fasculos<\/strong> e as <strong>articula\u00e7\u00f5es<\/strong> do pesco\u00e7o sofrem carga assim\u00e9trica por v\u00e1rias horas seguidas, gerando rigidez ao despertar.<\/p>\n\n\n\n<p>Especialistas da <strong>Harvard Health<\/strong> e do <strong>Hospital for Special Surgery<\/strong> s\u00e3o un\u00e2nimes em afirmar que dormir de barriga para cima ou de lado \u00e9 a melhor estrat\u00e9gia. Dormir de bru\u00e7os \u00e9 o pior cen\u00e1rio, porque obriga a cabe\u00e7a a ficar torcida para um dos lados, eliminando qualquer chance de alinhamento neutro.<\/p>\n\n\n\n<p>No v\u00eddeo a seguir, o<strong><em> Dr. Joao Paulo Tanganeli,<\/em><\/strong> com mais de 8 mil seguidores, fala um pouco do assunto:<\/p>\n\n\n\n<blockquote class=\"instagram-media\" data-instgrm-captioned data-instgrm-permalink=\"https:\/\/www.instagram.com\/reel\/DXdCT3zCkK4\/?utm_source=ig_embed&amp;utm_campaign=loading\" data-instgrm-version=\"14\" style=\" background:#FFF; border:0; border-radius:3px; box-shadow:0 0 1px 0 rgba(0,0,0,0.5),0 1px 10px 0 rgba(0,0,0,0.15); margin: 1px; max-width:540px; min-width:326px; padding:0; width:99.375%; width:-webkit-calc(100% - 2px); width:calc(100% - 2px);\"><div style=\"padding:16px;\"> <a href=\"https:\/\/www.instagram.com\/reel\/DXdCT3zCkK4\/?utm_source=ig_embed&amp;utm_campaign=loading\" style=\" background:#FFFFFF; line-height:0; padding:0 0; text-align:center; text-decoration:none; width:100%;\" target=\"_blank\"> <div style=\" display: flex; flex-direction: row; align-items: center;\"> <div style=\"background-color: #F4F4F4; border-radius: 50%; flex-grow: 0; height: 40px; margin-right: 14px; width: 40px;\"><\/div> <div style=\"display: flex; flex-direction: column; flex-grow: 1; justify-content: center;\"> <div style=\" background-color: #F4F4F4; border-radius: 4px; flex-grow: 0; height: 14px; margin-bottom: 6px; width: 100px;\"><\/div> <div style=\" background-color: #F4F4F4; border-radius: 4px; flex-grow: 0; height: 14px; width: 60px;\"><\/div><\/div><\/div><div style=\"padding: 19% 0;\"><\/div> <div style=\"display:block; height:50px; margin:0 auto 12px; width:50px;\"><svg width=\"50px\" height=\"50px\" viewBox=\"0 0 60 60\" version=\"1.1\" xmlns=\"https:\/\/www.w3.org\/2000\/svg\" xmlns:xlink=\"https:\/\/www.w3.org\/1999\/xlink\"><g stroke=\"none\" stroke-width=\"1\" fill=\"none\" fill-rule=\"evenodd\"><g transform=\"translate(-511.000000, -20.000000)\" fill=\"#000000\"><g><path d=\"M556.869,30.41 C554.814,30.41 553.148,32.076 553.148,34.131 C553.148,36.186 554.814,37.852 556.869,37.852 C558.924,37.852 560.59,36.186 560.59,34.131 C560.59,32.076 558.924,30.41 556.869,30.41 M541,60.657 C535.114,60.657 530.342,55.887 530.342,50 C530.342,44.114 535.114,39.342 541,39.342 C546.887,39.342 551.658,44.114 551.658,50 C551.658,55.887 546.887,60.657 541,60.657 M541,33.886 C532.1,33.886 524.886,41.1 524.886,50 C524.886,58.899 532.1,66.113 541,66.113 C549.9,66.113 557.115,58.899 557.115,50 C557.115,41.1 549.9,33.886 541,33.886 M565.378,62.101 C565.244,65.022 564.756,66.606 564.346,67.663 C563.803,69.06 563.154,70.057 562.106,71.106 C561.058,72.155 560.06,72.803 558.662,73.347 C557.607,73.757 556.021,74.244 553.102,74.378 C549.944,74.521 548.997,74.552 541,74.552 C533.003,74.552 532.056,74.521 528.898,74.378 C525.979,74.244 524.393,73.757 523.338,73.347 C521.94,72.803 520.942,72.155 519.894,71.106 C518.846,70.057 518.197,69.06 517.654,67.663 C517.244,66.606 516.755,65.022 516.623,62.101 C516.479,58.943 516.448,57.996 516.448,50 C516.448,42.003 516.479,41.056 516.623,37.899 C516.755,34.978 517.244,33.391 517.654,32.338 C518.197,30.938 518.846,29.942 519.894,28.894 C520.942,27.846 521.94,27.196 523.338,26.654 C524.393,26.244 525.979,25.756 528.898,25.623 C532.057,25.479 533.004,25.448 541,25.448 C548.997,25.448 549.943,25.479 553.102,25.623 C556.021,25.756 557.607,26.244 558.662,26.654 C560.06,27.196 561.058,27.846 562.106,28.894 C563.154,29.942 563.803,30.938 564.346,32.338 C564.756,33.391 565.244,34.978 565.378,37.899 C565.522,41.056 565.552,42.003 565.552,50 C565.552,57.996 565.522,58.943 565.378,62.101 M570.82,37.631 C570.674,34.438 570.167,32.258 569.425,30.349 C568.659,28.377 567.633,26.702 565.965,25.035 C564.297,23.368 562.623,22.342 560.652,21.575 C558.743,20.834 556.562,20.326 553.369,20.18 C550.169,20.033 549.148,20 541,20 C532.853,20 531.831,20.033 528.631,20.18 C525.438,20.326 523.257,20.834 521.349,21.575 C519.376,22.342 517.703,23.368 516.035,25.035 C514.368,26.702 513.342,28.377 512.574,30.349 C511.834,32.258 511.326,34.438 511.181,37.631 C511.035,40.831 511,41.851 511,50 C511,58.147 511.035,59.17 511.181,62.369 C511.326,65.562 511.834,67.743 512.574,69.651 C513.342,71.625 514.368,73.296 516.035,74.965 C517.703,76.634 519.376,77.658 521.349,78.425 C523.257,79.167 525.438,79.673 528.631,79.82 C531.831,79.965 532.853,80.001 541,80.001 C549.148,80.001 550.169,79.965 553.369,79.82 C556.562,79.673 558.743,79.167 560.652,78.425 C562.623,77.658 564.297,76.634 565.965,74.965 C567.633,73.296 568.659,71.625 569.425,69.651 C570.167,67.743 570.674,65.562 570.82,62.369 C570.966,59.17 571,58.147 571,50 C571,41.851 570.966,40.831 570.82,37.631\"><\/path><\/g><\/g><\/g><\/svg><\/div><div style=\"padding-top: 8px;\"> <div style=\" color:#3897f0; font-family:Arial,sans-serif; font-size:14px; font-style:normal; font-weight:550; line-height:18px;\">Ver essa foto no Instagram<\/div><\/div><div style=\"padding: 12.5% 0;\"><\/div> <div style=\"display: flex; flex-direction: row; margin-bottom: 14px; align-items: center;\"><div> <div style=\"background-color: #F4F4F4; border-radius: 50%; height: 12.5px; width: 12.5px; transform: translateX(0px) translateY(7px);\"><\/div> <div style=\"background-color: #F4F4F4; height: 12.5px; transform: rotate(-45deg) translateX(3px) translateY(1px); width: 12.5px; flex-grow: 0; margin-right: 14px; margin-left: 2px;\"><\/div> <div style=\"background-color: #F4F4F4; border-radius: 50%; height: 12.5px; width: 12.5px; transform: translateX(9px) translateY(-18px);\"><\/div><\/div><div style=\"margin-left: 8px;\"> <div style=\" background-color: #F4F4F4; border-radius: 50%; flex-grow: 0; height: 20px; width: 20px;\"><\/div> <div style=\" width: 0; height: 0; border-top: 2px solid transparent; border-left: 6px solid #f4f4f4; border-bottom: 2px solid transparent; transform: translateX(16px) translateY(-4px) rotate(30deg)\"><\/div><\/div><div style=\"margin-left: auto;\"> <div style=\" width: 0px; border-top: 8px solid #F4F4F4; border-right: 8px solid transparent; transform: translateY(16px);\"><\/div> <div style=\" background-color: #F4F4F4; flex-grow: 0; height: 12px; width: 16px; transform: translateY(-4px);\"><\/div> <div style=\" width: 0; height: 0; border-top: 8px solid #F4F4F4; border-left: 8px solid transparent; transform: translateY(-4px) translateX(8px);\"><\/div><\/div><\/div> <div style=\"display: flex; flex-direction: column; flex-grow: 1; justify-content: center; margin-bottom: 24px;\"> <div style=\" background-color: #F4F4F4; border-radius: 4px; flex-grow: 0; height: 14px; margin-bottom: 6px; width: 224px;\"><\/div> <div style=\" background-color: #F4F4F4; border-radius: 4px; flex-grow: 0; height: 14px; width: 144px;\"><\/div><\/div><\/a><p style=\" color:#c9c8cd; font-family:Arial,sans-serif; font-size:14px; line-height:17px; margin-bottom:0; margin-top:8px; overflow:hidden; padding:8px 0 7px; text-align:center; text-overflow:ellipsis; white-space:nowrap;\"><a href=\"https:\/\/www.instagram.com\/reel\/DXdCT3zCkK4\/?utm_source=ig_embed&amp;utm_campaign=loading\" style=\" color:#c9c8cd; font-family:Arial,sans-serif; font-size:14px; font-style:normal; font-weight:normal; line-height:17px; text-decoration:none;\" target=\"_blank\">Um post compartilhado por Joao Paulo Tanganeli (@tanganeliodontologia)<\/a><\/p><\/div><\/blockquote>\n<script async src=\"\/\/www.instagram.com\/embed.js\"><\/script>\n\n\n\n<h2 class=\"wp-block-heading\">Qual \u00e9 o travesseiro certo para n\u00e3o acordar com dor?<\/h2>\n\n\n\n<p>O travesseiro ideal \u00e9 aquele que preenche o espa\u00e7o entre a orelha e o ombro quando voc\u00ea est\u00e1 deitado de lado, ou que acomoda a curvatura do pesco\u00e7o sem empurrar a cabe\u00e7a para a frente quando est\u00e1 de costas. <strong>Travesseiros de l\u00e1tex<\/strong> e os de <strong>espuma viscoel\u00e1stica com formato anat\u00f4mico<\/strong> s\u00e3o os que mais aparecem nas pesquisas com bons resultados.<\/p>\n\n\n\n<p>Uma meta\u2011an\u00e1lise publicada na revista <strong>Clinical Biomechanics<\/strong>, que reuniu 35 artigos e 555 participantes, mostrou que o design do travesseiro influencia diretamente a dor cervical ao acordar. Os modelos que respeitam a curvatura natural do pesco\u00e7o foram significativamente mais eficazes do que os travesseiros convencionais. Confira o que considerar na hora de escolher:<\/p>\n\n\n\n<ul class=\"wp-block-list\">\n<li><strong>Altura regul\u00e1vel:<\/strong> o travesseiro deve manter a cabe\u00e7a alinhada com o tronco, sem inclina\u00e7\u00f5es.<\/li>\n\n\n\n<li><strong>Material com mem\u00f3ria:<\/strong> espumas viscoel\u00e1sticas ou l\u00e1tex se adaptam \u00e0 anatomia e aliviam pontos de press\u00e3o.<\/li>\n\n\n\n<li><strong>Formato anat\u00f4mico:<\/strong> modelos com curvatura para o pesco\u00e7o ajudam a preservar a lordose cervical durante o sono.<\/li>\n\n\n\n<li><strong>Substitui\u00e7\u00e3o peri\u00f3dica:<\/strong> travesseiros perdem suporte com o uso e devem ser trocados a cada dois ou tr\u00eas anos.<\/li>\n<\/ul>\n\n\n<div class=\"wp-block-image\">\n<figure class=\"aligncenter size-full\"><img decoding=\"async\" width=\"1280\" height=\"720\" src=\"https:\/\/www.correiobraziliense.com.br\/cbradar\/wp-content\/uploads\/2026\/04\/IMAGEM_720p_1777341544356.jpg\" alt=\"A rela\u00e7\u00e3o entre dor cervical matinal e queda de concentra\u00e7\u00e3o, al\u00e9m de ensinar h\u00e1bitos baseados em evid\u00eancias cient\u00edficas\" class=\"wp-image-233304\" srcset=\"https:\/\/www.correiobraziliense.com.br\/cbradar\/wp-content\/uploads\/2026\/04\/IMAGEM_720p_1777341544356.jpg 1280w, https:\/\/www.correiobraziliense.com.br\/cbradar\/wp-content\/uploads\/2026\/04\/IMAGEM_720p_1777341544356-300x169.jpg 300w, https:\/\/www.correiobraziliense.com.br\/cbradar\/wp-content\/uploads\/2026\/04\/IMAGEM_720p_1777341544356-768x432.jpg 768w, https:\/\/www.correiobraziliense.com.br\/cbradar\/wp-content\/uploads\/2026\/04\/IMAGEM_720p_1777341544356-750x422.jpg 750w, https:\/\/www.correiobraziliense.com.br\/cbradar\/wp-content\/uploads\/2026\/04\/IMAGEM_720p_1777341544356-1140x641.jpg 1140w\" sizes=\"(max-width: 1280px) 100vw, 1280px\" \/><figcaption class=\"wp-element-caption\">A rela\u00e7\u00e3o entre dor cervical matinal e queda de concentra\u00e7\u00e3o, al\u00e9m de ensinar h\u00e1bitos baseados em evid\u00eancias cient\u00edficas<\/figcaption><\/figure><\/div>\n\n\n<h2 class=\"wp-block-heading\">Que h\u00e1bitos antes de dormir ajudam a evitar a dor matinal?<\/h2>\n\n\n\n<p>A dor que aparece ao acordar muitas vezes \u00e9 plantada durante o dia. Passar horas com o pesco\u00e7o inclinado para a frente, seja no celular ou no computador, encurta a musculatura anterior e sobrecarrega a parte de tr\u00e1s do pesco\u00e7o, um desequil\u00edbrio que o travesseiro sozinho n\u00e3o resolve.<\/p>\n\n\n\n<p>Incluir <strong>alongamentos suaves do pesco\u00e7o<\/strong> antes de deitar, manter o quarto escuro e com temperatura agrad\u00e1vel e evitar o uso de telas na \u00faltima hora antes do sono s\u00e3o medidas simples que, somadas, reduzem a tens\u00e3o muscular acumulada e favorecem um descanso mais profundo. Essas mudan\u00e7as n\u00e3o eliminam todos os casos, mas representam o ponto de partida recomendado por especialistas em <strong>higiene do sono<\/strong> e <strong>medicina da dor<\/strong>.<\/p>\n","protected":false},"excerpt":{"rendered":"<p>\u00c9 poss\u00edvel come\u00e7ar o dia sem inc\u00f4modo, mas no instante em que a dor no pesco\u00e7o ao acordar aparece, o foco some e tarefas simples viram um esfor\u00e7o desproporcional? A resposta est\u00e1 no ciclo que une noite mal dormida, tens\u00e3o muscular e um c\u00e9rebro que precisa gastar energia demais para ignorar o desconforto. O que [&hellip;]<\/p>\n","protected":false},"author":11,"featured_media":233751,"comment_status":"open","ping_status":"open","sticky":false,"template":"","format":"standard","meta":{"_yoast_wpseo_focuskw":"dor no pesco\u00e7o ao acordar","_yoast_wpseo_title":"","_yoast_wpseo_metadesc":"O travesseiro \u00e9 s\u00f3 parte da hist\u00f3ria. Entenda por que a dor no pesco\u00e7o ao acordar sabota sua concentra\u00e7\u00e3o e veja os h\u00e1bitos que especialistas recomendam para n\u00e3o perder o foco.","jnews-multi-image_gallery":[],"jnews_single_post":{"format":"standard"},"jnews_primary_category":[],"jnews_social_meta":[],"jnews_override_counter":[],"footnotes":""},"categories":[119],"tags":[],"class_list":["post-233294","post","type-post","status-publish","format-standard","has-post-thumbnail","hentry","category-bem-estar"],"yoast_head":"<!-- This site is optimized with the Yoast SEO plugin v24.6 - https:\/\/yoast.com\/wordpress\/plugins\/seo\/ -->\n<title>Por que a dor no pesco\u00e7o ao acordar atrapalha a concentra\u00e7\u00e3o durante o dia e que h\u00e1bitos ajudam a evit\u00e1-la, segundo especialistas - Correio Braziliense - Radar<\/title>\n<meta name=\"description\" content=\"O travesseiro \u00e9 s\u00f3 parte da hist\u00f3ria. Entenda por que a dor no pesco\u00e7o ao acordar sabota sua concentra\u00e7\u00e3o e veja os h\u00e1bitos que especialistas recomendam para n\u00e3o perder o foco.\" \/>\n<meta name=\"robots\" content=\"index, follow, max-snippet:-1, max-image-preview:large, max-video-preview:-1\" \/>\n<link rel=\"canonical\" href=\"https:\/\/www.correiobraziliense.com.br\/cbradar\/por-que-a-dor-no-pescoco-ao-acordar-atrapalha-a-concentracao-durante-o-dia-e-que-habitos-ajudam-a-evita-la-segundo-especialistas\/\" \/>\n<meta property=\"og:locale\" content=\"pt_BR\" \/>\n<meta property=\"og:type\" content=\"article\" \/>\n<meta property=\"og:title\" content=\"Por que a dor no pesco\u00e7o ao acordar atrapalha a concentra\u00e7\u00e3o durante o dia e que h\u00e1bitos ajudam a evit\u00e1-la, segundo especialistas - Correio Braziliense - Radar\" \/>\n<meta property=\"og:description\" content=\"O travesseiro \u00e9 s\u00f3 parte da hist\u00f3ria. Entenda por que a dor no pesco\u00e7o ao acordar sabota sua concentra\u00e7\u00e3o e veja os h\u00e1bitos que especialistas recomendam para n\u00e3o perder o foco.\" \/>\n<meta property=\"og:url\" content=\"https:\/\/www.correiobraziliense.com.br\/cbradar\/por-que-a-dor-no-pescoco-ao-acordar-atrapalha-a-concentracao-durante-o-dia-e-que-habitos-ajudam-a-evita-la-segundo-especialistas\/\" \/>\n<meta property=\"og:site_name\" content=\"Correio Braziliense - Radar\" \/>\n<meta property=\"article:published_time\" content=\"2026-04-29T12:05:00+00:00\" \/>\n<meta property=\"og:image\" content=\"https:\/\/www.correiobraziliense.com.br\/cbradar\/wp-content\/uploads\/2026\/04\/Woman_sitting_in_202604281332.jpg\" \/>\n\t<meta property=\"og:image:width\" content=\"1280\" \/>\n\t<meta property=\"og:image:height\" content=\"720\" \/>\n\t<meta property=\"og:image:type\" content=\"image\/jpeg\" \/>\n<meta name=\"author\" content=\"Paulo Custodio\" \/>\n<meta name=\"twitter:card\" content=\"summary_large_image\" \/>\n<meta name=\"twitter:label1\" content=\"Escrito por\" \/>\n\t<meta name=\"twitter:data1\" content=\"Paulo Custodio\" \/>\n\t<meta name=\"twitter:label2\" content=\"Est. tempo de leitura\" \/>\n\t<meta name=\"twitter:data2\" content=\"5 minutos\" \/>\n<!-- \/ Yoast SEO plugin. -->","yoast_head_json":{"title":"Por que a dor no pesco\u00e7o ao acordar atrapalha a concentra\u00e7\u00e3o durante o dia e que h\u00e1bitos ajudam a evit\u00e1-la, segundo especialistas - Correio Braziliense - Radar","description":"O travesseiro \u00e9 s\u00f3 parte da hist\u00f3ria. Entenda por que a dor no pesco\u00e7o ao acordar sabota sua concentra\u00e7\u00e3o e veja os h\u00e1bitos que especialistas recomendam para n\u00e3o perder o foco.","robots":{"index":"index","follow":"follow","max-snippet":"max-snippet:-1","max-image-preview":"max-image-preview:large","max-video-preview":"max-video-preview:-1"},"canonical":"https:\/\/www.correiobraziliense.com.br\/cbradar\/por-que-a-dor-no-pescoco-ao-acordar-atrapalha-a-concentracao-durante-o-dia-e-que-habitos-ajudam-a-evita-la-segundo-especialistas\/","og_locale":"pt_BR","og_type":"article","og_title":"Por que a dor no pesco\u00e7o ao acordar atrapalha a concentra\u00e7\u00e3o durante o dia e que h\u00e1bitos ajudam a evit\u00e1-la, segundo especialistas - Correio Braziliense - Radar","og_description":"O travesseiro \u00e9 s\u00f3 parte da hist\u00f3ria. Entenda por que a dor no pesco\u00e7o ao acordar sabota sua concentra\u00e7\u00e3o e veja os h\u00e1bitos que especialistas recomendam para n\u00e3o perder o foco.","og_url":"https:\/\/www.correiobraziliense.com.br\/cbradar\/por-que-a-dor-no-pescoco-ao-acordar-atrapalha-a-concentracao-durante-o-dia-e-que-habitos-ajudam-a-evita-la-segundo-especialistas\/","og_site_name":"Correio Braziliense - Radar","article_published_time":"2026-04-29T12:05:00+00:00","og_image":[{"width":1280,"height":720,"url":"https:\/\/www.correiobraziliense.com.br\/cbradar\/wp-content\/uploads\/2026\/04\/Woman_sitting_in_202604281332.jpg","type":"image\/jpeg"}],"author":"Paulo Custodio","twitter_card":"summary_large_image","twitter_misc":{"Escrito por":"Paulo Custodio","Est. tempo de leitura":"5 minutos"},"schema":{"@context":"https:\/\/schema.org","@graph":[{"@type":"WebPage","@id":"https:\/\/www.correiobraziliense.com.br\/cbradar\/por-que-a-dor-no-pescoco-ao-acordar-atrapalha-a-concentracao-durante-o-dia-e-que-habitos-ajudam-a-evita-la-segundo-especialistas\/","url":"https:\/\/www.correiobraziliense.com.br\/cbradar\/por-que-a-dor-no-pescoco-ao-acordar-atrapalha-a-concentracao-durante-o-dia-e-que-habitos-ajudam-a-evita-la-segundo-especialistas\/","name":"Por que a dor no pesco\u00e7o ao acordar atrapalha a concentra\u00e7\u00e3o durante o dia e que h\u00e1bitos ajudam a evit\u00e1-la, segundo especialistas - Correio Braziliense - Radar","isPartOf":{"@id":"https:\/\/www.correiobraziliense.com.br\/cbradar\/#website"},"primaryImageOfPage":{"@id":"https:\/\/www.correiobraziliense.com.br\/cbradar\/por-que-a-dor-no-pescoco-ao-acordar-atrapalha-a-concentracao-durante-o-dia-e-que-habitos-ajudam-a-evita-la-segundo-especialistas\/#primaryimage"},"image":{"@id":"https:\/\/www.correiobraziliense.com.br\/cbradar\/por-que-a-dor-no-pescoco-ao-acordar-atrapalha-a-concentracao-durante-o-dia-e-que-habitos-ajudam-a-evita-la-segundo-especialistas\/#primaryimage"},"thumbnailUrl":"https:\/\/www.correiobraziliense.com.br\/cbradar\/wp-content\/uploads\/2026\/04\/Woman_sitting_in_202604281332.jpg","datePublished":"2026-04-29T12:05:00+00:00","author":{"@id":"https:\/\/www.correiobraziliense.com.br\/cbradar\/#\/schema\/person\/4cec7857301a9a1a2ef249893cd908d3"},"description":"O travesseiro \u00e9 s\u00f3 parte da hist\u00f3ria. Entenda por que a dor no pesco\u00e7o ao acordar sabota sua concentra\u00e7\u00e3o e veja os h\u00e1bitos que especialistas recomendam para n\u00e3o perder o foco.","breadcrumb":{"@id":"https:\/\/www.correiobraziliense.com.br\/cbradar\/por-que-a-dor-no-pescoco-ao-acordar-atrapalha-a-concentracao-durante-o-dia-e-que-habitos-ajudam-a-evita-la-segundo-especialistas\/#breadcrumb"},"inLanguage":"pt-BR","potentialAction":[{"@type":"ReadAction","target":["https:\/\/www.correiobraziliense.com.br\/cbradar\/por-que-a-dor-no-pescoco-ao-acordar-atrapalha-a-concentracao-durante-o-dia-e-que-habitos-ajudam-a-evita-la-segundo-especialistas\/"]}]},{"@type":"ImageObject","inLanguage":"pt-BR","@id":"https:\/\/www.correiobraziliense.com.br\/cbradar\/por-que-a-dor-no-pescoco-ao-acordar-atrapalha-a-concentracao-durante-o-dia-e-que-habitos-ajudam-a-evita-la-segundo-especialistas\/#primaryimage","url":"https:\/\/www.correiobraziliense.com.br\/cbradar\/wp-content\/uploads\/2026\/04\/Woman_sitting_in_202604281332.jpg","contentUrl":"https:\/\/www.correiobraziliense.com.br\/cbradar\/wp-content\/uploads\/2026\/04\/Woman_sitting_in_202604281332.jpg","width":1280,"height":720,"caption":"Dormir com postura inadequada pode causar tens\u00e3o no pesco\u00e7o"},{"@type":"BreadcrumbList","@id":"https:\/\/www.correiobraziliense.com.br\/cbradar\/por-que-a-dor-no-pescoco-ao-acordar-atrapalha-a-concentracao-durante-o-dia-e-que-habitos-ajudam-a-evita-la-segundo-especialistas\/#breadcrumb","itemListElement":[{"@type":"ListItem","position":1,"name":"In\u00edcio","item":"https:\/\/www.correiobraziliense.com.br\/cbradar\/"},{"@type":"ListItem","position":2,"name":"Por que a dor no pesco\u00e7o ao acordar atrapalha a concentra\u00e7\u00e3o durante o dia e que h\u00e1bitos ajudam a evit\u00e1-la, segundo especialistas"}]},{"@type":"WebSite","@id":"https:\/\/www.correiobraziliense.com.br\/cbradar\/#website","url":"https:\/\/www.correiobraziliense.com.br\/cbradar\/","name":"Correio Braziliense - Radar","description":"Acompanhe as \u00faltimas not\u00edcias e fique bem informado sobre tudo o que acontece no Brasil e no mundo.","potentialAction":[{"@type":"SearchAction","target":{"@type":"EntryPoint","urlTemplate":"https:\/\/www.correiobraziliense.com.br\/cbradar\/?s={search_term_string}"},"query-input":{"@type":"PropertyValueSpecification","valueRequired":true,"valueName":"search_term_string"}}],"inLanguage":"pt-BR"},{"@type":"Person","@id":"https:\/\/www.correiobraziliense.com.br\/cbradar\/#\/schema\/person\/4cec7857301a9a1a2ef249893cd908d3","name":"Paulo Custodio","image":{"@type":"ImageObject","inLanguage":"pt-BR","@id":"https:\/\/www.correiobraziliense.com.br\/cbradar\/#\/schema\/person\/image\/","url":"https:\/\/secure.gravatar.com\/avatar\/bcd67168d1534e8fcf4f45c726a87cea?s=96&d=mm&r=g","contentUrl":"https:\/\/secure.gravatar.com\/avatar\/bcd67168d1534e8fcf4f45c726a87cea?s=96&d=mm&r=g","caption":"Paulo Custodio"},"sameAs":["https:\/\/www.correiobraziliense.com.br\/cbradar"],"url":"https:\/\/www.correiobraziliense.com.br\/cbradar\/author\/paulomyth\/"}]}},"_links":{"self":[{"href":"https:\/\/www.correiobraziliense.com.br\/cbradar\/wp-json\/wp\/v2\/posts\/233294","targetHints":{"allow":["GET"]}}],"collection":[{"href":"https:\/\/www.correiobraziliense.com.br\/cbradar\/wp-json\/wp\/v2\/posts"}],"about":[{"href":"https:\/\/www.correiobraziliense.com.br\/cbradar\/wp-json\/wp\/v2\/types\/post"}],"author":[{"embeddable":true,"href":"https:\/\/www.correiobraziliense.com.br\/cbradar\/wp-json\/wp\/v2\/users\/11"}],"replies":[{"embeddable":true,"href":"https:\/\/www.correiobraziliense.com.br\/cbradar\/wp-json\/wp\/v2\/comments?post=233294"}],"version-history":[{"count":1,"href":"https:\/\/www.correiobraziliense.com.br\/cbradar\/wp-json\/wp\/v2\/posts\/233294\/revisions"}],"predecessor-version":[{"id":233312,"href":"https:\/\/www.correiobraziliense.com.br\/cbradar\/wp-json\/wp\/v2\/posts\/233294\/revisions\/233312"}],"wp:featuredmedia":[{"embeddable":true,"href":"https:\/\/www.correiobraziliense.com.br\/cbradar\/wp-json\/wp\/v2\/media\/233751"}],"wp:attachment":[{"href":"https:\/\/www.correiobraziliense.com.br\/cbradar\/wp-json\/wp\/v2\/media?parent=233294"}],"wp:term":[{"taxonomy":"category","embeddable":true,"href":"https:\/\/www.correiobraziliense.com.br\/cbradar\/wp-json\/wp\/v2\/categories?post=233294"},{"taxonomy":"post_tag","embeddable":true,"href":"https:\/\/www.correiobraziliense.com.br\/cbradar\/wp-json\/wp\/v2\/tags?post=233294"}],"curies":[{"name":"wp","href":"https:\/\/api.w.org\/{rel}","templated":true}]}}