{"id":233300,"date":"2026-04-29T16:35:00","date_gmt":"2026-04-29T19:35:00","guid":{"rendered":"https:\/\/www.correiobraziliense.com.br\/cbradar\/?p=233300"},"modified":"2026-04-28T14:11:09","modified_gmt":"2026-04-28T17:11:09","slug":"a-psicologia-explica-o-que-pode-estar-por-tras-de-quem-sente-mais-facilidade-com-caes-do-que-com-pessoas","status":"publish","type":"post","link":"https:\/\/www.correiobraziliense.com.br\/cbradar\/a-psicologia-explica-o-que-pode-estar-por-tras-de-quem-sente-mais-facilidade-com-caes-do-que-com-pessoas\/","title":{"rendered":"A psicologia explica o que pode estar por tr\u00e1s de quem sente mais facilidade com c\u00e3es do que com pessoas"},"content":{"rendered":"\n<p>Para muitos indiv\u00edduos, a conex\u00e3o estabelecida com os animais de estima\u00e7\u00e3o parece ser muito mais profunda e est\u00e1vel do que as complexas rela\u00e7\u00f5es humanas. A psicologia moderna investiga como essa facilidade de intera\u00e7\u00e3o com os caninos revela tra\u00e7os sobre a necessidade de seguran\u00e7a emocional e a busca por v\u00ednculos livres de julgamentos cr\u00edticos.<\/p>\n\n\n\n<h2 class=\"wp-block-heading\">O papel do apego seguro e a lealdade incondicional dos caninos<\/h2>\n\n\n\n<p>A rela\u00e7\u00e3o entre humanos e c\u00e3es \u00e9 baseada em um modelo de <strong>apego seguro<\/strong>, onde o animal oferece uma presen\u00e7a constante e previs\u00edvel que raramente \u00e9 encontrada em intera\u00e7\u00f5es sociais humanas. Essa estabilidade emocional permite que pessoas com dificuldades de socializa\u00e7\u00e3o encontrem no <strong>cachorro<\/strong> um ref\u00fagio contra a rejei\u00e7\u00e3o e a ansiedade social que permeia o cotidiano no <strong>Brasil<\/strong>.<\/p>\n\n\n\n<p>Diferente dos humanos, os c\u00e3es n\u00e3o utilizam sarcasmo, n\u00e3o guardam rancor e n\u00e3o imp\u00f5em condi\u00e7\u00f5es complexas para oferecer afeto, o que reduz a carga de estresse durante a intera\u00e7\u00e3o. Essa simplicidade comportamental \u00e9 o que atrai quem busca autenticidade, permitindo que o indiv\u00edduo seja ele mesmo sem o medo constante de ser avaliado por suas falhas ou vulnerabilidades.<\/p>\n\n\n<div class=\"wp-block-image\">\n<figure class=\"aligncenter size-full\"><img decoding=\"async\" width=\"1280\" height=\"720\" src=\"https:\/\/www.correiobraziliense.com.br\/cbradar\/wp-content\/uploads\/2026\/03\/cachorro-dono_1774020661718.jpg\" alt=\"\" class=\"wp-image-212225\" srcset=\"https:\/\/www.correiobraziliense.com.br\/cbradar\/wp-content\/uploads\/2026\/03\/cachorro-dono_1774020661718.jpg 1280w, https:\/\/www.correiobraziliense.com.br\/cbradar\/wp-content\/uploads\/2026\/03\/cachorro-dono_1774020661718-300x169.jpg 300w, https:\/\/www.correiobraziliense.com.br\/cbradar\/wp-content\/uploads\/2026\/03\/cachorro-dono_1774020661718-768x432.jpg 768w, https:\/\/www.correiobraziliense.com.br\/cbradar\/wp-content\/uploads\/2026\/03\/cachorro-dono_1774020661718-750x422.jpg 750w, https:\/\/www.correiobraziliense.com.br\/cbradar\/wp-content\/uploads\/2026\/03\/cachorro-dono_1774020661718-1140x641.jpg 1140w\" sizes=\"(max-width: 1280px) 100vw, 1280px\" \/><figcaption class=\"wp-element-caption\">Na ess\u00eancia, esse comportamento est\u00e1 ligado ao v\u00ednculo afetivo entre o cachorro e o tutor &#8211; Cr\u00e9ditos: depositphotos.com \/ HayDmitriy<\/figcaption><\/figure><\/div>\n\n\n<p>Leia tamb\u00e9m: <a href=\"https:\/\/www.correiobraziliense.com.br\/cbradar\/racas-de-caes-protetores-que-defendem-a-casa-sem-latir-o-tempo-todo\/\" target=\"_blank\" rel=\"noreferrer noopener\">Ra\u00e7as de c\u00e3es protetores que defendem a casa sem latir o tempo todo<\/a><\/p>\n\n\n\n<h2 class=\"wp-block-heading\">Por que o instinto de acariciar animais reduz o estresse humano<\/h2>\n\n\n\n<p>O ato de <strong>acariciar um c\u00e3o<\/strong> desencadeia uma cascata neuroqu\u00edmica no organismo humano, liberando ocitocina, conhecida como o horm\u00f4nio do amor e do v\u00ednculo. Esse processo fisiol\u00f3gico explica por que muitas pessoas sentem uma necessidade quase instintiva de tocar em animais para aliviar a tens\u00e3o acumulada ap\u00f3s um dia cansativo em cidades como <strong>S\u00e3o Paulo<\/strong> ou <strong>Rio de Janeiro<\/strong>.<\/p>\n\n\n\n<p>Estudos indicam que o contato f\u00edsico com os pets reduz os n\u00edveis de cortisol, o horm\u00f4nio do estresse, promovendo uma sensa\u00e7\u00e3o imediata de relaxamento e acolhimento. Para quem possui um perfil mais introvertido, essa troca silenciosa de energia substitui conversas exaustivas, preenchendo a necessidade biol\u00f3gica de toque e conex\u00e3o sem as barreiras da comunica\u00e7\u00e3o verbal.<\/p>\n\n\n\n<h2 class=\"wp-block-heading\">A facilidade com c\u00e3es como mecanismo de prote\u00e7\u00e3o emocional<\/h2>\n\n\n\n<p>Sentir-se mais confort\u00e1vel com animais do que com pessoas pode ser um indicativo de que o indiv\u00edduo prioriza rela\u00e7\u00f5es onde o controle e a transpar\u00eancia s\u00e3o absolutos. A <strong>psicologia<\/strong> sugere que essa prefer\u00eancia muitas vezes atua como um escudo contra decep\u00e7\u00f5es passadas, criando uma zona de conforto onde a lealdade do c\u00e3o \u00e9 o pilar central da estrutura afetiva.<\/p>\n\n\n<div class=\"wp-block-image\">\n<figure class=\"aligncenter size-full\"><img decoding=\"async\" width=\"1280\" height=\"720\" src=\"https:\/\/www.correiobraziliense.com.br\/cbradar\/wp-content\/uploads\/2026\/04\/cachorro-seguindo-pela-casa.jpg\" alt=\"\" class=\"wp-image-222899\" srcset=\"https:\/\/www.correiobraziliense.com.br\/cbradar\/wp-content\/uploads\/2026\/04\/cachorro-seguindo-pela-casa.jpg 1280w, https:\/\/www.correiobraziliense.com.br\/cbradar\/wp-content\/uploads\/2026\/04\/cachorro-seguindo-pela-casa-300x169.jpg 300w, https:\/\/www.correiobraziliense.com.br\/cbradar\/wp-content\/uploads\/2026\/04\/cachorro-seguindo-pela-casa-768x432.jpg 768w, https:\/\/www.correiobraziliense.com.br\/cbradar\/wp-content\/uploads\/2026\/04\/cachorro-seguindo-pela-casa-750x422.jpg 750w, https:\/\/www.correiobraziliense.com.br\/cbradar\/wp-content\/uploads\/2026\/04\/cachorro-seguindo-pela-casa-1140x641.jpg 1140w\" sizes=\"(max-width: 1280px) 100vw, 1280px\" \/><figcaption class=\"wp-element-caption\">Sentir-se mais confort\u00e1vel com animais do que com pessoas pode ser um indicativo de que o indiv\u00edduo prioriza rela\u00e7\u00f5es<\/figcaption><\/figure><\/div>\n\n\n<p><em>An\u00e1lise comportamental:<\/em> Preferir a companhia canina n\u00e3o significa necessariamente uma avers\u00e3o aos humanos, mas sim uma valoriza\u00e7\u00e3o da empatia instintiva que os animais possuem. Essa habilidade de &#8220;ler&#8221; o estado emocional do dono sem precisar de palavras cria uma ponte de compreens\u00e3o que muitas vezes falha nas rela\u00e7\u00f5es interpessoais mais pr\u00f3ximas e complexas.<\/p>\n\n\n\n<h2 class=\"wp-block-heading\">Benef\u00edcios sociais da conviv\u00eancia com animais de estima\u00e7\u00e3o<\/h2>\n\n\n\n<p>Curiosamente, a liga\u00e7\u00e3o forte com os c\u00e3es pode servir como uma ponte para melhorar a sociabilidade com outros humanos ao longo do tempo. O pet atua como um facilitador social, quebrando o gelo em ambientes p\u00fablicos e permitindo que o tutor desenvolva habilidades de comunica\u00e7\u00e3o de forma gradual e menos amea\u00e7adora atrav\u00e9s do interesse comum pelos animais.<\/p>\n\n\n\n<link href=\"https:\/\/fonts.googleapis.com\/css2?family=Inter:wght@400;600;700;800&#038;display=swap\" rel=\"stylesheet\">\n<style>\n\/* Prote\u00e7\u00e3o contra inje\u00e7\u00e3o do \"Veja Tamb\u00e9m\" (JNews inline related posts) *\/\n.rdp-pontos-wrapper .jnews_inline_related_post_wrapper,\n.rdp-pontos-wrapper .jnews_inline_related_post,\n.rdp-pontos-wrapper .jeg_postblock,\n.rdp-pontos-wrapper [class*=\"jnews_inline\"],\n.rdp-pontos-wrapper [class*=\"jeg_postblock\"],\n.rdp-pontos-wrapper [class*=\"jeg_block\"] {\n  display: none !important;\n  height: 0 !important;\n  max-height: 0 !important;\n  overflow: hidden !important;\n  visibility: hidden !important;\n  margin: 0 !important;\n  padding: 0 !important;\n  border: none !important;\n  font-size: 0 !important;\n  line-height: 0 !important;\n}\n.rdp-pontos-wrapper {\n  max-width: 100%;\n  margin: 32px 0;\n  background: #F8F9FA;\n  border: 1px solid #E0E0E0;\n  border-radius: 12px;\n  padding: 28px 28px 20px;\n  font-family: 'Inter', sans-serif;\n  box-shadow: 0 4px 20px rgba(47,195,238,0.12);\n  overflow: hidden;\n  contain: layout style;\n  isolation: isolate;\n  position: relative;\n  z-index: 1;\n}\n.rdp-pontos-wrapper > *:not(.rdp-pontos-title):not(.rdp-pontos-grid) {\n  display: none !important;\n  height: 0 !important;\n  overflow: hidden !important;\n  margin: 0 !important;\n  padding: 0 !important;\n  border: none !important;\n}\n.rdp-pontos-title {\n  font-family: 'Inter', sans-serif;\n  font-size: 20px;\n  font-weight: 800;\n  color: #1A1A1A;\n  margin: 0 0 20px 0;\n  line-height: 1.3;\n  text-align: center;\n}\n.rdp-pontos-grid {\n  display: grid;\n  grid-template-columns: repeat(2, 1fr);\n  gap: 18px;\n}\n.rdp-pontos-item {\n  background: #FFFFFF;\n  border: 1px solid #E0E0E0;\n  border-top: 3px solid #2FC3EE;\n  border-radius: 10px;\n  padding: 22px 20px;\n  box-shadow: 0 2px 10px rgba(47,195,238,0.10);\n  transition: box-shadow 0.3s ease, border-color 0.3s ease;\n  text-align: center;\n}\n.rdp-pontos-item:hover {\n  box-shadow: 0 4px 20px rgba(47,195,238,0.22);\n  border-color: #2FC3EE;\n}\n.rdp-pontos-emoji {\n  font-size: 32px;\n  line-height: 1;\n  margin-bottom: 12px;\n  display: block;\n  text-align: center;\n}\n.rdp-pontos-item-title {\n  font-size: 15px;\n  font-weight: 700;\n  color: #1A1A1A;\n  margin-bottom: 8px;\n  line-height: 1.3;\n}\n.rdp-pontos-item-desc {\n  font-size: 14px;\n  color: #333333;\n  line-height: 1.6;\n  margin: 0;\n}\n@media (max-width: 768px) {\n  .rdp-pontos-wrapper {\n    padding: 20px 16px 14px;\n  }\n  .rdp-pontos-grid {\n    grid-template-columns: 1fr;\n    gap: 14px;\n  }\n  .rdp-pontos-title {\n    font-size: 18px;\n  }\n}\n<\/style>\n\n<div class=\"rdp-pontos-wrapper\">\n  <div class=\"rdp-pontos-title\">Impactos Positivos da Conviv\u00eancia com Pets<\/div>\n  <div class=\"rdp-pontos-grid\">\n    <div class=\"rdp-pontos-item\">\n      <span class=\"rdp-pontos-emoji\">\ud83c\udfe0<\/span>\n      <div class=\"rdp-pontos-item-title\">Combate \u00e0 Solid\u00e3o<\/div>\n      <p class=\"rdp-pontos-item-desc\">Redu\u00e7\u00e3o significativa da sensa\u00e7\u00e3o de solid\u00e3o, especialmente em pessoas que moram sozinhas.<\/p>\n    <\/div>\n    <div class=\"rdp-pontos-item\">\n      <span class=\"rdp-pontos-emoji\">\ud83d\udc5f<\/span>\n      <div class=\"rdp-pontos-item-title\">Vida Ativa<\/div>\n      <p class=\"rdp-pontos-item-desc\">Est\u00edmulo direto \u00e0 pr\u00e1tica de atividades f\u00edsicas di\u00e1rias atrav\u00e9s de passeios e brincadeiras regulares.<\/p>\n    <\/div>\n    <div class=\"rdp-pontos-item\">\n      <span class=\"rdp-pontos-emoji\">\ud83d\uddd3\ufe0f<\/span>\n      <div class=\"rdp-pontos-item-title\">Responsabilidade<\/div>\n      <p class=\"rdp-pontos-item-desc\">Desenvolvimento de um senso de compromisso e estabelecimento de uma rotina saud\u00e1vel de cuidados.<\/p>\n    <\/div>\n    <div class=\"rdp-pontos-item\">\n      <span class=\"rdp-pontos-emoji\">\ud83c\udf1f<\/span>\n      <div class=\"rdp-pontos-item-title\">Autoconfian\u00e7a<\/div>\n      <p class=\"rdp-pontos-item-desc\">Aumento da autoestima ao perceber o impacto positivo direto no bem-estar e na felicidade do animal.<\/p>\n    <\/div>\n    <div class=\"rdp-pontos-item\" style=\"grid-column: span 2;\">\n      <span class=\"rdp-pontos-emoji\">\ud83d\udcac<\/span>\n      <div class=\"rdp-pontos-item-title\">Percep\u00e7\u00e3o N\u00e3o Verbal<\/div>\n      <p class=\"rdp-pontos-item-desc\">Melhoria na sensibilidade para interpretar sinais e linguagens n\u00e3o verbais em todas as intera\u00e7\u00f5es sociais.<\/p>\n    <\/div>\n  <\/div>\n<\/div>\n<div style=\"clear:both;height:0;overflow:hidden;\"><\/div>\n\n\n\n<p>O conv\u00edvio com o melhor amigo do homem ajuda a regular as emo\u00e7\u00f5es, tornando o indiv\u00edduo mais resiliente para lidar com as frustra\u00e7\u00f5es do mundo social. Ao aprender a cuidar e a ser cuidado por um ser t\u00e3o puro, o humano acaba por redescobrir aspectos da pr\u00f3pria sensibilidade que podem ter sido sufocados pelas exig\u00eancias da vida moderna.<\/p>\n\n\n\n<h2 class=\"wp-block-heading\">A conex\u00e3o canina reflete a busca humana por aceita\u00e7\u00e3o plena<\/h2>\n\n\n\n<p>Em \u00faltima an\u00e1lise, a facilidade de lidar com c\u00e3es em detrimento de pessoas \u00e9 uma manifesta\u00e7\u00e3o da busca universal por aceita\u00e7\u00e3o sem m\u00e1scaras ou pretens\u00f5es sociais. O <strong>animal de estima\u00e7\u00e3o<\/strong> funciona como um espelho emocional que devolve apenas amor e fidelidade, validando a exist\u00eancia do dono de uma forma que poucas rela\u00e7\u00f5es humanas conseguem replicar.<\/p>\n\n\n\n<p>Compreender esse fen\u00f4meno sob a \u00f3tica da sa\u00fade mental permite que as pessoas integrem seus pets em suas vidas de forma consciente, colhendo os benef\u00edcios dessa parceria extraordin\u00e1ria. O equil\u00edbrio entre o amor pelos animais e a abertura para novas experi\u00eancias humanas \u00e9 o caminho ideal para uma vida emocionalmente rica, est\u00e1vel e genuinamente feliz.<\/p>\n","protected":false},"excerpt":{"rendered":"<p>Para muitos indiv\u00edduos, a conex\u00e3o estabelecida com os animais de estima\u00e7\u00e3o parece ser muito mais profunda e est\u00e1vel do que as complexas rela\u00e7\u00f5es humanas. A psicologia moderna investiga como essa facilidade de intera\u00e7\u00e3o com os caninos revela tra\u00e7os sobre a necessidade de seguran\u00e7a emocional e a busca por v\u00ednculos livres de julgamentos cr\u00edticos. O papel [&hellip;]<\/p>\n","protected":false},"author":9,"featured_media":233767,"comment_status":"open","ping_status":"open","sticky":false,"template":"","format":"standard","meta":{"_yoast_wpseo_focuskw":"c\u00e3es","_yoast_wpseo_title":"","_yoast_wpseo_metadesc":"Entenda por que muitas pessoas se sentem mais confort\u00e1veis com c\u00e3es e o que isso revela sobre emo\u00e7\u00f5es e v\u00ednculos afetivos.","jnews-multi-image_gallery":[],"jnews_single_post":{"format":"standard"},"jnews_primary_category":[],"jnews_social_meta":[],"jnews_override_counter":[],"footnotes":""},"categories":[112],"tags":[],"class_list":["post-233300","post","type-post","status-publish","format-standard","has-post-thumbnail","hentry","category-curiosidades"],"yoast_head":"<!-- This site is optimized with the Yoast SEO plugin v24.6 - https:\/\/yoast.com\/wordpress\/plugins\/seo\/ -->\n<title>A psicologia explica o que pode estar por tr\u00e1s de quem sente mais facilidade com c\u00e3es do que com pessoas - Correio Braziliense - Radar<\/title>\n<meta name=\"description\" content=\"Entenda por que muitas pessoas se sentem mais confort\u00e1veis com c\u00e3es e o que isso revela sobre emo\u00e7\u00f5es e v\u00ednculos afetivos.\" \/>\n<meta name=\"robots\" content=\"index, follow, max-snippet:-1, max-image-preview:large, max-video-preview:-1\" \/>\n<link rel=\"canonical\" href=\"https:\/\/www.correiobraziliense.com.br\/cbradar\/a-psicologia-explica-o-que-pode-estar-por-tras-de-quem-sente-mais-facilidade-com-caes-do-que-com-pessoas\/\" \/>\n<meta property=\"og:locale\" content=\"pt_BR\" \/>\n<meta property=\"og:type\" content=\"article\" \/>\n<meta property=\"og:title\" content=\"A psicologia explica o que pode estar por tr\u00e1s de quem sente mais facilidade com c\u00e3es do que com pessoas - Correio Braziliense - Radar\" \/>\n<meta property=\"og:description\" content=\"Entenda por que muitas pessoas se sentem mais confort\u00e1veis com c\u00e3es e o que isso revela sobre emo\u00e7\u00f5es e v\u00ednculos afetivos.\" \/>\n<meta property=\"og:url\" content=\"https:\/\/www.correiobraziliense.com.br\/cbradar\/a-psicologia-explica-o-que-pode-estar-por-tras-de-quem-sente-mais-facilidade-com-caes-do-que-com-pessoas\/\" \/>\n<meta property=\"og:site_name\" content=\"Correio Braziliense - Radar\" \/>\n<meta property=\"article:published_time\" content=\"2026-04-29T19:35:00+00:00\" \/>\n<meta property=\"og:image\" content=\"https:\/\/www.correiobraziliense.com.br\/cbradar\/wp-content\/uploads\/2026\/04\/Pessoa_acariciando_cachorro_202604281357.jpg\" \/>\n\t<meta property=\"og:image:width\" content=\"1280\" \/>\n\t<meta property=\"og:image:height\" content=\"720\" \/>\n\t<meta property=\"og:image:type\" content=\"image\/jpeg\" \/>\n<meta name=\"author\" content=\"Daniely Cardoso\" \/>\n<meta name=\"twitter:card\" content=\"summary_large_image\" \/>\n<meta name=\"twitter:label1\" content=\"Escrito por\" \/>\n\t<meta name=\"twitter:data1\" content=\"Daniely Cardoso\" \/>\n\t<meta name=\"twitter:label2\" content=\"Est. tempo de leitura\" \/>\n\t<meta name=\"twitter:data2\" content=\"5 minutos\" \/>\n<!-- \/ Yoast SEO plugin. -->","yoast_head_json":{"title":"A psicologia explica o que pode estar por tr\u00e1s de quem sente mais facilidade com c\u00e3es do que com pessoas - Correio Braziliense - Radar","description":"Entenda por que muitas pessoas se sentem mais confort\u00e1veis com c\u00e3es e o que isso revela sobre emo\u00e7\u00f5es e v\u00ednculos afetivos.","robots":{"index":"index","follow":"follow","max-snippet":"max-snippet:-1","max-image-preview":"max-image-preview:large","max-video-preview":"max-video-preview:-1"},"canonical":"https:\/\/www.correiobraziliense.com.br\/cbradar\/a-psicologia-explica-o-que-pode-estar-por-tras-de-quem-sente-mais-facilidade-com-caes-do-que-com-pessoas\/","og_locale":"pt_BR","og_type":"article","og_title":"A psicologia explica o que pode estar por tr\u00e1s de quem sente mais facilidade com c\u00e3es do que com pessoas - Correio Braziliense - Radar","og_description":"Entenda por que muitas pessoas se sentem mais confort\u00e1veis com c\u00e3es e o que isso revela sobre emo\u00e7\u00f5es e v\u00ednculos afetivos.","og_url":"https:\/\/www.correiobraziliense.com.br\/cbradar\/a-psicologia-explica-o-que-pode-estar-por-tras-de-quem-sente-mais-facilidade-com-caes-do-que-com-pessoas\/","og_site_name":"Correio Braziliense - Radar","article_published_time":"2026-04-29T19:35:00+00:00","og_image":[{"width":1280,"height":720,"url":"https:\/\/www.correiobraziliense.com.br\/cbradar\/wp-content\/uploads\/2026\/04\/Pessoa_acariciando_cachorro_202604281357.jpg","type":"image\/jpeg"}],"author":"Daniely Cardoso","twitter_card":"summary_large_image","twitter_misc":{"Escrito por":"Daniely Cardoso","Est. tempo de leitura":"5 minutos"},"schema":{"@context":"https:\/\/schema.org","@graph":[{"@type":"WebPage","@id":"https:\/\/www.correiobraziliense.com.br\/cbradar\/a-psicologia-explica-o-que-pode-estar-por-tras-de-quem-sente-mais-facilidade-com-caes-do-que-com-pessoas\/","url":"https:\/\/www.correiobraziliense.com.br\/cbradar\/a-psicologia-explica-o-que-pode-estar-por-tras-de-quem-sente-mais-facilidade-com-caes-do-que-com-pessoas\/","name":"A psicologia explica o que pode estar por tr\u00e1s de quem sente mais facilidade com c\u00e3es do que com pessoas - Correio Braziliense - Radar","isPartOf":{"@id":"https:\/\/www.correiobraziliense.com.br\/cbradar\/#website"},"primaryImageOfPage":{"@id":"https:\/\/www.correiobraziliense.com.br\/cbradar\/a-psicologia-explica-o-que-pode-estar-por-tras-de-quem-sente-mais-facilidade-com-caes-do-que-com-pessoas\/#primaryimage"},"image":{"@id":"https:\/\/www.correiobraziliense.com.br\/cbradar\/a-psicologia-explica-o-que-pode-estar-por-tras-de-quem-sente-mais-facilidade-com-caes-do-que-com-pessoas\/#primaryimage"},"thumbnailUrl":"https:\/\/www.correiobraziliense.com.br\/cbradar\/wp-content\/uploads\/2026\/04\/Pessoa_acariciando_cachorro_202604281357.jpg","datePublished":"2026-04-29T19:35:00+00:00","author":{"@id":"https:\/\/www.correiobraziliense.com.br\/cbradar\/#\/schema\/person\/7356666e12ec0ee53f348ee5db227032"},"description":"Entenda por que muitas pessoas se sentem mais confort\u00e1veis com c\u00e3es e o que isso revela sobre emo\u00e7\u00f5es e v\u00ednculos afetivos.","breadcrumb":{"@id":"https:\/\/www.correiobraziliense.com.br\/cbradar\/a-psicologia-explica-o-que-pode-estar-por-tras-de-quem-sente-mais-facilidade-com-caes-do-que-com-pessoas\/#breadcrumb"},"inLanguage":"pt-BR","potentialAction":[{"@type":"ReadAction","target":["https:\/\/www.correiobraziliense.com.br\/cbradar\/a-psicologia-explica-o-que-pode-estar-por-tras-de-quem-sente-mais-facilidade-com-caes-do-que-com-pessoas\/"]}]},{"@type":"ImageObject","inLanguage":"pt-BR","@id":"https:\/\/www.correiobraziliense.com.br\/cbradar\/a-psicologia-explica-o-que-pode-estar-por-tras-de-quem-sente-mais-facilidade-com-caes-do-que-com-pessoas\/#primaryimage","url":"https:\/\/www.correiobraziliense.com.br\/cbradar\/wp-content\/uploads\/2026\/04\/Pessoa_acariciando_cachorro_202604281357.jpg","contentUrl":"https:\/\/www.correiobraziliense.com.br\/cbradar\/wp-content\/uploads\/2026\/04\/Pessoa_acariciando_cachorro_202604281357.jpg","width":1280,"height":720,"caption":"Algumas pessoas se sentem mais seguras emocionalmente com animais do que com humanos"},{"@type":"BreadcrumbList","@id":"https:\/\/www.correiobraziliense.com.br\/cbradar\/a-psicologia-explica-o-que-pode-estar-por-tras-de-quem-sente-mais-facilidade-com-caes-do-que-com-pessoas\/#breadcrumb","itemListElement":[{"@type":"ListItem","position":1,"name":"In\u00edcio","item":"https:\/\/www.correiobraziliense.com.br\/cbradar\/"},{"@type":"ListItem","position":2,"name":"A psicologia explica o que pode estar por tr\u00e1s de quem sente mais facilidade com c\u00e3es do que com pessoas"}]},{"@type":"WebSite","@id":"https:\/\/www.correiobraziliense.com.br\/cbradar\/#website","url":"https:\/\/www.correiobraziliense.com.br\/cbradar\/","name":"Correio Braziliense - Radar","description":"Acompanhe as \u00faltimas not\u00edcias e fique bem informado sobre tudo o que acontece no Brasil e no mundo.","potentialAction":[{"@type":"SearchAction","target":{"@type":"EntryPoint","urlTemplate":"https:\/\/www.correiobraziliense.com.br\/cbradar\/?s={search_term_string}"},"query-input":{"@type":"PropertyValueSpecification","valueRequired":true,"valueName":"search_term_string"}}],"inLanguage":"pt-BR"},{"@type":"Person","@id":"https:\/\/www.correiobraziliense.com.br\/cbradar\/#\/schema\/person\/7356666e12ec0ee53f348ee5db227032","name":"Daniely Cardoso","image":{"@type":"ImageObject","inLanguage":"pt-BR","@id":"https:\/\/www.correiobraziliense.com.br\/cbradar\/#\/schema\/person\/image\/","url":"https:\/\/secure.gravatar.com\/avatar\/4b80ddbd124d1f071b626d52d62e5dff?s=96&d=mm&r=g","contentUrl":"https:\/\/secure.gravatar.com\/avatar\/4b80ddbd124d1f071b626d52d62e5dff?s=96&d=mm&r=g","caption":"Daniely Cardoso"},"description":"Redatora nos portais CB Radar e EM Foco, formada pela Universidade Federal de Goi\u00e1s, em Goi\u00e2nia. Apaixonada por comunica\u00e7\u00e3o, arte, decora\u00e7\u00e3o e tend\u00eancias, atuo na produ\u00e7\u00e3o de conte\u00fados envolventes sobre curiosidades, moda, beleza e paisagismo, sempre com um olhar atento \u00e0s novidades do momento.","sameAs":["https:\/\/www.correiobraziliense.com.br\/cbradar"],"url":"https:\/\/www.correiobraziliense.com.br\/cbradar\/author\/danielymyth\/"}]}},"_links":{"self":[{"href":"https:\/\/www.correiobraziliense.com.br\/cbradar\/wp-json\/wp\/v2\/posts\/233300","targetHints":{"allow":["GET"]}}],"collection":[{"href":"https:\/\/www.correiobraziliense.com.br\/cbradar\/wp-json\/wp\/v2\/posts"}],"about":[{"href":"https:\/\/www.correiobraziliense.com.br\/cbradar\/wp-json\/wp\/v2\/types\/post"}],"author":[{"embeddable":true,"href":"https:\/\/www.correiobraziliense.com.br\/cbradar\/wp-json\/wp\/v2\/users\/9"}],"replies":[{"embeddable":true,"href":"https:\/\/www.correiobraziliense.com.br\/cbradar\/wp-json\/wp\/v2\/comments?post=233300"}],"version-history":[{"count":1,"href":"https:\/\/www.correiobraziliense.com.br\/cbradar\/wp-json\/wp\/v2\/posts\/233300\/revisions"}],"predecessor-version":[{"id":233307,"href":"https:\/\/www.correiobraziliense.com.br\/cbradar\/wp-json\/wp\/v2\/posts\/233300\/revisions\/233307"}],"wp:featuredmedia":[{"embeddable":true,"href":"https:\/\/www.correiobraziliense.com.br\/cbradar\/wp-json\/wp\/v2\/media\/233767"}],"wp:attachment":[{"href":"https:\/\/www.correiobraziliense.com.br\/cbradar\/wp-json\/wp\/v2\/media?parent=233300"}],"wp:term":[{"taxonomy":"category","embeddable":true,"href":"https:\/\/www.correiobraziliense.com.br\/cbradar\/wp-json\/wp\/v2\/categories?post=233300"},{"taxonomy":"post_tag","embeddable":true,"href":"https:\/\/www.correiobraziliense.com.br\/cbradar\/wp-json\/wp\/v2\/tags?post=233300"}],"curies":[{"name":"wp","href":"https:\/\/api.w.org\/{rel}","templated":true}]}}