{"id":233313,"date":"2026-04-29T12:25:00","date_gmt":"2026-04-29T15:25:00","guid":{"rendered":"https:\/\/www.correiobraziliense.com.br\/cbradar\/?p=233313"},"modified":"2026-04-28T13:35:39","modified_gmt":"2026-04-28T16:35:39","slug":"por-que-acordar-varias-vezes-para-urinar-prejudica-o-descanso-e-que-habitos-ajudam-a-diminuir-esse-problema-segundo-especialistas","status":"publish","type":"post","link":"https:\/\/www.correiobraziliense.com.br\/cbradar\/por-que-acordar-varias-vezes-para-urinar-prejudica-o-descanso-e-que-habitos-ajudam-a-diminuir-esse-problema-segundo-especialistas\/","title":{"rendered":"Por que acordar v\u00e1rias vezes para urinar prejudica o descanso e que h\u00e1bitos ajudam a diminuir esse problema, segundo especialistas"},"content":{"rendered":"\n<p>Acordar uma vez ou outra para urinar pode parecer normal, mas quando o rel\u00f3gio marca <strong>acordar v\u00e1rias vezes para urinar<\/strong> todas as noites, o corpo n\u00e3o est\u00e1 apenas perdendo minutos de sono, est\u00e1 perdendo o descanso verdadeiro. A <strong>noct\u00faria<\/strong>, termo m\u00e9dico para esse fen\u00f4meno, fragmenta o sono de um jeito que nem sempre se repara no dia seguinte, mas que cobra um pre\u00e7o alto em concentra\u00e7\u00e3o e disposi\u00e7\u00e3o.<\/p>\n\n\n\n<h2 class=\"wp-block-heading\">O que \u00e9 a noct\u00faria e por que ela vai al\u00e9m de simplesmente beber \u00e1gua antes de dormir?<\/h2>\n\n\n\n<p>A <strong>noct\u00faria<\/strong> \u00e9 definida como a necessidade de acordar durante a noite para urinar, sendo que cada epis\u00f3dio \u00e9 precedido e seguido por um per\u00edodo de sono. A primeira mic\u00e7\u00e3o da manh\u00e3 n\u00e3o conta como noct\u00faria, e urinar sem acordar (enurese noturna) \u00e9 outra condi\u00e7\u00e3o, diferente do que se est\u00e1 discutindo aqui.<\/p>\n\n\n\n<p>Embora a ingest\u00e3o excessiva de l\u00edquidos \u00e0 noite seja um fator, a noct\u00faria tem causas diversas, como <strong>poli\u00faria noturna<\/strong> (produ\u00e7\u00e3o exagerada de urina durante o sono), <strong>capacidade reduzida da bexiga<\/strong>, dist\u00farbios do sono como a apneia obstrutiva e at\u00e9 condi\u00e7\u00f5es metab\u00f3licas. Ela n\u00e3o \u00e9 apenas um inc\u00f4modo \u2014 \u00e9 um sinal de que algo na fisiologia noturna est\u00e1 desregulado.<\/p>\n\n\n<div class=\"wp-block-image\">\n<figure class=\"aligncenter size-full\"><img decoding=\"async\" width=\"1280\" height=\"720\" src=\"https:\/\/www.correiobraziliense.com.br\/cbradar\/wp-content\/uploads\/2026\/04\/IMAGEM_720p_1777342776227.jpg\" alt=\"Como a noct\u00faria fragmenta o sono e afeta o descanso, al\u00e9m de ensinar h\u00e1bitos pr\u00e1ticos baseados em evid\u00eancias para reduzir os despertares noturnos.\" class=\"wp-image-233318\" srcset=\"https:\/\/www.correiobraziliense.com.br\/cbradar\/wp-content\/uploads\/2026\/04\/IMAGEM_720p_1777342776227.jpg 1280w, https:\/\/www.correiobraziliense.com.br\/cbradar\/wp-content\/uploads\/2026\/04\/IMAGEM_720p_1777342776227-300x169.jpg 300w, https:\/\/www.correiobraziliense.com.br\/cbradar\/wp-content\/uploads\/2026\/04\/IMAGEM_720p_1777342776227-768x432.jpg 768w, https:\/\/www.correiobraziliense.com.br\/cbradar\/wp-content\/uploads\/2026\/04\/IMAGEM_720p_1777342776227-750x422.jpg 750w, https:\/\/www.correiobraziliense.com.br\/cbradar\/wp-content\/uploads\/2026\/04\/IMAGEM_720p_1777342776227-1140x641.jpg 1140w\" sizes=\"(max-width: 1280px) 100vw, 1280px\" \/><figcaption class=\"wp-element-caption\">Como a noct\u00faria fragmenta o sono e afeta o descanso, al\u00e9m de ensinar h\u00e1bitos pr\u00e1ticos baseados em evid\u00eancias para reduzir os despertares noturnos.<\/figcaption><\/figure><\/div>\n\n\n<h2 class=\"wp-block-heading\">Por que acordar v\u00e1rias vezes para urinar fragmenta o descanso de forma t\u00e3o intensa?<\/h2>\n\n\n\n<p>O sono n\u00e3o \u00e9 uma chave que se liga e desliga. Ele funciona em <strong>ciclos de aproximadamente 90 minutos<\/strong>, alternando entre fases leves, profundas e o sono REM. Cada vez que a bexiga for\u00e7a um despertar, o ciclo \u00e9 interrompido e, ao voltar para a cama, o corpo recome\u00e7a do zero, muitas vezes sem conseguir retomar o <strong>sono profundo<\/strong>.<\/p>\n\n\n\n<p>Uma <a href=\"https:\/\/pmc.ncbi.nlm.nih.gov\/articles\/PMC12798409\/\" target=\"_blank\" rel=\"noreferrer noopener\">meta\u2011an\u00e1lise publicada na <strong>National Library of Medicine<\/strong><\/a> mostrou que pacientes com noct\u00faria apresentam escores de qualidade de sono significativamente piores quando comparados a grupos controle, com uma diferen\u00e7a m\u00e9dia padronizada de 1,01 ponto. Outro dado forte: a chance de ter sono de m\u00e1 qualidade \u00e9 tr\u00eas vezes maior entre quem sofre com o problema, o que comprova que quantidade de horas na cama n\u00e3o \u00e9 a mesma coisa que descanso reparador.<\/p>\n\n\n\n<h2 class=\"wp-block-heading\">Como a priva\u00e7\u00e3o de sono causada pela noct\u00faria afeta a concentra\u00e7\u00e3o e o desempenho durante o dia?<\/h2>\n\n\n\n<p>A fragmenta\u00e7\u00e3o do sono provoca <strong>priva\u00e7\u00e3o cr\u00f4nica<\/strong>, e o c\u00e9rebro \u00e9 o primeiro a sentir. Segundo um artigo do <strong>StatPearls<\/strong>, a noct\u00faria leva \u00e0 exaust\u00e3o, altera\u00e7\u00f5es de humor, sonol\u00eancia diurna, fadiga e preju\u00edzo na aten\u00e7\u00e3o e na produtividade. A capacidade de concentra\u00e7\u00e3o despenca porque o c\u00f3rtex pr\u00e9\u2011frontal, respons\u00e1vel pelo foco, depende de sono profundo para funcionar bem.<\/p>\n\n\n\n<p>Um <a href=\"https:\/\/apurologia.pt\/wp-content\/uploads\/2020\/12\/nocturia.pdf#:~:text=A%20noct\u00faria%20\u2013%20definida%20pela%20International%20Continen-,causas:%201)%20causas%20relacionadas%20com%20o%20volume\" target=\"_blank\" rel=\"noreferrer noopener\">documento da <strong>Associa\u00e7\u00e3o Portuguesa de Urologia<\/strong> <\/a>refor\u00e7a que a interrup\u00e7\u00e3o sistem\u00e1tica do sono causada pela noct\u00faria est\u00e1 associada a perda de concentra\u00e7\u00e3o, baixo desempenho no trabalho e maior risco de acidentes. Em idosos, o perigo \u00e9 ainda maior: cerca de 25% das quedas noturnas est\u00e3o diretamente relacionadas \u00e0s idas ao banheiro, e pacientes com dois ou mais epis\u00f3dios por noite t\u00eam o dobro do risco de fraturas.<\/p>\n\n\n\n<p>No v\u00eddeo a seguir, o perfil do<strong> Dr. L\u00e9o Cortez<\/strong>, com mais de 2 mil seguidores, fala um pouco sobre o assunto:<\/p>\n\n\n\n<blockquote class=\"instagram-media\" data-instgrm-captioned data-instgrm-permalink=\"https:\/\/www.instagram.com\/reel\/DE7fp7EOW4U\/?utm_source=ig_embed&amp;utm_campaign=loading\" data-instgrm-version=\"14\" style=\" background:#FFF; border:0; border-radius:3px; box-shadow:0 0 1px 0 rgba(0,0,0,0.5),0 1px 10px 0 rgba(0,0,0,0.15); margin: 1px; max-width:540px; min-width:326px; padding:0; width:99.375%; width:-webkit-calc(100% - 2px); width:calc(100% - 2px);\"><div style=\"padding:16px;\"> <a href=\"https:\/\/www.instagram.com\/reel\/DE7fp7EOW4U\/?utm_source=ig_embed&amp;utm_campaign=loading\" style=\" background:#FFFFFF; line-height:0; padding:0 0; text-align:center; text-decoration:none; width:100%;\" target=\"_blank\"> <div style=\" display: flex; flex-direction: row; align-items: center;\"> <div style=\"background-color: #F4F4F4; border-radius: 50%; flex-grow: 0; height: 40px; margin-right: 14px; width: 40px;\"><\/div> <div style=\"display: flex; flex-direction: column; flex-grow: 1; justify-content: center;\"> <div style=\" background-color: #F4F4F4; border-radius: 4px; flex-grow: 0; height: 14px; margin-bottom: 6px; width: 100px;\"><\/div> <div style=\" background-color: #F4F4F4; border-radius: 4px; flex-grow: 0; height: 14px; width: 60px;\"><\/div><\/div><\/div><div style=\"padding: 19% 0;\"><\/div> <div style=\"display:block; height:50px; margin:0 auto 12px; width:50px;\"><svg width=\"50px\" height=\"50px\" viewBox=\"0 0 60 60\" version=\"1.1\" xmlns=\"https:\/\/www.w3.org\/2000\/svg\" xmlns:xlink=\"https:\/\/www.w3.org\/1999\/xlink\"><g stroke=\"none\" stroke-width=\"1\" fill=\"none\" fill-rule=\"evenodd\"><g transform=\"translate(-511.000000, -20.000000)\" fill=\"#000000\"><g><path d=\"M556.869,30.41 C554.814,30.41 553.148,32.076 553.148,34.131 C553.148,36.186 554.814,37.852 556.869,37.852 C558.924,37.852 560.59,36.186 560.59,34.131 C560.59,32.076 558.924,30.41 556.869,30.41 M541,60.657 C535.114,60.657 530.342,55.887 530.342,50 C530.342,44.114 535.114,39.342 541,39.342 C546.887,39.342 551.658,44.114 551.658,50 C551.658,55.887 546.887,60.657 541,60.657 M541,33.886 C532.1,33.886 524.886,41.1 524.886,50 C524.886,58.899 532.1,66.113 541,66.113 C549.9,66.113 557.115,58.899 557.115,50 C557.115,41.1 549.9,33.886 541,33.886 M565.378,62.101 C565.244,65.022 564.756,66.606 564.346,67.663 C563.803,69.06 563.154,70.057 562.106,71.106 C561.058,72.155 560.06,72.803 558.662,73.347 C557.607,73.757 556.021,74.244 553.102,74.378 C549.944,74.521 548.997,74.552 541,74.552 C533.003,74.552 532.056,74.521 528.898,74.378 C525.979,74.244 524.393,73.757 523.338,73.347 C521.94,72.803 520.942,72.155 519.894,71.106 C518.846,70.057 518.197,69.06 517.654,67.663 C517.244,66.606 516.755,65.022 516.623,62.101 C516.479,58.943 516.448,57.996 516.448,50 C516.448,42.003 516.479,41.056 516.623,37.899 C516.755,34.978 517.244,33.391 517.654,32.338 C518.197,30.938 518.846,29.942 519.894,28.894 C520.942,27.846 521.94,27.196 523.338,26.654 C524.393,26.244 525.979,25.756 528.898,25.623 C532.057,25.479 533.004,25.448 541,25.448 C548.997,25.448 549.943,25.479 553.102,25.623 C556.021,25.756 557.607,26.244 558.662,26.654 C560.06,27.196 561.058,27.846 562.106,28.894 C563.154,29.942 563.803,30.938 564.346,32.338 C564.756,33.391 565.244,34.978 565.378,37.899 C565.522,41.056 565.552,42.003 565.552,50 C565.552,57.996 565.522,58.943 565.378,62.101 M570.82,37.631 C570.674,34.438 570.167,32.258 569.425,30.349 C568.659,28.377 567.633,26.702 565.965,25.035 C564.297,23.368 562.623,22.342 560.652,21.575 C558.743,20.834 556.562,20.326 553.369,20.18 C550.169,20.033 549.148,20 541,20 C532.853,20 531.831,20.033 528.631,20.18 C525.438,20.326 523.257,20.834 521.349,21.575 C519.376,22.342 517.703,23.368 516.035,25.035 C514.368,26.702 513.342,28.377 512.574,30.349 C511.834,32.258 511.326,34.438 511.181,37.631 C511.035,40.831 511,41.851 511,50 C511,58.147 511.035,59.17 511.181,62.369 C511.326,65.562 511.834,67.743 512.574,69.651 C513.342,71.625 514.368,73.296 516.035,74.965 C517.703,76.634 519.376,77.658 521.349,78.425 C523.257,79.167 525.438,79.673 528.631,79.82 C531.831,79.965 532.853,80.001 541,80.001 C549.148,80.001 550.169,79.965 553.369,79.82 C556.562,79.673 558.743,79.167 560.652,78.425 C562.623,77.658 564.297,76.634 565.965,74.965 C567.633,73.296 568.659,71.625 569.425,69.651 C570.167,67.743 570.674,65.562 570.82,62.369 C570.966,59.17 571,58.147 571,50 C571,41.851 570.966,40.831 570.82,37.631\"><\/path><\/g><\/g><\/g><\/svg><\/div><div style=\"padding-top: 8px;\"> <div style=\" color:#3897f0; font-family:Arial,sans-serif; font-size:14px; font-style:normal; font-weight:550; line-height:18px;\">Ver essa foto no Instagram<\/div><\/div><div style=\"padding: 12.5% 0;\"><\/div> <div style=\"display: flex; flex-direction: row; margin-bottom: 14px; align-items: center;\"><div> <div style=\"background-color: #F4F4F4; border-radius: 50%; height: 12.5px; width: 12.5px; transform: translateX(0px) translateY(7px);\"><\/div> <div style=\"background-color: #F4F4F4; height: 12.5px; transform: rotate(-45deg) translateX(3px) translateY(1px); width: 12.5px; flex-grow: 0; margin-right: 14px; margin-left: 2px;\"><\/div> <div style=\"background-color: #F4F4F4; border-radius: 50%; height: 12.5px; width: 12.5px; transform: translateX(9px) translateY(-18px);\"><\/div><\/div><div style=\"margin-left: 8px;\"> <div style=\" background-color: #F4F4F4; border-radius: 50%; flex-grow: 0; height: 20px; width: 20px;\"><\/div> <div style=\" width: 0; height: 0; border-top: 2px solid transparent; border-left: 6px solid #f4f4f4; border-bottom: 2px solid transparent; transform: translateX(16px) translateY(-4px) rotate(30deg)\"><\/div><\/div><div style=\"margin-left: auto;\"> <div style=\" width: 0px; border-top: 8px solid #F4F4F4; border-right: 8px solid transparent; transform: translateY(16px);\"><\/div> <div style=\" background-color: #F4F4F4; flex-grow: 0; height: 12px; width: 16px; transform: translateY(-4px);\"><\/div> <div style=\" width: 0; height: 0; border-top: 8px solid #F4F4F4; border-left: 8px solid transparent; transform: translateY(-4px) translateX(8px);\"><\/div><\/div><\/div> <div style=\"display: flex; flex-direction: column; flex-grow: 1; justify-content: center; margin-bottom: 24px;\"> <div style=\" background-color: #F4F4F4; border-radius: 4px; flex-grow: 0; height: 14px; margin-bottom: 6px; width: 224px;\"><\/div> <div style=\" background-color: #F4F4F4; border-radius: 4px; flex-grow: 0; height: 14px; width: 144px;\"><\/div><\/div><\/a><p style=\" color:#c9c8cd; font-family:Arial,sans-serif; font-size:14px; line-height:17px; margin-bottom:0; margin-top:8px; overflow:hidden; padding:8px 0 7px; text-align:center; text-overflow:ellipsis; white-space:nowrap;\"><a href=\"https:\/\/www.instagram.com\/reel\/DE7fp7EOW4U\/?utm_source=ig_embed&amp;utm_campaign=loading\" style=\" color:#c9c8cd; font-family:Arial,sans-serif; font-size:14px; font-style:normal; font-weight:normal; line-height:17px; text-decoration:none;\" target=\"_blank\">Um post compartilhado por Dr. L\u00e9o Cortez | Neurologista (@drleocortez)<\/a><\/p><\/div><\/blockquote>\n<script async src=\"\/\/www.instagram.com\/embed.js\"><\/script>\n\n\n\n<h2 class=\"wp-block-heading\">Quais h\u00e1bitos ajudam a reduzir a noct\u00faria, segundo especialistas?<\/h2>\n\n\n\n<p>Ajustar a rotina antes de dormir \u00e9 o primeiro passo recomendado por especialistas em <strong>medicina do sono<\/strong> e <strong>urologia<\/strong>. Limitar a ingest\u00e3o de l\u00edquidos de duas a tr\u00eas horas antes de se deitar, eliminar <strong>cafe\u00edna<\/strong> e <strong>\u00e1lcool<\/strong> no per\u00edodo noturno e reduzir o sal da dieta s\u00e3o medidas que diminuem a produ\u00e7\u00e3o de urina durante a noite.<\/p>\n\n\n\n<p>Outro h\u00e1bito pouco comentado, mas eficaz, \u00e9 a <strong>eleva\u00e7\u00e3o das pernas<\/strong> no fim da tarde ou in\u00edcio da noite, manobra que ajuda a redistribuir o l\u00edquido acumulado nos membros inferiores antes que ele chegue aos rins durante o sono. Confira as estrat\u00e9gias mais citadas por especialistas:<\/p>\n\n\n\n<ul class=\"wp-block-list\">\n<li><strong>Restri\u00e7\u00e3o de l\u00edquidos noturnos:<\/strong> interromper a ingest\u00e3o de \u00e1gua e outros fluidos 2 a 3 horas antes de dormir.<\/li>\n\n\n\n<li><strong>Evitar cafe\u00edna e \u00e1lcool \u00e0 noite:<\/strong> ambos t\u00eam a\u00e7\u00e3o diur\u00e9tica e aumentam a produ\u00e7\u00e3o de urina.<\/li>\n\n\n\n<li><strong>Redu\u00e7\u00e3o do sal na dieta:<\/strong> o excesso de s\u00f3dio ret\u00e9m l\u00edquido e amplia o volume urin\u00e1rio noturno.<\/li>\n\n\n\n<li><strong>Eleva\u00e7\u00e3o das pernas:<\/strong> ao fim da tarde, ajuda a mobilizar edemas e reduzir a poli\u00faria noturna.<\/li>\n\n\n\n<li><strong>Esgotamento vesical duplo:<\/strong> urinar duas vezes antes de dormir (com intervalo de alguns minutos) para garantir que a bexiga fique completamente vazia.<\/li>\n<\/ul>\n\n\n\n<p>Leia tamb\u00e9m: <a href=\"https:\/\/www.correiobraziliense.com.br\/cbradar\/nem-cru-nem-em-excesso-como-consumir-aveia-do-jeito-certo-para-melhorar-a-digestao\/\" target=\"_blank\" rel=\"noreferrer noopener\">Nem cru, nem em excesso: como consumir aveia do jeito certo para melhorar a digest\u00e3o<\/a><\/p>\n\n\n\n<h2 class=\"wp-block-heading\">Quando a noct\u00faria deixa de ser um h\u00e1bito e passa a exigir investiga\u00e7\u00e3o m\u00e9dica?<\/h2>\n\n\n\n<p>Dois ou mais epis\u00f3dios por noite, de forma consistente, j\u00e1 s\u00e3o considerados um sinal de alerta pela <strong>International Continence Society<\/strong>. Se as mudan\u00e7as de h\u00e1bito n\u00e3o trazem al\u00edvio em poucas semanas, vale procurar um <strong>urologista<\/strong> ou um especialista em sono para investigar causas subjacentes, como aumento da pr\u00f3stata, bexiga hiperativa, apneia do sono ou diabetes.<\/p>\n\n\n\n<p>Manter um <strong>di\u00e1rio miccional<\/strong> por alguns dias \u2014 anotando hor\u00e1rios, volumes aproximados e bebidas consumidas \u2014 \u00e9 uma ferramenta simples que ajuda o profissional a identificar a origem do problema. A noct\u00faria tem tratamento, e as op\u00e7\u00f5es v\u00e3o desde ajustes comportamentais at\u00e9 medicamentos espec\u00edficos, sempre orientados ap\u00f3s uma avalia\u00e7\u00e3o cuidadosa.<\/p>\n","protected":false},"excerpt":{"rendered":"<p>Acordar uma vez ou outra para urinar pode parecer normal, mas quando o rel\u00f3gio marca acordar v\u00e1rias vezes para urinar todas as noites, o corpo n\u00e3o est\u00e1 apenas perdendo minutos de sono, est\u00e1 perdendo o descanso verdadeiro. A noct\u00faria, termo m\u00e9dico para esse fen\u00f4meno, fragmenta o sono de um jeito que nem sempre se repara [&hellip;]<\/p>\n","protected":false},"author":11,"featured_media":233747,"comment_status":"open","ping_status":"open","sticky":false,"template":"","format":"standard","meta":{"_yoast_wpseo_focuskw":"acordar v\u00e1rias vezes para urinar","_yoast_wpseo_title":"","_yoast_wpseo_metadesc":"Interromper o sono para ir ao banheiro parece inofensivo, mas a repeti\u00e7\u00e3o pode sabotar seu descanso. Veja o que dizem os especialistas e como evitar.","jnews-multi-image_gallery":[],"jnews_single_post":{"format":"standard"},"jnews_primary_category":[],"jnews_social_meta":[],"jnews_override_counter":[],"footnotes":""},"categories":[119],"tags":[],"class_list":["post-233313","post","type-post","status-publish","format-standard","has-post-thumbnail","hentry","category-bem-estar"],"yoast_head":"<!-- This site is optimized with the Yoast SEO plugin v24.6 - https:\/\/yoast.com\/wordpress\/plugins\/seo\/ -->\n<title>Por que acordar v\u00e1rias vezes para urinar prejudica o descanso e que h\u00e1bitos ajudam a diminuir esse problema, segundo especialistas - Correio Braziliense - Radar<\/title>\n<meta name=\"description\" content=\"Interromper o sono para ir ao banheiro parece inofensivo, mas a repeti\u00e7\u00e3o pode sabotar seu descanso. Veja o que dizem os especialistas e como evitar.\" \/>\n<meta name=\"robots\" content=\"index, follow, max-snippet:-1, max-image-preview:large, max-video-preview:-1\" \/>\n<link rel=\"canonical\" href=\"https:\/\/www.correiobraziliense.com.br\/cbradar\/por-que-acordar-varias-vezes-para-urinar-prejudica-o-descanso-e-que-habitos-ajudam-a-diminuir-esse-problema-segundo-especialistas\/\" \/>\n<meta property=\"og:locale\" content=\"pt_BR\" \/>\n<meta property=\"og:type\" content=\"article\" \/>\n<meta property=\"og:title\" content=\"Por que acordar v\u00e1rias vezes para urinar prejudica o descanso e que h\u00e1bitos ajudam a diminuir esse problema, segundo especialistas - Correio Braziliense - Radar\" \/>\n<meta property=\"og:description\" content=\"Interromper o sono para ir ao banheiro parece inofensivo, mas a repeti\u00e7\u00e3o pode sabotar seu descanso. Veja o que dizem os especialistas e como evitar.\" \/>\n<meta property=\"og:url\" content=\"https:\/\/www.correiobraziliense.com.br\/cbradar\/por-que-acordar-varias-vezes-para-urinar-prejudica-o-descanso-e-que-habitos-ajudam-a-diminuir-esse-problema-segundo-especialistas\/\" \/>\n<meta property=\"og:site_name\" content=\"Correio Braziliense - Radar\" \/>\n<meta property=\"article:published_time\" content=\"2026-04-29T15:25:00+00:00\" \/>\n<meta property=\"og:image\" content=\"https:\/\/www.correiobraziliense.com.br\/cbradar\/wp-content\/uploads\/2026\/04\/Relogio_marcando_03_00_202604281330.jpg\" \/>\n\t<meta property=\"og:image:width\" content=\"1280\" \/>\n\t<meta property=\"og:image:height\" content=\"720\" \/>\n\t<meta property=\"og:image:type\" content=\"image\/jpeg\" \/>\n<meta name=\"author\" content=\"Paulo Custodio\" \/>\n<meta name=\"twitter:card\" content=\"summary_large_image\" \/>\n<meta name=\"twitter:label1\" content=\"Escrito por\" \/>\n\t<meta name=\"twitter:data1\" content=\"Paulo Custodio\" \/>\n\t<meta name=\"twitter:label2\" content=\"Est. tempo de leitura\" \/>\n\t<meta name=\"twitter:data2\" content=\"5 minutos\" \/>\n<!-- \/ Yoast SEO plugin. -->","yoast_head_json":{"title":"Por que acordar v\u00e1rias vezes para urinar prejudica o descanso e que h\u00e1bitos ajudam a diminuir esse problema, segundo especialistas - Correio Braziliense - Radar","description":"Interromper o sono para ir ao banheiro parece inofensivo, mas a repeti\u00e7\u00e3o pode sabotar seu descanso. Veja o que dizem os especialistas e como evitar.","robots":{"index":"index","follow":"follow","max-snippet":"max-snippet:-1","max-image-preview":"max-image-preview:large","max-video-preview":"max-video-preview:-1"},"canonical":"https:\/\/www.correiobraziliense.com.br\/cbradar\/por-que-acordar-varias-vezes-para-urinar-prejudica-o-descanso-e-que-habitos-ajudam-a-diminuir-esse-problema-segundo-especialistas\/","og_locale":"pt_BR","og_type":"article","og_title":"Por que acordar v\u00e1rias vezes para urinar prejudica o descanso e que h\u00e1bitos ajudam a diminuir esse problema, segundo especialistas - Correio Braziliense - Radar","og_description":"Interromper o sono para ir ao banheiro parece inofensivo, mas a repeti\u00e7\u00e3o pode sabotar seu descanso. Veja o que dizem os especialistas e como evitar.","og_url":"https:\/\/www.correiobraziliense.com.br\/cbradar\/por-que-acordar-varias-vezes-para-urinar-prejudica-o-descanso-e-que-habitos-ajudam-a-diminuir-esse-problema-segundo-especialistas\/","og_site_name":"Correio Braziliense - Radar","article_published_time":"2026-04-29T15:25:00+00:00","og_image":[{"width":1280,"height":720,"url":"https:\/\/www.correiobraziliense.com.br\/cbradar\/wp-content\/uploads\/2026\/04\/Relogio_marcando_03_00_202604281330.jpg","type":"image\/jpeg"}],"author":"Paulo Custodio","twitter_card":"summary_large_image","twitter_misc":{"Escrito por":"Paulo Custodio","Est. tempo de leitura":"5 minutos"},"schema":{"@context":"https:\/\/schema.org","@graph":[{"@type":"WebPage","@id":"https:\/\/www.correiobraziliense.com.br\/cbradar\/por-que-acordar-varias-vezes-para-urinar-prejudica-o-descanso-e-que-habitos-ajudam-a-diminuir-esse-problema-segundo-especialistas\/","url":"https:\/\/www.correiobraziliense.com.br\/cbradar\/por-que-acordar-varias-vezes-para-urinar-prejudica-o-descanso-e-que-habitos-ajudam-a-diminuir-esse-problema-segundo-especialistas\/","name":"Por que acordar v\u00e1rias vezes para urinar prejudica o descanso e que h\u00e1bitos ajudam a diminuir esse problema, segundo especialistas - Correio Braziliense - Radar","isPartOf":{"@id":"https:\/\/www.correiobraziliense.com.br\/cbradar\/#website"},"primaryImageOfPage":{"@id":"https:\/\/www.correiobraziliense.com.br\/cbradar\/por-que-acordar-varias-vezes-para-urinar-prejudica-o-descanso-e-que-habitos-ajudam-a-diminuir-esse-problema-segundo-especialistas\/#primaryimage"},"image":{"@id":"https:\/\/www.correiobraziliense.com.br\/cbradar\/por-que-acordar-varias-vezes-para-urinar-prejudica-o-descanso-e-que-habitos-ajudam-a-diminuir-esse-problema-segundo-especialistas\/#primaryimage"},"thumbnailUrl":"https:\/\/www.correiobraziliense.com.br\/cbradar\/wp-content\/uploads\/2026\/04\/Relogio_marcando_03_00_202604281330.jpg","datePublished":"2026-04-29T15:25:00+00:00","author":{"@id":"https:\/\/www.correiobraziliense.com.br\/cbradar\/#\/schema\/person\/4cec7857301a9a1a2ef249893cd908d3"},"description":"Interromper o sono para ir ao banheiro parece inofensivo, mas a repeti\u00e7\u00e3o pode sabotar seu descanso. Veja o que dizem os especialistas e como evitar.","breadcrumb":{"@id":"https:\/\/www.correiobraziliense.com.br\/cbradar\/por-que-acordar-varias-vezes-para-urinar-prejudica-o-descanso-e-que-habitos-ajudam-a-diminuir-esse-problema-segundo-especialistas\/#breadcrumb"},"inLanguage":"pt-BR","potentialAction":[{"@type":"ReadAction","target":["https:\/\/www.correiobraziliense.com.br\/cbradar\/por-que-acordar-varias-vezes-para-urinar-prejudica-o-descanso-e-que-habitos-ajudam-a-diminuir-esse-problema-segundo-especialistas\/"]}]},{"@type":"ImageObject","inLanguage":"pt-BR","@id":"https:\/\/www.correiobraziliense.com.br\/cbradar\/por-que-acordar-varias-vezes-para-urinar-prejudica-o-descanso-e-que-habitos-ajudam-a-diminuir-esse-problema-segundo-especialistas\/#primaryimage","url":"https:\/\/www.correiobraziliense.com.br\/cbradar\/wp-content\/uploads\/2026\/04\/Relogio_marcando_03_00_202604281330.jpg","contentUrl":"https:\/\/www.correiobraziliense.com.br\/cbradar\/wp-content\/uploads\/2026\/04\/Relogio_marcando_03_00_202604281330.jpg","width":1280,"height":720,"caption":"Acordar v\u00e1rias vezes \u00e0 noite interrompe os ciclos profundos do sono"},{"@type":"BreadcrumbList","@id":"https:\/\/www.correiobraziliense.com.br\/cbradar\/por-que-acordar-varias-vezes-para-urinar-prejudica-o-descanso-e-que-habitos-ajudam-a-diminuir-esse-problema-segundo-especialistas\/#breadcrumb","itemListElement":[{"@type":"ListItem","position":1,"name":"In\u00edcio","item":"https:\/\/www.correiobraziliense.com.br\/cbradar\/"},{"@type":"ListItem","position":2,"name":"Por que acordar v\u00e1rias vezes para urinar prejudica o descanso e que h\u00e1bitos ajudam a diminuir esse problema, segundo especialistas"}]},{"@type":"WebSite","@id":"https:\/\/www.correiobraziliense.com.br\/cbradar\/#website","url":"https:\/\/www.correiobraziliense.com.br\/cbradar\/","name":"Correio Braziliense - Radar","description":"Acompanhe as \u00faltimas not\u00edcias e fique bem informado sobre tudo o que acontece no Brasil e no mundo.","potentialAction":[{"@type":"SearchAction","target":{"@type":"EntryPoint","urlTemplate":"https:\/\/www.correiobraziliense.com.br\/cbradar\/?s={search_term_string}"},"query-input":{"@type":"PropertyValueSpecification","valueRequired":true,"valueName":"search_term_string"}}],"inLanguage":"pt-BR"},{"@type":"Person","@id":"https:\/\/www.correiobraziliense.com.br\/cbradar\/#\/schema\/person\/4cec7857301a9a1a2ef249893cd908d3","name":"Paulo Custodio","image":{"@type":"ImageObject","inLanguage":"pt-BR","@id":"https:\/\/www.correiobraziliense.com.br\/cbradar\/#\/schema\/person\/image\/","url":"https:\/\/secure.gravatar.com\/avatar\/bcd67168d1534e8fcf4f45c726a87cea?s=96&d=mm&r=g","contentUrl":"https:\/\/secure.gravatar.com\/avatar\/bcd67168d1534e8fcf4f45c726a87cea?s=96&d=mm&r=g","caption":"Paulo Custodio"},"sameAs":["https:\/\/www.correiobraziliense.com.br\/cbradar"],"url":"https:\/\/www.correiobraziliense.com.br\/cbradar\/author\/paulomyth\/"}]}},"_links":{"self":[{"href":"https:\/\/www.correiobraziliense.com.br\/cbradar\/wp-json\/wp\/v2\/posts\/233313","targetHints":{"allow":["GET"]}}],"collection":[{"href":"https:\/\/www.correiobraziliense.com.br\/cbradar\/wp-json\/wp\/v2\/posts"}],"about":[{"href":"https:\/\/www.correiobraziliense.com.br\/cbradar\/wp-json\/wp\/v2\/types\/post"}],"author":[{"embeddable":true,"href":"https:\/\/www.correiobraziliense.com.br\/cbradar\/wp-json\/wp\/v2\/users\/11"}],"replies":[{"embeddable":true,"href":"https:\/\/www.correiobraziliense.com.br\/cbradar\/wp-json\/wp\/v2\/comments?post=233313"}],"version-history":[{"count":1,"href":"https:\/\/www.correiobraziliense.com.br\/cbradar\/wp-json\/wp\/v2\/posts\/233313\/revisions"}],"predecessor-version":[{"id":233320,"href":"https:\/\/www.correiobraziliense.com.br\/cbradar\/wp-json\/wp\/v2\/posts\/233313\/revisions\/233320"}],"wp:featuredmedia":[{"embeddable":true,"href":"https:\/\/www.correiobraziliense.com.br\/cbradar\/wp-json\/wp\/v2\/media\/233747"}],"wp:attachment":[{"href":"https:\/\/www.correiobraziliense.com.br\/cbradar\/wp-json\/wp\/v2\/media?parent=233313"}],"wp:term":[{"taxonomy":"category","embeddable":true,"href":"https:\/\/www.correiobraziliense.com.br\/cbradar\/wp-json\/wp\/v2\/categories?post=233313"},{"taxonomy":"post_tag","embeddable":true,"href":"https:\/\/www.correiobraziliense.com.br\/cbradar\/wp-json\/wp\/v2\/tags?post=233313"}],"curies":[{"name":"wp","href":"https:\/\/api.w.org\/{rel}","templated":true}]}}