{"id":233327,"date":"2026-04-29T16:25:00","date_gmt":"2026-04-29T19:25:00","guid":{"rendered":"https:\/\/www.correiobraziliense.com.br\/cbradar\/?p=233327"},"modified":"2026-04-28T14:31:39","modified_gmt":"2026-04-28T17:31:39","slug":"previsao-dos-signos-nesta-semana-amor-autoestima-e-decisoes-importantes","status":"publish","type":"post","link":"https:\/\/www.correiobraziliense.com.br\/cbradar\/previsao-dos-signos-nesta-semana-amor-autoestima-e-decisoes-importantes\/","title":{"rendered":"Previs\u00e3o dos signos nesta semana, amor, autoestima e decis\u00f5es importantes"},"content":{"rendered":"\n<p>O alinhamento planet\u00e1rio desta \u00faltima semana de abril traz uma carga energ\u00e9tica de renova\u00e7\u00e3o e ajustes necess\u00e1rios para todos os nativos do zod\u00edaco. A transi\u00e7\u00e3o para o m\u00eas de maio exige cautela nas decis\u00f5es financeiras e uma abertura maior para o di\u00e1logo nas rela\u00e7\u00f5es pessoais, preparando o terreno para novas oportunidades de crescimento.<\/p>\n\n\n\n<h2 class=\"wp-block-heading\">Perspectivas para a carreira e novos projetos profissionais<\/h2>\n\n\n\n<p>O setor profissional ser\u00e1 impactado por uma configura\u00e7\u00e3o favor\u00e1vel de <strong>Merc\u00fario<\/strong>, facilitando negocia\u00e7\u00f5es e a assinatura de contratos importantes para quem busca expans\u00e3o. \u00c9 o momento ideal para revisar metas de longo prazo e apresentar ideias inovadoras que estavam guardadas, aproveitando o impulso de proatividade que rege este per\u00edodo espec\u00edfico do ano.<\/p>\n\n\n\n<p>Para quem atua em grandes corpora\u00e7\u00f5es em <strong>S\u00e3o Paulo<\/strong> ou no mercado digital da <strong>Europa<\/strong>, a exig\u00eancia por adaptabilidade ser\u00e1 o grande diferencial competitivo. Profissionais que demonstrarem flexibilidade diante de mudan\u00e7as estruturais conseguir\u00e3o se destacar perante a lideran\u00e7a, consolidando uma posi\u00e7\u00e3o de maior autoridade e respeito dentro de suas respectivas \u00e1reas de atua\u00e7\u00e3o.<\/p>\n\n\n<div class=\"wp-block-image\">\n<figure class=\"aligncenter size-large\"><img decoding=\"async\" width=\"1280\" height=\"714\" src=\"https:\/\/www.correiobraziliense.com.br\/cbradar\/wp-content\/uploads\/2026\/04\/freepik_bussola-metalica-realista_2864564758-1280x714.jpeg\" alt=\"\" class=\"wp-image-232028\" srcset=\"https:\/\/www.correiobraziliense.com.br\/cbradar\/wp-content\/uploads\/2026\/04\/freepik_bussola-metalica-realista_2864564758-1280x714.jpeg 1280w, https:\/\/www.correiobraziliense.com.br\/cbradar\/wp-content\/uploads\/2026\/04\/freepik_bussola-metalica-realista_2864564758-300x167.jpeg 300w, https:\/\/www.correiobraziliense.com.br\/cbradar\/wp-content\/uploads\/2026\/04\/freepik_bussola-metalica-realista_2864564758-768x429.jpeg 768w, https:\/\/www.correiobraziliense.com.br\/cbradar\/wp-content\/uploads\/2026\/04\/freepik_bussola-metalica-realista_2864564758-750x419.jpeg 750w, https:\/\/www.correiobraziliense.com.br\/cbradar\/wp-content\/uploads\/2026\/04\/freepik_bussola-metalica-realista_2864564758-1140x636.jpeg 1140w, https:\/\/www.correiobraziliense.com.br\/cbradar\/wp-content\/uploads\/2026\/04\/freepik_bussola-metalica-realista_2864564758.jpeg 1376w\" sizes=\"(max-width: 1280px) 100vw, 1280px\" \/><figcaption class=\"wp-element-caption\">Identificar essas caracter\u00edsticas nos amigos e familiares facilita a conviv\u00eancia, permitindo respeitar o tempo de cada personalidade astrol\u00f3gica<\/figcaption><\/figure><\/div>\n\n\n<p>Leia tamb\u00e9m: <a href=\"https:\/\/www.correiobraziliense.com.br\/cbradar\/3-signos-que-nao-gostam-de-dividir-atencao-e-acabam-sendo-os-mais-ciumentos\/\" target=\"_blank\" rel=\"noreferrer noopener\">3 signos que n\u00e3o gostam de dividir aten\u00e7\u00e3o e acabam sendo os mais ciumentos<\/a><\/p>\n\n\n\n<h2 class=\"wp-block-heading\">Gest\u00e3o financeira e equil\u00edbrio de gastos no fechamento do m\u00eas<\/h2>\n\n\n\n<p>A entrada de <strong>V\u00eanus<\/strong> em um setor de estabilidade sugere que o momento \u00e9 de conservadorismo com o dinheiro e revis\u00e3o de investimentos de risco. Evite compras por impulso motivadas por picos emocionais, priorizando a quita\u00e7\u00e3o de d\u00e9bitos pendentes e a organiza\u00e7\u00e3o do or\u00e7amento para o pr\u00f3ximo ciclo que se inicia no dia primeiro de maio.<\/p>\n\n\n\n<p>Analisar as flutua\u00e7\u00f5es do mercado e buscar aconselhamento especializado pode evitar perdas desnecess\u00e1rias em ativos vol\u00e1teis durante estes dias de transi\u00e7\u00e3o astral. A <strong>sa\u00fade financeira<\/strong> depende diretamente da sua capacidade de distinguir desejos imediatos de necessidades reais, garantindo que o fluxo de caixa permane\u00e7a positivo e seguro para futuros empreendimentos pessoais.<\/p>\n\n\n\n<h2 class=\"wp-block-heading\">Clima amoroso e conex\u00f5es profundas nos relacionamentos<\/h2>\n\n\n\n<p>No campo afetivo, a energia de <strong>Marte<\/strong> promove uma busca por conex\u00f5es mais aut\u00eanticas e menos superficiais, incentivando conversas honestas entre os parceiros. Solteiros podem sentir uma forte atra\u00e7\u00e3o por pessoas que compartilham dos mesmos valores intelectuais, transformando encontros casuais em possibilidades reais de compromissos duradouros e est\u00e1veis.<\/p>\n\n\n\n<p>Casais estabelecidos devem aproveitar o final de semana para fortalecer o v\u00ednculo atrav\u00e9s de atividades que fujam da rotina desgastante do cotidiano urbano. Valorizar os pequenos gestos de carinho e demonstrar apoio m\u00fatuo nos desafios individuais ser\u00e1 a chave para manter a <strong>harmonia emocional<\/strong> em alta, evitando discuss\u00f5es por motivos triviais ou mal-entendidos passageiros.<\/p>\n\n\n\n<link href=\"https:\/\/fonts.googleapis.com\/css2?family=Inter:wght@400;600;700;800&#038;display=swap\" rel=\"stylesheet\">\n<style>\n\/* Prote\u00e7\u00e3o contra inje\u00e7\u00e3o do \"Veja Tamb\u00e9m\" (JNews inline related posts) *\/\n.rdp-pontos-wrapper .jnews_inline_related_post_wrapper,\n.rdp-pontos-wrapper .jnews_inline_related_post,\n.rdp-pontos-wrapper .jeg_postblock,\n.rdp-pontos-wrapper [class*=\"jnews_inline\"],\n.rdp-pontos-wrapper [class*=\"jeg_postblock\"],\n.rdp-pontos-wrapper [class*=\"jeg_block\"] {\n  display: none !important;\n  height: 0 !important;\n  max-height: 0 !important;\n  overflow: hidden !important;\n  visibility: hidden !important;\n  margin: 0 !important;\n  padding: 0 !important;\n  border: none !important;\n  font-size: 0 !important;\n  line-height: 0 !important;\n}\n.rdp-pontos-wrapper {\n  max-width: 100%;\n  margin: 32px 0;\n  background: #F8F9FA;\n  border: 1px solid #E0E0E0;\n  border-radius: 12px;\n  padding: 28px 28px 20px;\n  font-family: 'Inter', sans-serif;\n  box-shadow: 0 4px 20px rgba(47,195,238,0.12);\n  overflow: hidden;\n  contain: layout style;\n  isolation: isolate;\n  position: relative;\n  z-index: 1;\n}\n.rdp-pontos-wrapper > *:not(.rdp-pontos-title):not(.rdp-pontos-grid) {\n  display: none !important;\n  height: 0 !important;\n  overflow: hidden !important;\n  margin: 0 !important;\n  padding: 0 !important;\n  border: none !important;\n}\n.rdp-pontos-title {\n  font-family: 'Inter', sans-serif;\n  font-size: 20px;\n  font-weight: 800;\n  color: #1A1A1A;\n  margin: 0 0 20px 0;\n  line-height: 1.3;\n  text-align: center;\n}\n.rdp-pontos-grid {\n  display: grid;\n  grid-template-columns: repeat(2, 1fr);\n  gap: 18px;\n}\n.rdp-pontos-item {\n  background: #FFFFFF;\n  border: 1px solid #E0E0E0;\n  border-top: 3px solid #2FC3EE;\n  border-radius: 10px;\n  padding: 22px 20px;\n  box-shadow: 0 2px 10px rgba(47,195,238,0.10);\n  transition: box-shadow 0.3s ease, border-color 0.3s ease;\n  text-align: center;\n}\n.rdp-pontos-item:hover {\n  box-shadow: 0 4px 20px rgba(47,195,238,0.22);\n  border-color: #2FC3EE;\n}\n.rdp-pontos-emoji {\n  font-size: 32px;\n  line-height: 1;\n  margin-bottom: 12px;\n  display: block;\n  text-align: center;\n}\n.rdp-pontos-item-title {\n  font-size: 15px;\n  font-weight: 700;\n  color: #1A1A1A;\n  margin-bottom: 8px;\n  line-height: 1.3;\n}\n.rdp-pontos-item-desc {\n  font-size: 14px;\n  color: #333333;\n  line-height: 1.6;\n  margin: 0;\n}\n@media (max-width: 768px) {\n  .rdp-pontos-wrapper {\n    padding: 20px 16px 14px;\n  }\n  .rdp-pontos-grid {\n    grid-template-columns: 1fr;\n    gap: 14px;\n  }\n  .rdp-pontos-title {\n    font-size: 18px;\n  }\n}\n<\/style>\n\n<div class=\"rdp-pontos-wrapper\">\n  <div class=\"rdp-pontos-title\">Diretrizes para uma Semana Equilibrada<\/div>\n  <div class=\"rdp-pontos-grid\">\n    <div class=\"rdp-pontos-item\">\n      <span class=\"rdp-pontos-emoji\">\ud83d\udce2<\/span>\n      <div class=\"rdp-pontos-item-title\">Comunica\u00e7\u00e3o Clara<\/div>\n      <p class=\"rdp-pontos-item-desc\">Priorize a objetividade para evitar ru\u00eddos em reuni\u00f5es de trabalho ou em discuss\u00f5es familiares.<\/p>\n    <\/div>\n    <div class=\"rdp-pontos-item\">\n      <span class=\"rdp-pontos-emoji\">\ud83c\udf4e<\/span>\n      <div class=\"rdp-pontos-item-title\">Foco na Sa\u00fade<\/div>\n      <p class=\"rdp-pontos-item-desc\">O per\u00edodo favorece o in\u00edcio de dietas equilibradas e a pr\u00e1tica regular de exerc\u00edcios f\u00edsicos leves.<\/p>\n    <\/div>\n    <div class=\"rdp-pontos-item\">\n      <span class=\"rdp-pontos-emoji\">\ud83d\udcc5<\/span>\n      <div class=\"rdp-pontos-item-title\">Planejamento Estrat\u00e9gico<\/div>\n      <p class=\"rdp-pontos-item-desc\">Utilize os primeiros dias da semana para organizar a agenda e definir prioridades absolutas.<\/p>\n    <\/div>\n    <div class=\"rdp-pontos-item\">\n      <span class=\"rdp-pontos-emoji\">\ud83c\udf19<\/span>\n      <div class=\"rdp-pontos-item-title\">Autocuidado<\/div>\n      <p class=\"rdp-pontos-item-desc\">Reserve um tempo para o descanso mental, desconectando-se de telas e dispositivos eletr\u00f4nicos \u00e0 noite.<\/p>\n    <\/div>\n  <\/div>\n<\/div>\n<div style=\"clear:both;height:0;overflow:hidden;\"><\/div>\n\n\n\n<h2 class=\"wp-block-heading\">Dicas r\u00e1pidas para aproveitar as energias astrais da semana<\/h2>\n\n\n\n<p>Para potencializar as vibra\u00e7\u00f5es positivas desta fase, tente manter um di\u00e1rio de produtividade e anotar as ideias que surgirem durante momentos de relaxamento. A <strong>intui\u00e7\u00e3o agu\u00e7ada<\/strong> ser\u00e1 uma b\u00fassola importante para decidir quais caminhos trilhar quando surgirem bifurca\u00e7\u00f5es profissionais, permitindo que voc\u00ea tome escolhas alinhadas com o seu prop\u00f3sito de vida mais elevado.<\/p>\n\n\n\n<p>Ficar atento aos sinais do corpo \u00e9 fundamental para n\u00e3o ultrapassar limites f\u00edsicos em busca de metas ambiciosas demais para um curto espa\u00e7o de tempo. Cultive a paci\u00eancia e entenda que o ritmo do universo nem sempre coincide com a ansiedade humana, sendo necess\u00e1rio confiar no processo de amadurecimento de cada projeto iniciado sob a influ\u00eancia de <strong>Saturno<\/strong>.<\/p>\n\n\n<div class=\"wp-block-image\">\n<figure class=\"aligncenter size-full\"><img decoding=\"async\" width=\"1280\" height=\"720\" src=\"https:\/\/www.correiobraziliense.com.br\/cbradar\/wp-content\/uploads\/2026\/04\/signos-astro_1776914409978.jpg\" alt=\"\" class=\"wp-image-230386\" srcset=\"https:\/\/www.correiobraziliense.com.br\/cbradar\/wp-content\/uploads\/2026\/04\/signos-astro_1776914409978.jpg 1280w, https:\/\/www.correiobraziliense.com.br\/cbradar\/wp-content\/uploads\/2026\/04\/signos-astro_1776914409978-300x169.jpg 300w, https:\/\/www.correiobraziliense.com.br\/cbradar\/wp-content\/uploads\/2026\/04\/signos-astro_1776914409978-768x432.jpg 768w, https:\/\/www.correiobraziliense.com.br\/cbradar\/wp-content\/uploads\/2026\/04\/signos-astro_1776914409978-750x422.jpg 750w, https:\/\/www.correiobraziliense.com.br\/cbradar\/wp-content\/uploads\/2026\/04\/signos-astro_1776914409978-1140x641.jpg 1140w\" sizes=\"(max-width: 1280px) 100vw, 1280px\" \/><figcaption class=\"wp-element-caption\">Conviver com signos que n\u00e3o t\u00eam filtro pode ser um desafio para o orgulho, &#8211; Cr\u00e9ditos: depositphotos.com \/ alonesdj<\/figcaption><\/figure><\/div>\n\n\n<h2 class=\"wp-block-heading\">Mantenha o foco na evolu\u00e7\u00e3o cont\u00ednua e no equil\u00edbrio interno<\/h2>\n\n\n\n<p>Encerrar este ciclo de abril com consci\u00eancia e organiza\u00e7\u00e3o \u00e9 o passo fundamental para garantir que o m\u00eas de maio seja produtivo e recompensador em todos os n\u00edveis. A <strong>resili\u00eancia psicol\u00f3gica<\/strong> desenvolvida nos \u00faltimos dias servir\u00e1 como base para enfrentar os desafios que o segundo trimestre de 2026 reserva para os signos mais determinados do zod\u00edaco.<\/p>\n\n\n\n<p>Lembre-se de que as previs\u00f5es astrais funcionam como um mapa de tend\u00eancias, mas o poder de decis\u00e3o final sempre pertencer\u00e1 \u00e0 sua vontade e dedica\u00e7\u00e3o pessoal. Ao equilibrar a espiritualidade com a a\u00e7\u00e3o pr\u00e1tica, voc\u00ea se torna capaz de manifestar a realidade que deseja, atraindo prosperidade, amor e sa\u00fade para o seu caminho de forma natural e constante.<\/p>\n","protected":false},"excerpt":{"rendered":"<p>O alinhamento planet\u00e1rio desta \u00faltima semana de abril traz uma carga energ\u00e9tica de renova\u00e7\u00e3o e ajustes necess\u00e1rios para todos os nativos do zod\u00edaco. A transi\u00e7\u00e3o para o m\u00eas de maio exige cautela nas decis\u00f5es financeiras e uma abertura maior para o di\u00e1logo nas rela\u00e7\u00f5es pessoais, preparando o terreno para novas oportunidades de crescimento. Perspectivas para [&hellip;]<\/p>\n","protected":false},"author":9,"featured_media":233771,"comment_status":"open","ping_status":"open","sticky":false,"template":"","format":"standard","meta":{"_yoast_wpseo_focuskw":"Previs\u00e3o dos signos","_yoast_wpseo_title":"","_yoast_wpseo_metadesc":"Entenda como as energias do fim de abril influenciam decis\u00f5es, finan\u00e7as e relacionamentos antes da chegada de maio.","jnews-multi-image_gallery":[],"jnews_single_post":{"format":"standard"},"jnews_primary_category":[],"jnews_social_meta":[],"jnews_override_counter":[],"footnotes":""},"categories":[112],"tags":[],"class_list":["post-233327","post","type-post","status-publish","format-standard","has-post-thumbnail","hentry","category-curiosidades"],"yoast_head":"<!-- This site is optimized with the Yoast SEO plugin v24.6 - https:\/\/yoast.com\/wordpress\/plugins\/seo\/ -->\n<title>Previs\u00e3o dos signos nesta semana, amor, autoestima e decis\u00f5es importantes - Correio Braziliense - Radar<\/title>\n<meta name=\"description\" content=\"Entenda como as energias do fim de abril influenciam decis\u00f5es, finan\u00e7as e relacionamentos antes da chegada de maio.\" \/>\n<meta name=\"robots\" content=\"index, follow, max-snippet:-1, max-image-preview:large, max-video-preview:-1\" \/>\n<link rel=\"canonical\" href=\"https:\/\/www.correiobraziliense.com.br\/cbradar\/previsao-dos-signos-nesta-semana-amor-autoestima-e-decisoes-importantes\/\" \/>\n<meta property=\"og:locale\" content=\"pt_BR\" \/>\n<meta property=\"og:type\" content=\"article\" \/>\n<meta property=\"og:title\" content=\"Previs\u00e3o dos signos nesta semana, amor, autoestima e decis\u00f5es importantes - Correio Braziliense - Radar\" \/>\n<meta property=\"og:description\" content=\"Entenda como as energias do fim de abril influenciam decis\u00f5es, finan\u00e7as e relacionamentos antes da chegada de maio.\" \/>\n<meta property=\"og:url\" content=\"https:\/\/www.correiobraziliense.com.br\/cbradar\/previsao-dos-signos-nesta-semana-amor-autoestima-e-decisoes-importantes\/\" \/>\n<meta property=\"og:site_name\" content=\"Correio Braziliense - Radar\" \/>\n<meta property=\"article:published_time\" content=\"2026-04-29T19:25:00+00:00\" \/>\n<meta property=\"og:image\" content=\"https:\/\/www.correiobraziliense.com.br\/cbradar\/wp-content\/uploads\/2026\/04\/Circulo_signos_zodiaco_202604281431.jpg\" \/>\n\t<meta property=\"og:image:width\" content=\"1280\" \/>\n\t<meta property=\"og:image:height\" content=\"720\" \/>\n\t<meta property=\"og:image:type\" content=\"image\/jpeg\" \/>\n<meta name=\"author\" content=\"Daniely Cardoso\" \/>\n<meta name=\"twitter:card\" content=\"summary_large_image\" \/>\n<meta name=\"twitter:label1\" content=\"Escrito por\" \/>\n\t<meta name=\"twitter:data1\" content=\"Daniely Cardoso\" \/>\n\t<meta name=\"twitter:label2\" content=\"Est. tempo de leitura\" \/>\n\t<meta name=\"twitter:data2\" content=\"5 minutos\" \/>\n<!-- \/ Yoast SEO plugin. -->","yoast_head_json":{"title":"Previs\u00e3o dos signos nesta semana, amor, autoestima e decis\u00f5es importantes - Correio Braziliense - Radar","description":"Entenda como as energias do fim de abril influenciam decis\u00f5es, finan\u00e7as e relacionamentos antes da chegada de maio.","robots":{"index":"index","follow":"follow","max-snippet":"max-snippet:-1","max-image-preview":"max-image-preview:large","max-video-preview":"max-video-preview:-1"},"canonical":"https:\/\/www.correiobraziliense.com.br\/cbradar\/previsao-dos-signos-nesta-semana-amor-autoestima-e-decisoes-importantes\/","og_locale":"pt_BR","og_type":"article","og_title":"Previs\u00e3o dos signos nesta semana, amor, autoestima e decis\u00f5es importantes - Correio Braziliense - Radar","og_description":"Entenda como as energias do fim de abril influenciam decis\u00f5es, finan\u00e7as e relacionamentos antes da chegada de maio.","og_url":"https:\/\/www.correiobraziliense.com.br\/cbradar\/previsao-dos-signos-nesta-semana-amor-autoestima-e-decisoes-importantes\/","og_site_name":"Correio Braziliense - Radar","article_published_time":"2026-04-29T19:25:00+00:00","og_image":[{"width":1280,"height":720,"url":"https:\/\/www.correiobraziliense.com.br\/cbradar\/wp-content\/uploads\/2026\/04\/Circulo_signos_zodiaco_202604281431.jpg","type":"image\/jpeg"}],"author":"Daniely Cardoso","twitter_card":"summary_large_image","twitter_misc":{"Escrito por":"Daniely Cardoso","Est. tempo de leitura":"5 minutos"},"schema":{"@context":"https:\/\/schema.org","@graph":[{"@type":"WebPage","@id":"https:\/\/www.correiobraziliense.com.br\/cbradar\/previsao-dos-signos-nesta-semana-amor-autoestima-e-decisoes-importantes\/","url":"https:\/\/www.correiobraziliense.com.br\/cbradar\/previsao-dos-signos-nesta-semana-amor-autoestima-e-decisoes-importantes\/","name":"Previs\u00e3o dos signos nesta semana, amor, autoestima e decis\u00f5es importantes - Correio Braziliense - Radar","isPartOf":{"@id":"https:\/\/www.correiobraziliense.com.br\/cbradar\/#website"},"primaryImageOfPage":{"@id":"https:\/\/www.correiobraziliense.com.br\/cbradar\/previsao-dos-signos-nesta-semana-amor-autoestima-e-decisoes-importantes\/#primaryimage"},"image":{"@id":"https:\/\/www.correiobraziliense.com.br\/cbradar\/previsao-dos-signos-nesta-semana-amor-autoestima-e-decisoes-importantes\/#primaryimage"},"thumbnailUrl":"https:\/\/www.correiobraziliense.com.br\/cbradar\/wp-content\/uploads\/2026\/04\/Circulo_signos_zodiaco_202604281431.jpg","datePublished":"2026-04-29T19:25:00+00:00","author":{"@id":"https:\/\/www.correiobraziliense.com.br\/cbradar\/#\/schema\/person\/7356666e12ec0ee53f348ee5db227032"},"description":"Entenda como as energias do fim de abril influenciam decis\u00f5es, finan\u00e7as e relacionamentos antes da chegada de maio.","breadcrumb":{"@id":"https:\/\/www.correiobraziliense.com.br\/cbradar\/previsao-dos-signos-nesta-semana-amor-autoestima-e-decisoes-importantes\/#breadcrumb"},"inLanguage":"pt-BR","potentialAction":[{"@type":"ReadAction","target":["https:\/\/www.correiobraziliense.com.br\/cbradar\/previsao-dos-signos-nesta-semana-amor-autoestima-e-decisoes-importantes\/"]}]},{"@type":"ImageObject","inLanguage":"pt-BR","@id":"https:\/\/www.correiobraziliense.com.br\/cbradar\/previsao-dos-signos-nesta-semana-amor-autoestima-e-decisoes-importantes\/#primaryimage","url":"https:\/\/www.correiobraziliense.com.br\/cbradar\/wp-content\/uploads\/2026\/04\/Circulo_signos_zodiaco_202604281431.jpg","contentUrl":"https:\/\/www.correiobraziliense.com.br\/cbradar\/wp-content\/uploads\/2026\/04\/Circulo_signos_zodiaco_202604281431.jpg","width":1280,"height":720,"caption":"Previs\u00f5es semanais ajudam a refletir sobre escolhas e comportamentos"},{"@type":"BreadcrumbList","@id":"https:\/\/www.correiobraziliense.com.br\/cbradar\/previsao-dos-signos-nesta-semana-amor-autoestima-e-decisoes-importantes\/#breadcrumb","itemListElement":[{"@type":"ListItem","position":1,"name":"In\u00edcio","item":"https:\/\/www.correiobraziliense.com.br\/cbradar\/"},{"@type":"ListItem","position":2,"name":"Previs\u00e3o dos signos nesta semana, amor, autoestima e decis\u00f5es importantes"}]},{"@type":"WebSite","@id":"https:\/\/www.correiobraziliense.com.br\/cbradar\/#website","url":"https:\/\/www.correiobraziliense.com.br\/cbradar\/","name":"Correio Braziliense - Radar","description":"Acompanhe as \u00faltimas not\u00edcias e fique bem informado sobre tudo o que acontece no Brasil e no mundo.","potentialAction":[{"@type":"SearchAction","target":{"@type":"EntryPoint","urlTemplate":"https:\/\/www.correiobraziliense.com.br\/cbradar\/?s={search_term_string}"},"query-input":{"@type":"PropertyValueSpecification","valueRequired":true,"valueName":"search_term_string"}}],"inLanguage":"pt-BR"},{"@type":"Person","@id":"https:\/\/www.correiobraziliense.com.br\/cbradar\/#\/schema\/person\/7356666e12ec0ee53f348ee5db227032","name":"Daniely Cardoso","image":{"@type":"ImageObject","inLanguage":"pt-BR","@id":"https:\/\/www.correiobraziliense.com.br\/cbradar\/#\/schema\/person\/image\/","url":"https:\/\/secure.gravatar.com\/avatar\/4b80ddbd124d1f071b626d52d62e5dff?s=96&d=mm&r=g","contentUrl":"https:\/\/secure.gravatar.com\/avatar\/4b80ddbd124d1f071b626d52d62e5dff?s=96&d=mm&r=g","caption":"Daniely Cardoso"},"description":"Redatora nos portais CB Radar e EM Foco, formada pela Universidade Federal de Goi\u00e1s, em Goi\u00e2nia. Apaixonada por comunica\u00e7\u00e3o, arte, decora\u00e7\u00e3o e tend\u00eancias, atuo na produ\u00e7\u00e3o de conte\u00fados envolventes sobre curiosidades, moda, beleza e paisagismo, sempre com um olhar atento \u00e0s novidades do momento.","sameAs":["https:\/\/www.correiobraziliense.com.br\/cbradar"],"url":"https:\/\/www.correiobraziliense.com.br\/cbradar\/author\/danielymyth\/"}]}},"_links":{"self":[{"href":"https:\/\/www.correiobraziliense.com.br\/cbradar\/wp-json\/wp\/v2\/posts\/233327","targetHints":{"allow":["GET"]}}],"collection":[{"href":"https:\/\/www.correiobraziliense.com.br\/cbradar\/wp-json\/wp\/v2\/posts"}],"about":[{"href":"https:\/\/www.correiobraziliense.com.br\/cbradar\/wp-json\/wp\/v2\/types\/post"}],"author":[{"embeddable":true,"href":"https:\/\/www.correiobraziliense.com.br\/cbradar\/wp-json\/wp\/v2\/users\/9"}],"replies":[{"embeddable":true,"href":"https:\/\/www.correiobraziliense.com.br\/cbradar\/wp-json\/wp\/v2\/comments?post=233327"}],"version-history":[{"count":1,"href":"https:\/\/www.correiobraziliense.com.br\/cbradar\/wp-json\/wp\/v2\/posts\/233327\/revisions"}],"predecessor-version":[{"id":233331,"href":"https:\/\/www.correiobraziliense.com.br\/cbradar\/wp-json\/wp\/v2\/posts\/233327\/revisions\/233331"}],"wp:featuredmedia":[{"embeddable":true,"href":"https:\/\/www.correiobraziliense.com.br\/cbradar\/wp-json\/wp\/v2\/media\/233771"}],"wp:attachment":[{"href":"https:\/\/www.correiobraziliense.com.br\/cbradar\/wp-json\/wp\/v2\/media?parent=233327"}],"wp:term":[{"taxonomy":"category","embeddable":true,"href":"https:\/\/www.correiobraziliense.com.br\/cbradar\/wp-json\/wp\/v2\/categories?post=233327"},{"taxonomy":"post_tag","embeddable":true,"href":"https:\/\/www.correiobraziliense.com.br\/cbradar\/wp-json\/wp\/v2\/tags?post=233327"}],"curies":[{"name":"wp","href":"https:\/\/api.w.org\/{rel}","templated":true}]}}