{"id":233336,"date":"2026-04-29T18:05:00","date_gmt":"2026-04-29T21:05:00","guid":{"rendered":"https:\/\/www.correiobraziliense.com.br\/cbradar\/?p=233336"},"modified":"2026-04-29T18:45:35","modified_gmt":"2026-04-29T21:45:35","slug":"a-folha-medicinal-que-pode-ser-usada-em-chas-para-o-estomago-e-ainda-cresce-bem-em-vasos-pequenos","status":"publish","type":"post","link":"https:\/\/www.correiobraziliense.com.br\/cbradar\/a-folha-medicinal-que-pode-ser-usada-em-chas-para-o-estomago-e-ainda-cresce-bem-em-vasos-pequenos\/","title":{"rendered":"A folha medicinal que pode ser usada em ch\u00e1s para o est\u00f4mago e ainda cresce bem em vasos pequenos"},"content":{"rendered":"\n<p>Por que a <strong>erva-cidreira<\/strong> \u00e9 t\u00e3o eficaz contra o desconforto no est\u00f4mago e ainda cabe num vaso min\u00fasculo na sua cozinha? As folhas t\u00eam compostos que relaxam a digest\u00e3o, e a planta se adapta a vasos pequenos. Isso torna o cultivo dom\u00e9stico f\u00e1cil e o ch\u00e1 sempre fresco. \u00c9 um rem\u00e9dio natural que vale a pena ter no parapeito.<\/p>\n\n\n\n<h2 class=\"wp-block-heading\">O que torna a erva-cidreira uma aliada do est\u00f4mago?<\/h2>\n\n\n\n<p>A<strong> <a href=\"https:\/\/pt.wikipedia.org\/wiki\/Melissa_officinalis\" target=\"_blank\" rel=\"noreferrer noopener\">erva-cidreira<\/a><\/strong> (<em>Melissa officinalis<\/em>) \u00e9 rica em \u00e1cidos fen\u00f3licos e \u00f3leos vol\u00e1teis, como o citral e o geranial, que atuam como relaxantes naturais da musculatura lisa do trato digestivo. Essas subst\u00e2ncias aliviam espasmos, reduzem a forma\u00e7\u00e3o de gases e melhoram o tr\u00e2nsito intestinal.<\/p>\n\n\n\n<p>Pesquisas publicadas no <a href=\"https:\/\/pubmed.ncbi.nlm.nih.gov\/19075696\/\" target=\"_blank\" rel=\"noreferrer noopener\"><strong>PubMed<\/strong><\/a> indicam que o extrato de <strong>erva-cidreira<\/strong> pode reduzir em at\u00e9 40% os sintomas de dispepsia funcional, como dor e incha\u00e7o abdominal, ap\u00f3s quatro semanas de uso. O efeito \u00e9 suave, mas consistente, e n\u00e3o causa sonol\u00eancia como outros calmantes g\u00e1stricos.<\/p>\n\n\n<div class=\"wp-block-image\">\n<figure class=\"aligncenter size-full\"><img decoding=\"async\" width=\"1280\" height=\"720\" src=\"https:\/\/www.correiobraziliense.com.br\/cbradar\/wp-content\/uploads\/2026\/04\/IMAGEM_720p_1777344912768.jpg\" alt=\"Como a erva-cidreira ajuda na digest\u00e3o e orientar seu cultivo simples em pequenos vasos\" class=\"wp-image-233338\" srcset=\"https:\/\/www.correiobraziliense.com.br\/cbradar\/wp-content\/uploads\/2026\/04\/IMAGEM_720p_1777344912768.jpg 1280w, https:\/\/www.correiobraziliense.com.br\/cbradar\/wp-content\/uploads\/2026\/04\/IMAGEM_720p_1777344912768-300x169.jpg 300w, https:\/\/www.correiobraziliense.com.br\/cbradar\/wp-content\/uploads\/2026\/04\/IMAGEM_720p_1777344912768-768x432.jpg 768w, https:\/\/www.correiobraziliense.com.br\/cbradar\/wp-content\/uploads\/2026\/04\/IMAGEM_720p_1777344912768-750x422.jpg 750w, https:\/\/www.correiobraziliense.com.br\/cbradar\/wp-content\/uploads\/2026\/04\/IMAGEM_720p_1777344912768-1140x641.jpg 1140w\" sizes=\"(max-width: 1280px) 100vw, 1280px\" \/><figcaption class=\"wp-element-caption\">Como a erva-cidreira ajuda na digest\u00e3o e orientar seu cultivo simples em pequenos vasos<\/figcaption><\/figure><\/div>\n\n\n<h2 class=\"wp-block-heading\">Como preparar o ch\u00e1 de erva-cidreira para a digest\u00e3o?<\/h2>\n\n\n\n<p>O ch\u00e1 \u00e9 a forma mais comum de aproveitar o poder digestivo da planta. As folhas frescas t\u00eam um aroma c\u00edtrico intenso e agem mais r\u00e1pido que as secas, mas ambas funcionam bem ap\u00f3s uma refei\u00e7\u00e3o pesada, ajudando a empurrar a digest\u00e3o.<\/p>\n\n\n\n<p>O passo a passo \u00e9 este:<\/p>\n\n\n\n<ol class=\"wp-block-list\">\n<li>Ferva 200 ml de \u00e1gua filtrada.<\/li>\n\n\n\n<li>Adicione 1 colher de sopa de folhas frescas picadas (ou 1 colher de ch\u00e1 das secas).<\/li>\n\n\n\n<li>Desligue o fogo, tampe e deixe em infus\u00e3o por 5 a 10 minutos.<\/li>\n\n\n\n<li>Coe e beba morno, de prefer\u00eancia sem a\u00e7\u00facar, pois a do\u00e7ura pode atrapalhar a a\u00e7\u00e3o digestiva. Um fio de mel \u00e9 uma alternativa se precisar ado\u00e7ar e n\u00e3o prejudica a digest\u00e3o, sendo mais natural.<\/li>\n<\/ol>\n\n\n\n<h2 class=\"wp-block-heading\">Por que cultivar erva-cidreira em vasos pequenos funciona t\u00e3o bem?<\/h2>\n\n\n\n<p>A <strong>erva-cidreira<\/strong> tem um sistema radicular compacto e n\u00e3o exige grandes profundidades. Um vaso de 20 cm de di\u00e2metro por 25 cm de altura j\u00e1 \u00e9 suficiente para a planta se desenvolver com vigor e oferecer colheitas constantes.<\/p>\n\n\n\n<p>Al\u00e9m disso, ela tolera podas frequentes, o que a mant\u00e9m com porte baixo e estimula a produ\u00e7\u00e3o constante de folhas novas. Isso a torna perfeita para janelas, varandas e at\u00e9 pequenas prateleiras ensolaradas, onde o aroma fresco deixa qualquer ambiente mais leve.<\/p>\n\n\n\n<p>No v\u00eddeo a seguir, o perfil do <strong>Meu Peda\u00e7o de Mato<\/strong>, com mais de 20 mil inscritos, fala um pouco sobre o assunto:<\/p>\n\n\n\n<iframe loading=\"lazy\" width=\"342\" height=\"608\" src=\"https:\/\/www.youtube.com\/embed\/RNJ0Pi0MFy0\" title=\"Como plantar capim cidreira? Aprenda o jeito mais f\u00e1cil de fazer uma muda \ud83c\udf31.\" frameborder=\"0\" allow=\"accelerometer; autoplay; clipboard-write; encrypted-media; gyroscope; picture-in-picture; web-share\" referrerpolicy=\"strict-origin-when-cross-origin\" allowfullscreen><\/iframe>\n\n\n\n<h2 class=\"wp-block-heading\">Quais s\u00e3o os cuidados essenciais no cultivo da erva-cidreira?<\/h2>\n\n\n\n<p>Manter a <strong>erva-cidreira<\/strong> saud\u00e1vel em vaso exige aten\u00e7\u00e3o a detalhes simples, mas que fazem diferen\u00e7a na qualidade e no sabor das folhas.<\/p>\n\n\n\n<h3 class=\"wp-block-heading\">Luz e rega<\/h3>\n\n\n\n<p>A planta precisa de pelo menos 4 horas de sol direto por dia para manter as folhas arom\u00e1ticas. Regue apenas quando a superf\u00edcie da terra estiver seca, evitando o encharcamento que apodrece as ra\u00edzes rapidamente.<\/p>\n\n\n\n<h3 class=\"wp-block-heading\">Solo e poda<\/h3>\n\n\n\n<p>Use substrato leve, com boa drenagem, misturando terra vegetal e areia. Apare os ramos regularmente, cortando acima de um par de folhas, para evitar que ela flores\u00e7a cedo demais e amargue o sabor das folhas.<\/p>\n\n\n\n<p>Leia tamb\u00e9m: <a href=\"https:\/\/www.correiobraziliense.com.br\/cbradar\/nem-cru-nem-em-excesso-como-consumir-aveia-do-jeito-certo-para-melhorar-a-digestao\/\" target=\"_blank\" rel=\"noreferrer noopener\">Nem cru, nem em excesso: como consumir aveia do jeito certo para melhorar a digest\u00e3o<\/a><\/p>\n\n\n\n<h2 class=\"wp-block-heading\">O ch\u00e1 de erva-cidreira tem alguma contraindica\u00e7\u00e3o?<\/h2>\n\n\n\n<p>Para a maioria das pessoas, o consumo di\u00e1rio de at\u00e9 tr\u00eas x\u00edcaras do ch\u00e1 \u00e9 seguro e bem tolerado. No entanto, gestantes, lactantes e pessoas com hipotireoidismo devem evitar o uso excessivo, pois a planta pode interferir na tireoide.<\/p>\n\n\n\n<p>Mesmo sendo uma erva natural, o acompanhamento por um profissional de sa\u00fade \u00e9 recomendado se houver condi\u00e7\u00f5es preexistentes ou uso cont\u00ednuo de medicamentos, pois intera\u00e7\u00f5es podem ocorrer. A <strong>erva-cidreira<\/strong> \u00e9 leve, mas o equil\u00edbrio sempre conta no uso di\u00e1rio.<\/p>\n","protected":false},"excerpt":{"rendered":"<p>Por que a erva-cidreira \u00e9 t\u00e3o eficaz contra o desconforto no est\u00f4mago e ainda cabe num vaso min\u00fasculo na sua cozinha? As folhas t\u00eam compostos que relaxam a digest\u00e3o, e a planta se adapta a vasos pequenos. Isso torna o cultivo dom\u00e9stico f\u00e1cil e o ch\u00e1 sempre fresco. \u00c9 um rem\u00e9dio natural que vale a [&hellip;]<\/p>\n","protected":false},"author":11,"featured_media":233753,"comment_status":"open","ping_status":"open","sticky":false,"template":"","format":"standard","meta":{"_yoast_wpseo_focuskw":"erva-cidreira","_yoast_wpseo_title":"","_yoast_wpseo_metadesc":"Uma folha medicinal que alivia o est\u00f4mago e cresce em vasos min\u00fasculos? Sim, ela existe. E plantar a sua \u00e9 mais simples do que parece.","jnews-multi-image_gallery":[],"jnews_single_post":{"format":"standard"},"jnews_primary_category":[],"jnews_social_meta":[],"jnews_override_counter":[],"footnotes":""},"categories":[119],"tags":[1383,6360,16139],"class_list":["post-233336","post","type-post","status-publish","format-standard","has-post-thumbnail","hentry","category-bem-estar","tag-chas","tag-estomago","tag-folha-medicinal"],"yoast_head":"<!-- This site is optimized with the Yoast SEO plugin v24.6 - https:\/\/yoast.com\/wordpress\/plugins\/seo\/ -->\n<title>A folha medicinal que pode ser usada em ch\u00e1s para o est\u00f4mago e ainda cresce bem em vasos pequenos - Correio Braziliense - Radar<\/title>\n<meta name=\"description\" content=\"Uma folha medicinal que alivia o est\u00f4mago e cresce em vasos min\u00fasculos? Sim, ela existe. E plantar a sua \u00e9 mais simples do que parece.\" \/>\n<meta name=\"robots\" content=\"index, follow, max-snippet:-1, max-image-preview:large, max-video-preview:-1\" \/>\n<link rel=\"canonical\" href=\"https:\/\/www.correiobraziliense.com.br\/cbradar\/a-folha-medicinal-que-pode-ser-usada-em-chas-para-o-estomago-e-ainda-cresce-bem-em-vasos-pequenos\/\" \/>\n<meta property=\"og:locale\" content=\"pt_BR\" \/>\n<meta property=\"og:type\" content=\"article\" \/>\n<meta property=\"og:title\" content=\"A folha medicinal que pode ser usada em ch\u00e1s para o est\u00f4mago e ainda cresce bem em vasos pequenos - Correio Braziliense - Radar\" \/>\n<meta property=\"og:description\" content=\"Uma folha medicinal que alivia o est\u00f4mago e cresce em vasos min\u00fasculos? Sim, ela existe. E plantar a sua \u00e9 mais simples do que parece.\" \/>\n<meta property=\"og:url\" content=\"https:\/\/www.correiobraziliense.com.br\/cbradar\/a-folha-medicinal-que-pode-ser-usada-em-chas-para-o-estomago-e-ainda-cresce-bem-em-vasos-pequenos\/\" \/>\n<meta property=\"og:site_name\" content=\"Correio Braziliense - Radar\" \/>\n<meta property=\"article:published_time\" content=\"2026-04-29T21:05:00+00:00\" \/>\n<meta property=\"article:modified_time\" content=\"2026-04-29T21:45:35+00:00\" \/>\n<meta property=\"og:image\" content=\"https:\/\/www.correiobraziliense.com.br\/cbradar\/wp-content\/uploads\/2026\/04\/maos_colhendo_folhas_202604281328.jpg\" \/>\n\t<meta property=\"og:image:width\" content=\"1280\" \/>\n\t<meta property=\"og:image:height\" content=\"720\" \/>\n\t<meta property=\"og:image:type\" content=\"image\/jpeg\" \/>\n<meta name=\"author\" content=\"Paulo Custodio\" \/>\n<meta name=\"twitter:card\" content=\"summary_large_image\" \/>\n<meta name=\"twitter:label1\" content=\"Escrito por\" \/>\n\t<meta name=\"twitter:data1\" content=\"Paulo Custodio\" \/>\n\t<meta name=\"twitter:label2\" content=\"Est. tempo de leitura\" \/>\n\t<meta name=\"twitter:data2\" content=\"4 minutos\" \/>\n<!-- \/ Yoast SEO plugin. -->","yoast_head_json":{"title":"A folha medicinal que pode ser usada em ch\u00e1s para o est\u00f4mago e ainda cresce bem em vasos pequenos - Correio Braziliense - Radar","description":"Uma folha medicinal que alivia o est\u00f4mago e cresce em vasos min\u00fasculos? Sim, ela existe. E plantar a sua \u00e9 mais simples do que parece.","robots":{"index":"index","follow":"follow","max-snippet":"max-snippet:-1","max-image-preview":"max-image-preview:large","max-video-preview":"max-video-preview:-1"},"canonical":"https:\/\/www.correiobraziliense.com.br\/cbradar\/a-folha-medicinal-que-pode-ser-usada-em-chas-para-o-estomago-e-ainda-cresce-bem-em-vasos-pequenos\/","og_locale":"pt_BR","og_type":"article","og_title":"A folha medicinal que pode ser usada em ch\u00e1s para o est\u00f4mago e ainda cresce bem em vasos pequenos - Correio Braziliense - Radar","og_description":"Uma folha medicinal que alivia o est\u00f4mago e cresce em vasos min\u00fasculos? Sim, ela existe. E plantar a sua \u00e9 mais simples do que parece.","og_url":"https:\/\/www.correiobraziliense.com.br\/cbradar\/a-folha-medicinal-que-pode-ser-usada-em-chas-para-o-estomago-e-ainda-cresce-bem-em-vasos-pequenos\/","og_site_name":"Correio Braziliense - Radar","article_published_time":"2026-04-29T21:05:00+00:00","article_modified_time":"2026-04-29T21:45:35+00:00","og_image":[{"width":1280,"height":720,"url":"https:\/\/www.correiobraziliense.com.br\/cbradar\/wp-content\/uploads\/2026\/04\/maos_colhendo_folhas_202604281328.jpg","type":"image\/jpeg"}],"author":"Paulo Custodio","twitter_card":"summary_large_image","twitter_misc":{"Escrito por":"Paulo Custodio","Est. tempo de leitura":"4 minutos"},"schema":{"@context":"https:\/\/schema.org","@graph":[{"@type":"WebPage","@id":"https:\/\/www.correiobraziliense.com.br\/cbradar\/a-folha-medicinal-que-pode-ser-usada-em-chas-para-o-estomago-e-ainda-cresce-bem-em-vasos-pequenos\/","url":"https:\/\/www.correiobraziliense.com.br\/cbradar\/a-folha-medicinal-que-pode-ser-usada-em-chas-para-o-estomago-e-ainda-cresce-bem-em-vasos-pequenos\/","name":"A folha medicinal que pode ser usada em ch\u00e1s para o est\u00f4mago e ainda cresce bem em vasos pequenos - Correio Braziliense - Radar","isPartOf":{"@id":"https:\/\/www.correiobraziliense.com.br\/cbradar\/#website"},"primaryImageOfPage":{"@id":"https:\/\/www.correiobraziliense.com.br\/cbradar\/a-folha-medicinal-que-pode-ser-usada-em-chas-para-o-estomago-e-ainda-cresce-bem-em-vasos-pequenos\/#primaryimage"},"image":{"@id":"https:\/\/www.correiobraziliense.com.br\/cbradar\/a-folha-medicinal-que-pode-ser-usada-em-chas-para-o-estomago-e-ainda-cresce-bem-em-vasos-pequenos\/#primaryimage"},"thumbnailUrl":"https:\/\/www.correiobraziliense.com.br\/cbradar\/wp-content\/uploads\/2026\/04\/maos_colhendo_folhas_202604281328.jpg","datePublished":"2026-04-29T21:05:00+00:00","dateModified":"2026-04-29T21:45:35+00:00","author":{"@id":"https:\/\/www.correiobraziliense.com.br\/cbradar\/#\/schema\/person\/4cec7857301a9a1a2ef249893cd908d3"},"description":"Uma folha medicinal que alivia o est\u00f4mago e cresce em vasos min\u00fasculos? Sim, ela existe. E plantar a sua \u00e9 mais simples do que parece.","breadcrumb":{"@id":"https:\/\/www.correiobraziliense.com.br\/cbradar\/a-folha-medicinal-que-pode-ser-usada-em-chas-para-o-estomago-e-ainda-cresce-bem-em-vasos-pequenos\/#breadcrumb"},"inLanguage":"pt-BR","potentialAction":[{"@type":"ReadAction","target":["https:\/\/www.correiobraziliense.com.br\/cbradar\/a-folha-medicinal-que-pode-ser-usada-em-chas-para-o-estomago-e-ainda-cresce-bem-em-vasos-pequenos\/"]}]},{"@type":"ImageObject","inLanguage":"pt-BR","@id":"https:\/\/www.correiobraziliense.com.br\/cbradar\/a-folha-medicinal-que-pode-ser-usada-em-chas-para-o-estomago-e-ainda-cresce-bem-em-vasos-pequenos\/#primaryimage","url":"https:\/\/www.correiobraziliense.com.br\/cbradar\/wp-content\/uploads\/2026\/04\/maos_colhendo_folhas_202604281328.jpg","contentUrl":"https:\/\/www.correiobraziliense.com.br\/cbradar\/wp-content\/uploads\/2026\/04\/maos_colhendo_folhas_202604281328.jpg","width":1280,"height":720,"caption":"A colheita pode ser feita v\u00e1rias vezes ao longo do crescimento da planta"},{"@type":"BreadcrumbList","@id":"https:\/\/www.correiobraziliense.com.br\/cbradar\/a-folha-medicinal-que-pode-ser-usada-em-chas-para-o-estomago-e-ainda-cresce-bem-em-vasos-pequenos\/#breadcrumb","itemListElement":[{"@type":"ListItem","position":1,"name":"In\u00edcio","item":"https:\/\/www.correiobraziliense.com.br\/cbradar\/"},{"@type":"ListItem","position":2,"name":"A folha medicinal que pode ser usada em ch\u00e1s para o est\u00f4mago e ainda cresce bem em vasos pequenos"}]},{"@type":"WebSite","@id":"https:\/\/www.correiobraziliense.com.br\/cbradar\/#website","url":"https:\/\/www.correiobraziliense.com.br\/cbradar\/","name":"Correio Braziliense - Radar","description":"Acompanhe as \u00faltimas not\u00edcias e fique bem informado sobre tudo o que acontece no Brasil e no mundo.","potentialAction":[{"@type":"SearchAction","target":{"@type":"EntryPoint","urlTemplate":"https:\/\/www.correiobraziliense.com.br\/cbradar\/?s={search_term_string}"},"query-input":{"@type":"PropertyValueSpecification","valueRequired":true,"valueName":"search_term_string"}}],"inLanguage":"pt-BR"},{"@type":"Person","@id":"https:\/\/www.correiobraziliense.com.br\/cbradar\/#\/schema\/person\/4cec7857301a9a1a2ef249893cd908d3","name":"Paulo Custodio","image":{"@type":"ImageObject","inLanguage":"pt-BR","@id":"https:\/\/www.correiobraziliense.com.br\/cbradar\/#\/schema\/person\/image\/","url":"https:\/\/secure.gravatar.com\/avatar\/bcd67168d1534e8fcf4f45c726a87cea?s=96&d=mm&r=g","contentUrl":"https:\/\/secure.gravatar.com\/avatar\/bcd67168d1534e8fcf4f45c726a87cea?s=96&d=mm&r=g","caption":"Paulo Custodio"},"sameAs":["https:\/\/www.correiobraziliense.com.br\/cbradar"],"url":"https:\/\/www.correiobraziliense.com.br\/cbradar\/author\/paulomyth\/"}]}},"_links":{"self":[{"href":"https:\/\/www.correiobraziliense.com.br\/cbradar\/wp-json\/wp\/v2\/posts\/233336","targetHints":{"allow":["GET"]}}],"collection":[{"href":"https:\/\/www.correiobraziliense.com.br\/cbradar\/wp-json\/wp\/v2\/posts"}],"about":[{"href":"https:\/\/www.correiobraziliense.com.br\/cbradar\/wp-json\/wp\/v2\/types\/post"}],"author":[{"embeddable":true,"href":"https:\/\/www.correiobraziliense.com.br\/cbradar\/wp-json\/wp\/v2\/users\/11"}],"replies":[{"embeddable":true,"href":"https:\/\/www.correiobraziliense.com.br\/cbradar\/wp-json\/wp\/v2\/comments?post=233336"}],"version-history":[{"count":1,"href":"https:\/\/www.correiobraziliense.com.br\/cbradar\/wp-json\/wp\/v2\/posts\/233336\/revisions"}],"predecessor-version":[{"id":233339,"href":"https:\/\/www.correiobraziliense.com.br\/cbradar\/wp-json\/wp\/v2\/posts\/233336\/revisions\/233339"}],"wp:featuredmedia":[{"embeddable":true,"href":"https:\/\/www.correiobraziliense.com.br\/cbradar\/wp-json\/wp\/v2\/media\/233753"}],"wp:attachment":[{"href":"https:\/\/www.correiobraziliense.com.br\/cbradar\/wp-json\/wp\/v2\/media?parent=233336"}],"wp:term":[{"taxonomy":"category","embeddable":true,"href":"https:\/\/www.correiobraziliense.com.br\/cbradar\/wp-json\/wp\/v2\/categories?post=233336"},{"taxonomy":"post_tag","embeddable":true,"href":"https:\/\/www.correiobraziliense.com.br\/cbradar\/wp-json\/wp\/v2\/tags?post=233336"}],"curies":[{"name":"wp","href":"https:\/\/api.w.org\/{rel}","templated":true}]}}