{"id":233344,"date":"2026-04-30T07:25:00","date_gmt":"2026-04-30T10:25:00","guid":{"rendered":"https:\/\/www.correiobraziliense.com.br\/cbradar\/?p=233344"},"modified":"2026-04-28T16:29:05","modified_gmt":"2026-04-28T19:29:05","slug":"quanta-proteina-diaria-uma-mulher-precisa-depois-dos-40-anos-segundo-o-peso-e-a-fase-hormonal","status":"publish","type":"post","link":"https:\/\/www.correiobraziliense.com.br\/cbradar\/quanta-proteina-diaria-uma-mulher-precisa-depois-dos-40-anos-segundo-o-peso-e-a-fase-hormonal\/","title":{"rendered":"Quanta prote\u00edna di\u00e1ria uma mulher precisa depois dos 40 anos, segundo o peso e a fase hormonal"},"content":{"rendered":"\n<p>Por que a <strong>prote\u00edna di\u00e1ria<\/strong> se torna uma necessidade urgente para mulheres depois dos 40? A transi\u00e7\u00e3o hormonal reduz a capacidade do corpo de manter os m\u00fasculos, exigindo uma ingest\u00e3o maior de prote\u00edna para evitar a perda de massa magra. A boa not\u00edcia \u00e9 que, com os n\u00fameros certos, \u00e9 poss\u00edvel ajustar a dieta de forma simples e eficaz, respeitando cada fase da vida.<\/p>\n\n\n\n<h2 class=\"wp-block-heading\">Por que a necessidade de prote\u00edna aumenta ap\u00f3s os 40 anos?<\/h2>\n\n\n\n<p>A partir dos 40, o corpo feminino passa por uma transforma\u00e7\u00e3o silenciosa: a <strong>resist\u00eancia anab\u00f3lica<\/strong>. Esse fen\u00f4meno reduz a efici\u00eancia com que os m\u00fasculos utilizam a prote\u00edna. O resultado \u00e9 uma perda progressiva de massa magra, que contribui para um metabolismo mais lento e maior risco de <strong>sarcopenia<\/strong>.<\/p>\n\n\n\n<p>O estrog\u00eanio, horm\u00f4nio que protege os m\u00fasculos, come\u00e7a a cair na <a href=\"https:\/\/pt.wikipedia.org\/wiki\/Menopausa\" target=\"_blank\" rel=\"noreferrer noopener\">menopausa<\/a>. Sem ele, o corpo entra em um estado de degrada\u00e7\u00e3o muscular constante. Aumentar a ingest\u00e3o de prote\u00edna \u00e9 a principal estrat\u00e9gia para frear esse processo e manter a for\u00e7a.<\/p>\n\n\n<div class=\"wp-block-image\">\n<figure class=\"aligncenter size-full\"><img decoding=\"async\" width=\"1280\" height=\"720\" src=\"https:\/\/www.correiobraziliense.com.br\/cbradar\/wp-content\/uploads\/2026\/04\/IMAGEM_720p_1777345678031.jpg\" alt=\"Mulheres acima de 40 anos sobre a quantidade ideal de prote\u00edna di\u00e1ria com base no peso corporal \" class=\"wp-image-233352\" srcset=\"https:\/\/www.correiobraziliense.com.br\/cbradar\/wp-content\/uploads\/2026\/04\/IMAGEM_720p_1777345678031.jpg 1280w, https:\/\/www.correiobraziliense.com.br\/cbradar\/wp-content\/uploads\/2026\/04\/IMAGEM_720p_1777345678031-300x169.jpg 300w, https:\/\/www.correiobraziliense.com.br\/cbradar\/wp-content\/uploads\/2026\/04\/IMAGEM_720p_1777345678031-768x432.jpg 768w, https:\/\/www.correiobraziliense.com.br\/cbradar\/wp-content\/uploads\/2026\/04\/IMAGEM_720p_1777345678031-750x422.jpg 750w, https:\/\/www.correiobraziliense.com.br\/cbradar\/wp-content\/uploads\/2026\/04\/IMAGEM_720p_1777345678031-1140x641.jpg 1140w\" sizes=\"(max-width: 1280px) 100vw, 1280px\" \/><figcaption class=\"wp-element-caption\">Mulheres acima de 40 anos sobre a quantidade ideal de prote\u00edna di\u00e1ria com base no peso corporal <\/figcaption><\/figure><\/div>\n\n\n<h2 class=\"wp-block-heading\">Como calcular a prote\u00edna di\u00e1ria ideal de acordo com o peso?<\/h2>\n\n\n\n<p>O c\u00e1lculo \u00e9 simples: multiplica-se o peso corporal em quilos pela quantidade de gramas de prote\u00edna recomendada. Uma regra geral sugerida pela <strong>Mayo Clinic<\/strong> \u00e9 de <strong>1,0 a 1,2 gramas de prote\u00edna por quilo de peso<\/strong>. Isso significa que uma mulher de 68 kg precisa de 68 a 81 gramas de prote\u00edna por dia.<\/p>\n\n\n\n<p>Para quem pratica atividade f\u00edsica ou deseja emagrecer, a faixa sobe para <strong>1,2 a 1,6 g\/kg<\/strong>. A tabela a seguir ilustra as quantidades para diferentes pesos:<\/p>\n\n\n\n<figure class=\"wp-block-table\"><table class=\"has-fixed-layout\"><tbody><tr><th>Peso (kg)<\/th><th>Prote\u00edna m\u00ednima (g)<\/th><th>Prote\u00edna ideal (g)<\/th><th>Prote\u00edna para ativas (g)<\/th><\/tr><tr><td>60<\/td><td>60<\/td><td>72<\/td><td>96<\/td><\/tr><tr><td>70<\/td><td>70<\/td><td>84<\/td><td>112<\/td><\/tr><tr><td>80<\/td><td>80<\/td><td>96<\/td><td>128<\/td><\/tr><tr><td>90<\/td><td>90<\/td><td>108<\/td><td>144<\/td><\/tr><\/tbody><\/table><\/figure>\n\n\n\n<p>Os valores s\u00e3o baseados em <strong>1,0 g\/kg<\/strong> (m\u00ednimo), <strong>1,2 g\/kg<\/strong> (ideal) e <strong>1,6 g\/kg<\/strong> (mulheres ativas). Ajuste a sua meta conforme o seu n\u00edvel de movimento e os sinais do corpo.<\/p>\n\n\n\n<h2 class=\"wp-block-heading\">Qual a quantidade recomendada de prote\u00edna em cada fase hormonal?<\/h2>\n\n\n\n<p>As necessidades mudam conforme a transi\u00e7\u00e3o hormonal. Cada fase exige um olhar espec\u00edfico para proteger os m\u00fasculos e o metabolismo.<\/p>\n\n\n\n<p>Confira as recomenda\u00e7\u00f5es por fase:<\/p>\n\n\n\n<ul class=\"wp-block-list\">\n<li><strong>Perimenopausa:<\/strong> A partir dos 40 anos, o ideal \u00e9 <strong>1,2 a 1,6 g\/kg\/dia<\/strong>. O foco \u00e9 preservar a massa muscular que come\u00e7a a ser perdida.<\/li>\n\n\n\n<li><strong>Menopausa:<\/strong> A recomenda\u00e7\u00e3o sobe para <strong>1,2 a 2,0 g\/kg\/dia<\/strong>, dependendo da pr\u00e1tica de exerc\u00edcios. A <a href=\"https:\/\/mcpress.mayoclinic.org\/women-health\/how-much-protein-do-you-really-need-after-menopause\/\" target=\"_blank\" rel=\"noreferrer noopener\">Mayo Clinic<\/a> aponta que mulheres ativas devem mirar o limite superior para combater a resist\u00eancia anab\u00f3lica.<\/li>\n\n\n\n<li><strong>P\u00f3s-menopausa:<\/strong> Manter <strong>1,0 a 1,2 g\/kg\/dia<\/strong> \u00e9 suficiente para a sa\u00fade \u00f3ssea, mas se houver treino de for\u00e7a, <strong>1,4 a 1,6 g\/kg<\/strong> traz mais benef\u00edcios.<\/li>\n<\/ul>\n\n\n\n<p>O mais importante \u00e9 ouvir o corpo. Se houver cansa\u00e7o excessivo ou perda de for\u00e7a, \u00e9 sinal de que a quantidade de prote\u00edna pode estar baixa.<\/p>\n\n\n\n<p>No v\u00eddeo a seguir, o perfil da <strong><em>Dra. Larissa Atala<\/em><\/strong>, com mais de 43 mil seguidores, fala um pouco sobre o assunto: <\/p>\n\n\n\n<blockquote class=\"instagram-media\" data-instgrm-captioned data-instgrm-permalink=\"https:\/\/www.instagram.com\/reel\/DVcDINrFqW1\/?utm_source=ig_embed&amp;utm_campaign=loading\" data-instgrm-version=\"14\" style=\" background:#FFF; border:0; border-radius:3px; box-shadow:0 0 1px 0 rgba(0,0,0,0.5),0 1px 10px 0 rgba(0,0,0,0.15); margin: 1px; max-width:540px; min-width:326px; padding:0; width:99.375%; width:-webkit-calc(100% - 2px); width:calc(100% - 2px);\"><div style=\"padding:16px;\"> <a href=\"https:\/\/www.instagram.com\/reel\/DVcDINrFqW1\/?utm_source=ig_embed&amp;utm_campaign=loading\" style=\" background:#FFFFFF; line-height:0; padding:0 0; text-align:center; text-decoration:none; width:100%;\" target=\"_blank\"> <div style=\" display: flex; flex-direction: row; align-items: center;\"> <div style=\"background-color: #F4F4F4; border-radius: 50%; flex-grow: 0; height: 40px; margin-right: 14px; width: 40px;\"><\/div> <div style=\"display: flex; flex-direction: column; flex-grow: 1; justify-content: center;\"> <div style=\" background-color: #F4F4F4; border-radius: 4px; flex-grow: 0; height: 14px; margin-bottom: 6px; width: 100px;\"><\/div> <div style=\" background-color: #F4F4F4; border-radius: 4px; flex-grow: 0; height: 14px; width: 60px;\"><\/div><\/div><\/div><div style=\"padding: 19% 0;\"><\/div> <div style=\"display:block; height:50px; margin:0 auto 12px; width:50px;\"><svg width=\"50px\" height=\"50px\" viewBox=\"0 0 60 60\" version=\"1.1\" xmlns=\"https:\/\/www.w3.org\/2000\/svg\" xmlns:xlink=\"https:\/\/www.w3.org\/1999\/xlink\"><g stroke=\"none\" stroke-width=\"1\" fill=\"none\" fill-rule=\"evenodd\"><g transform=\"translate(-511.000000, -20.000000)\" fill=\"#000000\"><g><path d=\"M556.869,30.41 C554.814,30.41 553.148,32.076 553.148,34.131 C553.148,36.186 554.814,37.852 556.869,37.852 C558.924,37.852 560.59,36.186 560.59,34.131 C560.59,32.076 558.924,30.41 556.869,30.41 M541,60.657 C535.114,60.657 530.342,55.887 530.342,50 C530.342,44.114 535.114,39.342 541,39.342 C546.887,39.342 551.658,44.114 551.658,50 C551.658,55.887 546.887,60.657 541,60.657 M541,33.886 C532.1,33.886 524.886,41.1 524.886,50 C524.886,58.899 532.1,66.113 541,66.113 C549.9,66.113 557.115,58.899 557.115,50 C557.115,41.1 549.9,33.886 541,33.886 M565.378,62.101 C565.244,65.022 564.756,66.606 564.346,67.663 C563.803,69.06 563.154,70.057 562.106,71.106 C561.058,72.155 560.06,72.803 558.662,73.347 C557.607,73.757 556.021,74.244 553.102,74.378 C549.944,74.521 548.997,74.552 541,74.552 C533.003,74.552 532.056,74.521 528.898,74.378 C525.979,74.244 524.393,73.757 523.338,73.347 C521.94,72.803 520.942,72.155 519.894,71.106 C518.846,70.057 518.197,69.06 517.654,67.663 C517.244,66.606 516.755,65.022 516.623,62.101 C516.479,58.943 516.448,57.996 516.448,50 C516.448,42.003 516.479,41.056 516.623,37.899 C516.755,34.978 517.244,33.391 517.654,32.338 C518.197,30.938 518.846,29.942 519.894,28.894 C520.942,27.846 521.94,27.196 523.338,26.654 C524.393,26.244 525.979,25.756 528.898,25.623 C532.057,25.479 533.004,25.448 541,25.448 C548.997,25.448 549.943,25.479 553.102,25.623 C556.021,25.756 557.607,26.244 558.662,26.654 C560.06,27.196 561.058,27.846 562.106,28.894 C563.154,29.942 563.803,30.938 564.346,32.338 C564.756,33.391 565.244,34.978 565.378,37.899 C565.522,41.056 565.552,42.003 565.552,50 C565.552,57.996 565.522,58.943 565.378,62.101 M570.82,37.631 C570.674,34.438 570.167,32.258 569.425,30.349 C568.659,28.377 567.633,26.702 565.965,25.035 C564.297,23.368 562.623,22.342 560.652,21.575 C558.743,20.834 556.562,20.326 553.369,20.18 C550.169,20.033 549.148,20 541,20 C532.853,20 531.831,20.033 528.631,20.18 C525.438,20.326 523.257,20.834 521.349,21.575 C519.376,22.342 517.703,23.368 516.035,25.035 C514.368,26.702 513.342,28.377 512.574,30.349 C511.834,32.258 511.326,34.438 511.181,37.631 C511.035,40.831 511,41.851 511,50 C511,58.147 511.035,59.17 511.181,62.369 C511.326,65.562 511.834,67.743 512.574,69.651 C513.342,71.625 514.368,73.296 516.035,74.965 C517.703,76.634 519.376,77.658 521.349,78.425 C523.257,79.167 525.438,79.673 528.631,79.82 C531.831,79.965 532.853,80.001 541,80.001 C549.148,80.001 550.169,79.965 553.369,79.82 C556.562,79.673 558.743,79.167 560.652,78.425 C562.623,77.658 564.297,76.634 565.965,74.965 C567.633,73.296 568.659,71.625 569.425,69.651 C570.167,67.743 570.674,65.562 570.82,62.369 C570.966,59.17 571,58.147 571,50 C571,41.851 570.966,40.831 570.82,37.631\"><\/path><\/g><\/g><\/g><\/svg><\/div><div style=\"padding-top: 8px;\"> <div style=\" color:#3897f0; font-family:Arial,sans-serif; font-size:14px; font-style:normal; font-weight:550; line-height:18px;\">Ver essa foto no Instagram<\/div><\/div><div style=\"padding: 12.5% 0;\"><\/div> <div style=\"display: flex; flex-direction: row; margin-bottom: 14px; align-items: center;\"><div> <div style=\"background-color: #F4F4F4; border-radius: 50%; height: 12.5px; width: 12.5px; transform: translateX(0px) translateY(7px);\"><\/div> <div style=\"background-color: #F4F4F4; height: 12.5px; transform: rotate(-45deg) translateX(3px) translateY(1px); width: 12.5px; flex-grow: 0; margin-right: 14px; margin-left: 2px;\"><\/div> <div style=\"background-color: #F4F4F4; border-radius: 50%; height: 12.5px; width: 12.5px; transform: translateX(9px) translateY(-18px);\"><\/div><\/div><div style=\"margin-left: 8px;\"> <div style=\" background-color: #F4F4F4; border-radius: 50%; flex-grow: 0; height: 20px; width: 20px;\"><\/div> <div style=\" width: 0; height: 0; border-top: 2px solid transparent; border-left: 6px solid #f4f4f4; border-bottom: 2px solid transparent; transform: translateX(16px) translateY(-4px) rotate(30deg)\"><\/div><\/div><div style=\"margin-left: auto;\"> <div style=\" width: 0px; border-top: 8px solid #F4F4F4; border-right: 8px solid transparent; transform: translateY(16px);\"><\/div> <div style=\" background-color: #F4F4F4; flex-grow: 0; height: 12px; width: 16px; transform: translateY(-4px);\"><\/div> <div style=\" width: 0; height: 0; border-top: 8px solid #F4F4F4; border-left: 8px solid transparent; transform: translateY(-4px) translateX(8px);\"><\/div><\/div><\/div> <div style=\"display: flex; flex-direction: column; flex-grow: 1; justify-content: center; margin-bottom: 24px;\"> <div style=\" background-color: #F4F4F4; border-radius: 4px; flex-grow: 0; height: 14px; margin-bottom: 6px; width: 224px;\"><\/div> <div style=\" background-color: #F4F4F4; border-radius: 4px; flex-grow: 0; height: 14px; width: 144px;\"><\/div><\/div><\/a><p style=\" color:#c9c8cd; font-family:Arial,sans-serif; font-size:14px; line-height:17px; margin-bottom:0; margin-top:8px; overflow:hidden; padding:8px 0 7px; text-align:center; text-overflow:ellipsis; white-space:nowrap;\"><a href=\"https:\/\/www.instagram.com\/reel\/DVcDINrFqW1\/?utm_source=ig_embed&amp;utm_campaign=loading\" style=\" color:#c9c8cd; font-family:Arial,sans-serif; font-size:14px; font-style:normal; font-weight:normal; line-height:17px; text-decoration:none;\" target=\"_blank\">Um post compartilhado por Dra. Larissa Atala | Ginecologista e Obstetra (@dralarissaatala)<\/a><\/p><\/div><\/blockquote>\n<script async src=\"\/\/www.instagram.com\/embed.js\"><\/script>\n\n\n\n<h2 class=\"wp-block-heading\">Como distribuir a prote\u00edna ao longo do dia para melhores resultados?<\/h2>\n\n\n\n<p>N\u00e3o adianta concentrar toda a prote\u00edna em uma \u00fanica refei\u00e7\u00e3o. O corpo aproveita melhor o nutriente quando ele \u00e9 distribu\u00eddo em por\u00e7\u00f5es de <strong>30 a 40 gramas<\/strong> por refei\u00e7\u00e3o. Esse \u00e9 o gatilho que ativa a constru\u00e7\u00e3o muscular de forma eficiente.<\/p>\n\n\n\n<p>Inclua uma fonte de prote\u00edna no caf\u00e9 da manh\u00e3, no almo\u00e7o, no jantar e, se poss\u00edvel, em um lanche. O almo\u00e7o e o jantar costumam concentrar as maiores por\u00e7\u00f5es. O caf\u00e9 da manh\u00e3 e os lanches podem ter ovos, iogurte grego ou prote\u00edna vegetal.<\/p>\n\n\n\n<p>Leia tamb\u00e9m: <a href=\"https:\/\/www.correiobraziliense.com.br\/cbradar\/nem-cru-nem-em-excesso-como-consumir-aveia-do-jeito-certo-para-melhorar-a-digestao\/\" target=\"_blank\" rel=\"noreferrer noopener\">Nem cru, nem em excesso: como consumir aveia do jeito certo para melhorar a digest\u00e3o<\/a><\/p>\n\n\n\n<h2 class=\"wp-block-heading\">Vale a pena usar suplementos proteicos ap\u00f3s os 40?<\/h2>\n\n\n\n<p>Os suplementos s\u00e3o pr\u00e1ticos, mas n\u00e3o substituem uma alimenta\u00e7\u00e3o variada. O <strong>whey protein<\/strong> ou a prote\u00edna de ervilha podem ajudar a bater a meta di\u00e1ria quando a rotina aperta. No entanto, priorizar fontes reais \u00e9 sempre a melhor escolha.<\/p>\n\n\n\n<p>Antes de incluir qualquer suplemento, vale conversar com um nutricionista. O excesso de prote\u00edna pode sobrecarregar os rins, principalmente em mulheres com predisposi\u00e7\u00e3o a problemas renais. O segredo est\u00e1 no equil\u00edbrio e na escuta ativa das necessidades do corpo.<\/p>\n","protected":false},"excerpt":{"rendered":"<p>Por que a prote\u00edna di\u00e1ria se torna uma necessidade urgente para mulheres depois dos 40? A transi\u00e7\u00e3o hormonal reduz a capacidade do corpo de manter os m\u00fasculos, exigindo uma ingest\u00e3o maior de prote\u00edna para evitar a perda de massa magra. A boa not\u00edcia \u00e9 que, com os n\u00fameros certos, \u00e9 poss\u00edvel ajustar a dieta de [&hellip;]<\/p>\n","protected":false},"author":11,"featured_media":233784,"comment_status":"open","ping_status":"open","sticky":false,"template":"","format":"standard","meta":{"_yoast_wpseo_focuskw":"prote\u00edna di\u00e1ria mulheres 40","_yoast_wpseo_title":"","_yoast_wpseo_metadesc":"A quantidade de prote\u00edna que uma mulher precisa ap\u00f3s os 40 anos varia com o peso e a fase hormonal. Ser\u00e1 que voc\u00ea est\u00e1 consumindo a quantidade certa?","jnews-multi-image_gallery":[],"jnews_single_post":{"format":"standard"},"jnews_primary_category":[],"jnews_social_meta":[],"jnews_override_counter":[],"footnotes":""},"categories":[119],"tags":[],"class_list":["post-233344","post","type-post","status-publish","format-standard","has-post-thumbnail","hentry","category-bem-estar"],"yoast_head":"<!-- This site is optimized with the Yoast SEO plugin v24.6 - https:\/\/yoast.com\/wordpress\/plugins\/seo\/ -->\n<title>Quanta prote\u00edna di\u00e1ria uma mulher precisa depois dos 40 anos, segundo o peso e a fase hormonal - Correio Braziliense - Radar<\/title>\n<meta name=\"description\" content=\"A quantidade de prote\u00edna que uma mulher precisa ap\u00f3s os 40 anos varia com o peso e a fase hormonal. Ser\u00e1 que voc\u00ea est\u00e1 consumindo a quantidade certa?\" \/>\n<meta name=\"robots\" content=\"index, follow, max-snippet:-1, max-image-preview:large, max-video-preview:-1\" \/>\n<link rel=\"canonical\" href=\"https:\/\/www.correiobraziliense.com.br\/cbradar\/quanta-proteina-diaria-uma-mulher-precisa-depois-dos-40-anos-segundo-o-peso-e-a-fase-hormonal\/\" \/>\n<meta property=\"og:locale\" content=\"pt_BR\" \/>\n<meta property=\"og:type\" content=\"article\" \/>\n<meta property=\"og:title\" content=\"Quanta prote\u00edna di\u00e1ria uma mulher precisa depois dos 40 anos, segundo o peso e a fase hormonal - Correio Braziliense - Radar\" \/>\n<meta property=\"og:description\" content=\"A quantidade de prote\u00edna que uma mulher precisa ap\u00f3s os 40 anos varia com o peso e a fase hormonal. Ser\u00e1 que voc\u00ea est\u00e1 consumindo a quantidade certa?\" \/>\n<meta property=\"og:url\" content=\"https:\/\/www.correiobraziliense.com.br\/cbradar\/quanta-proteina-diaria-uma-mulher-precisa-depois-dos-40-anos-segundo-o-peso-e-a-fase-hormonal\/\" \/>\n<meta property=\"og:site_name\" content=\"Correio Braziliense - Radar\" \/>\n<meta property=\"article:published_time\" content=\"2026-04-30T10:25:00+00:00\" \/>\n<meta property=\"og:image\" content=\"https:\/\/www.correiobraziliense.com.br\/cbradar\/wp-content\/uploads\/2026\/04\/Woman_eating_protein_202604281628.jpg\" \/>\n\t<meta property=\"og:image:width\" content=\"1280\" \/>\n\t<meta property=\"og:image:height\" content=\"720\" \/>\n\t<meta property=\"og:image:type\" content=\"image\/jpeg\" \/>\n<meta name=\"author\" content=\"Paulo Custodio\" \/>\n<meta name=\"twitter:card\" content=\"summary_large_image\" \/>\n<meta name=\"twitter:label1\" content=\"Escrito por\" \/>\n\t<meta name=\"twitter:data1\" content=\"Paulo Custodio\" \/>\n\t<meta name=\"twitter:label2\" content=\"Est. tempo de leitura\" \/>\n\t<meta name=\"twitter:data2\" content=\"5 minutos\" \/>\n<!-- \/ Yoast SEO plugin. -->","yoast_head_json":{"title":"Quanta prote\u00edna di\u00e1ria uma mulher precisa depois dos 40 anos, segundo o peso e a fase hormonal - Correio Braziliense - Radar","description":"A quantidade de prote\u00edna que uma mulher precisa ap\u00f3s os 40 anos varia com o peso e a fase hormonal. Ser\u00e1 que voc\u00ea est\u00e1 consumindo a quantidade certa?","robots":{"index":"index","follow":"follow","max-snippet":"max-snippet:-1","max-image-preview":"max-image-preview:large","max-video-preview":"max-video-preview:-1"},"canonical":"https:\/\/www.correiobraziliense.com.br\/cbradar\/quanta-proteina-diaria-uma-mulher-precisa-depois-dos-40-anos-segundo-o-peso-e-a-fase-hormonal\/","og_locale":"pt_BR","og_type":"article","og_title":"Quanta prote\u00edna di\u00e1ria uma mulher precisa depois dos 40 anos, segundo o peso e a fase hormonal - Correio Braziliense - Radar","og_description":"A quantidade de prote\u00edna que uma mulher precisa ap\u00f3s os 40 anos varia com o peso e a fase hormonal. Ser\u00e1 que voc\u00ea est\u00e1 consumindo a quantidade certa?","og_url":"https:\/\/www.correiobraziliense.com.br\/cbradar\/quanta-proteina-diaria-uma-mulher-precisa-depois-dos-40-anos-segundo-o-peso-e-a-fase-hormonal\/","og_site_name":"Correio Braziliense - Radar","article_published_time":"2026-04-30T10:25:00+00:00","og_image":[{"width":1280,"height":720,"url":"https:\/\/www.correiobraziliense.com.br\/cbradar\/wp-content\/uploads\/2026\/04\/Woman_eating_protein_202604281628.jpg","type":"image\/jpeg"}],"author":"Paulo Custodio","twitter_card":"summary_large_image","twitter_misc":{"Escrito por":"Paulo Custodio","Est. tempo de leitura":"5 minutos"},"schema":{"@context":"https:\/\/schema.org","@graph":[{"@type":"WebPage","@id":"https:\/\/www.correiobraziliense.com.br\/cbradar\/quanta-proteina-diaria-uma-mulher-precisa-depois-dos-40-anos-segundo-o-peso-e-a-fase-hormonal\/","url":"https:\/\/www.correiobraziliense.com.br\/cbradar\/quanta-proteina-diaria-uma-mulher-precisa-depois-dos-40-anos-segundo-o-peso-e-a-fase-hormonal\/","name":"Quanta prote\u00edna di\u00e1ria uma mulher precisa depois dos 40 anos, segundo o peso e a fase hormonal - Correio Braziliense - Radar","isPartOf":{"@id":"https:\/\/www.correiobraziliense.com.br\/cbradar\/#website"},"primaryImageOfPage":{"@id":"https:\/\/www.correiobraziliense.com.br\/cbradar\/quanta-proteina-diaria-uma-mulher-precisa-depois-dos-40-anos-segundo-o-peso-e-a-fase-hormonal\/#primaryimage"},"image":{"@id":"https:\/\/www.correiobraziliense.com.br\/cbradar\/quanta-proteina-diaria-uma-mulher-precisa-depois-dos-40-anos-segundo-o-peso-e-a-fase-hormonal\/#primaryimage"},"thumbnailUrl":"https:\/\/www.correiobraziliense.com.br\/cbradar\/wp-content\/uploads\/2026\/04\/Woman_eating_protein_202604281628.jpg","datePublished":"2026-04-30T10:25:00+00:00","author":{"@id":"https:\/\/www.correiobraziliense.com.br\/cbradar\/#\/schema\/person\/4cec7857301a9a1a2ef249893cd908d3"},"description":"A quantidade de prote\u00edna que uma mulher precisa ap\u00f3s os 40 anos varia com o peso e a fase hormonal. Ser\u00e1 que voc\u00ea est\u00e1 consumindo a quantidade certa?","breadcrumb":{"@id":"https:\/\/www.correiobraziliense.com.br\/cbradar\/quanta-proteina-diaria-uma-mulher-precisa-depois-dos-40-anos-segundo-o-peso-e-a-fase-hormonal\/#breadcrumb"},"inLanguage":"pt-BR","potentialAction":[{"@type":"ReadAction","target":["https:\/\/www.correiobraziliense.com.br\/cbradar\/quanta-proteina-diaria-uma-mulher-precisa-depois-dos-40-anos-segundo-o-peso-e-a-fase-hormonal\/"]}]},{"@type":"ImageObject","inLanguage":"pt-BR","@id":"https:\/\/www.correiobraziliense.com.br\/cbradar\/quanta-proteina-diaria-uma-mulher-precisa-depois-dos-40-anos-segundo-o-peso-e-a-fase-hormonal\/#primaryimage","url":"https:\/\/www.correiobraziliense.com.br\/cbradar\/wp-content\/uploads\/2026\/04\/Woman_eating_protein_202604281628.jpg","contentUrl":"https:\/\/www.correiobraziliense.com.br\/cbradar\/wp-content\/uploads\/2026\/04\/Woman_eating_protein_202604281628.jpg","width":1280,"height":720,"caption":"A necessidade de prote\u00edna aumenta com a idade para preservar massa muscular"},{"@type":"BreadcrumbList","@id":"https:\/\/www.correiobraziliense.com.br\/cbradar\/quanta-proteina-diaria-uma-mulher-precisa-depois-dos-40-anos-segundo-o-peso-e-a-fase-hormonal\/#breadcrumb","itemListElement":[{"@type":"ListItem","position":1,"name":"In\u00edcio","item":"https:\/\/www.correiobraziliense.com.br\/cbradar\/"},{"@type":"ListItem","position":2,"name":"Quanta prote\u00edna di\u00e1ria uma mulher precisa depois dos 40 anos, segundo o peso e a fase hormonal"}]},{"@type":"WebSite","@id":"https:\/\/www.correiobraziliense.com.br\/cbradar\/#website","url":"https:\/\/www.correiobraziliense.com.br\/cbradar\/","name":"Correio Braziliense - Radar","description":"Acompanhe as \u00faltimas not\u00edcias e fique bem informado sobre tudo o que acontece no Brasil e no mundo.","potentialAction":[{"@type":"SearchAction","target":{"@type":"EntryPoint","urlTemplate":"https:\/\/www.correiobraziliense.com.br\/cbradar\/?s={search_term_string}"},"query-input":{"@type":"PropertyValueSpecification","valueRequired":true,"valueName":"search_term_string"}}],"inLanguage":"pt-BR"},{"@type":"Person","@id":"https:\/\/www.correiobraziliense.com.br\/cbradar\/#\/schema\/person\/4cec7857301a9a1a2ef249893cd908d3","name":"Paulo Custodio","image":{"@type":"ImageObject","inLanguage":"pt-BR","@id":"https:\/\/www.correiobraziliense.com.br\/cbradar\/#\/schema\/person\/image\/","url":"https:\/\/secure.gravatar.com\/avatar\/bcd67168d1534e8fcf4f45c726a87cea?s=96&d=mm&r=g","contentUrl":"https:\/\/secure.gravatar.com\/avatar\/bcd67168d1534e8fcf4f45c726a87cea?s=96&d=mm&r=g","caption":"Paulo Custodio"},"sameAs":["https:\/\/www.correiobraziliense.com.br\/cbradar"],"url":"https:\/\/www.correiobraziliense.com.br\/cbradar\/author\/paulomyth\/"}]}},"_links":{"self":[{"href":"https:\/\/www.correiobraziliense.com.br\/cbradar\/wp-json\/wp\/v2\/posts\/233344","targetHints":{"allow":["GET"]}}],"collection":[{"href":"https:\/\/www.correiobraziliense.com.br\/cbradar\/wp-json\/wp\/v2\/posts"}],"about":[{"href":"https:\/\/www.correiobraziliense.com.br\/cbradar\/wp-json\/wp\/v2\/types\/post"}],"author":[{"embeddable":true,"href":"https:\/\/www.correiobraziliense.com.br\/cbradar\/wp-json\/wp\/v2\/users\/11"}],"replies":[{"embeddable":true,"href":"https:\/\/www.correiobraziliense.com.br\/cbradar\/wp-json\/wp\/v2\/comments?post=233344"}],"version-history":[{"count":1,"href":"https:\/\/www.correiobraziliense.com.br\/cbradar\/wp-json\/wp\/v2\/posts\/233344\/revisions"}],"predecessor-version":[{"id":233354,"href":"https:\/\/www.correiobraziliense.com.br\/cbradar\/wp-json\/wp\/v2\/posts\/233344\/revisions\/233354"}],"wp:featuredmedia":[{"embeddable":true,"href":"https:\/\/www.correiobraziliense.com.br\/cbradar\/wp-json\/wp\/v2\/media\/233784"}],"wp:attachment":[{"href":"https:\/\/www.correiobraziliense.com.br\/cbradar\/wp-json\/wp\/v2\/media?parent=233344"}],"wp:term":[{"taxonomy":"category","embeddable":true,"href":"https:\/\/www.correiobraziliense.com.br\/cbradar\/wp-json\/wp\/v2\/categories?post=233344"},{"taxonomy":"post_tag","embeddable":true,"href":"https:\/\/www.correiobraziliense.com.br\/cbradar\/wp-json\/wp\/v2\/tags?post=233344"}],"curies":[{"name":"wp","href":"https:\/\/api.w.org\/{rel}","templated":true}]}}