{"id":233355,"date":"2026-04-30T09:05:00","date_gmt":"2026-04-30T12:05:00","guid":{"rendered":"https:\/\/www.correiobraziliense.com.br\/cbradar\/?p=233355"},"modified":"2026-04-28T16:28:51","modified_gmt":"2026-04-28T19:28:51","slug":"neuropsicologa-explica-que-tratar-a-dor-cronica-so-como-problema-fisico-perde-sentido-quando-emocao-memoria-e-sono-entram-no-quadro","status":"publish","type":"post","link":"https:\/\/www.correiobraziliense.com.br\/cbradar\/neuropsicologa-explica-que-tratar-a-dor-cronica-so-como-problema-fisico-perde-sentido-quando-emocao-memoria-e-sono-entram-no-quadro\/","title":{"rendered":"Neuropsic\u00f3loga explica que tratar a dor cr\u00f4nica s\u00f3 como problema f\u00edsico perde sentido quando emo\u00e7\u00e3o, mem\u00f3ria e sono entram no quadro"},"content":{"rendered":"\n<p>Por que a <strong>dor cr\u00f4nica<\/strong> continua a latejar mesmo quando o exame de imagem n\u00e3o mostra nada? O c\u00e9rebro amplifica o sinal doloroso quando h\u00e1 estresse emocional, lembran\u00e7as dif\u00edceis ou noites mal dormidas. Por isso, a perspectiva neuropsicol\u00f3gica mostra que ignorar emo\u00e7\u00e3o, mem\u00f3ria e sono \u00e9 perder de vista o principal mantenedor da dor.<\/p>\n\n\n\n<h2 class=\"wp-block-heading\">Por que a dor cr\u00f4nica n\u00e3o pode ser tratada s\u00f3 como falha f\u00edsica?<\/h2>\n\n\n\n<p>A <a href=\"https:\/\/pt.wikipedia.org\/wiki\/Dor_cr%C3%B4nica\" target=\"_blank\" rel=\"noreferrer noopener\">dor cr\u00f4nica<\/a> deixa de ser um simples sintoma e se torna uma doen\u00e7a do sistema nervoso. Os neur\u00f4nios que transmitem a dor ficam hipersens\u00edveis e disparam mesmo sem um est\u00edmulo real nos tecidos.<\/p>\n\n\n\n<p>Isso significa que tratar apenas a estrutura do joelho ou da coluna \u00e9 pouco eficaz quando o c\u00e9rebro j\u00e1 aprendeu a sentir dor. A <strong>neuroplasticidade<\/strong> mant\u00e9m o ciclo \u00e1lgico, e a\u00ed entra a necessidade de incluir fatores emocionais e cognitivos no tratamento.<\/p>\n\n\n<div class=\"wp-block-image\">\n<figure class=\"aligncenter size-full\"><img decoding=\"async\" width=\"1280\" height=\"720\" src=\"https:\/\/www.correiobraziliense.com.br\/cbradar\/wp-content\/uploads\/2026\/04\/IMAGEM_720p_1777346247318.jpg\" alt=\"Dor cr\u00f4nica precisa ser compreendida al\u00e9m do corpo, integrando emo\u00e7\u00e3o, mem\u00f3ria e sono\" class=\"wp-image-233359\" srcset=\"https:\/\/www.correiobraziliense.com.br\/cbradar\/wp-content\/uploads\/2026\/04\/IMAGEM_720p_1777346247318.jpg 1280w, https:\/\/www.correiobraziliense.com.br\/cbradar\/wp-content\/uploads\/2026\/04\/IMAGEM_720p_1777346247318-300x169.jpg 300w, https:\/\/www.correiobraziliense.com.br\/cbradar\/wp-content\/uploads\/2026\/04\/IMAGEM_720p_1777346247318-768x432.jpg 768w, https:\/\/www.correiobraziliense.com.br\/cbradar\/wp-content\/uploads\/2026\/04\/IMAGEM_720p_1777346247318-750x422.jpg 750w, https:\/\/www.correiobraziliense.com.br\/cbradar\/wp-content\/uploads\/2026\/04\/IMAGEM_720p_1777346247318-1140x641.jpg 1140w\" sizes=\"(max-width: 1280px) 100vw, 1280px\" \/><figcaption class=\"wp-element-caption\">Dor cr\u00f4nica precisa ser compreendida al\u00e9m do corpo, integrando emo\u00e7\u00e3o, mem\u00f3ria e sono<\/figcaption><\/figure><\/div>\n\n\n<h2 class=\"wp-block-heading\">Como as emo\u00e7\u00f5es alimentam a dor cr\u00f4nica?<\/h2>\n\n\n\n<p>Emo\u00e7\u00f5es como ansiedade e tristeza dividem circuitos cerebrais com a dor. A <a href=\"https:\/\/www.iasp-pain.org\/resources\/fact-sheets\/\" target=\"_blank\" rel=\"noreferrer noopener\"><strong>International Association for the Study of Pain<\/strong><\/a> refor\u00e7a que a experi\u00eancia dolorosa \u00e9 sempre influenciada por fatores psicol\u00f3gicos.<\/p>\n\n\n\n<p>Quando uma pessoa se sente amea\u00e7ada, o c\u00e9rebro pode interpretar essa amea\u00e7a como dor f\u00edsica. O estresse mant\u00e9m os m\u00fasculos tensos e o sistema de alarme cerebral ativado, criando um ciclo dif\u00edcil de quebrar.<\/p>\n\n\n\n<h2 class=\"wp-block-heading\">Qual o papel da mem\u00f3ria na persist\u00eancia da dor?<\/h2>\n\n\n\n<p>A mem\u00f3ria dolorosa n\u00e3o \u00e9 uma met\u00e1fora. O hipocampo e a am\u00edgdala gravam experi\u00eancias de dor como se fossem um perigo a ser evitado. Isso faz com que o corpo reaja a situa\u00e7\u00f5es inofensivas como se fossem les\u00f5es reais.<\/p>\n\n\n\n<p>Uma queda antiga pode deixar uma <strong>mem\u00f3ria sensorial<\/strong> que dispara dor toda vez que a pessoa repete um movimento parecido. \u00c9 o c\u00e9rebro tentando proteger, mas gerando sofrimento desnecess\u00e1rio.<\/p>\n\n\n\n<p>No v\u00eddeo a seguir, o perfil do<strong> Frank Nelson Cruz Ven\u00e2ncio<\/strong>, com mais de 3 mil seguidores, fala um pouco do assunto:<\/p>\n\n\n\n<blockquote class=\"instagram-media\" data-instgrm-captioned data-instgrm-permalink=\"https:\/\/www.instagram.com\/reel\/DXXrkwRjy3Y\/?utm_source=ig_embed&amp;utm_campaign=loading\" data-instgrm-version=\"14\" style=\" background:#FFF; border:0; border-radius:3px; box-shadow:0 0 1px 0 rgba(0,0,0,0.5),0 1px 10px 0 rgba(0,0,0,0.15); margin: 1px; max-width:540px; min-width:326px; padding:0; width:99.375%; width:-webkit-calc(100% - 2px); width:calc(100% - 2px);\"><div style=\"padding:16px;\"> <a href=\"https:\/\/www.instagram.com\/reel\/DXXrkwRjy3Y\/?utm_source=ig_embed&amp;utm_campaign=loading\" style=\" background:#FFFFFF; line-height:0; padding:0 0; text-align:center; text-decoration:none; width:100%;\" target=\"_blank\"> <div style=\" display: flex; flex-direction: row; align-items: center;\"> <div style=\"background-color: #F4F4F4; border-radius: 50%; flex-grow: 0; height: 40px; margin-right: 14px; width: 40px;\"><\/div> <div style=\"display: flex; flex-direction: column; flex-grow: 1; justify-content: center;\"> <div style=\" background-color: #F4F4F4; border-radius: 4px; flex-grow: 0; height: 14px; margin-bottom: 6px; width: 100px;\"><\/div> <div style=\" background-color: #F4F4F4; border-radius: 4px; flex-grow: 0; height: 14px; width: 60px;\"><\/div><\/div><\/div><div style=\"padding: 19% 0;\"><\/div> <div style=\"display:block; height:50px; margin:0 auto 12px; width:50px;\"><svg width=\"50px\" height=\"50px\" viewBox=\"0 0 60 60\" version=\"1.1\" xmlns=\"https:\/\/www.w3.org\/2000\/svg\" xmlns:xlink=\"https:\/\/www.w3.org\/1999\/xlink\"><g stroke=\"none\" stroke-width=\"1\" fill=\"none\" fill-rule=\"evenodd\"><g transform=\"translate(-511.000000, -20.000000)\" fill=\"#000000\"><g><path d=\"M556.869,30.41 C554.814,30.41 553.148,32.076 553.148,34.131 C553.148,36.186 554.814,37.852 556.869,37.852 C558.924,37.852 560.59,36.186 560.59,34.131 C560.59,32.076 558.924,30.41 556.869,30.41 M541,60.657 C535.114,60.657 530.342,55.887 530.342,50 C530.342,44.114 535.114,39.342 541,39.342 C546.887,39.342 551.658,44.114 551.658,50 C551.658,55.887 546.887,60.657 541,60.657 M541,33.886 C532.1,33.886 524.886,41.1 524.886,50 C524.886,58.899 532.1,66.113 541,66.113 C549.9,66.113 557.115,58.899 557.115,50 C557.115,41.1 549.9,33.886 541,33.886 M565.378,62.101 C565.244,65.022 564.756,66.606 564.346,67.663 C563.803,69.06 563.154,70.057 562.106,71.106 C561.058,72.155 560.06,72.803 558.662,73.347 C557.607,73.757 556.021,74.244 553.102,74.378 C549.944,74.521 548.997,74.552 541,74.552 C533.003,74.552 532.056,74.521 528.898,74.378 C525.979,74.244 524.393,73.757 523.338,73.347 C521.94,72.803 520.942,72.155 519.894,71.106 C518.846,70.057 518.197,69.06 517.654,67.663 C517.244,66.606 516.755,65.022 516.623,62.101 C516.479,58.943 516.448,57.996 516.448,50 C516.448,42.003 516.479,41.056 516.623,37.899 C516.755,34.978 517.244,33.391 517.654,32.338 C518.197,30.938 518.846,29.942 519.894,28.894 C520.942,27.846 521.94,27.196 523.338,26.654 C524.393,26.244 525.979,25.756 528.898,25.623 C532.057,25.479 533.004,25.448 541,25.448 C548.997,25.448 549.943,25.479 553.102,25.623 C556.021,25.756 557.607,26.244 558.662,26.654 C560.06,27.196 561.058,27.846 562.106,28.894 C563.154,29.942 563.803,30.938 564.346,32.338 C564.756,33.391 565.244,34.978 565.378,37.899 C565.522,41.056 565.552,42.003 565.552,50 C565.552,57.996 565.522,58.943 565.378,62.101 M570.82,37.631 C570.674,34.438 570.167,32.258 569.425,30.349 C568.659,28.377 567.633,26.702 565.965,25.035 C564.297,23.368 562.623,22.342 560.652,21.575 C558.743,20.834 556.562,20.326 553.369,20.18 C550.169,20.033 549.148,20 541,20 C532.853,20 531.831,20.033 528.631,20.18 C525.438,20.326 523.257,20.834 521.349,21.575 C519.376,22.342 517.703,23.368 516.035,25.035 C514.368,26.702 513.342,28.377 512.574,30.349 C511.834,32.258 511.326,34.438 511.181,37.631 C511.035,40.831 511,41.851 511,50 C511,58.147 511.035,59.17 511.181,62.369 C511.326,65.562 511.834,67.743 512.574,69.651 C513.342,71.625 514.368,73.296 516.035,74.965 C517.703,76.634 519.376,77.658 521.349,78.425 C523.257,79.167 525.438,79.673 528.631,79.82 C531.831,79.965 532.853,80.001 541,80.001 C549.148,80.001 550.169,79.965 553.369,79.82 C556.562,79.673 558.743,79.167 560.652,78.425 C562.623,77.658 564.297,76.634 565.965,74.965 C567.633,73.296 568.659,71.625 569.425,69.651 C570.167,67.743 570.674,65.562 570.82,62.369 C570.966,59.17 571,58.147 571,50 C571,41.851 570.966,40.831 570.82,37.631\"><\/path><\/g><\/g><\/g><\/svg><\/div><div style=\"padding-top: 8px;\"> <div style=\" color:#3897f0; font-family:Arial,sans-serif; font-size:14px; font-style:normal; font-weight:550; line-height:18px;\">Ver essa foto no Instagram<\/div><\/div><div style=\"padding: 12.5% 0;\"><\/div> <div style=\"display: flex; flex-direction: row; margin-bottom: 14px; align-items: center;\"><div> <div style=\"background-color: #F4F4F4; border-radius: 50%; height: 12.5px; width: 12.5px; transform: translateX(0px) translateY(7px);\"><\/div> <div style=\"background-color: #F4F4F4; height: 12.5px; transform: rotate(-45deg) translateX(3px) translateY(1px); width: 12.5px; flex-grow: 0; margin-right: 14px; margin-left: 2px;\"><\/div> <div style=\"background-color: #F4F4F4; border-radius: 50%; height: 12.5px; width: 12.5px; transform: translateX(9px) translateY(-18px);\"><\/div><\/div><div style=\"margin-left: 8px;\"> <div style=\" background-color: #F4F4F4; border-radius: 50%; flex-grow: 0; height: 20px; width: 20px;\"><\/div> <div style=\" width: 0; height: 0; border-top: 2px solid transparent; border-left: 6px solid #f4f4f4; border-bottom: 2px solid transparent; transform: translateX(16px) translateY(-4px) rotate(30deg)\"><\/div><\/div><div style=\"margin-left: auto;\"> <div style=\" width: 0px; border-top: 8px solid #F4F4F4; border-right: 8px solid transparent; transform: translateY(16px);\"><\/div> <div style=\" background-color: #F4F4F4; flex-grow: 0; height: 12px; width: 16px; transform: translateY(-4px);\"><\/div> <div style=\" width: 0; height: 0; border-top: 8px solid #F4F4F4; border-left: 8px solid transparent; transform: translateY(-4px) translateX(8px);\"><\/div><\/div><\/div> <div style=\"display: flex; flex-direction: column; flex-grow: 1; justify-content: center; margin-bottom: 24px;\"> <div style=\" background-color: #F4F4F4; border-radius: 4px; flex-grow: 0; height: 14px; margin-bottom: 6px; width: 224px;\"><\/div> <div style=\" background-color: #F4F4F4; border-radius: 4px; flex-grow: 0; height: 14px; width: 144px;\"><\/div><\/div><\/a><p style=\" color:#c9c8cd; font-family:Arial,sans-serif; font-size:14px; line-height:17px; margin-bottom:0; margin-top:8px; overflow:hidden; padding:8px 0 7px; text-align:center; text-overflow:ellipsis; white-space:nowrap;\"><a href=\"https:\/\/www.instagram.com\/reel\/DXXrkwRjy3Y\/?utm_source=ig_embed&amp;utm_campaign=loading\" style=\" color:#c9c8cd; font-family:Arial,sans-serif; font-size:14px; font-style:normal; font-weight:normal; line-height:17px; text-decoration:none;\" target=\"_blank\">Um post compartilhado por Frank Nelson Cruz Vena\u0302ncio (@drfrankvenanciodor)<\/a><\/p><\/div><\/blockquote>\n<script async src=\"\/\/www.instagram.com\/embed.js\"><\/script>\n\n\n\n<h2 class=\"wp-block-heading\">De que forma o sono ruim piora a dor cr\u00f4nica?<\/h2>\n\n\n\n<p>Dormir mal reduz a produ\u00e7\u00e3o de subst\u00e2ncias que regulam a dor, como a serotonina. O corpo fica mais sens\u00edvel e o limiar de dor diminui. Quem dorme pouco sente mais dor do que quem tem um sono reparador.<\/p>\n\n\n\n<p>Os principais efeitos da priva\u00e7\u00e3o de sono na dor s\u00e3o:<\/p>\n\n\n\n<ul class=\"wp-block-list\">\n<li>Aumento da <strong>inflama\u00e7\u00e3o<\/strong> sist\u00eamica.<\/li>\n\n\n\n<li>Redu\u00e7\u00e3o da <strong>capacidade analg\u00e9sica<\/strong> natural do c\u00e9rebro.<\/li>\n\n\n\n<li>Amplifica\u00e7\u00e3o da <strong>percep\u00e7\u00e3o emocional<\/strong> negativa, piorando a experi\u00eancia dolorosa.<\/li>\n<\/ul>\n\n\n\n<p>Tratar o sono \u00e9 t\u00e3o importante quanto qualquer medicamento para dor.<\/p>\n\n\n\n<p>Leia tamb\u00e9m: <a href=\"https:\/\/www.correiobraziliense.com.br\/cbradar\/nem-cru-nem-em-excesso-como-consumir-aveia-do-jeito-certo-para-melhorar-a-digestao\/\" target=\"_blank\" rel=\"noreferrer noopener\">Nem cru, nem em excesso: como consumir aveia do jeito certo para melhorar a digest\u00e3o<\/a><\/p>\n\n\n\n<h2 class=\"wp-block-heading\">Como \u00e9 o tratamento neuropsicol\u00f3gico para dor cr\u00f4nica?<\/h2>\n\n\n\n<p>O foco n\u00e3o est\u00e1 em eliminar a dor a qualquer custo, mas em mudar a rela\u00e7\u00e3o do c\u00e9rebro com ela. T\u00e9cnicas como a <strong>terapia cognitivo-comportamental<\/strong> e o <strong>biofeedback<\/strong> ajudam a reduzir a ativa\u00e7\u00e3o das \u00e1reas cerebrais ligadas ao sofrimento.<\/p>\n\n\n\n<p>Reorganizar as emo\u00e7\u00f5es e regular o sono devolve ao c\u00e9rebro a capacidade de filtrar os sinais dolorosos. O tratamento integrado inclui o corpo, claro, mas sem esquecer que a dor mora na consci\u00eancia de quem a sente.<\/p>\n","protected":false},"excerpt":{"rendered":"<p>Por que a dor cr\u00f4nica continua a latejar mesmo quando o exame de imagem n\u00e3o mostra nada? O c\u00e9rebro amplifica o sinal doloroso quando h\u00e1 estresse emocional, lembran\u00e7as dif\u00edceis ou noites mal dormidas. Por isso, a perspectiva neuropsicol\u00f3gica mostra que ignorar emo\u00e7\u00e3o, mem\u00f3ria e sono \u00e9 perder de vista o principal mantenedor da dor. Por [&hellip;]<\/p>\n","protected":false},"author":11,"featured_media":233783,"comment_status":"open","ping_status":"open","sticky":false,"template":"","format":"standard","meta":{"_yoast_wpseo_focuskw":"dor cr\u00f4nica neuropsicologia","_yoast_wpseo_title":"","_yoast_wpseo_metadesc":"Tratar a dor cr\u00f4nica como um problema apenas f\u00edsico ignora o que o c\u00e9rebro faz com a emo\u00e7\u00e3o, a mem\u00f3ria e o sono. Ser\u00e1 que a sua abordagem est\u00e1 completa?","jnews-multi-image_gallery":[],"jnews_single_post":{"format":"standard"},"jnews_primary_category":[],"jnews_social_meta":[],"jnews_override_counter":[],"footnotes":""},"categories":[119],"tags":[],"class_list":["post-233355","post","type-post","status-publish","format-standard","has-post-thumbnail","hentry","category-bem-estar"],"yoast_head":"<!-- This site is optimized with the Yoast SEO plugin v24.6 - https:\/\/yoast.com\/wordpress\/plugins\/seo\/ -->\n<title>Neuropsic\u00f3loga explica que tratar a dor cr\u00f4nica s\u00f3 como problema f\u00edsico perde sentido quando emo\u00e7\u00e3o, mem\u00f3ria e sono entram no quadro - Correio Braziliense - Radar<\/title>\n<meta name=\"description\" content=\"Tratar a dor cr\u00f4nica como um problema apenas f\u00edsico ignora o que o c\u00e9rebro faz com a emo\u00e7\u00e3o, a mem\u00f3ria e o sono. Ser\u00e1 que a sua abordagem est\u00e1 completa?\" \/>\n<meta name=\"robots\" content=\"index, follow, max-snippet:-1, max-image-preview:large, max-video-preview:-1\" \/>\n<link rel=\"canonical\" href=\"https:\/\/www.correiobraziliense.com.br\/cbradar\/neuropsicologa-explica-que-tratar-a-dor-cronica-so-como-problema-fisico-perde-sentido-quando-emocao-memoria-e-sono-entram-no-quadro\/\" \/>\n<meta property=\"og:locale\" content=\"pt_BR\" \/>\n<meta property=\"og:type\" content=\"article\" \/>\n<meta property=\"og:title\" content=\"Neuropsic\u00f3loga explica que tratar a dor cr\u00f4nica s\u00f3 como problema f\u00edsico perde sentido quando emo\u00e7\u00e3o, mem\u00f3ria e sono entram no quadro - Correio Braziliense - Radar\" \/>\n<meta property=\"og:description\" content=\"Tratar a dor cr\u00f4nica como um problema apenas f\u00edsico ignora o que o c\u00e9rebro faz com a emo\u00e7\u00e3o, a mem\u00f3ria e o sono. Ser\u00e1 que a sua abordagem est\u00e1 completa?\" \/>\n<meta property=\"og:url\" content=\"https:\/\/www.correiobraziliense.com.br\/cbradar\/neuropsicologa-explica-que-tratar-a-dor-cronica-so-como-problema-fisico-perde-sentido-quando-emocao-memoria-e-sono-entram-no-quadro\/\" \/>\n<meta property=\"og:site_name\" content=\"Correio Braziliense - Radar\" \/>\n<meta property=\"article:published_time\" content=\"2026-04-30T12:05:00+00:00\" \/>\n<meta property=\"og:image\" content=\"https:\/\/www.correiobraziliense.com.br\/cbradar\/wp-content\/uploads\/2026\/04\/Pessoa_com_enxaqueca_202604281619.jpg\" \/>\n\t<meta property=\"og:image:width\" content=\"1280\" \/>\n\t<meta property=\"og:image:height\" content=\"720\" \/>\n\t<meta property=\"og:image:type\" content=\"image\/jpeg\" \/>\n<meta name=\"author\" content=\"Paulo Custodio\" \/>\n<meta name=\"twitter:card\" content=\"summary_large_image\" \/>\n<meta name=\"twitter:label1\" content=\"Escrito por\" \/>\n\t<meta name=\"twitter:data1\" content=\"Paulo Custodio\" \/>\n\t<meta name=\"twitter:label2\" content=\"Est. tempo de leitura\" \/>\n\t<meta name=\"twitter:data2\" content=\"4 minutos\" \/>\n<!-- \/ Yoast SEO plugin. -->","yoast_head_json":{"title":"Neuropsic\u00f3loga explica que tratar a dor cr\u00f4nica s\u00f3 como problema f\u00edsico perde sentido quando emo\u00e7\u00e3o, mem\u00f3ria e sono entram no quadro - Correio Braziliense - Radar","description":"Tratar a dor cr\u00f4nica como um problema apenas f\u00edsico ignora o que o c\u00e9rebro faz com a emo\u00e7\u00e3o, a mem\u00f3ria e o sono. Ser\u00e1 que a sua abordagem est\u00e1 completa?","robots":{"index":"index","follow":"follow","max-snippet":"max-snippet:-1","max-image-preview":"max-image-preview:large","max-video-preview":"max-video-preview:-1"},"canonical":"https:\/\/www.correiobraziliense.com.br\/cbradar\/neuropsicologa-explica-que-tratar-a-dor-cronica-so-como-problema-fisico-perde-sentido-quando-emocao-memoria-e-sono-entram-no-quadro\/","og_locale":"pt_BR","og_type":"article","og_title":"Neuropsic\u00f3loga explica que tratar a dor cr\u00f4nica s\u00f3 como problema f\u00edsico perde sentido quando emo\u00e7\u00e3o, mem\u00f3ria e sono entram no quadro - Correio Braziliense - Radar","og_description":"Tratar a dor cr\u00f4nica como um problema apenas f\u00edsico ignora o que o c\u00e9rebro faz com a emo\u00e7\u00e3o, a mem\u00f3ria e o sono. Ser\u00e1 que a sua abordagem est\u00e1 completa?","og_url":"https:\/\/www.correiobraziliense.com.br\/cbradar\/neuropsicologa-explica-que-tratar-a-dor-cronica-so-como-problema-fisico-perde-sentido-quando-emocao-memoria-e-sono-entram-no-quadro\/","og_site_name":"Correio Braziliense - Radar","article_published_time":"2026-04-30T12:05:00+00:00","og_image":[{"width":1280,"height":720,"url":"https:\/\/www.correiobraziliense.com.br\/cbradar\/wp-content\/uploads\/2026\/04\/Pessoa_com_enxaqueca_202604281619.jpg","type":"image\/jpeg"}],"author":"Paulo Custodio","twitter_card":"summary_large_image","twitter_misc":{"Escrito por":"Paulo Custodio","Est. tempo de leitura":"4 minutos"},"schema":{"@context":"https:\/\/schema.org","@graph":[{"@type":"WebPage","@id":"https:\/\/www.correiobraziliense.com.br\/cbradar\/neuropsicologa-explica-que-tratar-a-dor-cronica-so-como-problema-fisico-perde-sentido-quando-emocao-memoria-e-sono-entram-no-quadro\/","url":"https:\/\/www.correiobraziliense.com.br\/cbradar\/neuropsicologa-explica-que-tratar-a-dor-cronica-so-como-problema-fisico-perde-sentido-quando-emocao-memoria-e-sono-entram-no-quadro\/","name":"Neuropsic\u00f3loga explica que tratar a dor cr\u00f4nica s\u00f3 como problema f\u00edsico perde sentido quando emo\u00e7\u00e3o, mem\u00f3ria e sono entram no quadro - Correio Braziliense - Radar","isPartOf":{"@id":"https:\/\/www.correiobraziliense.com.br\/cbradar\/#website"},"primaryImageOfPage":{"@id":"https:\/\/www.correiobraziliense.com.br\/cbradar\/neuropsicologa-explica-que-tratar-a-dor-cronica-so-como-problema-fisico-perde-sentido-quando-emocao-memoria-e-sono-entram-no-quadro\/#primaryimage"},"image":{"@id":"https:\/\/www.correiobraziliense.com.br\/cbradar\/neuropsicologa-explica-que-tratar-a-dor-cronica-so-como-problema-fisico-perde-sentido-quando-emocao-memoria-e-sono-entram-no-quadro\/#primaryimage"},"thumbnailUrl":"https:\/\/www.correiobraziliense.com.br\/cbradar\/wp-content\/uploads\/2026\/04\/Pessoa_com_enxaqueca_202604281619.jpg","datePublished":"2026-04-30T12:05:00+00:00","author":{"@id":"https:\/\/www.correiobraziliense.com.br\/cbradar\/#\/schema\/person\/4cec7857301a9a1a2ef249893cd908d3"},"description":"Tratar a dor cr\u00f4nica como um problema apenas f\u00edsico ignora o que o c\u00e9rebro faz com a emo\u00e7\u00e3o, a mem\u00f3ria e o sono. Ser\u00e1 que a sua abordagem est\u00e1 completa?","breadcrumb":{"@id":"https:\/\/www.correiobraziliense.com.br\/cbradar\/neuropsicologa-explica-que-tratar-a-dor-cronica-so-como-problema-fisico-perde-sentido-quando-emocao-memoria-e-sono-entram-no-quadro\/#breadcrumb"},"inLanguage":"pt-BR","potentialAction":[{"@type":"ReadAction","target":["https:\/\/www.correiobraziliense.com.br\/cbradar\/neuropsicologa-explica-que-tratar-a-dor-cronica-so-como-problema-fisico-perde-sentido-quando-emocao-memoria-e-sono-entram-no-quadro\/"]}]},{"@type":"ImageObject","inLanguage":"pt-BR","@id":"https:\/\/www.correiobraziliense.com.br\/cbradar\/neuropsicologa-explica-que-tratar-a-dor-cronica-so-como-problema-fisico-perde-sentido-quando-emocao-memoria-e-sono-entram-no-quadro\/#primaryimage","url":"https:\/\/www.correiobraziliense.com.br\/cbradar\/wp-content\/uploads\/2026\/04\/Pessoa_com_enxaqueca_202604281619.jpg","contentUrl":"https:\/\/www.correiobraziliense.com.br\/cbradar\/wp-content\/uploads\/2026\/04\/Pessoa_com_enxaqueca_202604281619.jpg","width":1280,"height":720,"caption":"Dor cr\u00f4nica envolve fatores emocionais e n\u00e3o apenas f\u00edsicos"},{"@type":"BreadcrumbList","@id":"https:\/\/www.correiobraziliense.com.br\/cbradar\/neuropsicologa-explica-que-tratar-a-dor-cronica-so-como-problema-fisico-perde-sentido-quando-emocao-memoria-e-sono-entram-no-quadro\/#breadcrumb","itemListElement":[{"@type":"ListItem","position":1,"name":"In\u00edcio","item":"https:\/\/www.correiobraziliense.com.br\/cbradar\/"},{"@type":"ListItem","position":2,"name":"Neuropsic\u00f3loga explica que tratar a dor cr\u00f4nica s\u00f3 como problema f\u00edsico perde sentido quando emo\u00e7\u00e3o, mem\u00f3ria e sono entram no quadro"}]},{"@type":"WebSite","@id":"https:\/\/www.correiobraziliense.com.br\/cbradar\/#website","url":"https:\/\/www.correiobraziliense.com.br\/cbradar\/","name":"Correio Braziliense - Radar","description":"Acompanhe as \u00faltimas not\u00edcias e fique bem informado sobre tudo o que acontece no Brasil e no mundo.","potentialAction":[{"@type":"SearchAction","target":{"@type":"EntryPoint","urlTemplate":"https:\/\/www.correiobraziliense.com.br\/cbradar\/?s={search_term_string}"},"query-input":{"@type":"PropertyValueSpecification","valueRequired":true,"valueName":"search_term_string"}}],"inLanguage":"pt-BR"},{"@type":"Person","@id":"https:\/\/www.correiobraziliense.com.br\/cbradar\/#\/schema\/person\/4cec7857301a9a1a2ef249893cd908d3","name":"Paulo Custodio","image":{"@type":"ImageObject","inLanguage":"pt-BR","@id":"https:\/\/www.correiobraziliense.com.br\/cbradar\/#\/schema\/person\/image\/","url":"https:\/\/secure.gravatar.com\/avatar\/bcd67168d1534e8fcf4f45c726a87cea?s=96&d=mm&r=g","contentUrl":"https:\/\/secure.gravatar.com\/avatar\/bcd67168d1534e8fcf4f45c726a87cea?s=96&d=mm&r=g","caption":"Paulo Custodio"},"sameAs":["https:\/\/www.correiobraziliense.com.br\/cbradar"],"url":"https:\/\/www.correiobraziliense.com.br\/cbradar\/author\/paulomyth\/"}]}},"_links":{"self":[{"href":"https:\/\/www.correiobraziliense.com.br\/cbradar\/wp-json\/wp\/v2\/posts\/233355","targetHints":{"allow":["GET"]}}],"collection":[{"href":"https:\/\/www.correiobraziliense.com.br\/cbradar\/wp-json\/wp\/v2\/posts"}],"about":[{"href":"https:\/\/www.correiobraziliense.com.br\/cbradar\/wp-json\/wp\/v2\/types\/post"}],"author":[{"embeddable":true,"href":"https:\/\/www.correiobraziliense.com.br\/cbradar\/wp-json\/wp\/v2\/users\/11"}],"replies":[{"embeddable":true,"href":"https:\/\/www.correiobraziliense.com.br\/cbradar\/wp-json\/wp\/v2\/comments?post=233355"}],"version-history":[{"count":2,"href":"https:\/\/www.correiobraziliense.com.br\/cbradar\/wp-json\/wp\/v2\/posts\/233355\/revisions"}],"predecessor-version":[{"id":233362,"href":"https:\/\/www.correiobraziliense.com.br\/cbradar\/wp-json\/wp\/v2\/posts\/233355\/revisions\/233362"}],"wp:featuredmedia":[{"embeddable":true,"href":"https:\/\/www.correiobraziliense.com.br\/cbradar\/wp-json\/wp\/v2\/media\/233783"}],"wp:attachment":[{"href":"https:\/\/www.correiobraziliense.com.br\/cbradar\/wp-json\/wp\/v2\/media?parent=233355"}],"wp:term":[{"taxonomy":"category","embeddable":true,"href":"https:\/\/www.correiobraziliense.com.br\/cbradar\/wp-json\/wp\/v2\/categories?post=233355"},{"taxonomy":"post_tag","embeddable":true,"href":"https:\/\/www.correiobraziliense.com.br\/cbradar\/wp-json\/wp\/v2\/tags?post=233355"}],"curies":[{"name":"wp","href":"https:\/\/api.w.org\/{rel}","templated":true}]}}