{"id":233358,"date":"2026-04-29T08:05:00","date_gmt":"2026-04-29T11:05:00","guid":{"rendered":"https:\/\/www.correiobraziliense.com.br\/cbradar\/?p=233358"},"modified":"2026-04-28T21:07:31","modified_gmt":"2026-04-29T00:07:31","slug":"5-cores-de-esmalte-perfeitas-para-quem-quer-unhas-com-cara-de-rica-e-sem-exagero","status":"publish","type":"post","link":"https:\/\/www.correiobraziliense.com.br\/cbradar\/5-cores-de-esmalte-perfeitas-para-quem-quer-unhas-com-cara-de-rica-e-sem-exagero\/","title":{"rendered":"5 cores de esmalte perfeitas para quem quer unhas com cara de rica e sem exagero"},"content":{"rendered":"\n<p>A escolha da cor das unhas \u00e9 um dos pilares fundamentais da imagem pessoal, transmitindo mensagens sutis sobre estilo e profissionalismo. Em <strong>2026<\/strong>, a tend\u00eancia do &#8220;quiet luxury&#8221; continua dominando as escolhas est\u00e9ticas, priorizando tons que real\u00e7am a beleza natural das m\u00e3os com um toque de eleg\u00e2ncia atemporal e refinada.<\/p>\n\n\n\n<h2 class=\"wp-block-heading\">O charme atemporal do esmalte Nude Rosado<\/h2>\n\n\n\n<p>O <strong>nude rosado<\/strong> \u00e9 o favorito absoluto de quem deseja uma apar\u00eancia limpa e impec\u00e1vel sem chamar a aten\u00e7\u00e3o excessiva para as m\u00e3os. Essa tonalidade funde-se perfeitamente com diferentes tons de pele, criando uma ilus\u00e3o de dedos mais alongados e uma est\u00e9tica de <strong>unhas bem cuidadas<\/strong> que transita facilmente do ambiente de trabalho para eventos sociais noturnos.<\/p>\n\n\n\n<p>Especialistas em moda na <strong>Europa<\/strong> apontam que o segredo desta cor est\u00e1 no acabamento, que deve ser levemente transl\u00facido para um efeito ainda mais natural. Ao optar por essa varia\u00e7\u00e3o, voc\u00ea garante um visual que nunca sai de moda, mantendo uma <strong>eleg\u00e2ncia cl\u00e1ssica<\/strong> que harmoniza com qualquer escolha de acess\u00f3rios ou vestu\u00e1rio, independentemente da esta\u00e7\u00e3o do ano.<\/p>\n\n\n<div class=\"wp-block-image\">\n<figure class=\"aligncenter size-full\"><img decoding=\"async\" width=\"1280\" height=\"720\" src=\"https:\/\/www.correiobraziliense.com.br\/cbradar\/wp-content\/uploads\/2026\/03\/unha-amendoada.jpg\" alt=\"\" class=\"wp-image-213922\" srcset=\"https:\/\/www.correiobraziliense.com.br\/cbradar\/wp-content\/uploads\/2026\/03\/unha-amendoada.jpg 1280w, https:\/\/www.correiobraziliense.com.br\/cbradar\/wp-content\/uploads\/2026\/03\/unha-amendoada-300x169.jpg 300w, https:\/\/www.correiobraziliense.com.br\/cbradar\/wp-content\/uploads\/2026\/03\/unha-amendoada-768x432.jpg 768w, https:\/\/www.correiobraziliense.com.br\/cbradar\/wp-content\/uploads\/2026\/03\/unha-amendoada-750x422.jpg 750w, https:\/\/www.correiobraziliense.com.br\/cbradar\/wp-content\/uploads\/2026\/03\/unha-amendoada-1140x641.jpg 1140w\" sizes=\"(max-width: 1280px) 100vw, 1280px\" \/><figcaption class=\"wp-element-caption\">O <strong>nude rosado<\/strong> \u00e9 o favorito absoluto de quem deseja uma apar\u00eancia limpa e impec\u00e1vel sem chamar a aten\u00e7\u00e3o excessiva para as m\u00e3os<\/figcaption><\/figure><\/div>\n\n\n<h2 class=\"wp-block-heading\">A sofistica\u00e7\u00e3o moderna do Cinza Minimalista<\/h2>\n\n\n\n<p>Para quem busca fugir do \u00f3bvio sem perder a discri\u00e7\u00e3o, o <strong>cinza minimalista<\/strong>, especialmente em tons mais claros e frios, \u00e9 a escolha ideal para o cotidiano. Essa cor traz uma modernidade urbana imediata, sendo perfeita para mulheres que ocupam cargos de lideran\u00e7a em cidades como <strong>S\u00e3o Paulo<\/strong> ou <strong>Nova York<\/strong> e desejam transmitir seriedade e foco atrav\u00e9s dos detalhes.<\/p>\n\n\n\n<p>O cinza funciona como um neutro vers\u00e1til, combinando especialmente bem com joias em prata ou ouro branco, elevando o status do visual para algo mais arquitet\u00f4nico e pensado. A <strong>manicure discreta<\/strong> em tons acinzentados \u00e9 resistente a manchas e disfar\u00e7a pequenos desgastes do dia a dia, mantendo a apar\u00eancia de &#8220;unhas rec\u00e9m-feitas&#8221; por muito mais tempo do que cores vibrantes.<\/p>\n\n\n\n<figure class=\"wp-block-embed is-type-rich is-provider-pinterest wp-block-embed-pinterest\"><div class=\"wp-block-embed__wrapper\">\n<iframe loading=\"lazy\" title=\" \" src=\"https:\/\/assets.pinterest.com\/ext\/embed.html?id=1900024839249986&#038;src=oembed\" height=\"899\" width=\"450\" frameborder=\"0\" scrolling=\"no\" ><\/iframe>\n<\/div><\/figure>\n\n\n\n<h2 class=\"wp-block-heading\">O luxo silencioso do esmalte Off-White<\/h2>\n\n\n\n<p>Diferente do branco corretivo, o <strong>off-white<\/strong> possui um subtom amendoado ou levemente amarelado que confere uma suavidade \u00fanica \u00e0s pontas dos dedos. Essa cor \u00e9 o ep\u00edtome do luxo silencioso, pois sugere uma limpeza visual absoluta e um cuidado minucioso com a pr\u00f3pria apresenta\u00e7\u00e3o, sem a agressividade de tons neon ou cores muito saturadas.<\/p>\n\n\n\n<p>Esta tonalidade \u00e9 amplamente utilizada por celebridades em grandes premia\u00e7\u00f5es para complementar vestidos de alta costura, provando que a simplicidade \u00e9 o \u00faltimo grau da sofistica\u00e7\u00e3o. Utilizar um <strong>esmalte chique<\/strong> nesta paleta ajuda a iluminar as m\u00e3os, conferindo um ar de jovialidade e frescor que \u00e9 extremamente valorizado na est\u00e9tica atual de <strong>sa\u00fade e bem-estar<\/strong>.<\/p>\n\n\n\n<ul class=\"wp-block-list\">\n<li><strong>Durabilidade:<\/strong> Cores claras evidenciam menos o crescimento da unha e pequenas lascas no esmalte.<\/li>\n\n\n\n<li><strong>Versatilidade:<\/strong> Combinam com todos os estilos de roupas, desde o jeans casual at\u00e9 o corte de alfaiataria.<\/li>\n\n\n\n<li><strong>Apar\u00eancia Saud\u00e1vel:<\/strong> Tons transl\u00facidos ajudam a disfar\u00e7ar imperfei\u00e7\u00f5es na placa ungueal de forma natural.<\/li>\n\n\n\n<li><strong>Facilidade de Manuten\u00e7\u00e3o:<\/strong> S\u00e3o cores mais f\u00e1ceis de aplicar em casa, exigindo menos precis\u00e3o absoluta que tons escuros.<\/li>\n<\/ul>\n\n\n\n<figure class=\"wp-block-embed is-type-rich is-provider-pinterest wp-block-embed-pinterest\"><div class=\"wp-block-embed__wrapper\">\n<iframe loading=\"lazy\" title=\" \" src=\"https:\/\/assets.pinterest.com\/ext\/embed.html?id=465278205264174504&#038;src=oembed\" height=\"899\" width=\"450\" frameborder=\"0\" scrolling=\"no\" ><\/iframe>\n<\/div><\/figure>\n\n\n\n<h2 class=\"wp-block-heading\">O toque de classe do cl\u00e1ssico Bege Areia<\/h2>\n\n\n\n<p>O <strong>bege areia<\/strong> \u00e9 a cor de seguran\u00e7a para quem n\u00e3o quer errar nunca, funcionando como um verdadeiro coringa no kit de beleza de qualquer mulher pr\u00e1tica. Por ser uma cor neutra e quente, ela transmite uma sensa\u00e7\u00e3o de acolhimento e equil\u00edbrio, sendo muito recomendada por consultoras de imagem para entrevistas de emprego ou reuni\u00f5es de neg\u00f3cios importantes.<\/p>\n\n\n\n<p>Uma <strong>dica r\u00e1pida<\/strong> para elevar o n\u00edvel desta esmalta\u00e7\u00e3o \u00e9 aplicar uma camada de top coat com brilho intenso, o que confere um aspecto de unha de gel profissional. A simplicidade do bege permite que a aten\u00e7\u00e3o se volte para a textura da pele e o brilho da sa\u00fade, refor\u00e7ando a ideia de que a verdadeira beleza n\u00e3o precisa de artif\u00edcios exagerados para ser notada.<\/p>\n\n\n\n<p>Separamos esse v\u00eddeo do canal da <a href=\"https:\/\/www.youtube.com\/@NatyScalada\" target=\"_blank\" rel=\"noreferrer noopener\">Naty Scalada<\/a> mostrando mais op\u00e7\u00f5es de esmalte na cor nude:<\/p>\n\n\n\n<figure class=\"wp-block-embed is-type-video is-provider-youtube wp-block-embed-youtube wp-embed-aspect-16-9 wp-has-aspect-ratio\"><div class=\"wp-block-embed__wrapper\">\n<div class=\"jeg_video_container jeg_video_content\"><iframe loading=\"lazy\" title=\"MELHORES ESMALTES NUDE\" width=\"500\" height=\"281\" src=\"https:\/\/www.youtube.com\/embed\/bq8AX82WYSU?feature=oembed\" frameborder=\"0\" allow=\"accelerometer; autoplay; clipboard-write; encrypted-media; gyroscope; picture-in-picture; web-share\" referrerpolicy=\"strict-origin-when-cross-origin\" allowfullscreen><\/iframe><\/div>\n<\/div><\/figure>\n\n\n\n<h2 class=\"wp-block-heading\">A delicadeza absoluta do Transparente com Brilho Sutil<\/h2>\n\n\n\n<p>Para as amantes do minimalismo extremo, os esmaltes <strong>transparentes com micropart\u00edculas de brilho<\/strong> ou acabamento perolado suave s\u00e3o a tend\u00eancia absoluta desta temporada. Essa op\u00e7\u00e3o n\u00e3o adiciona cor propriamente dita, mas sim um reflexo de luz que deixa as unhas com aspecto saud\u00e1vel e vitrificado, ideal para quem possui uma rotina muito din\u00e2mica e pouco tempo para manuten\u00e7\u00f5es frequentes.<\/p>\n\n\n\n<p>Esse estilo de unha conversa diretamente com a tend\u00eancia das <strong>&#8220;Clean Girl Nails&#8221;<\/strong>, que valoriza a hidrata\u00e7\u00e3o das cut\u00edculas e o formato natural da unha acima de tudo. Ao adotar esse visual, voc\u00ea escolhe uma est\u00e9tica de baixo esfor\u00e7o e alto impacto, garantindo que suas m\u00e3os estejam sempre apresent\u00e1veis e elegantes, transmitindo uma aura de cuidado pessoal sem esfor\u00e7o aparente.<\/p>\n\n\n\n<h2 class=\"wp-block-heading\">A escolha da cor certa reflete sua identidade pessoal<\/h2>\n\n\n\n<p>Optar por tons discretos n\u00e3o significa abrir m\u00e3o da personalidade, mas sim escolher uma forma de express\u00e3o que prioriza a harmonia e o bom gosto acima das modas passageiras. A <strong>sofistica\u00e7\u00e3o nas unhas<\/strong> \u00e9 um investimento na sua autoconfian\u00e7a, permitindo que voc\u00ea se sinta preparada para qualquer situa\u00e7\u00e3o sem a preocupa\u00e7\u00e3o de estar com um visual datado ou inadequado para o contexto.<\/p>\n\n\n\n<p>Explore essas cinco varia\u00e7\u00f5es de cores para descobrir qual delas melhor se adapta ao seu subtom de pele e ao seu estilo de vida em <strong>2026<\/strong>. Lembre-se que o esmalte \u00e9 o acess\u00f3rio que voc\u00ea nunca tira, e escolher tonalidades chiques e discretas \u00e9 o caminho mais curto para garantir uma imagem elegante, profissional e extremamente feminina em todos os momentos do seu dia.<\/p>\n","protected":false},"excerpt":{"rendered":"<p>A escolha da cor das unhas \u00e9 um dos pilares fundamentais da imagem pessoal, transmitindo mensagens sutis sobre estilo e profissionalismo. Em 2026, a tend\u00eancia do &#8220;quiet luxury&#8221; continua dominando as escolhas est\u00e9ticas, priorizando tons que real\u00e7am a beleza natural das m\u00e3os com um toque de eleg\u00e2ncia atemporal e refinada. O charme atemporal do esmalte [&hellip;]<\/p>\n","protected":false},"author":9,"featured_media":233780,"comment_status":"open","ping_status":"open","sticky":false,"template":"","format":"standard","meta":{"_yoast_wpseo_focuskw":"cores de esmalte","_yoast_wpseo_title":"","_yoast_wpseo_metadesc":"Veja as cores de esmalte que destacam eleg\u00e2ncia e discri\u00e7\u00e3o em 2026 e combinam com qualquer estilo ou ocasi\u00e3o.","jnews-multi-image_gallery":[],"jnews_single_post":{"format":"standard"},"jnews_primary_category":[],"jnews_social_meta":[],"jnews_override_counter":[],"footnotes":""},"categories":[119],"tags":[],"class_list":["post-233358","post","type-post","status-publish","format-standard","has-post-thumbnail","hentry","category-bem-estar"],"yoast_head":"<!-- This site is optimized with the Yoast SEO plugin v24.6 - https:\/\/yoast.com\/wordpress\/plugins\/seo\/ -->\n<title>5 cores de esmalte perfeitas para quem quer unhas com cara de rica e sem exagero - Correio Braziliense - Radar<\/title>\n<meta name=\"description\" content=\"Veja as cores de esmalte que destacam eleg\u00e2ncia e discri\u00e7\u00e3o em 2026 e combinam com qualquer estilo ou ocasi\u00e3o.\" \/>\n<meta name=\"robots\" content=\"index, follow, max-snippet:-1, max-image-preview:large, max-video-preview:-1\" \/>\n<link rel=\"canonical\" href=\"https:\/\/www.correiobraziliense.com.br\/cbradar\/5-cores-de-esmalte-perfeitas-para-quem-quer-unhas-com-cara-de-rica-e-sem-exagero\/\" \/>\n<meta property=\"og:locale\" content=\"pt_BR\" \/>\n<meta property=\"og:type\" content=\"article\" \/>\n<meta property=\"og:title\" content=\"5 cores de esmalte perfeitas para quem quer unhas com cara de rica e sem exagero - Correio Braziliense - Radar\" \/>\n<meta property=\"og:description\" content=\"Veja as cores de esmalte que destacam eleg\u00e2ncia e discri\u00e7\u00e3o em 2026 e combinam com qualquer estilo ou ocasi\u00e3o.\" \/>\n<meta property=\"og:url\" content=\"https:\/\/www.correiobraziliense.com.br\/cbradar\/5-cores-de-esmalte-perfeitas-para-quem-quer-unhas-com-cara-de-rica-e-sem-exagero\/\" \/>\n<meta property=\"og:site_name\" content=\"Correio Braziliense - Radar\" \/>\n<meta property=\"article:published_time\" content=\"2026-04-29T11:05:00+00:00\" \/>\n<meta property=\"og:image\" content=\"https:\/\/www.correiobraziliense.com.br\/cbradar\/wp-content\/uploads\/2026\/04\/Maos_com_unhas_202604281443.jpg\" \/>\n\t<meta property=\"og:image:width\" content=\"1280\" \/>\n\t<meta property=\"og:image:height\" content=\"720\" \/>\n\t<meta property=\"og:image:type\" content=\"image\/jpeg\" \/>\n<meta name=\"author\" content=\"Daniely Cardoso\" \/>\n<meta name=\"twitter:card\" content=\"summary_large_image\" \/>\n<meta name=\"twitter:label1\" content=\"Escrito por\" \/>\n\t<meta name=\"twitter:data1\" content=\"Daniely Cardoso\" \/>\n\t<meta name=\"twitter:label2\" content=\"Est. tempo de leitura\" \/>\n\t<meta name=\"twitter:data2\" content=\"6 minutos\" \/>\n<!-- \/ Yoast SEO plugin. -->","yoast_head_json":{"title":"5 cores de esmalte perfeitas para quem quer unhas com cara de rica e sem exagero - Correio Braziliense - Radar","description":"Veja as cores de esmalte que destacam eleg\u00e2ncia e discri\u00e7\u00e3o em 2026 e combinam com qualquer estilo ou ocasi\u00e3o.","robots":{"index":"index","follow":"follow","max-snippet":"max-snippet:-1","max-image-preview":"max-image-preview:large","max-video-preview":"max-video-preview:-1"},"canonical":"https:\/\/www.correiobraziliense.com.br\/cbradar\/5-cores-de-esmalte-perfeitas-para-quem-quer-unhas-com-cara-de-rica-e-sem-exagero\/","og_locale":"pt_BR","og_type":"article","og_title":"5 cores de esmalte perfeitas para quem quer unhas com cara de rica e sem exagero - Correio Braziliense - Radar","og_description":"Veja as cores de esmalte que destacam eleg\u00e2ncia e discri\u00e7\u00e3o em 2026 e combinam com qualquer estilo ou ocasi\u00e3o.","og_url":"https:\/\/www.correiobraziliense.com.br\/cbradar\/5-cores-de-esmalte-perfeitas-para-quem-quer-unhas-com-cara-de-rica-e-sem-exagero\/","og_site_name":"Correio Braziliense - Radar","article_published_time":"2026-04-29T11:05:00+00:00","og_image":[{"width":1280,"height":720,"url":"https:\/\/www.correiobraziliense.com.br\/cbradar\/wp-content\/uploads\/2026\/04\/Maos_com_unhas_202604281443.jpg","type":"image\/jpeg"}],"author":"Daniely Cardoso","twitter_card":"summary_large_image","twitter_misc":{"Escrito por":"Daniely Cardoso","Est. tempo de leitura":"6 minutos"},"schema":{"@context":"https:\/\/schema.org","@graph":[{"@type":"WebPage","@id":"https:\/\/www.correiobraziliense.com.br\/cbradar\/5-cores-de-esmalte-perfeitas-para-quem-quer-unhas-com-cara-de-rica-e-sem-exagero\/","url":"https:\/\/www.correiobraziliense.com.br\/cbradar\/5-cores-de-esmalte-perfeitas-para-quem-quer-unhas-com-cara-de-rica-e-sem-exagero\/","name":"5 cores de esmalte perfeitas para quem quer unhas com cara de rica e sem exagero - Correio Braziliense - Radar","isPartOf":{"@id":"https:\/\/www.correiobraziliense.com.br\/cbradar\/#website"},"primaryImageOfPage":{"@id":"https:\/\/www.correiobraziliense.com.br\/cbradar\/5-cores-de-esmalte-perfeitas-para-quem-quer-unhas-com-cara-de-rica-e-sem-exagero\/#primaryimage"},"image":{"@id":"https:\/\/www.correiobraziliense.com.br\/cbradar\/5-cores-de-esmalte-perfeitas-para-quem-quer-unhas-com-cara-de-rica-e-sem-exagero\/#primaryimage"},"thumbnailUrl":"https:\/\/www.correiobraziliense.com.br\/cbradar\/wp-content\/uploads\/2026\/04\/Maos_com_unhas_202604281443.jpg","datePublished":"2026-04-29T11:05:00+00:00","author":{"@id":"https:\/\/www.correiobraziliense.com.br\/cbradar\/#\/schema\/person\/7356666e12ec0ee53f348ee5db227032"},"description":"Veja as cores de esmalte que destacam eleg\u00e2ncia e discri\u00e7\u00e3o em 2026 e combinam com qualquer estilo ou ocasi\u00e3o.","breadcrumb":{"@id":"https:\/\/www.correiobraziliense.com.br\/cbradar\/5-cores-de-esmalte-perfeitas-para-quem-quer-unhas-com-cara-de-rica-e-sem-exagero\/#breadcrumb"},"inLanguage":"pt-BR","potentialAction":[{"@type":"ReadAction","target":["https:\/\/www.correiobraziliense.com.br\/cbradar\/5-cores-de-esmalte-perfeitas-para-quem-quer-unhas-com-cara-de-rica-e-sem-exagero\/"]}]},{"@type":"ImageObject","inLanguage":"pt-BR","@id":"https:\/\/www.correiobraziliense.com.br\/cbradar\/5-cores-de-esmalte-perfeitas-para-quem-quer-unhas-com-cara-de-rica-e-sem-exagero\/#primaryimage","url":"https:\/\/www.correiobraziliense.com.br\/cbradar\/wp-content\/uploads\/2026\/04\/Maos_com_unhas_202604281443.jpg","contentUrl":"https:\/\/www.correiobraziliense.com.br\/cbradar\/wp-content\/uploads\/2026\/04\/Maos_com_unhas_202604281443.jpg","width":1280,"height":720,"caption":"Tons neutros costumam transmitir eleg\u00e2ncia e discri\u00e7\u00e3o"},{"@type":"BreadcrumbList","@id":"https:\/\/www.correiobraziliense.com.br\/cbradar\/5-cores-de-esmalte-perfeitas-para-quem-quer-unhas-com-cara-de-rica-e-sem-exagero\/#breadcrumb","itemListElement":[{"@type":"ListItem","position":1,"name":"In\u00edcio","item":"https:\/\/www.correiobraziliense.com.br\/cbradar\/"},{"@type":"ListItem","position":2,"name":"5 cores de esmalte perfeitas para quem quer unhas com cara de rica e sem exagero"}]},{"@type":"WebSite","@id":"https:\/\/www.correiobraziliense.com.br\/cbradar\/#website","url":"https:\/\/www.correiobraziliense.com.br\/cbradar\/","name":"Correio Braziliense - Radar","description":"Acompanhe as \u00faltimas not\u00edcias e fique bem informado sobre tudo o que acontece no Brasil e no mundo.","potentialAction":[{"@type":"SearchAction","target":{"@type":"EntryPoint","urlTemplate":"https:\/\/www.correiobraziliense.com.br\/cbradar\/?s={search_term_string}"},"query-input":{"@type":"PropertyValueSpecification","valueRequired":true,"valueName":"search_term_string"}}],"inLanguage":"pt-BR"},{"@type":"Person","@id":"https:\/\/www.correiobraziliense.com.br\/cbradar\/#\/schema\/person\/7356666e12ec0ee53f348ee5db227032","name":"Daniely Cardoso","image":{"@type":"ImageObject","inLanguage":"pt-BR","@id":"https:\/\/www.correiobraziliense.com.br\/cbradar\/#\/schema\/person\/image\/","url":"https:\/\/secure.gravatar.com\/avatar\/4b80ddbd124d1f071b626d52d62e5dff?s=96&d=mm&r=g","contentUrl":"https:\/\/secure.gravatar.com\/avatar\/4b80ddbd124d1f071b626d52d62e5dff?s=96&d=mm&r=g","caption":"Daniely Cardoso"},"description":"Redatora nos portais CB Radar e EM Foco, formada pela Universidade Federal de Goi\u00e1s, em Goi\u00e2nia. Apaixonada por comunica\u00e7\u00e3o, arte, decora\u00e7\u00e3o e tend\u00eancias, atuo na produ\u00e7\u00e3o de conte\u00fados envolventes sobre curiosidades, moda, beleza e paisagismo, sempre com um olhar atento \u00e0s novidades do momento.","sameAs":["https:\/\/www.correiobraziliense.com.br\/cbradar"],"url":"https:\/\/www.correiobraziliense.com.br\/cbradar\/author\/danielymyth\/"}]}},"_links":{"self":[{"href":"https:\/\/www.correiobraziliense.com.br\/cbradar\/wp-json\/wp\/v2\/posts\/233358","targetHints":{"allow":["GET"]}}],"collection":[{"href":"https:\/\/www.correiobraziliense.com.br\/cbradar\/wp-json\/wp\/v2\/posts"}],"about":[{"href":"https:\/\/www.correiobraziliense.com.br\/cbradar\/wp-json\/wp\/v2\/types\/post"}],"author":[{"embeddable":true,"href":"https:\/\/www.correiobraziliense.com.br\/cbradar\/wp-json\/wp\/v2\/users\/9"}],"replies":[{"embeddable":true,"href":"https:\/\/www.correiobraziliense.com.br\/cbradar\/wp-json\/wp\/v2\/comments?post=233358"}],"version-history":[{"count":1,"href":"https:\/\/www.correiobraziliense.com.br\/cbradar\/wp-json\/wp\/v2\/posts\/233358\/revisions"}],"predecessor-version":[{"id":233361,"href":"https:\/\/www.correiobraziliense.com.br\/cbradar\/wp-json\/wp\/v2\/posts\/233358\/revisions\/233361"}],"wp:featuredmedia":[{"embeddable":true,"href":"https:\/\/www.correiobraziliense.com.br\/cbradar\/wp-json\/wp\/v2\/media\/233780"}],"wp:attachment":[{"href":"https:\/\/www.correiobraziliense.com.br\/cbradar\/wp-json\/wp\/v2\/media?parent=233358"}],"wp:term":[{"taxonomy":"category","embeddable":true,"href":"https:\/\/www.correiobraziliense.com.br\/cbradar\/wp-json\/wp\/v2\/categories?post=233358"},{"taxonomy":"post_tag","embeddable":true,"href":"https:\/\/www.correiobraziliense.com.br\/cbradar\/wp-json\/wp\/v2\/tags?post=233358"}],"curies":[{"name":"wp","href":"https:\/\/api.w.org\/{rel}","templated":true}]}}