{"id":233363,"date":"2026-04-29T09:25:00","date_gmt":"2026-04-29T12:25:00","guid":{"rendered":"https:\/\/www.correiobraziliense.com.br\/cbradar\/?p=233363"},"modified":"2026-04-28T14:47:45","modified_gmt":"2026-04-28T17:47:45","slug":"presentes-de-dia-das-maes-opcoes-de-autocuidado-para-maes-que-vivem-na-correria-e-quase-nunca-param-para-si","status":"publish","type":"post","link":"https:\/\/www.correiobraziliense.com.br\/cbradar\/presentes-de-dia-das-maes-opcoes-de-autocuidado-para-maes-que-vivem-na-correria-e-quase-nunca-param-para-si\/","title":{"rendered":"Presentes de Dia das M\u00e3es: op\u00e7\u00f5es de autocuidado para m\u00e3es que vivem na correria e quase nunca param para si"},"content":{"rendered":"\n<p>Escolher o item ideal para celebrar o <strong>Dia das M\u00e3es<\/strong> exige sensibilidade para entender qual ritual de cuidado mais combina com a rotina dela. A busca pelo equil\u00edbrio entre <strong>autoestima e relaxamento<\/strong> domina as tend\u00eancias atuais, oferecendo caminhos que v\u00e3o muito al\u00e9m do b\u00e1sico em perfumaria e cosm\u00e9ticos.<\/p>\n\n\n\n<h2 class=\"wp-block-heading\">Como escolher o kit de cuidados ideal para cada perfil<\/h2>\n\n\n\n<p>Identificar as necessidades da pele e os h\u00e1bitos di\u00e1rios \u00e9 o primeiro passo para acertar na escolha do <strong>presente de beleza<\/strong> perfeito neste ano. Marcas como <strong>Natura<\/strong> e <strong>O Botic\u00e1rio<\/strong> oferecem varia\u00e7\u00f5es que atendem desde quem busca praticidade at\u00e9 quem n\u00e3o abre m\u00e3o de protocolos complexos de <em>skincare<\/em>.<\/p>\n\n\n\n<p>O foco deve estar na funcionalidade dos ativos, priorizando f\u00f3rmulas que promovam hidrata\u00e7\u00e3o profunda ou revitaliza\u00e7\u00e3o imediata para as m\u00e3os e o rosto. Ao selecionar produtos de marcas renomadas no <strong>Brasil<\/strong>, voc\u00ea garante qualidade tecnol\u00f3gica e fragr\u00e2ncias desenvolvidas especificamente para o clima tropical.<\/p>\n\n\n<div class=\"wp-block-image\">\n<figure class=\"aligncenter size-full\"><img decoding=\"async\" width=\"1280\" height=\"720\" src=\"https:\/\/www.correiobraziliense.com.br\/cbradar\/wp-content\/uploads\/2026\/04\/presente-para-o-dia-das-maes.jpg\" alt=\"\" class=\"wp-image-233365\" srcset=\"https:\/\/www.correiobraziliense.com.br\/cbradar\/wp-content\/uploads\/2026\/04\/presente-para-o-dia-das-maes.jpg 1280w, https:\/\/www.correiobraziliense.com.br\/cbradar\/wp-content\/uploads\/2026\/04\/presente-para-o-dia-das-maes-300x169.jpg 300w, https:\/\/www.correiobraziliense.com.br\/cbradar\/wp-content\/uploads\/2026\/04\/presente-para-o-dia-das-maes-768x432.jpg 768w, https:\/\/www.correiobraziliense.com.br\/cbradar\/wp-content\/uploads\/2026\/04\/presente-para-o-dia-das-maes-750x422.jpg 750w, https:\/\/www.correiobraziliense.com.br\/cbradar\/wp-content\/uploads\/2026\/04\/presente-para-o-dia-das-maes-1140x641.jpg 1140w\" sizes=\"(max-width: 1280px) 100vw, 1280px\" \/><figcaption class=\"wp-element-caption\">Identificar as necessidades da pele e os h\u00e1bitos di\u00e1rios \u00e9 o primeiro passo para acertar na escolha do presente de beleza perfeito neste ano<\/figcaption><\/figure><\/div>\n\n\n<h2 class=\"wp-block-heading\">Tratamentos de bem-estar transformam a rotina em casa<\/h2>\n\n\n\n<p>Proporcionar uma experi\u00eancia de <em>spa day<\/em> dom\u00e9stico \u00e9 uma tend\u00eancia forte para o <strong>Dia das M\u00e3es<\/strong>, focando em texturas sensoriais e aromas terap\u00eauticos. \u00d3leos essenciais e velas arom\u00e1ticas da <strong>L&#8217;Occitane<\/strong> elevam o momento do banho, transformando um h\u00e1bito comum em um verdadeiro ref\u00fagio de paz mental.<\/p>\n\n\n\n<p>Apostar em acess\u00f3rios de massagem facial, como rolos de quartzo ou pedras <em>gua sha<\/em>, complementa o uso de s\u00e9runs nutritivos e m\u00e1scaras de argila. Esses itens estimulam a circula\u00e7\u00e3o sangu\u00ednea e oferecem um resultado visual de descanso, algo valioso para mulheres que enfrentam jornadas duplas exaustivas em grandes centros como <strong>S\u00e3o Paulo<\/strong> ou <strong>Rio de Janeiro<\/strong>.<\/p>\n\n\n\n<h2 class=\"wp-block-heading\">Sugest\u00f5es de itens indispens\u00e1veis para montar o presente<\/h2>\n\n\n\n<p>Se a ideia \u00e9 montar uma cesta personalizada, a variedade de texturas e benef\u00edcios ajuda a criar um cronograma completo de <strong>cuidados pessoais<\/strong>. Abaixo, listamos os elementos que costumam agradar diferentes estilos de m\u00e3es, garantindo que o presente seja \u00fatil e sofisticado ao mesmo tempo:<\/p>\n\n\n\n<link href=\"https:\/\/fonts.googleapis.com\/css2?family=Inter:wght@400;600;700;800&#038;display=swap\" rel=\"stylesheet\">\n<style>\n\/* Prote\u00e7\u00e3o contra inje\u00e7\u00e3o do \"Veja Tamb\u00e9m\" (JNews inline related posts) *\/\n.rdp-pontos-wrapper .jnews_inline_related_post_wrapper,\n.rdp-pontos-wrapper .jnews_inline_related_post,\n.rdp-pontos-wrapper .jeg_postblock,\n.rdp-pontos-wrapper [class*=\"jnews_inline\"],\n.rdp-pontos-wrapper [class*=\"jeg_postblock\"],\n.rdp-pontos-wrapper [class*=\"jeg_block\"] {\n  display: none !important;\n  height: 0 !important;\n  max-height: 0 !important;\n  overflow: hidden !important;\n  visibility: hidden !important;\n  margin: 0 !important;\n  padding: 0 !important;\n  border: none !important;\n  font-size: 0 !important;\n  line-height: 0 !important;\n}\n.rdp-pontos-wrapper {\n  max-width: 100%;\n  margin: 32px 0;\n  background: #F8F9FA;\n  border: 1px solid #E0E0E0;\n  border-radius: 12px;\n  padding: 28px 28px 20px;\n  font-family: 'Inter', sans-serif;\n  box-shadow: 0 4px 20px rgba(47,195,238,0.12);\n  overflow: hidden;\n  contain: layout style;\n  isolation: isolate;\n  position: relative;\n  z-index: 1;\n}\n.rdp-pontos-wrapper > *:not(.rdp-pontos-title):not(.rdp-pontos-grid) {\n  display: none !important;\n  height: 0 !important;\n  overflow: hidden !important;\n  margin: 0 !important;\n  padding: 0 !important;\n  border: none !important;\n}\n.rdp-pontos-title {\n  font-family: 'Inter', sans-serif;\n  font-size: 20px;\n  font-weight: 800;\n  color: #1A1A1A;\n  margin: 0 0 20px 0;\n  line-height: 1.3;\n  text-align: center;\n}\n.rdp-pontos-grid {\n  display: grid;\n  grid-template-columns: repeat(2, 1fr);\n  gap: 18px;\n}\n.rdp-pontos-item {\n  background: #FFFFFF;\n  border: 1px solid #E0E0E0;\n  border-top: 3px solid #2FC3EE;\n  border-radius: 10px;\n  padding: 22px 20px;\n  box-shadow: 0 2px 10px rgba(47,195,238,0.10);\n  transition: box-shadow 0.3s ease, border-color 0.3s ease;\n  text-align: center;\n}\n.rdp-pontos-item:hover {\n  box-shadow: 0 4px 20px rgba(47,195,238,0.22);\n  border-color: #2FC3EE;\n}\n.rdp-pontos-emoji {\n  font-size: 32px;\n  line-height: 1;\n  margin-bottom: 12px;\n  display: block;\n  text-align: center;\n}\n.rdp-pontos-item-title {\n  font-size: 15px;\n  font-weight: 700;\n  color: #1A1A1A;\n  margin-bottom: 8px;\n  line-height: 1.3;\n}\n.rdp-pontos-item-desc {\n  font-size: 14px;\n  color: #333333;\n  line-height: 1.6;\n  margin: 0;\n}\n@media (max-width: 768px) {\n  .rdp-pontos-wrapper {\n    padding: 20px 16px 14px;\n  }\n  .rdp-pontos-grid {\n    grid-template-columns: 1fr;\n    gap: 14px;\n  }\n  .rdp-pontos-title {\n    font-size: 18px;\n  }\n}\n<\/style>\n\n<div class=\"rdp-pontos-wrapper\">\n  <div class=\"rdp-pontos-title\">Essenciais de Autocuidado e Bem-Estar<\/div>\n  <div class=\"rdp-pontos-grid\">\n    <div class=\"rdp-pontos-item\">\n      <span class=\"rdp-pontos-emoji\">\u2728<\/span>\n      <div class=\"rdp-pontos-item-title\">S\u00e9runs Faciais<\/div>\n      <p class=\"rdp-pontos-item-desc\">Formulados com vitamina C para iluminar a pele e combater a a\u00e7\u00e3o dos radicais livres.<\/p>\n    <\/div>\n    <div class=\"rdp-pontos-item\">\n      <span class=\"rdp-pontos-emoji\">\ud83c\udf3f<\/span>\n      <div class=\"rdp-pontos-item-title\">Hidratantes Corporais<\/div>\n      <p class=\"rdp-pontos-item-desc\">Com fragr\u00e2ncias de baunilha ou lavanda, ideais para promover o relaxamento noturno.<\/p>\n    <\/div>\n    <div class=\"rdp-pontos-item\">\n      <span class=\"rdp-pontos-emoji\">\ud83c\udfa8<\/span>\n      <div class=\"rdp-pontos-item-title\">Paletas de Maquiagem<\/div>\n      <p class=\"rdp-pontos-item-desc\">Tons neutros que facilitam a transi\u00e7\u00e3o do visual de trabalho para eventos sociais.<\/p>\n    <\/div>\n    <div class=\"rdp-pontos-item\">\n      <span class=\"rdp-pontos-emoji\">\ud83d\udc87<\/span>\n      <div class=\"rdp-pontos-item-title\">Cronograma Capilar<\/div>\n      <p class=\"rdp-pontos-item-desc\">Kits focados em nutri\u00e7\u00e3o e reconstru\u00e7\u00e3o profunda para a sa\u00fade dos fios.<\/p>\n    <\/div>\n    <div class=\"rdp-pontos-item\" style=\"grid-column: span 2;\">\n      <span class=\"rdp-pontos-emoji\">\ud83c\udf2c\ufe0f<\/span>\n      <div class=\"rdp-pontos-item-title\">Difusores de Ambiente<\/div>\n      <p class=\"rdp-pontos-item-desc\">Utilizam tecnologia ultrass\u00f4nica para dispersar \u00f3leos puros e transformar a atmosfera da casa.<\/p>\n    <\/div>\n  <\/div>\n<\/div>\n<div style=\"clear:both;height:0;overflow:hidden;\"><\/div>\n\n\n\n<p>Pense na ordem de aplica\u00e7\u00e3o dos produtos para orientar sua m\u00e3e sobre como aproveitar ao m\u00e1ximo cada frasco, criando um momento de conex\u00e3o entre voc\u00eas. Integrar um bilhete escrito \u00e0 m\u00e3o com as propriedades de cada item refor\u00e7a o carinho e o esfor\u00e7o dedicado na escolha de cada detalhe.<\/p>\n\n\n\n<h2 class=\"wp-block-heading\">Tend\u00eancias de perfumaria fina para surpreender no domingo<\/h2>\n\n\n\n<p>A <strong>perfumaria nacional<\/strong> e importada vive um momento de sofistica\u00e7\u00e3o, com notas olfativas que misturam frescor floral e intensas bases amadeiradas. Fragr\u00e2ncias que trazem notas de \u00edris ou s\u00e2ndalo s\u00e3o escolhas seguras para quem deseja transmitir eleg\u00e2ncia e presen\u00e7a marcante em qualquer ocasi\u00e3o.<\/p>\n\n\n\n<p>Verifique se o perfume escolhido possui uma boa fixa\u00e7\u00e3o, optando por vers\u00f5es <em>Eau de Parfum<\/em> se o objetivo for uma durabilidade superior ao longo do dia. Muitas lojas no <strong>Brasil<\/strong> oferecem amostras gr\u00e1tis, permitindo que ela teste a evolu\u00e7\u00e3o da fragr\u00e2ncia na pele antes de abrir a embalagem principal do presente.<\/p>\n\n\n<div class=\"wp-block-image\">\n<figure class=\"aligncenter size-full\"><img decoding=\"async\" width=\"1280\" height=\"720\" src=\"https:\/\/www.correiobraziliense.com.br\/cbradar\/wp-content\/uploads\/2026\/03\/perfumes-da-Eudora-que-unem-sofisticacao.jpg\" alt=\"\" class=\"wp-image-216242\" srcset=\"https:\/\/www.correiobraziliense.com.br\/cbradar\/wp-content\/uploads\/2026\/03\/perfumes-da-Eudora-que-unem-sofisticacao.jpg 1280w, https:\/\/www.correiobraziliense.com.br\/cbradar\/wp-content\/uploads\/2026\/03\/perfumes-da-Eudora-que-unem-sofisticacao-300x169.jpg 300w, https:\/\/www.correiobraziliense.com.br\/cbradar\/wp-content\/uploads\/2026\/03\/perfumes-da-Eudora-que-unem-sofisticacao-768x432.jpg 768w, https:\/\/www.correiobraziliense.com.br\/cbradar\/wp-content\/uploads\/2026\/03\/perfumes-da-Eudora-que-unem-sofisticacao-750x422.jpg 750w, https:\/\/www.correiobraziliense.com.br\/cbradar\/wp-content\/uploads\/2026\/03\/perfumes-da-Eudora-que-unem-sofisticacao-1140x641.jpg 1140w\" sizes=\"(max-width: 1280px) 100vw, 1280px\" \/><figcaption class=\"wp-element-caption\">Quando se fala em perfumes sofisticados da Eudora, entram em cena composi\u00e7\u00f5es mais elaboradas,<\/figcaption><\/figure><\/div>\n\n\n<h2 class=\"wp-block-heading\">Investir em autocuidado \u00e9 fortalecer la\u00e7os de carinho<\/h2>\n\n\n\n<p>Presentear com itens de <strong>higiene e beleza<\/strong> \u00e9 uma forma direta de dizer que a sa\u00fade e o conforto dela s\u00e3o prioridades absolutas. Quando uma m\u00e3e dedica tempo para si, ela renova as energias necess\u00e1rias para continuar desempenhando seus m\u00faltiplos pap\u00e9is com mais leveza e disposi\u00e7\u00e3o f\u00edsica.<\/p>\n\n\n\n<p>O gesto de cuidado transcende o valor material do objeto, tornando-se uma mem\u00f3ria afetiva que ser\u00e1 recordada a cada vez que ela sentir o aroma escolhido. Aproveite as condi\u00e7\u00f5es especiais de frete e parcelamento oferecidas pelas grandes redes para garantir que o pacote chegue com anteced\u00eancia e seguran\u00e7a.<\/p>\n","protected":false},"excerpt":{"rendered":"<p>Escolher o item ideal para celebrar o Dia das M\u00e3es exige sensibilidade para entender qual ritual de cuidado mais combina com a rotina dela. A busca pelo equil\u00edbrio entre autoestima e relaxamento domina as tend\u00eancias atuais, oferecendo caminhos que v\u00e3o muito al\u00e9m do b\u00e1sico em perfumaria e cosm\u00e9ticos. Como escolher o kit de cuidados ideal [&hellip;]<\/p>\n","protected":false},"author":9,"featured_media":233778,"comment_status":"open","ping_status":"open","sticky":false,"template":"","format":"standard","meta":{"_yoast_wpseo_focuskw":"presente de dia das m\u00e3es","_yoast_wpseo_title":"","_yoast_wpseo_metadesc":"Veja ideias de presentes de beleza e autocuidado que unem sofistica\u00e7\u00e3o, bem-estar e carinho para surpreender no Dia das M\u00e3es.","jnews-multi-image_gallery":[],"jnews_single_post":{"format":"standard"},"jnews_primary_category":[],"jnews_social_meta":[],"jnews_override_counter":[],"footnotes":""},"categories":[124],"tags":[],"class_list":["post-233363","post","type-post","status-publish","format-standard","has-post-thumbnail","hentry","category-beleza"],"yoast_head":"<!-- This site is optimized with the Yoast SEO plugin v24.6 - https:\/\/yoast.com\/wordpress\/plugins\/seo\/ -->\n<title>Presentes de Dia das M\u00e3es: op\u00e7\u00f5es de autocuidado para m\u00e3es que vivem na correria e quase nunca param para si - Correio Braziliense - Radar<\/title>\n<meta name=\"description\" content=\"Veja ideias de presentes de beleza e autocuidado que unem sofistica\u00e7\u00e3o, bem-estar e carinho para surpreender no Dia das M\u00e3es.\" \/>\n<meta name=\"robots\" content=\"index, follow, max-snippet:-1, max-image-preview:large, max-video-preview:-1\" \/>\n<link rel=\"canonical\" href=\"https:\/\/www.correiobraziliense.com.br\/cbradar\/presentes-de-dia-das-maes-opcoes-de-autocuidado-para-maes-que-vivem-na-correria-e-quase-nunca-param-para-si\/\" \/>\n<meta property=\"og:locale\" content=\"pt_BR\" \/>\n<meta property=\"og:type\" content=\"article\" \/>\n<meta property=\"og:title\" content=\"Presentes de Dia das M\u00e3es: op\u00e7\u00f5es de autocuidado para m\u00e3es que vivem na correria e quase nunca param para si - Correio Braziliense - Radar\" \/>\n<meta property=\"og:description\" content=\"Veja ideias de presentes de beleza e autocuidado que unem sofistica\u00e7\u00e3o, bem-estar e carinho para surpreender no Dia das M\u00e3es.\" \/>\n<meta property=\"og:url\" content=\"https:\/\/www.correiobraziliense.com.br\/cbradar\/presentes-de-dia-das-maes-opcoes-de-autocuidado-para-maes-que-vivem-na-correria-e-quase-nunca-param-para-si\/\" \/>\n<meta property=\"og:site_name\" content=\"Correio Braziliense - Radar\" \/>\n<meta property=\"article:published_time\" content=\"2026-04-29T12:25:00+00:00\" \/>\n<meta property=\"og:image\" content=\"https:\/\/www.correiobraziliense.com.br\/cbradar\/wp-content\/uploads\/2026\/04\/Filhos_entregando_presente_202604281440.jpg\" \/>\n\t<meta property=\"og:image:width\" content=\"1280\" \/>\n\t<meta property=\"og:image:height\" content=\"720\" \/>\n\t<meta property=\"og:image:type\" content=\"image\/jpeg\" \/>\n<meta name=\"author\" content=\"Daniely Cardoso\" \/>\n<meta name=\"twitter:card\" content=\"summary_large_image\" \/>\n<meta name=\"twitter:label1\" content=\"Escrito por\" \/>\n\t<meta name=\"twitter:data1\" content=\"Daniely Cardoso\" \/>\n\t<meta name=\"twitter:label2\" content=\"Est. tempo de leitura\" \/>\n\t<meta name=\"twitter:data2\" content=\"5 minutos\" \/>\n<!-- \/ Yoast SEO plugin. -->","yoast_head_json":{"title":"Presentes de Dia das M\u00e3es: op\u00e7\u00f5es de autocuidado para m\u00e3es que vivem na correria e quase nunca param para si - Correio Braziliense - Radar","description":"Veja ideias de presentes de beleza e autocuidado que unem sofistica\u00e7\u00e3o, bem-estar e carinho para surpreender no Dia das M\u00e3es.","robots":{"index":"index","follow":"follow","max-snippet":"max-snippet:-1","max-image-preview":"max-image-preview:large","max-video-preview":"max-video-preview:-1"},"canonical":"https:\/\/www.correiobraziliense.com.br\/cbradar\/presentes-de-dia-das-maes-opcoes-de-autocuidado-para-maes-que-vivem-na-correria-e-quase-nunca-param-para-si\/","og_locale":"pt_BR","og_type":"article","og_title":"Presentes de Dia das M\u00e3es: op\u00e7\u00f5es de autocuidado para m\u00e3es que vivem na correria e quase nunca param para si - Correio Braziliense - Radar","og_description":"Veja ideias de presentes de beleza e autocuidado que unem sofistica\u00e7\u00e3o, bem-estar e carinho para surpreender no Dia das M\u00e3es.","og_url":"https:\/\/www.correiobraziliense.com.br\/cbradar\/presentes-de-dia-das-maes-opcoes-de-autocuidado-para-maes-que-vivem-na-correria-e-quase-nunca-param-para-si\/","og_site_name":"Correio Braziliense - Radar","article_published_time":"2026-04-29T12:25:00+00:00","og_image":[{"width":1280,"height":720,"url":"https:\/\/www.correiobraziliense.com.br\/cbradar\/wp-content\/uploads\/2026\/04\/Filhos_entregando_presente_202604281440.jpg","type":"image\/jpeg"}],"author":"Daniely Cardoso","twitter_card":"summary_large_image","twitter_misc":{"Escrito por":"Daniely Cardoso","Est. tempo de leitura":"5 minutos"},"schema":{"@context":"https:\/\/schema.org","@graph":[{"@type":"WebPage","@id":"https:\/\/www.correiobraziliense.com.br\/cbradar\/presentes-de-dia-das-maes-opcoes-de-autocuidado-para-maes-que-vivem-na-correria-e-quase-nunca-param-para-si\/","url":"https:\/\/www.correiobraziliense.com.br\/cbradar\/presentes-de-dia-das-maes-opcoes-de-autocuidado-para-maes-que-vivem-na-correria-e-quase-nunca-param-para-si\/","name":"Presentes de Dia das M\u00e3es: op\u00e7\u00f5es de autocuidado para m\u00e3es que vivem na correria e quase nunca param para si - Correio Braziliense - Radar","isPartOf":{"@id":"https:\/\/www.correiobraziliense.com.br\/cbradar\/#website"},"primaryImageOfPage":{"@id":"https:\/\/www.correiobraziliense.com.br\/cbradar\/presentes-de-dia-das-maes-opcoes-de-autocuidado-para-maes-que-vivem-na-correria-e-quase-nunca-param-para-si\/#primaryimage"},"image":{"@id":"https:\/\/www.correiobraziliense.com.br\/cbradar\/presentes-de-dia-das-maes-opcoes-de-autocuidado-para-maes-que-vivem-na-correria-e-quase-nunca-param-para-si\/#primaryimage"},"thumbnailUrl":"https:\/\/www.correiobraziliense.com.br\/cbradar\/wp-content\/uploads\/2026\/04\/Filhos_entregando_presente_202604281440.jpg","datePublished":"2026-04-29T12:25:00+00:00","author":{"@id":"https:\/\/www.correiobraziliense.com.br\/cbradar\/#\/schema\/person\/7356666e12ec0ee53f348ee5db227032"},"description":"Veja ideias de presentes de beleza e autocuidado que unem sofistica\u00e7\u00e3o, bem-estar e carinho para surpreender no Dia das M\u00e3es.","breadcrumb":{"@id":"https:\/\/www.correiobraziliense.com.br\/cbradar\/presentes-de-dia-das-maes-opcoes-de-autocuidado-para-maes-que-vivem-na-correria-e-quase-nunca-param-para-si\/#breadcrumb"},"inLanguage":"pt-BR","potentialAction":[{"@type":"ReadAction","target":["https:\/\/www.correiobraziliense.com.br\/cbradar\/presentes-de-dia-das-maes-opcoes-de-autocuidado-para-maes-que-vivem-na-correria-e-quase-nunca-param-para-si\/"]}]},{"@type":"ImageObject","inLanguage":"pt-BR","@id":"https:\/\/www.correiobraziliense.com.br\/cbradar\/presentes-de-dia-das-maes-opcoes-de-autocuidado-para-maes-que-vivem-na-correria-e-quase-nunca-param-para-si\/#primaryimage","url":"https:\/\/www.correiobraziliense.com.br\/cbradar\/wp-content\/uploads\/2026\/04\/Filhos_entregando_presente_202604281440.jpg","contentUrl":"https:\/\/www.correiobraziliense.com.br\/cbradar\/wp-content\/uploads\/2026\/04\/Filhos_entregando_presente_202604281440.jpg","width":1280,"height":720,"caption":"Produtos de autocuidado ajudam m\u00e3es a criarem pausas na rotina corrida"},{"@type":"BreadcrumbList","@id":"https:\/\/www.correiobraziliense.com.br\/cbradar\/presentes-de-dia-das-maes-opcoes-de-autocuidado-para-maes-que-vivem-na-correria-e-quase-nunca-param-para-si\/#breadcrumb","itemListElement":[{"@type":"ListItem","position":1,"name":"In\u00edcio","item":"https:\/\/www.correiobraziliense.com.br\/cbradar\/"},{"@type":"ListItem","position":2,"name":"Presentes de Dia das M\u00e3es: op\u00e7\u00f5es de autocuidado para m\u00e3es que vivem na correria e quase nunca param para si"}]},{"@type":"WebSite","@id":"https:\/\/www.correiobraziliense.com.br\/cbradar\/#website","url":"https:\/\/www.correiobraziliense.com.br\/cbradar\/","name":"Correio Braziliense - Radar","description":"Acompanhe as \u00faltimas not\u00edcias e fique bem informado sobre tudo o que acontece no Brasil e no mundo.","potentialAction":[{"@type":"SearchAction","target":{"@type":"EntryPoint","urlTemplate":"https:\/\/www.correiobraziliense.com.br\/cbradar\/?s={search_term_string}"},"query-input":{"@type":"PropertyValueSpecification","valueRequired":true,"valueName":"search_term_string"}}],"inLanguage":"pt-BR"},{"@type":"Person","@id":"https:\/\/www.correiobraziliense.com.br\/cbradar\/#\/schema\/person\/7356666e12ec0ee53f348ee5db227032","name":"Daniely Cardoso","image":{"@type":"ImageObject","inLanguage":"pt-BR","@id":"https:\/\/www.correiobraziliense.com.br\/cbradar\/#\/schema\/person\/image\/","url":"https:\/\/secure.gravatar.com\/avatar\/4b80ddbd124d1f071b626d52d62e5dff?s=96&d=mm&r=g","contentUrl":"https:\/\/secure.gravatar.com\/avatar\/4b80ddbd124d1f071b626d52d62e5dff?s=96&d=mm&r=g","caption":"Daniely Cardoso"},"description":"Redatora nos portais CB Radar e EM Foco, formada pela Universidade Federal de Goi\u00e1s, em Goi\u00e2nia. Apaixonada por comunica\u00e7\u00e3o, arte, decora\u00e7\u00e3o e tend\u00eancias, atuo na produ\u00e7\u00e3o de conte\u00fados envolventes sobre curiosidades, moda, beleza e paisagismo, sempre com um olhar atento \u00e0s novidades do momento.","sameAs":["https:\/\/www.correiobraziliense.com.br\/cbradar"],"url":"https:\/\/www.correiobraziliense.com.br\/cbradar\/author\/danielymyth\/"}]}},"_links":{"self":[{"href":"https:\/\/www.correiobraziliense.com.br\/cbradar\/wp-json\/wp\/v2\/posts\/233363","targetHints":{"allow":["GET"]}}],"collection":[{"href":"https:\/\/www.correiobraziliense.com.br\/cbradar\/wp-json\/wp\/v2\/posts"}],"about":[{"href":"https:\/\/www.correiobraziliense.com.br\/cbradar\/wp-json\/wp\/v2\/types\/post"}],"author":[{"embeddable":true,"href":"https:\/\/www.correiobraziliense.com.br\/cbradar\/wp-json\/wp\/v2\/users\/9"}],"replies":[{"embeddable":true,"href":"https:\/\/www.correiobraziliense.com.br\/cbradar\/wp-json\/wp\/v2\/comments?post=233363"}],"version-history":[{"count":1,"href":"https:\/\/www.correiobraziliense.com.br\/cbradar\/wp-json\/wp\/v2\/posts\/233363\/revisions"}],"predecessor-version":[{"id":233368,"href":"https:\/\/www.correiobraziliense.com.br\/cbradar\/wp-json\/wp\/v2\/posts\/233363\/revisions\/233368"}],"wp:featuredmedia":[{"embeddable":true,"href":"https:\/\/www.correiobraziliense.com.br\/cbradar\/wp-json\/wp\/v2\/media\/233778"}],"wp:attachment":[{"href":"https:\/\/www.correiobraziliense.com.br\/cbradar\/wp-json\/wp\/v2\/media?parent=233363"}],"wp:term":[{"taxonomy":"category","embeddable":true,"href":"https:\/\/www.correiobraziliense.com.br\/cbradar\/wp-json\/wp\/v2\/categories?post=233363"},{"taxonomy":"post_tag","embeddable":true,"href":"https:\/\/www.correiobraziliense.com.br\/cbradar\/wp-json\/wp\/v2\/tags?post=233363"}],"curies":[{"name":"wp","href":"https:\/\/api.w.org\/{rel}","templated":true}]}}