{"id":233364,"date":"2026-04-29T10:15:00","date_gmt":"2026-04-29T13:15:00","guid":{"rendered":"https:\/\/www.correiobraziliense.com.br\/cbradar\/?p=233364"},"modified":"2026-04-28T16:24:22","modified_gmt":"2026-04-28T19:24:22","slug":"por-que-arquitetos-estao-usando-telhados-brancos-e-refletivos-para-diminuir-a-temperatura-da-casa-sem-ar-condicionado","status":"publish","type":"post","link":"https:\/\/www.correiobraziliense.com.br\/cbradar\/por-que-arquitetos-estao-usando-telhados-brancos-e-refletivos-para-diminuir-a-temperatura-da-casa-sem-ar-condicionado\/","title":{"rendered":"Por que arquitetos est\u00e3o usando telhados brancos e refletivos para diminuir a temperatura da casa sem ar-condicionado"},"content":{"rendered":"\n<p>A prova de que <strong>telhados brancos reduzem calor<\/strong> est\u00e1 na f\u00edsica: uma casa chega aos <strong>60 graus Celsius<\/strong> facilmente \u00e0 tarde. Essas estruturas agem como refletores maci\u00e7os que devolvem a radia\u00e7\u00e3o para a atmosfera antes de assar as pessoas dentro dos c\u00f4modos.<\/p>\n\n\n\n<h2 class=\"wp-block-heading\">Como a f\u00edsica explica a absor\u00e7\u00e3o de luz na cobertura?<\/h2>\n\n\n\n<p>Cores escuras capturam quase toda a luminosidade que recebem. Quando os raios atingem a telha convencional, essa energia se converte em calor imediatamente, aquecendo o material de maneira agressiva. Todo esse ac\u00famulo desce em dire\u00e7\u00e3o ao <strong>forro<\/strong> e compromete o conforto interno.<\/p>\n\n\n\n<p>As <strong>superf\u00edcies claras<\/strong> operam no sentido oposto. A pigmenta\u00e7\u00e3o pura reflete boa parte da incid\u00eancia solar, evitando o aquecimento estrutural agudo. A sua casa respira melhor sem aquela placa fervente pressionando o teto ao longo de todo o per\u00edodo diurno.<\/p>\n\n\n<div class=\"wp-block-image\">\n<figure class=\"aligncenter size-full\"><img decoding=\"async\" width=\"1280\" height=\"720\" src=\"https:\/\/www.correiobraziliense.com.br\/cbradar\/wp-content\/uploads\/2026\/04\/IMAGEM_720p_1777346814668.jpg\" alt=\"Os mecanismos f\u00edsicos e vantagens econ\u00f4micas das coberturas refletivas no combate ao calor interno\" class=\"wp-image-233367\" srcset=\"https:\/\/www.correiobraziliense.com.br\/cbradar\/wp-content\/uploads\/2026\/04\/IMAGEM_720p_1777346814668.jpg 1280w, https:\/\/www.correiobraziliense.com.br\/cbradar\/wp-content\/uploads\/2026\/04\/IMAGEM_720p_1777346814668-300x169.jpg 300w, https:\/\/www.correiobraziliense.com.br\/cbradar\/wp-content\/uploads\/2026\/04\/IMAGEM_720p_1777346814668-768x432.jpg 768w, https:\/\/www.correiobraziliense.com.br\/cbradar\/wp-content\/uploads\/2026\/04\/IMAGEM_720p_1777346814668-750x422.jpg 750w, https:\/\/www.correiobraziliense.com.br\/cbradar\/wp-content\/uploads\/2026\/04\/IMAGEM_720p_1777346814668-1140x641.jpg 1140w\" sizes=\"(max-width: 1280px) 100vw, 1280px\" \/><figcaption class=\"wp-element-caption\">Os mecanismos f\u00edsicos e vantagens econ\u00f4micas das coberturas refletivas no combate ao calor interno<\/figcaption><\/figure><\/div>\n\n\n<h2 class=\"wp-block-heading\">O que a arquitetura moderna diz sobre os revestimentos t\u00e9rmicos?<\/h2>\n\n\n\n<p>O setor da constru\u00e7\u00e3o civil desenvolveu categorias avan\u00e7adas chamadas de <strong>telhados frios<\/strong>. Esses produtos industriais carregam aditivos qu\u00edmicos capazes de bloquear a <strong>radia\u00e7\u00e3o infravermelha<\/strong>, uma faixa de luz invis\u00edvel que carrega uma enorme carga de aquecimento di\u00e1rio.<\/p>\n\n\n\n<p>O simples uso de pol\u00edmeros reflexivos garante que a superf\u00edcie permane\u00e7a fresca ao toque. Voc\u00ea consegue caminhar sobre a laje tratada durante o pico solar do meio-dia sem queimar os p\u00e9s, o que comprova a barreira t\u00e9rmica ativa.<\/p>\n\n\n\n<h3 class=\"wp-block-heading\">Existe diferen\u00e7a entre tinta comum e as op\u00e7\u00f5es termorrefletivas?<\/h3>\n\n\n\n<p>Sim, a qu\u00edmica interna muda de forma dr\u00e1stica. Enquanto a tinta est\u00e9tica clara oferece somente o brilho visual imediato, os fluidos termorrefletivos carregam <strong>microesferas cer\u00e2micas<\/strong> ou part\u00edculas de vidro oco na sua composi\u00e7\u00e3o protetora.<\/p>\n\n\n\n<p>Essas micropart\u00edculas formam um escudo robusto contra as altas temperaturas. Elas isolam a base de alvenaria e impedem que a energia t\u00e9rmica trespasse o concreto armado, entregando um desempenho funcional muito superior ao de uma simples camada decorativa.<\/p>\n\n\n\n<h2 class=\"wp-block-heading\">Onde o conceito de telhado frio come\u00e7ou a ganhar for\u00e7a t\u00e9cnica?<\/h2>\n\n\n\n<p>A necessidade de aliviar as redes el\u00e9tricas impulsionou debates globais profundos. Em <a href=\"https:\/\/pt.wikipedia.org\/wiki\/Nova_Iorque\" target=\"_blank\" rel=\"noreferrer noopener\"><strong>Nova York<\/strong><\/a>, a prefeitura lan\u00e7ou grandes iniciativas de zeladoria focadas em pintar tetos escuros para salvar moradores vulner\u00e1veis das graves ilhas de calor.<\/p>\n\n\n\n<p>O rigor do programa atraiu o olhar de \u00f3rg\u00e3os oficiais. Estudos da <a href=\"https:\/\/www.epa.gov\/heatislands\/using-cool-roofs-reduce-heat-islands\" target=\"_blank\" rel=\"noreferrer noopener\"><strong>Environmental Protection Agency<\/strong><\/a> confirmam que superf\u00edcies claras diminuem o pico do consumo el\u00e9trico regional, validando a t\u00e9cnica como uma estrat\u00e9gia indispens\u00e1vel para o denso planejamento urbano moderno.<\/p>\n\n\n\n<p>Leia tamb\u00e9m: <a href=\"https:\/\/www.correiobraziliense.com.br\/cbradar\/nem-cru-nem-em-excesso-como-consumir-aveia-do-jeito-certo-para-melhorar-a-digestao\/\" target=\"_blank\" rel=\"noreferrer noopener\">Nem cru, nem em excesso: como consumir aveia do jeito certo para melhorar a digest\u00e3o<\/a><\/p>\n\n\n\n<h2 class=\"wp-block-heading\">Quais s\u00e3o as vantagens financeiras dessa altera\u00e7\u00e3o imobili\u00e1ria?<\/h2>\n\n\n\n<p>O al\u00edvio financeiro aparece diretamente na fatura de luz no final do m\u00eas. A queda do abafamento interno exige um esfor\u00e7o muito menor de ventiladores de teto e motores de refrigera\u00e7\u00e3o residenciais ao longo da semana \u00fatil.<\/p>\n\n\n\n<p>A mudan\u00e7a de tom entrega benef\u00edcios secund\u00e1rios duradouros para os donos de im\u00f3veis, criando um ciclo de poupan\u00e7a cont\u00ednua que compensa o investimento inicial em pouqu\u00edssimo tempo.<\/p>\n\n\n\n<p>Observe os resultados pr\u00e1ticos dessa decis\u00e3o construtiva:<\/p>\n\n\n\n<ul class=\"wp-block-list\">\n<li><strong>Efici\u00eancia energ\u00e9tica:<\/strong> Redu\u00e7\u00e3o do desperd\u00edcio el\u00e9trico nos meses mais quentes.<\/li>\n\n\n\n<li><strong>Prote\u00e7\u00e3o clim\u00e1tica:<\/strong> Al\u00edvio imediato nas noites abafadas sem ru\u00eddo constante de motores.<\/li>\n\n\n\n<li><strong>Sustentabilidade:<\/strong> Queda agressiva nas emiss\u00f5es associadas ao alt\u00edssimo consumo residencial di\u00e1rio.<\/li>\n<\/ul>\n\n\n\n<h3 class=\"wp-block-heading\">O impacto direto na vida \u00fatil da sua cobertura<\/h3>\n\n\n\n<p>A agress\u00e3o t\u00e9rmica provoca o ciclo invis\u00edvel de dilata\u00e7\u00e3o e retra\u00e7\u00e3o di\u00e1ria dos telhados. Esse estresse f\u00edsico constante abre pequenas rachaduras, quebra materiais r\u00edgidos e permite infiltra\u00e7\u00f5es silenciosas durante as fortes chuvas de ver\u00e3o.<\/p>\n\n\n\n<p>Bloquear a radia\u00e7\u00e3o estabiliza o volume exato do telhado. A sua edifica\u00e7\u00e3o passa a sofrer bem menos com a fadiga do material, diminuindo a urg\u00eancia de reformas corretivas pesadas e valorizando o seu patrim\u00f4nio na hora da venda.<\/p>\n\n\n\n<h2 class=\"wp-block-heading\">Quais os impactos de adotar cores claras nas grandes vias urbanas?<\/h2>\n\n\n\n<p>A somat\u00f3ria de v\u00e1rias casas pintadas de branco esfria o microclima de um bairro inteiro. O esfor\u00e7o conjunto dissolve aquelas imensas bolhas de ar quente que ficam presas entre as ruas asfaltadas e as avenidas sem \u00e1rvores.<\/p>\n\n\n\n<p>Esse respiro geral favorece o cotidiano dos pedestres. As pessoas caminham com mais tranquilidade e vivenciam menos fadiga t\u00e9rmica respirat\u00f3ria, provando que um pequeno ajuste domiciliar ecoa positivamente em todo o ecossistema urbano ao redor.<\/p>\n\n\n<div class=\"wp-block-image\">\n<figure class=\"aligncenter size-full\"><img decoding=\"async\" width=\"1280\" height=\"720\" src=\"https:\/\/www.correiobraziliense.com.br\/cbradar\/wp-content\/uploads\/2026\/04\/IMAGEM_720p_1777346783306.jpg\" alt=\"Os mecanismos f\u00edsicos e vantagens econ\u00f4micas das coberturas refletivas no combate ao calor interno\" class=\"wp-image-233366\" srcset=\"https:\/\/www.correiobraziliense.com.br\/cbradar\/wp-content\/uploads\/2026\/04\/IMAGEM_720p_1777346783306.jpg 1280w, https:\/\/www.correiobraziliense.com.br\/cbradar\/wp-content\/uploads\/2026\/04\/IMAGEM_720p_1777346783306-300x169.jpg 300w, https:\/\/www.correiobraziliense.com.br\/cbradar\/wp-content\/uploads\/2026\/04\/IMAGEM_720p_1777346783306-768x432.jpg 768w, https:\/\/www.correiobraziliense.com.br\/cbradar\/wp-content\/uploads\/2026\/04\/IMAGEM_720p_1777346783306-750x422.jpg 750w, https:\/\/www.correiobraziliense.com.br\/cbradar\/wp-content\/uploads\/2026\/04\/IMAGEM_720p_1777346783306-1140x641.jpg 1140w\" sizes=\"(max-width: 1280px) 100vw, 1280px\" \/><figcaption class=\"wp-element-caption\">Os mecanismos f\u00edsicos e vantagens econ\u00f4micas das coberturas refletivas no combate ao calor interno<\/figcaption><\/figure><\/div>\n\n\n<h2 class=\"wp-block-heading\">Como adaptar uma moradia antiga para essa exig\u00eancia clim\u00e1tica atual?<\/h2>\n\n\n\n<p>A adequa\u00e7\u00e3o n\u00e3o precisa de quebra-quebra ou entulhos na cal\u00e7ada. O propriet\u00e1rio deve limpar a laje antiga e aplicar seladores impermeabilizantes antes de passar a tinta t\u00e9rmica diretamente sobre as chapas de fibrocimento ou telhas de cer\u00e2mica.<\/p>\n\n\n\n<p>Uma aplica\u00e7\u00e3o simples reconfigura a absor\u00e7\u00e3o t\u00e9rmica do seu patrim\u00f4nio familiar. A casa ganha prote\u00e7\u00e3o solar imediata e os moradores passam a descansar em ambientes muito mais frescos, resolvendo o desconforto de forma inteligente e sem gastar com equipamentos caros.<\/p>\n","protected":false},"excerpt":{"rendered":"<p>A prova de que telhados brancos reduzem calor est\u00e1 na f\u00edsica: uma casa chega aos 60 graus Celsius facilmente \u00e0 tarde. Essas estruturas agem como refletores maci\u00e7os que devolvem a radia\u00e7\u00e3o para a atmosfera antes de assar as pessoas dentro dos c\u00f4modos. Como a f\u00edsica explica a absor\u00e7\u00e3o de luz na cobertura? Cores escuras capturam [&hellip;]<\/p>\n","protected":false},"author":11,"featured_media":233750,"comment_status":"open","ping_status":"open","sticky":false,"template":"","format":"standard","meta":{"_yoast_wpseo_focuskw":"telhados brancos reduzem calor","_yoast_wpseo_title":"","_yoast_wpseo_metadesc":"As altas temperaturas exigem mudan\u00e7as estruturais simples. Avalie como revestimentos reflexivos no teto barram a entrada do morma\u00e7o e cortam despesas.","jnews-multi-image_gallery":[],"jnews_single_post":{"format":"standard"},"jnews_primary_category":[],"jnews_social_meta":[],"jnews_override_counter":[],"footnotes":""},"categories":[143],"tags":[],"class_list":["post-233364","post","type-post","status-publish","format-standard","has-post-thumbnail","hentry","category-casa-e-decoracao"],"yoast_head":"<!-- This site is optimized with the Yoast SEO plugin v24.6 - https:\/\/yoast.com\/wordpress\/plugins\/seo\/ -->\n<title>Por que arquitetos est\u00e3o usando telhados brancos e refletivos para diminuir a temperatura da casa sem ar-condicionado - Correio Braziliense - Radar<\/title>\n<meta name=\"description\" content=\"As altas temperaturas exigem mudan\u00e7as estruturais simples. Avalie como revestimentos reflexivos no teto barram a entrada do morma\u00e7o e cortam despesas.\" \/>\n<meta name=\"robots\" content=\"index, follow, max-snippet:-1, max-image-preview:large, max-video-preview:-1\" \/>\n<link rel=\"canonical\" href=\"https:\/\/www.correiobraziliense.com.br\/cbradar\/por-que-arquitetos-estao-usando-telhados-brancos-e-refletivos-para-diminuir-a-temperatura-da-casa-sem-ar-condicionado\/\" \/>\n<meta property=\"og:locale\" content=\"pt_BR\" \/>\n<meta property=\"og:type\" content=\"article\" \/>\n<meta property=\"og:title\" content=\"Por que arquitetos est\u00e3o usando telhados brancos e refletivos para diminuir a temperatura da casa sem ar-condicionado - Correio Braziliense - Radar\" \/>\n<meta property=\"og:description\" content=\"As altas temperaturas exigem mudan\u00e7as estruturais simples. Avalie como revestimentos reflexivos no teto barram a entrada do morma\u00e7o e cortam despesas.\" \/>\n<meta property=\"og:url\" content=\"https:\/\/www.correiobraziliense.com.br\/cbradar\/por-que-arquitetos-estao-usando-telhados-brancos-e-refletivos-para-diminuir-a-temperatura-da-casa-sem-ar-condicionado\/\" \/>\n<meta property=\"og:site_name\" content=\"Correio Braziliense - Radar\" \/>\n<meta property=\"article:published_time\" content=\"2026-04-29T13:15:00+00:00\" \/>\n<meta property=\"og:image\" content=\"https:\/\/www.correiobraziliense.com.br\/cbradar\/wp-content\/uploads\/2026\/04\/casa_com_telhado_202604281332.jpg\" \/>\n\t<meta property=\"og:image:width\" content=\"1280\" \/>\n\t<meta property=\"og:image:height\" content=\"720\" \/>\n\t<meta property=\"og:image:type\" content=\"image\/jpeg\" \/>\n<meta name=\"author\" content=\"Paulo Custodio\" \/>\n<meta name=\"twitter:card\" content=\"summary_large_image\" \/>\n<meta name=\"twitter:label1\" content=\"Escrito por\" \/>\n\t<meta name=\"twitter:data1\" content=\"Paulo Custodio\" \/>\n\t<meta name=\"twitter:label2\" content=\"Est. tempo de leitura\" \/>\n\t<meta name=\"twitter:data2\" content=\"5 minutos\" \/>\n<!-- \/ Yoast SEO plugin. -->","yoast_head_json":{"title":"Por que arquitetos est\u00e3o usando telhados brancos e refletivos para diminuir a temperatura da casa sem ar-condicionado - Correio Braziliense - Radar","description":"As altas temperaturas exigem mudan\u00e7as estruturais simples. Avalie como revestimentos reflexivos no teto barram a entrada do morma\u00e7o e cortam despesas.","robots":{"index":"index","follow":"follow","max-snippet":"max-snippet:-1","max-image-preview":"max-image-preview:large","max-video-preview":"max-video-preview:-1"},"canonical":"https:\/\/www.correiobraziliense.com.br\/cbradar\/por-que-arquitetos-estao-usando-telhados-brancos-e-refletivos-para-diminuir-a-temperatura-da-casa-sem-ar-condicionado\/","og_locale":"pt_BR","og_type":"article","og_title":"Por que arquitetos est\u00e3o usando telhados brancos e refletivos para diminuir a temperatura da casa sem ar-condicionado - Correio Braziliense - Radar","og_description":"As altas temperaturas exigem mudan\u00e7as estruturais simples. Avalie como revestimentos reflexivos no teto barram a entrada do morma\u00e7o e cortam despesas.","og_url":"https:\/\/www.correiobraziliense.com.br\/cbradar\/por-que-arquitetos-estao-usando-telhados-brancos-e-refletivos-para-diminuir-a-temperatura-da-casa-sem-ar-condicionado\/","og_site_name":"Correio Braziliense - Radar","article_published_time":"2026-04-29T13:15:00+00:00","og_image":[{"width":1280,"height":720,"url":"https:\/\/www.correiobraziliense.com.br\/cbradar\/wp-content\/uploads\/2026\/04\/casa_com_telhado_202604281332.jpg","type":"image\/jpeg"}],"author":"Paulo Custodio","twitter_card":"summary_large_image","twitter_misc":{"Escrito por":"Paulo Custodio","Est. tempo de leitura":"5 minutos"},"schema":{"@context":"https:\/\/schema.org","@graph":[{"@type":"WebPage","@id":"https:\/\/www.correiobraziliense.com.br\/cbradar\/por-que-arquitetos-estao-usando-telhados-brancos-e-refletivos-para-diminuir-a-temperatura-da-casa-sem-ar-condicionado\/","url":"https:\/\/www.correiobraziliense.com.br\/cbradar\/por-que-arquitetos-estao-usando-telhados-brancos-e-refletivos-para-diminuir-a-temperatura-da-casa-sem-ar-condicionado\/","name":"Por que arquitetos est\u00e3o usando telhados brancos e refletivos para diminuir a temperatura da casa sem ar-condicionado - Correio Braziliense - Radar","isPartOf":{"@id":"https:\/\/www.correiobraziliense.com.br\/cbradar\/#website"},"primaryImageOfPage":{"@id":"https:\/\/www.correiobraziliense.com.br\/cbradar\/por-que-arquitetos-estao-usando-telhados-brancos-e-refletivos-para-diminuir-a-temperatura-da-casa-sem-ar-condicionado\/#primaryimage"},"image":{"@id":"https:\/\/www.correiobraziliense.com.br\/cbradar\/por-que-arquitetos-estao-usando-telhados-brancos-e-refletivos-para-diminuir-a-temperatura-da-casa-sem-ar-condicionado\/#primaryimage"},"thumbnailUrl":"https:\/\/www.correiobraziliense.com.br\/cbradar\/wp-content\/uploads\/2026\/04\/casa_com_telhado_202604281332.jpg","datePublished":"2026-04-29T13:15:00+00:00","author":{"@id":"https:\/\/www.correiobraziliense.com.br\/cbradar\/#\/schema\/person\/4cec7857301a9a1a2ef249893cd908d3"},"description":"As altas temperaturas exigem mudan\u00e7as estruturais simples. Avalie como revestimentos reflexivos no teto barram a entrada do morma\u00e7o e cortam despesas.","breadcrumb":{"@id":"https:\/\/www.correiobraziliense.com.br\/cbradar\/por-que-arquitetos-estao-usando-telhados-brancos-e-refletivos-para-diminuir-a-temperatura-da-casa-sem-ar-condicionado\/#breadcrumb"},"inLanguage":"pt-BR","potentialAction":[{"@type":"ReadAction","target":["https:\/\/www.correiobraziliense.com.br\/cbradar\/por-que-arquitetos-estao-usando-telhados-brancos-e-refletivos-para-diminuir-a-temperatura-da-casa-sem-ar-condicionado\/"]}]},{"@type":"ImageObject","inLanguage":"pt-BR","@id":"https:\/\/www.correiobraziliense.com.br\/cbradar\/por-que-arquitetos-estao-usando-telhados-brancos-e-refletivos-para-diminuir-a-temperatura-da-casa-sem-ar-condicionado\/#primaryimage","url":"https:\/\/www.correiobraziliense.com.br\/cbradar\/wp-content\/uploads\/2026\/04\/casa_com_telhado_202604281332.jpg","contentUrl":"https:\/\/www.correiobraziliense.com.br\/cbradar\/wp-content\/uploads\/2026\/04\/casa_com_telhado_202604281332.jpg","width":1280,"height":720,"caption":"Telhados brancos refletem grande parte da radia\u00e7\u00e3o solar"},{"@type":"BreadcrumbList","@id":"https:\/\/www.correiobraziliense.com.br\/cbradar\/por-que-arquitetos-estao-usando-telhados-brancos-e-refletivos-para-diminuir-a-temperatura-da-casa-sem-ar-condicionado\/#breadcrumb","itemListElement":[{"@type":"ListItem","position":1,"name":"In\u00edcio","item":"https:\/\/www.correiobraziliense.com.br\/cbradar\/"},{"@type":"ListItem","position":2,"name":"Por que arquitetos est\u00e3o usando telhados brancos e refletivos para diminuir a temperatura da casa sem ar-condicionado"}]},{"@type":"WebSite","@id":"https:\/\/www.correiobraziliense.com.br\/cbradar\/#website","url":"https:\/\/www.correiobraziliense.com.br\/cbradar\/","name":"Correio Braziliense - Radar","description":"Acompanhe as \u00faltimas not\u00edcias e fique bem informado sobre tudo o que acontece no Brasil e no mundo.","potentialAction":[{"@type":"SearchAction","target":{"@type":"EntryPoint","urlTemplate":"https:\/\/www.correiobraziliense.com.br\/cbradar\/?s={search_term_string}"},"query-input":{"@type":"PropertyValueSpecification","valueRequired":true,"valueName":"search_term_string"}}],"inLanguage":"pt-BR"},{"@type":"Person","@id":"https:\/\/www.correiobraziliense.com.br\/cbradar\/#\/schema\/person\/4cec7857301a9a1a2ef249893cd908d3","name":"Paulo Custodio","image":{"@type":"ImageObject","inLanguage":"pt-BR","@id":"https:\/\/www.correiobraziliense.com.br\/cbradar\/#\/schema\/person\/image\/","url":"https:\/\/secure.gravatar.com\/avatar\/bcd67168d1534e8fcf4f45c726a87cea?s=96&d=mm&r=g","contentUrl":"https:\/\/secure.gravatar.com\/avatar\/bcd67168d1534e8fcf4f45c726a87cea?s=96&d=mm&r=g","caption":"Paulo Custodio"},"sameAs":["https:\/\/www.correiobraziliense.com.br\/cbradar"],"url":"https:\/\/www.correiobraziliense.com.br\/cbradar\/author\/paulomyth\/"}]}},"_links":{"self":[{"href":"https:\/\/www.correiobraziliense.com.br\/cbradar\/wp-json\/wp\/v2\/posts\/233364","targetHints":{"allow":["GET"]}}],"collection":[{"href":"https:\/\/www.correiobraziliense.com.br\/cbradar\/wp-json\/wp\/v2\/posts"}],"about":[{"href":"https:\/\/www.correiobraziliense.com.br\/cbradar\/wp-json\/wp\/v2\/types\/post"}],"author":[{"embeddable":true,"href":"https:\/\/www.correiobraziliense.com.br\/cbradar\/wp-json\/wp\/v2\/users\/11"}],"replies":[{"embeddable":true,"href":"https:\/\/www.correiobraziliense.com.br\/cbradar\/wp-json\/wp\/v2\/comments?post=233364"}],"version-history":[{"count":1,"href":"https:\/\/www.correiobraziliense.com.br\/cbradar\/wp-json\/wp\/v2\/posts\/233364\/revisions"}],"predecessor-version":[{"id":233369,"href":"https:\/\/www.correiobraziliense.com.br\/cbradar\/wp-json\/wp\/v2\/posts\/233364\/revisions\/233369"}],"wp:featuredmedia":[{"embeddable":true,"href":"https:\/\/www.correiobraziliense.com.br\/cbradar\/wp-json\/wp\/v2\/media\/233750"}],"wp:attachment":[{"href":"https:\/\/www.correiobraziliense.com.br\/cbradar\/wp-json\/wp\/v2\/media?parent=233364"}],"wp:term":[{"taxonomy":"category","embeddable":true,"href":"https:\/\/www.correiobraziliense.com.br\/cbradar\/wp-json\/wp\/v2\/categories?post=233364"},{"taxonomy":"post_tag","embeddable":true,"href":"https:\/\/www.correiobraziliense.com.br\/cbradar\/wp-json\/wp\/v2\/tags?post=233364"}],"curies":[{"name":"wp","href":"https:\/\/api.w.org\/{rel}","templated":true}]}}