{"id":233370,"date":"2026-04-29T13:25:00","date_gmt":"2026-04-29T16:25:00","guid":{"rendered":"https:\/\/www.correiobraziliense.com.br\/cbradar\/?p=233370"},"modified":"2026-04-28T13:35:20","modified_gmt":"2026-04-28T16:35:20","slug":"por-que-engenheiros-estao-enterrando-garrafas-de-vidro-no-quintal-para-reduzir-o-calor-dentro-de-casa-no-verao","status":"publish","type":"post","link":"https:\/\/www.correiobraziliense.com.br\/cbradar\/por-que-engenheiros-estao-enterrando-garrafas-de-vidro-no-quintal-para-reduzir-o-calor-dentro-de-casa-no-verao\/","title":{"rendered":"Por que engenheiros est\u00e3o enterrando garrafas de vidro no quintal para reduzir o calor dentro de casa no ver\u00e3o"},"content":{"rendered":"\n<p>\u00c9 poss\u00edvel refrescar uma casa sem gastar um centavo de energia? A resposta est\u00e1 nas <strong>garrafas no quintal<\/strong>, uma t\u00e9cnica de resfriamento passivo que engenheiros est\u00e3o resgatando. Ao enterrar garrafas de vidro sob o solo, cria-se um trocador de calor natural que suga o ar quente, resfria-o e o devolve ao ambiente interno. <\/p>\n\n\n\n<h2 class=\"wp-block-heading\">Como funciona o princ\u00edpio f\u00edsico por tr\u00e1s das garrafas enterradas?<\/h2>\n\n\n\n<p>O segredo est\u00e1 na <strong>in\u00e9rcia t\u00e9rmica<\/strong>. O solo, a poucos metros de profundidade, mant\u00e9m uma temperatura est\u00e1vel o ano todo. As garrafas de vidro, quando enterradas e conectadas a dutos, agem como um trocador de calor.<\/p>\n\n\n\n<p>O ar quente da casa \u00e9 puxado para dentro das garrafas, onde o vidro transfere o calor para a terra fria. O ar, agora mais fresco, retorna ao interior, criando um ciclo de ventila\u00e7\u00e3o natural que reduz a temperatura em at\u00e9 5\u00b0C.<\/p>\n\n\n<div class=\"wp-block-image\">\n<figure class=\"aligncenter size-full\"><img decoding=\"async\" width=\"1280\" height=\"720\" src=\"https:\/\/www.correiobraziliense.com.br\/cbradar\/wp-content\/uploads\/2026\/04\/IMAGEM_720p_1777347013392.jpg\" alt=\"Como e por que engenheiros est\u00e3o usando uma t\u00e9cnica com garrafas de vidro enterradas no quintal para reduzir o calor dentro de casa\" class=\"wp-image-233372\" srcset=\"https:\/\/www.correiobraziliense.com.br\/cbradar\/wp-content\/uploads\/2026\/04\/IMAGEM_720p_1777347013392.jpg 1280w, https:\/\/www.correiobraziliense.com.br\/cbradar\/wp-content\/uploads\/2026\/04\/IMAGEM_720p_1777347013392-300x169.jpg 300w, https:\/\/www.correiobraziliense.com.br\/cbradar\/wp-content\/uploads\/2026\/04\/IMAGEM_720p_1777347013392-768x432.jpg 768w, https:\/\/www.correiobraziliense.com.br\/cbradar\/wp-content\/uploads\/2026\/04\/IMAGEM_720p_1777347013392-750x422.jpg 750w, https:\/\/www.correiobraziliense.com.br\/cbradar\/wp-content\/uploads\/2026\/04\/IMAGEM_720p_1777347013392-1140x641.jpg 1140w\" sizes=\"(max-width: 1280px) 100vw, 1280px\" \/><figcaption class=\"wp-element-caption\">Como e por que engenheiros est\u00e3o usando uma t\u00e9cnica com garrafas de vidro enterradas no quintal para reduzir o calor dentro de casa<\/figcaption><\/figure><\/div>\n\n\n<h2 class=\"wp-block-heading\">Por que engenheiros est\u00e3o adotando essa t\u00e9cnica agora?<\/h2>\n\n\n\n<p>O interesse crescente se deve ao baix\u00edssimo custo e \u00e0 sustentabilidade da t\u00e9cnica. Em um contexto de crise energ\u00e9tica e ondas de calor, sistemas de ar-condicionado est\u00e3o cada vez mais caros. As <strong>garrafas de vidro<\/strong>, um material reciclado e abundante, oferecem uma alternativa de baixo impacto ambiental.<\/p>\n\n\n\n<p>Al\u00e9m disso, o design passivo n\u00e3o depende de eletricidade, o que o torna ideal para comunidades remotas. A arquiteta <strong>Christine Musgrave<\/strong>, por exemplo, construiu sua casa usando centenas de garrafas enterradas em areia, cobertas por concreto, e hoje raramente precisa de aquecimento ou refrigera\u00e7\u00e3o adicionais.<\/p>\n\n\n\n<p>Leia tamb\u00e9m: <a href=\"https:\/\/www.correiobraziliense.com.br\/cbradar\/nem-cru-nem-em-excesso-como-consumir-aveia-do-jeito-certo-para-melhorar-a-digestao\/\" target=\"_blank\" rel=\"noreferrer noopener\">Nem cru, nem em excesso: como consumir aveia do jeito certo para melhorar a digest\u00e3o<\/a><\/p>\n\n\n\n<h2 class=\"wp-block-heading\">Que tipo de garrafa \u00e9 ideal para o projeto?<\/h2>\n\n\n\n<p>As melhores s\u00e3o as <strong>garrafas de vidro grosso<\/strong>, como as de vinho ou champanhe, que suportam bem a press\u00e3o da terra e n\u00e3o se deformam. Garrafas PET n\u00e3o funcionam, pois n\u00e3o conduzem bem o calor. O vidro, por outro lado, tem uma <strong>condutividade t\u00e9rmica<\/strong> ideal para a troca de temperatura.<\/p>\n\n\n\n<p>Confira os tipos mais indicados:<\/p>\n\n\n\n<ul class=\"wp-block-list\">\n<li><strong>Garrafas de vinho tinto:<\/strong> vidro escuro, que absorve mais calor do solo.<\/li>\n\n\n\n<li><strong>Garrafas de champanhe:<\/strong> paredes mais espessas, maior durabilidade.<\/li>\n\n\n\n<li><strong>Garrafas de azeite:<\/strong> formato mais quadrado, empilhamento eficiente.<\/li>\n<\/ul>\n\n\n\n<p>\u00c9 fundamental que as garrafas estejam limpas e secas, sem res\u00edduos org\u00e2nicos que possam gerar mofo dentro dos dutos.<\/p>\n\n\n<div class=\"wp-block-image\">\n<figure class=\"aligncenter size-full\"><img decoding=\"async\" width=\"1280\" height=\"720\" src=\"https:\/\/www.correiobraziliense.com.br\/cbradar\/wp-content\/uploads\/2026\/04\/IMAGEM_720p_1777347011854.jpg\" alt=\"Como e por que engenheiros est\u00e3o usando uma t\u00e9cnica com garrafas de vidro enterradas no quintal para reduzir o calor dentro de casa\" class=\"wp-image-233373\" srcset=\"https:\/\/www.correiobraziliense.com.br\/cbradar\/wp-content\/uploads\/2026\/04\/IMAGEM_720p_1777347011854.jpg 1280w, https:\/\/www.correiobraziliense.com.br\/cbradar\/wp-content\/uploads\/2026\/04\/IMAGEM_720p_1777347011854-300x169.jpg 300w, https:\/\/www.correiobraziliense.com.br\/cbradar\/wp-content\/uploads\/2026\/04\/IMAGEM_720p_1777347011854-768x432.jpg 768w, https:\/\/www.correiobraziliense.com.br\/cbradar\/wp-content\/uploads\/2026\/04\/IMAGEM_720p_1777347011854-750x422.jpg 750w, https:\/\/www.correiobraziliense.com.br\/cbradar\/wp-content\/uploads\/2026\/04\/IMAGEM_720p_1777347011854-1140x641.jpg 1140w\" sizes=\"(max-width: 1280px) 100vw, 1280px\" \/><figcaption class=\"wp-element-caption\">Como e por que engenheiros est\u00e3o usando uma t\u00e9cnica com garrafas de vidro enterradas no quintal para reduzir o calor dentro de casa<\/figcaption><\/figure><\/div>\n\n\n<h2 class=\"wp-block-heading\">Como planejar a instala\u00e7\u00e3o das garrafas no quintal?<\/h2>\n\n\n\n<p>O primeiro passo \u00e9 definir o local: uma vala de cerca de <strong>1 metro de profundidade<\/strong> por <strong>2 metros de comprimento<\/strong>. As garrafas devem ser dispostas horizontalmente, com o gargalo voltado para fora, permitindo a conex\u00e3o com os canos que levam o ar para dentro de casa.<\/p>\n\n\n\n<p>O solo ao redor das garrafas precisa ser compactado, e uma camada de <strong>areia \u00famida<\/strong> ajuda a melhorar a troca t\u00e9rmica. A instala\u00e7\u00e3o de um pequeno ventilador na entrada do duto acelera o processo de convec\u00e7\u00e3o, mas mesmo sem ele, a diferen\u00e7a de press\u00e3o natural j\u00e1 gera um fluxo de ar percept\u00edvel.<\/p>\n\n\n\n<h2 class=\"wp-block-heading\">Quais s\u00e3o as limita\u00e7\u00f5es e os cuidados essenciais?<\/h2>\n\n\n\n<p>A t\u00e9cnica n\u00e3o substitui completamente um ar-condicionado em regi\u00f5es de calor extremo. Ela funciona melhor em climas com <strong>grande amplitude t\u00e9rmica<\/strong>, onde a noite \u00e9 significativamente mais fria que o dia. Outro ponto de aten\u00e7\u00e3o \u00e9 a <strong>veda\u00e7\u00e3o<\/strong>: qualquer infiltra\u00e7\u00e3o de \u00e1gua pode comprometer a efici\u00eancia t\u00e9rmica e danificar os dutos.<\/p>\n\n\n\n<p>Um sistema de drenagem ao redor da vala evita ac\u00famulo de umidade. Al\u00e9m disso, casas com piso de terra batida s\u00e3o mais dif\u00edceis de climatizar, pois o calor entra por baixo. O ideal \u00e9 ter um contrapiso com isolamento, para que o ar fresco das garrafas realmente circule pelo ambiente em vez de se perder no solo.<\/p>\n","protected":false},"excerpt":{"rendered":"<p>\u00c9 poss\u00edvel refrescar uma casa sem gastar um centavo de energia? A resposta est\u00e1 nas garrafas no quintal, uma t\u00e9cnica de resfriamento passivo que engenheiros est\u00e3o resgatando. Ao enterrar garrafas de vidro sob o solo, cria-se um trocador de calor natural que suga o ar quente, resfria-o e o devolve ao ambiente interno. Como funciona [&hellip;]<\/p>\n","protected":false},"author":11,"featured_media":233746,"comment_status":"open","ping_status":"open","sticky":false,"template":"","format":"standard","meta":{"_yoast_wpseo_focuskw":"garrafas no quintal","_yoast_wpseo_title":"","_yoast_wpseo_metadesc":"Uma t\u00e9cnica milenar est\u00e1 sendo resgatada por engenheiros para reduzir o calor dentro de casa. Entenda como garrafas de vidro enterradas no quintal podem refrescar seu lar naturalmente.","jnews-multi-image_gallery":[],"jnews_single_post":{"format":"standard"},"jnews_primary_category":[],"jnews_social_meta":[],"jnews_override_counter":[],"footnotes":""},"categories":[143],"tags":[],"class_list":["post-233370","post","type-post","status-publish","format-standard","has-post-thumbnail","hentry","category-casa-e-decoracao"],"yoast_head":"<!-- This site is optimized with the Yoast SEO plugin v24.6 - https:\/\/yoast.com\/wordpress\/plugins\/seo\/ -->\n<title>Por que engenheiros est\u00e3o enterrando garrafas de vidro no quintal para reduzir o calor dentro de casa no ver\u00e3o - Correio Braziliense - Radar<\/title>\n<meta name=\"description\" content=\"Uma t\u00e9cnica milenar est\u00e1 sendo resgatada por engenheiros para reduzir o calor dentro de casa. Entenda como garrafas de vidro enterradas no quintal podem refrescar seu lar naturalmente.\" \/>\n<meta name=\"robots\" content=\"index, follow, max-snippet:-1, max-image-preview:large, max-video-preview:-1\" \/>\n<link rel=\"canonical\" href=\"https:\/\/www.correiobraziliense.com.br\/cbradar\/por-que-engenheiros-estao-enterrando-garrafas-de-vidro-no-quintal-para-reduzir-o-calor-dentro-de-casa-no-verao\/\" \/>\n<meta property=\"og:locale\" content=\"pt_BR\" \/>\n<meta property=\"og:type\" content=\"article\" \/>\n<meta property=\"og:title\" content=\"Por que engenheiros est\u00e3o enterrando garrafas de vidro no quintal para reduzir o calor dentro de casa no ver\u00e3o - Correio Braziliense - Radar\" \/>\n<meta property=\"og:description\" content=\"Uma t\u00e9cnica milenar est\u00e1 sendo resgatada por engenheiros para reduzir o calor dentro de casa. Entenda como garrafas de vidro enterradas no quintal podem refrescar seu lar naturalmente.\" \/>\n<meta property=\"og:url\" content=\"https:\/\/www.correiobraziliense.com.br\/cbradar\/por-que-engenheiros-estao-enterrando-garrafas-de-vidro-no-quintal-para-reduzir-o-calor-dentro-de-casa-no-verao\/\" \/>\n<meta property=\"og:site_name\" content=\"Correio Braziliense - Radar\" \/>\n<meta property=\"article:published_time\" content=\"2026-04-29T16:25:00+00:00\" \/>\n<meta property=\"og:image\" content=\"https:\/\/www.correiobraziliense.com.br\/cbradar\/wp-content\/uploads\/2026\/04\/Fileiras_garrafas_enterradas_202604281330.jpg\" \/>\n\t<meta property=\"og:image:width\" content=\"1280\" \/>\n\t<meta property=\"og:image:height\" content=\"720\" \/>\n\t<meta property=\"og:image:type\" content=\"image\/jpeg\" \/>\n<meta name=\"author\" content=\"Paulo Custodio\" \/>\n<meta name=\"twitter:card\" content=\"summary_large_image\" \/>\n<meta name=\"twitter:label1\" content=\"Escrito por\" \/>\n\t<meta name=\"twitter:data1\" content=\"Paulo Custodio\" \/>\n\t<meta name=\"twitter:label2\" content=\"Est. tempo de leitura\" \/>\n\t<meta name=\"twitter:data2\" content=\"4 minutos\" \/>\n<!-- \/ Yoast SEO plugin. -->","yoast_head_json":{"title":"Por que engenheiros est\u00e3o enterrando garrafas de vidro no quintal para reduzir o calor dentro de casa no ver\u00e3o - Correio Braziliense - Radar","description":"Uma t\u00e9cnica milenar est\u00e1 sendo resgatada por engenheiros para reduzir o calor dentro de casa. Entenda como garrafas de vidro enterradas no quintal podem refrescar seu lar naturalmente.","robots":{"index":"index","follow":"follow","max-snippet":"max-snippet:-1","max-image-preview":"max-image-preview:large","max-video-preview":"max-video-preview:-1"},"canonical":"https:\/\/www.correiobraziliense.com.br\/cbradar\/por-que-engenheiros-estao-enterrando-garrafas-de-vidro-no-quintal-para-reduzir-o-calor-dentro-de-casa-no-verao\/","og_locale":"pt_BR","og_type":"article","og_title":"Por que engenheiros est\u00e3o enterrando garrafas de vidro no quintal para reduzir o calor dentro de casa no ver\u00e3o - Correio Braziliense - Radar","og_description":"Uma t\u00e9cnica milenar est\u00e1 sendo resgatada por engenheiros para reduzir o calor dentro de casa. Entenda como garrafas de vidro enterradas no quintal podem refrescar seu lar naturalmente.","og_url":"https:\/\/www.correiobraziliense.com.br\/cbradar\/por-que-engenheiros-estao-enterrando-garrafas-de-vidro-no-quintal-para-reduzir-o-calor-dentro-de-casa-no-verao\/","og_site_name":"Correio Braziliense - Radar","article_published_time":"2026-04-29T16:25:00+00:00","og_image":[{"width":1280,"height":720,"url":"https:\/\/www.correiobraziliense.com.br\/cbradar\/wp-content\/uploads\/2026\/04\/Fileiras_garrafas_enterradas_202604281330.jpg","type":"image\/jpeg"}],"author":"Paulo Custodio","twitter_card":"summary_large_image","twitter_misc":{"Escrito por":"Paulo Custodio","Est. tempo de leitura":"4 minutos"},"schema":{"@context":"https:\/\/schema.org","@graph":[{"@type":"WebPage","@id":"https:\/\/www.correiobraziliense.com.br\/cbradar\/por-que-engenheiros-estao-enterrando-garrafas-de-vidro-no-quintal-para-reduzir-o-calor-dentro-de-casa-no-verao\/","url":"https:\/\/www.correiobraziliense.com.br\/cbradar\/por-que-engenheiros-estao-enterrando-garrafas-de-vidro-no-quintal-para-reduzir-o-calor-dentro-de-casa-no-verao\/","name":"Por que engenheiros est\u00e3o enterrando garrafas de vidro no quintal para reduzir o calor dentro de casa no ver\u00e3o - Correio Braziliense - Radar","isPartOf":{"@id":"https:\/\/www.correiobraziliense.com.br\/cbradar\/#website"},"primaryImageOfPage":{"@id":"https:\/\/www.correiobraziliense.com.br\/cbradar\/por-que-engenheiros-estao-enterrando-garrafas-de-vidro-no-quintal-para-reduzir-o-calor-dentro-de-casa-no-verao\/#primaryimage"},"image":{"@id":"https:\/\/www.correiobraziliense.com.br\/cbradar\/por-que-engenheiros-estao-enterrando-garrafas-de-vidro-no-quintal-para-reduzir-o-calor-dentro-de-casa-no-verao\/#primaryimage"},"thumbnailUrl":"https:\/\/www.correiobraziliense.com.br\/cbradar\/wp-content\/uploads\/2026\/04\/Fileiras_garrafas_enterradas_202604281330.jpg","datePublished":"2026-04-29T16:25:00+00:00","author":{"@id":"https:\/\/www.correiobraziliense.com.br\/cbradar\/#\/schema\/person\/4cec7857301a9a1a2ef249893cd908d3"},"description":"Uma t\u00e9cnica milenar est\u00e1 sendo resgatada por engenheiros para reduzir o calor dentro de casa. Entenda como garrafas de vidro enterradas no quintal podem refrescar seu lar naturalmente.","breadcrumb":{"@id":"https:\/\/www.correiobraziliense.com.br\/cbradar\/por-que-engenheiros-estao-enterrando-garrafas-de-vidro-no-quintal-para-reduzir-o-calor-dentro-de-casa-no-verao\/#breadcrumb"},"inLanguage":"pt-BR","potentialAction":[{"@type":"ReadAction","target":["https:\/\/www.correiobraziliense.com.br\/cbradar\/por-que-engenheiros-estao-enterrando-garrafas-de-vidro-no-quintal-para-reduzir-o-calor-dentro-de-casa-no-verao\/"]}]},{"@type":"ImageObject","inLanguage":"pt-BR","@id":"https:\/\/www.correiobraziliense.com.br\/cbradar\/por-que-engenheiros-estao-enterrando-garrafas-de-vidro-no-quintal-para-reduzir-o-calor-dentro-de-casa-no-verao\/#primaryimage","url":"https:\/\/www.correiobraziliense.com.br\/cbradar\/wp-content\/uploads\/2026\/04\/Fileiras_garrafas_enterradas_202604281330.jpg","contentUrl":"https:\/\/www.correiobraziliense.com.br\/cbradar\/wp-content\/uploads\/2026\/04\/Fileiras_garrafas_enterradas_202604281330.jpg","width":1280,"height":720,"caption":"Garrafas de vidro enterradas ajudam a reduzir a temperatura do solo ao redor da casa"},{"@type":"BreadcrumbList","@id":"https:\/\/www.correiobraziliense.com.br\/cbradar\/por-que-engenheiros-estao-enterrando-garrafas-de-vidro-no-quintal-para-reduzir-o-calor-dentro-de-casa-no-verao\/#breadcrumb","itemListElement":[{"@type":"ListItem","position":1,"name":"In\u00edcio","item":"https:\/\/www.correiobraziliense.com.br\/cbradar\/"},{"@type":"ListItem","position":2,"name":"Por que engenheiros est\u00e3o enterrando garrafas de vidro no quintal para reduzir o calor dentro de casa no ver\u00e3o"}]},{"@type":"WebSite","@id":"https:\/\/www.correiobraziliense.com.br\/cbradar\/#website","url":"https:\/\/www.correiobraziliense.com.br\/cbradar\/","name":"Correio Braziliense - Radar","description":"Acompanhe as \u00faltimas not\u00edcias e fique bem informado sobre tudo o que acontece no Brasil e no mundo.","potentialAction":[{"@type":"SearchAction","target":{"@type":"EntryPoint","urlTemplate":"https:\/\/www.correiobraziliense.com.br\/cbradar\/?s={search_term_string}"},"query-input":{"@type":"PropertyValueSpecification","valueRequired":true,"valueName":"search_term_string"}}],"inLanguage":"pt-BR"},{"@type":"Person","@id":"https:\/\/www.correiobraziliense.com.br\/cbradar\/#\/schema\/person\/4cec7857301a9a1a2ef249893cd908d3","name":"Paulo Custodio","image":{"@type":"ImageObject","inLanguage":"pt-BR","@id":"https:\/\/www.correiobraziliense.com.br\/cbradar\/#\/schema\/person\/image\/","url":"https:\/\/secure.gravatar.com\/avatar\/bcd67168d1534e8fcf4f45c726a87cea?s=96&d=mm&r=g","contentUrl":"https:\/\/secure.gravatar.com\/avatar\/bcd67168d1534e8fcf4f45c726a87cea?s=96&d=mm&r=g","caption":"Paulo Custodio"},"sameAs":["https:\/\/www.correiobraziliense.com.br\/cbradar"],"url":"https:\/\/www.correiobraziliense.com.br\/cbradar\/author\/paulomyth\/"}]}},"_links":{"self":[{"href":"https:\/\/www.correiobraziliense.com.br\/cbradar\/wp-json\/wp\/v2\/posts\/233370","targetHints":{"allow":["GET"]}}],"collection":[{"href":"https:\/\/www.correiobraziliense.com.br\/cbradar\/wp-json\/wp\/v2\/posts"}],"about":[{"href":"https:\/\/www.correiobraziliense.com.br\/cbradar\/wp-json\/wp\/v2\/types\/post"}],"author":[{"embeddable":true,"href":"https:\/\/www.correiobraziliense.com.br\/cbradar\/wp-json\/wp\/v2\/users\/11"}],"replies":[{"embeddable":true,"href":"https:\/\/www.correiobraziliense.com.br\/cbradar\/wp-json\/wp\/v2\/comments?post=233370"}],"version-history":[{"count":1,"href":"https:\/\/www.correiobraziliense.com.br\/cbradar\/wp-json\/wp\/v2\/posts\/233370\/revisions"}],"predecessor-version":[{"id":233374,"href":"https:\/\/www.correiobraziliense.com.br\/cbradar\/wp-json\/wp\/v2\/posts\/233370\/revisions\/233374"}],"wp:featuredmedia":[{"embeddable":true,"href":"https:\/\/www.correiobraziliense.com.br\/cbradar\/wp-json\/wp\/v2\/media\/233746"}],"wp:attachment":[{"href":"https:\/\/www.correiobraziliense.com.br\/cbradar\/wp-json\/wp\/v2\/media?parent=233370"}],"wp:term":[{"taxonomy":"category","embeddable":true,"href":"https:\/\/www.correiobraziliense.com.br\/cbradar\/wp-json\/wp\/v2\/categories?post=233370"},{"taxonomy":"post_tag","embeddable":true,"href":"https:\/\/www.correiobraziliense.com.br\/cbradar\/wp-json\/wp\/v2\/tags?post=233370"}],"curies":[{"name":"wp","href":"https:\/\/api.w.org\/{rel}","templated":true}]}}