{"id":233371,"date":"2026-04-29T10:05:00","date_gmt":"2026-04-29T13:05:00","guid":{"rendered":"https:\/\/www.correiobraziliense.com.br\/cbradar\/?p=233371"},"modified":"2026-04-28T14:36:01","modified_gmt":"2026-04-28T17:36:01","slug":"presentes-de-beleza-para-o-dia-das-maes-que-transformam-a-rotina-de-autocuidado","status":"publish","type":"post","link":"https:\/\/www.correiobraziliense.com.br\/cbradar\/presentes-de-beleza-para-o-dia-das-maes-que-transformam-a-rotina-de-autocuidado\/","title":{"rendered":"Presentes de beleza para o Dia das M\u00e3es que transformam a rotina de autocuidado"},"content":{"rendered":"\n<p>Escolher o item ideal para o <strong>Dia das M\u00e3es<\/strong> exige uma an\u00e1lise cuidadosa sobre a utilidade real de cada cosm\u00e9tico ou acess\u00f3rio no cotidiano feminino. A chave para n\u00e3o errar no <strong>presente de beleza<\/strong> est\u00e1 em selecionar produtos que unam alta tecnologia dermatol\u00f3gica com a praticidade necess\u00e1ria para os dias agitados.<\/p>\n\n\n\n<h2 class=\"wp-block-heading\">Como escolher cosm\u00e9ticos funcionais que facilitam o dia a dia<\/h2>\n\n\n\n<p>Muitas vezes, produtos complexos acabam esquecidos por demandarem tempo excessivo, por isso a tend\u00eancia atual no <strong>Brasil<\/strong> foca no conceito de <em>skinimalism<\/em>. Ao buscar marcas como <strong>Natura<\/strong> ou <strong>Botic\u00e1rio<\/strong>, priorize itens multifuncionais que entreguem hidrata\u00e7\u00e3o e prote\u00e7\u00e3o solar em um \u00fanico passo eficiente.<\/p>\n\n\n\n<p>Um bom exemplo pr\u00e1tico \u00e9 o protetor solar com cor, que uniformiza o tom da pele enquanto protege contra raios <strong>UV<\/strong> e luz azul. Esse tipo de <strong>cuidado facial<\/strong> \u00e9 essencial para mulheres que possuem rotinas din\u00e2micas e precisam de solu\u00e7\u00f5es r\u00e1pidas antes de sair para o trabalho ou compromissos sociais.<\/p>\n\n\n<div class=\"wp-block-image\">\n<figure class=\"aligncenter size-full\"><img decoding=\"async\" width=\"1280\" height=\"720\" src=\"https:\/\/www.correiobraziliense.com.br\/cbradar\/wp-content\/uploads\/2026\/04\/presente-para-o-dia-das-maes-2.jpg\" alt=\"\" class=\"wp-image-233379\" srcset=\"https:\/\/www.correiobraziliense.com.br\/cbradar\/wp-content\/uploads\/2026\/04\/presente-para-o-dia-das-maes-2.jpg 1280w, https:\/\/www.correiobraziliense.com.br\/cbradar\/wp-content\/uploads\/2026\/04\/presente-para-o-dia-das-maes-2-300x169.jpg 300w, https:\/\/www.correiobraziliense.com.br\/cbradar\/wp-content\/uploads\/2026\/04\/presente-para-o-dia-das-maes-2-768x432.jpg 768w, https:\/\/www.correiobraziliense.com.br\/cbradar\/wp-content\/uploads\/2026\/04\/presente-para-o-dia-das-maes-2-750x422.jpg 750w, https:\/\/www.correiobraziliense.com.br\/cbradar\/wp-content\/uploads\/2026\/04\/presente-para-o-dia-das-maes-2-1140x641.jpg 1140w\" sizes=\"(max-width: 1280px) 100vw, 1280px\" \/><figcaption class=\"wp-element-caption\">O presente ideal \u00e9 aquele que se torna um momento de pausa e prazer em meio \u00e0s responsabilidades<\/figcaption><\/figure><\/div>\n\n\n<p>Leia tamb\u00e9m: <a href=\"https:\/\/www.correiobraziliense.com.br\/cbradar\/4-cortes-de-cabelo-curto-que-ajudam-a-dar-mais-corpo-aos-fios-ralos-e-sem-volume\/\" target=\"_blank\" rel=\"noreferrer noopener\">4 cortes de cabelo curto que ajudam a dar mais corpo aos fios ralos e sem volume<\/a><\/p>\n\n\n\n<h2 class=\"wp-block-heading\">Tratamentos capilares de alta performance para resultados de sal\u00e3o<\/h2>\n\n\n\n<p>O investimento em cronogramas capilares espec\u00edficos tem crescido entre as consumidoras que buscam manter a sa\u00fade dos fios sem precisar visitar o cabeleireiro semanalmente. Marcas renomadas como <strong>L\u2019Or\u00e9al<\/strong> e <strong>Eudora<\/strong> oferecem m\u00e1scaras de reconstru\u00e7\u00e3o que agem em apenas tr\u00eas minutos, garantindo fios brilhantes e sedosos.<\/p>\n\n\n\n<p>Considere kits que incluam \u00f3leos finalizadores com prote\u00e7\u00e3o t\u00e9rmica, ideais para m\u00e3es que utilizam secador ou chapinha com frequ\u00eancia no <strong>dia a dia<\/strong>. O uso constante desses produtos evita o desgaste da fibra capilar, tornando o presente um aliado indispens\u00e1vel para a manuten\u00e7\u00e3o da autoestima e do brilho natural.<\/p>\n\n\n\n<figure class=\"wp-block-embed is-type-rich is-provider-pinterest wp-block-embed-pinterest\"><div class=\"wp-block-embed__wrapper\">\n<iframe loading=\"lazy\" title=\" \" src=\"https:\/\/assets.pinterest.com\/ext\/embed.html?id=137430226134114783&#038;src=oembed\" height=\"899\" width=\"450\" frameborder=\"0\" scrolling=\"no\" ><\/iframe>\n<\/div><\/figure>\n\n\n\n<h2 class=\"wp-block-heading\">Perfumaria e fragr\u00e2ncias que evocam mem\u00f3rias e frescor<\/h2>\n\n\n\n<p>A escolha de uma nova assinatura olfativa \u00e9 uma das formas mais potentes de celebrar o <strong>Dia das M\u00e3es<\/strong> com sofistica\u00e7\u00e3o e eleg\u00e2ncia. No mercado de <strong>perfumaria<\/strong>, as notas florais frescas e os c\u00edtricos amadeirados est\u00e3o em alta, pois adaptam-se bem ao clima tropical predominante na maior parte do ano.<\/p>\n\n\n\n<p>Opte por vers\u00f5es em <em>travel size<\/em> ou frascos de bolsa, permitindo que ela retoque o perfume em qualquer lugar, seja em um jantar especial ou em uma viagem. Essa praticidade garante que o aroma escolhido por voc\u00ea se torne uma extens\u00e3o da personalidade dela, refor\u00e7ando la\u00e7os afetivos atrav\u00e9s do olfato.<\/p>\n\n\n\n<h2 class=\"wp-block-heading\">Sugest\u00f5es pr\u00e1ticas de itens que otimizam o ritual de beleza<\/h2>\n\n\n\n<p>Para garantir que o mimo seja aproveitado at\u00e9 o fim, \u00e9 fundamental observar as texturas e os aromas que mais agradam o perfil sensorial da sua m\u00e3e. Elaboramos uma lista com os dispositivos e f\u00f3rmulas que apresentam as maiores taxas de satisfa\u00e7\u00e3o e uso cont\u00ednuo pelo p\u00fablico feminino:<\/p>\n\n\n<div class=\"wp-block-image\">\n<figure class=\"aligncenter size-full\"><img decoding=\"async\" width=\"1280\" height=\"720\" src=\"https:\/\/www.correiobraziliense.com.br\/cbradar\/wp-content\/uploads\/2026\/04\/presente-para-o-dia-das-maes-1.jpg\" alt=\"\" class=\"wp-image-233378\" srcset=\"https:\/\/www.correiobraziliense.com.br\/cbradar\/wp-content\/uploads\/2026\/04\/presente-para-o-dia-das-maes-1.jpg 1280w, https:\/\/www.correiobraziliense.com.br\/cbradar\/wp-content\/uploads\/2026\/04\/presente-para-o-dia-das-maes-1-300x169.jpg 300w, https:\/\/www.correiobraziliense.com.br\/cbradar\/wp-content\/uploads\/2026\/04\/presente-para-o-dia-das-maes-1-768x432.jpg 768w, https:\/\/www.correiobraziliense.com.br\/cbradar\/wp-content\/uploads\/2026\/04\/presente-para-o-dia-das-maes-1-750x422.jpg 750w, https:\/\/www.correiobraziliense.com.br\/cbradar\/wp-content\/uploads\/2026\/04\/presente-para-o-dia-das-maes-1-1140x641.jpg 1140w\" sizes=\"(max-width: 1280px) 100vw, 1280px\" \/><figcaption class=\"wp-element-caption\">Investir em produtos de higiene pessoal e est\u00e9tica \u00e9 uma maneira clara de validar a import\u00e2ncia do tempo<\/figcaption><\/figure><\/div>\n\n\n<p>Ao entregar o presente, explique brevemente como cada item se encaixa no per\u00edodo da manh\u00e3 ou da noite para incentivar a cria\u00e7\u00e3o de um novo h\u00e1bito. Essa orienta\u00e7\u00e3o personalizada demonstra que voc\u00ea pensou n\u00e3o apenas no objeto, mas no <strong>bem-estar<\/strong> e na qualidade de vida que ele proporciona.<\/p>\n\n\n\n<h2 class=\"wp-block-heading\">Autocuidado \u00e9 o melhor caminho para celebrar a maternidade<\/h2>\n\n\n\n<p>Investir em produtos de <strong>higiene pessoal<\/strong> e est\u00e9tica \u00e9 uma maneira clara de validar a import\u00e2ncia do tempo que ela dedica a si mesma. Quando uma m\u00e3e recebe ferramentas que facilitam esse processo, o incentivo para cuidar da pr\u00f3pria sa\u00fade f\u00edsica e mental torna-se muito mais natural e prazeroso.<\/p>\n\n\n\n<p>O presente ideal \u00e9 aquele que se torna um momento de pausa e prazer em meio \u00e0s responsabilidades, funcionando como um abra\u00e7o di\u00e1rio em forma de cuidado. Escolha com carinho, observando os pequenos detalhes, e transforme este domingo em um marco para a renova\u00e7\u00e3o da confian\u00e7a e do amor pr\u00f3prio dela.<\/p>\n","protected":false},"excerpt":{"rendered":"<p>Escolher o item ideal para o Dia das M\u00e3es exige uma an\u00e1lise cuidadosa sobre a utilidade real de cada cosm\u00e9tico ou acess\u00f3rio no cotidiano feminino. A chave para n\u00e3o errar no presente de beleza est\u00e1 em selecionar produtos que unam alta tecnologia dermatol\u00f3gica com a praticidade necess\u00e1ria para os dias agitados. Como escolher cosm\u00e9ticos funcionais [&hellip;]<\/p>\n","protected":false},"author":9,"featured_media":233775,"comment_status":"open","ping_status":"open","sticky":false,"template":"","format":"standard","meta":{"_yoast_wpseo_focuskw":"Presentes de beleza","_yoast_wpseo_title":"","_yoast_wpseo_metadesc":"Sugest\u00f5es de beleza pr\u00e1ticas e funcionais para presentear com eleg\u00e2ncia e facilitar a rotina no Dia das M\u00e3es.","jnews-multi-image_gallery":[],"jnews_single_post":{"format":"standard"},"jnews_primary_category":[],"jnews_social_meta":[],"jnews_override_counter":[],"footnotes":""},"categories":[124],"tags":[],"class_list":["post-233371","post","type-post","status-publish","format-standard","has-post-thumbnail","hentry","category-beleza"],"yoast_head":"<!-- This site is optimized with the Yoast SEO plugin v24.6 - https:\/\/yoast.com\/wordpress\/plugins\/seo\/ -->\n<title>Presentes de beleza para o Dia das M\u00e3es que transformam a rotina de autocuidado - Correio Braziliense - Radar<\/title>\n<meta name=\"description\" content=\"Sugest\u00f5es de beleza pr\u00e1ticas e funcionais para presentear com eleg\u00e2ncia e facilitar a rotina no Dia das M\u00e3es.\" \/>\n<meta name=\"robots\" content=\"index, follow, max-snippet:-1, max-image-preview:large, max-video-preview:-1\" \/>\n<link rel=\"canonical\" href=\"https:\/\/www.correiobraziliense.com.br\/cbradar\/presentes-de-beleza-para-o-dia-das-maes-que-transformam-a-rotina-de-autocuidado\/\" \/>\n<meta property=\"og:locale\" content=\"pt_BR\" \/>\n<meta property=\"og:type\" content=\"article\" \/>\n<meta property=\"og:title\" content=\"Presentes de beleza para o Dia das M\u00e3es que transformam a rotina de autocuidado - Correio Braziliense - Radar\" \/>\n<meta property=\"og:description\" content=\"Sugest\u00f5es de beleza pr\u00e1ticas e funcionais para presentear com eleg\u00e2ncia e facilitar a rotina no Dia das M\u00e3es.\" \/>\n<meta property=\"og:url\" content=\"https:\/\/www.correiobraziliense.com.br\/cbradar\/presentes-de-beleza-para-o-dia-das-maes-que-transformam-a-rotina-de-autocuidado\/\" \/>\n<meta property=\"og:site_name\" content=\"Correio Braziliense - Radar\" \/>\n<meta property=\"article:published_time\" content=\"2026-04-29T13:05:00+00:00\" \/>\n<meta property=\"og:image\" content=\"https:\/\/www.correiobraziliense.com.br\/cbradar\/wp-content\/uploads\/2026\/04\/Filha_entregando_kit_202604281435.jpg\" \/>\n\t<meta property=\"og:image:width\" content=\"1280\" \/>\n\t<meta property=\"og:image:height\" content=\"720\" \/>\n\t<meta property=\"og:image:type\" content=\"image\/jpeg\" \/>\n<meta name=\"author\" content=\"Daniely Cardoso\" \/>\n<meta name=\"twitter:card\" content=\"summary_large_image\" \/>\n<meta name=\"twitter:label1\" content=\"Escrito por\" \/>\n\t<meta name=\"twitter:data1\" content=\"Daniely Cardoso\" \/>\n\t<meta name=\"twitter:label2\" content=\"Est. tempo de leitura\" \/>\n\t<meta name=\"twitter:data2\" content=\"4 minutos\" \/>\n<!-- \/ Yoast SEO plugin. -->","yoast_head_json":{"title":"Presentes de beleza para o Dia das M\u00e3es que transformam a rotina de autocuidado - Correio Braziliense - Radar","description":"Sugest\u00f5es de beleza pr\u00e1ticas e funcionais para presentear com eleg\u00e2ncia e facilitar a rotina no Dia das M\u00e3es.","robots":{"index":"index","follow":"follow","max-snippet":"max-snippet:-1","max-image-preview":"max-image-preview:large","max-video-preview":"max-video-preview:-1"},"canonical":"https:\/\/www.correiobraziliense.com.br\/cbradar\/presentes-de-beleza-para-o-dia-das-maes-que-transformam-a-rotina-de-autocuidado\/","og_locale":"pt_BR","og_type":"article","og_title":"Presentes de beleza para o Dia das M\u00e3es que transformam a rotina de autocuidado - Correio Braziliense - Radar","og_description":"Sugest\u00f5es de beleza pr\u00e1ticas e funcionais para presentear com eleg\u00e2ncia e facilitar a rotina no Dia das M\u00e3es.","og_url":"https:\/\/www.correiobraziliense.com.br\/cbradar\/presentes-de-beleza-para-o-dia-das-maes-que-transformam-a-rotina-de-autocuidado\/","og_site_name":"Correio Braziliense - Radar","article_published_time":"2026-04-29T13:05:00+00:00","og_image":[{"width":1280,"height":720,"url":"https:\/\/www.correiobraziliense.com.br\/cbradar\/wp-content\/uploads\/2026\/04\/Filha_entregando_kit_202604281435.jpg","type":"image\/jpeg"}],"author":"Daniely Cardoso","twitter_card":"summary_large_image","twitter_misc":{"Escrito por":"Daniely Cardoso","Est. tempo de leitura":"4 minutos"},"schema":{"@context":"https:\/\/schema.org","@graph":[{"@type":"WebPage","@id":"https:\/\/www.correiobraziliense.com.br\/cbradar\/presentes-de-beleza-para-o-dia-das-maes-que-transformam-a-rotina-de-autocuidado\/","url":"https:\/\/www.correiobraziliense.com.br\/cbradar\/presentes-de-beleza-para-o-dia-das-maes-que-transformam-a-rotina-de-autocuidado\/","name":"Presentes de beleza para o Dia das M\u00e3es que transformam a rotina de autocuidado - Correio Braziliense - Radar","isPartOf":{"@id":"https:\/\/www.correiobraziliense.com.br\/cbradar\/#website"},"primaryImageOfPage":{"@id":"https:\/\/www.correiobraziliense.com.br\/cbradar\/presentes-de-beleza-para-o-dia-das-maes-que-transformam-a-rotina-de-autocuidado\/#primaryimage"},"image":{"@id":"https:\/\/www.correiobraziliense.com.br\/cbradar\/presentes-de-beleza-para-o-dia-das-maes-que-transformam-a-rotina-de-autocuidado\/#primaryimage"},"thumbnailUrl":"https:\/\/www.correiobraziliense.com.br\/cbradar\/wp-content\/uploads\/2026\/04\/Filha_entregando_kit_202604281435.jpg","datePublished":"2026-04-29T13:05:00+00:00","author":{"@id":"https:\/\/www.correiobraziliense.com.br\/cbradar\/#\/schema\/person\/7356666e12ec0ee53f348ee5db227032"},"description":"Sugest\u00f5es de beleza pr\u00e1ticas e funcionais para presentear com eleg\u00e2ncia e facilitar a rotina no Dia das M\u00e3es.","breadcrumb":{"@id":"https:\/\/www.correiobraziliense.com.br\/cbradar\/presentes-de-beleza-para-o-dia-das-maes-que-transformam-a-rotina-de-autocuidado\/#breadcrumb"},"inLanguage":"pt-BR","potentialAction":[{"@type":"ReadAction","target":["https:\/\/www.correiobraziliense.com.br\/cbradar\/presentes-de-beleza-para-o-dia-das-maes-que-transformam-a-rotina-de-autocuidado\/"]}]},{"@type":"ImageObject","inLanguage":"pt-BR","@id":"https:\/\/www.correiobraziliense.com.br\/cbradar\/presentes-de-beleza-para-o-dia-das-maes-que-transformam-a-rotina-de-autocuidado\/#primaryimage","url":"https:\/\/www.correiobraziliense.com.br\/cbradar\/wp-content\/uploads\/2026\/04\/Filha_entregando_kit_202604281435.jpg","contentUrl":"https:\/\/www.correiobraziliense.com.br\/cbradar\/wp-content\/uploads\/2026\/04\/Filha_entregando_kit_202604281435.jpg","width":1280,"height":720,"caption":"Produtos de autocuidado ajudam a criar momentos de pausa no dia"},{"@type":"BreadcrumbList","@id":"https:\/\/www.correiobraziliense.com.br\/cbradar\/presentes-de-beleza-para-o-dia-das-maes-que-transformam-a-rotina-de-autocuidado\/#breadcrumb","itemListElement":[{"@type":"ListItem","position":1,"name":"In\u00edcio","item":"https:\/\/www.correiobraziliense.com.br\/cbradar\/"},{"@type":"ListItem","position":2,"name":"Presentes de beleza para o Dia das M\u00e3es que transformam a rotina de autocuidado"}]},{"@type":"WebSite","@id":"https:\/\/www.correiobraziliense.com.br\/cbradar\/#website","url":"https:\/\/www.correiobraziliense.com.br\/cbradar\/","name":"Correio Braziliense - Radar","description":"Acompanhe as \u00faltimas not\u00edcias e fique bem informado sobre tudo o que acontece no Brasil e no mundo.","potentialAction":[{"@type":"SearchAction","target":{"@type":"EntryPoint","urlTemplate":"https:\/\/www.correiobraziliense.com.br\/cbradar\/?s={search_term_string}"},"query-input":{"@type":"PropertyValueSpecification","valueRequired":true,"valueName":"search_term_string"}}],"inLanguage":"pt-BR"},{"@type":"Person","@id":"https:\/\/www.correiobraziliense.com.br\/cbradar\/#\/schema\/person\/7356666e12ec0ee53f348ee5db227032","name":"Daniely Cardoso","image":{"@type":"ImageObject","inLanguage":"pt-BR","@id":"https:\/\/www.correiobraziliense.com.br\/cbradar\/#\/schema\/person\/image\/","url":"https:\/\/secure.gravatar.com\/avatar\/4b80ddbd124d1f071b626d52d62e5dff?s=96&d=mm&r=g","contentUrl":"https:\/\/secure.gravatar.com\/avatar\/4b80ddbd124d1f071b626d52d62e5dff?s=96&d=mm&r=g","caption":"Daniely Cardoso"},"description":"Redatora nos portais CB Radar e EM Foco, formada pela Universidade Federal de Goi\u00e1s, em Goi\u00e2nia. Apaixonada por comunica\u00e7\u00e3o, arte, decora\u00e7\u00e3o e tend\u00eancias, atuo na produ\u00e7\u00e3o de conte\u00fados envolventes sobre curiosidades, moda, beleza e paisagismo, sempre com um olhar atento \u00e0s novidades do momento.","sameAs":["https:\/\/www.correiobraziliense.com.br\/cbradar"],"url":"https:\/\/www.correiobraziliense.com.br\/cbradar\/author\/danielymyth\/"}]}},"_links":{"self":[{"href":"https:\/\/www.correiobraziliense.com.br\/cbradar\/wp-json\/wp\/v2\/posts\/233371","targetHints":{"allow":["GET"]}}],"collection":[{"href":"https:\/\/www.correiobraziliense.com.br\/cbradar\/wp-json\/wp\/v2\/posts"}],"about":[{"href":"https:\/\/www.correiobraziliense.com.br\/cbradar\/wp-json\/wp\/v2\/types\/post"}],"author":[{"embeddable":true,"href":"https:\/\/www.correiobraziliense.com.br\/cbradar\/wp-json\/wp\/v2\/users\/9"}],"replies":[{"embeddable":true,"href":"https:\/\/www.correiobraziliense.com.br\/cbradar\/wp-json\/wp\/v2\/comments?post=233371"}],"version-history":[{"count":1,"href":"https:\/\/www.correiobraziliense.com.br\/cbradar\/wp-json\/wp\/v2\/posts\/233371\/revisions"}],"predecessor-version":[{"id":233380,"href":"https:\/\/www.correiobraziliense.com.br\/cbradar\/wp-json\/wp\/v2\/posts\/233371\/revisions\/233380"}],"wp:featuredmedia":[{"embeddable":true,"href":"https:\/\/www.correiobraziliense.com.br\/cbradar\/wp-json\/wp\/v2\/media\/233775"}],"wp:attachment":[{"href":"https:\/\/www.correiobraziliense.com.br\/cbradar\/wp-json\/wp\/v2\/media?parent=233371"}],"wp:term":[{"taxonomy":"category","embeddable":true,"href":"https:\/\/www.correiobraziliense.com.br\/cbradar\/wp-json\/wp\/v2\/categories?post=233371"},{"taxonomy":"post_tag","embeddable":true,"href":"https:\/\/www.correiobraziliense.com.br\/cbradar\/wp-json\/wp\/v2\/tags?post=233371"}],"curies":[{"name":"wp","href":"https:\/\/api.w.org\/{rel}","templated":true}]}}