{"id":233375,"date":"2026-04-29T16:55:00","date_gmt":"2026-04-29T19:55:00","guid":{"rendered":"https:\/\/www.correiobraziliense.com.br\/cbradar\/?p=233375"},"modified":"2026-04-29T18:46:24","modified_gmt":"2026-04-29T21:46:24","slug":"quanto-custa-adaptar-uma-kombi-em-um-mini-motorhome-pratico-para-fazer-viagens-curtas-no-fim-de-semana","status":"publish","type":"post","link":"https:\/\/www.correiobraziliense.com.br\/cbradar\/quanto-custa-adaptar-uma-kombi-em-um-mini-motorhome-pratico-para-fazer-viagens-curtas-no-fim-de-semana\/","title":{"rendered":"Quanto custa adaptar uma Kombi em um mini motorhome pr\u00e1tico para fazer viagens curtas no fim de semana"},"content":{"rendered":"\n<p>Mais de 1,5 milh\u00e3o de unidades da <strong>Kombi<\/strong> nasceram nas f\u00e1bricas do Brasil. O <strong>custo adaptar Kombi em mini motorhome<\/strong> parte de 15 mil reais de investimento b\u00e1sico. Esse valor rodovi\u00e1rio varia muito de acordo com o n\u00edvel da marcenaria e dos equipamentos de energia escolhidos.<\/p>\n\n\n\n<h2 class=\"wp-block-heading\">Quais s\u00e3o as despesas com o isolamento t\u00e9rmico e o revestimento?<\/h2>\n\n\n\n<p>A lataria original do ve\u00edculo ferve sob o sol forte e congela durante a madrugada. O primeiro passo da montagem exige a instala\u00e7\u00e3o de mantas t\u00e9rmicas, como o revestimento 3TC ou a l\u00e3 de rocha, para garantir conforto na hora de dormir.<\/p>\n\n\n\n<p>O valor desse isolamento inicial fica em torno de <strong>1.500 reais<\/strong>. O acabamento sobre essas mantas normalmente \u00e9 feito com compensado naval, um material leve que n\u00e3o sobrecarrega o motor antigo da cl\u00e1ssica van da <a href=\"https:\/\/pt.wikipedia.org\/wiki\/Volkswagen\" target=\"_blank\" rel=\"noreferrer noopener\"><strong>Volkswagen<\/strong><\/a>.<\/p>\n\n\n<div class=\"wp-block-image\">\n<figure class=\"aligncenter size-full\"><img decoding=\"async\" width=\"1280\" height=\"720\" src=\"https:\/\/www.correiobraziliense.com.br\/cbradar\/wp-content\/uploads\/2026\/04\/IMAGEM_720p_1777347356303.jpg\" alt=\"Detalhadamente o or\u00e7amento necess\u00e1rio e os equipamentos b\u00e1sicos para montar uma van de recrea\u00e7\u00e3o\" class=\"wp-image-233377\" srcset=\"https:\/\/www.correiobraziliense.com.br\/cbradar\/wp-content\/uploads\/2026\/04\/IMAGEM_720p_1777347356303.jpg 1280w, https:\/\/www.correiobraziliense.com.br\/cbradar\/wp-content\/uploads\/2026\/04\/IMAGEM_720p_1777347356303-300x169.jpg 300w, https:\/\/www.correiobraziliense.com.br\/cbradar\/wp-content\/uploads\/2026\/04\/IMAGEM_720p_1777347356303-768x432.jpg 768w, https:\/\/www.correiobraziliense.com.br\/cbradar\/wp-content\/uploads\/2026\/04\/IMAGEM_720p_1777347356303-750x422.jpg 750w, https:\/\/www.correiobraziliense.com.br\/cbradar\/wp-content\/uploads\/2026\/04\/IMAGEM_720p_1777347356303-1140x641.jpg 1140w\" sizes=\"(max-width: 1280px) 100vw, 1280px\" \/><figcaption class=\"wp-element-caption\">Detalhadamente o or\u00e7amento necess\u00e1rio e os equipamentos b\u00e1sicos para montar uma van de recrea\u00e7\u00e3o<\/figcaption><\/figure><\/div>\n\n\n<h2 class=\"wp-block-heading\">Quanto dinheiro vai para a marcenaria inteligente do ve\u00edculo?<\/h2>\n\n\n\n<p>A estrutura de madeira representa a espinha dorsal de qualquer casa rodante moderna. O projeto precisa de uma cama retr\u00e1til, pequenos arm\u00e1rios a\u00e9reos e uma bancada firme para cozinhar, exigindo recortes milim\u00e9tricos para aproveitar cada espa\u00e7o livre da cabine traseira.<\/p>\n\n\n\n<p>Marceneiros especializados cobram entre <strong>5 mil<\/strong> e <strong>12 mil reais<\/strong> por um servi\u00e7o sob medida completo. Voc\u00ea consegue reduzir esse valor se tiver ferramentas pr\u00f3prias e decidir cortar a madeira na garagem de casa nos finais de semana.<\/p>\n\n\n\n<p>A decis\u00e3o entre construir os m\u00f3veis sozinho ou contratar um especialista muda radicalmente o pre\u00e7o final da reforma. Avalie a diferen\u00e7a b\u00e1sica de custos para a mob\u00edlia:<\/p>\n\n\n\n<figure class=\"wp-block-table\"><table class=\"has-fixed-layout\"><tbody><tr><th>M\u00e9todo de Constru\u00e7\u00e3o<\/th><th>Custo Estimado<\/th><th>Tempo de Execu\u00e7\u00e3o<\/th><\/tr><tr><td>Fa\u00e7a voc\u00ea mesmo (DIY)<\/td><td><strong>3 mil reais<\/strong><\/td><td>3 a 5 meses<\/td><\/tr><tr><td>Servi\u00e7o profissional<\/td><td><strong>10 mil reais<\/strong><\/td><td>30 a 45 dias<\/td><\/tr><\/tbody><\/table><\/figure>\n\n\n\n<h2 class=\"wp-block-heading\">Como calcular o investimento no sistema el\u00e9trico b\u00e1sico?<\/h2>\n\n\n\n<p>Viagens de curta dura\u00e7\u00e3o exigem pouca autonomia energ\u00e9tica, mas voc\u00ea precisar\u00e1 de luz interna e tomadas ativas para carregar o celular. O kit inicial pede uma bateria estacion\u00e1ria de <strong>115 amperes<\/strong>, fia\u00e7\u00e3o adequada e um pequeno gerador no teto.<\/p>\n\n\n\n<p>O or\u00e7amento para a parte el\u00e9trica exige aten\u00e7\u00e3o aos cabos e disjuntores de seguran\u00e7a. Os itens essenciais custam cerca de <strong>4 mil reais<\/strong>. Analise os equipamentos b\u00e1sicos para a montagem:<\/p>\n\n\n\n<ul class=\"wp-block-list\">\n<li><strong>Painel solar:<\/strong> Placa de <strong>150W<\/strong> para garantir a carga cont\u00ednua durante o dia.<\/li>\n\n\n\n<li><strong>Controlador de carga:<\/strong> Aparelho que estabiliza a energia enviada para a central.<\/li>\n\n\n\n<li><strong>Bateria estacion\u00e1ria:<\/strong> Armazena a carga limpa para o uso seguro durante a noite.<\/li>\n<\/ul>\n\n\n\n<p>Leia tamb\u00e9m: <a href=\"https:\/\/www.correiobraziliense.com.br\/cbradar\/nem-cru-nem-em-excesso-como-consumir-aveia-do-jeito-certo-para-melhorar-a-digestao\/\" target=\"_blank\" rel=\"noreferrer noopener\">Nem cru, nem em excesso: como consumir aveia do jeito certo para melhorar a digest\u00e3o<\/a><\/p>\n\n\n\n<h2 class=\"wp-block-heading\">O que \u00e9 preciso para montar a mini cozinha e o abastecimento de \u00e1gua?<\/h2>\n\n\n\n<p>O cozinheiro da estrada precisa de um fogareiro port\u00e1til a g\u00e1s e um pequeno frigobar de <strong>12 volts<\/strong>. A geladeira automotiva consome uma parte consider\u00e1vel do or\u00e7amento, custando perto de <strong>2 mil reais<\/strong> em lojas focadas em equipamentos de campismo.<\/p>\n\n\n\n<p>A pia funciona com bombas de \u00e1gua autom\u00e1ticas conectadas a gal\u00f5es de <strong>20 litros<\/strong>, separando a \u00e1gua limpa do descarte final. Esse sistema hidr\u00e1ulico simples custa em m\u00e9dia <strong>500 reais<\/strong> e resolve todas as demandas sanit\u00e1rias de um feriado.<\/p>\n\n\n<div class=\"wp-block-image\">\n<figure class=\"aligncenter size-full\"><img decoding=\"async\" width=\"1280\" height=\"720\" src=\"https:\/\/www.correiobraziliense.com.br\/cbradar\/wp-content\/uploads\/2026\/04\/IMAGEM_720p_1777347348590.jpg\" alt=\"Detalhadamente o or\u00e7amento necess\u00e1rio e os equipamentos b\u00e1sicos para montar uma van de recrea\u00e7\u00e3o\" class=\"wp-image-233376\" srcset=\"https:\/\/www.correiobraziliense.com.br\/cbradar\/wp-content\/uploads\/2026\/04\/IMAGEM_720p_1777347348590.jpg 1280w, https:\/\/www.correiobraziliense.com.br\/cbradar\/wp-content\/uploads\/2026\/04\/IMAGEM_720p_1777347348590-300x169.jpg 300w, https:\/\/www.correiobraziliense.com.br\/cbradar\/wp-content\/uploads\/2026\/04\/IMAGEM_720p_1777347348590-768x432.jpg 768w, https:\/\/www.correiobraziliense.com.br\/cbradar\/wp-content\/uploads\/2026\/04\/IMAGEM_720p_1777347348590-750x422.jpg 750w, https:\/\/www.correiobraziliense.com.br\/cbradar\/wp-content\/uploads\/2026\/04\/IMAGEM_720p_1777347348590-1140x641.jpg 1140w\" sizes=\"(max-width: 1280px) 100vw, 1280px\" \/><figcaption class=\"wp-element-caption\">Detalhadamente o or\u00e7amento necess\u00e1rio e os equipamentos b\u00e1sicos para montar uma van de recrea\u00e7\u00e3o<\/figcaption><\/figure><\/div>\n\n\n<h3 class=\"wp-block-heading\">Vale a pena instalar um banheiro fixo internamente?<\/h3>\n\n\n\n<p>A falta de espa\u00e7o interno torna a instala\u00e7\u00e3o de um banheiro fixo algo muito complexo e apertado. A solu\u00e7\u00e3o mais barata e funcional para os trajetos curtos \u00e9 o uso de um sanit\u00e1rio port\u00e1til ecol\u00f3gico, que custa cerca de <strong>600 reais<\/strong>.<\/p>\n\n\n\n<p>A higieniza\u00e7\u00e3o fica por conta de chuveiros port\u00e1teis recarreg\u00e1veis acoplados na tampa do porta-malas aberto. Essa estrutura externa improvisada elimina a necessidade de construir um box de fibra de vidro, economizando espa\u00e7o vital e muito dinheiro no seu planejamento.<\/p>\n\n\n\n<h2 class=\"wp-block-heading\">Qual \u00e9 o custo da revis\u00e3o mec\u00e2nica antes de pegar a estrada?<\/h2>\n\n\n\n<p>O peso extra da madeira e dos equipamentos de energia afeta diretamente o comportamento do motor traseiro. Um ve\u00edculo utilit\u00e1rio fabricado h\u00e1 d\u00e9cadas precisa de uma inspe\u00e7\u00e3o rigorosa nos freios, na suspens\u00e3o e no sistema de arrefecimento de \u00f3leo.<\/p>\n\n\n\n<p>O dono do carro deve reservar pelo menos <strong>3 mil reais<\/strong> apenas para trocar correias ressecadas, lonas de freio e pneus desgastados. Negligenciar a sa\u00fade mec\u00e2nica transforma a aventura em longas horas de espera por um guincho na estrada.<\/p>\n\n\n\n<h2 class=\"wp-block-heading\">Quais s\u00e3o as taxas para regularizar a documenta\u00e7\u00e3o no tr\u00e2nsito?<\/h2>\n\n\n\n<p>A legisla\u00e7\u00e3o de tr\u00e2nsito exige que a modifica\u00e7\u00e3o interna conste no documento oficial do carro. Circular com m\u00f3veis soltos ou um botij\u00e3o de g\u00e1s sem a devida vistoria t\u00e9cnica resulta em multas pesadas e na apreens\u00e3o imediata do ve\u00edculo.<\/p>\n\n\n\n<p>O processo legal exige o pagamento de taxas da <a href=\"https:\/\/www.gov.br\/transportes\/pt-br\/assuntos\/transito\/senatran\" target=\"_blank\" rel=\"noreferrer noopener\"><strong>Secretaria Nacional de Tr\u00e2nsito<\/strong><\/a>, consumindo cerca de <strong>1.500 reais<\/strong>. Cumprir essas regras encerra o planejamento com seguran\u00e7a, permitindo que voc\u00ea ligue o motor e aproveite a liberdade da natureza com tranquilidade. Qual ser\u00e1 sua primeira rota?<\/p>\n","protected":false},"excerpt":{"rendered":"<p>Mais de 1,5 milh\u00e3o de unidades da Kombi nasceram nas f\u00e1bricas do Brasil. O custo adaptar Kombi em mini motorhome parte de 15 mil reais de investimento b\u00e1sico. Esse valor rodovi\u00e1rio varia muito de acordo com o n\u00edvel da marcenaria e dos equipamentos de energia escolhidos. Quais s\u00e3o as despesas com o isolamento t\u00e9rmico e [&hellip;]<\/p>\n","protected":false},"author":11,"featured_media":233749,"comment_status":"open","ping_status":"open","sticky":false,"template":"","format":"standard","meta":{"_yoast_wpseo_focuskw":"custo adaptar Kombi em mini motorhome","_yoast_wpseo_title":"","_yoast_wpseo_metadesc":"O sonho de ter uma casa sobre rodas exige planejamento financeiro detalhado. Calcule o or\u00e7amento b\u00e1sico para montar o seu utilit\u00e1rio de viagens.","jnews-multi-image_gallery":[],"jnews_single_post":{"format":"standard"},"jnews_primary_category":[],"jnews_social_meta":[],"jnews_override_counter":[],"footnotes":""},"categories":[143],"tags":[887,18289,7288],"class_list":["post-233375","post","type-post","status-publish","format-standard","has-post-thumbnail","hentry","category-casa-e-decoracao","tag-casa","tag-kombi","tag-motorhome"],"yoast_head":"<!-- This site is optimized with the Yoast SEO plugin v24.6 - https:\/\/yoast.com\/wordpress\/plugins\/seo\/ -->\n<title>Quanto custa adaptar uma Kombi em um mini motorhome pr\u00e1tico para fazer viagens curtas no fim de semana - Correio Braziliense - Radar<\/title>\n<meta name=\"description\" content=\"O sonho de ter uma casa sobre rodas exige planejamento financeiro detalhado. Calcule o or\u00e7amento b\u00e1sico para montar o seu utilit\u00e1rio de viagens.\" \/>\n<meta name=\"robots\" content=\"index, follow, max-snippet:-1, max-image-preview:large, max-video-preview:-1\" \/>\n<link rel=\"canonical\" href=\"https:\/\/www.correiobraziliense.com.br\/cbradar\/quanto-custa-adaptar-uma-kombi-em-um-mini-motorhome-pratico-para-fazer-viagens-curtas-no-fim-de-semana\/\" \/>\n<meta property=\"og:locale\" content=\"pt_BR\" \/>\n<meta property=\"og:type\" content=\"article\" \/>\n<meta property=\"og:title\" content=\"Quanto custa adaptar uma Kombi em um mini motorhome pr\u00e1tico para fazer viagens curtas no fim de semana - Correio Braziliense - Radar\" \/>\n<meta property=\"og:description\" content=\"O sonho de ter uma casa sobre rodas exige planejamento financeiro detalhado. Calcule o or\u00e7amento b\u00e1sico para montar o seu utilit\u00e1rio de viagens.\" \/>\n<meta property=\"og:url\" content=\"https:\/\/www.correiobraziliense.com.br\/cbradar\/quanto-custa-adaptar-uma-kombi-em-um-mini-motorhome-pratico-para-fazer-viagens-curtas-no-fim-de-semana\/\" \/>\n<meta property=\"og:site_name\" content=\"Correio Braziliense - Radar\" \/>\n<meta property=\"article:published_time\" content=\"2026-04-29T19:55:00+00:00\" \/>\n<meta property=\"article:modified_time\" content=\"2026-04-29T21:46:24+00:00\" \/>\n<meta property=\"og:image\" content=\"https:\/\/www.correiobraziliense.com.br\/cbradar\/wp-content\/uploads\/2026\/04\/Kombi_adaptada_mini_202604281331.jpg\" \/>\n\t<meta property=\"og:image:width\" content=\"1280\" \/>\n\t<meta property=\"og:image:height\" content=\"720\" \/>\n\t<meta property=\"og:image:type\" content=\"image\/jpeg\" \/>\n<meta name=\"author\" content=\"Paulo Custodio\" \/>\n<meta name=\"twitter:card\" content=\"summary_large_image\" \/>\n<meta name=\"twitter:label1\" content=\"Escrito por\" \/>\n\t<meta name=\"twitter:data1\" content=\"Paulo Custodio\" \/>\n\t<meta name=\"twitter:label2\" content=\"Est. tempo de leitura\" \/>\n\t<meta name=\"twitter:data2\" content=\"5 minutos\" \/>\n<!-- \/ Yoast SEO plugin. -->","yoast_head_json":{"title":"Quanto custa adaptar uma Kombi em um mini motorhome pr\u00e1tico para fazer viagens curtas no fim de semana - Correio Braziliense - Radar","description":"O sonho de ter uma casa sobre rodas exige planejamento financeiro detalhado. Calcule o or\u00e7amento b\u00e1sico para montar o seu utilit\u00e1rio de viagens.","robots":{"index":"index","follow":"follow","max-snippet":"max-snippet:-1","max-image-preview":"max-image-preview:large","max-video-preview":"max-video-preview:-1"},"canonical":"https:\/\/www.correiobraziliense.com.br\/cbradar\/quanto-custa-adaptar-uma-kombi-em-um-mini-motorhome-pratico-para-fazer-viagens-curtas-no-fim-de-semana\/","og_locale":"pt_BR","og_type":"article","og_title":"Quanto custa adaptar uma Kombi em um mini motorhome pr\u00e1tico para fazer viagens curtas no fim de semana - Correio Braziliense - Radar","og_description":"O sonho de ter uma casa sobre rodas exige planejamento financeiro detalhado. Calcule o or\u00e7amento b\u00e1sico para montar o seu utilit\u00e1rio de viagens.","og_url":"https:\/\/www.correiobraziliense.com.br\/cbradar\/quanto-custa-adaptar-uma-kombi-em-um-mini-motorhome-pratico-para-fazer-viagens-curtas-no-fim-de-semana\/","og_site_name":"Correio Braziliense - Radar","article_published_time":"2026-04-29T19:55:00+00:00","article_modified_time":"2026-04-29T21:46:24+00:00","og_image":[{"width":1280,"height":720,"url":"https:\/\/www.correiobraziliense.com.br\/cbradar\/wp-content\/uploads\/2026\/04\/Kombi_adaptada_mini_202604281331.jpg","type":"image\/jpeg"}],"author":"Paulo Custodio","twitter_card":"summary_large_image","twitter_misc":{"Escrito por":"Paulo Custodio","Est. tempo de leitura":"5 minutos"},"schema":{"@context":"https:\/\/schema.org","@graph":[{"@type":"WebPage","@id":"https:\/\/www.correiobraziliense.com.br\/cbradar\/quanto-custa-adaptar-uma-kombi-em-um-mini-motorhome-pratico-para-fazer-viagens-curtas-no-fim-de-semana\/","url":"https:\/\/www.correiobraziliense.com.br\/cbradar\/quanto-custa-adaptar-uma-kombi-em-um-mini-motorhome-pratico-para-fazer-viagens-curtas-no-fim-de-semana\/","name":"Quanto custa adaptar uma Kombi em um mini motorhome pr\u00e1tico para fazer viagens curtas no fim de semana - Correio Braziliense - Radar","isPartOf":{"@id":"https:\/\/www.correiobraziliense.com.br\/cbradar\/#website"},"primaryImageOfPage":{"@id":"https:\/\/www.correiobraziliense.com.br\/cbradar\/quanto-custa-adaptar-uma-kombi-em-um-mini-motorhome-pratico-para-fazer-viagens-curtas-no-fim-de-semana\/#primaryimage"},"image":{"@id":"https:\/\/www.correiobraziliense.com.br\/cbradar\/quanto-custa-adaptar-uma-kombi-em-um-mini-motorhome-pratico-para-fazer-viagens-curtas-no-fim-de-semana\/#primaryimage"},"thumbnailUrl":"https:\/\/www.correiobraziliense.com.br\/cbradar\/wp-content\/uploads\/2026\/04\/Kombi_adaptada_mini_202604281331.jpg","datePublished":"2026-04-29T19:55:00+00:00","dateModified":"2026-04-29T21:46:24+00:00","author":{"@id":"https:\/\/www.correiobraziliense.com.br\/cbradar\/#\/schema\/person\/4cec7857301a9a1a2ef249893cd908d3"},"description":"O sonho de ter uma casa sobre rodas exige planejamento financeiro detalhado. Calcule o or\u00e7amento b\u00e1sico para montar o seu utilit\u00e1rio de viagens.","breadcrumb":{"@id":"https:\/\/www.correiobraziliense.com.br\/cbradar\/quanto-custa-adaptar-uma-kombi-em-um-mini-motorhome-pratico-para-fazer-viagens-curtas-no-fim-de-semana\/#breadcrumb"},"inLanguage":"pt-BR","potentialAction":[{"@type":"ReadAction","target":["https:\/\/www.correiobraziliense.com.br\/cbradar\/quanto-custa-adaptar-uma-kombi-em-um-mini-motorhome-pratico-para-fazer-viagens-curtas-no-fim-de-semana\/"]}]},{"@type":"ImageObject","inLanguage":"pt-BR","@id":"https:\/\/www.correiobraziliense.com.br\/cbradar\/quanto-custa-adaptar-uma-kombi-em-um-mini-motorhome-pratico-para-fazer-viagens-curtas-no-fim-de-semana\/#primaryimage","url":"https:\/\/www.correiobraziliense.com.br\/cbradar\/wp-content\/uploads\/2026\/04\/Kombi_adaptada_mini_202604281331.jpg","contentUrl":"https:\/\/www.correiobraziliense.com.br\/cbradar\/wp-content\/uploads\/2026\/04\/Kombi_adaptada_mini_202604281331.jpg","width":1280,"height":720,"caption":"A Kombi \u00e9 popular para viagens curtas pela praticidade e tamanho compacto"},{"@type":"BreadcrumbList","@id":"https:\/\/www.correiobraziliense.com.br\/cbradar\/quanto-custa-adaptar-uma-kombi-em-um-mini-motorhome-pratico-para-fazer-viagens-curtas-no-fim-de-semana\/#breadcrumb","itemListElement":[{"@type":"ListItem","position":1,"name":"In\u00edcio","item":"https:\/\/www.correiobraziliense.com.br\/cbradar\/"},{"@type":"ListItem","position":2,"name":"Quanto custa adaptar uma Kombi em um mini motorhome pr\u00e1tico para fazer viagens curtas no fim de semana"}]},{"@type":"WebSite","@id":"https:\/\/www.correiobraziliense.com.br\/cbradar\/#website","url":"https:\/\/www.correiobraziliense.com.br\/cbradar\/","name":"Correio Braziliense - Radar","description":"Acompanhe as \u00faltimas not\u00edcias e fique bem informado sobre tudo o que acontece no Brasil e no mundo.","potentialAction":[{"@type":"SearchAction","target":{"@type":"EntryPoint","urlTemplate":"https:\/\/www.correiobraziliense.com.br\/cbradar\/?s={search_term_string}"},"query-input":{"@type":"PropertyValueSpecification","valueRequired":true,"valueName":"search_term_string"}}],"inLanguage":"pt-BR"},{"@type":"Person","@id":"https:\/\/www.correiobraziliense.com.br\/cbradar\/#\/schema\/person\/4cec7857301a9a1a2ef249893cd908d3","name":"Paulo Custodio","image":{"@type":"ImageObject","inLanguage":"pt-BR","@id":"https:\/\/www.correiobraziliense.com.br\/cbradar\/#\/schema\/person\/image\/","url":"https:\/\/secure.gravatar.com\/avatar\/bcd67168d1534e8fcf4f45c726a87cea?s=96&d=mm&r=g","contentUrl":"https:\/\/secure.gravatar.com\/avatar\/bcd67168d1534e8fcf4f45c726a87cea?s=96&d=mm&r=g","caption":"Paulo Custodio"},"sameAs":["https:\/\/www.correiobraziliense.com.br\/cbradar"],"url":"https:\/\/www.correiobraziliense.com.br\/cbradar\/author\/paulomyth\/"}]}},"_links":{"self":[{"href":"https:\/\/www.correiobraziliense.com.br\/cbradar\/wp-json\/wp\/v2\/posts\/233375","targetHints":{"allow":["GET"]}}],"collection":[{"href":"https:\/\/www.correiobraziliense.com.br\/cbradar\/wp-json\/wp\/v2\/posts"}],"about":[{"href":"https:\/\/www.correiobraziliense.com.br\/cbradar\/wp-json\/wp\/v2\/types\/post"}],"author":[{"embeddable":true,"href":"https:\/\/www.correiobraziliense.com.br\/cbradar\/wp-json\/wp\/v2\/users\/11"}],"replies":[{"embeddable":true,"href":"https:\/\/www.correiobraziliense.com.br\/cbradar\/wp-json\/wp\/v2\/comments?post=233375"}],"version-history":[{"count":1,"href":"https:\/\/www.correiobraziliense.com.br\/cbradar\/wp-json\/wp\/v2\/posts\/233375\/revisions"}],"predecessor-version":[{"id":233390,"href":"https:\/\/www.correiobraziliense.com.br\/cbradar\/wp-json\/wp\/v2\/posts\/233375\/revisions\/233390"}],"wp:featuredmedia":[{"embeddable":true,"href":"https:\/\/www.correiobraziliense.com.br\/cbradar\/wp-json\/wp\/v2\/media\/233749"}],"wp:attachment":[{"href":"https:\/\/www.correiobraziliense.com.br\/cbradar\/wp-json\/wp\/v2\/media?parent=233375"}],"wp:term":[{"taxonomy":"category","embeddable":true,"href":"https:\/\/www.correiobraziliense.com.br\/cbradar\/wp-json\/wp\/v2\/categories?post=233375"},{"taxonomy":"post_tag","embeddable":true,"href":"https:\/\/www.correiobraziliense.com.br\/cbradar\/wp-json\/wp\/v2\/tags?post=233375"}],"curies":[{"name":"wp","href":"https:\/\/api.w.org\/{rel}","templated":true}]}}