{"id":233381,"date":"2026-04-29T12:55:00","date_gmt":"2026-04-29T15:55:00","guid":{"rendered":"https:\/\/www.correiobraziliense.com.br\/cbradar\/?p=233381"},"modified":"2026-04-28T14:34:27","modified_gmt":"2026-04-28T17:34:27","slug":"para-50-luzes-bege-acinzentadas-ajudam-a-misturar-os-fios-brancos-sem-marcar-a-raiz","status":"publish","type":"post","link":"https:\/\/www.correiobraziliense.com.br\/cbradar\/para-50-luzes-bege-acinzentadas-ajudam-a-misturar-os-fios-brancos-sem-marcar-a-raiz\/","title":{"rendered":"Para 50+, luzes bege acinzentadas ajudam a misturar os fios brancos sem marcar a raiz"},"content":{"rendered":"\n<p>A transi\u00e7\u00e3o para os fios grisalhos tornou-se um s\u00edmbolo de eleg\u00e2ncia e autenticidade para mulheres que buscam praticidade sem abrir m\u00e3o da sofistica\u00e7\u00e3o. A t\u00e9cnica de <strong>mechas suaves para valorizar fios brancos<\/strong> surge como a solu\u00e7\u00e3o ideal para quem deseja suavizar o contraste da raiz sem recorrer a tinturas globais pesadas.<\/p>\n\n\n\n<h2 class=\"wp-block-heading\">Como funcionam as luzes sutis no cabelo grisalho<\/h2>\n\n\n\n<p>As <strong>mechas suaves para valorizar fios brancos<\/strong> s\u00e3o aplicadas estrategicamente para criar uma transi\u00e7\u00e3o degrad\u00ea entre a cor natural e a despigmenta\u00e7\u00e3o total. Esse m\u00e9todo evita aquela linha de demarca\u00e7\u00e3o marcada na raiz, permitindo que o crescimento do <strong>cabelo grisalho<\/strong> ocorra de forma harm\u00f4nica e menos percept\u00edvel no dia a dia.<\/p>\n\n\n\n<p>Ao escolher tons como o <strong>platinado<\/strong> ou o <strong>loiro clar\u00edssimo<\/strong>, o profissional consegue camuflar os fios brancos em meio ao restante da cabeleira. Essa t\u00e9cnica exige menos visitas ao sal\u00e3o, pois o foco est\u00e1 em iluminar o rosto e trazer profundidade visual em vez de esconder completamente a identidade dos novos fios.<\/p>\n\n\n<div class=\"wp-block-image\">\n<figure class=\"aligncenter size-full\"><img decoding=\"async\" width=\"1280\" height=\"720\" src=\"https:\/\/www.correiobraziliense.com.br\/cbradar\/wp-content\/uploads\/2026\/04\/cabelo.jpg\" alt=\"\" class=\"wp-image-233382\" srcset=\"https:\/\/www.correiobraziliense.com.br\/cbradar\/wp-content\/uploads\/2026\/04\/cabelo.jpg 1280w, https:\/\/www.correiobraziliense.com.br\/cbradar\/wp-content\/uploads\/2026\/04\/cabelo-300x169.jpg 300w, https:\/\/www.correiobraziliense.com.br\/cbradar\/wp-content\/uploads\/2026\/04\/cabelo-768x432.jpg 768w, https:\/\/www.correiobraziliense.com.br\/cbradar\/wp-content\/uploads\/2026\/04\/cabelo-750x422.jpg 750w, https:\/\/www.correiobraziliense.com.br\/cbradar\/wp-content\/uploads\/2026\/04\/cabelo-1140x641.jpg 1140w\" sizes=\"(max-width: 1280px) 100vw, 1280px\" \/><figcaption class=\"wp-element-caption\">Adotar mechas para valorizar grisalhos reduz drasticamente a agress\u00e3o qu\u00edmica nos fios, que tendem a ficar mais porosos e fr\u00e1geis <\/figcaption><\/figure><\/div>\n\n\n<p>Leia tamb\u00e9m: <a href=\"https:\/\/www.correiobraziliense.com.br\/cbradar\/4-cortes-de-cabelo-curto-que-ajudam-a-dar-mais-corpo-aos-fios-ralos-e-sem-volume\/\" target=\"_blank\" rel=\"noreferrer noopener\">4 cortes de cabelo curto que ajudam a dar mais corpo aos fios ralos e sem volume<\/a><\/p>\n\n\n\n<h2 class=\"wp-block-heading\">Benef\u00edcios da t\u00e9cnica para mulheres na maturidade<\/h2>\n\n\n\n<p>Adotar <strong>mechas para valorizar grisalhos<\/strong> reduz drasticamente a agress\u00e3o qu\u00edmica nos fios, que tendem a ficar mais porosos e fr\u00e1geis com o passar dos anos. O uso de descolorantes modernos e t\u00f4nicos neutralizantes mant\u00e9m a sa\u00fade da fibra capilar enquanto real\u00e7a o brilho natural que muitas vezes se perde no <strong>processo de envelhecimento capilar<\/strong>.<\/p>\n\n\n\n<p>Al\u00e9m da sa\u00fade do fio, a est\u00e9tica das <strong>mechas suaves<\/strong> proporciona um efeito de rejuvenescimento imediato ao suavizar as linhas de express\u00e3o atrav\u00e9s da luz. \u00c9 fundamental utilizar produtos espec\u00edficos para <strong>manuten\u00e7\u00e3o de loiros e cinzas<\/strong>, garantindo que o tom n\u00e3o oxide e permane\u00e7a vibrante por muito mais tempo entre os retoques.<\/p>\n\n\n\n<h2 class=\"wp-block-heading\">Op\u00e7\u00f5es de cores que mais combinam com o tom prata<\/h2>\n\n\n\n<p>A paleta de cores para quem deseja investir em <strong>valoriza\u00e7\u00e3o de fios brancos<\/strong> varia conforme o subtom de pele de cada mulher. Tons de <strong>gelo<\/strong> e <strong>cinza iridisc\u00eancia<\/strong> funcionam perfeitamente para peles frias, enquanto o <strong>champanhe<\/strong> e o <strong>bege<\/strong> trazem calor e equil\u00edbrio para quem possui peles mais quentes ou amareladas.<\/p>\n\n\n\n<link href=\"https:\/\/fonts.googleapis.com\/css2?family=Inter:wght@400;600;700;800&#038;display=swap\" rel=\"stylesheet\">\n<style>\n\/* Prote\u00e7\u00e3o contra inje\u00e7\u00e3o do \"Veja Tamb\u00e9m\" (JNews inline related posts) *\/\n.rdp-pontos-wrapper .jnews_inline_related_post_wrapper,\n.rdp-pontos-wrapper .jnews_inline_related_post,\n.rdp-pontos-wrapper .jeg_postblock,\n.rdp-pontos-wrapper [class*=\"jnews_inline\"],\n.rdp-pontos-wrapper [class*=\"jeg_postblock\"],\n.rdp-pontos-wrapper [class*=\"jeg_block\"] {\n  display: none !important;\n  height: 0 !important;\n  max-height: 0 !important;\n  overflow: hidden !important;\n  visibility: hidden !important;\n  margin: 0 !important;\n  padding: 0 !important;\n  border: none !important;\n  font-size: 0 !important;\n  line-height: 0 !important;\n}\n.rdp-pontos-wrapper {\n  max-width: 100%;\n  margin: 32px 0;\n  background: #F8F9FA;\n  border: 1px solid #E0E0E0;\n  border-radius: 12px;\n  padding: 28px 28px 20px;\n  font-family: 'Inter', sans-serif;\n  box-shadow: 0 4px 20px rgba(47,195,238,0.12);\n  overflow: hidden;\n  contain: layout style;\n  isolation: isolate;\n  position: relative;\n  z-index: 1;\n}\n.rdp-pontos-wrapper > *:not(.rdp-pontos-title):not(.rdp-pontos-grid) {\n  display: none !important;\n  height: 0 !important;\n  overflow: hidden !important;\n  margin: 0 !important;\n  padding: 0 !important;\n  border: none !important;\n}\n.rdp-pontos-title {\n  font-family: 'Inter', sans-serif;\n  font-size: 20px;\n  font-weight: 800;\n  color: #1A1A1A;\n  margin: 0 0 20px 0;\n  line-height: 1.3;\n  text-align: center;\n}\n.rdp-pontos-grid {\n  display: grid;\n  grid-template-columns: repeat(2, 1fr);\n  gap: 18px;\n}\n.rdp-pontos-item {\n  background: #FFFFFF;\n  border: 1px solid #E0E0E0;\n  border-top: 3px solid #2FC3EE;\n  border-radius: 10px;\n  padding: 22px 20px;\n  box-shadow: 0 2px 10px rgba(47,195,238,0.10);\n  transition: box-shadow 0.3s ease, border-color 0.3s ease;\n  text-align: center;\n}\n.rdp-pontos-item:hover {\n  box-shadow: 0 4px 20px rgba(47,195,238,0.22);\n  border-color: #2FC3EE;\n}\n.rdp-pontos-emoji {\n  font-size: 32px;\n  line-height: 1;\n  margin-bottom: 12px;\n  display: block;\n  text-align: center;\n}\n.rdp-pontos-item-title {\n  font-size: 15px;\n  font-weight: 700;\n  color: #1A1A1A;\n  margin-bottom: 8px;\n  line-height: 1.3;\n}\n.rdp-pontos-item-desc {\n  font-size: 14px;\n  color: #333333;\n  line-height: 1.6;\n  margin: 0;\n}\n@media (max-width: 768px) {\n  .rdp-pontos-wrapper {\n    padding: 20px 16px 14px;\n  }\n  .rdp-pontos-grid {\n    grid-template-columns: 1fr;\n    gap: 14px;\n  }\n  .rdp-pontos-title {\n    font-size: 18px;\n  }\n}\n<\/style>\n\n<div class=\"rdp-pontos-wrapper\">\n  <div class=\"rdp-pontos-title\">T\u00e9cnicas de Realce e Cuidados Capilares<\/div>\n  <div class=\"rdp-pontos-grid\">\n    <div class=\"rdp-pontos-item\">\n      <span class=\"rdp-pontos-emoji\">\ud83d\udca1<\/span>\n      <div class=\"rdp-pontos-item-title\">Ilumina\u00e7\u00e3o Frontal<\/div>\n      <p class=\"rdp-pontos-item-desc\">Foca em contornar o rosto para destacar o olhar e valorizar as ma\u00e7\u00e3s do rosto.<\/p>\n    <\/div>\n    <div class=\"rdp-pontos-item\">\n      <span class=\"rdp-pontos-emoji\">\ud83c\udfa8<\/span>\n      <div class=\"rdp-pontos-item-title\">T\u00e9cnica de Lowlights<\/div>\n      <p class=\"rdp-pontos-item-desc\">Insere tons mais escuros para conferir profundidade e contraste aos brancos predominantes.<\/p>\n    <\/div>\n    <div class=\"rdp-pontos-item\">\n      <span class=\"rdp-pontos-emoji\">\u2728<\/span>\n      <div class=\"rdp-pontos-item-title\">Banho de Brilho<\/div>\n      <p class=\"rdp-pontos-item-desc\">Procedimento essencial para manter a maleabilidade e garantir o reflexo espelhado dos fios.<\/p>\n    <\/div>\n    <div class=\"rdp-pontos-item\">\n      <span class=\"rdp-pontos-emoji\">\ud83d\uddd3\ufe0f<\/span>\n      <div class=\"rdp-pontos-item-title\">Cronograma Capilar<\/div>\n      <p class=\"rdp-pontos-item-desc\">Foco total em nutri\u00e7\u00e3o e hidrata\u00e7\u00e3o para evitar o amarelamento excessivo dos fios.<\/p>\n    <\/div>\n  <\/div>\n<\/div>\n<div style=\"clear:both;height:0;overflow:hidden;\"><\/div>\n\n\n\n<p>Dica de especialista: opte por mechas bem finas, conhecidas como <strong>babylights<\/strong>, para um resultado que parece natural sob a luz do sol. Escolher a tonalidade correta evita que o cabelo pare\u00e7a opaco ou sem vida, transformando o que antes era um inc\u00f4modo em um acess\u00f3rio de moda extremamente poderoso e atual.<\/p>\n\n\n\n<h2 class=\"wp-block-heading\">Cuidados essenciais para manter o brilho do platinado<\/h2>\n\n\n\n<p>A manuten\u00e7\u00e3o das <strong>mechas suaves para valorizar fios brancos<\/strong> exige o uso intercalado de shampoos matizadores para evitar o aspecto amarelado. \u00c9 recomend\u00e1vel que a lavagem seja feita com \u00e1gua morna ou fria, preservando a selagem das cut\u00edculas e mantendo os <strong>\u00f3leos naturais<\/strong> que protegem o couro cabeludo sens\u00edvel.<\/p>\n\n\n\n<p>Prote\u00e7\u00e3o t\u00e9rmica \u00e9 uma regra inegoci\u00e1vel, j\u00e1 que o calor excessivo de secadores e chapinhas pode alterar a cor das <strong>luzes no cabelo branco<\/strong>. Invista em finalizadores com filtro UV, especialmente se voc\u00ea passa muito tempo ao ar livre, para impedir que a radia\u00e7\u00e3o solar resseque e mude a tonalidade do seu <strong>grisalho iluminado<\/strong>.<\/p>\n\n\n\n<p>Se voc\u00ea gosta de dicas, separamos esse v\u00eddeo do canal da <a href=\"https:\/\/www.youtube.com\/@cristinabezerra\" target=\"_blank\" rel=\"noreferrer noopener\">Cristina Bezerra Hair Stylist<\/a> mostrando tons de loiro que cobrem cabelos brancos:<\/p>\n\n\n\n<figure class=\"wp-block-embed is-type-video is-provider-youtube wp-block-embed-youtube wp-embed-aspect-16-9 wp-has-aspect-ratio\"><div class=\"wp-block-embed__wrapper\">\n<div class=\"jeg_video_container jeg_video_content\"><iframe loading=\"lazy\" title=\"Novos Tons de Loiro Que Cobrem Cabelos Brancos\" width=\"500\" height=\"281\" src=\"https:\/\/www.youtube.com\/embed\/1-zURfxHFDw?feature=oembed\" frameborder=\"0\" allow=\"accelerometer; autoplay; clipboard-write; encrypted-media; gyroscope; picture-in-picture; web-share\" referrerpolicy=\"strict-origin-when-cross-origin\" allowfullscreen><\/iframe><\/div>\n<\/div><\/figure>\n\n\n\n<h2 class=\"wp-block-heading\">Visual renovado com a aceita\u00e7\u00e3o dos fios naturais<\/h2>\n\n\n\n<p>Apostar em <strong>mechas suaves para valorizar fios brancos<\/strong> \u00e9 um passo decisivo para uma rotina de beleza mais leve e libertadora. Essa escolha reflete uma autoconfian\u00e7a crescente, onde a mulher decide abra\u00e7ar o tempo com estilo, utilizando a <strong>colora\u00e7\u00e3o estrat\u00e9gica<\/strong> a seu favor para real\u00e7ar sua melhor vers\u00e3o.<\/p>\n\n\n\n<p>Finalizar o processo com um corte moderno ajuda a potencializar o efeito tridimensional das luzes, criando movimento e volume extra. Entender que o <strong>cabelo branco<\/strong> \u00e9 uma tela em branco permite infinitas possibilidades de personaliza\u00e7\u00e3o, tornando cada visual \u00fanico, sofisticado e perfeitamente adaptado ao estilo de vida de cada uma.<\/p>\n","protected":false},"excerpt":{"rendered":"<p>A transi\u00e7\u00e3o para os fios grisalhos tornou-se um s\u00edmbolo de eleg\u00e2ncia e autenticidade para mulheres que buscam praticidade sem abrir m\u00e3o da sofistica\u00e7\u00e3o. A t\u00e9cnica de mechas suaves para valorizar fios brancos surge como a solu\u00e7\u00e3o ideal para quem deseja suavizar o contraste da raiz sem recorrer a tinturas globais pesadas. Como funcionam as luzes [&hellip;]<\/p>\n","protected":false},"author":9,"featured_media":233774,"comment_status":"open","ping_status":"open","sticky":false,"template":"","format":"standard","meta":{"_yoast_wpseo_focuskw":"fios brancos","_yoast_wpseo_title":"","_yoast_wpseo_metadesc":"T\u00e9cnica de mechas suaves valoriza fios brancos, reduz manuten\u00e7\u00e3o e garante um visual moderno, leve e sofisticado.","jnews-multi-image_gallery":[],"jnews_single_post":{"format":"standard"},"jnews_primary_category":[],"jnews_social_meta":[],"jnews_override_counter":[],"footnotes":""},"categories":[124],"tags":[],"class_list":["post-233381","post","type-post","status-publish","format-standard","has-post-thumbnail","hentry","category-beleza"],"yoast_head":"<!-- This site is optimized with the Yoast SEO plugin v24.6 - https:\/\/yoast.com\/wordpress\/plugins\/seo\/ -->\n<title>Para 50+, luzes bege acinzentadas ajudam a misturar os fios brancos sem marcar a raiz - Correio Braziliense - Radar<\/title>\n<meta name=\"description\" content=\"T\u00e9cnica de mechas suaves valoriza fios brancos, reduz manuten\u00e7\u00e3o e garante um visual moderno, leve e sofisticado.\" \/>\n<meta name=\"robots\" content=\"index, follow, max-snippet:-1, max-image-preview:large, max-video-preview:-1\" \/>\n<link rel=\"canonical\" href=\"https:\/\/www.correiobraziliense.com.br\/cbradar\/para-50-luzes-bege-acinzentadas-ajudam-a-misturar-os-fios-brancos-sem-marcar-a-raiz\/\" \/>\n<meta property=\"og:locale\" content=\"pt_BR\" \/>\n<meta property=\"og:type\" content=\"article\" \/>\n<meta property=\"og:title\" content=\"Para 50+, luzes bege acinzentadas ajudam a misturar os fios brancos sem marcar a raiz - Correio Braziliense - Radar\" \/>\n<meta property=\"og:description\" content=\"T\u00e9cnica de mechas suaves valoriza fios brancos, reduz manuten\u00e7\u00e3o e garante um visual moderno, leve e sofisticado.\" \/>\n<meta property=\"og:url\" content=\"https:\/\/www.correiobraziliense.com.br\/cbradar\/para-50-luzes-bege-acinzentadas-ajudam-a-misturar-os-fios-brancos-sem-marcar-a-raiz\/\" \/>\n<meta property=\"og:site_name\" content=\"Correio Braziliense - Radar\" \/>\n<meta property=\"article:published_time\" content=\"2026-04-29T15:55:00+00:00\" \/>\n<meta property=\"og:image\" content=\"https:\/\/www.correiobraziliense.com.br\/cbradar\/wp-content\/uploads\/2026\/04\/Feminine_hair_with_202604281432.jpg\" \/>\n\t<meta property=\"og:image:width\" content=\"1280\" \/>\n\t<meta property=\"og:image:height\" content=\"720\" \/>\n\t<meta property=\"og:image:type\" content=\"image\/jpeg\" \/>\n<meta name=\"author\" content=\"Daniely Cardoso\" \/>\n<meta name=\"twitter:card\" content=\"summary_large_image\" \/>\n<meta name=\"twitter:label1\" content=\"Escrito por\" \/>\n\t<meta name=\"twitter:data1\" content=\"Daniely Cardoso\" \/>\n\t<meta name=\"twitter:label2\" content=\"Est. tempo de leitura\" \/>\n\t<meta name=\"twitter:data2\" content=\"5 minutos\" \/>\n<!-- \/ Yoast SEO plugin. -->","yoast_head_json":{"title":"Para 50+, luzes bege acinzentadas ajudam a misturar os fios brancos sem marcar a raiz - Correio Braziliense - Radar","description":"T\u00e9cnica de mechas suaves valoriza fios brancos, reduz manuten\u00e7\u00e3o e garante um visual moderno, leve e sofisticado.","robots":{"index":"index","follow":"follow","max-snippet":"max-snippet:-1","max-image-preview":"max-image-preview:large","max-video-preview":"max-video-preview:-1"},"canonical":"https:\/\/www.correiobraziliense.com.br\/cbradar\/para-50-luzes-bege-acinzentadas-ajudam-a-misturar-os-fios-brancos-sem-marcar-a-raiz\/","og_locale":"pt_BR","og_type":"article","og_title":"Para 50+, luzes bege acinzentadas ajudam a misturar os fios brancos sem marcar a raiz - Correio Braziliense - Radar","og_description":"T\u00e9cnica de mechas suaves valoriza fios brancos, reduz manuten\u00e7\u00e3o e garante um visual moderno, leve e sofisticado.","og_url":"https:\/\/www.correiobraziliense.com.br\/cbradar\/para-50-luzes-bege-acinzentadas-ajudam-a-misturar-os-fios-brancos-sem-marcar-a-raiz\/","og_site_name":"Correio Braziliense - Radar","article_published_time":"2026-04-29T15:55:00+00:00","og_image":[{"width":1280,"height":720,"url":"https:\/\/www.correiobraziliense.com.br\/cbradar\/wp-content\/uploads\/2026\/04\/Feminine_hair_with_202604281432.jpg","type":"image\/jpeg"}],"author":"Daniely Cardoso","twitter_card":"summary_large_image","twitter_misc":{"Escrito por":"Daniely Cardoso","Est. tempo de leitura":"5 minutos"},"schema":{"@context":"https:\/\/schema.org","@graph":[{"@type":"WebPage","@id":"https:\/\/www.correiobraziliense.com.br\/cbradar\/para-50-luzes-bege-acinzentadas-ajudam-a-misturar-os-fios-brancos-sem-marcar-a-raiz\/","url":"https:\/\/www.correiobraziliense.com.br\/cbradar\/para-50-luzes-bege-acinzentadas-ajudam-a-misturar-os-fios-brancos-sem-marcar-a-raiz\/","name":"Para 50+, luzes bege acinzentadas ajudam a misturar os fios brancos sem marcar a raiz - Correio Braziliense - Radar","isPartOf":{"@id":"https:\/\/www.correiobraziliense.com.br\/cbradar\/#website"},"primaryImageOfPage":{"@id":"https:\/\/www.correiobraziliense.com.br\/cbradar\/para-50-luzes-bege-acinzentadas-ajudam-a-misturar-os-fios-brancos-sem-marcar-a-raiz\/#primaryimage"},"image":{"@id":"https:\/\/www.correiobraziliense.com.br\/cbradar\/para-50-luzes-bege-acinzentadas-ajudam-a-misturar-os-fios-brancos-sem-marcar-a-raiz\/#primaryimage"},"thumbnailUrl":"https:\/\/www.correiobraziliense.com.br\/cbradar\/wp-content\/uploads\/2026\/04\/Feminine_hair_with_202604281432.jpg","datePublished":"2026-04-29T15:55:00+00:00","author":{"@id":"https:\/\/www.correiobraziliense.com.br\/cbradar\/#\/schema\/person\/7356666e12ec0ee53f348ee5db227032"},"description":"T\u00e9cnica de mechas suaves valoriza fios brancos, reduz manuten\u00e7\u00e3o e garante um visual moderno, leve e sofisticado.","breadcrumb":{"@id":"https:\/\/www.correiobraziliense.com.br\/cbradar\/para-50-luzes-bege-acinzentadas-ajudam-a-misturar-os-fios-brancos-sem-marcar-a-raiz\/#breadcrumb"},"inLanguage":"pt-BR","potentialAction":[{"@type":"ReadAction","target":["https:\/\/www.correiobraziliense.com.br\/cbradar\/para-50-luzes-bege-acinzentadas-ajudam-a-misturar-os-fios-brancos-sem-marcar-a-raiz\/"]}]},{"@type":"ImageObject","inLanguage":"pt-BR","@id":"https:\/\/www.correiobraziliense.com.br\/cbradar\/para-50-luzes-bege-acinzentadas-ajudam-a-misturar-os-fios-brancos-sem-marcar-a-raiz\/#primaryimage","url":"https:\/\/www.correiobraziliense.com.br\/cbradar\/wp-content\/uploads\/2026\/04\/Feminine_hair_with_202604281432.jpg","contentUrl":"https:\/\/www.correiobraziliense.com.br\/cbradar\/wp-content\/uploads\/2026\/04\/Feminine_hair_with_202604281432.jpg","width":1280,"height":720,"caption":"Luzes bege acinzentadas ajudam a disfar\u00e7ar fios brancos de forma natural"},{"@type":"BreadcrumbList","@id":"https:\/\/www.correiobraziliense.com.br\/cbradar\/para-50-luzes-bege-acinzentadas-ajudam-a-misturar-os-fios-brancos-sem-marcar-a-raiz\/#breadcrumb","itemListElement":[{"@type":"ListItem","position":1,"name":"In\u00edcio","item":"https:\/\/www.correiobraziliense.com.br\/cbradar\/"},{"@type":"ListItem","position":2,"name":"Para 50+, luzes bege acinzentadas ajudam a misturar os fios brancos sem marcar a raiz"}]},{"@type":"WebSite","@id":"https:\/\/www.correiobraziliense.com.br\/cbradar\/#website","url":"https:\/\/www.correiobraziliense.com.br\/cbradar\/","name":"Correio Braziliense - Radar","description":"Acompanhe as \u00faltimas not\u00edcias e fique bem informado sobre tudo o que acontece no Brasil e no mundo.","potentialAction":[{"@type":"SearchAction","target":{"@type":"EntryPoint","urlTemplate":"https:\/\/www.correiobraziliense.com.br\/cbradar\/?s={search_term_string}"},"query-input":{"@type":"PropertyValueSpecification","valueRequired":true,"valueName":"search_term_string"}}],"inLanguage":"pt-BR"},{"@type":"Person","@id":"https:\/\/www.correiobraziliense.com.br\/cbradar\/#\/schema\/person\/7356666e12ec0ee53f348ee5db227032","name":"Daniely Cardoso","image":{"@type":"ImageObject","inLanguage":"pt-BR","@id":"https:\/\/www.correiobraziliense.com.br\/cbradar\/#\/schema\/person\/image\/","url":"https:\/\/secure.gravatar.com\/avatar\/4b80ddbd124d1f071b626d52d62e5dff?s=96&d=mm&r=g","contentUrl":"https:\/\/secure.gravatar.com\/avatar\/4b80ddbd124d1f071b626d52d62e5dff?s=96&d=mm&r=g","caption":"Daniely Cardoso"},"description":"Redatora nos portais CB Radar e EM Foco, formada pela Universidade Federal de Goi\u00e1s, em Goi\u00e2nia. Apaixonada por comunica\u00e7\u00e3o, arte, decora\u00e7\u00e3o e tend\u00eancias, atuo na produ\u00e7\u00e3o de conte\u00fados envolventes sobre curiosidades, moda, beleza e paisagismo, sempre com um olhar atento \u00e0s novidades do momento.","sameAs":["https:\/\/www.correiobraziliense.com.br\/cbradar"],"url":"https:\/\/www.correiobraziliense.com.br\/cbradar\/author\/danielymyth\/"}]}},"_links":{"self":[{"href":"https:\/\/www.correiobraziliense.com.br\/cbradar\/wp-json\/wp\/v2\/posts\/233381","targetHints":{"allow":["GET"]}}],"collection":[{"href":"https:\/\/www.correiobraziliense.com.br\/cbradar\/wp-json\/wp\/v2\/posts"}],"about":[{"href":"https:\/\/www.correiobraziliense.com.br\/cbradar\/wp-json\/wp\/v2\/types\/post"}],"author":[{"embeddable":true,"href":"https:\/\/www.correiobraziliense.com.br\/cbradar\/wp-json\/wp\/v2\/users\/9"}],"replies":[{"embeddable":true,"href":"https:\/\/www.correiobraziliense.com.br\/cbradar\/wp-json\/wp\/v2\/comments?post=233381"}],"version-history":[{"count":1,"href":"https:\/\/www.correiobraziliense.com.br\/cbradar\/wp-json\/wp\/v2\/posts\/233381\/revisions"}],"predecessor-version":[{"id":233383,"href":"https:\/\/www.correiobraziliense.com.br\/cbradar\/wp-json\/wp\/v2\/posts\/233381\/revisions\/233383"}],"wp:featuredmedia":[{"embeddable":true,"href":"https:\/\/www.correiobraziliense.com.br\/cbradar\/wp-json\/wp\/v2\/media\/233774"}],"wp:attachment":[{"href":"https:\/\/www.correiobraziliense.com.br\/cbradar\/wp-json\/wp\/v2\/media?parent=233381"}],"wp:term":[{"taxonomy":"category","embeddable":true,"href":"https:\/\/www.correiobraziliense.com.br\/cbradar\/wp-json\/wp\/v2\/categories?post=233381"},{"taxonomy":"post_tag","embeddable":true,"href":"https:\/\/www.correiobraziliense.com.br\/cbradar\/wp-json\/wp\/v2\/tags?post=233381"}],"curies":[{"name":"wp","href":"https:\/\/api.w.org\/{rel}","templated":true}]}}