{"id":233384,"date":"2026-04-29T13:05:00","date_gmt":"2026-04-29T16:05:00","guid":{"rendered":"https:\/\/www.correiobraziliense.com.br\/cbradar\/?p=233384"},"modified":"2026-04-28T14:25:51","modified_gmt":"2026-04-28T17:25:51","slug":"4-perfumes-do-boticario-que-tem-cheiro-de-mulher-elegante-e-deixam-presenca-por-onde-passam","status":"publish","type":"post","link":"https:\/\/www.correiobraziliense.com.br\/cbradar\/4-perfumes-do-boticario-que-tem-cheiro-de-mulher-elegante-e-deixam-presenca-por-onde-passam\/","title":{"rendered":"4 perfumes do Botic\u00e1rio que t\u00eam cheiro de mulher elegante e deixam presen\u00e7a por onde passam"},"content":{"rendered":"\n<p>Encontrar uma fragr\u00e2ncia que se torne sua marca registrada exige aten\u00e7\u00e3o \u00e0s notas que comp\u00f5em a identidade de luxo e sofistica\u00e7\u00e3o. No universo da perfumaria nacional, certas cria\u00e7\u00f5es do <strong>Botic\u00e1rio<\/strong> se destacam por combinar fixa\u00e7\u00e3o extrema com um aroma que remete diretamente ao conceito de mulher refinada.<\/p>\n\n\n\n<h2 class=\"wp-block-heading\">A sofistica\u00e7\u00e3o atemporal da linha Lily<\/h2>\n\n\n\n<p>O <strong>Lily<\/strong> \u00e9 mundialmente reconhecido por utilizar a t\u00e9cnica milenar do <strong>enfleurage<\/strong>, um processo artesanal que extrai o \u00f3leo essencial das flores de l\u00edrio para garantir pureza. Essa fragr\u00e2ncia floral branca \u00e9 a escolha ideal para quem busca um <strong>perfume assinatura<\/strong>, transmitindo uma aura de limpeza, riqueza e delicadeza que permanece na pele por longas horas.<\/p>\n\n\n\n<p>Por ser um <em>Eau de Parfum<\/em>, sua concentra\u00e7\u00e3o de ess\u00eancia permite uma <strong>fixa\u00e7\u00e3o prolongada<\/strong>, resistindo bem ao clima quente de estados brasileiros. Ao caminhar com essa fragr\u00e2ncia, a proje\u00e7\u00e3o \u00e9 not\u00e1vel, mas sem ser invasiva, criando uma atmosfera de eleg\u00e2ncia que \u00e9 frequentemente associada a marcas internacionais de alta costura e eventos sociais de prest\u00edgio.<\/p>\n\n\n<div class=\"wp-block-image\">\n<figure class=\"aligncenter size-full\"><img decoding=\"async\" width=\"1280\" height=\"720\" src=\"https:\/\/www.correiobraziliense.com.br\/cbradar\/wp-content\/uploads\/2026\/04\/perfume.jpg\" alt=\"\" class=\"wp-image-233385\" srcset=\"https:\/\/www.correiobraziliense.com.br\/cbradar\/wp-content\/uploads\/2026\/04\/perfume.jpg 1280w, https:\/\/www.correiobraziliense.com.br\/cbradar\/wp-content\/uploads\/2026\/04\/perfume-300x169.jpg 300w, https:\/\/www.correiobraziliense.com.br\/cbradar\/wp-content\/uploads\/2026\/04\/perfume-768x432.jpg 768w, https:\/\/www.correiobraziliense.com.br\/cbradar\/wp-content\/uploads\/2026\/04\/perfume-750x422.jpg 750w, https:\/\/www.correiobraziliense.com.br\/cbradar\/wp-content\/uploads\/2026\/04\/perfume-1140x641.jpg 1140w\" sizes=\"(max-width: 1280px) 100vw, 1280px\" \/><figcaption class=\"wp-element-caption\">O Lily \u00e9 mundialmente reconhecido por utilizar a t\u00e9cnica milenar do enfleurage, um processo artesanal que extrai o \u00f3leo essencial<\/figcaption><\/figure><\/div>\n\n\n<p>Leia tamb\u00e9m: <a href=\"https:\/\/www.correiobraziliense.com.br\/cbradar\/4-cortes-de-cabelo-curto-que-ajudam-a-dar-mais-corpo-aos-fios-ralos-e-sem-volume\/\" target=\"_blank\" rel=\"noreferrer noopener\">4 cortes de cabelo curto que ajudam a dar mais corpo aos fios ralos e sem volume<\/a><\/p>\n\n\n\n<h2 class=\"wp-block-heading\">Elys\u00e9e e o poder da fam\u00edlia chypre<\/h2>\n\n\n\n<p>Para mulheres que preferem uma presen\u00e7a mais marcante e decidida, o <strong>Elys\u00e9e<\/strong> \u00e9 a representa\u00e7\u00e3o m\u00e1xima da <strong>fam\u00edlia chypre<\/strong> floral dentro do portf\u00f3lio da marca. Com notas de sa\u00edda vibrantes e um fundo amadeirado persistente, este perfume foi desenhado para mulheres que ocupam cargos de lideran\u00e7a e desejam que sua presen\u00e7a seja sentida antes mesmo de qualquer palavra.<\/p>\n\n\n\n<p>A complexidade desta fragr\u00e2ncia reside na mistura de mandarina e pimenta rosa com um cora\u00e7\u00e3o de flores nobres, resultando em um rastro imposs\u00edvel de ignorar. \u00c9 um perfume que performa excepcionalmente bem em jantares ou reuni\u00f5es de neg\u00f3cios, onde a <strong>proje\u00e7\u00e3o<\/strong> precisa ser elegante e imponente, refor\u00e7ando a confian\u00e7a de quem o utiliza em qualquer ambiente.<\/p>\n\n\n\n<h2 class=\"wp-block-heading\">O mist\u00e9rio do floral amadeirado no cotidiano<\/h2>\n\n\n\n<p>O equil\u00edbrio entre a leveza das p\u00e9talas e a for\u00e7a das madeiras define o sucesso do <strong>floral amadeirado<\/strong> como uma das estruturas mais amadas pelas brasileiras. Fragr\u00e2ncias que seguem essa linha conseguem transitar entre o dia e a noite com facilidade, mantendo a sofistica\u00e7\u00e3o necess\u00e1ria para um coquetel ou um evento formal sem perder o frescor essencial.<\/p>\n\n\n\n<ul class=\"wp-block-list\">\n<li><strong>Aplica\u00e7\u00e3o estrat\u00e9gica:<\/strong> Borrife o perfume em pontos de pulsa\u00e7\u00e3o como nuca e pulsos para maximizar a difus\u00e3o do aroma.<\/li>\n\n\n\n<li><strong>Hidrata\u00e7\u00e3o pr\u00e9via:<\/strong> Aplique um hidratante sem cheiro antes da fragr\u00e2ncia para aumentar a durabilidade das notas na pele.<\/li>\n\n\n\n<li><strong>Armazenamento correto:<\/strong> Mantenha seus frascos longe da luz e umidade do banheiro para preservar a integridade das ess\u00eancias.<\/li>\n\n\n\n<li><strong>Rastro equilibrado:<\/strong> Duas a tr\u00eas borrifadas s\u00e3o suficientes para garantir a presen\u00e7a sem sobrecarregar o olfato alheio.<\/li>\n<\/ul>\n\n\n\n<figure class=\"wp-block-embed is-type-rich is-provider-pinterest wp-block-embed-pinterest\"><div class=\"wp-block-embed__wrapper\">\n<iframe loading=\"lazy\" title=\"Os cupons v\u00e1lidos do Boti est\u00e3o no link na bio!!! Deixei tudo nos grupos VIPs!!! \ud83c\udf84\u2728Aqui est\u00e3o os perfumes do Botic\u00e1rio pra cada estilo e ocasi\u00f5es pra n\u00e3o errar no presente.J\u00e1 me conta qual \u00e9 o seu favorito?#viralvideos #brindeobotic\u00e1rio #afiliadobotinafabrica #presentenatal  @oboticario\" src=\"https:\/\/assets.pinterest.com\/ext\/embed.html?id=841469511667478168&#038;src=oembed\" height=\"898\" width=\"450\" frameborder=\"0\" scrolling=\"no\" ><\/iframe>\n<\/div><\/figure>\n\n\n\n<p>Ao escolher um perfume com essa pir\u00e2mide olfativa, voc\u00ea garante que as notas de base, como o s\u00e2ndalo ou o cedro, segurem as notas florais por mais tempo na derme. Essa combina\u00e7\u00e3o estrat\u00e9gica evita que o perfume evapore rapidamente, garantindo que o <strong>rastro<\/strong> deixado seja cont\u00ednuo e desperte a curiosidade de quem passa, consolidando sua imagem de mulher impec\u00e1vel.<\/p>\n\n\n\n<h2 class=\"wp-block-heading\">Elys\u00e9e Blanc e a luminosidade das notas brancas<\/h2>\n\n\n\n<p>O <strong>Elys\u00e9e Blanc<\/strong> traz uma varia\u00e7\u00e3o mais solar e aberta, utilizando o jasmim sambac da <strong>\u00cdndia<\/strong> para criar uma assinatura olfativa luminosa e radiante. \u00c9 o tipo de fragr\u00e2ncia que evoca imagens de jardins luxuosos e roupas de linho, sendo perfeito para quem deseja manter a classe mesmo em situa\u00e7\u00f5es mais casuais sob a luz do dia.<\/p>\n\n\n\n<p>Dica de ouro: perfumes com notas de frutas ricas misturadas a flores brancas tendem a ter uma aceita\u00e7\u00e3o maior em ambientes compartilhados, mantendo o status de <strong>mulher elegante<\/strong>. A qualidade dos ingredientes utilizados pelo <strong>Botic\u00e1rio<\/strong> nesta linha espec\u00edfica rivaliza com grandes nomes da perfumaria francesa, oferecendo um custo-benef\u00edcio excepcional para quem n\u00e3o abre m\u00e3o de qualidade.<\/p>\n\n\n\n<p>Se voc\u00ca gosta de dicas, separamos esse v\u00eddeo <a href=\"https:\/\/www.youtube.com\/@eduardatorres3589\" target=\"_blank\" rel=\"noreferrer noopener\">Eduarda Torres<\/a> mostrando mais sobre o Elys\u00e9e Blanc:<\/p>\n\n\n\n<figure class=\"wp-block-embed is-type-video is-provider-youtube wp-block-embed-youtube wp-embed-aspect-16-9 wp-has-aspect-ratio\"><div class=\"wp-block-embed__wrapper\">\n<div class=\"jeg_video_container jeg_video_content\"><iframe loading=\"lazy\" title=\"Elys\u00e9e Blanc de O Botic\u00e1rio! Perfume EXTREMAMENTE CHIQUE, por\u00e9m CARO... Vale o investimento?\" width=\"500\" height=\"281\" src=\"https:\/\/www.youtube.com\/embed\/7aH7xVkcf5o?feature=oembed\" frameborder=\"0\" allow=\"accelerometer; autoplay; clipboard-write; encrypted-media; gyroscope; picture-in-picture; web-share\" referrerpolicy=\"strict-origin-when-cross-origin\" allowfullscreen><\/iframe><\/div>\n<\/div><\/figure>\n\n\n\n<h2 class=\"wp-block-heading\">A import\u00e2ncia da fixa\u00e7\u00e3o para uma presen\u00e7a marcante<\/h2>\n\n\n\n<p>Investir em um perfume que realmente &#8220;gruda&#8221; na pele \u00e9 o segredo para nunca passar despercebida, transformando o ato de perfumar-se em um ritual de poder pessoal. A <strong>fixa\u00e7\u00e3o prolongada<\/strong> \u00e9 o que diferencia um produto comum de uma verdadeira joia da perfumaria, permitindo que a evolu\u00e7\u00e3o das notas acompanhe o ritmo da mulher moderna ao longo de toda a jornada.<\/p>\n\n\n\n<p>Escolher entre o romantismo do <strong>Lily<\/strong> ou a for\u00e7a do <strong>Elys\u00e9e<\/strong> depende apenas da mensagem que voc\u00ea deseja transmitir ao mundo em cada ocasi\u00e3o espec\u00edfica. Independentemente da escolha, o uso de t\u00e9cnicas como o <strong>enfleurage<\/strong> e a aposta em fam\u00edlias olfativas complexas garantem que o seu rastro seja uma extens\u00e3o da sua personalidade, deixando uma mem\u00f3ria olfativa inesquec\u00edvel por onde quer que voc\u00ea passe.<\/p>\n\n\n\n<h2 class=\"wp-block-heading\">Invista na fragr\u00e2ncia certa para elevar sua imagem pessoal<\/h2>\n\n\n\n<p>A escolha de um perfume vai muito al\u00e9m do simples aroma, tratando-se de uma ferramenta de comunica\u00e7\u00e3o n\u00e3o verbal que refor\u00e7a sua autoridade e charme natural. Optar por cl\u00e1ssicos que j\u00e1 provaram sua efici\u00eancia em termos de <strong>proje\u00e7\u00e3o<\/strong> e fixa\u00e7\u00e3o \u00e9 o caminho mais seguro para construir um guarda-roupa olfativo vers\u00e1til e extremamente luxuoso.<\/p>\n\n\n\n<p>Ao adotar um desses quatro \u00edcones, voc\u00ea garante que sua presen\u00e7a seja notada pelo bom gosto e pela sofistica\u00e7\u00e3o das notas escolhidas. Experimente cada um deles na pele para entender como as notas de fundo reagem com seu pH e descubra qual dessas preciosidades ser\u00e1 sua nova aliada na busca por um estilo de vida mais refinado e marcante.<\/p>\n","protected":false},"excerpt":{"rendered":"<p>Encontrar uma fragr\u00e2ncia que se torne sua marca registrada exige aten\u00e7\u00e3o \u00e0s notas que comp\u00f5em a identidade de luxo e sofistica\u00e7\u00e3o. No universo da perfumaria nacional, certas cria\u00e7\u00f5es do Botic\u00e1rio se destacam por combinar fixa\u00e7\u00e3o extrema com um aroma que remete diretamente ao conceito de mulher refinada. A sofistica\u00e7\u00e3o atemporal da linha Lily O Lily [&hellip;]<\/p>\n","protected":false},"author":9,"featured_media":233770,"comment_status":"open","ping_status":"open","sticky":false,"template":"","format":"standard","meta":{"_yoast_wpseo_focuskw":"perfumes Botic\u00e1rio","_yoast_wpseo_title":"","_yoast_wpseo_metadesc":"Perfumes sofisticados com alta fixa\u00e7\u00e3o e aroma marcante ajudam a criar uma presen\u00e7a elegante e inesquec\u00edvel no dia a dia.","jnews-multi-image_gallery":[],"jnews_single_post":{"format":"standard"},"jnews_primary_category":[],"jnews_social_meta":[],"jnews_override_counter":[],"footnotes":""},"categories":[124],"tags":[],"class_list":["post-233384","post","type-post","status-publish","format-standard","has-post-thumbnail","hentry","category-beleza"],"yoast_head":"<!-- This site is optimized with the Yoast SEO plugin v24.6 - https:\/\/yoast.com\/wordpress\/plugins\/seo\/ -->\n<title>4 perfumes do Botic\u00e1rio que t\u00eam cheiro de mulher elegante e deixam presen\u00e7a por onde passam - Correio Braziliense - Radar<\/title>\n<meta name=\"description\" content=\"Perfumes sofisticados com alta fixa\u00e7\u00e3o e aroma marcante ajudam a criar uma presen\u00e7a elegante e inesquec\u00edvel no dia a dia.\" \/>\n<meta name=\"robots\" content=\"index, follow, max-snippet:-1, max-image-preview:large, max-video-preview:-1\" \/>\n<link rel=\"canonical\" href=\"https:\/\/www.correiobraziliense.com.br\/cbradar\/4-perfumes-do-boticario-que-tem-cheiro-de-mulher-elegante-e-deixam-presenca-por-onde-passam\/\" \/>\n<meta property=\"og:locale\" content=\"pt_BR\" \/>\n<meta property=\"og:type\" content=\"article\" \/>\n<meta property=\"og:title\" content=\"4 perfumes do Botic\u00e1rio que t\u00eam cheiro de mulher elegante e deixam presen\u00e7a por onde passam - Correio Braziliense - Radar\" \/>\n<meta property=\"og:description\" content=\"Perfumes sofisticados com alta fixa\u00e7\u00e3o e aroma marcante ajudam a criar uma presen\u00e7a elegante e inesquec\u00edvel no dia a dia.\" \/>\n<meta property=\"og:url\" content=\"https:\/\/www.correiobraziliense.com.br\/cbradar\/4-perfumes-do-boticario-que-tem-cheiro-de-mulher-elegante-e-deixam-presenca-por-onde-passam\/\" \/>\n<meta property=\"og:site_name\" content=\"Correio Braziliense - Radar\" \/>\n<meta property=\"article:published_time\" content=\"2026-04-29T16:05:00+00:00\" \/>\n<meta property=\"og:image\" content=\"https:\/\/www.correiobraziliense.com.br\/cbradar\/wp-content\/uploads\/2026\/04\/Mulher_elegante_202604281425.jpg\" \/>\n\t<meta property=\"og:image:width\" content=\"1280\" \/>\n\t<meta property=\"og:image:height\" content=\"720\" \/>\n\t<meta property=\"og:image:type\" content=\"image\/jpeg\" \/>\n<meta name=\"author\" content=\"Daniely Cardoso\" \/>\n<meta name=\"twitter:card\" content=\"summary_large_image\" \/>\n<meta name=\"twitter:label1\" content=\"Escrito por\" \/>\n\t<meta name=\"twitter:data1\" content=\"Daniely Cardoso\" \/>\n\t<meta name=\"twitter:label2\" content=\"Est. tempo de leitura\" \/>\n\t<meta name=\"twitter:data2\" content=\"6 minutos\" \/>\n<!-- \/ Yoast SEO plugin. -->","yoast_head_json":{"title":"4 perfumes do Botic\u00e1rio que t\u00eam cheiro de mulher elegante e deixam presen\u00e7a por onde passam - Correio Braziliense - Radar","description":"Perfumes sofisticados com alta fixa\u00e7\u00e3o e aroma marcante ajudam a criar uma presen\u00e7a elegante e inesquec\u00edvel no dia a dia.","robots":{"index":"index","follow":"follow","max-snippet":"max-snippet:-1","max-image-preview":"max-image-preview:large","max-video-preview":"max-video-preview:-1"},"canonical":"https:\/\/www.correiobraziliense.com.br\/cbradar\/4-perfumes-do-boticario-que-tem-cheiro-de-mulher-elegante-e-deixam-presenca-por-onde-passam\/","og_locale":"pt_BR","og_type":"article","og_title":"4 perfumes do Botic\u00e1rio que t\u00eam cheiro de mulher elegante e deixam presen\u00e7a por onde passam - Correio Braziliense - Radar","og_description":"Perfumes sofisticados com alta fixa\u00e7\u00e3o e aroma marcante ajudam a criar uma presen\u00e7a elegante e inesquec\u00edvel no dia a dia.","og_url":"https:\/\/www.correiobraziliense.com.br\/cbradar\/4-perfumes-do-boticario-que-tem-cheiro-de-mulher-elegante-e-deixam-presenca-por-onde-passam\/","og_site_name":"Correio Braziliense - Radar","article_published_time":"2026-04-29T16:05:00+00:00","og_image":[{"width":1280,"height":720,"url":"https:\/\/www.correiobraziliense.com.br\/cbradar\/wp-content\/uploads\/2026\/04\/Mulher_elegante_202604281425.jpg","type":"image\/jpeg"}],"author":"Daniely Cardoso","twitter_card":"summary_large_image","twitter_misc":{"Escrito por":"Daniely Cardoso","Est. tempo de leitura":"6 minutos"},"schema":{"@context":"https:\/\/schema.org","@graph":[{"@type":"WebPage","@id":"https:\/\/www.correiobraziliense.com.br\/cbradar\/4-perfumes-do-boticario-que-tem-cheiro-de-mulher-elegante-e-deixam-presenca-por-onde-passam\/","url":"https:\/\/www.correiobraziliense.com.br\/cbradar\/4-perfumes-do-boticario-que-tem-cheiro-de-mulher-elegante-e-deixam-presenca-por-onde-passam\/","name":"4 perfumes do Botic\u00e1rio que t\u00eam cheiro de mulher elegante e deixam presen\u00e7a por onde passam - Correio Braziliense - Radar","isPartOf":{"@id":"https:\/\/www.correiobraziliense.com.br\/cbradar\/#website"},"primaryImageOfPage":{"@id":"https:\/\/www.correiobraziliense.com.br\/cbradar\/4-perfumes-do-boticario-que-tem-cheiro-de-mulher-elegante-e-deixam-presenca-por-onde-passam\/#primaryimage"},"image":{"@id":"https:\/\/www.correiobraziliense.com.br\/cbradar\/4-perfumes-do-boticario-que-tem-cheiro-de-mulher-elegante-e-deixam-presenca-por-onde-passam\/#primaryimage"},"thumbnailUrl":"https:\/\/www.correiobraziliense.com.br\/cbradar\/wp-content\/uploads\/2026\/04\/Mulher_elegante_202604281425.jpg","datePublished":"2026-04-29T16:05:00+00:00","author":{"@id":"https:\/\/www.correiobraziliense.com.br\/cbradar\/#\/schema\/person\/7356666e12ec0ee53f348ee5db227032"},"description":"Perfumes sofisticados com alta fixa\u00e7\u00e3o e aroma marcante ajudam a criar uma presen\u00e7a elegante e inesquec\u00edvel no dia a dia.","breadcrumb":{"@id":"https:\/\/www.correiobraziliense.com.br\/cbradar\/4-perfumes-do-boticario-que-tem-cheiro-de-mulher-elegante-e-deixam-presenca-por-onde-passam\/#breadcrumb"},"inLanguage":"pt-BR","potentialAction":[{"@type":"ReadAction","target":["https:\/\/www.correiobraziliense.com.br\/cbradar\/4-perfumes-do-boticario-que-tem-cheiro-de-mulher-elegante-e-deixam-presenca-por-onde-passam\/"]}]},{"@type":"ImageObject","inLanguage":"pt-BR","@id":"https:\/\/www.correiobraziliense.com.br\/cbradar\/4-perfumes-do-boticario-que-tem-cheiro-de-mulher-elegante-e-deixam-presenca-por-onde-passam\/#primaryimage","url":"https:\/\/www.correiobraziliense.com.br\/cbradar\/wp-content\/uploads\/2026\/04\/Mulher_elegante_202604281425.jpg","contentUrl":"https:\/\/www.correiobraziliense.com.br\/cbradar\/wp-content\/uploads\/2026\/04\/Mulher_elegante_202604281425.jpg","width":1280,"height":720,"caption":"A escolha do perfume pode influenciar a percep\u00e7\u00e3o de presen\u00e7a"},{"@type":"BreadcrumbList","@id":"https:\/\/www.correiobraziliense.com.br\/cbradar\/4-perfumes-do-boticario-que-tem-cheiro-de-mulher-elegante-e-deixam-presenca-por-onde-passam\/#breadcrumb","itemListElement":[{"@type":"ListItem","position":1,"name":"In\u00edcio","item":"https:\/\/www.correiobraziliense.com.br\/cbradar\/"},{"@type":"ListItem","position":2,"name":"4 perfumes do Botic\u00e1rio que t\u00eam cheiro de mulher elegante e deixam presen\u00e7a por onde passam"}]},{"@type":"WebSite","@id":"https:\/\/www.correiobraziliense.com.br\/cbradar\/#website","url":"https:\/\/www.correiobraziliense.com.br\/cbradar\/","name":"Correio Braziliense - Radar","description":"Acompanhe as \u00faltimas not\u00edcias e fique bem informado sobre tudo o que acontece no Brasil e no mundo.","potentialAction":[{"@type":"SearchAction","target":{"@type":"EntryPoint","urlTemplate":"https:\/\/www.correiobraziliense.com.br\/cbradar\/?s={search_term_string}"},"query-input":{"@type":"PropertyValueSpecification","valueRequired":true,"valueName":"search_term_string"}}],"inLanguage":"pt-BR"},{"@type":"Person","@id":"https:\/\/www.correiobraziliense.com.br\/cbradar\/#\/schema\/person\/7356666e12ec0ee53f348ee5db227032","name":"Daniely Cardoso","image":{"@type":"ImageObject","inLanguage":"pt-BR","@id":"https:\/\/www.correiobraziliense.com.br\/cbradar\/#\/schema\/person\/image\/","url":"https:\/\/secure.gravatar.com\/avatar\/4b80ddbd124d1f071b626d52d62e5dff?s=96&d=mm&r=g","contentUrl":"https:\/\/secure.gravatar.com\/avatar\/4b80ddbd124d1f071b626d52d62e5dff?s=96&d=mm&r=g","caption":"Daniely Cardoso"},"description":"Redatora nos portais CB Radar e EM Foco, formada pela Universidade Federal de Goi\u00e1s, em Goi\u00e2nia. Apaixonada por comunica\u00e7\u00e3o, arte, decora\u00e7\u00e3o e tend\u00eancias, atuo na produ\u00e7\u00e3o de conte\u00fados envolventes sobre curiosidades, moda, beleza e paisagismo, sempre com um olhar atento \u00e0s novidades do momento.","sameAs":["https:\/\/www.correiobraziliense.com.br\/cbradar"],"url":"https:\/\/www.correiobraziliense.com.br\/cbradar\/author\/danielymyth\/"}]}},"_links":{"self":[{"href":"https:\/\/www.correiobraziliense.com.br\/cbradar\/wp-json\/wp\/v2\/posts\/233384","targetHints":{"allow":["GET"]}}],"collection":[{"href":"https:\/\/www.correiobraziliense.com.br\/cbradar\/wp-json\/wp\/v2\/posts"}],"about":[{"href":"https:\/\/www.correiobraziliense.com.br\/cbradar\/wp-json\/wp\/v2\/types\/post"}],"author":[{"embeddable":true,"href":"https:\/\/www.correiobraziliense.com.br\/cbradar\/wp-json\/wp\/v2\/users\/9"}],"replies":[{"embeddable":true,"href":"https:\/\/www.correiobraziliense.com.br\/cbradar\/wp-json\/wp\/v2\/comments?post=233384"}],"version-history":[{"count":1,"href":"https:\/\/www.correiobraziliense.com.br\/cbradar\/wp-json\/wp\/v2\/posts\/233384\/revisions"}],"predecessor-version":[{"id":233386,"href":"https:\/\/www.correiobraziliense.com.br\/cbradar\/wp-json\/wp\/v2\/posts\/233384\/revisions\/233386"}],"wp:featuredmedia":[{"embeddable":true,"href":"https:\/\/www.correiobraziliense.com.br\/cbradar\/wp-json\/wp\/v2\/media\/233770"}],"wp:attachment":[{"href":"https:\/\/www.correiobraziliense.com.br\/cbradar\/wp-json\/wp\/v2\/media?parent=233384"}],"wp:term":[{"taxonomy":"category","embeddable":true,"href":"https:\/\/www.correiobraziliense.com.br\/cbradar\/wp-json\/wp\/v2\/categories?post=233384"},{"taxonomy":"post_tag","embeddable":true,"href":"https:\/\/www.correiobraziliense.com.br\/cbradar\/wp-json\/wp\/v2\/tags?post=233384"}],"curies":[{"name":"wp","href":"https:\/\/api.w.org\/{rel}","templated":true}]}}