{"id":233395,"date":"2026-04-29T22:55:00","date_gmt":"2026-04-30T01:55:00","guid":{"rendered":"https:\/\/www.correiobraziliense.com.br\/cbradar\/?p=233395"},"modified":"2026-04-28T13:33:33","modified_gmt":"2026-04-28T16:33:33","slug":"quanto-custa-transformar-um-furgao-pequeno-num-camper-compacto-para-trabalhar-remotamente-e-viajar-sozinho","status":"publish","type":"post","link":"https:\/\/www.correiobraziliense.com.br\/cbradar\/quanto-custa-transformar-um-furgao-pequeno-num-camper-compacto-para-trabalhar-remotamente-e-viajar-sozinho\/","title":{"rendered":"Quanto custa transformar um furg\u00e3o pequeno num camper compacto para trabalhar remotamente e viajar sozinho"},"content":{"rendered":"\n<p>H\u00e1 uma d\u00e9cada, um <strong>furg\u00e3o<\/strong> de carga transportava apenas caixas poeirentas nas avenidas. Hoje, o <strong>custo transformar furg\u00e3o em camper<\/strong> ronda os oitenta mil reais, libertando os profissionais modernos. Esta altera\u00e7\u00e3o mec\u00e2nica cria um escrit\u00f3rio m\u00f3vel totalmente independente para as suas viagens.<\/p>\n\n\n\n<h2 class=\"wp-block-heading\">Quais s\u00e3o as despesas iniciais com o isolamento t\u00e9rmico da carro\u00e7aria?<\/h2>\n\n\n\n<p>A chapa de a\u00e7o original da viatura transforma o interior num aut\u00eantico forno durante o ver\u00e3o e num congelador nas madrugadas. O primeiro passo da montagem exige a aplica\u00e7\u00e3o de materiais isolantes robustos, como o elast\u00f3mero flex\u00edvel e a l\u00e3 de rocha espessa.<\/p>\n\n\n\n<p>O or\u00e7amento para selar completamente o habit\u00e1culo ronda os <strong>4.000 reais<\/strong> em materiais de alta densidade. Esta barreira t\u00e9rmica invis\u00edvel protege os seus equipamentos eletr\u00f3nicos sens\u00edveis contra a condensa\u00e7\u00e3o di\u00e1ria, criando um ambiente seguro para o ecr\u00e3 do seu port\u00e1til.<\/p>\n\n\n<div class=\"wp-block-image\">\n<figure class=\"aligncenter size-full\"><img decoding=\"async\" width=\"1280\" height=\"720\" src=\"https:\/\/www.correiobraziliense.com.br\/cbradar\/wp-content\/uploads\/2026\/04\/IMAGEM_720p_1777350566277.jpg\" alt=\"Custos de convers\u00e3o de um furg\u00e3o em camper para n\u00f3madas digitais\" class=\"wp-image-233396\" srcset=\"https:\/\/www.correiobraziliense.com.br\/cbradar\/wp-content\/uploads\/2026\/04\/IMAGEM_720p_1777350566277.jpg 1280w, https:\/\/www.correiobraziliense.com.br\/cbradar\/wp-content\/uploads\/2026\/04\/IMAGEM_720p_1777350566277-300x169.jpg 300w, https:\/\/www.correiobraziliense.com.br\/cbradar\/wp-content\/uploads\/2026\/04\/IMAGEM_720p_1777350566277-768x432.jpg 768w, https:\/\/www.correiobraziliense.com.br\/cbradar\/wp-content\/uploads\/2026\/04\/IMAGEM_720p_1777350566277-750x422.jpg 750w, https:\/\/www.correiobraziliense.com.br\/cbradar\/wp-content\/uploads\/2026\/04\/IMAGEM_720p_1777350566277-1140x641.jpg 1140w\" sizes=\"(max-width: 1280px) 100vw, 1280px\" \/><figcaption class=\"wp-element-caption\">Custos de convers\u00e3o de um furg\u00e3o em camper para n\u00f3madas digitais<\/figcaption><\/figure><\/div>\n\n\n<h3 class=\"wp-block-heading\">A import\u00e2ncia do isolamento ac\u00fastico nas estradas movimentadas<\/h3>\n\n\n\n<p>O conforto sonoro revela-se um fator prim\u00e1rio para quem realiza reuni\u00f5es di\u00e1rias por videochamada no interior da viatura. O ru\u00eddo constante do vento prejudica gravemente a sua voz, exigindo a colagem cuidadosa de mantas asf\u00e1lticas insonorizantes nas laterais met\u00e1licas.<\/p>\n\n\n\n<p>O investimento ac\u00fastico soma cerca de <strong>1.500 reais<\/strong> ao planeamento financeiro. Este cuidado adicional abafa as vibra\u00e7\u00f5es mec\u00e2nicas exteriores, proporcionando um sil\u00eancio muito semelhante ao de um escrit\u00f3rio fechado num pr\u00e9dio comercial comum.<\/p>\n\n\n\n<h2 class=\"wp-block-heading\">Quanto dinheiro exige o sistema el\u00e9trico para o escrit\u00f3rio remoto?<\/h2>\n\n\n\n<p>Operar fora da rede el\u00e9trica urbana exige uma independ\u00eancia energ\u00e9tica absoluta para suportar a carga de todos os perif\u00e9ricos de trabalho di\u00e1rios. Voc\u00ea precisa de alimentar o computador, a antena de internet via sat\u00e9lite e a ilumina\u00e7\u00e3o interna durante v\u00e1rios dias consecutivos.<\/p>\n\n\n\n<p>As baterias de l\u00edtio modernas garantem essa imensa tranquilidade a longo prazo, eliminando a necessidade de pagar parques de campismo particulares. A arquitetura el\u00e9trica b\u00e1sica para sustentar o <a href=\"https:\/\/pt.wikipedia.org\/wiki\/Teletrabalho\" target=\"_blank\" rel=\"noreferrer noopener\"><strong>teletrabalho<\/strong><\/a> em movimento engloba dispositivos muito espec\u00edficos.<\/p>\n\n\n\n<p>Analise os componentes fotovoltaicos necess\u00e1rios para a sua independ\u00eancia energ\u00e9tica:<\/p>\n\n\n\n<ul class=\"wp-block-list\">\n<li><strong>Painel solar r\u00edgido:<\/strong> M\u00f3dulos fotovoltaicos de <strong>300W<\/strong> colados firmemente na superf\u00edcie do tejadilho.<\/li>\n\n\n\n<li><strong>Bateria de ferro-l\u00edtio:<\/strong> Acumulador avan\u00e7ado de <strong>100 amperes<\/strong> para manter as tomadas ativas ao longo da noite.<\/li>\n\n\n\n<li><strong>Inversor de onda pura:<\/strong> Equipamento de convers\u00e3o vital para proteger o carregador original do seu computador contra picos perigosos.<\/li>\n<\/ul>\n\n\n\n<p>Leia tamb\u00e9m: <a href=\"https:\/\/www.correiobraziliense.com.br\/cbradar\/nem-cru-nem-em-excesso-como-consumir-aveia-do-jeito-certo-para-melhorar-a-digestao\/\" target=\"_blank\" rel=\"noreferrer noopener\">Nem cru, nem em excesso: como consumir aveia do jeito certo para melhorar a digest\u00e3o<\/a><\/p>\n\n\n\n<h2 class=\"wp-block-heading\">Como planear a carpintaria inteligente e a cama articulada?<\/h2>\n\n\n\n<p>O interior apertado de uma viatura exige mobili\u00e1rio constru\u00eddo rigorosamente \u00e0 medida para aproveitar cada cent\u00edmetro livre. A carpintaria necessita de contraplacado mar\u00edtimo de choupo, uma madeira leve e resistente \u00e0 humidade, para estruturar a bancada direcional e a cama desdobr\u00e1vel.<\/p>\n\n\n\n<p>Contratar especialistas qualificados em modifica\u00e7\u00e3o autom\u00f3vel eleva o or\u00e7amento da mob\u00edlia funcional para valores que facilmente atingem os <strong>20.000 reais<\/strong>. Muitos viajantes independentes compram ferramentas el\u00e9tricas e preferem serrar os pain\u00e9is por conta pr\u00f3pria para poupar grandes quantias de dinheiro.<\/p>\n\n\n<div class=\"wp-block-image\">\n<figure class=\"aligncenter size-full\"><img decoding=\"async\" width=\"1280\" height=\"720\" src=\"https:\/\/www.correiobraziliense.com.br\/cbradar\/wp-content\/uploads\/2026\/04\/IMAGEM_720p_1777350564796.jpg\" alt=\"Custos de convers\u00e3o de um furg\u00e3o em camper para n\u00f3madas digitais\" class=\"wp-image-233397\" srcset=\"https:\/\/www.correiobraziliense.com.br\/cbradar\/wp-content\/uploads\/2026\/04\/IMAGEM_720p_1777350564796.jpg 1280w, https:\/\/www.correiobraziliense.com.br\/cbradar\/wp-content\/uploads\/2026\/04\/IMAGEM_720p_1777350564796-300x169.jpg 300w, https:\/\/www.correiobraziliense.com.br\/cbradar\/wp-content\/uploads\/2026\/04\/IMAGEM_720p_1777350564796-768x432.jpg 768w, https:\/\/www.correiobraziliense.com.br\/cbradar\/wp-content\/uploads\/2026\/04\/IMAGEM_720p_1777350564796-750x422.jpg 750w, https:\/\/www.correiobraziliense.com.br\/cbradar\/wp-content\/uploads\/2026\/04\/IMAGEM_720p_1777350564796-1140x641.jpg 1140w\" sizes=\"(max-width: 1280px) 100vw, 1280px\" \/><figcaption class=\"wp-element-caption\">Custos de convers\u00e3o de um furg\u00e3o em camper para n\u00f3madas digitais<\/figcaption><\/figure><\/div>\n\n\n<h2 class=\"wp-block-heading\">Qual \u00e9 o investimento na \u00e1rea da cozinha e no abastecimento de \u00e1gua?<\/h2>\n\n\n\n<p>Preparar as pr\u00f3prias refei\u00e7\u00f5es elimina a depend\u00eancia econ\u00f3mica e os gastos excessivos com restaurantes caros escondidos \u00e0 beira das estradas. Uma bancada compacta, acoplada a dep\u00f3sitos pl\u00e1sticos de \u00e1gua limpa de <strong>30 litros<\/strong>, resolve rapidamente as exig\u00eancias de um adulto solit\u00e1rio.<\/p>\n\n\n\n<p>As despesas pontuais com a alimenta\u00e7\u00e3o aut\u00f3noma e a cadeia de higiene sanit\u00e1ria consomem uma pequena fra\u00e7\u00e3o do projeto total.<\/p>\n\n\n\n<p>Avalie os pre\u00e7os m\u00e9dios dos equipamentos gastron\u00f3micos m\u00f3veis no mercado livre:<\/p>\n\n\n\n<figure class=\"wp-block-table\"><table class=\"has-fixed-layout\"><tbody><tr><th>Equipamento Principal<\/th><th>Custo M\u00e9dio<\/th><\/tr><tr><td>Frigor\u00edfico port\u00e1til de <strong>12 volts<\/strong><\/td><td><strong>3.000 reais<\/strong><\/td><\/tr><tr><td>Fog\u00e3o de campismo a g\u00e1s<\/td><td><strong>400 reais<\/strong><\/td><\/tr><tr><td>Lava-loi\u00e7a inox e bomba de \u00e1gua<\/td><td><strong>800 reais<\/strong><\/td><\/tr><\/tbody><\/table><\/figure>\n\n\n\n<h2 class=\"wp-block-heading\">Quais s\u00e3o as taxas legais para regularizar a viatura modificada?<\/h2>\n\n\n\n<p>A legisla\u00e7\u00e3o pro\u00edbe rigidamente a circula\u00e7\u00e3o rodovi\u00e1ria de ve\u00edculos que apresentem altera\u00e7\u00f5es estruturais n\u00e3o declaradas \u00e0s autoridades competentes. Conduzir longas dist\u00e2ncias com arm\u00e1rios fixos na caixa traseira sem a devida vistoria t\u00e9cnica resulta em apreens\u00f5es e multas avultadas.<\/p>\n\n\n\n<p>Este certificado oficial custa cerca de <strong>4.000 reais<\/strong> e legitima toda a altera\u00e7\u00e3o, permitindo que ligue o motor pacificamente rumo ao seu pr\u00f3ximo destino.<\/p>\n","protected":false},"excerpt":{"rendered":"<p>H\u00e1 uma d\u00e9cada, um furg\u00e3o de carga transportava apenas caixas poeirentas nas avenidas. Hoje, o custo transformar furg\u00e3o em camper ronda os oitenta mil reais, libertando os profissionais modernos. Esta altera\u00e7\u00e3o mec\u00e2nica cria um escrit\u00f3rio m\u00f3vel totalmente independente para as suas viagens. Quais s\u00e3o as despesas iniciais com o isolamento t\u00e9rmico da carro\u00e7aria? A chapa [&hellip;]<\/p>\n","protected":false},"author":11,"featured_media":233748,"comment_status":"open","ping_status":"open","sticky":false,"template":"","format":"standard","meta":{"_yoast_wpseo_focuskw":"custo adaptar furg\u00e3o em camper","_yoast_wpseo_title":"","_yoast_wpseo_metadesc":"Trabalhar a partir de qualquer praia exige um planeamento financeiro inteligente. Avalie o or\u00e7amento necess\u00e1rio para montar a sua casa e escrit\u00f3rio sobre rodas.","jnews-multi-image_gallery":[],"jnews_single_post":{"format":"standard"},"jnews_primary_category":[],"jnews_social_meta":[],"jnews_override_counter":[],"footnotes":""},"categories":[143],"tags":[],"class_list":["post-233395","post","type-post","status-publish","format-standard","has-post-thumbnail","hentry","category-casa-e-decoracao"],"yoast_head":"<!-- This site is optimized with the Yoast SEO plugin v24.6 - https:\/\/yoast.com\/wordpress\/plugins\/seo\/ -->\n<title>Quanto custa transformar um furg\u00e3o pequeno num camper compacto para trabalhar remotamente e viajar sozinho - Correio Braziliense - Radar<\/title>\n<meta name=\"description\" content=\"Trabalhar a partir de qualquer praia exige um planeamento financeiro inteligente. Avalie o or\u00e7amento necess\u00e1rio para montar a sua casa e escrit\u00f3rio sobre rodas.\" \/>\n<meta name=\"robots\" content=\"index, follow, max-snippet:-1, max-image-preview:large, max-video-preview:-1\" \/>\n<link rel=\"canonical\" href=\"https:\/\/www.correiobraziliense.com.br\/cbradar\/quanto-custa-transformar-um-furgao-pequeno-num-camper-compacto-para-trabalhar-remotamente-e-viajar-sozinho\/\" \/>\n<meta property=\"og:locale\" content=\"pt_BR\" \/>\n<meta property=\"og:type\" content=\"article\" \/>\n<meta property=\"og:title\" content=\"Quanto custa transformar um furg\u00e3o pequeno num camper compacto para trabalhar remotamente e viajar sozinho - Correio Braziliense - Radar\" \/>\n<meta property=\"og:description\" content=\"Trabalhar a partir de qualquer praia exige um planeamento financeiro inteligente. Avalie o or\u00e7amento necess\u00e1rio para montar a sua casa e escrit\u00f3rio sobre rodas.\" \/>\n<meta property=\"og:url\" content=\"https:\/\/www.correiobraziliense.com.br\/cbradar\/quanto-custa-transformar-um-furgao-pequeno-num-camper-compacto-para-trabalhar-remotamente-e-viajar-sozinho\/\" \/>\n<meta property=\"og:site_name\" content=\"Correio Braziliense - Radar\" \/>\n<meta property=\"article:published_time\" content=\"2026-04-30T01:55:00+00:00\" \/>\n<meta property=\"og:image\" content=\"https:\/\/www.correiobraziliense.com.br\/cbradar\/wp-content\/uploads\/2026\/04\/Furgao_camper_compacto_202604281331.jpg\" \/>\n\t<meta property=\"og:image:width\" content=\"1280\" \/>\n\t<meta property=\"og:image:height\" content=\"720\" \/>\n\t<meta property=\"og:image:type\" content=\"image\/jpeg\" \/>\n<meta name=\"author\" content=\"Paulo Custodio\" \/>\n<meta name=\"twitter:card\" content=\"summary_large_image\" \/>\n<meta name=\"twitter:label1\" content=\"Escrito por\" \/>\n\t<meta name=\"twitter:data1\" content=\"Paulo Custodio\" \/>\n\t<meta name=\"twitter:label2\" content=\"Est. tempo de leitura\" \/>\n\t<meta name=\"twitter:data2\" content=\"5 minutos\" \/>\n<!-- \/ Yoast SEO plugin. -->","yoast_head_json":{"title":"Quanto custa transformar um furg\u00e3o pequeno num camper compacto para trabalhar remotamente e viajar sozinho - Correio Braziliense - Radar","description":"Trabalhar a partir de qualquer praia exige um planeamento financeiro inteligente. Avalie o or\u00e7amento necess\u00e1rio para montar a sua casa e escrit\u00f3rio sobre rodas.","robots":{"index":"index","follow":"follow","max-snippet":"max-snippet:-1","max-image-preview":"max-image-preview:large","max-video-preview":"max-video-preview:-1"},"canonical":"https:\/\/www.correiobraziliense.com.br\/cbradar\/quanto-custa-transformar-um-furgao-pequeno-num-camper-compacto-para-trabalhar-remotamente-e-viajar-sozinho\/","og_locale":"pt_BR","og_type":"article","og_title":"Quanto custa transformar um furg\u00e3o pequeno num camper compacto para trabalhar remotamente e viajar sozinho - Correio Braziliense - Radar","og_description":"Trabalhar a partir de qualquer praia exige um planeamento financeiro inteligente. Avalie o or\u00e7amento necess\u00e1rio para montar a sua casa e escrit\u00f3rio sobre rodas.","og_url":"https:\/\/www.correiobraziliense.com.br\/cbradar\/quanto-custa-transformar-um-furgao-pequeno-num-camper-compacto-para-trabalhar-remotamente-e-viajar-sozinho\/","og_site_name":"Correio Braziliense - Radar","article_published_time":"2026-04-30T01:55:00+00:00","og_image":[{"width":1280,"height":720,"url":"https:\/\/www.correiobraziliense.com.br\/cbradar\/wp-content\/uploads\/2026\/04\/Furgao_camper_compacto_202604281331.jpg","type":"image\/jpeg"}],"author":"Paulo Custodio","twitter_card":"summary_large_image","twitter_misc":{"Escrito por":"Paulo Custodio","Est. tempo de leitura":"5 minutos"},"schema":{"@context":"https:\/\/schema.org","@graph":[{"@type":"WebPage","@id":"https:\/\/www.correiobraziliense.com.br\/cbradar\/quanto-custa-transformar-um-furgao-pequeno-num-camper-compacto-para-trabalhar-remotamente-e-viajar-sozinho\/","url":"https:\/\/www.correiobraziliense.com.br\/cbradar\/quanto-custa-transformar-um-furgao-pequeno-num-camper-compacto-para-trabalhar-remotamente-e-viajar-sozinho\/","name":"Quanto custa transformar um furg\u00e3o pequeno num camper compacto para trabalhar remotamente e viajar sozinho - Correio Braziliense - Radar","isPartOf":{"@id":"https:\/\/www.correiobraziliense.com.br\/cbradar\/#website"},"primaryImageOfPage":{"@id":"https:\/\/www.correiobraziliense.com.br\/cbradar\/quanto-custa-transformar-um-furgao-pequeno-num-camper-compacto-para-trabalhar-remotamente-e-viajar-sozinho\/#primaryimage"},"image":{"@id":"https:\/\/www.correiobraziliense.com.br\/cbradar\/quanto-custa-transformar-um-furgao-pequeno-num-camper-compacto-para-trabalhar-remotamente-e-viajar-sozinho\/#primaryimage"},"thumbnailUrl":"https:\/\/www.correiobraziliense.com.br\/cbradar\/wp-content\/uploads\/2026\/04\/Furgao_camper_compacto_202604281331.jpg","datePublished":"2026-04-30T01:55:00+00:00","author":{"@id":"https:\/\/www.correiobraziliense.com.br\/cbradar\/#\/schema\/person\/4cec7857301a9a1a2ef249893cd908d3"},"description":"Trabalhar a partir de qualquer praia exige um planeamento financeiro inteligente. Avalie o or\u00e7amento necess\u00e1rio para montar a sua casa e escrit\u00f3rio sobre rodas.","breadcrumb":{"@id":"https:\/\/www.correiobraziliense.com.br\/cbradar\/quanto-custa-transformar-um-furgao-pequeno-num-camper-compacto-para-trabalhar-remotamente-e-viajar-sozinho\/#breadcrumb"},"inLanguage":"pt-BR","potentialAction":[{"@type":"ReadAction","target":["https:\/\/www.correiobraziliense.com.br\/cbradar\/quanto-custa-transformar-um-furgao-pequeno-num-camper-compacto-para-trabalhar-remotamente-e-viajar-sozinho\/"]}]},{"@type":"ImageObject","inLanguage":"pt-BR","@id":"https:\/\/www.correiobraziliense.com.br\/cbradar\/quanto-custa-transformar-um-furgao-pequeno-num-camper-compacto-para-trabalhar-remotamente-e-viajar-sozinho\/#primaryimage","url":"https:\/\/www.correiobraziliense.com.br\/cbradar\/wp-content\/uploads\/2026\/04\/Furgao_camper_compacto_202604281331.jpg","contentUrl":"https:\/\/www.correiobraziliense.com.br\/cbradar\/wp-content\/uploads\/2026\/04\/Furgao_camper_compacto_202604281331.jpg","width":1280,"height":720,"caption":"Transformar um furg\u00e3o pequeno em camper pode custar entre R$15 mil e R$60 mil"},{"@type":"BreadcrumbList","@id":"https:\/\/www.correiobraziliense.com.br\/cbradar\/quanto-custa-transformar-um-furgao-pequeno-num-camper-compacto-para-trabalhar-remotamente-e-viajar-sozinho\/#breadcrumb","itemListElement":[{"@type":"ListItem","position":1,"name":"In\u00edcio","item":"https:\/\/www.correiobraziliense.com.br\/cbradar\/"},{"@type":"ListItem","position":2,"name":"Quanto custa transformar um furg\u00e3o pequeno num camper compacto para trabalhar remotamente e viajar sozinho"}]},{"@type":"WebSite","@id":"https:\/\/www.correiobraziliense.com.br\/cbradar\/#website","url":"https:\/\/www.correiobraziliense.com.br\/cbradar\/","name":"Correio Braziliense - Radar","description":"Acompanhe as \u00faltimas not\u00edcias e fique bem informado sobre tudo o que acontece no Brasil e no mundo.","potentialAction":[{"@type":"SearchAction","target":{"@type":"EntryPoint","urlTemplate":"https:\/\/www.correiobraziliense.com.br\/cbradar\/?s={search_term_string}"},"query-input":{"@type":"PropertyValueSpecification","valueRequired":true,"valueName":"search_term_string"}}],"inLanguage":"pt-BR"},{"@type":"Person","@id":"https:\/\/www.correiobraziliense.com.br\/cbradar\/#\/schema\/person\/4cec7857301a9a1a2ef249893cd908d3","name":"Paulo Custodio","image":{"@type":"ImageObject","inLanguage":"pt-BR","@id":"https:\/\/www.correiobraziliense.com.br\/cbradar\/#\/schema\/person\/image\/","url":"https:\/\/secure.gravatar.com\/avatar\/bcd67168d1534e8fcf4f45c726a87cea?s=96&d=mm&r=g","contentUrl":"https:\/\/secure.gravatar.com\/avatar\/bcd67168d1534e8fcf4f45c726a87cea?s=96&d=mm&r=g","caption":"Paulo Custodio"},"sameAs":["https:\/\/www.correiobraziliense.com.br\/cbradar"],"url":"https:\/\/www.correiobraziliense.com.br\/cbradar\/author\/paulomyth\/"}]}},"_links":{"self":[{"href":"https:\/\/www.correiobraziliense.com.br\/cbradar\/wp-json\/wp\/v2\/posts\/233395","targetHints":{"allow":["GET"]}}],"collection":[{"href":"https:\/\/www.correiobraziliense.com.br\/cbradar\/wp-json\/wp\/v2\/posts"}],"about":[{"href":"https:\/\/www.correiobraziliense.com.br\/cbradar\/wp-json\/wp\/v2\/types\/post"}],"author":[{"embeddable":true,"href":"https:\/\/www.correiobraziliense.com.br\/cbradar\/wp-json\/wp\/v2\/users\/11"}],"replies":[{"embeddable":true,"href":"https:\/\/www.correiobraziliense.com.br\/cbradar\/wp-json\/wp\/v2\/comments?post=233395"}],"version-history":[{"count":1,"href":"https:\/\/www.correiobraziliense.com.br\/cbradar\/wp-json\/wp\/v2\/posts\/233395\/revisions"}],"predecessor-version":[{"id":233398,"href":"https:\/\/www.correiobraziliense.com.br\/cbradar\/wp-json\/wp\/v2\/posts\/233395\/revisions\/233398"}],"wp:featuredmedia":[{"embeddable":true,"href":"https:\/\/www.correiobraziliense.com.br\/cbradar\/wp-json\/wp\/v2\/media\/233748"}],"wp:attachment":[{"href":"https:\/\/www.correiobraziliense.com.br\/cbradar\/wp-json\/wp\/v2\/media?parent=233395"}],"wp:term":[{"taxonomy":"category","embeddable":true,"href":"https:\/\/www.correiobraziliense.com.br\/cbradar\/wp-json\/wp\/v2\/categories?post=233395"},{"taxonomy":"post_tag","embeddable":true,"href":"https:\/\/www.correiobraziliense.com.br\/cbradar\/wp-json\/wp\/v2\/tags?post=233395"}],"curies":[{"name":"wp","href":"https:\/\/api.w.org\/{rel}","templated":true}]}}