{"id":233400,"date":"2026-04-28T04:05:00","date_gmt":"2026-04-28T07:05:00","guid":{"rendered":"https:\/\/www.correiobraziliense.com.br\/cbradar\/?p=233400"},"modified":"2026-04-28T03:50:14","modified_gmt":"2026-04-28T06:50:14","slug":"a-capital-do-calcado-feminino-produz-120-mil-pares-por-dia-tem-empregos-de-sobra-e-qualidade-de-vida-de-causar-inveja-em-quem-sonha-viver-bem","status":"publish","type":"post","link":"https:\/\/www.correiobraziliense.com.br\/cbradar\/a-capital-do-calcado-feminino-produz-120-mil-pares-por-dia-tem-empregos-de-sobra-e-qualidade-de-vida-de-causar-inveja-em-quem-sonha-viver-bem\/","title":{"rendered":"A Capital do Cal\u00e7ado Feminino produz 120 mil pares por dia, tem empregos de sobra e qualidade de vida de causar inveja em quem sonha viver bem"},"content":{"rendered":"\n<p>Ao percorrer a <strong>SP-225<\/strong> rumo a <strong>Ja\u00fa<\/strong>, o cen\u00e1rio revela avenidas amplas, casar\u00f5es hist\u00f3ricos e o aroma caracter\u00edstico do couro que sai das f\u00e1bricas. Localizada a <strong>296 km de S\u00e3o Paulo<\/strong>, no cora\u00e7\u00e3o do estado, a conhecida <strong>Capital do Cal\u00e7ado Feminino<\/strong> equilibra a for\u00e7a da ind\u00fastria com a tranquilidade t\u00edpica do interior paulista.<\/p>\n\n\n\n<h2 class=\"wp-block-heading\">A for\u00e7a da ind\u00fastria que sustenta a cidade<\/h2>\n\n\n\n<p>Ser conhecida como <strong>Capital do Cal\u00e7ado Feminino<\/strong> est\u00e1 longe de ser apenas um apelido. O reconhecimento oficial veio pela <strong>Assembleia Legislativa de S\u00e3o Paulo<\/strong>, por meio da Lei Estadual <strong>17.476<\/strong>, sancionada em 2021. Hoje, <strong>Ja\u00fa<\/strong> concentra cerca de <strong>200<\/strong> empresas do setor, responde por aproximadamente <strong>10 mil<\/strong> empregos diretos e alcan\u00e7a uma produ\u00e7\u00e3o que pode chegar a <strong>120 mil<\/strong> pares de sapatos por dia.<\/p>\n\n\n\n<p>Essa trajet\u00f3ria teve in\u00edcio com o imigrante italiano <strong>Giuseppe Contatore<\/strong>, respons\u00e1vel por abrir a primeira sapataria local por volta de 1900. O que come\u00e7ou com pequenas oficinas familiares na d\u00e9cada de 1930 ganhou for\u00e7a ao longo do tempo, at\u00e9 se consolidar como base da economia nos anos 1980. Atualmente, o <strong>Territ\u00f3rio do Cal\u00e7ado<\/strong>, com mais de <strong>180<\/strong> lojas de f\u00e1brica, se tornou um dos principais pontos de atra\u00e7\u00e3o, recebendo visitantes de todo o Brasil e mantendo o com\u00e9rcio aquecido durante todo o ano.<\/p>\n\n\n<div class=\"wp-block-image\">\n<figure class=\"aligncenter size-large\"><img decoding=\"async\" width=\"1024\" height=\"576\" src=\"https:\/\/www.correiobraziliense.com.br\/cbradar\/wp-content\/uploads\/2025\/12\/G-2025-12-11T211437.153-1024x576.png\" alt=\"A Capital do Cal\u00e7ado Feminino \u00e9 gigante em oportunidades e tranquilidade que somente o interior pode oferecer\" class=\"wp-image-154742\" srcset=\"https:\/\/www.correiobraziliense.com.br\/cbradar\/wp-content\/uploads\/2025\/12\/G-2025-12-11T211437.153-1024x576.png 1024w, https:\/\/www.correiobraziliense.com.br\/cbradar\/wp-content\/uploads\/2025\/12\/G-2025-12-11T211437.153-300x169.png 300w, https:\/\/www.correiobraziliense.com.br\/cbradar\/wp-content\/uploads\/2025\/12\/G-2025-12-11T211437.153-768x432.png 768w, https:\/\/www.correiobraziliense.com.br\/cbradar\/wp-content\/uploads\/2025\/12\/G-2025-12-11T211437.153-750x422.png 750w, https:\/\/www.correiobraziliense.com.br\/cbradar\/wp-content\/uploads\/2025\/12\/G-2025-12-11T211437.153-1140x641.png 1140w, https:\/\/www.correiobraziliense.com.br\/cbradar\/wp-content\/uploads\/2025\/12\/G-2025-12-11T211437.153.png 1280w\" sizes=\"(max-width: 1024px) 100vw, 1024px\" \/><figcaption class=\"wp-element-caption\">Vista a\u00e9rea de Ja\u00fa SP com centro hist\u00f3rico, bairros arborizados e rio Ja\u00fa cortando a cidade do interior paulista \/\/ Cr\u00e9ditos: YouTube @DRONEJA\u00da<\/figcaption><\/figure><\/div>\n\n\n<h2 class=\"wp-block-heading\">Como \u00e9 o dia a dia de quem mora na cidade dos cal\u00e7ados?<\/h2>\n\n\n\n<p>Ja\u00fa tem 133.497 habitantes segundo o <a href=\"https:\/\/www.ibge.gov.br\/cidades-e-estados\/sp\/jau.html\" target=\"_blank\" rel=\"noreferrer noopener\"><strong>Instituto Brasileiro de Geografia e Estat\u00edstica (IBGE)<\/strong><\/a>, Censo 2022, e IDHM de 0,778, considerado alto. O custo de vida \u00e9 bem mais acess\u00edvel que o da capital. Ruas arborizadas, tr\u00e2nsito fluido e transporte p\u00fablico que cobre todos os bairros comp\u00f5em um cotidiano sem apertos.<\/p>\n\n\n\n<p>A sa\u00fade \u00e9 o grande diferencial. O <a href=\"https:\/\/www.amaralcarvalho.org.br\/\" target=\"_blank\" rel=\"noreferrer noopener\"><strong>Hospital Amaral Carvalho<\/strong><\/a>, fundado a partir de uma doa\u00e7\u00e3o em 1915, \u00e9 refer\u00eancia nacional em oncologia e realiza o maior volume de transplantes de medula \u00f3ssea da Am\u00e9rica Latina, com cerca de 200 procedimentos por ano. A institui\u00e7\u00e3o atende pacientes de mais de 900 munic\u00edpios brasileiros pelo SUS. Ter um centro desse porte a minutos de casa \u00e9 algo raro para uma cidade do interior.<\/p>\n\n\n\n<p>O v\u00eddeo \u00e9 do canal <strong>Castro Desafio<\/strong>, que conta com <strong>13 mil inscritos<\/strong>, e detalha o custo de vida, melhores bairros, mercado imobili\u00e1rio e as oportunidades de emprego em Ja\u00fa:<\/p>\n\n\n\n<figure class=\"wp-block-embed aligncenter is-type-video is-provider-youtube wp-block-embed-youtube wp-embed-aspect-16-9 wp-has-aspect-ratio\"><div class=\"wp-block-embed__wrapper\">\n<div class=\"jeg_video_container jeg_video_content\"><iframe loading=\"lazy\" title=\"MORAR EM JA\u00da - PRE\u00c7OS DOS IM\u00d3VEIS E ALUGU\u00c9IS , VAGAS DE EMPREGOS , MELHORES BAIRROS E CUSTO DE VIDA\" width=\"500\" height=\"281\" src=\"https:\/\/www.youtube.com\/embed\/_CJmM-43Lx8?feature=oembed\" frameborder=\"0\" allow=\"accelerometer; autoplay; clipboard-write; encrypted-media; gyroscope; picture-in-picture; web-share\" referrerpolicy=\"strict-origin-when-cross-origin\" allowfullscreen><\/iframe><\/div>\n<\/div><\/figure>\n\n\n\n<h2 class=\"wp-block-heading\">A origem do nome e seu peso na hist\u00f3ria local<\/h2>\n\n\n\n<p>Exploradores que percorriam o <strong>Rio Tiet\u00ea<\/strong> acabaram capturando um peixe de grandes propor\u00e7\u00f5es na foz de um ribeir\u00e3o, conhecido como <strong>ja\u00fa<\/strong>, dando origem ao nome que mais tarde identificaria o povoado fundado em 1853. Com o solo f\u00e9rtil de terra roxa, a regi\u00e3o atraiu fam\u00edlias vindas de <strong>Itu<\/strong>, <strong>Porto Feliz<\/strong> e do sul de <strong>Minas Gerais<\/strong>, e em poucas d\u00e9cadas j\u00e1 despontava como uma das l\u00edderes na exporta\u00e7\u00e3o de caf\u00e9 por meio da <a href=\"https:\/\/www.saopaulo.sp.gov.br\/ultimas-noticias\/jau-une-o-desenvolvimento-industrial-a-qualidade-de-vida-do-interior-1\/\" target=\"_blank\" rel=\"noreferrer noopener\"><strong>Companhia Paulista de Estradas de Ferro<\/strong>.<\/a><\/p>\n\n\n\n<p>A prosperidade gerada pelo caf\u00e9 deixou marcas profundas no desenvolvimento urbano. Em 1901, <strong>Ja\u00fa<\/strong> se tornou o quarto munic\u00edpio brasileiro a contar com ilumina\u00e7\u00e3o el\u00e9trica. J\u00e1 em 1922, a m\u00e9dia de liga\u00e7\u00f5es telef\u00f4nicas por aparelho superava a registrada nas centrais de <strong>S\u00e3o Paulo<\/strong> e do <strong>Rio de Janeiro<\/strong>. At\u00e9 hoje, mais de <strong>400<\/strong> constru\u00e7\u00f5es desse per\u00edodo permanecem preservadas no centro hist\u00f3rico.<\/p>\n\n\n\n<h2 class=\"wp-block-heading\">O que fazer no tempo livre em Ja\u00fa?<\/h2>\n\n\n\n<p>O lazer combina natureza, hist\u00f3ria e gastronomia t\u00edpica do interior. Algumas op\u00e7\u00f5es ficam a poucos minutos do centro.<\/p>\n\n\n\n<ul class=\"wp-block-list\">\n<li><strong>Parque do Rio Ja\u00fa<\/strong>: \u00e1rea verde \u00e0s margens do Tiet\u00ea com ciclovias, lago e espa\u00e7o para eventos ao ar livre.<\/li>\n\n\n\n<li><strong>Catedral Nossa Senhora do Patroc\u00ednio<\/strong>: inaugurada em 1901, tem vitrais alem\u00e3es, telhas francesas e piso hidr\u00e1ulico original.<\/li>\n\n\n\n<li><strong>Museu Municipal Rafael Toscano<\/strong>: preserva a mem\u00f3ria do ciclo do caf\u00e9 e do aviador <strong>Jo\u00e3o Ribeiro de Barros<\/strong>, jauense que em 1927 se tornou o primeiro americano a cruzar o <strong>Atl\u00e2ntico<\/strong> em voo sem escalas.<\/li>\n\n\n\n<li><strong>Mercado Municipal<\/strong>: ponto de encontro para past\u00e9is caseiros e produtos frescos da regi\u00e3o.<\/li>\n\n\n\n<li><strong>Pra\u00e7a do T\u00eanis Clube<\/strong>: esculturas e jatos de \u00e1gua iluminados \u00e0 noite, programa tranquilo para fam\u00edlias.<\/li>\n<\/ul>\n\n\n\n<p><strong>Leia tamb\u00e9m: <a href=\"https:\/\/www.correiobraziliense.com.br\/cbradar\/a-cidade-natal-com-6-milhoes-de-garrafas-pet-recicladas-ganha-forma-de-sao-paulo-em-uma-celebracao-sustentavel-de-fim-de-ano\/\" target=\"_blank\" rel=\"noreferrer noopener\">A \u201cCidade Natal\u201d, com 6 milh\u00f5es de garrafas PET recicladas, ganha forma de S\u00e3o Paulo em uma celebra\u00e7\u00e3o sustent\u00e1vel de fim de ano.<\/a><\/strong><\/p>\n\n\n<div class=\"wp-block-image\">\n<figure class=\"aligncenter size-large\"><img decoding=\"async\" width=\"1024\" height=\"576\" src=\"https:\/\/www.correiobraziliense.com.br\/cbradar\/wp-content\/uploads\/2025\/12\/G-2025-12-11T211345.163-1024x576.png\" alt=\"A Capital do Cal\u00e7ado Feminino \u00e9 gigante em oportunidades e tranquilidade que somente o interior pode oferecer\" class=\"wp-image-154743\" srcset=\"https:\/\/www.correiobraziliense.com.br\/cbradar\/wp-content\/uploads\/2025\/12\/G-2025-12-11T211345.163-1024x576.png 1024w, https:\/\/www.correiobraziliense.com.br\/cbradar\/wp-content\/uploads\/2025\/12\/G-2025-12-11T211345.163-300x169.png 300w, https:\/\/www.correiobraziliense.com.br\/cbradar\/wp-content\/uploads\/2025\/12\/G-2025-12-11T211345.163-768x432.png 768w, https:\/\/www.correiobraziliense.com.br\/cbradar\/wp-content\/uploads\/2025\/12\/G-2025-12-11T211345.163-750x422.png 750w, https:\/\/www.correiobraziliense.com.br\/cbradar\/wp-content\/uploads\/2025\/12\/G-2025-12-11T211345.163-1140x641.png 1140w, https:\/\/www.correiobraziliense.com.br\/cbradar\/wp-content\/uploads\/2025\/12\/G-2025-12-11T211345.163.png 1280w\" sizes=\"(max-width: 1024px) 100vw, 1024px\" \/><figcaption class=\"wp-element-caption\">Ja\u00fa \u00e9 ref\u00fagio de interior perfeito para quem busca tranquilidade, seguran\u00e7a e boa estrutura de servi\u00e7os longe da capital \/\/ Cr\u00e9ditos: YouTube @DRONEJA\u00da<\/figcaption><\/figure><\/div>\n\n\n<h2 class=\"wp-block-heading\">Gastronomia de mesa farta e pre\u00e7o justo<\/h2>\n\n\n\n<p>Comer bem em Ja\u00fa custa pouco. A heran\u00e7a italiana e caipira aparece nos pratos e nos h\u00e1bitos de fim de semana.<\/p>\n\n\n\n<ul class=\"wp-block-list\">\n<li><strong>Sandu\u00edche de pernil<\/strong>: cl\u00e1ssico dos bares locais, servido no p\u00e3o crocante com molho da casa.<\/li>\n\n\n\n<li><strong>Leitoa \u00e0 pururuca<\/strong>: presen\u00e7a certa em restaurantes familiares como o tradicional Restaurante Polaco.<\/li>\n\n\n\n<li><strong>Refrigerante Jahuba<\/strong>: marca local com &#8220;DNA jauense&#8221; que virou s\u00edmbolo afetivo da cidade.<\/li>\n<\/ul>\n\n\n\n<h2 class=\"wp-block-heading\">Quando o clima favorece cada tipo de programa?<\/h2>\n\n\n\n<p>Ja\u00fa tem clima tropical com ver\u00f5es quentes e chuvosos e invernos secos. A altitude de 541 metros ameniza um pouco o calor, mas o term\u00f4metro passa dos 30\u00b0C no auge do ver\u00e3o.<\/p>\n\n\n\n<style>\n  \/* --- CONTAINER BLINDADO (PADR\u00c3O REGISTRADO) --- *\/\n  .clima-grid-final {\n    font-family: -apple-system, BlinkMacSystemFont, \"Segoe UI\", Roboto, Arial, sans-serif !important;\n    width: 100% !important;\n    max-width: 1200px !important;\n    margin: 20px auto !important;\n    display: grid !important;\n    \/* FOR\u00c7A 4 COLUNAS NO DESKTOP *\/\n    grid-template-columns: repeat(4, 1fr) !important; \n    gap: 15px !important;\n    box-sizing: border-box !important;\n  }\n\n  .clima-grid-final * {\n    box-sizing: border-box !important;\n  }\n\n  \/* --- BLINDAGEM CONTRA ADS E PLUGINS INTRUSOS --- *\/\n  .clima-grid-final > :not(.card-clima) {\n    display: none !important;\n    width: 0 !important;\n    height: 0 !important;\n    opacity: 0 !important;\n  }\n\n  \/* --- CARD AZUL --- *\/\n  .card-clima {\n    background: #ffffff !important;\n    border: 1px solid #e3f2fd !important;\n    border-radius: 20px !important;\n    padding: 20px 10px !important;\n    text-align: center !important;\n    display: flex !important;\n    flex-direction: column !important;\n    align-items: center !important;\n    box-shadow: 0 4px 10px rgba(13, 71, 161, 0.05) !important;\n    min-width: 0 !important; \n    transition: transform 0.2s ease !important;\n    overflow: hidden !important;\n    height: 100% !important;\n  }\n\n  .card-clima:hover {\n    transform: translateY(-5px) !important;\n    border-color: #90caf9 !important;\n  }\n\n  \/* --- CONTE\u00daDO --- *\/\n  .estacao-nome { \n    font-size: 14px !important; \n    font-weight: 800 !important; \n    color: #0d47a1 !important; \n    text-transform: uppercase !important; \n    margin: 0 0 5px 0 !important; \n  }\n  \n  .estacao-meses { \n    font-size: 10px !important; \n    font-weight: 700 !important; \n    color: #1565c0 !important; \n    text-transform: uppercase !important; \n    margin-bottom: 15px !important; \n    display: block !important;\n  }\n  \n  .temp-valor { \n    font-size: 24px !important; \n    font-weight: 800 !important; \n    color: #01579b !important; \n    line-height: 1.1 !important; \n    margin: 0 !important;\n  }\n  \n  .temp-label { \n    font-size: 9px !important; \n    font-weight: 600 !important; \n    color: #0288d1 !important; \n    text-transform: uppercase !important; \n    margin-bottom: 15px !important; \n    display: block !important;\n  }\n  \n  .clima-desc { \n    font-size: 12px !important; \n    line-height: 1.4 !important; \n    color: #37474f !important; \n    margin-bottom: 15px !important; \n    flex-grow: 1 !important; \n  }\n\n  .tag-status {\n    background-color: #e1f5fe !important;\n    border: 1px solid #b3e5fc !important;\n    color: #0d47a1 !important;\n    padding: 5px 12px !important;\n    border-radius: 20px !important;\n    font-size: 9px !important;\n    font-weight: 800 !important;\n    text-transform: uppercase !important;\n    margin-top: auto !important;\n  }\n\n  \/* --- RESPONSIVIDADE --- *\/\n  @media (max-width: 800px) {\n    .clima-grid-final {\n      grid-template-columns: 1fr !important; \n    }\n    .card-clima {\n      padding: 25px 20px !important;\n    }\n  }\n<\/style>\n\n<div class=\"google-auto-ads-ignore clima-grid-final\">\n  \n  <div class=\"card-clima\">\n    <div class=\"estacao-nome\">\u2600\ufe0f Ver\u00e3o<\/div>\n    <span class=\"estacao-meses\">Dez &#8211; Fev<\/span>\n    <div class=\"temp-valor\">20-33\u00b0C<\/div>\n    <span class=\"temp-label\">M\u00e9dia<\/span>\n    <div class=\"clima-desc\">Com a chuva em alta, o ideal \u00e9 aproveitar o <b>Parque do Rio Ja\u00fa pela manh\u00e3<\/b>, garantindo o lazer ao ar livre antes das pancadas t\u00edpicas.<\/div>\n    <div class=\"tag-status\">\ud83c\udf33 Natureza<\/div>\n  <\/div>\n\n  <div class=\"card-clima\">\n    <div class=\"estacao-nome\">\ud83c\udf42 Outono<\/div>\n    <span class=\"estacao-meses\">Mar &#8211; Mai<\/span>\n    <div class=\"temp-valor\">16-28\u00b0C<\/div>\n    <span class=\"temp-label\">M\u00e9dia<\/span>\n    <div class=\"clima-desc\">As temperaturas amenas favorecem o turismo cultural; aproveite para fazer tranquilos <b>passeios pelo centro hist\u00f3rico<\/b> da cidade.<\/div>\n    <div class=\"tag-status\">\ud83c\udfdb\ufe0f Cultura<\/div>\n  <\/div>\n\n  <div class=\"card-clima\">\n    <div class=\"estacao-nome\">\ud83d\udecd\ufe0f Inverno<\/div>\n    <span class=\"estacao-meses\">Jun &#8211; Ago<\/span>\n    <div class=\"temp-valor\">12-25\u00b0C<\/div>\n    <span class=\"temp-label\">M\u00e9dia<\/span>\n    <div class=\"clima-desc\">Na esta\u00e7\u00e3o mais seca e fresca, o foco total \u00e9 no <b>Territ\u00f3rio do Cal\u00e7ado<\/b>, ideal para bater perna e fazer compras com conforto.<\/div>\n    <div class=\"tag-status\">\ud83d\udc60 Compras<\/div>\n  <\/div>\n\n  <div class=\"card-clima\">\n    <div class=\"estacao-nome\">\ud83c\udf38 Primavera<\/div>\n    <span class=\"estacao-meses\">Set &#8211; Nov<\/span>\n    <div class=\"temp-valor\">17-30\u00b0C<\/div>\n    <span class=\"temp-label\">M\u00e9dia<\/span>\n    <div class=\"clima-desc\">O clima de transi\u00e7\u00e3o traz o florescer da cidade, sendo o momento perfeito para frequentar <b>feiras e eventos culturais<\/b> locais.<\/div>\n    <div class=\"tag-status\">\ud83c\udfa1 Eventos<\/div>\n  <\/div>\n\n<\/div>\n\n\n\n<p><em>Temperaturas aproximadas com base no <a href=\"https:\/\/www.climatempo.com.br\/previsao-do-tempo\/cidade\/801\/jau-sp\" target=\"_blank\" rel=\"noreferrer noopener\"><strong>Climatempo<\/strong><\/a>. Condi\u00e7\u00f5es podem variar.<\/em><\/p>\n\n\n<div class=\"wp-block-image\">\n<figure class=\"aligncenter size-large\"><img decoding=\"async\" width=\"1024\" height=\"576\" src=\"https:\/\/www.correiobraziliense.com.br\/cbradar\/wp-content\/uploads\/2025\/12\/G-2025-12-11T211155.383-1024x576.png\" alt=\"Essa cidade \u00e9 a capital do cal\u00e7ado e da sa\u00fade sendo uma das que mais crescem em S\u00e3o Paulo por brilhar os olhos de quem busca morar bem e prosperar\" class=\"wp-image-154744\" srcset=\"https:\/\/www.correiobraziliense.com.br\/cbradar\/wp-content\/uploads\/2025\/12\/G-2025-12-11T211155.383-1024x576.png 1024w, https:\/\/www.correiobraziliense.com.br\/cbradar\/wp-content\/uploads\/2025\/12\/G-2025-12-11T211155.383-300x169.png 300w, https:\/\/www.correiobraziliense.com.br\/cbradar\/wp-content\/uploads\/2025\/12\/G-2025-12-11T211155.383-768x432.png 768w, https:\/\/www.correiobraziliense.com.br\/cbradar\/wp-content\/uploads\/2025\/12\/G-2025-12-11T211155.383-750x422.png 750w, https:\/\/www.correiobraziliense.com.br\/cbradar\/wp-content\/uploads\/2025\/12\/G-2025-12-11T211155.383-1140x641.png 1140w, https:\/\/www.correiobraziliense.com.br\/cbradar\/wp-content\/uploads\/2025\/12\/G-2025-12-11T211155.383.png 1280w\" sizes=\"(max-width: 1024px) 100vw, 1024px\" \/><figcaption class=\"wp-element-caption\">Ja\u00fa ganha destaque em reportagens como uma das cidades mais seguras do Brasil, com clima acolhedor e qualidade de vida. \/\/ Cr\u00e9ditos: YouTube @DRONEJA\u00da<\/figcaption><\/figure><\/div>\n\n\n<h2 class=\"wp-block-heading\">Rotas e acessos at\u00e9 a cidade<\/h2>\n\n\n\n<p>Partindo da capital paulista, <strong>Ja\u00fa<\/strong> est\u00e1 a <strong>296 km de S\u00e3o Paulo<\/strong>, com trajeto principal pela <strong>Rodovia Marechal Rondon (SP-300)<\/strong> at\u00e9 <strong>Bauru<\/strong>, seguindo depois pela <strong>SP-225<\/strong>, em uma viagem de aproximadamente <strong>3h30<\/strong> de carro. Outra alternativa \u00e9 utilizar a <strong>SP-255<\/strong>, que faz liga\u00e7\u00e3o com <strong>Barra Bonita<\/strong> e <strong>Araraquara<\/strong>. Para quem prefere voar, o aeroporto comercial mais pr\u00f3ximo fica em <strong>Bauru<\/strong>, a cerca de <strong>55 km<\/strong> de dist\u00e2ncia.<\/p>\n\n\n\n<h2 class=\"wp-block-heading\">Tradi\u00e7\u00e3o e desenvolvimento no mesmo compasso<\/h2>\n\n\n\n<p>Entre hist\u00f3ria e modernidade, <strong>Ja\u00fa<\/strong> re\u00fane heran\u00e7as dos bandeirantes, a impon\u00eancia dos casar\u00f5es do ciclo do caf\u00e9 e a for\u00e7a de uma ind\u00fastria que sustenta gera\u00e7\u00f5es. N\u00e3o \u00e9 comum encontrar no interior paulista uma cidade que combine um hospital de refer\u00eancia continental, economia aquecida e custo de vida acess\u00edvel no mesmo espa\u00e7o.<\/p>\n\n\n\n<p>Conhecer <strong>Ja\u00fa<\/strong> \u00e9 vivenciar de perto o ritmo de um lugar que produz cerca de <strong>120 mil<\/strong> pares de sapatos por dia, sem abrir m\u00e3o do clima acolhedor t\u00edpico do interior, onde a proximidade entre as pessoas ainda faz parte da rotina.<\/p>\n","protected":false},"excerpt":{"rendered":"<p>Ao percorrer a SP-225 rumo a Ja\u00fa, o cen\u00e1rio revela avenidas amplas, casar\u00f5es hist\u00f3ricos e o aroma caracter\u00edstico do couro que sai das f\u00e1bricas. Localizada a 296 km de S\u00e3o Paulo, no cora\u00e7\u00e3o do estado, a conhecida Capital do Cal\u00e7ado Feminino equilibra a for\u00e7a da ind\u00fastria com a tranquilidade t\u00edpica do interior paulista. A for\u00e7a [&hellip;]<\/p>\n","protected":false},"author":8,"featured_media":233403,"comment_status":"open","ping_status":"open","sticky":false,"template":"","format":"standard","meta":{"_yoast_wpseo_focuskw":"Capital do Cal\u00e7ado Feminino","_yoast_wpseo_title":"","_yoast_wpseo_metadesc":"Conhecida como a \"Capital do Cal\u00e7ado Feminino\u201d, esse munic\u00edpio produz cerca de 120 mil pares por dia e se destaca pela qualidade de vida.","jnews-multi-image_gallery":[],"jnews_single_post":{"format":"standard"},"jnews_primary_category":[],"jnews_social_meta":[],"jnews_override_counter":[],"footnotes":""},"categories":[108,111],"post_tag":[],"class_list":["post-233400","post","type-post","status-publish","format-standard","has-post-thumbnail","hentry","category-cidades","category-turismo"],"yoast_head":"<!-- This site is optimized with the Yoast SEO plugin v24.6 - https:\/\/yoast.com\/wordpress\/plugins\/seo\/ -->\n<title>A Capital do Cal\u00e7ado Feminino produz 120 mil pares por dia, tem empregos de sobra e qualidade de vida de causar inveja em quem sonha viver bem - Correio Braziliense - Radar<\/title>\n<meta name=\"description\" content=\"Conhecida como a &quot;Capital do Cal\u00e7ado Feminino\u201d, esse munic\u00edpio produz cerca de 120 mil pares por dia e se destaca pela qualidade de vida.\" \/>\n<meta name=\"robots\" content=\"index, follow, max-snippet:-1, max-image-preview:large, max-video-preview:-1\" \/>\n<link rel=\"canonical\" href=\"https:\/\/www.correiobraziliense.com.br\/cbradar\/a-capital-do-calcado-feminino-produz-120-mil-pares-por-dia-tem-empregos-de-sobra-e-qualidade-de-vida-de-causar-inveja-em-quem-sonha-viver-bem\/\" \/>\n<meta property=\"og:locale\" content=\"pt_BR\" \/>\n<meta property=\"og:type\" content=\"article\" \/>\n<meta property=\"og:title\" content=\"A Capital do Cal\u00e7ado Feminino produz 120 mil pares por dia, tem empregos de sobra e qualidade de vida de causar inveja em quem sonha viver bem - Correio Braziliense - Radar\" \/>\n<meta property=\"og:description\" content=\"Conhecida como a &quot;Capital do Cal\u00e7ado Feminino\u201d, esse munic\u00edpio produz cerca de 120 mil pares por dia e se destaca pela qualidade de vida.\" \/>\n<meta property=\"og:url\" content=\"https:\/\/www.correiobraziliense.com.br\/cbradar\/a-capital-do-calcado-feminino-produz-120-mil-pares-por-dia-tem-empregos-de-sobra-e-qualidade-de-vida-de-causar-inveja-em-quem-sonha-viver-bem\/\" \/>\n<meta property=\"og:site_name\" content=\"Correio Braziliense - Radar\" \/>\n<meta property=\"article:published_time\" content=\"2026-04-28T07:05:00+00:00\" \/>\n<meta property=\"og:image\" content=\"https:\/\/www.correiobraziliense.com.br\/cbradar\/wp-content\/uploads\/2026\/04\/aaa-2026-04-28T032833.783.png\" \/>\n\t<meta property=\"og:image:width\" content=\"1280\" \/>\n\t<meta property=\"og:image:height\" content=\"720\" \/>\n\t<meta property=\"og:image:type\" content=\"image\/png\" \/>\n<meta name=\"author\" content=\"Maura Pereira\" \/>\n<meta name=\"twitter:card\" content=\"summary_large_image\" \/>\n<meta name=\"twitter:label1\" content=\"Escrito por\" \/>\n\t<meta name=\"twitter:data1\" content=\"Maura Pereira\" \/>\n\t<meta name=\"twitter:label2\" content=\"Est. tempo de leitura\" \/>\n\t<meta name=\"twitter:data2\" content=\"8 minutos\" \/>\n<!-- \/ Yoast SEO plugin. -->","yoast_head_json":{"title":"A Capital do Cal\u00e7ado Feminino produz 120 mil pares por dia, tem empregos de sobra e qualidade de vida de causar inveja em quem sonha viver bem - Correio Braziliense - Radar","description":"Conhecida como a \"Capital do Cal\u00e7ado Feminino\u201d, esse munic\u00edpio produz cerca de 120 mil pares por dia e se destaca pela qualidade de vida.","robots":{"index":"index","follow":"follow","max-snippet":"max-snippet:-1","max-image-preview":"max-image-preview:large","max-video-preview":"max-video-preview:-1"},"canonical":"https:\/\/www.correiobraziliense.com.br\/cbradar\/a-capital-do-calcado-feminino-produz-120-mil-pares-por-dia-tem-empregos-de-sobra-e-qualidade-de-vida-de-causar-inveja-em-quem-sonha-viver-bem\/","og_locale":"pt_BR","og_type":"article","og_title":"A Capital do Cal\u00e7ado Feminino produz 120 mil pares por dia, tem empregos de sobra e qualidade de vida de causar inveja em quem sonha viver bem - Correio Braziliense - Radar","og_description":"Conhecida como a \"Capital do Cal\u00e7ado Feminino\u201d, esse munic\u00edpio produz cerca de 120 mil pares por dia e se destaca pela qualidade de vida.","og_url":"https:\/\/www.correiobraziliense.com.br\/cbradar\/a-capital-do-calcado-feminino-produz-120-mil-pares-por-dia-tem-empregos-de-sobra-e-qualidade-de-vida-de-causar-inveja-em-quem-sonha-viver-bem\/","og_site_name":"Correio Braziliense - Radar","article_published_time":"2026-04-28T07:05:00+00:00","og_image":[{"width":1280,"height":720,"url":"https:\/\/www.correiobraziliense.com.br\/cbradar\/wp-content\/uploads\/2026\/04\/aaa-2026-04-28T032833.783.png","type":"image\/png"}],"author":"Maura Pereira","twitter_card":"summary_large_image","twitter_misc":{"Escrito por":"Maura Pereira","Est. tempo de leitura":"8 minutos"},"schema":{"@context":"https:\/\/schema.org","@graph":[{"@type":"WebPage","@id":"https:\/\/www.correiobraziliense.com.br\/cbradar\/a-capital-do-calcado-feminino-produz-120-mil-pares-por-dia-tem-empregos-de-sobra-e-qualidade-de-vida-de-causar-inveja-em-quem-sonha-viver-bem\/","url":"https:\/\/www.correiobraziliense.com.br\/cbradar\/a-capital-do-calcado-feminino-produz-120-mil-pares-por-dia-tem-empregos-de-sobra-e-qualidade-de-vida-de-causar-inveja-em-quem-sonha-viver-bem\/","name":"A Capital do Cal\u00e7ado Feminino produz 120 mil pares por dia, tem empregos de sobra e qualidade de vida de causar inveja em quem sonha viver bem - Correio Braziliense - Radar","isPartOf":{"@id":"https:\/\/www.correiobraziliense.com.br\/cbradar\/#website"},"primaryImageOfPage":{"@id":"https:\/\/www.correiobraziliense.com.br\/cbradar\/a-capital-do-calcado-feminino-produz-120-mil-pares-por-dia-tem-empregos-de-sobra-e-qualidade-de-vida-de-causar-inveja-em-quem-sonha-viver-bem\/#primaryimage"},"image":{"@id":"https:\/\/www.correiobraziliense.com.br\/cbradar\/a-capital-do-calcado-feminino-produz-120-mil-pares-por-dia-tem-empregos-de-sobra-e-qualidade-de-vida-de-causar-inveja-em-quem-sonha-viver-bem\/#primaryimage"},"thumbnailUrl":"https:\/\/www.correiobraziliense.com.br\/cbradar\/wp-content\/uploads\/2026\/04\/aaa-2026-04-28T032833.783.png","datePublished":"2026-04-28T07:05:00+00:00","author":{"@id":"https:\/\/www.correiobraziliense.com.br\/cbradar\/#\/schema\/person\/4053c651a9bfc785afc6f4cbc9032fd3"},"description":"Conhecida como a \"Capital do Cal\u00e7ado Feminino\u201d, esse munic\u00edpio produz cerca de 120 mil pares por dia e se destaca pela qualidade de vida.","breadcrumb":{"@id":"https:\/\/www.correiobraziliense.com.br\/cbradar\/a-capital-do-calcado-feminino-produz-120-mil-pares-por-dia-tem-empregos-de-sobra-e-qualidade-de-vida-de-causar-inveja-em-quem-sonha-viver-bem\/#breadcrumb"},"inLanguage":"pt-BR","potentialAction":[{"@type":"ReadAction","target":["https:\/\/www.correiobraziliense.com.br\/cbradar\/a-capital-do-calcado-feminino-produz-120-mil-pares-por-dia-tem-empregos-de-sobra-e-qualidade-de-vida-de-causar-inveja-em-quem-sonha-viver-bem\/"]}]},{"@type":"ImageObject","inLanguage":"pt-BR","@id":"https:\/\/www.correiobraziliense.com.br\/cbradar\/a-capital-do-calcado-feminino-produz-120-mil-pares-por-dia-tem-empregos-de-sobra-e-qualidade-de-vida-de-causar-inveja-em-quem-sonha-viver-bem\/#primaryimage","url":"https:\/\/www.correiobraziliense.com.br\/cbradar\/wp-content\/uploads\/2026\/04\/aaa-2026-04-28T032833.783.png","contentUrl":"https:\/\/www.correiobraziliense.com.br\/cbradar\/wp-content\/uploads\/2026\/04\/aaa-2026-04-28T032833.783.png","width":1280,"height":720,"caption":"A Capital do Cal\u00e7ado Feminino equilibra a for\u00e7a da ind\u00fastria com a tranquilidade t\u00edpica do interior paulista. \/ Imagem ilustrativa"},{"@type":"BreadcrumbList","@id":"https:\/\/www.correiobraziliense.com.br\/cbradar\/a-capital-do-calcado-feminino-produz-120-mil-pares-por-dia-tem-empregos-de-sobra-e-qualidade-de-vida-de-causar-inveja-em-quem-sonha-viver-bem\/#breadcrumb","itemListElement":[{"@type":"ListItem","position":1,"name":"In\u00edcio","item":"https:\/\/www.correiobraziliense.com.br\/cbradar\/"},{"@type":"ListItem","position":2,"name":"A Capital do Cal\u00e7ado Feminino produz 120 mil pares por dia, tem empregos de sobra e qualidade de vida de causar inveja em quem sonha viver bem"}]},{"@type":"WebSite","@id":"https:\/\/www.correiobraziliense.com.br\/cbradar\/#website","url":"https:\/\/www.correiobraziliense.com.br\/cbradar\/","name":"Correio Braziliense - Radar","description":"Acompanhe as \u00faltimas not\u00edcias e fique bem informado sobre tudo o que acontece no Brasil e no mundo.","potentialAction":[{"@type":"SearchAction","target":{"@type":"EntryPoint","urlTemplate":"https:\/\/www.correiobraziliense.com.br\/cbradar\/?s={search_term_string}"},"query-input":{"@type":"PropertyValueSpecification","valueRequired":true,"valueName":"search_term_string"}}],"inLanguage":"pt-BR"},{"@type":"Person","@id":"https:\/\/www.correiobraziliense.com.br\/cbradar\/#\/schema\/person\/4053c651a9bfc785afc6f4cbc9032fd3","name":"Maura Pereira","image":{"@type":"ImageObject","inLanguage":"pt-BR","@id":"https:\/\/www.correiobraziliense.com.br\/cbradar\/#\/schema\/person\/image\/","url":"https:\/\/secure.gravatar.com\/avatar\/3effd6bdadfa447f15089c7f7144eaa6?s=96&d=mm&r=g","contentUrl":"https:\/\/secure.gravatar.com\/avatar\/3effd6bdadfa447f15089c7f7144eaa6?s=96&d=mm&r=g","caption":"Maura Pereira"},"sameAs":["https:\/\/www.correiobraziliense.com.br\/"],"url":"https:\/\/www.correiobraziliense.com.br\/cbradar\/author\/mauramyth\/"}]}},"_links":{"self":[{"href":"https:\/\/www.correiobraziliense.com.br\/cbradar\/wp-json\/wp\/v2\/posts\/233400","targetHints":{"allow":["GET"]}}],"collection":[{"href":"https:\/\/www.correiobraziliense.com.br\/cbradar\/wp-json\/wp\/v2\/posts"}],"about":[{"href":"https:\/\/www.correiobraziliense.com.br\/cbradar\/wp-json\/wp\/v2\/types\/post"}],"author":[{"embeddable":true,"href":"https:\/\/www.correiobraziliense.com.br\/cbradar\/wp-json\/wp\/v2\/users\/8"}],"replies":[{"embeddable":true,"href":"https:\/\/www.correiobraziliense.com.br\/cbradar\/wp-json\/wp\/v2\/comments?post=233400"}],"version-history":[{"count":4,"href":"https:\/\/www.correiobraziliense.com.br\/cbradar\/wp-json\/wp\/v2\/posts\/233400\/revisions"}],"predecessor-version":[{"id":233421,"href":"https:\/\/www.correiobraziliense.com.br\/cbradar\/wp-json\/wp\/v2\/posts\/233400\/revisions\/233421"}],"wp:featuredmedia":[{"embeddable":true,"href":"https:\/\/www.correiobraziliense.com.br\/cbradar\/wp-json\/wp\/v2\/media\/233403"}],"wp:attachment":[{"href":"https:\/\/www.correiobraziliense.com.br\/cbradar\/wp-json\/wp\/v2\/media?parent=233400"}],"wp:term":[{"taxonomy":"category","embeddable":true,"href":"https:\/\/www.correiobraziliense.com.br\/cbradar\/wp-json\/wp\/v2\/categories?post=233400"},{"taxonomy":"post_tag","embeddable":true,"href":"https:\/\/www.correiobraziliense.com.br\/cbradar\/wp-json\/wp\/v2\/post_tag?post=233400"}],"curies":[{"name":"wp","href":"https:\/\/api.w.org\/{rel}","templated":true}]}}