{"id":233411,"date":"2026-04-28T06:25:00","date_gmt":"2026-04-28T09:25:00","guid":{"rendered":"https:\/\/www.correiobraziliense.com.br\/cbradar\/?p=233411"},"modified":"2026-04-28T08:38:17","modified_gmt":"2026-04-28T11:38:17","slug":"ha-mais-de-200-anos-em-1824-cerca-de-39-pessoas-chegaram-de-barco-e-iniciaram-a-historia-do-berco-da-imigracao-alema-no-brasil","status":"publish","type":"post","link":"https:\/\/www.correiobraziliense.com.br\/cbradar\/ha-mais-de-200-anos-em-1824-cerca-de-39-pessoas-chegaram-de-barco-e-iniciaram-a-historia-do-berco-da-imigracao-alema-no-brasil\/","title":{"rendered":"H\u00e1 mais de 200 anos, em 1824, cerca de 39 pessoas chegaram de barco e iniciaram a hist\u00f3ria do ber\u00e7o da imigra\u00e7\u00e3o alem\u00e3 no Brasil"},"content":{"rendered":"\n<p>No dia <strong>25 de julho de 1824<\/strong>, um grupo de <strong>39<\/strong> imigrantes vindos da <strong>Ren\u00e2nia<\/strong> chegou \u00e0s margens do <strong>Rio dos Sinos<\/strong>, dando in\u00edcio \u00e0 primeira col\u00f4nia oficial de imigra\u00e7\u00e3o alem\u00e3 no Brasil. O nome escolhido foi uma homenagem ao santo padroeiro da imperatriz <strong>Leopoldina<\/strong>, marcando desde o in\u00edcio a forte liga\u00e7\u00e3o cultural com a Europa. Passados dois s\u00e9culos, <strong>S\u00e3o Leopoldo<\/strong> mant\u00e9m viva essa heran\u00e7a com missas em alem\u00e3o, casar\u00f5es no estilo enxaimel e museus que preservam a mem\u00f3ria dessa trajet\u00f3ria, tudo a apenas meia hora de trem de <strong>Porto Alegre<\/strong>.<\/p>\n\n\n\n<h2 class=\"wp-block-heading\">Das origens produtivas \u00e0 forma\u00e7\u00e3o da vila hist\u00f3rica<\/h2>\n\n\n\n<p>Muito antes da chegada dos imigrantes, a \u00e1rea era ocupada pela <strong>Real Feitoria do Linho C\u00e2nhamo<\/strong>, criada em <strong>1788<\/strong> com o objetivo de fabricar cordas para navios. O projeto n\u00e3o prosperou e acabou desativado, abrindo caminho para que o governo imperial utilizasse a estrutura para receber os primeiros colonos, que enfrentaram uma viagem de <strong>sete dias<\/strong> pelo rio desde <strong>Porto Alegre<\/strong>. Entre os <strong>39<\/strong> pioneiros, <strong>33<\/strong> seguiam o luteranismo e <strong>6<\/strong> eram cat\u00f3licos.<\/p>\n\n\n\n<p>Com o passar dos anos, o n\u00facleo se desenvolveu e, em <strong>1846<\/strong>, foi elevado \u00e0 condi\u00e7\u00e3o de vila, separando-se de <strong>Porto Alegre<\/strong>. J\u00e1 em <strong>1874<\/strong>, a chegada da estrada de ferro ligando a regi\u00e3o \u00e0 capital, com <strong>33,7 km<\/strong> de extens\u00e3o, transformou <strong>S\u00e3o Leopoldo<\/strong> em ponto inicial da quinta ferrovia do pa\u00eds. As antigas oficinas de sapateiros e ferreiros evolu\u00edram e deram origem a sobrenomes que mais tarde se tornariam refer\u00eancias industriais, como <strong>Gerdau<\/strong>, <strong>Renner<\/strong> e <strong>Stihl<\/strong>. Esse legado foi reconhecido oficialmente pela Lei Federal <strong>12.394\/2011<\/strong>, que concedeu \u00e0 cidade o t\u00edtulo de <strong>Ber\u00e7o da Coloniza\u00e7\u00e3o Alem\u00e3 no Brasil<\/strong>, conforme destaca a <a href=\"https:\/\/www.turismo.rs.gov.br\/turismo\/municipio\/visualizar\/355\" target=\"_blank\" rel=\"noreferrer noopener\"><strong>Secretaria de Turismo do Rio Grande do Sul<\/strong>.<\/a><\/p>\n\n\n<div class=\"wp-block-image\">\n<figure class=\"aligncenter size-large\"><img decoding=\"async\" width=\"1024\" height=\"576\" src=\"https:\/\/www.correiobraziliense.com.br\/cbradar\/wp-content\/uploads\/2025\/09\/Design-sem-nome-10-1024x576.png\" alt=\"Fundada em 1824, a cidade que iniciou a imigra\u00e7\u00e3o alem\u00e3 hoje \u00e9 um gigante tecnol\u00f3gico no Rio Grande do Sul\" class=\"wp-image-110197\" srcset=\"https:\/\/www.correiobraziliense.com.br\/cbradar\/wp-content\/uploads\/2025\/09\/Design-sem-nome-10-1024x576.png 1024w, https:\/\/www.correiobraziliense.com.br\/cbradar\/wp-content\/uploads\/2025\/09\/Design-sem-nome-10-300x169.png 300w, https:\/\/www.correiobraziliense.com.br\/cbradar\/wp-content\/uploads\/2025\/09\/Design-sem-nome-10-768x432.png 768w, https:\/\/www.correiobraziliense.com.br\/cbradar\/wp-content\/uploads\/2025\/09\/Design-sem-nome-10-750x422.png 750w, https:\/\/www.correiobraziliense.com.br\/cbradar\/wp-content\/uploads\/2025\/09\/Design-sem-nome-10-1140x641.png 1140w, https:\/\/www.correiobraziliense.com.br\/cbradar\/wp-content\/uploads\/2025\/09\/Design-sem-nome-10.png 1280w\" sizes=\"(max-width: 1024px) 100vw, 1024px\" \/><figcaption class=\"wp-element-caption\">S\u00e3o Leopoldo destaca-se pela ind\u00fastria diversificada e polo de tecnologia na regi\u00e3o metropolitana de Porto Alegre. \/\/ Cr\u00e9ditos: YouTube @BRASILVISTOPORDRONE<\/figcaption><\/figure><\/div>\n\n\n<h2 class=\"wp-block-heading\">O que visitar no ber\u00e7o da imigra\u00e7\u00e3o?<\/h2>\n\n\n\n<p><strong>O acervo hist\u00f3rico de S\u00e3o Leopoldo concentra museus, igrejas e monumentos que cobrem dois s\u00e9culos de presen\u00e7a germ\u00e2nica.<\/strong> O centro se percorre a p\u00e9 em uma manh\u00e3.<\/p>\n\n\n\n<ul class=\"wp-block-list\">\n<li><strong>Museu Hist\u00f3rico Visconde de S\u00e3o Leopoldo<\/strong>: mais de 16 mil pe\u00e7as, 50 mil fotografias e biblioteca com 25 mil volumes sobre imigra\u00e7\u00e3o e cultura ga\u00facha. Entrada franca.<\/li>\n\n\n\n<li><strong>Museu do Trem<\/strong>: instalado na mais antiga esta\u00e7\u00e3o ferrovi\u00e1ria do <strong>Rio Grande do Sul<\/strong>, inaugurada em 1874. Locomotivas, vag\u00f5es e objetos da era ferrovi\u00e1ria ao ar livre.<\/li>\n\n\n\n<li><strong>Igreja Matriz Nossa Senhora da Concei\u00e7\u00e3o<\/strong>: erguida em 1859 no local da primeira capela dos imigrantes, \u00e9 a primeira obra neog\u00f3tica do estado.<\/li>\n\n\n\n<li><strong>Igreja do Rel\u00f3gio (Igreja Evang\u00e9lica Luterana)<\/strong>: templo com vitrais importados da <strong>Alemanha<\/strong> que ainda celebra cultos em alem\u00e3o, preservando a tradi\u00e7\u00e3o dos colonos.<\/li>\n\n\n\n<li><strong>Santu\u00e1rio Padre Reus<\/strong>: constru\u00eddo entre 1958 e 1968, abriga o t\u00famulo do padre b\u00e1varo em processo de beatifica\u00e7\u00e3o. Recebe romeiros de todo o Sul do Brasil.<\/li>\n\n\n\n<li><strong>Parque Natural Municipal Imperatriz Leopoldina<\/strong>: \u00e1rea verde com lago artificial, trilhas, eventos culturais e espa\u00e7o para piquenique no cora\u00e7\u00e3o da cidade.<\/li>\n<\/ul>\n\n\n\n<p>O v\u00eddeo \u00e9 do canal <strong>Cidades &amp; Cia<\/strong>, com foco em destinos brasileiros, e apresenta o Museu Visconde de S\u00e3o Leopoldo, a Unisinos e a vibrante Rua Independ\u00eancia:<\/p>\n\n\n\n<figure class=\"wp-block-embed aligncenter is-type-video is-provider-youtube wp-block-embed-youtube wp-embed-aspect-16-9 wp-has-aspect-ratio\"><div class=\"wp-block-embed__wrapper\">\n<div class=\"jeg_video_container jeg_video_content\"><iframe loading=\"lazy\" title=\"\ud83e\uddc9EXPLORANDO S\u00c3O LEOPOLDO \/ CONHE\u00c7A A HIST\u00d3RIA E ENCANTOS DESSA BEL\u00cdSSIMA CIDADE GA\u00daCHA #brasil\" width=\"500\" height=\"281\" src=\"https:\/\/www.youtube.com\/embed\/fURyZzjLIgI?feature=oembed\" frameborder=\"0\" allow=\"accelerometer; autoplay; clipboard-write; encrypted-media; gyroscope; picture-in-picture; web-share\" referrerpolicy=\"strict-origin-when-cross-origin\" allowfullscreen><\/iframe><\/div>\n<\/div><\/figure>\n\n\n\n<h2 class=\"wp-block-heading\">S\u00e3o Leopoldo Fest e o calend\u00e1rio germ\u00e2nico<\/h2>\n\n\n\n<p>Todo m\u00eas de julho, a cidade celebra o anivers\u00e1rio da imigra\u00e7\u00e3o com a <strong>S\u00e3o Leopoldo Fest<\/strong>, a maior festa do Vale dos Sinos. O evento dura dez dias e atrai cerca de 300 mil visitantes com dan\u00e7as t\u00edpicas, bandas alem\u00e3s, artesanato e gastronomia colonial.<\/p>\n\n\n\n<p>Fora da festa, a cidade integra o <strong>Vale Germ\u00e2nico<\/strong>, roteiro tur\u00edstico que conecta 14 munic\u00edpios com heran\u00e7a germ\u00e2nica, e \u00e9 ponto de partida da <strong>Rota Rom\u00e2ntica<\/strong>, percurso de mais de 300 km at\u00e9 <strong>S\u00e3o Francisco de Paula<\/strong>. Grupos como o <strong>Volkstanzgruppe Karat<\/strong> mant\u00eam vivas as dan\u00e7as folcl\u00f3ricas alem\u00e3s em trajes t\u00edpicos durante festivais e celebra\u00e7\u00f5es ao longo do ano.<\/p>\n\n\n<div class=\"wp-block-image\">\n<figure class=\"aligncenter size-large\"><img decoding=\"async\" width=\"1024\" height=\"576\" src=\"https:\/\/www.correiobraziliense.com.br\/cbradar\/wp-content\/uploads\/2025\/09\/Design-sem-nome-11-1024x576.png\" alt=\"Fundada em 1824, a cidade que iniciou a imigra\u00e7\u00e3o alem\u00e3 hoje \u00e9 um gigante tecnol\u00f3gico no Rio Grande do Sul\" class=\"wp-image-110196\" srcset=\"https:\/\/www.correiobraziliense.com.br\/cbradar\/wp-content\/uploads\/2025\/09\/Design-sem-nome-11-1024x576.png 1024w, https:\/\/www.correiobraziliense.com.br\/cbradar\/wp-content\/uploads\/2025\/09\/Design-sem-nome-11-300x169.png 300w, https:\/\/www.correiobraziliense.com.br\/cbradar\/wp-content\/uploads\/2025\/09\/Design-sem-nome-11-768x432.png 768w, https:\/\/www.correiobraziliense.com.br\/cbradar\/wp-content\/uploads\/2025\/09\/Design-sem-nome-11-750x422.png 750w, https:\/\/www.correiobraziliense.com.br\/cbradar\/wp-content\/uploads\/2025\/09\/Design-sem-nome-11-1140x641.png 1140w, https:\/\/www.correiobraziliense.com.br\/cbradar\/wp-content\/uploads\/2025\/09\/Design-sem-nome-11.png 1280w\" sizes=\"(max-width: 1024px) 100vw, 1024px\" \/><figcaption class=\"wp-element-caption\">Visite museus, parques e experimente a culin\u00e1ria t\u00edpica alem\u00e3 em S\u00e3o Leopoldo\ufeff\/\/ Cr\u00e9ditos: YouTube @BRASILVISTOPORDRONE<\/figcaption><\/figure><\/div>\n\n\n<h2 class=\"wp-block-heading\">Caf\u00e9 colonial, cuca e a mesa dos colonos<\/h2>\n\n\n\n<p>A gastronomia leopoldense reflete a fus\u00e3o entre a tradi\u00e7\u00e3o germ\u00e2nica e o churrasco ga\u00facho. Os caf\u00e9s coloniais s\u00e3o a experi\u00eancia mais completa para quem quer provar de tudo numa \u00fanica mesa.<\/p>\n\n\n\n<ul class=\"wp-block-list\">\n<li><strong>Caf\u00e9 colonial<\/strong>: cucas, schmier (geleia), p\u00e3es caseiros, lingui\u00e7as, queijos, bolos e dezenas de acompanhamentos servidos em fartura.<\/li>\n\n\n\n<li><strong>Eisbein (joelho de porco)<\/strong>: prato cl\u00e1ssico da culin\u00e1ria alem\u00e3, servido com chucrute e pur\u00ea nos restaurantes do centro e durante as festas.<\/li>\n\n\n\n<li><strong>Cerveja artesanal<\/strong>: a tradi\u00e7\u00e3o cervejeira dos imigrantes se renova em r\u00f3tulos locais, com cervejarias abertas \u00e0 visita\u00e7\u00e3o nos arredores.<\/li>\n\n\n\n<li><strong>Churrasco ga\u00facho<\/strong>: a costela no fogo de ch\u00e3o divide espa\u00e7o com os pratos alem\u00e3es nos fins de semana leopoldenses.<\/li>\n<\/ul>\n\n\n\n<p><strong>Leia tamb\u00e9m: <a href=\"https:\/\/www.correiobraziliense.com.br\/cbradar\/a-cidade-natal-com-6-milhoes-de-garrafas-pet-recicladas-ganha-forma-de-sao-paulo-em-uma-celebracao-sustentavel-de-fim-de-ano\/\" target=\"_blank\" rel=\"noreferrer noopener\">A \u201cCidade Natal\u201d, com 6 milh\u00f5es de garrafas PET recicladas, ganha forma de S\u00e3o Paulo em uma celebra\u00e7\u00e3o sustent\u00e1vel de fim de ano.<\/a><\/strong><\/p>\n\n\n\n<h2 class=\"wp-block-heading\">Quando o clima favorece cada tipo de passeio?<\/h2>\n\n\n\n<p><strong>O clima subtropical \u00famido traz esta\u00e7\u00f5es bem marcadas<\/strong>. O inverno \u00e9 a alta temporada, com a S\u00e3o Leopoldo Fest em julho e temperaturas ideais para caf\u00e9s coloniais e passeios a p\u00e9 pelo centro hist\u00f3rico.<\/p>\n\n\n\n<style>\n  \/* --- CONTAINER BLINDADO (PADR\u00c3O REGISTRADO) --- *\/\n  .clima-grid-final {\n    font-family: -apple-system, BlinkMacSystemFont, \"Segoe UI\", Roboto, Arial, sans-serif !important;\n    width: 100% !important;\n    max-width: 1200px !important;\n    margin: 20px auto !important;\n    display: grid !important;\n    \/* FOR\u00c7A 4 COLUNAS NO DESKTOP *\/\n    grid-template-columns: repeat(4, 1fr) !important; \n    gap: 15px !important;\n    box-sizing: border-box !important;\n  }\n\n  .clima-grid-final * {\n    box-sizing: border-box !important;\n  }\n\n  \/* --- BLINDAGEM CONTRA ADS E PLUGINS INTRUSOS --- *\/\n  .clima-grid-final > :not(.card-clima) {\n    display: none !important;\n    width: 0 !important;\n    height: 0 !important;\n    opacity: 0 !important;\n  }\n\n  \/* --- CARD AZUL --- *\/\n  .card-clima {\n    background: #ffffff !important;\n    border: 1px solid #e3f2fd !important;\n    border-radius: 20px !important;\n    padding: 20px 10px !important;\n    text-align: center !important;\n    display: flex !important;\n    flex-direction: column !important;\n    align-items: center !important;\n    box-shadow: 0 4px 10px rgba(13, 71, 161, 0.05) !important;\n    min-width: 0 !important; \n    transition: transform 0.2s ease !important;\n    overflow: hidden !important;\n    height: 100% !important;\n  }\n\n  .card-clima:hover {\n    transform: translateY(-5px) !important;\n    border-color: #90caf9 !important;\n  }\n\n  \/* --- CONTE\u00daDO --- *\/\n  .estacao-nome { \n    font-size: 14px !important; \n    font-weight: 800 !important; \n    color: #0d47a1 !important; \n    text-transform: uppercase !important; \n    margin: 0 0 5px 0 !important; \n  }\n  \n  .estacao-meses { \n    font-size: 10px !important; \n    font-weight: 700 !important; \n    color: #1565c0 !important; \n    text-transform: uppercase !important; \n    margin-bottom: 15px !important; \n    display: block !important;\n  }\n  \n  .temp-valor { \n    font-size: 24px !important; \n    font-weight: 800 !important; \n    color: #01579b !important; \n    line-height: 1.1 !important; \n    margin: 0 !important;\n  }\n  \n  .temp-label { \n    font-size: 9px !important; \n    font-weight: 600 !important; \n    color: #0288d1 !important; \n    text-transform: uppercase !important; \n    margin-bottom: 15px !important; \n    display: block !important;\n  }\n  \n  .clima-desc { \n    font-size: 12px !important; \n    line-height: 1.4 !important; \n    color: #37474f !important; \n    margin-bottom: 15px !important; \n    flex-grow: 1 !important; \n  }\n\n  .tag-status {\n    background-color: #e1f5fe !important;\n    border: 1px solid #b3e5fc !important;\n    color: #0d47a1 !important;\n    padding: 5px 12px !important;\n    border-radius: 20px !important;\n    font-size: 9px !important;\n    font-weight: 800 !important;\n    text-transform: uppercase !important;\n    margin-top: auto !important;\n  }\n\n  \/* --- RESPONSIVIDADE --- *\/\n  @media (max-width: 800px) {\n    .clima-grid-final {\n      grid-template-columns: 1fr !important; \n    }\n    .card-clima {\n      padding: 25px 20px !important;\n    }\n  }\n<\/style>\n\n<div class=\"google-auto-ads-ignore clima-grid-final\">\n  \n  <div class=\"card-clima\">\n    <div class=\"estacao-nome\">\u2600\ufe0f Ver\u00e3o<\/div>\n    <span class=\"estacao-meses\">Dez &#8211; Fev<\/span>\n    <div class=\"temp-valor\">18-32\u00b0C<\/div>\n    <span class=\"temp-label\">M\u00e9dia<\/span>\n    <div class=\"clima-desc\">Os dias longos s\u00e3o perfeitos para aproveitar os <b>parques<\/b>, frequentar as diversas <b>cervejarias artesanais<\/b> e feiras ao ar livre.<\/div>\n    <div class=\"tag-status\">\ud83c\udf7b Lazer<\/div>\n  <\/div>\n\n  <div class=\"card-clima\">\n    <div class=\"estacao-nome\">\ud83c\udf42 Outono<\/div>\n    <span class=\"estacao-meses\">Mar &#8211; Mai<\/span>\n    <div class=\"temp-valor\">12-25\u00b0C<\/div>\n    <span class=\"temp-label\">M\u00e9dia<\/span>\n    <div class=\"clima-desc\">Com a queda das temperaturas, \u00e9 o momento ideal para iniciar a <b>Rota Rom\u00e2ntica<\/b> e realizar visitas guiadas aos <b>museus hist\u00f3ricos<\/b>.<\/div>\n    <div class=\"tag-status\">\ud83c\udf41 Roteiros<\/div>\n  <\/div>\n\n  <div class=\"card-clima\">\n    <div class=\"estacao-nome\">\u2744\ufe0f Inverno<\/div>\n    <span class=\"estacao-meses\">Jun &#8211; Ago<\/span>\n    <div class=\"temp-valor\">6-18\u00b0C<\/div>\n    <span class=\"temp-label\">M\u00e9dia<\/span>\n    <div class=\"clima-desc\">A esta\u00e7\u00e3o mais fria traz a tradicional <b>S\u00e3o Leopoldo Fest<\/b>, acompanhada de <b>caf\u00e9s coloniais<\/b> e roteiros pelas igrejas da cidade.<\/div>\n    <div class=\"tag-status\">\ud83e\udd68 Festas<\/div>\n  <\/div>\n\n  <div class=\"card-clima\">\n    <div class=\"estacao-nome\">\ud83c\udf3a Primavera<\/div>\n    <span class=\"estacao-meses\">Set &#8211; Nov<\/span>\n    <div class=\"temp-valor\">12-26\u00b0C<\/div>\n    <span class=\"temp-label\">M\u00e9dia<\/span>\n    <div class=\"clima-desc\">O clima agrad\u00e1vel convida para trilhas no <b>Parque Imperatriz<\/b> e para acompanhar os <b>eventos culturais<\/b> que tomam as ruas.<\/div>\n    <div class=\"tag-status\">\ud83e\udd7e Ecoturismo<\/div>\n  <\/div>\n\n<\/div>\n\n\n\n<p><em>Temperaturas aproximadas com base no <a href=\"https:\/\/www.climatempo.com.br\/previsao-do-tempo\/cidade\/363\/saoleopoldo-rs\" target=\"_blank\" rel=\"noreferrer noopener\"><strong>Climatempo<\/strong><\/a>. Condi\u00e7\u00f5es podem variar.<\/em><\/p>\n\n\n<div class=\"wp-block-image\">\n<figure class=\"aligncenter size-large\"><img decoding=\"async\" width=\"1024\" height=\"576\" src=\"https:\/\/www.correiobraziliense.com.br\/cbradar\/wp-content\/uploads\/2025\/09\/Design-sem-nome-14-1-1024x576.png\" alt=\"Essa cidade do Rio Grande do Sul chama aten\u00e7\u00e3o nacional ao unir qualidade de vida e educa\u00e7\u00e3o de ponta\" class=\"wp-image-110200\" srcset=\"https:\/\/www.correiobraziliense.com.br\/cbradar\/wp-content\/uploads\/2025\/09\/Design-sem-nome-14-1-1024x576.png 1024w, https:\/\/www.correiobraziliense.com.br\/cbradar\/wp-content\/uploads\/2025\/09\/Design-sem-nome-14-1-300x169.png 300w, https:\/\/www.correiobraziliense.com.br\/cbradar\/wp-content\/uploads\/2025\/09\/Design-sem-nome-14-1-768x432.png 768w, https:\/\/www.correiobraziliense.com.br\/cbradar\/wp-content\/uploads\/2025\/09\/Design-sem-nome-14-1-750x422.png 750w, https:\/\/www.correiobraziliense.com.br\/cbradar\/wp-content\/uploads\/2025\/09\/Design-sem-nome-14-1-1140x641.png 1140w, https:\/\/www.correiobraziliense.com.br\/cbradar\/wp-content\/uploads\/2025\/09\/Design-sem-nome-14-1.png 1280w\" sizes=\"(max-width: 1024px) 100vw, 1024px\" \/><figcaption class=\"wp-element-caption\">S\u00e3o Leopoldo\ufeff \u00e9 uma cidade no Rio Grande do Sul, ber\u00e7o da coloniza\u00e7\u00e3o alem\u00e3 no Brasil. \/\/ Cr\u00e9ditos: YouTube @ferraridrone1976<\/figcaption><\/figure><\/div>\n\n\n<h2 class=\"wp-block-heading\">Como chegar ao ber\u00e7o da imigra\u00e7\u00e3o alem\u00e3?<\/h2>\n\n\n\n<p>S\u00e3o Leopoldo fica a 35 km de <strong>Porto Alegre<\/strong> pela <strong>BR-116<\/strong> ou <strong>RS-240<\/strong>. A cidade integra o sistema do <strong>Trensurb<\/strong>, o metr\u00f4 de superf\u00edcie que liga a regi\u00e3o metropolitana \u00e0 capital ga\u00facha, com tr\u00eas esta\u00e7\u00f5es no munic\u00edpio. O <strong>Aeroporto Internacional Salgado Filho<\/strong> fica a cerca de 40 minutos por rodovia.<\/p>\n\n\n\n<h2 class=\"wp-block-heading\">Com s\u00e9culos em cada esquina<\/h2>\n\n\n\n<p><strong>S\u00e3o Leopoldo carrega 200 anos de hist\u00f3ria em ruas que ainda falam alem\u00e3o,<\/strong> museus que guardam locomotivas do s\u00e9culo XIX e uma festa de julho que re\u00fane 300 mil pessoas. A cidade prova que preservar ra\u00edzes e se reinventar cabem no mesmo endere\u00e7o.<\/p>\n\n\n\n<p>Voc\u00ea precisa descer na esta\u00e7\u00e3o S\u00e3o Leopoldo, caminhar at\u00e9 o Rio dos Sinos e imaginar aquelas 39 pessoas saltando de uma barca num julho de 1824, sem saber que estavam fundando o ber\u00e7o de toda a imigra\u00e7\u00e3o alem\u00e3 no Brasil.<\/p>\n","protected":false},"excerpt":{"rendered":"<p>No dia 25 de julho de 1824, um grupo de 39 imigrantes vindos da Ren\u00e2nia chegou \u00e0s margens do Rio dos Sinos, dando in\u00edcio \u00e0 primeira col\u00f4nia oficial de imigra\u00e7\u00e3o alem\u00e3 no Brasil. O nome escolhido foi uma homenagem ao santo padroeiro da imperatriz Leopoldina, marcando desde o in\u00edcio a forte liga\u00e7\u00e3o cultural com a [&hellip;]<\/p>\n","protected":false},"author":8,"featured_media":233418,"comment_status":"open","ping_status":"open","sticky":false,"template":"","format":"standard","meta":{"_yoast_wpseo_focuskw":"imigra\u00e7\u00e3o alem\u00e3 no Brasil","_yoast_wpseo_title":"","_yoast_wpseo_metadesc":"Em 1824, apenas nove pessoas chegaram ao pa\u00eds e fundaram o local que se tornaria o ber\u00e7o da imigra\u00e7\u00e3o alem\u00e3 no Brasil.","jnews-multi-image_gallery":[],"jnews_single_post":{"format":"standard"},"jnews_primary_category":[],"jnews_social_meta":[],"jnews_override_counter":[],"footnotes":""},"categories":[108,111],"post_tag":[217,10508],"class_list":["post-233411","post","type-post","status-publish","format-standard","has-post-thumbnail","hentry","category-cidades","category-turismo","tag-rio-grande-do-sul","tag-sao-leopoldo"],"yoast_head":"<!-- This site is optimized with the Yoast SEO plugin v24.6 - https:\/\/yoast.com\/wordpress\/plugins\/seo\/ -->\n<title>H\u00e1 mais de 200 anos, em 1824, cerca de 39 pessoas chegaram de barco e iniciaram a hist\u00f3ria do ber\u00e7o da imigra\u00e7\u00e3o alem\u00e3 no Brasil - Correio Braziliense - Radar<\/title>\n<meta name=\"description\" content=\"Em 1824, apenas nove pessoas chegaram ao pa\u00eds e fundaram o local que se tornaria o ber\u00e7o da imigra\u00e7\u00e3o alem\u00e3 no Brasil.\" \/>\n<meta name=\"robots\" content=\"index, follow, max-snippet:-1, max-image-preview:large, max-video-preview:-1\" \/>\n<link rel=\"canonical\" href=\"https:\/\/www.correiobraziliense.com.br\/cbradar\/ha-mais-de-200-anos-em-1824-cerca-de-39-pessoas-chegaram-de-barco-e-iniciaram-a-historia-do-berco-da-imigracao-alema-no-brasil\/\" \/>\n<meta property=\"og:locale\" content=\"pt_BR\" \/>\n<meta property=\"og:type\" content=\"article\" \/>\n<meta property=\"og:title\" content=\"H\u00e1 mais de 200 anos, em 1824, cerca de 39 pessoas chegaram de barco e iniciaram a hist\u00f3ria do ber\u00e7o da imigra\u00e7\u00e3o alem\u00e3 no Brasil - Correio Braziliense - Radar\" \/>\n<meta property=\"og:description\" content=\"Em 1824, apenas nove pessoas chegaram ao pa\u00eds e fundaram o local que se tornaria o ber\u00e7o da imigra\u00e7\u00e3o alem\u00e3 no Brasil.\" \/>\n<meta property=\"og:url\" content=\"https:\/\/www.correiobraziliense.com.br\/cbradar\/ha-mais-de-200-anos-em-1824-cerca-de-39-pessoas-chegaram-de-barco-e-iniciaram-a-historia-do-berco-da-imigracao-alema-no-brasil\/\" \/>\n<meta property=\"og:site_name\" content=\"Correio Braziliense - Radar\" \/>\n<meta property=\"article:published_time\" content=\"2026-04-28T09:25:00+00:00\" \/>\n<meta property=\"article:modified_time\" content=\"2026-04-28T11:38:17+00:00\" \/>\n<meta property=\"og:image\" content=\"https:\/\/www.correiobraziliense.com.br\/cbradar\/wp-content\/uploads\/2026\/04\/aaa-2026-04-28T034600.919.png\" \/>\n\t<meta property=\"og:image:width\" content=\"1280\" \/>\n\t<meta property=\"og:image:height\" content=\"720\" \/>\n\t<meta property=\"og:image:type\" content=\"image\/png\" \/>\n<meta name=\"author\" content=\"Maura Pereira\" \/>\n<meta name=\"twitter:card\" content=\"summary_large_image\" \/>\n<meta name=\"twitter:label1\" content=\"Escrito por\" \/>\n\t<meta name=\"twitter:data1\" content=\"Maura Pereira\" \/>\n\t<meta name=\"twitter:label2\" content=\"Est. tempo de leitura\" \/>\n\t<meta name=\"twitter:data2\" content=\"7 minutos\" \/>\n<!-- \/ Yoast SEO plugin. -->","yoast_head_json":{"title":"H\u00e1 mais de 200 anos, em 1824, cerca de 39 pessoas chegaram de barco e iniciaram a hist\u00f3ria do ber\u00e7o da imigra\u00e7\u00e3o alem\u00e3 no Brasil - Correio Braziliense - Radar","description":"Em 1824, apenas nove pessoas chegaram ao pa\u00eds e fundaram o local que se tornaria o ber\u00e7o da imigra\u00e7\u00e3o alem\u00e3 no Brasil.","robots":{"index":"index","follow":"follow","max-snippet":"max-snippet:-1","max-image-preview":"max-image-preview:large","max-video-preview":"max-video-preview:-1"},"canonical":"https:\/\/www.correiobraziliense.com.br\/cbradar\/ha-mais-de-200-anos-em-1824-cerca-de-39-pessoas-chegaram-de-barco-e-iniciaram-a-historia-do-berco-da-imigracao-alema-no-brasil\/","og_locale":"pt_BR","og_type":"article","og_title":"H\u00e1 mais de 200 anos, em 1824, cerca de 39 pessoas chegaram de barco e iniciaram a hist\u00f3ria do ber\u00e7o da imigra\u00e7\u00e3o alem\u00e3 no Brasil - Correio Braziliense - Radar","og_description":"Em 1824, apenas nove pessoas chegaram ao pa\u00eds e fundaram o local que se tornaria o ber\u00e7o da imigra\u00e7\u00e3o alem\u00e3 no Brasil.","og_url":"https:\/\/www.correiobraziliense.com.br\/cbradar\/ha-mais-de-200-anos-em-1824-cerca-de-39-pessoas-chegaram-de-barco-e-iniciaram-a-historia-do-berco-da-imigracao-alema-no-brasil\/","og_site_name":"Correio Braziliense - Radar","article_published_time":"2026-04-28T09:25:00+00:00","article_modified_time":"2026-04-28T11:38:17+00:00","og_image":[{"width":1280,"height":720,"url":"https:\/\/www.correiobraziliense.com.br\/cbradar\/wp-content\/uploads\/2026\/04\/aaa-2026-04-28T034600.919.png","type":"image\/png"}],"author":"Maura Pereira","twitter_card":"summary_large_image","twitter_misc":{"Escrito por":"Maura Pereira","Est. tempo de leitura":"7 minutos"},"schema":{"@context":"https:\/\/schema.org","@graph":[{"@type":"WebPage","@id":"https:\/\/www.correiobraziliense.com.br\/cbradar\/ha-mais-de-200-anos-em-1824-cerca-de-39-pessoas-chegaram-de-barco-e-iniciaram-a-historia-do-berco-da-imigracao-alema-no-brasil\/","url":"https:\/\/www.correiobraziliense.com.br\/cbradar\/ha-mais-de-200-anos-em-1824-cerca-de-39-pessoas-chegaram-de-barco-e-iniciaram-a-historia-do-berco-da-imigracao-alema-no-brasil\/","name":"H\u00e1 mais de 200 anos, em 1824, cerca de 39 pessoas chegaram de barco e iniciaram a hist\u00f3ria do ber\u00e7o da imigra\u00e7\u00e3o alem\u00e3 no Brasil - Correio Braziliense - Radar","isPartOf":{"@id":"https:\/\/www.correiobraziliense.com.br\/cbradar\/#website"},"primaryImageOfPage":{"@id":"https:\/\/www.correiobraziliense.com.br\/cbradar\/ha-mais-de-200-anos-em-1824-cerca-de-39-pessoas-chegaram-de-barco-e-iniciaram-a-historia-do-berco-da-imigracao-alema-no-brasil\/#primaryimage"},"image":{"@id":"https:\/\/www.correiobraziliense.com.br\/cbradar\/ha-mais-de-200-anos-em-1824-cerca-de-39-pessoas-chegaram-de-barco-e-iniciaram-a-historia-do-berco-da-imigracao-alema-no-brasil\/#primaryimage"},"thumbnailUrl":"https:\/\/www.correiobraziliense.com.br\/cbradar\/wp-content\/uploads\/2026\/04\/aaa-2026-04-28T034600.919.png","datePublished":"2026-04-28T09:25:00+00:00","dateModified":"2026-04-28T11:38:17+00:00","author":{"@id":"https:\/\/www.correiobraziliense.com.br\/cbradar\/#\/schema\/person\/4053c651a9bfc785afc6f4cbc9032fd3"},"description":"Em 1824, apenas nove pessoas chegaram ao pa\u00eds e fundaram o local que se tornaria o ber\u00e7o da imigra\u00e7\u00e3o alem\u00e3 no Brasil.","breadcrumb":{"@id":"https:\/\/www.correiobraziliense.com.br\/cbradar\/ha-mais-de-200-anos-em-1824-cerca-de-39-pessoas-chegaram-de-barco-e-iniciaram-a-historia-do-berco-da-imigracao-alema-no-brasil\/#breadcrumb"},"inLanguage":"pt-BR","potentialAction":[{"@type":"ReadAction","target":["https:\/\/www.correiobraziliense.com.br\/cbradar\/ha-mais-de-200-anos-em-1824-cerca-de-39-pessoas-chegaram-de-barco-e-iniciaram-a-historia-do-berco-da-imigracao-alema-no-brasil\/"]}]},{"@type":"ImageObject","inLanguage":"pt-BR","@id":"https:\/\/www.correiobraziliense.com.br\/cbradar\/ha-mais-de-200-anos-em-1824-cerca-de-39-pessoas-chegaram-de-barco-e-iniciaram-a-historia-do-berco-da-imigracao-alema-no-brasil\/#primaryimage","url":"https:\/\/www.correiobraziliense.com.br\/cbradar\/wp-content\/uploads\/2026\/04\/aaa-2026-04-28T034600.919.png","contentUrl":"https:\/\/www.correiobraziliense.com.br\/cbradar\/wp-content\/uploads\/2026\/04\/aaa-2026-04-28T034600.919.png","width":1280,"height":720,"caption":"O acervo hist\u00f3rico de S\u00e3o Leopoldo concentra museus, igrejas e monumentos que cobrem dois s\u00e9culos de presen\u00e7a germ\u00e2nica. \/ Imagem ilustrativa"},{"@type":"BreadcrumbList","@id":"https:\/\/www.correiobraziliense.com.br\/cbradar\/ha-mais-de-200-anos-em-1824-cerca-de-39-pessoas-chegaram-de-barco-e-iniciaram-a-historia-do-berco-da-imigracao-alema-no-brasil\/#breadcrumb","itemListElement":[{"@type":"ListItem","position":1,"name":"In\u00edcio","item":"https:\/\/www.correiobraziliense.com.br\/cbradar\/"},{"@type":"ListItem","position":2,"name":"H\u00e1 mais de 200 anos, em 1824, cerca de 39 pessoas chegaram de barco e iniciaram a hist\u00f3ria do ber\u00e7o da imigra\u00e7\u00e3o alem\u00e3 no Brasil"}]},{"@type":"WebSite","@id":"https:\/\/www.correiobraziliense.com.br\/cbradar\/#website","url":"https:\/\/www.correiobraziliense.com.br\/cbradar\/","name":"Correio Braziliense - Radar","description":"Acompanhe as \u00faltimas not\u00edcias e fique bem informado sobre tudo o que acontece no Brasil e no mundo.","potentialAction":[{"@type":"SearchAction","target":{"@type":"EntryPoint","urlTemplate":"https:\/\/www.correiobraziliense.com.br\/cbradar\/?s={search_term_string}"},"query-input":{"@type":"PropertyValueSpecification","valueRequired":true,"valueName":"search_term_string"}}],"inLanguage":"pt-BR"},{"@type":"Person","@id":"https:\/\/www.correiobraziliense.com.br\/cbradar\/#\/schema\/person\/4053c651a9bfc785afc6f4cbc9032fd3","name":"Maura Pereira","image":{"@type":"ImageObject","inLanguage":"pt-BR","@id":"https:\/\/www.correiobraziliense.com.br\/cbradar\/#\/schema\/person\/image\/","url":"https:\/\/secure.gravatar.com\/avatar\/3effd6bdadfa447f15089c7f7144eaa6?s=96&d=mm&r=g","contentUrl":"https:\/\/secure.gravatar.com\/avatar\/3effd6bdadfa447f15089c7f7144eaa6?s=96&d=mm&r=g","caption":"Maura Pereira"},"sameAs":["https:\/\/www.correiobraziliense.com.br\/"],"url":"https:\/\/www.correiobraziliense.com.br\/cbradar\/author\/mauramyth\/"}]}},"_links":{"self":[{"href":"https:\/\/www.correiobraziliense.com.br\/cbradar\/wp-json\/wp\/v2\/posts\/233411","targetHints":{"allow":["GET"]}}],"collection":[{"href":"https:\/\/www.correiobraziliense.com.br\/cbradar\/wp-json\/wp\/v2\/posts"}],"about":[{"href":"https:\/\/www.correiobraziliense.com.br\/cbradar\/wp-json\/wp\/v2\/types\/post"}],"author":[{"embeddable":true,"href":"https:\/\/www.correiobraziliense.com.br\/cbradar\/wp-json\/wp\/v2\/users\/8"}],"replies":[{"embeddable":true,"href":"https:\/\/www.correiobraziliense.com.br\/cbradar\/wp-json\/wp\/v2\/comments?post=233411"}],"version-history":[{"count":8,"href":"https:\/\/www.correiobraziliense.com.br\/cbradar\/wp-json\/wp\/v2\/posts\/233411\/revisions"}],"predecessor-version":[{"id":233420,"href":"https:\/\/www.correiobraziliense.com.br\/cbradar\/wp-json\/wp\/v2\/posts\/233411\/revisions\/233420"}],"wp:featuredmedia":[{"embeddable":true,"href":"https:\/\/www.correiobraziliense.com.br\/cbradar\/wp-json\/wp\/v2\/media\/233418"}],"wp:attachment":[{"href":"https:\/\/www.correiobraziliense.com.br\/cbradar\/wp-json\/wp\/v2\/media?parent=233411"}],"wp:term":[{"taxonomy":"category","embeddable":true,"href":"https:\/\/www.correiobraziliense.com.br\/cbradar\/wp-json\/wp\/v2\/categories?post=233411"},{"taxonomy":"post_tag","embeddable":true,"href":"https:\/\/www.correiobraziliense.com.br\/cbradar\/wp-json\/wp\/v2\/post_tag?post=233411"}],"curies":[{"name":"wp","href":"https:\/\/api.w.org\/{rel}","templated":true}]}}