{"id":233423,"date":"2026-04-28T11:15:00","date_gmt":"2026-04-28T14:15:00","guid":{"rendered":"https:\/\/www.correiobraziliense.com.br\/cbradar\/?p=233423"},"modified":"2026-04-28T07:02:18","modified_gmt":"2026-04-28T10:02:18","slug":"friedrich-nietzsche-pensador-alemao-disse-torne-se-quem-voce-e-uma-frase-simples-com-um-significado-inquietante","status":"publish","type":"post","link":"https:\/\/www.correiobraziliense.com.br\/cbradar\/friedrich-nietzsche-pensador-alemao-disse-torne-se-quem-voce-e-uma-frase-simples-com-um-significado-inquietante\/","title":{"rendered":"Friedrich Nietzsche, pensador alem\u00e3o, disse: \u201cTorne-se quem voc\u00ea \u00e9\u201d, uma frase simples com um significado inquietante"},"content":{"rendered":"\n<p><strong>Friedrich Nietzsche<\/strong>, fil\u00f3sofo e pensador alem\u00e3o, provocou gera\u00e7\u00f5es ao afirmar \u201cTorne-se quem voc\u00ea \u00e9\u201d. No universo do <strong>desenvolvimento pessoal<\/strong>, essa frase carrega um convite direto \u00e0 autodescoberta, \u00e0 consci\u00eancia emocional e ao crescimento interno. Ao refletir sobre identidade, prop\u00f3sito e comportamento, o leitor \u00e9 levado a repensar suas escolhas e atitudes no cotidiano.<\/p>\n\n\n\n<h2 class=\"wp-block-heading\">O que Friedrich Nietzsche quis dizer com \u201cTorne-se quem voc\u00ea \u00e9\u201d?<\/h2>\n\n\n\n<p><strong><a href=\"https:\/\/pt.wikipedia.org\/wiki\/Friedrich_Nietzsche\" target=\"_blank\" rel=\"noreferrer noopener\">Friedrich Nietzsche<\/a><\/strong> prop\u00f4s uma reflex\u00e3o que vai al\u00e9m da superf\u00edcie. No contexto do desenvolvimento pessoal, essa frase sugere que cada indiv\u00edduo precisa <strong>explorar sua ess\u00eancia<\/strong>, desenvolver autoconhecimento e reconhecer suas pr\u00f3prias potencialidades. N\u00e3o se trata de se transformar em algo novo, mas de revelar aquilo que j\u00e1 existe internamente.<\/p>\n\n\n\n<p>No processo de evolu\u00e7\u00e3o pessoal, entender essa ideia envolve pr\u00e1ticas como <strong>reflex\u00e3o<\/strong>,<strong> an\u00e1lise de comportamento <\/strong>e <strong>busca por autenticidade<\/strong>. Ao aplicar essa filosofia, \u00e9 poss\u00edvel alinhar valores, decis\u00f5es e objetivos, criando uma jornada mais coerente com a pr\u00f3pria identidade.<\/p>\n\n\n\n<h2 class=\"wp-block-heading\">Como aplicar o pensamento de Friedrich Nietzsche no dia a dia?<\/h2>\n\n\n\n<p>Trazer Friedrich Nietzsche para a rotina exige mais do que leitura, envolve<strong> a\u00e7\u00e3o pr\u00e1tica<\/strong>. No desenvolvimento pessoal, isso significa observar padr\u00f5es de pensamento, trabalhar emo\u00e7\u00f5es e desenvolver h\u00e1bitos positivos que reforcem a autenticidade.<\/p>\n\n\n\n<p>Para facilitar esse processo, algumas pr\u00e1ticas podem ser incorporadas no cotidiano:<\/p>\n\n\n\n<ul class=\"wp-block-list\">\n<li>Refletir diariamente sobre decis\u00f5es e comportamentos<\/li>\n\n\n\n<li>Identificar cren\u00e7as limitantes e substitu\u00ed-las<\/li>\n\n\n\n<li>Buscar autoconhecimento por meio de leitura e an\u00e1lise pessoal<\/li>\n\n\n\n<li>Desenvolver disciplina e consist\u00eancia nas a\u00e7\u00f5es<\/li>\n<\/ul>\n\n\n\n<figure class=\"wp-block-image size-large\"><img decoding=\"async\" width=\"1280\" height=\"720\" src=\"https:\/\/www.correiobraziliense.com.br\/cbradar\/wp-content\/uploads\/2026\/04\/X-2026-04-28T070051.343-1280x720.jpg\" alt=\"Friedrich Nietzsche, pensador alem\u00e3o, disse: \u201cTorne-se quem voc\u00ea \u00e9\u201d, uma frase simples com um significado inquietante\" class=\"wp-image-233425\" srcset=\"https:\/\/www.correiobraziliense.com.br\/cbradar\/wp-content\/uploads\/2026\/04\/X-2026-04-28T070051.343-1280x720.jpg 1280w, https:\/\/www.correiobraziliense.com.br\/cbradar\/wp-content\/uploads\/2026\/04\/X-2026-04-28T070051.343-300x169.jpg 300w, https:\/\/www.correiobraziliense.com.br\/cbradar\/wp-content\/uploads\/2026\/04\/X-2026-04-28T070051.343-768x432.jpg 768w, https:\/\/www.correiobraziliense.com.br\/cbradar\/wp-content\/uploads\/2026\/04\/X-2026-04-28T070051.343-1536x864.jpg 1536w, https:\/\/www.correiobraziliense.com.br\/cbradar\/wp-content\/uploads\/2026\/04\/X-2026-04-28T070051.343-2048x1152.jpg 2048w, https:\/\/www.correiobraziliense.com.br\/cbradar\/wp-content\/uploads\/2026\/04\/X-2026-04-28T070051.343-750x422.jpg 750w, https:\/\/www.correiobraziliense.com.br\/cbradar\/wp-content\/uploads\/2026\/04\/X-2026-04-28T070051.343-1140x641.jpg 1140w\" sizes=\"(max-width: 1280px) 100vw, 1280px\" \/><figcaption class=\"wp-element-caption\">O desenvolvimento pessoal depende de consci\u00eancia<\/figcaption><\/figure>\n\n\n\n<h2 class=\"wp-block-heading\">Por que o autoconhecimento \u00e9 essencial nessa filosofia?<\/h2>\n\n\n\n<p>Friedrich Nietzsche coloca o autoconhecimento como base para a <strong>transforma\u00e7\u00e3o pessoal<\/strong>. Dentro do desenvolvimento pessoal, conhecer a si mesmo permite identificar for\u00e7as, fraquezas e oportunidades de crescimento, criando um caminho mais consciente.<\/p>\n\n\n\n<p>Esse processo envolve an\u00e1lise interna, <strong><a href=\"https:\/\/www.correiobraziliense.com.br\/cbradar\/as-7-atitudes-comuns-que-indicam-alta-inteligencia-emocional-em-alguem-segundo-a-psicologia\/\" target=\"_blank\" rel=\"noreferrer noopener\">intelig\u00eancia emocional<\/a> <\/strong>e <strong>percep\u00e7\u00e3o de padr\u00f5es<\/strong>. Quanto mais uma pessoa compreende seus sentimentos e comportamentos, mais f\u00e1cil se torna tomar decis\u00f5es alinhadas com seus objetivos e valores.<\/p>\n\n\n\n<h2 class=\"wp-block-heading\">Quais s\u00e3o os benef\u00edcios de se tornar quem voc\u00ea \u00e9?<\/h2>\n\n\n\n<p>Ao seguir o pensamento de Friedrich Nietzsche, o indiv\u00edduo experimenta ganhos significativos no desenvolvimento pessoal. Isso inclui maior clareza de <strong>prop\u00f3sito<\/strong>, equil\u00edbrio emocional e confian\u00e7a nas pr\u00f3prias escolhas.<\/p>\n\n\n\n<p>Entre os principais benef\u00edcios, destacam-se:<\/p>\n\n\n\n<ul class=\"wp-block-list\">\n<li>Maior seguran\u00e7a nas decis\u00f5es<\/li>\n\n\n\n<li>Redu\u00e7\u00e3o de conflitos internos<\/li>\n\n\n\n<li>Fortalecimento da autoestima<\/li>\n\n\n\n<li>Melhoria nos relacionamentos pessoais e profissionais<\/li>\n<\/ul>\n\n\n\n<h2 class=\"wp-block-heading\">Como essa ideia impacta o crescimento pessoal?<\/h2>\n\n\n\n<p><strong>Friedrich Nietzsche<\/strong> influencia diretamente o conceito de crescimento pessoal ao incentivar autenticidade e responsabilidade individual. No desenvolvimento pessoal, isso significa assumir o controle da pr\u00f3pria trajet\u00f3ria e agir com consci\u00eancia.<\/p>\n\n\n\n<p>Ao internalizar essa filosofia, o indiv\u00edduo passa a construir uma vida mais alinhada com seus <strong>valores<\/strong>, desenvolvendo habilidades, fortalecendo h\u00e1bitos e evoluindo continuamente. Assim, \u201ctornar-se quem voc\u00ea \u00e9\u201d deixa de ser apenas uma frase e se transforma em um<strong> caminho s\u00f3lido de evolu\u00e7\u00e3o pessoal<\/strong>.<\/p>\n","protected":false},"excerpt":{"rendered":"<p>Friedrich Nietzsche, fil\u00f3sofo e pensador alem\u00e3o, provocou gera\u00e7\u00f5es ao afirmar \u201cTorne-se quem voc\u00ea \u00e9\u201d. No universo do desenvolvimento pessoal, essa frase carrega um convite direto \u00e0 autodescoberta, \u00e0 consci\u00eancia emocional e ao crescimento interno. Ao refletir sobre identidade, prop\u00f3sito e comportamento, o leitor \u00e9 levado a repensar suas escolhas e atitudes no cotidiano. O que [&hellip;]<\/p>\n","protected":false},"author":22,"featured_media":233424,"comment_status":"open","ping_status":"open","sticky":false,"template":"","format":"standard","meta":{"_yoast_wpseo_focuskw":"frase de Friedrich Nietzsche","_yoast_wpseo_title":"","_yoast_wpseo_metadesc":"Nietzsche e \u201cTorne-se quem voc\u00ea \u00e9\u201d revelam a import\u00e2ncia do autoconhecimento, autenticidade e crescimento no desenvolvimento pessoal.","jnews-multi-image_gallery":[],"jnews_single_post":{"format":"standard"},"jnews_primary_category":[],"jnews_social_meta":[],"jnews_override_counter":[],"footnotes":""},"categories":[112],"post_tag":[],"class_list":["post-233423","post","type-post","status-publish","format-standard","has-post-thumbnail","hentry","category-curiosidades"],"yoast_head":"<!-- This site is optimized with the Yoast SEO plugin v24.6 - https:\/\/yoast.com\/wordpress\/plugins\/seo\/ -->\n<title>Friedrich Nietzsche, pensador alem\u00e3o, disse: \u201cTorne-se quem voc\u00ea \u00e9\u201d, uma frase simples com um significado inquietante - Correio Braziliense - Radar<\/title>\n<meta name=\"description\" content=\"Nietzsche e \u201cTorne-se quem voc\u00ea \u00e9\u201d revelam a import\u00e2ncia do autoconhecimento, autenticidade e crescimento no desenvolvimento pessoal.\" \/>\n<meta name=\"robots\" content=\"index, follow, max-snippet:-1, max-image-preview:large, max-video-preview:-1\" \/>\n<link rel=\"canonical\" href=\"https:\/\/www.correiobraziliense.com.br\/cbradar\/friedrich-nietzsche-pensador-alemao-disse-torne-se-quem-voce-e-uma-frase-simples-com-um-significado-inquietante\/\" \/>\n<meta property=\"og:locale\" content=\"pt_BR\" \/>\n<meta property=\"og:type\" content=\"article\" \/>\n<meta property=\"og:title\" content=\"Friedrich Nietzsche, pensador alem\u00e3o, disse: \u201cTorne-se quem voc\u00ea \u00e9\u201d, uma frase simples com um significado inquietante - Correio Braziliense - Radar\" \/>\n<meta property=\"og:description\" content=\"Nietzsche e \u201cTorne-se quem voc\u00ea \u00e9\u201d revelam a import\u00e2ncia do autoconhecimento, autenticidade e crescimento no desenvolvimento pessoal.\" \/>\n<meta property=\"og:url\" content=\"https:\/\/www.correiobraziliense.com.br\/cbradar\/friedrich-nietzsche-pensador-alemao-disse-torne-se-quem-voce-e-uma-frase-simples-com-um-significado-inquietante\/\" \/>\n<meta property=\"og:site_name\" content=\"Correio Braziliense - Radar\" \/>\n<meta property=\"article:published_time\" content=\"2026-04-28T14:15:00+00:00\" \/>\n<meta property=\"og:image\" content=\"https:\/\/www.correiobraziliense.com.br\/cbradar\/wp-content\/uploads\/2026\/04\/X-2026-04-28T070105.789.jpg\" \/>\n\t<meta property=\"og:image:width\" content=\"2560\" \/>\n\t<meta property=\"og:image:height\" content=\"1440\" \/>\n\t<meta property=\"og:image:type\" content=\"image\/jpeg\" \/>\n<meta name=\"author\" content=\"Elis Souza\" \/>\n<meta name=\"twitter:card\" content=\"summary_large_image\" \/>\n<meta name=\"twitter:label1\" content=\"Escrito por\" \/>\n\t<meta name=\"twitter:data1\" content=\"Elis Souza\" \/>\n\t<meta name=\"twitter:label2\" content=\"Est. tempo de leitura\" \/>\n\t<meta name=\"twitter:data2\" content=\"3 minutos\" \/>\n<!-- \/ Yoast SEO plugin. -->","yoast_head_json":{"title":"Friedrich Nietzsche, pensador alem\u00e3o, disse: \u201cTorne-se quem voc\u00ea \u00e9\u201d, uma frase simples com um significado inquietante - Correio Braziliense - Radar","description":"Nietzsche e \u201cTorne-se quem voc\u00ea \u00e9\u201d revelam a import\u00e2ncia do autoconhecimento, autenticidade e crescimento no desenvolvimento pessoal.","robots":{"index":"index","follow":"follow","max-snippet":"max-snippet:-1","max-image-preview":"max-image-preview:large","max-video-preview":"max-video-preview:-1"},"canonical":"https:\/\/www.correiobraziliense.com.br\/cbradar\/friedrich-nietzsche-pensador-alemao-disse-torne-se-quem-voce-e-uma-frase-simples-com-um-significado-inquietante\/","og_locale":"pt_BR","og_type":"article","og_title":"Friedrich Nietzsche, pensador alem\u00e3o, disse: \u201cTorne-se quem voc\u00ea \u00e9\u201d, uma frase simples com um significado inquietante - Correio Braziliense - Radar","og_description":"Nietzsche e \u201cTorne-se quem voc\u00ea \u00e9\u201d revelam a import\u00e2ncia do autoconhecimento, autenticidade e crescimento no desenvolvimento pessoal.","og_url":"https:\/\/www.correiobraziliense.com.br\/cbradar\/friedrich-nietzsche-pensador-alemao-disse-torne-se-quem-voce-e-uma-frase-simples-com-um-significado-inquietante\/","og_site_name":"Correio Braziliense - Radar","article_published_time":"2026-04-28T14:15:00+00:00","og_image":[{"width":2560,"height":1440,"url":"https:\/\/www.correiobraziliense.com.br\/cbradar\/wp-content\/uploads\/2026\/04\/X-2026-04-28T070105.789.jpg","type":"image\/jpeg"}],"author":"Elis Souza","twitter_card":"summary_large_image","twitter_misc":{"Escrito por":"Elis Souza","Est. tempo de leitura":"3 minutos"},"schema":{"@context":"https:\/\/schema.org","@graph":[{"@type":"WebPage","@id":"https:\/\/www.correiobraziliense.com.br\/cbradar\/friedrich-nietzsche-pensador-alemao-disse-torne-se-quem-voce-e-uma-frase-simples-com-um-significado-inquietante\/","url":"https:\/\/www.correiobraziliense.com.br\/cbradar\/friedrich-nietzsche-pensador-alemao-disse-torne-se-quem-voce-e-uma-frase-simples-com-um-significado-inquietante\/","name":"Friedrich Nietzsche, pensador alem\u00e3o, disse: \u201cTorne-se quem voc\u00ea \u00e9\u201d, uma frase simples com um significado inquietante - Correio Braziliense - Radar","isPartOf":{"@id":"https:\/\/www.correiobraziliense.com.br\/cbradar\/#website"},"primaryImageOfPage":{"@id":"https:\/\/www.correiobraziliense.com.br\/cbradar\/friedrich-nietzsche-pensador-alemao-disse-torne-se-quem-voce-e-uma-frase-simples-com-um-significado-inquietante\/#primaryimage"},"image":{"@id":"https:\/\/www.correiobraziliense.com.br\/cbradar\/friedrich-nietzsche-pensador-alemao-disse-torne-se-quem-voce-e-uma-frase-simples-com-um-significado-inquietante\/#primaryimage"},"thumbnailUrl":"https:\/\/www.correiobraziliense.com.br\/cbradar\/wp-content\/uploads\/2026\/04\/X-2026-04-28T070105.789.jpg","datePublished":"2026-04-28T14:15:00+00:00","author":{"@id":"https:\/\/www.correiobraziliense.com.br\/cbradar\/#\/schema\/person\/acff6ab5a6472cd6db16190f7212d166"},"description":"Nietzsche e \u201cTorne-se quem voc\u00ea \u00e9\u201d revelam a import\u00e2ncia do autoconhecimento, autenticidade e crescimento no desenvolvimento pessoal.","breadcrumb":{"@id":"https:\/\/www.correiobraziliense.com.br\/cbradar\/friedrich-nietzsche-pensador-alemao-disse-torne-se-quem-voce-e-uma-frase-simples-com-um-significado-inquietante\/#breadcrumb"},"inLanguage":"pt-BR","potentialAction":[{"@type":"ReadAction","target":["https:\/\/www.correiobraziliense.com.br\/cbradar\/friedrich-nietzsche-pensador-alemao-disse-torne-se-quem-voce-e-uma-frase-simples-com-um-significado-inquietante\/"]}]},{"@type":"ImageObject","inLanguage":"pt-BR","@id":"https:\/\/www.correiobraziliense.com.br\/cbradar\/friedrich-nietzsche-pensador-alemao-disse-torne-se-quem-voce-e-uma-frase-simples-com-um-significado-inquietante\/#primaryimage","url":"https:\/\/www.correiobraziliense.com.br\/cbradar\/wp-content\/uploads\/2026\/04\/X-2026-04-28T070105.789.jpg","contentUrl":"https:\/\/www.correiobraziliense.com.br\/cbradar\/wp-content\/uploads\/2026\/04\/X-2026-04-28T070105.789.jpg","width":2560,"height":1440,"caption":"Nietzsche valorizava o autoconhecimento profundo"},{"@type":"BreadcrumbList","@id":"https:\/\/www.correiobraziliense.com.br\/cbradar\/friedrich-nietzsche-pensador-alemao-disse-torne-se-quem-voce-e-uma-frase-simples-com-um-significado-inquietante\/#breadcrumb","itemListElement":[{"@type":"ListItem","position":1,"name":"In\u00edcio","item":"https:\/\/www.correiobraziliense.com.br\/cbradar\/"},{"@type":"ListItem","position":2,"name":"Friedrich Nietzsche, pensador alem\u00e3o, disse: \u201cTorne-se quem voc\u00ea \u00e9\u201d, uma frase simples com um significado inquietante"}]},{"@type":"WebSite","@id":"https:\/\/www.correiobraziliense.com.br\/cbradar\/#website","url":"https:\/\/www.correiobraziliense.com.br\/cbradar\/","name":"Correio Braziliense - Radar","description":"Acompanhe as \u00faltimas not\u00edcias e fique bem informado sobre tudo o que acontece no Brasil e no mundo.","potentialAction":[{"@type":"SearchAction","target":{"@type":"EntryPoint","urlTemplate":"https:\/\/www.correiobraziliense.com.br\/cbradar\/?s={search_term_string}"},"query-input":{"@type":"PropertyValueSpecification","valueRequired":true,"valueName":"search_term_string"}}],"inLanguage":"pt-BR"},{"@type":"Person","@id":"https:\/\/www.correiobraziliense.com.br\/cbradar\/#\/schema\/person\/acff6ab5a6472cd6db16190f7212d166","name":"Elis Souza","image":{"@type":"ImageObject","inLanguage":"pt-BR","@id":"https:\/\/www.correiobraziliense.com.br\/cbradar\/#\/schema\/person\/image\/","url":"https:\/\/secure.gravatar.com\/avatar\/1dc86c254cebb74d9c8a14da612c52db?s=96&d=mm&r=g","contentUrl":"https:\/\/secure.gravatar.com\/avatar\/1dc86c254cebb74d9c8a14da612c52db?s=96&d=mm&r=g","caption":"Elis Souza"},"sameAs":["https:\/\/www.correiobraziliense.com.br\/cbradar\/"],"url":"https:\/\/www.correiobraziliense.com.br\/cbradar\/author\/elis-souza\/"}]}},"_links":{"self":[{"href":"https:\/\/www.correiobraziliense.com.br\/cbradar\/wp-json\/wp\/v2\/posts\/233423","targetHints":{"allow":["GET"]}}],"collection":[{"href":"https:\/\/www.correiobraziliense.com.br\/cbradar\/wp-json\/wp\/v2\/posts"}],"about":[{"href":"https:\/\/www.correiobraziliense.com.br\/cbradar\/wp-json\/wp\/v2\/types\/post"}],"author":[{"embeddable":true,"href":"https:\/\/www.correiobraziliense.com.br\/cbradar\/wp-json\/wp\/v2\/users\/22"}],"replies":[{"embeddable":true,"href":"https:\/\/www.correiobraziliense.com.br\/cbradar\/wp-json\/wp\/v2\/comments?post=233423"}],"version-history":[{"count":1,"href":"https:\/\/www.correiobraziliense.com.br\/cbradar\/wp-json\/wp\/v2\/posts\/233423\/revisions"}],"predecessor-version":[{"id":233426,"href":"https:\/\/www.correiobraziliense.com.br\/cbradar\/wp-json\/wp\/v2\/posts\/233423\/revisions\/233426"}],"wp:featuredmedia":[{"embeddable":true,"href":"https:\/\/www.correiobraziliense.com.br\/cbradar\/wp-json\/wp\/v2\/media\/233424"}],"wp:attachment":[{"href":"https:\/\/www.correiobraziliense.com.br\/cbradar\/wp-json\/wp\/v2\/media?parent=233423"}],"wp:term":[{"taxonomy":"category","embeddable":true,"href":"https:\/\/www.correiobraziliense.com.br\/cbradar\/wp-json\/wp\/v2\/categories?post=233423"},{"taxonomy":"post_tag","embeddable":true,"href":"https:\/\/www.correiobraziliense.com.br\/cbradar\/wp-json\/wp\/v2\/post_tag?post=233423"}],"curies":[{"name":"wp","href":"https:\/\/api.w.org\/{rel}","templated":true}]}}