{"id":233431,"date":"2026-04-28T12:15:00","date_gmt":"2026-04-28T15:15:00","guid":{"rendered":"https:\/\/www.correiobraziliense.com.br\/cbradar\/?p=233431"},"modified":"2026-04-28T07:27:00","modified_gmt":"2026-04-28T10:27:00","slug":"santa-teresa-de-avila-ensinava-que-momentos-de-aridez-na-oracao-sao-oportunidades-de-crescimento-espiritual","status":"publish","type":"post","link":"https:\/\/www.correiobraziliense.com.br\/cbradar\/santa-teresa-de-avila-ensinava-que-momentos-de-aridez-na-oracao-sao-oportunidades-de-crescimento-espiritual\/","title":{"rendered":"Santa Teresa de \u00c1vila ensinava que momentos de aridez na ora\u00e7\u00e3o s\u00e3o oportunidades de crescimento espiritual"},"content":{"rendered":"\n<p><strong>Santa Teresa de \u00c1vila<\/strong> ensinava que a <strong>aridez na ora\u00e7\u00e3o<\/strong> n\u00e3o \u00e9 um fracasso, mas um caminho profundo dentro da espiritualidade crist\u00e3, marcado por f\u00e9, sil\u00eancio interior e amadurecimento da alma. No universo da vida espiritual, termos como contempla\u00e7\u00e3o, disciplina, devo\u00e7\u00e3o e perseveran\u00e7a ajudam a compreender por que esses momentos secos s\u00e3o, na verdade, oportunidades de crescimento espiritual e fortalecimento da rela\u00e7\u00e3o com Deus.<\/p>\n\n\n\n<h2 class=\"wp-block-heading\">Por que Santa Teresa de \u00c1vila valorizava a aridez na ora\u00e7\u00e3o?<\/h2>\n\n\n\n<p><strong><a href=\"https:\/\/pt.wikipedia.org\/wiki\/Teresa_de_%C3%81vila\" target=\"_blank\" rel=\"noreferrer noopener\">Santa Teresa de \u00c1vila<\/a><\/strong> compreendia a aridez como parte natural da<strong> jornada espiritual<\/strong>, onde a f\u00e9 deixa de depender de sentimentos e passa a se firmar na confian\u00e7a. Dentro da ora\u00e7\u00e3o di\u00e1ria, essa aus\u00eancia de consola\u00e7\u00e3o ajuda o fiel a desenvolver <strong><a href=\"https:\/\/www.correiobraziliense.com.br\/cbradar\/a-psicologia-diz-que-a-parte-mais-dificil-de-amadurecer-nao-e-envelhecer-e-aceitar-que-nem-todos-vao-ficar-na-sua-vida\/\" target=\"_blank\" rel=\"noreferrer noopener\">maturidade <\/a><\/strong>espiritual, desapego emocional e maior entrega ao divino.<\/p>\n\n\n\n<p>A <strong>ora\u00e7\u00e3o<\/strong>, nesse contexto, deixa de ser apenas uma experi\u00eancia sens\u00edvel e se torna um exerc\u00edcio de <strong>disciplina <\/strong>e <strong>fidelidade<\/strong>. Assim, a aridez na ora\u00e7\u00e3o n\u00e3o representa abandono, mas um convite \u00e0 perseveran\u00e7a, fortalecendo o v\u00ednculo com Deus mesmo na aus\u00eancia de conforto espiritual.<\/p>\n\n\n\n<h2 class=\"wp-block-heading\">Como a aridez fortalece o crescimento espiritual?<\/h2>\n\n\n\n<p>A aridez promove um tipo de crescimento espiritual que vai <strong>al\u00e9m das emo\u00e7\u00f5es<\/strong>, conduzindo a alma a um estado mais puro de f\u00e9. Santa Teresa de \u00c1vila via esse processo como essencial para quem busca uma espiritualidade s\u00f3lida, baseada na confian\u00e7a e n\u00e3o apenas em experi\u00eancias agrad\u00e1veis.<\/p>\n\n\n\n<p>As <strong>oportunidades de crescimento espiritual<\/strong> surgem justamente quando o fiel continua sua ora\u00e7\u00e3o mesmo sem sentir prazer. Esse esfor\u00e7o consciente desenvolve virtudes como paci\u00eancia, humildade e const\u00e2ncia, fundamentais para uma vida espiritual equilibrada e profunda.<\/p>\n\n\n\n<p>Entre os principais benef\u00edcios desse processo, destacam-se:<\/p>\n\n\n\n<ul class=\"wp-block-list\">\n<li>Fortalecimento da f\u00e9 independente de sentimentos<\/li>\n\n\n\n<li>Maior disciplina espiritual na pr\u00e1tica da ora\u00e7\u00e3o<\/li>\n\n\n\n<li>Desapego emocional das experi\u00eancias sensoriais<\/li>\n\n\n\n<li>Aprofundamento da rela\u00e7\u00e3o com Deus<\/li>\n<\/ul>\n\n\n\n<figure class=\"wp-block-image size-large\"><img decoding=\"async\" width=\"1280\" height=\"720\" src=\"https:\/\/www.correiobraziliense.com.br\/cbradar\/wp-content\/uploads\/2026\/04\/X-2026-04-28T072538.853-1280x720.jpg\" alt=\"Santa Teresa de \u00c1vila ensinava que momentos de aridez na ora\u00e7\u00e3o s\u00e3o oportunidades de crescimento espiritual\" class=\"wp-image-233432\" srcset=\"https:\/\/www.correiobraziliense.com.br\/cbradar\/wp-content\/uploads\/2026\/04\/X-2026-04-28T072538.853-1280x720.jpg 1280w, https:\/\/www.correiobraziliense.com.br\/cbradar\/wp-content\/uploads\/2026\/04\/X-2026-04-28T072538.853-300x169.jpg 300w, https:\/\/www.correiobraziliense.com.br\/cbradar\/wp-content\/uploads\/2026\/04\/X-2026-04-28T072538.853-768x432.jpg 768w, https:\/\/www.correiobraziliense.com.br\/cbradar\/wp-content\/uploads\/2026\/04\/X-2026-04-28T072538.853-1536x864.jpg 1536w, https:\/\/www.correiobraziliense.com.br\/cbradar\/wp-content\/uploads\/2026\/04\/X-2026-04-28T072538.853-2048x1152.jpg 2048w, https:\/\/www.correiobraziliense.com.br\/cbradar\/wp-content\/uploads\/2026\/04\/X-2026-04-28T072538.853-750x422.jpg 750w, https:\/\/www.correiobraziliense.com.br\/cbradar\/wp-content\/uploads\/2026\/04\/X-2026-04-28T072538.853-1140x641.jpg 1140w\" sizes=\"(max-width: 1280px) 100vw, 1280px\" \/><figcaption class=\"wp-element-caption\">A f\u00e9 n\u00e3o deve depender apenas de sentimentos<\/figcaption><\/figure>\n\n\n\n<h2 class=\"wp-block-heading\">Quais sinais indicam a aridez na ora\u00e7\u00e3o?<\/h2>\n\n\n\n<p>A aridez na ora\u00e7\u00e3o pode ser identificada quando h\u00e1 dificuldade de <strong>concentra\u00e7\u00e3o<\/strong>, <strong>aus\u00eancia de emo\u00e7\u00f5es espirituais<\/strong> e <strong>sensa\u00e7\u00e3o de vazio<\/strong> durante a pr\u00e1tica. Santa Teresa de \u00c1vila explicava que esses sinais n\u00e3o significam retrocesso, mas uma fase natural da caminhada espiritual.<\/p>\n\n\n\n<p>Mesmo sem entusiasmo, a ora\u00e7\u00e3o continua sendo eficaz, pois o valor espiritual n\u00e3o depende do sentimento, mas da <strong>inten\u00e7\u00e3o <\/strong>e da <strong>fidelidade<\/strong>. Reconhecer esses sinais ajuda o fiel a n\u00e3o desistir, mantendo-se firme no prop\u00f3sito espiritual.<\/p>\n\n\n\n<p>Alguns sinais comuns incluem:<\/p>\n\n\n\n<ul class=\"wp-block-list\">\n<li>Falta de motiva\u00e7\u00e3o durante a ora\u00e7\u00e3o<\/li>\n\n\n\n<li>Dificuldade em sentir conex\u00e3o espiritual<\/li>\n\n\n\n<li>Distra\u00e7\u00f5es frequentes<\/li>\n\n\n\n<li>Sensa\u00e7\u00e3o de dist\u00e2ncia de Deus<\/li>\n<\/ul>\n\n\n\n<h2 class=\"wp-block-heading\">Como lidar com a aridez segundo Santa Teresa de \u00c1vila?<\/h2>\n\n\n\n<p>Santa Teresa de \u00c1vila orientava que, diante da aridez, o mais importante \u00e9 perseverar. A pr\u00e1tica constante da ora\u00e7\u00e3o, mesmo sem prazer, \u00e9 o que sustenta o crescimento espiritual e fortalece a<strong> f\u00e9 verdadeira<\/strong>.<\/p>\n\n\n\n<p>Al\u00e9m disso, cultivar h\u00e1bitos espirituais como<strong> leitura religiosa<\/strong>, sil\u00eancio interior e reflex\u00e3o ajuda a manter o foco. A ora\u00e7\u00e3o deve ser vista como um compromisso com Deus, e n\u00e3o apenas como um momento de conforto emocional.<\/p>\n\n\n\n<h2 class=\"wp-block-heading\">Por que a aridez \u00e9 uma oportunidade de crescimento espiritual?<\/h2>\n\n\n\n<p>As oportunidades de crescimento espiritual est\u00e3o escondidas justamente nos momentos mais dif\u00edceis da caminhada. A aridez na ora\u00e7\u00e3o obriga o fiel a sair da depend\u00eancia emocional e buscar uma f\u00e9 mais <strong>madura <\/strong>e <strong>consciente<\/strong>.<\/p>\n\n\n\n<p>No ensinamento de Santa Teresa de \u00c1vila, esses per\u00edodos s\u00e3o essenciais para purificar a inten\u00e7\u00e3o e fortalecer a alma. Assim, a espiritualidade se torna mais aut\u00eantica, baseada na entrega, na confian\u00e7a e na perseveran\u00e7a, elementos centrais para uma <strong>vida espiritual <\/strong>plena.<\/p>\n\n\n\n<p>Ao compreender isso, o fiel passa a enxergar a ora\u00e7\u00e3o como um caminho cont\u00ednuo de <strong>transforma\u00e7\u00e3o interior<\/strong>, onde cada dificuldade representa uma nova chance de evolu\u00e7\u00e3o espiritual e aproxima\u00e7\u00e3o com Deus.<\/p>\n","protected":false},"excerpt":{"rendered":"<p>Santa Teresa de \u00c1vila ensinava que a aridez na ora\u00e7\u00e3o n\u00e3o \u00e9 um fracasso, mas um caminho profundo dentro da espiritualidade crist\u00e3, marcado por f\u00e9, sil\u00eancio interior e amadurecimento da alma. No universo da vida espiritual, termos como contempla\u00e7\u00e3o, disciplina, devo\u00e7\u00e3o e perseveran\u00e7a ajudam a compreender por que esses momentos secos s\u00e3o, na verdade, oportunidades [&hellip;]<\/p>\n","protected":false},"author":22,"featured_media":233433,"comment_status":"open","ping_status":"open","sticky":false,"template":"","format":"standard","meta":{"_yoast_wpseo_focuskw":"ensinamento de Santa Teresa de \u00c1vila","_yoast_wpseo_title":"","_yoast_wpseo_metadesc":"Santa Teresa de \u00c1vila explica como a aridez na ora\u00e7\u00e3o fortalece a f\u00e9, promove crescimento espiritual e aprofunda a rela\u00e7\u00e3o com Deus.","jnews-multi-image_gallery":[],"jnews_single_post":{"format":"standard"},"jnews_primary_category":[],"jnews_social_meta":[],"jnews_override_counter":[],"footnotes":""},"categories":[112],"post_tag":[],"class_list":["post-233431","post","type-post","status-publish","format-standard","has-post-thumbnail","hentry","category-curiosidades"],"yoast_head":"<!-- This site is optimized with the Yoast SEO plugin v24.6 - https:\/\/yoast.com\/wordpress\/plugins\/seo\/ -->\n<title>Santa Teresa de \u00c1vila ensinava que momentos de aridez na ora\u00e7\u00e3o s\u00e3o oportunidades de crescimento espiritual - Correio Braziliense - Radar<\/title>\n<meta name=\"description\" content=\"Santa Teresa de \u00c1vila explica como a aridez na ora\u00e7\u00e3o fortalece a f\u00e9, promove crescimento espiritual e aprofunda a rela\u00e7\u00e3o com Deus.\" \/>\n<meta name=\"robots\" content=\"index, follow, max-snippet:-1, max-image-preview:large, max-video-preview:-1\" \/>\n<link rel=\"canonical\" href=\"https:\/\/www.correiobraziliense.com.br\/cbradar\/santa-teresa-de-avila-ensinava-que-momentos-de-aridez-na-oracao-sao-oportunidades-de-crescimento-espiritual\/\" \/>\n<meta property=\"og:locale\" content=\"pt_BR\" \/>\n<meta property=\"og:type\" content=\"article\" \/>\n<meta property=\"og:title\" content=\"Santa Teresa de \u00c1vila ensinava que momentos de aridez na ora\u00e7\u00e3o s\u00e3o oportunidades de crescimento espiritual - Correio Braziliense - Radar\" \/>\n<meta property=\"og:description\" content=\"Santa Teresa de \u00c1vila explica como a aridez na ora\u00e7\u00e3o fortalece a f\u00e9, promove crescimento espiritual e aprofunda a rela\u00e7\u00e3o com Deus.\" \/>\n<meta property=\"og:url\" content=\"https:\/\/www.correiobraziliense.com.br\/cbradar\/santa-teresa-de-avila-ensinava-que-momentos-de-aridez-na-oracao-sao-oportunidades-de-crescimento-espiritual\/\" \/>\n<meta property=\"og:site_name\" content=\"Correio Braziliense - Radar\" \/>\n<meta property=\"article:published_time\" content=\"2026-04-28T15:15:00+00:00\" \/>\n<meta property=\"og:image\" content=\"https:\/\/www.correiobraziliense.com.br\/cbradar\/wp-content\/uploads\/2026\/04\/X-2026-04-28T072249.063.jpg\" \/>\n\t<meta property=\"og:image:width\" content=\"2560\" \/>\n\t<meta property=\"og:image:height\" content=\"1440\" \/>\n\t<meta property=\"og:image:type\" content=\"image\/jpeg\" \/>\n<meta name=\"author\" content=\"Elis Souza\" \/>\n<meta name=\"twitter:card\" content=\"summary_large_image\" \/>\n<meta name=\"twitter:label1\" content=\"Escrito por\" \/>\n\t<meta name=\"twitter:data1\" content=\"Elis Souza\" \/>\n\t<meta name=\"twitter:label2\" content=\"Est. tempo de leitura\" \/>\n\t<meta name=\"twitter:data2\" content=\"4 minutos\" \/>\n<!-- \/ Yoast SEO plugin. -->","yoast_head_json":{"title":"Santa Teresa de \u00c1vila ensinava que momentos de aridez na ora\u00e7\u00e3o s\u00e3o oportunidades de crescimento espiritual - Correio Braziliense - Radar","description":"Santa Teresa de \u00c1vila explica como a aridez na ora\u00e7\u00e3o fortalece a f\u00e9, promove crescimento espiritual e aprofunda a rela\u00e7\u00e3o com Deus.","robots":{"index":"index","follow":"follow","max-snippet":"max-snippet:-1","max-image-preview":"max-image-preview:large","max-video-preview":"max-video-preview:-1"},"canonical":"https:\/\/www.correiobraziliense.com.br\/cbradar\/santa-teresa-de-avila-ensinava-que-momentos-de-aridez-na-oracao-sao-oportunidades-de-crescimento-espiritual\/","og_locale":"pt_BR","og_type":"article","og_title":"Santa Teresa de \u00c1vila ensinava que momentos de aridez na ora\u00e7\u00e3o s\u00e3o oportunidades de crescimento espiritual - Correio Braziliense - Radar","og_description":"Santa Teresa de \u00c1vila explica como a aridez na ora\u00e7\u00e3o fortalece a f\u00e9, promove crescimento espiritual e aprofunda a rela\u00e7\u00e3o com Deus.","og_url":"https:\/\/www.correiobraziliense.com.br\/cbradar\/santa-teresa-de-avila-ensinava-que-momentos-de-aridez-na-oracao-sao-oportunidades-de-crescimento-espiritual\/","og_site_name":"Correio Braziliense - Radar","article_published_time":"2026-04-28T15:15:00+00:00","og_image":[{"width":2560,"height":1440,"url":"https:\/\/www.correiobraziliense.com.br\/cbradar\/wp-content\/uploads\/2026\/04\/X-2026-04-28T072249.063.jpg","type":"image\/jpeg"}],"author":"Elis Souza","twitter_card":"summary_large_image","twitter_misc":{"Escrito por":"Elis Souza","Est. tempo de leitura":"4 minutos"},"schema":{"@context":"https:\/\/schema.org","@graph":[{"@type":"WebPage","@id":"https:\/\/www.correiobraziliense.com.br\/cbradar\/santa-teresa-de-avila-ensinava-que-momentos-de-aridez-na-oracao-sao-oportunidades-de-crescimento-espiritual\/","url":"https:\/\/www.correiobraziliense.com.br\/cbradar\/santa-teresa-de-avila-ensinava-que-momentos-de-aridez-na-oracao-sao-oportunidades-de-crescimento-espiritual\/","name":"Santa Teresa de \u00c1vila ensinava que momentos de aridez na ora\u00e7\u00e3o s\u00e3o oportunidades de crescimento espiritual - Correio Braziliense - Radar","isPartOf":{"@id":"https:\/\/www.correiobraziliense.com.br\/cbradar\/#website"},"primaryImageOfPage":{"@id":"https:\/\/www.correiobraziliense.com.br\/cbradar\/santa-teresa-de-avila-ensinava-que-momentos-de-aridez-na-oracao-sao-oportunidades-de-crescimento-espiritual\/#primaryimage"},"image":{"@id":"https:\/\/www.correiobraziliense.com.br\/cbradar\/santa-teresa-de-avila-ensinava-que-momentos-de-aridez-na-oracao-sao-oportunidades-de-crescimento-espiritual\/#primaryimage"},"thumbnailUrl":"https:\/\/www.correiobraziliense.com.br\/cbradar\/wp-content\/uploads\/2026\/04\/X-2026-04-28T072249.063.jpg","datePublished":"2026-04-28T15:15:00+00:00","author":{"@id":"https:\/\/www.correiobraziliense.com.br\/cbradar\/#\/schema\/person\/acff6ab5a6472cd6db16190f7212d166"},"description":"Santa Teresa de \u00c1vila explica como a aridez na ora\u00e7\u00e3o fortalece a f\u00e9, promove crescimento espiritual e aprofunda a rela\u00e7\u00e3o com Deus.","breadcrumb":{"@id":"https:\/\/www.correiobraziliense.com.br\/cbradar\/santa-teresa-de-avila-ensinava-que-momentos-de-aridez-na-oracao-sao-oportunidades-de-crescimento-espiritual\/#breadcrumb"},"inLanguage":"pt-BR","potentialAction":[{"@type":"ReadAction","target":["https:\/\/www.correiobraziliense.com.br\/cbradar\/santa-teresa-de-avila-ensinava-que-momentos-de-aridez-na-oracao-sao-oportunidades-de-crescimento-espiritual\/"]}]},{"@type":"ImageObject","inLanguage":"pt-BR","@id":"https:\/\/www.correiobraziliense.com.br\/cbradar\/santa-teresa-de-avila-ensinava-que-momentos-de-aridez-na-oracao-sao-oportunidades-de-crescimento-espiritual\/#primaryimage","url":"https:\/\/www.correiobraziliense.com.br\/cbradar\/wp-content\/uploads\/2026\/04\/X-2026-04-28T072249.063.jpg","contentUrl":"https:\/\/www.correiobraziliense.com.br\/cbradar\/wp-content\/uploads\/2026\/04\/X-2026-04-28T072249.063.jpg","width":2560,"height":1440,"caption":"A aridez na ora\u00e7\u00e3o \u00e9 parte do crescimento espiritual"},{"@type":"BreadcrumbList","@id":"https:\/\/www.correiobraziliense.com.br\/cbradar\/santa-teresa-de-avila-ensinava-que-momentos-de-aridez-na-oracao-sao-oportunidades-de-crescimento-espiritual\/#breadcrumb","itemListElement":[{"@type":"ListItem","position":1,"name":"In\u00edcio","item":"https:\/\/www.correiobraziliense.com.br\/cbradar\/"},{"@type":"ListItem","position":2,"name":"Santa Teresa de \u00c1vila ensinava que momentos de aridez na ora\u00e7\u00e3o s\u00e3o oportunidades de crescimento espiritual"}]},{"@type":"WebSite","@id":"https:\/\/www.correiobraziliense.com.br\/cbradar\/#website","url":"https:\/\/www.correiobraziliense.com.br\/cbradar\/","name":"Correio Braziliense - Radar","description":"Acompanhe as \u00faltimas not\u00edcias e fique bem informado sobre tudo o que acontece no Brasil e no mundo.","potentialAction":[{"@type":"SearchAction","target":{"@type":"EntryPoint","urlTemplate":"https:\/\/www.correiobraziliense.com.br\/cbradar\/?s={search_term_string}"},"query-input":{"@type":"PropertyValueSpecification","valueRequired":true,"valueName":"search_term_string"}}],"inLanguage":"pt-BR"},{"@type":"Person","@id":"https:\/\/www.correiobraziliense.com.br\/cbradar\/#\/schema\/person\/acff6ab5a6472cd6db16190f7212d166","name":"Elis Souza","image":{"@type":"ImageObject","inLanguage":"pt-BR","@id":"https:\/\/www.correiobraziliense.com.br\/cbradar\/#\/schema\/person\/image\/","url":"https:\/\/secure.gravatar.com\/avatar\/1dc86c254cebb74d9c8a14da612c52db?s=96&d=mm&r=g","contentUrl":"https:\/\/secure.gravatar.com\/avatar\/1dc86c254cebb74d9c8a14da612c52db?s=96&d=mm&r=g","caption":"Elis Souza"},"sameAs":["https:\/\/www.correiobraziliense.com.br\/cbradar\/"],"url":"https:\/\/www.correiobraziliense.com.br\/cbradar\/author\/elis-souza\/"}]}},"_links":{"self":[{"href":"https:\/\/www.correiobraziliense.com.br\/cbradar\/wp-json\/wp\/v2\/posts\/233431","targetHints":{"allow":["GET"]}}],"collection":[{"href":"https:\/\/www.correiobraziliense.com.br\/cbradar\/wp-json\/wp\/v2\/posts"}],"about":[{"href":"https:\/\/www.correiobraziliense.com.br\/cbradar\/wp-json\/wp\/v2\/types\/post"}],"author":[{"embeddable":true,"href":"https:\/\/www.correiobraziliense.com.br\/cbradar\/wp-json\/wp\/v2\/users\/22"}],"replies":[{"embeddable":true,"href":"https:\/\/www.correiobraziliense.com.br\/cbradar\/wp-json\/wp\/v2\/comments?post=233431"}],"version-history":[{"count":1,"href":"https:\/\/www.correiobraziliense.com.br\/cbradar\/wp-json\/wp\/v2\/posts\/233431\/revisions"}],"predecessor-version":[{"id":233434,"href":"https:\/\/www.correiobraziliense.com.br\/cbradar\/wp-json\/wp\/v2\/posts\/233431\/revisions\/233434"}],"wp:featuredmedia":[{"embeddable":true,"href":"https:\/\/www.correiobraziliense.com.br\/cbradar\/wp-json\/wp\/v2\/media\/233433"}],"wp:attachment":[{"href":"https:\/\/www.correiobraziliense.com.br\/cbradar\/wp-json\/wp\/v2\/media?parent=233431"}],"wp:term":[{"taxonomy":"category","embeddable":true,"href":"https:\/\/www.correiobraziliense.com.br\/cbradar\/wp-json\/wp\/v2\/categories?post=233431"},{"taxonomy":"post_tag","embeddable":true,"href":"https:\/\/www.correiobraziliense.com.br\/cbradar\/wp-json\/wp\/v2\/post_tag?post=233431"}],"curies":[{"name":"wp","href":"https:\/\/api.w.org\/{rel}","templated":true}]}}