{"id":233435,"date":"2026-04-28T12:45:00","date_gmt":"2026-04-28T15:45:00","guid":{"rendered":"https:\/\/www.correiobraziliense.com.br\/cbradar\/?p=233435"},"modified":"2026-04-28T07:40:34","modified_gmt":"2026-04-28T10:40:34","slug":"a-psicologia-aponta-que-pessoas-com-60-nao-se-tornam-mais-seletivas-por-acaso-elas-estao-protegendo-sua-energia-emocional","status":"publish","type":"post","link":"https:\/\/www.correiobraziliense.com.br\/cbradar\/a-psicologia-aponta-que-pessoas-com-60-nao-se-tornam-mais-seletivas-por-acaso-elas-estao-protegendo-sua-energia-emocional\/","title":{"rendered":"A Psicologia aponta que pessoas com 60+ n\u00e3o se tornam mais seletivas por acaso, elas est\u00e3o protegendo sua energia emocional"},"content":{"rendered":"\n<p><strong>Pessoas 60+ <\/strong>frequentemente se tornam mais seletivas, e a psicologia explica que isso est\u00e1 diretamente ligado \u00e0<strong> prote\u00e7\u00e3o da energia emocional<\/strong>. Com o avan\u00e7o da idade, ocorre um amadurecimento cognitivo e emocional, levando a decis\u00f5es mais conscientes sobre rela\u00e7\u00f5es e ambientes. Esse comportamento n\u00e3o \u00e9 acaso, mas sim resultado de processos psicol\u00f3gicos como autorregula\u00e7\u00e3o, bem-estar e intelig\u00eancia emocional.<\/p>\n\n\n\n<h2 class=\"wp-block-heading\">Por que pessoas 60+ se tornam mais seletivas nas rela\u00e7\u00f5es?<\/h2>\n\n\n\n<p>Pessoas 60+ desenvolvem maior consci\u00eancia emocional, o que favorece<strong> escolhas mais seletivas<\/strong>. Na psicologia, isso \u00e9 explicado pela teoria da seletividade socioemocional, que indica que o tempo percebido como limitado aumenta o foco em rela\u00e7\u00f5es significativas. Assim, elas priorizam v\u00ednculos que trazem bem-estar psicol\u00f3gico e evitam desgastes desnecess\u00e1rios.<\/p>\n\n\n\n<p>Essa postura seletiva tamb\u00e9m est\u00e1 ligada \u00e0 experi\u00eancia acumulada. Ap\u00f3s anos de viv\u00eancia, essas pessoas aprendem a <strong>identificar padr\u00f5es emocionais prejudiciais<\/strong>, optando por conex\u00f5es mais saud\u00e1veis. Essa filtragem protege a energia <strong><a href=\"https:\/\/pmc.ncbi.nlm.nih.gov\/articles\/PMC8848120\/\" target=\"_blank\" rel=\"noreferrer noopener\">emocional <\/a><\/strong>e promove equil\u00edbrio mental.<\/p>\n\n\n\n<h2 class=\"wp-block-heading\">Como a energia emocional influencia o comportamento ap\u00f3s os 60+?<\/h2>\n\n\n\n<p>A energia emocional torna-se um recurso valioso para pessoas 60+. A psicologia mostra que, com o <strong><a href=\"https:\/\/www.correiobraziliense.com.br\/cbradar\/como-envelhecer-com-qualidade-de-vida-e-menos-dores\/\" target=\"_blank\" rel=\"noreferrer noopener\">envelhecimento<\/a><\/strong>, h\u00e1 uma tend\u00eancia de preservar recursos internos como aten\u00e7\u00e3o, motiva\u00e7\u00e3o e estabilidade emocional. Isso impacta diretamente na forma como escolhem interagir com o mundo.<\/p>\n\n\n\n<p>Para manter o equil\u00edbrio psicol\u00f3gico, essas pessoas evitam situa\u00e7\u00f5es que causam <strong>estresse<\/strong> ou <strong>conflito<\/strong>. A prote\u00e7\u00e3o da energia emocional passa a ser prioridade, influenciando decis\u00f5es sociais, familiares e at\u00e9 profissionais.<\/p>\n\n\n\n<h2 class=\"wp-block-heading\">Quais sinais mostram que algu\u00e9m est\u00e1 sendo mais seletivo?<\/h2>\n\n\n\n<p>O comportamento seletivo pode ser <strong>identificado por atitudes claras no dia a dia<\/strong>. A psicologia comportamental destaca que essas mudan\u00e7as refletem maior autoconsci\u00eancia e intelig\u00eancia emocional.<\/p>\n\n\n\n<p>Entre os principais sinais observados em <strong>pessoas 60+<\/strong>, destacam-se:<\/p>\n\n\n\n<ul class=\"wp-block-list\">\n<li>Redu\u00e7\u00e3o do c\u00edrculo social<\/li>\n\n\n\n<li>Prefer\u00eancia por conversas profundas<\/li>\n\n\n\n<li>Evitar conflitos desnecess\u00e1rios<\/li>\n\n\n\n<li>Valorizar momentos de tranquilidade<\/li>\n\n\n\n<li>Maior assertividade nas decis\u00f5es<\/li>\n<\/ul>\n\n\n\n<figure class=\"wp-block-image size-large\"><img decoding=\"async\" width=\"1280\" height=\"720\" src=\"https:\/\/www.correiobraziliense.com.br\/cbradar\/wp-content\/uploads\/2026\/04\/X-2026-04-28T073802.192-1280x720.jpg\" alt=\"A Psicologia aponta que pessoas com 60+ n\u00e3o se tornam mais seletivas por acaso, elas est\u00e3o protegendo sua energia emocional\" class=\"wp-image-233436\" srcset=\"https:\/\/www.correiobraziliense.com.br\/cbradar\/wp-content\/uploads\/2026\/04\/X-2026-04-28T073802.192-1280x720.jpg 1280w, https:\/\/www.correiobraziliense.com.br\/cbradar\/wp-content\/uploads\/2026\/04\/X-2026-04-28T073802.192-300x169.jpg 300w, https:\/\/www.correiobraziliense.com.br\/cbradar\/wp-content\/uploads\/2026\/04\/X-2026-04-28T073802.192-768x432.jpg 768w, https:\/\/www.correiobraziliense.com.br\/cbradar\/wp-content\/uploads\/2026\/04\/X-2026-04-28T073802.192-1536x864.jpg 1536w, https:\/\/www.correiobraziliense.com.br\/cbradar\/wp-content\/uploads\/2026\/04\/X-2026-04-28T073802.192-2048x1152.jpg 2048w, https:\/\/www.correiobraziliense.com.br\/cbradar\/wp-content\/uploads\/2026\/04\/X-2026-04-28T073802.192-750x422.jpg 750w, https:\/\/www.correiobraziliense.com.br\/cbradar\/wp-content\/uploads\/2026\/04\/X-2026-04-28T073802.192-1140x641.jpg 1140w\" sizes=\"(max-width: 1280px) 100vw, 1280px\" \/><figcaption class=\"wp-element-caption\">A seletividade emocional aumenta com a idade<\/figcaption><\/figure>\n\n\n\n<h2 class=\"wp-block-heading\">Por que a prote\u00e7\u00e3o emocional se torna prioridade nessa fase?<\/h2>\n\n\n\n<p>A prote\u00e7\u00e3o emocional \u00e9 essencial para a sa\u00fade mental de pessoas 60+. A psicologia do envelhecimento indica que essa fase envolve maior busca por <strong>bem-estar<\/strong>, <strong>estabilidade <\/strong>e<strong> satisfa\u00e7\u00e3o pessoal<\/strong>. Isso leva a um cuidado maior com emo\u00e7\u00f5es e rela\u00e7\u00f5es.<\/p>\n\n\n\n<p>Al\u00e9m disso, preservar a <strong>energia emocional<\/strong> contribui para reduzir ansiedade, estresse e at\u00e9 sintomas depressivos. A escolha por ambientes positivos e rela\u00e7\u00f5es equilibradas fortalece a qualidade de vida e o equil\u00edbrio psicol\u00f3gico.<\/p>\n\n\n\n<h2 class=\"wp-block-heading\">Como desenvolver seletividade emocional saud\u00e1vel em qualquer idade?<\/h2>\n\n\n\n<p>Embora seja mais evidente em pessoas 60+, a postura seletiva pode ser desenvolvida em <strong>qualquer fase<\/strong>. A psicologia sugere pr\u00e1ticas simples para fortalecer a intelig\u00eancia emocional e melhorar a gest\u00e3o da energia emocional.<\/p>\n\n\n\n<p>Algumas estrat\u00e9gias eficazes incluem:<\/p>\n\n\n\n<ul class=\"wp-block-list\">\n<li>Praticar o autoconhecimento<\/li>\n\n\n\n<li>Estabelecer limites claros<\/li>\n\n\n\n<li>Priorizar rela\u00e7\u00f5es positivas<\/li>\n\n\n\n<li>Evitar ambientes t\u00f3xicos<\/li>\n\n\n\n<li>Valorizar momentos de autocuidado<\/li>\n<\/ul>\n\n\n\n<p>Ao aplicar esses conceitos, qualquer pessoa pode melhorar sua sa\u00fade mental e emocional. A psicologia refor\u00e7a que ser seletivo n\u00e3o \u00e9 isolamento, mas sim um ato consciente de prote\u00e7\u00e3o e equil\u00edbrio. Em especial para pessoas 60+, essa habilidade \u00e9 fundamental para preservar a energia emocional e viver com mais <strong>qualidade <\/strong>e <strong>bem-estar<\/strong>.<\/p>\n","protected":false},"excerpt":{"rendered":"<p>Pessoas 60+ frequentemente se tornam mais seletivas, e a psicologia explica que isso est\u00e1 diretamente ligado \u00e0 prote\u00e7\u00e3o da energia emocional. Com o avan\u00e7o da idade, ocorre um amadurecimento cognitivo e emocional, levando a decis\u00f5es mais conscientes sobre rela\u00e7\u00f5es e ambientes. Esse comportamento n\u00e3o \u00e9 acaso, mas sim resultado de processos psicol\u00f3gicos como autorregula\u00e7\u00e3o, bem-estar [&hellip;]<\/p>\n","protected":false},"author":22,"featured_media":233437,"comment_status":"open","ping_status":"open","sticky":false,"template":"","format":"standard","meta":{"_yoast_wpseo_focuskw":"pessoas 60+","_yoast_wpseo_title":"","_yoast_wpseo_metadesc":"Entenda por que pessoas 60+ se tornam mais seletivas e como isso protege a energia emocional, melhora rela\u00e7\u00f5es e fortalece o bem-estar.","jnews-multi-image_gallery":[],"jnews_single_post":{"format":"standard"},"jnews_primary_category":[],"jnews_social_meta":[],"jnews_override_counter":[],"footnotes":""},"categories":[112],"post_tag":[],"class_list":["post-233435","post","type-post","status-publish","format-standard","has-post-thumbnail","hentry","category-curiosidades"],"yoast_head":"<!-- This site is optimized with the Yoast SEO plugin v24.6 - https:\/\/yoast.com\/wordpress\/plugins\/seo\/ -->\n<title>A Psicologia aponta que pessoas com 60+ n\u00e3o se tornam mais seletivas por acaso, elas est\u00e3o protegendo sua energia emocional - Correio Braziliense - Radar<\/title>\n<meta name=\"description\" content=\"Entenda por que pessoas 60+ se tornam mais seletivas e como isso protege a energia emocional, melhora rela\u00e7\u00f5es e fortalece o bem-estar.\" \/>\n<meta name=\"robots\" content=\"index, follow, max-snippet:-1, max-image-preview:large, max-video-preview:-1\" \/>\n<link rel=\"canonical\" href=\"https:\/\/www.correiobraziliense.com.br\/cbradar\/a-psicologia-aponta-que-pessoas-com-60-nao-se-tornam-mais-seletivas-por-acaso-elas-estao-protegendo-sua-energia-emocional\/\" \/>\n<meta property=\"og:locale\" content=\"pt_BR\" \/>\n<meta property=\"og:type\" content=\"article\" \/>\n<meta property=\"og:title\" content=\"A Psicologia aponta que pessoas com 60+ n\u00e3o se tornam mais seletivas por acaso, elas est\u00e3o protegendo sua energia emocional - Correio Braziliense - Radar\" \/>\n<meta property=\"og:description\" content=\"Entenda por que pessoas 60+ se tornam mais seletivas e como isso protege a energia emocional, melhora rela\u00e7\u00f5es e fortalece o bem-estar.\" \/>\n<meta property=\"og:url\" content=\"https:\/\/www.correiobraziliense.com.br\/cbradar\/a-psicologia-aponta-que-pessoas-com-60-nao-se-tornam-mais-seletivas-por-acaso-elas-estao-protegendo-sua-energia-emocional\/\" \/>\n<meta property=\"og:site_name\" content=\"Correio Braziliense - Radar\" \/>\n<meta property=\"article:published_time\" content=\"2026-04-28T15:45:00+00:00\" \/>\n<meta property=\"og:image\" content=\"https:\/\/www.correiobraziliense.com.br\/cbradar\/wp-content\/uploads\/2026\/04\/X-2026-04-28T073740.658.jpg\" \/>\n\t<meta property=\"og:image:width\" content=\"2560\" \/>\n\t<meta property=\"og:image:height\" content=\"1440\" \/>\n\t<meta property=\"og:image:type\" content=\"image\/jpeg\" \/>\n<meta name=\"author\" content=\"Elis Souza\" \/>\n<meta name=\"twitter:card\" content=\"summary_large_image\" \/>\n<meta name=\"twitter:label1\" content=\"Escrito por\" \/>\n\t<meta name=\"twitter:data1\" content=\"Elis Souza\" \/>\n\t<meta name=\"twitter:label2\" content=\"Est. tempo de leitura\" \/>\n\t<meta name=\"twitter:data2\" content=\"4 minutos\" \/>\n<!-- \/ Yoast SEO plugin. -->","yoast_head_json":{"title":"A Psicologia aponta que pessoas com 60+ n\u00e3o se tornam mais seletivas por acaso, elas est\u00e3o protegendo sua energia emocional - Correio Braziliense - Radar","description":"Entenda por que pessoas 60+ se tornam mais seletivas e como isso protege a energia emocional, melhora rela\u00e7\u00f5es e fortalece o bem-estar.","robots":{"index":"index","follow":"follow","max-snippet":"max-snippet:-1","max-image-preview":"max-image-preview:large","max-video-preview":"max-video-preview:-1"},"canonical":"https:\/\/www.correiobraziliense.com.br\/cbradar\/a-psicologia-aponta-que-pessoas-com-60-nao-se-tornam-mais-seletivas-por-acaso-elas-estao-protegendo-sua-energia-emocional\/","og_locale":"pt_BR","og_type":"article","og_title":"A Psicologia aponta que pessoas com 60+ n\u00e3o se tornam mais seletivas por acaso, elas est\u00e3o protegendo sua energia emocional - Correio Braziliense - Radar","og_description":"Entenda por que pessoas 60+ se tornam mais seletivas e como isso protege a energia emocional, melhora rela\u00e7\u00f5es e fortalece o bem-estar.","og_url":"https:\/\/www.correiobraziliense.com.br\/cbradar\/a-psicologia-aponta-que-pessoas-com-60-nao-se-tornam-mais-seletivas-por-acaso-elas-estao-protegendo-sua-energia-emocional\/","og_site_name":"Correio Braziliense - Radar","article_published_time":"2026-04-28T15:45:00+00:00","og_image":[{"width":2560,"height":1440,"url":"https:\/\/www.correiobraziliense.com.br\/cbradar\/wp-content\/uploads\/2026\/04\/X-2026-04-28T073740.658.jpg","type":"image\/jpeg"}],"author":"Elis Souza","twitter_card":"summary_large_image","twitter_misc":{"Escrito por":"Elis Souza","Est. tempo de leitura":"4 minutos"},"schema":{"@context":"https:\/\/schema.org","@graph":[{"@type":"WebPage","@id":"https:\/\/www.correiobraziliense.com.br\/cbradar\/a-psicologia-aponta-que-pessoas-com-60-nao-se-tornam-mais-seletivas-por-acaso-elas-estao-protegendo-sua-energia-emocional\/","url":"https:\/\/www.correiobraziliense.com.br\/cbradar\/a-psicologia-aponta-que-pessoas-com-60-nao-se-tornam-mais-seletivas-por-acaso-elas-estao-protegendo-sua-energia-emocional\/","name":"A Psicologia aponta que pessoas com 60+ n\u00e3o se tornam mais seletivas por acaso, elas est\u00e3o protegendo sua energia emocional - Correio Braziliense - Radar","isPartOf":{"@id":"https:\/\/www.correiobraziliense.com.br\/cbradar\/#website"},"primaryImageOfPage":{"@id":"https:\/\/www.correiobraziliense.com.br\/cbradar\/a-psicologia-aponta-que-pessoas-com-60-nao-se-tornam-mais-seletivas-por-acaso-elas-estao-protegendo-sua-energia-emocional\/#primaryimage"},"image":{"@id":"https:\/\/www.correiobraziliense.com.br\/cbradar\/a-psicologia-aponta-que-pessoas-com-60-nao-se-tornam-mais-seletivas-por-acaso-elas-estao-protegendo-sua-energia-emocional\/#primaryimage"},"thumbnailUrl":"https:\/\/www.correiobraziliense.com.br\/cbradar\/wp-content\/uploads\/2026\/04\/X-2026-04-28T073740.658.jpg","datePublished":"2026-04-28T15:45:00+00:00","author":{"@id":"https:\/\/www.correiobraziliense.com.br\/cbradar\/#\/schema\/person\/acff6ab5a6472cd6db16190f7212d166"},"description":"Entenda por que pessoas 60+ se tornam mais seletivas e como isso protege a energia emocional, melhora rela\u00e7\u00f5es e fortalece o bem-estar.","breadcrumb":{"@id":"https:\/\/www.correiobraziliense.com.br\/cbradar\/a-psicologia-aponta-que-pessoas-com-60-nao-se-tornam-mais-seletivas-por-acaso-elas-estao-protegendo-sua-energia-emocional\/#breadcrumb"},"inLanguage":"pt-BR","potentialAction":[{"@type":"ReadAction","target":["https:\/\/www.correiobraziliense.com.br\/cbradar\/a-psicologia-aponta-que-pessoas-com-60-nao-se-tornam-mais-seletivas-por-acaso-elas-estao-protegendo-sua-energia-emocional\/"]}]},{"@type":"ImageObject","inLanguage":"pt-BR","@id":"https:\/\/www.correiobraziliense.com.br\/cbradar\/a-psicologia-aponta-que-pessoas-com-60-nao-se-tornam-mais-seletivas-por-acaso-elas-estao-protegendo-sua-energia-emocional\/#primaryimage","url":"https:\/\/www.correiobraziliense.com.br\/cbradar\/wp-content\/uploads\/2026\/04\/X-2026-04-28T073740.658.jpg","contentUrl":"https:\/\/www.correiobraziliense.com.br\/cbradar\/wp-content\/uploads\/2026\/04\/X-2026-04-28T073740.658.jpg","width":2560,"height":1440,"caption":"Pessoas 60+ valorizam rela\u00e7\u00f5es mais significativas"},{"@type":"BreadcrumbList","@id":"https:\/\/www.correiobraziliense.com.br\/cbradar\/a-psicologia-aponta-que-pessoas-com-60-nao-se-tornam-mais-seletivas-por-acaso-elas-estao-protegendo-sua-energia-emocional\/#breadcrumb","itemListElement":[{"@type":"ListItem","position":1,"name":"In\u00edcio","item":"https:\/\/www.correiobraziliense.com.br\/cbradar\/"},{"@type":"ListItem","position":2,"name":"A Psicologia aponta que pessoas com 60+ n\u00e3o se tornam mais seletivas por acaso, elas est\u00e3o protegendo sua energia emocional"}]},{"@type":"WebSite","@id":"https:\/\/www.correiobraziliense.com.br\/cbradar\/#website","url":"https:\/\/www.correiobraziliense.com.br\/cbradar\/","name":"Correio Braziliense - Radar","description":"Acompanhe as \u00faltimas not\u00edcias e fique bem informado sobre tudo o que acontece no Brasil e no mundo.","potentialAction":[{"@type":"SearchAction","target":{"@type":"EntryPoint","urlTemplate":"https:\/\/www.correiobraziliense.com.br\/cbradar\/?s={search_term_string}"},"query-input":{"@type":"PropertyValueSpecification","valueRequired":true,"valueName":"search_term_string"}}],"inLanguage":"pt-BR"},{"@type":"Person","@id":"https:\/\/www.correiobraziliense.com.br\/cbradar\/#\/schema\/person\/acff6ab5a6472cd6db16190f7212d166","name":"Elis Souza","image":{"@type":"ImageObject","inLanguage":"pt-BR","@id":"https:\/\/www.correiobraziliense.com.br\/cbradar\/#\/schema\/person\/image\/","url":"https:\/\/secure.gravatar.com\/avatar\/1dc86c254cebb74d9c8a14da612c52db?s=96&d=mm&r=g","contentUrl":"https:\/\/secure.gravatar.com\/avatar\/1dc86c254cebb74d9c8a14da612c52db?s=96&d=mm&r=g","caption":"Elis Souza"},"sameAs":["https:\/\/www.correiobraziliense.com.br\/cbradar\/"],"url":"https:\/\/www.correiobraziliense.com.br\/cbradar\/author\/elis-souza\/"}]}},"_links":{"self":[{"href":"https:\/\/www.correiobraziliense.com.br\/cbradar\/wp-json\/wp\/v2\/posts\/233435","targetHints":{"allow":["GET"]}}],"collection":[{"href":"https:\/\/www.correiobraziliense.com.br\/cbradar\/wp-json\/wp\/v2\/posts"}],"about":[{"href":"https:\/\/www.correiobraziliense.com.br\/cbradar\/wp-json\/wp\/v2\/types\/post"}],"author":[{"embeddable":true,"href":"https:\/\/www.correiobraziliense.com.br\/cbradar\/wp-json\/wp\/v2\/users\/22"}],"replies":[{"embeddable":true,"href":"https:\/\/www.correiobraziliense.com.br\/cbradar\/wp-json\/wp\/v2\/comments?post=233435"}],"version-history":[{"count":1,"href":"https:\/\/www.correiobraziliense.com.br\/cbradar\/wp-json\/wp\/v2\/posts\/233435\/revisions"}],"predecessor-version":[{"id":233438,"href":"https:\/\/www.correiobraziliense.com.br\/cbradar\/wp-json\/wp\/v2\/posts\/233435\/revisions\/233438"}],"wp:featuredmedia":[{"embeddable":true,"href":"https:\/\/www.correiobraziliense.com.br\/cbradar\/wp-json\/wp\/v2\/media\/233437"}],"wp:attachment":[{"href":"https:\/\/www.correiobraziliense.com.br\/cbradar\/wp-json\/wp\/v2\/media?parent=233435"}],"wp:term":[{"taxonomy":"category","embeddable":true,"href":"https:\/\/www.correiobraziliense.com.br\/cbradar\/wp-json\/wp\/v2\/categories?post=233435"},{"taxonomy":"post_tag","embeddable":true,"href":"https:\/\/www.correiobraziliense.com.br\/cbradar\/wp-json\/wp\/v2\/post_tag?post=233435"}],"curies":[{"name":"wp","href":"https:\/\/api.w.org\/{rel}","templated":true}]}}