{"id":233439,"date":"2026-04-28T17:05:00","date_gmt":"2026-04-28T20:05:00","guid":{"rendered":"https:\/\/www.correiobraziliense.com.br\/cbradar\/?p=233439"},"modified":"2026-04-28T08:17:29","modified_gmt":"2026-04-28T11:17:29","slug":"a-psicologia-revela-que-pessoas-que-deixam-a-casa-baguncada-por-dias-nao-sao-desleixadas-muitas-estao-lidando-com-sobrecarga-emocional","status":"publish","type":"post","link":"https:\/\/www.correiobraziliense.com.br\/cbradar\/a-psicologia-revela-que-pessoas-que-deixam-a-casa-baguncada-por-dias-nao-sao-desleixadas-muitas-estao-lidando-com-sobrecarga-emocional\/","title":{"rendered":"A Psicologia revela que pessoas que deixam a casa bagun\u00e7ada por dias n\u00e3o s\u00e3o desleixadas, muitas est\u00e3o lidando com sobrecarga emocional"},"content":{"rendered":"\n<p><strong>Casa bagun\u00e7ada <\/strong>muitas vezes \u00e9 interpretada como desleixo, mas a psicologia mostra que esse comportamento pode estar ligado \u00e0 <strong>sobrecarga emocional<\/strong>. Quando a mente est\u00e1 exausta, fun\u00e7\u00f5es como organiza\u00e7\u00e3o, planejamento e autocuidado ficam prejudicadas. Entender esse cen\u00e1rio ajuda a reduzir julgamentos e promove mais empatia com quem enfrenta dificuldades emocionais no dia a dia.<\/p>\n\n\n\n<h2 class=\"wp-block-heading\">Por que a casa bagun\u00e7ada pode indicar algo al\u00e9m do desleixo?<\/h2>\n\n\n\n<p>Casa bagun\u00e7ada n\u00e3o \u00e9 apenas um reflexo do<strong> ambiente f\u00edsico<\/strong>, mas tamb\u00e9m do estado mental. A psicologia comportamental explica que n\u00edveis elevados de <strong>estresse<\/strong>, <strong><a href=\"https:\/\/www.abrata.org.br\/site2018\/wp-content\/uploads\/2019\/07\/TRANSTORNO-ANSIEDADE.pdf\" target=\"_blank\" rel=\"noreferrer noopener\">ansiedade <\/a><\/strong>e <strong>fadiga <\/strong>emocional afetam a motiva\u00e7\u00e3o e a energia. Isso interfere diretamente na capacidade de manter rotinas organizadas.<\/p>\n\n\n\n<p>O desleixo, nesse contexto, deixa de ser uma falha de car\u00e1ter e passa a ser um sinal de <strong>alerta psicol\u00f3gico<\/strong>. Quando h\u00e1 sobrecarga emocional, o c\u00e9rebro prioriza tarefas b\u00e1sicas de sobreviv\u00eancia, deixando atividades como arruma\u00e7\u00e3o em <strong>segundo<\/strong> <strong>plano<\/strong>.<\/p>\n\n\n\n<h2 class=\"wp-block-heading\">Como a sobrecarga emocional afeta a organiza\u00e7\u00e3o da casa?<\/h2>\n\n\n\n<p>A sobrecarga emocional impacta diretamente fun\u00e7\u00f5es cognitivas como aten\u00e7\u00e3o, mem\u00f3ria e <strong><a href=\"https:\/\/www.correiobraziliense.com.br\/cbradar\/a-maioria-das-decisoes-do-dia-e-tomada-no-piloto-automatico-e-poucos-sabem-disso\/\" target=\"_blank\" rel=\"noreferrer noopener\">tomada de decis\u00e3o<\/a><\/strong>. Na psicologia, isso \u00e9 conhecido como esgotamento mental. Quando isso acontece, tarefas simples como limpar ou organizar tornam-se dif\u00edceis e at\u00e9 paralisantes.<\/p>\n\n\n\n<p>Uma casa bagun\u00e7ada pode ser resultado de um ciclo emocional desgastante. A pessoa sente <strong>culpa pelo ambiente<\/strong>, mas n\u00e3o tem energia para agir, o que aumenta ainda mais o estresse e refor\u00e7a a sensa\u00e7\u00e3o de desleixo, mesmo que n\u00e3o seja intencional.<\/p>\n\n\n\n<h2 class=\"wp-block-heading\">Quais sinais mostram que n\u00e3o \u00e9 apenas desleixo?<\/h2>\n\n\n\n<p>Nem sempre \u00e9 f\u00e1cil diferenciar desleixo de sobrecarga emocional. Por isso, a psicologia aponta alguns<strong> sinais comportamentais<\/strong> importantes que ajudam a identificar quando o problema \u00e9 emocional e n\u00e3o apenas falta de cuidado.<\/p>\n\n\n\n<p>Observe alguns ind\u00edcios comuns que v\u00e3o al\u00e9m de uma <strong>casa bagun\u00e7ada<\/strong>:<\/p>\n\n\n\n<ul class=\"wp-block-list\">\n<li>Falta constante de energia e motiva\u00e7\u00e3o<\/li>\n\n\n\n<li>Dificuldade em iniciar tarefas simples<\/li>\n\n\n\n<li>Sensa\u00e7\u00e3o de ansiedade ou sobrecarga mental<\/li>\n\n\n\n<li>Sentimento de culpa pela desorganiza\u00e7\u00e3o<\/li>\n\n\n\n<li>Procrastina\u00e7\u00e3o frequente<\/li>\n<\/ul>\n\n\n\n<figure class=\"wp-block-image size-large\"><img decoding=\"async\" width=\"1280\" height=\"720\" src=\"https:\/\/www.correiobraziliense.com.br\/cbradar\/wp-content\/uploads\/2026\/04\/X-2026-04-28T081310.922-1280x720.jpg\" alt=\"A Psicologia revela que pessoas que deixam a casa bagun\u00e7ada por dias n\u00e3o s\u00e3o desleixadas, muitas est\u00e3o lidando com sobrecarga emocional\" class=\"wp-image-233440\" srcset=\"https:\/\/www.correiobraziliense.com.br\/cbradar\/wp-content\/uploads\/2026\/04\/X-2026-04-28T081310.922-1280x720.jpg 1280w, https:\/\/www.correiobraziliense.com.br\/cbradar\/wp-content\/uploads\/2026\/04\/X-2026-04-28T081310.922-300x169.jpg 300w, https:\/\/www.correiobraziliense.com.br\/cbradar\/wp-content\/uploads\/2026\/04\/X-2026-04-28T081310.922-768x432.jpg 768w, https:\/\/www.correiobraziliense.com.br\/cbradar\/wp-content\/uploads\/2026\/04\/X-2026-04-28T081310.922-1536x864.jpg 1536w, https:\/\/www.correiobraziliense.com.br\/cbradar\/wp-content\/uploads\/2026\/04\/X-2026-04-28T081310.922-2048x1152.jpg 2048w, https:\/\/www.correiobraziliense.com.br\/cbradar\/wp-content\/uploads\/2026\/04\/X-2026-04-28T081310.922-750x422.jpg 750w, https:\/\/www.correiobraziliense.com.br\/cbradar\/wp-content\/uploads\/2026\/04\/X-2026-04-28T081310.922-1140x641.jpg 1140w\" sizes=\"(max-width: 1280px) 100vw, 1280px\" \/><figcaption class=\"wp-element-caption\">Empatia \u00e9 essencial para entender o comportamento<\/figcaption><\/figure>\n\n\n\n<h2 class=\"wp-block-heading\">Como lidar com a casa bagun\u00e7ada em momentos de sobrecarga emocional?<\/h2>\n\n\n\n<p>Quando a sobrecarga emocional est\u00e1 presente, \u00e9 essencial adotar estrat\u00e9gias mais <strong>leves <\/strong>e <strong>realistas<\/strong>. A psicologia sugere dividir tarefas em pequenas etapas e respeitar os pr\u00f3prios limites para evitar mais frustra\u00e7\u00e3o.<\/p>\n\n\n\n<p>Algumas pr\u00e1ticas simples podem ajudar a retomar o controle da casa bagun\u00e7ada sem refor\u00e7ar a sensa\u00e7\u00e3o de desleixo:<\/p>\n\n\n\n<ul class=\"wp-block-list\">\n<li>Organizar um pequeno espa\u00e7o por vez<\/li>\n\n\n\n<li>Estabelecer rotinas simples e flex\u00edveis<\/li>\n\n\n\n<li>Evitar autocr\u00edticas excessivas<\/li>\n\n\n\n<li>Buscar apoio emocional quando necess\u00e1rio<\/li>\n\n\n\n<li>Celebrar pequenas conquistas di\u00e1rias<\/li>\n<\/ul>\n\n\n\n<h2 class=\"wp-block-heading\">Por que \u00e9 importante mudar a forma de enxergar o desleixo?<\/h2>\n\n\n\n<p>Rotular algu\u00e9m como desleixo pode aumentar o sofrimento psicol\u00f3gico e dificultar a recupera\u00e7\u00e3o emocional. A psicologia humanista refor\u00e7a a import\u00e2ncia da empatia e da compreens\u00e3o dos processos internos que influenciam o <strong>comportamento<\/strong>.<\/p>\n\n\n\n<p>Entender que uma casa bagun\u00e7ada pode ser reflexo de sobrecarga emocional permite uma abordagem mais acolhedora. Esse olhar contribui para o bem-estar, fortalece a sa\u00fade mental e ajuda na constru\u00e7\u00e3o de h\u00e1bitos mais <strong>saud\u00e1veis <\/strong>e <strong>sustent\u00e1veis<\/strong>.<\/p>\n","protected":false},"excerpt":{"rendered":"<p>Casa bagun\u00e7ada muitas vezes \u00e9 interpretada como desleixo, mas a psicologia mostra que esse comportamento pode estar ligado \u00e0 sobrecarga emocional. Quando a mente est\u00e1 exausta, fun\u00e7\u00f5es como organiza\u00e7\u00e3o, planejamento e autocuidado ficam prejudicadas. Entender esse cen\u00e1rio ajuda a reduzir julgamentos e promove mais empatia com quem enfrenta dificuldades emocionais no dia a dia. Por [&hellip;]<\/p>\n","protected":false},"author":22,"featured_media":233441,"comment_status":"open","ping_status":"open","sticky":false,"template":"","format":"standard","meta":{"_yoast_wpseo_focuskw":"o que significa casa bagun\u00e7ada","_yoast_wpseo_title":"","_yoast_wpseo_metadesc":"Casa bagun\u00e7ada pode indicar sobrecarga emocional, n\u00e3o desleixo. Entenda como a psicologia explica esse comportamento e como lidar melhor.","jnews-multi-image_gallery":[],"jnews_single_post":{"format":"standard"},"jnews_primary_category":[],"jnews_social_meta":[],"jnews_override_counter":[],"footnotes":""},"categories":[112],"post_tag":[],"class_list":["post-233439","post","type-post","status-publish","format-standard","has-post-thumbnail","hentry","category-curiosidades"],"yoast_head":"<!-- This site is optimized with the Yoast SEO plugin v24.6 - https:\/\/yoast.com\/wordpress\/plugins\/seo\/ -->\n<title>A Psicologia revela que pessoas que deixam a casa bagun\u00e7ada por dias n\u00e3o s\u00e3o desleixadas, muitas est\u00e3o lidando com sobrecarga emocional - Correio Braziliense - Radar<\/title>\n<meta name=\"description\" content=\"Casa bagun\u00e7ada pode indicar sobrecarga emocional, n\u00e3o desleixo. Entenda como a psicologia explica esse comportamento e como lidar melhor.\" \/>\n<meta name=\"robots\" content=\"index, follow, max-snippet:-1, max-image-preview:large, max-video-preview:-1\" \/>\n<link rel=\"canonical\" href=\"https:\/\/www.correiobraziliense.com.br\/cbradar\/a-psicologia-revela-que-pessoas-que-deixam-a-casa-baguncada-por-dias-nao-sao-desleixadas-muitas-estao-lidando-com-sobrecarga-emocional\/\" \/>\n<meta property=\"og:locale\" content=\"pt_BR\" \/>\n<meta property=\"og:type\" content=\"article\" \/>\n<meta property=\"og:title\" content=\"A Psicologia revela que pessoas que deixam a casa bagun\u00e7ada por dias n\u00e3o s\u00e3o desleixadas, muitas est\u00e3o lidando com sobrecarga emocional - Correio Braziliense - Radar\" \/>\n<meta property=\"og:description\" content=\"Casa bagun\u00e7ada pode indicar sobrecarga emocional, n\u00e3o desleixo. Entenda como a psicologia explica esse comportamento e como lidar melhor.\" \/>\n<meta property=\"og:url\" content=\"https:\/\/www.correiobraziliense.com.br\/cbradar\/a-psicologia-revela-que-pessoas-que-deixam-a-casa-baguncada-por-dias-nao-sao-desleixadas-muitas-estao-lidando-com-sobrecarga-emocional\/\" \/>\n<meta property=\"og:site_name\" content=\"Correio Braziliense - Radar\" \/>\n<meta property=\"article:published_time\" content=\"2026-04-28T20:05:00+00:00\" \/>\n<meta property=\"og:image\" content=\"https:\/\/www.correiobraziliense.com.br\/cbradar\/wp-content\/uploads\/2026\/04\/X-2026-04-28T081223.711.jpg\" \/>\n\t<meta property=\"og:image:width\" content=\"2560\" \/>\n\t<meta property=\"og:image:height\" content=\"1440\" \/>\n\t<meta property=\"og:image:type\" content=\"image\/jpeg\" \/>\n<meta name=\"author\" content=\"Elis Souza\" \/>\n<meta name=\"twitter:card\" content=\"summary_large_image\" \/>\n<meta name=\"twitter:label1\" content=\"Escrito por\" \/>\n\t<meta name=\"twitter:data1\" content=\"Elis Souza\" \/>\n\t<meta name=\"twitter:label2\" content=\"Est. tempo de leitura\" \/>\n\t<meta name=\"twitter:data2\" content=\"4 minutos\" \/>\n<!-- \/ Yoast SEO plugin. -->","yoast_head_json":{"title":"A Psicologia revela que pessoas que deixam a casa bagun\u00e7ada por dias n\u00e3o s\u00e3o desleixadas, muitas est\u00e3o lidando com sobrecarga emocional - Correio Braziliense - Radar","description":"Casa bagun\u00e7ada pode indicar sobrecarga emocional, n\u00e3o desleixo. Entenda como a psicologia explica esse comportamento e como lidar melhor.","robots":{"index":"index","follow":"follow","max-snippet":"max-snippet:-1","max-image-preview":"max-image-preview:large","max-video-preview":"max-video-preview:-1"},"canonical":"https:\/\/www.correiobraziliense.com.br\/cbradar\/a-psicologia-revela-que-pessoas-que-deixam-a-casa-baguncada-por-dias-nao-sao-desleixadas-muitas-estao-lidando-com-sobrecarga-emocional\/","og_locale":"pt_BR","og_type":"article","og_title":"A Psicologia revela que pessoas que deixam a casa bagun\u00e7ada por dias n\u00e3o s\u00e3o desleixadas, muitas est\u00e3o lidando com sobrecarga emocional - Correio Braziliense - Radar","og_description":"Casa bagun\u00e7ada pode indicar sobrecarga emocional, n\u00e3o desleixo. Entenda como a psicologia explica esse comportamento e como lidar melhor.","og_url":"https:\/\/www.correiobraziliense.com.br\/cbradar\/a-psicologia-revela-que-pessoas-que-deixam-a-casa-baguncada-por-dias-nao-sao-desleixadas-muitas-estao-lidando-com-sobrecarga-emocional\/","og_site_name":"Correio Braziliense - Radar","article_published_time":"2026-04-28T20:05:00+00:00","og_image":[{"width":2560,"height":1440,"url":"https:\/\/www.correiobraziliense.com.br\/cbradar\/wp-content\/uploads\/2026\/04\/X-2026-04-28T081223.711.jpg","type":"image\/jpeg"}],"author":"Elis Souza","twitter_card":"summary_large_image","twitter_misc":{"Escrito por":"Elis Souza","Est. tempo de leitura":"4 minutos"},"schema":{"@context":"https:\/\/schema.org","@graph":[{"@type":"WebPage","@id":"https:\/\/www.correiobraziliense.com.br\/cbradar\/a-psicologia-revela-que-pessoas-que-deixam-a-casa-baguncada-por-dias-nao-sao-desleixadas-muitas-estao-lidando-com-sobrecarga-emocional\/","url":"https:\/\/www.correiobraziliense.com.br\/cbradar\/a-psicologia-revela-que-pessoas-que-deixam-a-casa-baguncada-por-dias-nao-sao-desleixadas-muitas-estao-lidando-com-sobrecarga-emocional\/","name":"A Psicologia revela que pessoas que deixam a casa bagun\u00e7ada por dias n\u00e3o s\u00e3o desleixadas, muitas est\u00e3o lidando com sobrecarga emocional - Correio Braziliense - Radar","isPartOf":{"@id":"https:\/\/www.correiobraziliense.com.br\/cbradar\/#website"},"primaryImageOfPage":{"@id":"https:\/\/www.correiobraziliense.com.br\/cbradar\/a-psicologia-revela-que-pessoas-que-deixam-a-casa-baguncada-por-dias-nao-sao-desleixadas-muitas-estao-lidando-com-sobrecarga-emocional\/#primaryimage"},"image":{"@id":"https:\/\/www.correiobraziliense.com.br\/cbradar\/a-psicologia-revela-que-pessoas-que-deixam-a-casa-baguncada-por-dias-nao-sao-desleixadas-muitas-estao-lidando-com-sobrecarga-emocional\/#primaryimage"},"thumbnailUrl":"https:\/\/www.correiobraziliense.com.br\/cbradar\/wp-content\/uploads\/2026\/04\/X-2026-04-28T081223.711.jpg","datePublished":"2026-04-28T20:05:00+00:00","author":{"@id":"https:\/\/www.correiobraziliense.com.br\/cbradar\/#\/schema\/person\/acff6ab5a6472cd6db16190f7212d166"},"description":"Casa bagun\u00e7ada pode indicar sobrecarga emocional, n\u00e3o desleixo. Entenda como a psicologia explica esse comportamento e como lidar melhor.","breadcrumb":{"@id":"https:\/\/www.correiobraziliense.com.br\/cbradar\/a-psicologia-revela-que-pessoas-que-deixam-a-casa-baguncada-por-dias-nao-sao-desleixadas-muitas-estao-lidando-com-sobrecarga-emocional\/#breadcrumb"},"inLanguage":"pt-BR","potentialAction":[{"@type":"ReadAction","target":["https:\/\/www.correiobraziliense.com.br\/cbradar\/a-psicologia-revela-que-pessoas-que-deixam-a-casa-baguncada-por-dias-nao-sao-desleixadas-muitas-estao-lidando-com-sobrecarga-emocional\/"]}]},{"@type":"ImageObject","inLanguage":"pt-BR","@id":"https:\/\/www.correiobraziliense.com.br\/cbradar\/a-psicologia-revela-que-pessoas-que-deixam-a-casa-baguncada-por-dias-nao-sao-desleixadas-muitas-estao-lidando-com-sobrecarga-emocional\/#primaryimage","url":"https:\/\/www.correiobraziliense.com.br\/cbradar\/wp-content\/uploads\/2026\/04\/X-2026-04-28T081223.711.jpg","contentUrl":"https:\/\/www.correiobraziliense.com.br\/cbradar\/wp-content\/uploads\/2026\/04\/X-2026-04-28T081223.711.jpg","width":2560,"height":1440,"caption":"Casa bagun\u00e7ada pode refletir cansa\u00e7o mental"},{"@type":"BreadcrumbList","@id":"https:\/\/www.correiobraziliense.com.br\/cbradar\/a-psicologia-revela-que-pessoas-que-deixam-a-casa-baguncada-por-dias-nao-sao-desleixadas-muitas-estao-lidando-com-sobrecarga-emocional\/#breadcrumb","itemListElement":[{"@type":"ListItem","position":1,"name":"In\u00edcio","item":"https:\/\/www.correiobraziliense.com.br\/cbradar\/"},{"@type":"ListItem","position":2,"name":"A Psicologia revela que pessoas que deixam a casa bagun\u00e7ada por dias n\u00e3o s\u00e3o desleixadas, muitas est\u00e3o lidando com sobrecarga emocional"}]},{"@type":"WebSite","@id":"https:\/\/www.correiobraziliense.com.br\/cbradar\/#website","url":"https:\/\/www.correiobraziliense.com.br\/cbradar\/","name":"Correio Braziliense - Radar","description":"Acompanhe as \u00faltimas not\u00edcias e fique bem informado sobre tudo o que acontece no Brasil e no mundo.","potentialAction":[{"@type":"SearchAction","target":{"@type":"EntryPoint","urlTemplate":"https:\/\/www.correiobraziliense.com.br\/cbradar\/?s={search_term_string}"},"query-input":{"@type":"PropertyValueSpecification","valueRequired":true,"valueName":"search_term_string"}}],"inLanguage":"pt-BR"},{"@type":"Person","@id":"https:\/\/www.correiobraziliense.com.br\/cbradar\/#\/schema\/person\/acff6ab5a6472cd6db16190f7212d166","name":"Elis Souza","image":{"@type":"ImageObject","inLanguage":"pt-BR","@id":"https:\/\/www.correiobraziliense.com.br\/cbradar\/#\/schema\/person\/image\/","url":"https:\/\/secure.gravatar.com\/avatar\/1dc86c254cebb74d9c8a14da612c52db?s=96&d=mm&r=g","contentUrl":"https:\/\/secure.gravatar.com\/avatar\/1dc86c254cebb74d9c8a14da612c52db?s=96&d=mm&r=g","caption":"Elis Souza"},"sameAs":["https:\/\/www.correiobraziliense.com.br\/cbradar\/"],"url":"https:\/\/www.correiobraziliense.com.br\/cbradar\/author\/elis-souza\/"}]}},"_links":{"self":[{"href":"https:\/\/www.correiobraziliense.com.br\/cbradar\/wp-json\/wp\/v2\/posts\/233439","targetHints":{"allow":["GET"]}}],"collection":[{"href":"https:\/\/www.correiobraziliense.com.br\/cbradar\/wp-json\/wp\/v2\/posts"}],"about":[{"href":"https:\/\/www.correiobraziliense.com.br\/cbradar\/wp-json\/wp\/v2\/types\/post"}],"author":[{"embeddable":true,"href":"https:\/\/www.correiobraziliense.com.br\/cbradar\/wp-json\/wp\/v2\/users\/22"}],"replies":[{"embeddable":true,"href":"https:\/\/www.correiobraziliense.com.br\/cbradar\/wp-json\/wp\/v2\/comments?post=233439"}],"version-history":[{"count":1,"href":"https:\/\/www.correiobraziliense.com.br\/cbradar\/wp-json\/wp\/v2\/posts\/233439\/revisions"}],"predecessor-version":[{"id":233442,"href":"https:\/\/www.correiobraziliense.com.br\/cbradar\/wp-json\/wp\/v2\/posts\/233439\/revisions\/233442"}],"wp:featuredmedia":[{"embeddable":true,"href":"https:\/\/www.correiobraziliense.com.br\/cbradar\/wp-json\/wp\/v2\/media\/233441"}],"wp:attachment":[{"href":"https:\/\/www.correiobraziliense.com.br\/cbradar\/wp-json\/wp\/v2\/media?parent=233439"}],"wp:term":[{"taxonomy":"category","embeddable":true,"href":"https:\/\/www.correiobraziliense.com.br\/cbradar\/wp-json\/wp\/v2\/categories?post=233439"},{"taxonomy":"post_tag","embeddable":true,"href":"https:\/\/www.correiobraziliense.com.br\/cbradar\/wp-json\/wp\/v2\/post_tag?post=233439"}],"curies":[{"name":"wp","href":"https:\/\/api.w.org\/{rel}","templated":true}]}}