{"id":233447,"date":"2026-04-28T19:25:00","date_gmt":"2026-04-28T22:25:00","guid":{"rendered":"https:\/\/www.correiobraziliense.com.br\/cbradar\/?p=233447"},"modified":"2026-04-28T08:48:05","modified_gmt":"2026-04-28T11:48:05","slug":"voce-anda-rapido-uma-psicologa-explica-o-que-isso-diz-sobre-a-sua-personalidade","status":"publish","type":"post","link":"https:\/\/www.correiobraziliense.com.br\/cbradar\/voce-anda-rapido-uma-psicologa-explica-o-que-isso-diz-sobre-a-sua-personalidade\/","title":{"rendered":"Voc\u00ea anda r\u00e1pido? Uma psic\u00f3loga explica o que isso diz sobre a sua personalidade"},"content":{"rendered":"\n<p>Andar r\u00e1pido pode parecer apenas um h\u00e1bito cotidiano, mas, na psicologia, esse comportamento \u00e9 analisado como um reflexo direto da <strong>personalidade<\/strong>. A forma como nos movimentamos envolve percep\u00e7\u00e3o, <strong>comportamento <\/strong>e at\u00e9 <strong>emo\u00e7\u00f5es internas<\/strong>. Entender esses sinais pode revelar muito sobre quem voc\u00ea \u00e9 e como interage com o mundo.<\/p>\n\n\n\n<h2 class=\"wp-block-heading\">O que significa andar r\u00e1pido segundo a psicologia?<\/h2>\n\n\n\n<p>Andar r\u00e1pido, na psicologia, est\u00e1 frequentemente ligado a tra\u00e7os de <strong>a\u00e7\u00e3o<\/strong>, <strong>foco <\/strong>e <strong>tomada de<\/strong> <strong>decis\u00e3o<\/strong>. Pessoas com esse comportamento tendem a demonstrar maior agilidade mental, planejamento e uma postura mais ativa diante dos desafios di\u00e1rios.<\/p>\n\n\n\n<p>A personalidade de quem caminha com rapidez tamb\u00e9m pode indicar <strong><a href=\"https:\/\/www.correiobraziliense.com.br\/cbradar\/o-alimento-comum-que-pode-aumentar-a-ansiedade-se-consumido-em-excesso-sem-voce-perceber\/\" target=\"_blank\" rel=\"noreferrer noopener\">ansiedade <\/a><\/strong>leve ou senso de urg\u00eancia. Esse padr\u00e3o comportamental \u00e9 estudado por especialistas que analisam <strong><a href=\"https:\/\/www.helpguide.org\/relationships\/communication\/nonverbal-communication\" target=\"_blank\" rel=\"noreferrer noopener\">linguagem corporal<\/a><\/strong>, h\u00e1bitos e respostas emocionais.<\/p>\n\n\n\n<h2 class=\"wp-block-heading\">Andar r\u00e1pido est\u00e1 relacionado a quais tra\u00e7os de personalidade?<\/h2>\n\n\n\n<p>O h\u00e1bito de andar r\u00e1pido pode estar associado a diferentes aspectos da personalidade. A psicologia comportamental observa padr\u00f5es que ajudam a identificar perfis mais comuns entre pessoas que adotam esse ritmo.<\/p>\n\n\n\n<p>Entre os principais tra\u00e7os observados, destacam-se:<\/p>\n\n\n\n<ul class=\"wp-block-list\">\n<li>Proatividade, tend\u00eancia a agir rapidamente<\/li>\n\n\n\n<li>Determina\u00e7\u00e3o, foco em objetivos claros<\/li>\n\n\n\n<li>Impaci\u00eancia, dificuldade em lidar com lentid\u00e3o<\/li>\n\n\n\n<li>Autoconfian\u00e7a, postura firme e decidida<\/li>\n\n\n\n<li>Ansiedade leve, necessidade constante de movimento<\/li>\n<\/ul>\n\n\n\n<figure class=\"wp-block-image size-large\"><img decoding=\"async\" width=\"1280\" height=\"720\" src=\"https:\/\/www.correiobraziliense.com.br\/cbradar\/wp-content\/uploads\/2026\/04\/X-2026-04-28T084214.946-1280x720.jpg\" alt=\"Voc\u00ea anda r\u00e1pido? Uma psic\u00f3loga explica o que isso diz sobre a sua personalidade\" class=\"wp-image-233454\" srcset=\"https:\/\/www.correiobraziliense.com.br\/cbradar\/wp-content\/uploads\/2026\/04\/X-2026-04-28T084214.946-1280x720.jpg 1280w, https:\/\/www.correiobraziliense.com.br\/cbradar\/wp-content\/uploads\/2026\/04\/X-2026-04-28T084214.946-300x169.jpg 300w, https:\/\/www.correiobraziliense.com.br\/cbradar\/wp-content\/uploads\/2026\/04\/X-2026-04-28T084214.946-768x432.jpg 768w, https:\/\/www.correiobraziliense.com.br\/cbradar\/wp-content\/uploads\/2026\/04\/X-2026-04-28T084214.946-1536x864.jpg 1536w, https:\/\/www.correiobraziliense.com.br\/cbradar\/wp-content\/uploads\/2026\/04\/X-2026-04-28T084214.946-2048x1152.jpg 2048w, https:\/\/www.correiobraziliense.com.br\/cbradar\/wp-content\/uploads\/2026\/04\/X-2026-04-28T084214.946-750x422.jpg 750w, https:\/\/www.correiobraziliense.com.br\/cbradar\/wp-content\/uploads\/2026\/04\/X-2026-04-28T084214.946-1140x641.jpg 1140w\" sizes=\"(max-width: 1280px) 100vw, 1280px\" \/><figcaption class=\"wp-element-caption\">Andar r\u00e1pido pode indicar uma mente ativa<\/figcaption><\/figure>\n\n\n\n<h2 class=\"wp-block-heading\">Por que a forma de andar revela tanto sobre o comportamento?<\/h2>\n\n\n\n<p>A psicologia explica que o corpo expressa o que a mente sente. O modo de andar r\u00e1pido \u00e9 uma extens\u00e3o da comunica\u00e7\u00e3o n\u00e3o verbal, revelando estados emocionais, <strong>n\u00edveis de energia<\/strong> e <strong>padr\u00f5es cognitivos<\/strong>.<\/p>\n\n\n\n<p>A personalidade influencia diretamente a linguagem corporal. Pessoas mais extrovertidas, por exemplo, costumam apresentar movimentos mais intensos, enquanto perfis introspectivos tendem a caminhar com mais <strong>calma <\/strong>e <strong>observa\u00e7\u00e3o<\/strong>.<\/p>\n\n\n\n<h2 class=\"wp-block-heading\">Andar r\u00e1pido pode indicar ansiedade ou estresse?<\/h2>\n\n\n\n<p>Embora nem sempre seja negativo, o h\u00e1bito de andar r\u00e1pido pode estar ligado a n\u00edveis elevados de estresse. A psicologia associa esse comportamento a pensamentos acelerados e <strong>dificuldade em relaxar<\/strong>.<\/p>\n\n\n\n<p>No entanto, \u00e9 importante observar o contexto. A <strong>personalidade <\/strong>de cada indiv\u00edduo <strong>influencia a interpreta\u00e7\u00e3o<\/strong>. Nem todo mundo que caminha r\u00e1pido est\u00e1 ansioso, muitos apenas possuem um ritmo natural mais din\u00e2mico.<\/p>\n\n\n\n<h2 class=\"wp-block-heading\">Como equilibrar o comportamento de andar r\u00e1pido no dia a dia?<\/h2>\n\n\n\n<p>Para quem percebe que o h\u00e1bito de <strong>andar r\u00e1pido<\/strong> est\u00e1 ligado ao estresse, a <strong>psicologia<\/strong> recomenda pr\u00e1ticas de autoconsci\u00eancia. Observar o pr\u00f3prio comportamento \u00e9 o primeiro passo para o equil\u00edbrio emocional.<\/p>\n\n\n\n<p>Algumas estrat\u00e9gias simples podem ajudar a ajustar esse padr\u00e3o sem perder produtividade:<\/p>\n\n\n\n<ul class=\"wp-block-list\">\n<li>Praticar respira\u00e7\u00e3o consciente durante o dia<\/li>\n\n\n\n<li>Fazer pausas curtas entre atividades<\/li>\n\n\n\n<li>Observar o ritmo corporal em diferentes situa\u00e7\u00f5es<\/li>\n\n\n\n<li>Incluir momentos de relaxamento na rotina<\/li>\n\n\n\n<li>Desenvolver aten\u00e7\u00e3o plena ao caminhar<\/li>\n<\/ul>\n\n\n\n<p>Ao compreender como o andar r\u00e1pido se conecta com a psicologia e a personalidade, fica mais f\u00e1cil desenvolver equil\u00edbrio emocional e autoconhecimento. Pequenos ajustes no comportamento podem trazer mais <strong>qualidade de vida <\/strong>e <strong>bem-estar mental<\/strong>.<\/p>\n","protected":false},"excerpt":{"rendered":"<p>Andar r\u00e1pido pode parecer apenas um h\u00e1bito cotidiano, mas, na psicologia, esse comportamento \u00e9 analisado como um reflexo direto da personalidade. A forma como nos movimentamos envolve percep\u00e7\u00e3o, comportamento e at\u00e9 emo\u00e7\u00f5es internas. Entender esses sinais pode revelar muito sobre quem voc\u00ea \u00e9 e como interage com o mundo. O que significa andar r\u00e1pido segundo [&hellip;]<\/p>\n","protected":false},"author":22,"featured_media":233453,"comment_status":"open","ping_status":"open","sticky":false,"template":"","format":"standard","meta":{"_yoast_wpseo_focuskw":"o que significa andar r\u00e1pido","_yoast_wpseo_title":"","_yoast_wpseo_metadesc":"Andar r\u00e1pido pode revelar tra\u00e7os da personalidade. Descubra o que a psicologia diz sobre esse comportamento e sua rela\u00e7\u00e3o com emo\u00e7\u00f5es.","jnews-multi-image_gallery":[],"jnews_single_post":{"format":"standard"},"jnews_primary_category":[],"jnews_social_meta":[],"jnews_override_counter":[],"footnotes":""},"categories":[112],"post_tag":[],"class_list":["post-233447","post","type-post","status-publish","format-standard","has-post-thumbnail","hentry","category-curiosidades"],"yoast_head":"<!-- This site is optimized with the Yoast SEO plugin v24.6 - https:\/\/yoast.com\/wordpress\/plugins\/seo\/ -->\n<title>Voc\u00ea anda r\u00e1pido? Uma psic\u00f3loga explica o que isso diz sobre a sua personalidade - Correio Braziliense - Radar<\/title>\n<meta name=\"description\" content=\"Andar r\u00e1pido pode revelar tra\u00e7os da personalidade. Descubra o que a psicologia diz sobre esse comportamento e sua rela\u00e7\u00e3o com emo\u00e7\u00f5es.\" \/>\n<meta name=\"robots\" content=\"index, follow, max-snippet:-1, max-image-preview:large, max-video-preview:-1\" \/>\n<link rel=\"canonical\" href=\"https:\/\/www.correiobraziliense.com.br\/cbradar\/voce-anda-rapido-uma-psicologa-explica-o-que-isso-diz-sobre-a-sua-personalidade\/\" \/>\n<meta property=\"og:locale\" content=\"pt_BR\" \/>\n<meta property=\"og:type\" content=\"article\" \/>\n<meta property=\"og:title\" content=\"Voc\u00ea anda r\u00e1pido? Uma psic\u00f3loga explica o que isso diz sobre a sua personalidade - Correio Braziliense - Radar\" \/>\n<meta property=\"og:description\" content=\"Andar r\u00e1pido pode revelar tra\u00e7os da personalidade. Descubra o que a psicologia diz sobre esse comportamento e sua rela\u00e7\u00e3o com emo\u00e7\u00f5es.\" \/>\n<meta property=\"og:url\" content=\"https:\/\/www.correiobraziliense.com.br\/cbradar\/voce-anda-rapido-uma-psicologa-explica-o-que-isso-diz-sobre-a-sua-personalidade\/\" \/>\n<meta property=\"og:site_name\" content=\"Correio Braziliense - Radar\" \/>\n<meta property=\"article:published_time\" content=\"2026-04-28T22:25:00+00:00\" \/>\n<meta property=\"og:image\" content=\"https:\/\/www.correiobraziliense.com.br\/cbradar\/wp-content\/uploads\/2026\/04\/X-2026-04-28T084331.744.jpg\" \/>\n\t<meta property=\"og:image:width\" content=\"2560\" \/>\n\t<meta property=\"og:image:height\" content=\"1440\" \/>\n\t<meta property=\"og:image:type\" content=\"image\/jpeg\" \/>\n<meta name=\"author\" content=\"Elis Souza\" \/>\n<meta name=\"twitter:card\" content=\"summary_large_image\" \/>\n<meta name=\"twitter:label1\" content=\"Escrito por\" \/>\n\t<meta name=\"twitter:data1\" content=\"Elis Souza\" \/>\n\t<meta name=\"twitter:label2\" content=\"Est. tempo de leitura\" \/>\n\t<meta name=\"twitter:data2\" content=\"3 minutos\" \/>\n<!-- \/ Yoast SEO plugin. -->","yoast_head_json":{"title":"Voc\u00ea anda r\u00e1pido? Uma psic\u00f3loga explica o que isso diz sobre a sua personalidade - Correio Braziliense - Radar","description":"Andar r\u00e1pido pode revelar tra\u00e7os da personalidade. Descubra o que a psicologia diz sobre esse comportamento e sua rela\u00e7\u00e3o com emo\u00e7\u00f5es.","robots":{"index":"index","follow":"follow","max-snippet":"max-snippet:-1","max-image-preview":"max-image-preview:large","max-video-preview":"max-video-preview:-1"},"canonical":"https:\/\/www.correiobraziliense.com.br\/cbradar\/voce-anda-rapido-uma-psicologa-explica-o-que-isso-diz-sobre-a-sua-personalidade\/","og_locale":"pt_BR","og_type":"article","og_title":"Voc\u00ea anda r\u00e1pido? Uma psic\u00f3loga explica o que isso diz sobre a sua personalidade - Correio Braziliense - Radar","og_description":"Andar r\u00e1pido pode revelar tra\u00e7os da personalidade. Descubra o que a psicologia diz sobre esse comportamento e sua rela\u00e7\u00e3o com emo\u00e7\u00f5es.","og_url":"https:\/\/www.correiobraziliense.com.br\/cbradar\/voce-anda-rapido-uma-psicologa-explica-o-que-isso-diz-sobre-a-sua-personalidade\/","og_site_name":"Correio Braziliense - Radar","article_published_time":"2026-04-28T22:25:00+00:00","og_image":[{"width":2560,"height":1440,"url":"https:\/\/www.correiobraziliense.com.br\/cbradar\/wp-content\/uploads\/2026\/04\/X-2026-04-28T084331.744.jpg","type":"image\/jpeg"}],"author":"Elis Souza","twitter_card":"summary_large_image","twitter_misc":{"Escrito por":"Elis Souza","Est. tempo de leitura":"3 minutos"},"schema":{"@context":"https:\/\/schema.org","@graph":[{"@type":"WebPage","@id":"https:\/\/www.correiobraziliense.com.br\/cbradar\/voce-anda-rapido-uma-psicologa-explica-o-que-isso-diz-sobre-a-sua-personalidade\/","url":"https:\/\/www.correiobraziliense.com.br\/cbradar\/voce-anda-rapido-uma-psicologa-explica-o-que-isso-diz-sobre-a-sua-personalidade\/","name":"Voc\u00ea anda r\u00e1pido? Uma psic\u00f3loga explica o que isso diz sobre a sua personalidade - Correio Braziliense - Radar","isPartOf":{"@id":"https:\/\/www.correiobraziliense.com.br\/cbradar\/#website"},"primaryImageOfPage":{"@id":"https:\/\/www.correiobraziliense.com.br\/cbradar\/voce-anda-rapido-uma-psicologa-explica-o-que-isso-diz-sobre-a-sua-personalidade\/#primaryimage"},"image":{"@id":"https:\/\/www.correiobraziliense.com.br\/cbradar\/voce-anda-rapido-uma-psicologa-explica-o-que-isso-diz-sobre-a-sua-personalidade\/#primaryimage"},"thumbnailUrl":"https:\/\/www.correiobraziliense.com.br\/cbradar\/wp-content\/uploads\/2026\/04\/X-2026-04-28T084331.744.jpg","datePublished":"2026-04-28T22:25:00+00:00","author":{"@id":"https:\/\/www.correiobraziliense.com.br\/cbradar\/#\/schema\/person\/acff6ab5a6472cd6db16190f7212d166"},"description":"Andar r\u00e1pido pode revelar tra\u00e7os da personalidade. Descubra o que a psicologia diz sobre esse comportamento e sua rela\u00e7\u00e3o com emo\u00e7\u00f5es.","breadcrumb":{"@id":"https:\/\/www.correiobraziliense.com.br\/cbradar\/voce-anda-rapido-uma-psicologa-explica-o-que-isso-diz-sobre-a-sua-personalidade\/#breadcrumb"},"inLanguage":"pt-BR","potentialAction":[{"@type":"ReadAction","target":["https:\/\/www.correiobraziliense.com.br\/cbradar\/voce-anda-rapido-uma-psicologa-explica-o-que-isso-diz-sobre-a-sua-personalidade\/"]}]},{"@type":"ImageObject","inLanguage":"pt-BR","@id":"https:\/\/www.correiobraziliense.com.br\/cbradar\/voce-anda-rapido-uma-psicologa-explica-o-que-isso-diz-sobre-a-sua-personalidade\/#primaryimage","url":"https:\/\/www.correiobraziliense.com.br\/cbradar\/wp-content\/uploads\/2026\/04\/X-2026-04-28T084331.744.jpg","contentUrl":"https:\/\/www.correiobraziliense.com.br\/cbradar\/wp-content\/uploads\/2026\/04\/X-2026-04-28T084331.744.jpg","width":2560,"height":1440,"caption":"A psicologia analisa a linguagem corporal"},{"@type":"BreadcrumbList","@id":"https:\/\/www.correiobraziliense.com.br\/cbradar\/voce-anda-rapido-uma-psicologa-explica-o-que-isso-diz-sobre-a-sua-personalidade\/#breadcrumb","itemListElement":[{"@type":"ListItem","position":1,"name":"In\u00edcio","item":"https:\/\/www.correiobraziliense.com.br\/cbradar\/"},{"@type":"ListItem","position":2,"name":"Voc\u00ea anda r\u00e1pido? Uma psic\u00f3loga explica o que isso diz sobre a sua personalidade"}]},{"@type":"WebSite","@id":"https:\/\/www.correiobraziliense.com.br\/cbradar\/#website","url":"https:\/\/www.correiobraziliense.com.br\/cbradar\/","name":"Correio Braziliense - Radar","description":"Acompanhe as \u00faltimas not\u00edcias e fique bem informado sobre tudo o que acontece no Brasil e no mundo.","potentialAction":[{"@type":"SearchAction","target":{"@type":"EntryPoint","urlTemplate":"https:\/\/www.correiobraziliense.com.br\/cbradar\/?s={search_term_string}"},"query-input":{"@type":"PropertyValueSpecification","valueRequired":true,"valueName":"search_term_string"}}],"inLanguage":"pt-BR"},{"@type":"Person","@id":"https:\/\/www.correiobraziliense.com.br\/cbradar\/#\/schema\/person\/acff6ab5a6472cd6db16190f7212d166","name":"Elis Souza","image":{"@type":"ImageObject","inLanguage":"pt-BR","@id":"https:\/\/www.correiobraziliense.com.br\/cbradar\/#\/schema\/person\/image\/","url":"https:\/\/secure.gravatar.com\/avatar\/1dc86c254cebb74d9c8a14da612c52db?s=96&d=mm&r=g","contentUrl":"https:\/\/secure.gravatar.com\/avatar\/1dc86c254cebb74d9c8a14da612c52db?s=96&d=mm&r=g","caption":"Elis Souza"},"sameAs":["https:\/\/www.correiobraziliense.com.br\/cbradar\/"],"url":"https:\/\/www.correiobraziliense.com.br\/cbradar\/author\/elis-souza\/"}]}},"_links":{"self":[{"href":"https:\/\/www.correiobraziliense.com.br\/cbradar\/wp-json\/wp\/v2\/posts\/233447","targetHints":{"allow":["GET"]}}],"collection":[{"href":"https:\/\/www.correiobraziliense.com.br\/cbradar\/wp-json\/wp\/v2\/posts"}],"about":[{"href":"https:\/\/www.correiobraziliense.com.br\/cbradar\/wp-json\/wp\/v2\/types\/post"}],"author":[{"embeddable":true,"href":"https:\/\/www.correiobraziliense.com.br\/cbradar\/wp-json\/wp\/v2\/users\/22"}],"replies":[{"embeddable":true,"href":"https:\/\/www.correiobraziliense.com.br\/cbradar\/wp-json\/wp\/v2\/comments?post=233447"}],"version-history":[{"count":1,"href":"https:\/\/www.correiobraziliense.com.br\/cbradar\/wp-json\/wp\/v2\/posts\/233447\/revisions"}],"predecessor-version":[{"id":233457,"href":"https:\/\/www.correiobraziliense.com.br\/cbradar\/wp-json\/wp\/v2\/posts\/233447\/revisions\/233457"}],"wp:featuredmedia":[{"embeddable":true,"href":"https:\/\/www.correiobraziliense.com.br\/cbradar\/wp-json\/wp\/v2\/media\/233453"}],"wp:attachment":[{"href":"https:\/\/www.correiobraziliense.com.br\/cbradar\/wp-json\/wp\/v2\/media?parent=233447"}],"wp:term":[{"taxonomy":"category","embeddable":true,"href":"https:\/\/www.correiobraziliense.com.br\/cbradar\/wp-json\/wp\/v2\/categories?post=233447"},{"taxonomy":"post_tag","embeddable":true,"href":"https:\/\/www.correiobraziliense.com.br\/cbradar\/wp-json\/wp\/v2\/post_tag?post=233447"}],"curies":[{"name":"wp","href":"https:\/\/api.w.org\/{rel}","templated":true}]}}