{"id":233460,"date":"2026-04-28T20:25:00","date_gmt":"2026-04-28T23:25:00","guid":{"rendered":"https:\/\/www.correiobraziliense.com.br\/cbradar\/?p=233460"},"modified":"2026-04-28T09:09:00","modified_gmt":"2026-04-28T12:09:00","slug":"segundo-a-psicologia-aqueles-que-cresceram-nas-decadas-de-60-e-70-desenvolveram-capacidades-mentais-que-estao-se-perdendo-com-a-tecnologia-atual","status":"publish","type":"post","link":"https:\/\/www.correiobraziliense.com.br\/cbradar\/segundo-a-psicologia-aqueles-que-cresceram-nas-decadas-de-60-e-70-desenvolveram-capacidades-mentais-que-estao-se-perdendo-com-a-tecnologia-atual\/","title":{"rendered":"Segundo a psicologia, aqueles que cresceram nas d\u00e9cadas de 60 e 70 desenvolveram capacidades mentais que est\u00e3o se perdendo com a tecnologia atual"},"content":{"rendered":"\n<p>A psicologia revela que quem viveu na <strong>d\u00e9cada de 60 e 70<\/strong> desenvolveu <strong>capacidades mentais \u00fanicas<\/strong>, hoje impactadas pela tecnologia. Estudos sobre comportamento, cogni\u00e7\u00e3o e mem\u00f3ria indicam que o ambiente anal\u00f3gico estimulava habilidades diferentes das atuais. Entender essa transforma\u00e7\u00e3o ajuda a refletir sobre aten\u00e7\u00e3o, racioc\u00ednio e sa\u00fade mental no cotidiano moderno.<\/p>\n\n\n\n<h2 class=\"wp-block-heading\">Por que a psicologia valoriza a d\u00e9cada de 60 e 70?<\/h2>\n\n\n\n<p>A psicologia analisa como o contexto hist\u00f3rico influencia o desenvolvimento cognitivo e emocional. Na <strong><a href=\"https:\/\/pt.wikipedia.org\/wiki\/D%C3%A9cada_de_1960\" target=\"_blank\" rel=\"noreferrer noopener\">d\u00e9cada de 60<\/a><\/strong> e <strong>70<\/strong>, a aus\u00eancia de excesso de tecnologia favorecia processos como <strong>concentra\u00e7\u00e3o<\/strong>, <strong>observa\u00e7\u00e3o <\/strong>e <strong>mem\u00f3ria <\/strong>de longo prazo. O c\u00e9rebro era constantemente estimulado por intera\u00e7\u00f5es sociais diretas e desafios cotidianos.<\/p>\n\n\n\n<p>Essas experi\u00eancias fortaleciam as <strong>capacidades mentais<\/strong> ligadas ao pensamento cr\u00edtico e \u00e0 resolu\u00e7\u00e3o de problemas. A aprendizagem acontecia de forma mais ativa, envolvendo percep\u00e7\u00e3o, aten\u00e7\u00e3o e racioc\u00ednio l\u00f3gico. Isso contribuiu para um perfil psicol\u00f3gico mais resiliente e adapt\u00e1vel.<\/p>\n\n\n\n<h2 class=\"wp-block-heading\">Quais capacidades mentais foram mais desenvolvidas nesse per\u00edodo?<\/h2>\n\n\n\n<p>As capacidades mentais desenvolvidas na d\u00e9cada de 60 e 70 s\u00e3o frequentemente destacadas pela psicologia como essenciais para o <strong>equil\u00edbrio cognitivo<\/strong>. Sem a interfer\u00eancia constante da tecnologia, o c\u00e9rebro trabalhava de maneira mais profunda e menos fragmentada.<\/p>\n\n\n\n<p>Entre as principais habilidades, podemos destacar aquelas que envolvem <strong>mem\u00f3ria<\/strong>, <strong>foco <\/strong>e <strong><a href=\"https:\/\/www.correiobraziliense.com.br\/cbradar\/criancas-mais-criativas-tendem-a-nascer-nestes-3-meses-do-ano-segundo-pesquisadores\/\" target=\"_blank\" rel=\"noreferrer noopener\">criatividade<\/a><\/strong>. Essas compet\u00eancias eram estimuladas naturalmente pelas rotinas da \u00e9poca, o que hoje se tornou um desafio devido \u00e0 hiperestimula\u00e7\u00e3o digital.<\/p>\n\n\n\n<p>Algumas dessas capacidades incluem:<\/p>\n\n\n\n<ul class=\"wp-block-list\">\n<li>Mem\u00f3ria ativa mais eficiente sem depend\u00eancia digital<\/li>\n\n\n\n<li>Concentra\u00e7\u00e3o prolongada em tarefas complexas<\/li>\n\n\n\n<li>Pensamento cr\u00edtico mais desenvolvido<\/li>\n\n\n\n<li>Imagina\u00e7\u00e3o criativa sem est\u00edmulos tecnol\u00f3gicos constantes<\/li>\n<\/ul>\n\n\n\n<h2 class=\"wp-block-heading\">Como a tecnologia impacta o funcionamento psicol\u00f3gico atual?<\/h2>\n\n\n\n<p>A tecnologia trouxe <strong>avan\u00e7os importantes<\/strong>, mas tamb\u00e9m alterou padr\u00f5es analisados pela psicologia. Hoje, as capacidades mentais est\u00e3o mais voltadas para respostas r\u00e1pidas, multitarefa e est\u00edmulos instant\u00e2neos, reduzindo a <strong>profundidade cognitiva<\/strong>.<\/p>\n\n\n\n<p>Comparando com a d\u00e9cada de 60 e 70, observa-se uma mudan\u00e7a no <strong>processamento mental<\/strong>. O excesso de informa\u00e7\u00f5es pode afetar a mem\u00f3ria, a aten\u00e7\u00e3o e at\u00e9 o equil\u00edbrio emocional, exigindo maior autocontrole e consci\u00eancia psicol\u00f3gica.<\/p>\n\n\n\n<figure class=\"wp-block-image size-large\"><img decoding=\"async\" width=\"1280\" height=\"720\" src=\"https:\/\/www.correiobraziliense.com.br\/cbradar\/wp-content\/uploads\/2026\/04\/X-2026-04-28T085939.817-1280x720.jpg\" alt=\"Segundo a psicologia, aqueles que cresceram nas d\u00e9cadas de 60 e 70 desenvolveram capacidades mentais que est\u00e3o se perdendo com a tecnologia atual\" class=\"wp-image-233473\" srcset=\"https:\/\/www.correiobraziliense.com.br\/cbradar\/wp-content\/uploads\/2026\/04\/X-2026-04-28T085939.817-1280x720.jpg 1280w, https:\/\/www.correiobraziliense.com.br\/cbradar\/wp-content\/uploads\/2026\/04\/X-2026-04-28T085939.817-300x169.jpg 300w, https:\/\/www.correiobraziliense.com.br\/cbradar\/wp-content\/uploads\/2026\/04\/X-2026-04-28T085939.817-768x432.jpg 768w, https:\/\/www.correiobraziliense.com.br\/cbradar\/wp-content\/uploads\/2026\/04\/X-2026-04-28T085939.817-1536x864.jpg 1536w, https:\/\/www.correiobraziliense.com.br\/cbradar\/wp-content\/uploads\/2026\/04\/X-2026-04-28T085939.817-2048x1152.jpg 2048w, https:\/\/www.correiobraziliense.com.br\/cbradar\/wp-content\/uploads\/2026\/04\/X-2026-04-28T085939.817-750x422.jpg 750w, https:\/\/www.correiobraziliense.com.br\/cbradar\/wp-content\/uploads\/2026\/04\/X-2026-04-28T085939.817-1140x641.jpg 1140w\" sizes=\"(max-width: 1280px) 100vw, 1280px\" \/><figcaption class=\"wp-element-caption\">A leitura profunda melhora o racioc\u00ednio<\/figcaption><\/figure>\n\n\n\n<h2 class=\"wp-block-heading\">\u00c9 poss\u00edvel recuperar capacidades mentais perdidas?<\/h2>\n\n\n\n<p>Segundo a psicologia, \u00e9 totalmente poss\u00edvel estimular novamente as capacidades mentais afetadas pela tecnologia. Mesmo n\u00e3o vivendo na d\u00e9cada de 60 e 70, pr\u00e1ticas simples podem ajudar a <strong>reativar fun\u00e7\u00f5es <\/strong>cognitivas importantes.<\/p>\n\n\n\n<p>O c\u00e9rebro possui neuroplasticidade, ou seja, <strong>capacidade de adapta\u00e7\u00e3o<\/strong>. Com est\u00edmulos adequados, \u00e9 poss\u00edvel melhorar aten\u00e7\u00e3o, mem\u00f3ria e racioc\u00ednio, reduzindo os impactos negativos do uso excessivo de dispositivos digitais.<\/p>\n\n\n\n<p>Algumas estrat\u00e9gias eficazes incluem:<\/p>\n\n\n\n<ul class=\"wp-block-list\">\n<li>Reduzir o tempo de tela diariamente<\/li>\n\n\n\n<li>Praticar leitura profunda sem interrup\u00e7\u00f5es<\/li>\n\n\n\n<li>Estimular atividades criativas, como escrita ou desenho<\/li>\n\n\n\n<li>Investir em intera\u00e7\u00f5es sociais presenciais<\/li>\n<\/ul>\n\n\n\n<h2 class=\"wp-block-heading\">O que a psicologia ensina sobre equil\u00edbrio entre passado e tecnologia?<\/h2>\n\n\n\n<p>A psicologia n\u00e3o prop\u00f5e abandonar a tecnologia, mas sim equilibrar seu uso com h\u00e1bitos que fortale\u00e7am as capacidades mentais. O estilo de vida da d\u00e9cada de 60 e 70 serve como refer\u00eancia para pr\u00e1ticas mais <strong>saud\u00e1veis <\/strong>e <strong>conscientes<\/strong>.<\/p>\n\n\n\n<p>Ao integrar o melhor dos dois mundos, \u00e9 poss\u00edvel preservar fun\u00e7\u00f5es cognitivas essenciais, melhorar o bem-estar emocional e manter um desempenho mental equilibrado. Esse equil\u00edbrio \u00e9 fundamental para uma vida mais <strong>produtiva <\/strong>e <strong>mentalmente saud\u00e1vel<\/strong>.<\/p>\n\n\n\n<p><\/p>\n","protected":false},"excerpt":{"rendered":"<p>A psicologia revela que quem viveu na d\u00e9cada de 60 e 70 desenvolveu capacidades mentais \u00fanicas, hoje impactadas pela tecnologia. Estudos sobre comportamento, cogni\u00e7\u00e3o e mem\u00f3ria indicam que o ambiente anal\u00f3gico estimulava habilidades diferentes das atuais. Entender essa transforma\u00e7\u00e3o ajuda a refletir sobre aten\u00e7\u00e3o, racioc\u00ednio e sa\u00fade mental no cotidiano moderno. Por que a psicologia [&hellip;]<\/p>\n","protected":false},"author":22,"featured_media":233472,"comment_status":"open","ping_status":"open","sticky":false,"template":"","format":"standard","meta":{"_yoast_wpseo_focuskw":"quem viveu nos anos 60 e 70","_yoast_wpseo_title":"","_yoast_wpseo_metadesc":"Psicologia explica como quem viveu nos anos 60 e 70 desenvolveu capacidades mentais afetadas pela tecnologia e como recuperar o equil\u00edbrio.","jnews-multi-image_gallery":[],"jnews_single_post":{"format":"standard"},"jnews_primary_category":[],"jnews_social_meta":[],"jnews_override_counter":[],"footnotes":""},"categories":[112],"post_tag":[],"class_list":["post-233460","post","type-post","status-publish","format-standard","has-post-thumbnail","hentry","category-curiosidades"],"yoast_head":"<!-- This site is optimized with the Yoast SEO plugin v24.6 - https:\/\/yoast.com\/wordpress\/plugins\/seo\/ -->\n<title>Segundo a psicologia, aqueles que cresceram nas d\u00e9cadas de 60 e 70 desenvolveram capacidades mentais que est\u00e3o se perdendo com a tecnologia atual - Correio Braziliense - Radar<\/title>\n<meta name=\"description\" content=\"Psicologia explica como quem viveu nos anos 60 e 70 desenvolveu capacidades mentais afetadas pela tecnologia e como recuperar o equil\u00edbrio.\" \/>\n<meta name=\"robots\" content=\"index, follow, max-snippet:-1, max-image-preview:large, max-video-preview:-1\" \/>\n<link rel=\"canonical\" href=\"https:\/\/www.correiobraziliense.com.br\/cbradar\/segundo-a-psicologia-aqueles-que-cresceram-nas-decadas-de-60-e-70-desenvolveram-capacidades-mentais-que-estao-se-perdendo-com-a-tecnologia-atual\/\" \/>\n<meta property=\"og:locale\" content=\"pt_BR\" \/>\n<meta property=\"og:type\" content=\"article\" \/>\n<meta property=\"og:title\" content=\"Segundo a psicologia, aqueles que cresceram nas d\u00e9cadas de 60 e 70 desenvolveram capacidades mentais que est\u00e3o se perdendo com a tecnologia atual - Correio Braziliense - Radar\" \/>\n<meta property=\"og:description\" content=\"Psicologia explica como quem viveu nos anos 60 e 70 desenvolveu capacidades mentais afetadas pela tecnologia e como recuperar o equil\u00edbrio.\" \/>\n<meta property=\"og:url\" content=\"https:\/\/www.correiobraziliense.com.br\/cbradar\/segundo-a-psicologia-aqueles-que-cresceram-nas-decadas-de-60-e-70-desenvolveram-capacidades-mentais-que-estao-se-perdendo-com-a-tecnologia-atual\/\" \/>\n<meta property=\"og:site_name\" content=\"Correio Braziliense - Radar\" \/>\n<meta property=\"article:published_time\" content=\"2026-04-28T23:25:00+00:00\" \/>\n<meta property=\"og:image\" content=\"https:\/\/www.correiobraziliense.com.br\/cbradar\/wp-content\/uploads\/2026\/04\/X-2026-04-28T090318.330.jpg\" \/>\n\t<meta property=\"og:image:width\" content=\"2560\" \/>\n\t<meta property=\"og:image:height\" content=\"1440\" \/>\n\t<meta property=\"og:image:type\" content=\"image\/jpeg\" \/>\n<meta name=\"author\" content=\"Elis Souza\" \/>\n<meta name=\"twitter:card\" content=\"summary_large_image\" \/>\n<meta name=\"twitter:label1\" content=\"Escrito por\" \/>\n\t<meta name=\"twitter:data1\" content=\"Elis Souza\" \/>\n\t<meta name=\"twitter:label2\" content=\"Est. tempo de leitura\" \/>\n\t<meta name=\"twitter:data2\" content=\"4 minutos\" \/>\n<!-- \/ Yoast SEO plugin. -->","yoast_head_json":{"title":"Segundo a psicologia, aqueles que cresceram nas d\u00e9cadas de 60 e 70 desenvolveram capacidades mentais que est\u00e3o se perdendo com a tecnologia atual - Correio Braziliense - Radar","description":"Psicologia explica como quem viveu nos anos 60 e 70 desenvolveu capacidades mentais afetadas pela tecnologia e como recuperar o equil\u00edbrio.","robots":{"index":"index","follow":"follow","max-snippet":"max-snippet:-1","max-image-preview":"max-image-preview:large","max-video-preview":"max-video-preview:-1"},"canonical":"https:\/\/www.correiobraziliense.com.br\/cbradar\/segundo-a-psicologia-aqueles-que-cresceram-nas-decadas-de-60-e-70-desenvolveram-capacidades-mentais-que-estao-se-perdendo-com-a-tecnologia-atual\/","og_locale":"pt_BR","og_type":"article","og_title":"Segundo a psicologia, aqueles que cresceram nas d\u00e9cadas de 60 e 70 desenvolveram capacidades mentais que est\u00e3o se perdendo com a tecnologia atual - Correio Braziliense - Radar","og_description":"Psicologia explica como quem viveu nos anos 60 e 70 desenvolveu capacidades mentais afetadas pela tecnologia e como recuperar o equil\u00edbrio.","og_url":"https:\/\/www.correiobraziliense.com.br\/cbradar\/segundo-a-psicologia-aqueles-que-cresceram-nas-decadas-de-60-e-70-desenvolveram-capacidades-mentais-que-estao-se-perdendo-com-a-tecnologia-atual\/","og_site_name":"Correio Braziliense - Radar","article_published_time":"2026-04-28T23:25:00+00:00","og_image":[{"width":2560,"height":1440,"url":"https:\/\/www.correiobraziliense.com.br\/cbradar\/wp-content\/uploads\/2026\/04\/X-2026-04-28T090318.330.jpg","type":"image\/jpeg"}],"author":"Elis Souza","twitter_card":"summary_large_image","twitter_misc":{"Escrito por":"Elis Souza","Est. tempo de leitura":"4 minutos"},"schema":{"@context":"https:\/\/schema.org","@graph":[{"@type":"WebPage","@id":"https:\/\/www.correiobraziliense.com.br\/cbradar\/segundo-a-psicologia-aqueles-que-cresceram-nas-decadas-de-60-e-70-desenvolveram-capacidades-mentais-que-estao-se-perdendo-com-a-tecnologia-atual\/","url":"https:\/\/www.correiobraziliense.com.br\/cbradar\/segundo-a-psicologia-aqueles-que-cresceram-nas-decadas-de-60-e-70-desenvolveram-capacidades-mentais-que-estao-se-perdendo-com-a-tecnologia-atual\/","name":"Segundo a psicologia, aqueles que cresceram nas d\u00e9cadas de 60 e 70 desenvolveram capacidades mentais que est\u00e3o se perdendo com a tecnologia atual - Correio Braziliense - Radar","isPartOf":{"@id":"https:\/\/www.correiobraziliense.com.br\/cbradar\/#website"},"primaryImageOfPage":{"@id":"https:\/\/www.correiobraziliense.com.br\/cbradar\/segundo-a-psicologia-aqueles-que-cresceram-nas-decadas-de-60-e-70-desenvolveram-capacidades-mentais-que-estao-se-perdendo-com-a-tecnologia-atual\/#primaryimage"},"image":{"@id":"https:\/\/www.correiobraziliense.com.br\/cbradar\/segundo-a-psicologia-aqueles-que-cresceram-nas-decadas-de-60-e-70-desenvolveram-capacidades-mentais-que-estao-se-perdendo-com-a-tecnologia-atual\/#primaryimage"},"thumbnailUrl":"https:\/\/www.correiobraziliense.com.br\/cbradar\/wp-content\/uploads\/2026\/04\/X-2026-04-28T090318.330.jpg","datePublished":"2026-04-28T23:25:00+00:00","author":{"@id":"https:\/\/www.correiobraziliense.com.br\/cbradar\/#\/schema\/person\/acff6ab5a6472cd6db16190f7212d166"},"description":"Psicologia explica como quem viveu nos anos 60 e 70 desenvolveu capacidades mentais afetadas pela tecnologia e como recuperar o equil\u00edbrio.","breadcrumb":{"@id":"https:\/\/www.correiobraziliense.com.br\/cbradar\/segundo-a-psicologia-aqueles-que-cresceram-nas-decadas-de-60-e-70-desenvolveram-capacidades-mentais-que-estao-se-perdendo-com-a-tecnologia-atual\/#breadcrumb"},"inLanguage":"pt-BR","potentialAction":[{"@type":"ReadAction","target":["https:\/\/www.correiobraziliense.com.br\/cbradar\/segundo-a-psicologia-aqueles-que-cresceram-nas-decadas-de-60-e-70-desenvolveram-capacidades-mentais-que-estao-se-perdendo-com-a-tecnologia-atual\/"]}]},{"@type":"ImageObject","inLanguage":"pt-BR","@id":"https:\/\/www.correiobraziliense.com.br\/cbradar\/segundo-a-psicologia-aqueles-que-cresceram-nas-decadas-de-60-e-70-desenvolveram-capacidades-mentais-que-estao-se-perdendo-com-a-tecnologia-atual\/#primaryimage","url":"https:\/\/www.correiobraziliense.com.br\/cbradar\/wp-content\/uploads\/2026\/04\/X-2026-04-28T090318.330.jpg","contentUrl":"https:\/\/www.correiobraziliense.com.br\/cbradar\/wp-content\/uploads\/2026\/04\/X-2026-04-28T090318.330.jpg","width":2560,"height":1440,"caption":"A mem\u00f3ria ativa era menos dependente de dispositivos"},{"@type":"BreadcrumbList","@id":"https:\/\/www.correiobraziliense.com.br\/cbradar\/segundo-a-psicologia-aqueles-que-cresceram-nas-decadas-de-60-e-70-desenvolveram-capacidades-mentais-que-estao-se-perdendo-com-a-tecnologia-atual\/#breadcrumb","itemListElement":[{"@type":"ListItem","position":1,"name":"In\u00edcio","item":"https:\/\/www.correiobraziliense.com.br\/cbradar\/"},{"@type":"ListItem","position":2,"name":"Segundo a psicologia, aqueles que cresceram nas d\u00e9cadas de 60 e 70 desenvolveram capacidades mentais que est\u00e3o se perdendo com a tecnologia atual"}]},{"@type":"WebSite","@id":"https:\/\/www.correiobraziliense.com.br\/cbradar\/#website","url":"https:\/\/www.correiobraziliense.com.br\/cbradar\/","name":"Correio Braziliense - Radar","description":"Acompanhe as \u00faltimas not\u00edcias e fique bem informado sobre tudo o que acontece no Brasil e no mundo.","potentialAction":[{"@type":"SearchAction","target":{"@type":"EntryPoint","urlTemplate":"https:\/\/www.correiobraziliense.com.br\/cbradar\/?s={search_term_string}"},"query-input":{"@type":"PropertyValueSpecification","valueRequired":true,"valueName":"search_term_string"}}],"inLanguage":"pt-BR"},{"@type":"Person","@id":"https:\/\/www.correiobraziliense.com.br\/cbradar\/#\/schema\/person\/acff6ab5a6472cd6db16190f7212d166","name":"Elis Souza","image":{"@type":"ImageObject","inLanguage":"pt-BR","@id":"https:\/\/www.correiobraziliense.com.br\/cbradar\/#\/schema\/person\/image\/","url":"https:\/\/secure.gravatar.com\/avatar\/1dc86c254cebb74d9c8a14da612c52db?s=96&d=mm&r=g","contentUrl":"https:\/\/secure.gravatar.com\/avatar\/1dc86c254cebb74d9c8a14da612c52db?s=96&d=mm&r=g","caption":"Elis Souza"},"sameAs":["https:\/\/www.correiobraziliense.com.br\/cbradar\/"],"url":"https:\/\/www.correiobraziliense.com.br\/cbradar\/author\/elis-souza\/"}]}},"_links":{"self":[{"href":"https:\/\/www.correiobraziliense.com.br\/cbradar\/wp-json\/wp\/v2\/posts\/233460","targetHints":{"allow":["GET"]}}],"collection":[{"href":"https:\/\/www.correiobraziliense.com.br\/cbradar\/wp-json\/wp\/v2\/posts"}],"about":[{"href":"https:\/\/www.correiobraziliense.com.br\/cbradar\/wp-json\/wp\/v2\/types\/post"}],"author":[{"embeddable":true,"href":"https:\/\/www.correiobraziliense.com.br\/cbradar\/wp-json\/wp\/v2\/users\/22"}],"replies":[{"embeddable":true,"href":"https:\/\/www.correiobraziliense.com.br\/cbradar\/wp-json\/wp\/v2\/comments?post=233460"}],"version-history":[{"count":1,"href":"https:\/\/www.correiobraziliense.com.br\/cbradar\/wp-json\/wp\/v2\/posts\/233460\/revisions"}],"predecessor-version":[{"id":233474,"href":"https:\/\/www.correiobraziliense.com.br\/cbradar\/wp-json\/wp\/v2\/posts\/233460\/revisions\/233474"}],"wp:featuredmedia":[{"embeddable":true,"href":"https:\/\/www.correiobraziliense.com.br\/cbradar\/wp-json\/wp\/v2\/media\/233472"}],"wp:attachment":[{"href":"https:\/\/www.correiobraziliense.com.br\/cbradar\/wp-json\/wp\/v2\/media?parent=233460"}],"wp:term":[{"taxonomy":"category","embeddable":true,"href":"https:\/\/www.correiobraziliense.com.br\/cbradar\/wp-json\/wp\/v2\/categories?post=233460"},{"taxonomy":"post_tag","embeddable":true,"href":"https:\/\/www.correiobraziliense.com.br\/cbradar\/wp-json\/wp\/v2\/post_tag?post=233460"}],"curies":[{"name":"wp","href":"https:\/\/api.w.org\/{rel}","templated":true}]}}