{"id":233489,"date":"2026-04-28T21:05:00","date_gmt":"2026-04-29T00:05:00","guid":{"rendered":"https:\/\/www.correiobraziliense.com.br\/cbradar\/?p=233489"},"modified":"2026-04-28T09:36:42","modified_gmt":"2026-04-28T12:36:42","slug":"as-pessoas-que-cresceram-entre-1960-e-1970-desenvolveram-um-tipo-de-resiliencia-que-passa-despercebido-hoje-em-dia-e-o-que-diz-a-psicologia","status":"publish","type":"post","link":"https:\/\/www.correiobraziliense.com.br\/cbradar\/as-pessoas-que-cresceram-entre-1960-e-1970-desenvolveram-um-tipo-de-resiliencia-que-passa-despercebido-hoje-em-dia-e-o-que-diz-a-psicologia\/","title":{"rendered":"As pessoas que cresceram entre 1960 e 1970 desenvolveram um tipo de resili\u00eancia que passa despercebido hoje em dia: \u00e9 o que diz a psicologia"},"content":{"rendered":"\n<p>A psicologia revela que pessoas que viveram a inf\u00e2ncia entre <strong>1960 e 1970 <\/strong>desenvolveram uma <strong>resili\u00eancia \u00fanica<\/strong>, muitas vezes despercebida na sociedade atual. Esse fen\u00f4meno envolve comportamento, adapta\u00e7\u00e3o emocional e sa\u00fade mental, mostrando como experi\u00eancias sociais moldam a mente humana e influenciam a forma de lidar com desafios.<\/p>\n\n\n\n<h2 class=\"wp-block-heading\">Por que a psicologia aponta uma resili\u00eancia maior em quem cresceu entre 1960 e 1970?<\/h2>\n\n\n\n<p>A psicologia explica que o contexto hist\u00f3rico de 1960 e 1970 exigia maior autonomia e enfrentamento de dificuldades. Crian\u00e7as dessa \u00e9poca viviam com menos supervis\u00e3o, o que estimulava o <strong>desenvolvimento emocional<\/strong>, a <strong><a href=\"https:\/\/www.abrapp.org.br\/autorregulacao\/\" target=\"_blank\" rel=\"noreferrer noopener\">autorregula\u00e7\u00e3o <\/a><\/strong>e a <strong>capacidade <\/strong>de resolver problemas.<\/p>\n\n\n\n<p>Essa <strong>resili\u00eancia<\/strong> foi constru\u00edda por meio de experi\u00eancias reais, como lidar com frustra\u00e7\u00f5es e limites. Hoje, esse tra\u00e7o passa muitas vezes <strong>despercebido<\/strong>, pois o ambiente moderno oferece mais prote\u00e7\u00e3o e menos exposi\u00e7\u00e3o a desafios naturais.<\/p>\n\n\n\n<h2 class=\"wp-block-heading\">Quais fatores psicol\u00f3gicos contribu\u00edram para essa resili\u00eancia?<\/h2>\n\n\n\n<p>Na perspectiva da psicologia, alguns fatores comportamentais e emocionais foram determinantes para quem cresceu entre 1960 e 1970. Esses elementos fortaleceram <strong>habilidades cognitivas <\/strong>e <strong>sociais importantes<\/strong>.<\/p>\n\n\n\n<p>Entre os principais fatores que ajudaram a desenvolver essa <strong>resili\u00eancia<\/strong>, destacam-se:<\/p>\n\n\n\n<ul class=\"wp-block-list\">\n<li>Maior independ\u00eancia nas atividades do dia a dia<\/li>\n\n\n\n<li>Exposi\u00e7\u00e3o precoce a responsabilidades<\/li>\n\n\n\n<li>Menor est\u00edmulo ao imediatismo emocional<\/li>\n\n\n\n<li>Aprendizado atrav\u00e9s de erros e consequ\u00eancias<\/li>\n<\/ul>\n\n\n\n<figure class=\"wp-block-image size-large\"><img decoding=\"async\" width=\"1280\" height=\"720\" src=\"https:\/\/www.correiobraziliense.com.br\/cbradar\/wp-content\/uploads\/2026\/04\/X-2026-04-28T093501.689-1280x720.jpg\" alt=\"As pessoas que cresceram entre 1960 e 1970 desenvolveram um tipo de resili\u00eancia que passa despercebido hoje em dia: \u00e9 o que diz a psicologia\" class=\"wp-image-233495\" srcset=\"https:\/\/www.correiobraziliense.com.br\/cbradar\/wp-content\/uploads\/2026\/04\/X-2026-04-28T093501.689-1280x720.jpg 1280w, https:\/\/www.correiobraziliense.com.br\/cbradar\/wp-content\/uploads\/2026\/04\/X-2026-04-28T093501.689-300x169.jpg 300w, https:\/\/www.correiobraziliense.com.br\/cbradar\/wp-content\/uploads\/2026\/04\/X-2026-04-28T093501.689-768x432.jpg 768w, https:\/\/www.correiobraziliense.com.br\/cbradar\/wp-content\/uploads\/2026\/04\/X-2026-04-28T093501.689-1536x864.jpg 1536w, https:\/\/www.correiobraziliense.com.br\/cbradar\/wp-content\/uploads\/2026\/04\/X-2026-04-28T093501.689-2048x1152.jpg 2048w, https:\/\/www.correiobraziliense.com.br\/cbradar\/wp-content\/uploads\/2026\/04\/X-2026-04-28T093501.689-750x422.jpg 750w, https:\/\/www.correiobraziliense.com.br\/cbradar\/wp-content\/uploads\/2026\/04\/X-2026-04-28T093501.689-1140x641.jpg 1140w\" sizes=\"(max-width: 1280px) 100vw, 1280px\" \/><figcaption class=\"wp-element-caption\">O passado molda a forma de lidar com desafios<\/figcaption><\/figure>\n\n\n\n<h2 class=\"wp-block-heading\">Por que essa resili\u00eancia passa despercebida hoje?<\/h2>\n\n\n\n<p>A psicologia sugere que o comportamento resiliente dessas gera\u00e7\u00f5es se tornou despercebido devido \u00e0s <strong>mudan\u00e7as culturais <\/strong>e <strong><a href=\"https:\/\/www.correiobraziliense.com.br\/cbradar\/o-avanco-tecnologico-que-esta-deixando-diagnosticos-mais-rapidos-e-precisos\/\" target=\"_blank\" rel=\"noreferrer noopener\">tecnol\u00f3gicas<\/a><\/strong>. Hoje, a sociedade valoriza mais o conforto, a seguran\u00e7a e o bem-estar imediato.<\/p>\n\n\n\n<p>Al\u00e9m disso, a compara\u00e7\u00e3o com padr\u00f5es atuais faz com que a resili\u00eancia de quem viveu entre 1960 e 1970 seja vista como algo comum, quando na verdade \u00e9 resultado de um processo psicol\u00f3gico profundo de <strong>adapta\u00e7\u00e3o <\/strong>e <strong>resist\u00eancia emocional<\/strong>.<\/p>\n\n\n\n<h2 class=\"wp-block-heading\">Como a psicologia explica as diferen\u00e7as entre gera\u00e7\u00f5es?<\/h2>\n\n\n\n<p>A psicologia analisa que cada gera\u00e7\u00e3o desenvolve <strong>habilidades emocionais <\/strong>conforme o ambiente social. Quem cresceu entre 1960 e 1970 enfrentou desafios que estimularam compet\u00eancias como paci\u00eancia, toler\u00e2ncia \u00e0 frustra\u00e7\u00e3o e controle emocional.<\/p>\n\n\n\n<p>J\u00e1 nas gera\u00e7\u00f5es atuais, outros fatores influenciam o comportamento. Entre eles, podemos destacar:<\/p>\n\n\n\n<ul class=\"wp-block-list\">\n<li>Uso intenso de tecnologia e est\u00edmulos digitais<\/li>\n\n\n\n<li>Maior prote\u00e7\u00e3o familiar e social<\/li>\n\n\n\n<li>Menor exposi\u00e7\u00e3o a riscos cotidianos<\/li>\n\n\n\n<li>Busca constante por valida\u00e7\u00e3o emocional<\/li>\n<\/ul>\n\n\n\n<h2 class=\"wp-block-heading\">O que podemos aprender com essa resili\u00eancia hoje?<\/h2>\n\n\n\n<p>A psicologia mostra que a resili\u00eancia desenvolvida entre 1960 e 1970 pode ser aplicada na vida moderna. Pr\u00e1ticas como desenvolver autonomia, aceitar frustra\u00e7\u00f5es e fortalecer o equil\u00edbrio emocional s\u00e3o essenciais para a <strong>sa\u00fade mental<\/strong>.<\/p>\n\n\n\n<p>Mesmo que esse comportamento pare\u00e7a despercebido, ele representa um modelo importante de adapta\u00e7\u00e3o psicol\u00f3gica. Compreender essas diferen\u00e7as ajuda a promover bem-estar, intelig\u00eancia emocional e uma vis\u00e3o mais equilibrada sobre os <strong>desafios da vida<\/strong>.<\/p>\n","protected":false},"excerpt":{"rendered":"<p>A psicologia revela que pessoas que viveram a inf\u00e2ncia entre 1960 e 1970 desenvolveram uma resili\u00eancia \u00fanica, muitas vezes despercebida na sociedade atual. Esse fen\u00f4meno envolve comportamento, adapta\u00e7\u00e3o emocional e sa\u00fade mental, mostrando como experi\u00eancias sociais moldam a mente humana e influenciam a forma de lidar com desafios. Por que a psicologia aponta uma resili\u00eancia [&hellip;]<\/p>\n","protected":false},"author":22,"featured_media":233497,"comment_status":"open","ping_status":"open","sticky":false,"template":"","format":"standard","meta":{"_yoast_wpseo_focuskw":"quem cresceu entre 1960 e 1970","_yoast_wpseo_title":"","_yoast_wpseo_metadesc":"Psicologia explica como quem cresceu entre 1960 e 1970 desenvolveu resili\u00eancia emocional hoje despercebida e o que aprender com isso.","jnews-multi-image_gallery":[],"jnews_single_post":{"format":"standard"},"jnews_primary_category":[],"jnews_social_meta":[],"jnews_override_counter":[],"footnotes":""},"categories":[112],"post_tag":[],"class_list":["post-233489","post","type-post","status-publish","format-standard","has-post-thumbnail","hentry","category-curiosidades"],"yoast_head":"<!-- This site is optimized with the Yoast SEO plugin v24.6 - https:\/\/yoast.com\/wordpress\/plugins\/seo\/ -->\n<title>As pessoas que cresceram entre 1960 e 1970 desenvolveram um tipo de resili\u00eancia que passa despercebido hoje em dia: \u00e9 o que diz a psicologia - Correio Braziliense - Radar<\/title>\n<meta name=\"description\" content=\"Psicologia explica como quem cresceu entre 1960 e 1970 desenvolveu resili\u00eancia emocional hoje despercebida e o que aprender com isso.\" \/>\n<meta name=\"robots\" content=\"index, follow, max-snippet:-1, max-image-preview:large, max-video-preview:-1\" \/>\n<link rel=\"canonical\" href=\"https:\/\/www.correiobraziliense.com.br\/cbradar\/as-pessoas-que-cresceram-entre-1960-e-1970-desenvolveram-um-tipo-de-resiliencia-que-passa-despercebido-hoje-em-dia-e-o-que-diz-a-psicologia\/\" \/>\n<meta property=\"og:locale\" content=\"pt_BR\" \/>\n<meta property=\"og:type\" content=\"article\" \/>\n<meta property=\"og:title\" content=\"As pessoas que cresceram entre 1960 e 1970 desenvolveram um tipo de resili\u00eancia que passa despercebido hoje em dia: \u00e9 o que diz a psicologia - Correio Braziliense - Radar\" \/>\n<meta property=\"og:description\" content=\"Psicologia explica como quem cresceu entre 1960 e 1970 desenvolveu resili\u00eancia emocional hoje despercebida e o que aprender com isso.\" \/>\n<meta property=\"og:url\" content=\"https:\/\/www.correiobraziliense.com.br\/cbradar\/as-pessoas-que-cresceram-entre-1960-e-1970-desenvolveram-um-tipo-de-resiliencia-que-passa-despercebido-hoje-em-dia-e-o-que-diz-a-psicologia\/\" \/>\n<meta property=\"og:site_name\" content=\"Correio Braziliense - Radar\" \/>\n<meta property=\"article:published_time\" content=\"2026-04-29T00:05:00+00:00\" \/>\n<meta property=\"og:image\" content=\"https:\/\/www.correiobraziliense.com.br\/cbradar\/wp-content\/uploads\/2026\/04\/X-2026-04-28T093444.875.jpg\" \/>\n\t<meta property=\"og:image:width\" content=\"2560\" \/>\n\t<meta property=\"og:image:height\" content=\"1440\" \/>\n\t<meta property=\"og:image:type\" content=\"image\/jpeg\" \/>\n<meta name=\"author\" content=\"Elis Souza\" \/>\n<meta name=\"twitter:card\" content=\"summary_large_image\" \/>\n<meta name=\"twitter:label1\" content=\"Escrito por\" \/>\n\t<meta name=\"twitter:data1\" content=\"Elis Souza\" \/>\n\t<meta name=\"twitter:label2\" content=\"Est. tempo de leitura\" \/>\n\t<meta name=\"twitter:data2\" content=\"3 minutos\" \/>\n<!-- \/ Yoast SEO plugin. -->","yoast_head_json":{"title":"As pessoas que cresceram entre 1960 e 1970 desenvolveram um tipo de resili\u00eancia que passa despercebido hoje em dia: \u00e9 o que diz a psicologia - Correio Braziliense - Radar","description":"Psicologia explica como quem cresceu entre 1960 e 1970 desenvolveu resili\u00eancia emocional hoje despercebida e o que aprender com isso.","robots":{"index":"index","follow":"follow","max-snippet":"max-snippet:-1","max-image-preview":"max-image-preview:large","max-video-preview":"max-video-preview:-1"},"canonical":"https:\/\/www.correiobraziliense.com.br\/cbradar\/as-pessoas-que-cresceram-entre-1960-e-1970-desenvolveram-um-tipo-de-resiliencia-que-passa-despercebido-hoje-em-dia-e-o-que-diz-a-psicologia\/","og_locale":"pt_BR","og_type":"article","og_title":"As pessoas que cresceram entre 1960 e 1970 desenvolveram um tipo de resili\u00eancia que passa despercebido hoje em dia: \u00e9 o que diz a psicologia - Correio Braziliense - Radar","og_description":"Psicologia explica como quem cresceu entre 1960 e 1970 desenvolveu resili\u00eancia emocional hoje despercebida e o que aprender com isso.","og_url":"https:\/\/www.correiobraziliense.com.br\/cbradar\/as-pessoas-que-cresceram-entre-1960-e-1970-desenvolveram-um-tipo-de-resiliencia-que-passa-despercebido-hoje-em-dia-e-o-que-diz-a-psicologia\/","og_site_name":"Correio Braziliense - Radar","article_published_time":"2026-04-29T00:05:00+00:00","og_image":[{"width":2560,"height":1440,"url":"https:\/\/www.correiobraziliense.com.br\/cbradar\/wp-content\/uploads\/2026\/04\/X-2026-04-28T093444.875.jpg","type":"image\/jpeg"}],"author":"Elis Souza","twitter_card":"summary_large_image","twitter_misc":{"Escrito por":"Elis Souza","Est. tempo de leitura":"3 minutos"},"schema":{"@context":"https:\/\/schema.org","@graph":[{"@type":"WebPage","@id":"https:\/\/www.correiobraziliense.com.br\/cbradar\/as-pessoas-que-cresceram-entre-1960-e-1970-desenvolveram-um-tipo-de-resiliencia-que-passa-despercebido-hoje-em-dia-e-o-que-diz-a-psicologia\/","url":"https:\/\/www.correiobraziliense.com.br\/cbradar\/as-pessoas-que-cresceram-entre-1960-e-1970-desenvolveram-um-tipo-de-resiliencia-que-passa-despercebido-hoje-em-dia-e-o-que-diz-a-psicologia\/","name":"As pessoas que cresceram entre 1960 e 1970 desenvolveram um tipo de resili\u00eancia que passa despercebido hoje em dia: \u00e9 o que diz a psicologia - Correio Braziliense - Radar","isPartOf":{"@id":"https:\/\/www.correiobraziliense.com.br\/cbradar\/#website"},"primaryImageOfPage":{"@id":"https:\/\/www.correiobraziliense.com.br\/cbradar\/as-pessoas-que-cresceram-entre-1960-e-1970-desenvolveram-um-tipo-de-resiliencia-que-passa-despercebido-hoje-em-dia-e-o-que-diz-a-psicologia\/#primaryimage"},"image":{"@id":"https:\/\/www.correiobraziliense.com.br\/cbradar\/as-pessoas-que-cresceram-entre-1960-e-1970-desenvolveram-um-tipo-de-resiliencia-que-passa-despercebido-hoje-em-dia-e-o-que-diz-a-psicologia\/#primaryimage"},"thumbnailUrl":"https:\/\/www.correiobraziliense.com.br\/cbradar\/wp-content\/uploads\/2026\/04\/X-2026-04-28T093444.875.jpg","datePublished":"2026-04-29T00:05:00+00:00","author":{"@id":"https:\/\/www.correiobraziliense.com.br\/cbradar\/#\/schema\/person\/acff6ab5a6472cd6db16190f7212d166"},"description":"Psicologia explica como quem cresceu entre 1960 e 1970 desenvolveu resili\u00eancia emocional hoje despercebida e o que aprender com isso.","breadcrumb":{"@id":"https:\/\/www.correiobraziliense.com.br\/cbradar\/as-pessoas-que-cresceram-entre-1960-e-1970-desenvolveram-um-tipo-de-resiliencia-que-passa-despercebido-hoje-em-dia-e-o-que-diz-a-psicologia\/#breadcrumb"},"inLanguage":"pt-BR","potentialAction":[{"@type":"ReadAction","target":["https:\/\/www.correiobraziliense.com.br\/cbradar\/as-pessoas-que-cresceram-entre-1960-e-1970-desenvolveram-um-tipo-de-resiliencia-que-passa-despercebido-hoje-em-dia-e-o-que-diz-a-psicologia\/"]}]},{"@type":"ImageObject","inLanguage":"pt-BR","@id":"https:\/\/www.correiobraziliense.com.br\/cbradar\/as-pessoas-que-cresceram-entre-1960-e-1970-desenvolveram-um-tipo-de-resiliencia-que-passa-despercebido-hoje-em-dia-e-o-que-diz-a-psicologia\/#primaryimage","url":"https:\/\/www.correiobraziliense.com.br\/cbradar\/wp-content\/uploads\/2026\/04\/X-2026-04-28T093444.875.jpg","contentUrl":"https:\/\/www.correiobraziliense.com.br\/cbradar\/wp-content\/uploads\/2026\/04\/X-2026-04-28T093444.875.jpg","width":2560,"height":1440,"caption":"A resili\u00eancia \u00e9 constru\u00edda atrav\u00e9s de experi\u00eancias reais"},{"@type":"BreadcrumbList","@id":"https:\/\/www.correiobraziliense.com.br\/cbradar\/as-pessoas-que-cresceram-entre-1960-e-1970-desenvolveram-um-tipo-de-resiliencia-que-passa-despercebido-hoje-em-dia-e-o-que-diz-a-psicologia\/#breadcrumb","itemListElement":[{"@type":"ListItem","position":1,"name":"In\u00edcio","item":"https:\/\/www.correiobraziliense.com.br\/cbradar\/"},{"@type":"ListItem","position":2,"name":"As pessoas que cresceram entre 1960 e 1970 desenvolveram um tipo de resili\u00eancia que passa despercebido hoje em dia: \u00e9 o que diz a psicologia"}]},{"@type":"WebSite","@id":"https:\/\/www.correiobraziliense.com.br\/cbradar\/#website","url":"https:\/\/www.correiobraziliense.com.br\/cbradar\/","name":"Correio Braziliense - Radar","description":"Acompanhe as \u00faltimas not\u00edcias e fique bem informado sobre tudo o que acontece no Brasil e no mundo.","potentialAction":[{"@type":"SearchAction","target":{"@type":"EntryPoint","urlTemplate":"https:\/\/www.correiobraziliense.com.br\/cbradar\/?s={search_term_string}"},"query-input":{"@type":"PropertyValueSpecification","valueRequired":true,"valueName":"search_term_string"}}],"inLanguage":"pt-BR"},{"@type":"Person","@id":"https:\/\/www.correiobraziliense.com.br\/cbradar\/#\/schema\/person\/acff6ab5a6472cd6db16190f7212d166","name":"Elis Souza","image":{"@type":"ImageObject","inLanguage":"pt-BR","@id":"https:\/\/www.correiobraziliense.com.br\/cbradar\/#\/schema\/person\/image\/","url":"https:\/\/secure.gravatar.com\/avatar\/1dc86c254cebb74d9c8a14da612c52db?s=96&d=mm&r=g","contentUrl":"https:\/\/secure.gravatar.com\/avatar\/1dc86c254cebb74d9c8a14da612c52db?s=96&d=mm&r=g","caption":"Elis Souza"},"sameAs":["https:\/\/www.correiobraziliense.com.br\/cbradar\/"],"url":"https:\/\/www.correiobraziliense.com.br\/cbradar\/author\/elis-souza\/"}]}},"_links":{"self":[{"href":"https:\/\/www.correiobraziliense.com.br\/cbradar\/wp-json\/wp\/v2\/posts\/233489","targetHints":{"allow":["GET"]}}],"collection":[{"href":"https:\/\/www.correiobraziliense.com.br\/cbradar\/wp-json\/wp\/v2\/posts"}],"about":[{"href":"https:\/\/www.correiobraziliense.com.br\/cbradar\/wp-json\/wp\/v2\/types\/post"}],"author":[{"embeddable":true,"href":"https:\/\/www.correiobraziliense.com.br\/cbradar\/wp-json\/wp\/v2\/users\/22"}],"replies":[{"embeddable":true,"href":"https:\/\/www.correiobraziliense.com.br\/cbradar\/wp-json\/wp\/v2\/comments?post=233489"}],"version-history":[{"count":1,"href":"https:\/\/www.correiobraziliense.com.br\/cbradar\/wp-json\/wp\/v2\/posts\/233489\/revisions"}],"predecessor-version":[{"id":233498,"href":"https:\/\/www.correiobraziliense.com.br\/cbradar\/wp-json\/wp\/v2\/posts\/233489\/revisions\/233498"}],"wp:featuredmedia":[{"embeddable":true,"href":"https:\/\/www.correiobraziliense.com.br\/cbradar\/wp-json\/wp\/v2\/media\/233497"}],"wp:attachment":[{"href":"https:\/\/www.correiobraziliense.com.br\/cbradar\/wp-json\/wp\/v2\/media?parent=233489"}],"wp:term":[{"taxonomy":"category","embeddable":true,"href":"https:\/\/www.correiobraziliense.com.br\/cbradar\/wp-json\/wp\/v2\/categories?post=233489"},{"taxonomy":"post_tag","embeddable":true,"href":"https:\/\/www.correiobraziliense.com.br\/cbradar\/wp-json\/wp\/v2\/post_tag?post=233489"}],"curies":[{"name":"wp","href":"https:\/\/api.w.org\/{rel}","templated":true}]}}