{"id":233499,"date":"2026-04-28T21:15:00","date_gmt":"2026-04-29T00:15:00","guid":{"rendered":"https:\/\/www.correiobraziliense.com.br\/cbradar\/?p=233499"},"modified":"2026-04-28T09:50:37","modified_gmt":"2026-04-28T12:50:37","slug":"o-filho-mais-velho-o-do-meio-ou-o-mais-novo-qual-crianca-tem-o-qi-mais-alto","status":"publish","type":"post","link":"https:\/\/www.correiobraziliense.com.br\/cbradar\/o-filho-mais-velho-o-do-meio-ou-o-mais-novo-qual-crianca-tem-o-qi-mais-alto\/","title":{"rendered":"O filho mais velho, o do meio ou o mais novo: qual crian\u00e7a tem o QI mais alto?"},"content":{"rendered":"\n<p><strong>Filho mais velho<\/strong>, <strong>filho do meio<\/strong> ou <strong>filho mais novo<\/strong>, muitos pais se perguntam qual crian\u00e7a tende a desenvolver um <strong>QI alto<\/strong>. Na psicologia do desenvolvimento, fatores como ambiente familiar, est\u00edmulo cognitivo, personalidade e intera\u00e7\u00e3o social influenciam mais do que a ordem de nascimento isoladamente. Ainda assim, estudos ajudam a entender padr\u00f5es comportamentais que despertam curiosidade e geram debates.<\/p>\n\n\n\n<h2 class=\"wp-block-heading\">O filho mais velho realmente tem QI alto?<\/h2>\n\n\n\n<p>Filho mais velho costuma receber aten\u00e7\u00e3o exclusiva nos primeiros anos, o que favorece <strong>est\u00edmulos cognitivos<\/strong>, <strong>linguagem <\/strong>e <strong>aprendizado<\/strong>. Na psicologia, isso pode impactar positivamente o desenvolvimento intelectual, contribuindo para um poss\u00edvel <strong><a href=\"https:\/\/itec.al.gov.br\/sugestao-cultural\/994-o-que-e-qi-como-ele-funciona-e-quem-sao-as-pessoas-mais-inteligentes-do-mundo\" target=\"_blank\" rel=\"noreferrer noopener\">QI alto<\/a><\/strong> em algumas situa\u00e7\u00f5es.<\/p>\n\n\n\n<p>Al\u00e9m disso, o <strong>filho mais velho<\/strong> frequentemente assume <strong>responsabilidades <\/strong>cedo, o que estimula habilidades como disciplina, foco e resolu\u00e7\u00e3o de problemas. Essas caracter\u00edsticas cognitivas e emocionais podem influenciar o desempenho acad\u00eamico e a percep\u00e7\u00e3o de intelig\u00eancia.<\/p>\n\n\n\n<h2 class=\"wp-block-heading\">O filho do meio \u00e9 menos inteligente ou mais adapt\u00e1vel?<\/h2>\n\n\n\n<p><strong>Filho do meio<\/strong> muitas vezes cresce em um ambiente de <strong>compara\u00e7\u00e3o<\/strong>, o que pode impactar sua <strong><a href=\"https:\/\/www.correiobraziliense.com.br\/cbradar\/quatro-pilares-que-ajudam-a-cuidar-da-sua-autoestima-de-verdade\/\" target=\"_blank\" rel=\"noreferrer noopener\">autoestima <\/a><\/strong>e <strong>comportamento<\/strong>. Na psicologia, por\u00e9m, isso n\u00e3o significa menor intelig\u00eancia, mas sim um perfil cognitivo mais adapt\u00e1vel e social.<\/p>\n\n\n\n<p>O filho do meio tende a desenvolver <strong>habilidades interpessoais<\/strong>, <strong>negocia\u00e7\u00e3o <\/strong>e <strong>empatia<\/strong>. Esses aspectos s\u00e3o fundamentais para intelig\u00eancia emocional, que tamb\u00e9m faz parte do conceito amplo de intelig\u00eancia, mesmo que n\u00e3o seja diretamente associado ao QI alto.<\/p>\n\n\n\n<h2 class=\"wp-block-heading\">O filho mais novo tem vantagens cognitivas?<\/h2>\n\n\n\n<p><strong>Filho mais novo<\/strong> geralmente cresce em um ambiente mais <strong>relaxado <\/strong>e com <strong>est\u00edmulos variados<\/strong>, j\u00e1 que observa irm\u00e3os mais velhos. Na psicologia infantil, isso pode favorecer criatividade e pensamento flex\u00edvel, elementos importantes para o desenvolvimento cognitivo.<\/p>\n\n\n\n<p>Al\u00e9m disso, o filho mais novo tende a ser mais <strong>explorador <\/strong>e <strong>comunicativo<\/strong>, o que estimula \u00e1reas do c\u00e9rebro ligadas \u00e0 inova\u00e7\u00e3o. Isso n\u00e3o significa automaticamente um QI alto, mas indica diferentes formas de intelig\u00eancia.<\/p>\n\n\n\n<figure class=\"wp-block-image size-large\"><img decoding=\"async\" width=\"1280\" height=\"720\" src=\"https:\/\/www.correiobraziliense.com.br\/cbradar\/wp-content\/uploads\/2026\/04\/X-2026-04-28T094916.708-1280x720.jpg\" alt=\"O filho mais velho, o do meio ou o mais novo: qual crian\u00e7a tem o QI mais alto?\" class=\"wp-image-233507\" srcset=\"https:\/\/www.correiobraziliense.com.br\/cbradar\/wp-content\/uploads\/2026\/04\/X-2026-04-28T094916.708-1280x720.jpg 1280w, https:\/\/www.correiobraziliense.com.br\/cbradar\/wp-content\/uploads\/2026\/04\/X-2026-04-28T094916.708-300x169.jpg 300w, https:\/\/www.correiobraziliense.com.br\/cbradar\/wp-content\/uploads\/2026\/04\/X-2026-04-28T094916.708-768x432.jpg 768w, https:\/\/www.correiobraziliense.com.br\/cbradar\/wp-content\/uploads\/2026\/04\/X-2026-04-28T094916.708-1536x864.jpg 1536w, https:\/\/www.correiobraziliense.com.br\/cbradar\/wp-content\/uploads\/2026\/04\/X-2026-04-28T094916.708-2048x1152.jpg 2048w, https:\/\/www.correiobraziliense.com.br\/cbradar\/wp-content\/uploads\/2026\/04\/X-2026-04-28T094916.708-750x422.jpg 750w, https:\/\/www.correiobraziliense.com.br\/cbradar\/wp-content\/uploads\/2026\/04\/X-2026-04-28T094916.708-1140x641.jpg 1140w\" sizes=\"(max-width: 1280px) 100vw, 1280px\" \/><figcaption class=\"wp-element-caption\">O QI n\u00e3o depende apenas da posi\u00e7\u00e3o na fam\u00edlia<\/figcaption><\/figure>\n\n\n\n<h2 class=\"wp-block-heading\">Quais fatores influenciam o QI alto em uma crian\u00e7a?<\/h2>\n\n\n\n<p>Independentemente de ser filho mais velho, filho do meio ou filho mais novo, o desenvolvimento de uma crian\u00e7a est\u00e1 ligado a m\u00faltiplos fatores psicol\u00f3gicos. A <strong>ordem de nascimento<\/strong> \u00e9 apenas um dos elementos analisados.<\/p>\n\n\n\n<p>Entre os principais fatores que influenciam o <strong>QI alto<\/strong>, destacam-se:<\/p>\n\n\n\n<ul class=\"wp-block-list\">\n<li>Estimula\u00e7\u00e3o cognitiva desde a inf\u00e2ncia<\/li>\n\n\n\n<li>Ambiente familiar saud\u00e1vel e afetivo<\/li>\n\n\n\n<li>Qualidade da educa\u00e7\u00e3o e aprendizagem<\/li>\n\n\n\n<li>Intera\u00e7\u00e3o social e desenvolvimento emocional<\/li>\n\n\n\n<li>Gen\u00e9tica e predisposi\u00e7\u00e3o biol\u00f3gica<\/li>\n<\/ul>\n\n\n\n<h2 class=\"wp-block-heading\">Existe um filho mais inteligente segundo a psicologia?<\/h2>\n\n\n\n<p>Na psicologia moderna, n\u00e3o existe consenso de que o filho mais velho, o filho do meio ou o filho mais novo tenha maior probabilidade de possuir QI alto. Cada crian\u00e7a apresenta um perfil \u00fanico de desenvolvimento.<\/p>\n\n\n\n<p>O que a ci\u00eancia aponta \u00e9 que diferentes <strong>posi\u00e7\u00f5es familiares <\/strong>estimulam <strong>habilidades <\/strong>distintas. Veja como isso pode se manifestar:<\/p>\n\n\n\n<ul class=\"wp-block-list\">\n<li>Filho mais velho tende a ser mais respons\u00e1vel e anal\u00edtico<\/li>\n\n\n\n<li>Filho do meio costuma desenvolver empatia e habilidades sociais<\/li>\n\n\n\n<li>Filho mais novo frequentemente apresenta criatividade e espontaneidade<\/li>\n<\/ul>\n\n\n\n<p>No fim, a psicologia refor\u00e7a que intelig\u00eancia vai al\u00e9m do <strong>QI alto<\/strong>. O desenvolvimento emocional, cognitivo e social de cada <strong>crian\u00e7a<\/strong> depende de est\u00edmulos, v\u00ednculos afetivos e experi\u00eancias ao longo da vida, n\u00e3o apenas da ordem de nascimento.<\/p>\n","protected":false},"excerpt":{"rendered":"<p>Filho mais velho, filho do meio ou filho mais novo, muitos pais se perguntam qual crian\u00e7a tende a desenvolver um QI alto. Na psicologia do desenvolvimento, fatores como ambiente familiar, est\u00edmulo cognitivo, personalidade e intera\u00e7\u00e3o social influenciam mais do que a ordem de nascimento isoladamente. Ainda assim, estudos ajudam a entender padr\u00f5es comportamentais que despertam [&hellip;]<\/p>\n","protected":false},"author":22,"featured_media":233508,"comment_status":"open","ping_status":"open","sticky":false,"template":"","format":"standard","meta":{"_yoast_wpseo_focuskw":"Filho mais velho do meio ou mais novo","_yoast_wpseo_title":"","_yoast_wpseo_metadesc":"Filho mais velho, do meio ou mais novo: quem tem QI alto? Veja o que a psicologia revela sobre intelig\u00eancia e ordem de nascimento.","jnews-multi-image_gallery":[],"jnews_single_post":{"format":"standard"},"jnews_primary_category":[],"jnews_social_meta":[],"jnews_override_counter":[],"footnotes":""},"categories":[112],"post_tag":[],"class_list":["post-233499","post","type-post","status-publish","format-standard","has-post-thumbnail","hentry","category-curiosidades"],"yoast_head":"<!-- This site is optimized with the Yoast SEO plugin v24.6 - https:\/\/yoast.com\/wordpress\/plugins\/seo\/ -->\n<title>O filho mais velho, o do meio ou o mais novo: qual crian\u00e7a tem o QI mais alto? - Correio Braziliense - Radar<\/title>\n<meta name=\"description\" content=\"Filho mais velho, do meio ou mais novo: quem tem QI alto? Veja o que a psicologia revela sobre intelig\u00eancia e ordem de nascimento.\" \/>\n<meta name=\"robots\" content=\"index, follow, max-snippet:-1, max-image-preview:large, max-video-preview:-1\" \/>\n<link rel=\"canonical\" href=\"https:\/\/www.correiobraziliense.com.br\/cbradar\/o-filho-mais-velho-o-do-meio-ou-o-mais-novo-qual-crianca-tem-o-qi-mais-alto\/\" \/>\n<meta property=\"og:locale\" content=\"pt_BR\" \/>\n<meta property=\"og:type\" content=\"article\" \/>\n<meta property=\"og:title\" content=\"O filho mais velho, o do meio ou o mais novo: qual crian\u00e7a tem o QI mais alto? - Correio Braziliense - Radar\" \/>\n<meta property=\"og:description\" content=\"Filho mais velho, do meio ou mais novo: quem tem QI alto? Veja o que a psicologia revela sobre intelig\u00eancia e ordem de nascimento.\" \/>\n<meta property=\"og:url\" content=\"https:\/\/www.correiobraziliense.com.br\/cbradar\/o-filho-mais-velho-o-do-meio-ou-o-mais-novo-qual-crianca-tem-o-qi-mais-alto\/\" \/>\n<meta property=\"og:site_name\" content=\"Correio Braziliense - Radar\" \/>\n<meta property=\"article:published_time\" content=\"2026-04-29T00:15:00+00:00\" \/>\n<meta property=\"og:image\" content=\"https:\/\/www.correiobraziliense.com.br\/cbradar\/wp-content\/uploads\/2026\/04\/X-2026-04-28T094848.279.jpg\" \/>\n\t<meta property=\"og:image:width\" content=\"2560\" \/>\n\t<meta property=\"og:image:height\" content=\"1440\" \/>\n\t<meta property=\"og:image:type\" content=\"image\/jpeg\" \/>\n<meta name=\"author\" content=\"Elis Souza\" \/>\n<meta name=\"twitter:card\" content=\"summary_large_image\" \/>\n<meta name=\"twitter:label1\" content=\"Escrito por\" \/>\n\t<meta name=\"twitter:data1\" content=\"Elis Souza\" \/>\n\t<meta name=\"twitter:label2\" content=\"Est. tempo de leitura\" \/>\n\t<meta name=\"twitter:data2\" content=\"4 minutos\" \/>\n<!-- \/ Yoast SEO plugin. -->","yoast_head_json":{"title":"O filho mais velho, o do meio ou o mais novo: qual crian\u00e7a tem o QI mais alto? - Correio Braziliense - Radar","description":"Filho mais velho, do meio ou mais novo: quem tem QI alto? Veja o que a psicologia revela sobre intelig\u00eancia e ordem de nascimento.","robots":{"index":"index","follow":"follow","max-snippet":"max-snippet:-1","max-image-preview":"max-image-preview:large","max-video-preview":"max-video-preview:-1"},"canonical":"https:\/\/www.correiobraziliense.com.br\/cbradar\/o-filho-mais-velho-o-do-meio-ou-o-mais-novo-qual-crianca-tem-o-qi-mais-alto\/","og_locale":"pt_BR","og_type":"article","og_title":"O filho mais velho, o do meio ou o mais novo: qual crian\u00e7a tem o QI mais alto? - Correio Braziliense - Radar","og_description":"Filho mais velho, do meio ou mais novo: quem tem QI alto? Veja o que a psicologia revela sobre intelig\u00eancia e ordem de nascimento.","og_url":"https:\/\/www.correiobraziliense.com.br\/cbradar\/o-filho-mais-velho-o-do-meio-ou-o-mais-novo-qual-crianca-tem-o-qi-mais-alto\/","og_site_name":"Correio Braziliense - Radar","article_published_time":"2026-04-29T00:15:00+00:00","og_image":[{"width":2560,"height":1440,"url":"https:\/\/www.correiobraziliense.com.br\/cbradar\/wp-content\/uploads\/2026\/04\/X-2026-04-28T094848.279.jpg","type":"image\/jpeg"}],"author":"Elis Souza","twitter_card":"summary_large_image","twitter_misc":{"Escrito por":"Elis Souza","Est. tempo de leitura":"4 minutos"},"schema":{"@context":"https:\/\/schema.org","@graph":[{"@type":"WebPage","@id":"https:\/\/www.correiobraziliense.com.br\/cbradar\/o-filho-mais-velho-o-do-meio-ou-o-mais-novo-qual-crianca-tem-o-qi-mais-alto\/","url":"https:\/\/www.correiobraziliense.com.br\/cbradar\/o-filho-mais-velho-o-do-meio-ou-o-mais-novo-qual-crianca-tem-o-qi-mais-alto\/","name":"O filho mais velho, o do meio ou o mais novo: qual crian\u00e7a tem o QI mais alto? - Correio Braziliense - Radar","isPartOf":{"@id":"https:\/\/www.correiobraziliense.com.br\/cbradar\/#website"},"primaryImageOfPage":{"@id":"https:\/\/www.correiobraziliense.com.br\/cbradar\/o-filho-mais-velho-o-do-meio-ou-o-mais-novo-qual-crianca-tem-o-qi-mais-alto\/#primaryimage"},"image":{"@id":"https:\/\/www.correiobraziliense.com.br\/cbradar\/o-filho-mais-velho-o-do-meio-ou-o-mais-novo-qual-crianca-tem-o-qi-mais-alto\/#primaryimage"},"thumbnailUrl":"https:\/\/www.correiobraziliense.com.br\/cbradar\/wp-content\/uploads\/2026\/04\/X-2026-04-28T094848.279.jpg","datePublished":"2026-04-29T00:15:00+00:00","author":{"@id":"https:\/\/www.correiobraziliense.com.br\/cbradar\/#\/schema\/person\/acff6ab5a6472cd6db16190f7212d166"},"description":"Filho mais velho, do meio ou mais novo: quem tem QI alto? Veja o que a psicologia revela sobre intelig\u00eancia e ordem de nascimento.","breadcrumb":{"@id":"https:\/\/www.correiobraziliense.com.br\/cbradar\/o-filho-mais-velho-o-do-meio-ou-o-mais-novo-qual-crianca-tem-o-qi-mais-alto\/#breadcrumb"},"inLanguage":"pt-BR","potentialAction":[{"@type":"ReadAction","target":["https:\/\/www.correiobraziliense.com.br\/cbradar\/o-filho-mais-velho-o-do-meio-ou-o-mais-novo-qual-crianca-tem-o-qi-mais-alto\/"]}]},{"@type":"ImageObject","inLanguage":"pt-BR","@id":"https:\/\/www.correiobraziliense.com.br\/cbradar\/o-filho-mais-velho-o-do-meio-ou-o-mais-novo-qual-crianca-tem-o-qi-mais-alto\/#primaryimage","url":"https:\/\/www.correiobraziliense.com.br\/cbradar\/wp-content\/uploads\/2026\/04\/X-2026-04-28T094848.279.jpg","contentUrl":"https:\/\/www.correiobraziliense.com.br\/cbradar\/wp-content\/uploads\/2026\/04\/X-2026-04-28T094848.279.jpg","width":2560,"height":1440,"caption":"A ordem de nascimento influencia o comportamento"},{"@type":"BreadcrumbList","@id":"https:\/\/www.correiobraziliense.com.br\/cbradar\/o-filho-mais-velho-o-do-meio-ou-o-mais-novo-qual-crianca-tem-o-qi-mais-alto\/#breadcrumb","itemListElement":[{"@type":"ListItem","position":1,"name":"In\u00edcio","item":"https:\/\/www.correiobraziliense.com.br\/cbradar\/"},{"@type":"ListItem","position":2,"name":"O filho mais velho, o do meio ou o mais novo: qual crian\u00e7a tem o QI mais alto?"}]},{"@type":"WebSite","@id":"https:\/\/www.correiobraziliense.com.br\/cbradar\/#website","url":"https:\/\/www.correiobraziliense.com.br\/cbradar\/","name":"Correio Braziliense - Radar","description":"Acompanhe as \u00faltimas not\u00edcias e fique bem informado sobre tudo o que acontece no Brasil e no mundo.","potentialAction":[{"@type":"SearchAction","target":{"@type":"EntryPoint","urlTemplate":"https:\/\/www.correiobraziliense.com.br\/cbradar\/?s={search_term_string}"},"query-input":{"@type":"PropertyValueSpecification","valueRequired":true,"valueName":"search_term_string"}}],"inLanguage":"pt-BR"},{"@type":"Person","@id":"https:\/\/www.correiobraziliense.com.br\/cbradar\/#\/schema\/person\/acff6ab5a6472cd6db16190f7212d166","name":"Elis Souza","image":{"@type":"ImageObject","inLanguage":"pt-BR","@id":"https:\/\/www.correiobraziliense.com.br\/cbradar\/#\/schema\/person\/image\/","url":"https:\/\/secure.gravatar.com\/avatar\/1dc86c254cebb74d9c8a14da612c52db?s=96&d=mm&r=g","contentUrl":"https:\/\/secure.gravatar.com\/avatar\/1dc86c254cebb74d9c8a14da612c52db?s=96&d=mm&r=g","caption":"Elis Souza"},"sameAs":["https:\/\/www.correiobraziliense.com.br\/cbradar\/"],"url":"https:\/\/www.correiobraziliense.com.br\/cbradar\/author\/elis-souza\/"}]}},"_links":{"self":[{"href":"https:\/\/www.correiobraziliense.com.br\/cbradar\/wp-json\/wp\/v2\/posts\/233499","targetHints":{"allow":["GET"]}}],"collection":[{"href":"https:\/\/www.correiobraziliense.com.br\/cbradar\/wp-json\/wp\/v2\/posts"}],"about":[{"href":"https:\/\/www.correiobraziliense.com.br\/cbradar\/wp-json\/wp\/v2\/types\/post"}],"author":[{"embeddable":true,"href":"https:\/\/www.correiobraziliense.com.br\/cbradar\/wp-json\/wp\/v2\/users\/22"}],"replies":[{"embeddable":true,"href":"https:\/\/www.correiobraziliense.com.br\/cbradar\/wp-json\/wp\/v2\/comments?post=233499"}],"version-history":[{"count":1,"href":"https:\/\/www.correiobraziliense.com.br\/cbradar\/wp-json\/wp\/v2\/posts\/233499\/revisions"}],"predecessor-version":[{"id":233509,"href":"https:\/\/www.correiobraziliense.com.br\/cbradar\/wp-json\/wp\/v2\/posts\/233499\/revisions\/233509"}],"wp:featuredmedia":[{"embeddable":true,"href":"https:\/\/www.correiobraziliense.com.br\/cbradar\/wp-json\/wp\/v2\/media\/233508"}],"wp:attachment":[{"href":"https:\/\/www.correiobraziliense.com.br\/cbradar\/wp-json\/wp\/v2\/media?parent=233499"}],"wp:term":[{"taxonomy":"category","embeddable":true,"href":"https:\/\/www.correiobraziliense.com.br\/cbradar\/wp-json\/wp\/v2\/categories?post=233499"},{"taxonomy":"post_tag","embeddable":true,"href":"https:\/\/www.correiobraziliense.com.br\/cbradar\/wp-json\/wp\/v2\/post_tag?post=233499"}],"curies":[{"name":"wp","href":"https:\/\/api.w.org\/{rel}","templated":true}]}}