{"id":233512,"date":"2026-04-28T21:45:00","date_gmt":"2026-04-29T00:45:00","guid":{"rendered":"https:\/\/www.correiobraziliense.com.br\/cbradar\/?p=233512"},"modified":"2026-04-28T10:14:11","modified_gmt":"2026-04-28T13:14:11","slug":"nome-esquecido-desde-o-inicio-dos-anos-2000-chama-atencao-novamente","status":"publish","type":"post","link":"https:\/\/www.correiobraziliense.com.br\/cbradar\/nome-esquecido-desde-o-inicio-dos-anos-2000-chama-atencao-novamente\/","title":{"rendered":"Nome esquecido desde o in\u00edcio dos anos 2000 chama aten\u00e7\u00e3o novamente"},"content":{"rendered":"\n<p>O universo dos<strong> nomes no Brasil <\/strong>e no mundo revela tend\u00eancias culturais, escolhas familiares e mudan\u00e7as sociais ao longo do tempo. Um caso curioso envolve o nome Vidar, que n\u00e3o aparece em registros desde o <strong>in\u00edcio dos anos 2000<\/strong>, despertando interesse em genealogia, registros civis e comportamento social. Esse fen\u00f4meno levanta reflex\u00f5es sobre moda, identidade e tradi\u00e7\u00e3o na escolha de nomes.<\/p>\n\n\n\n<h2 class=\"wp-block-heading\">Por que um nome como Vidar desaparece desde o in\u00edcio dos anos 2000?<\/h2>\n\n\n\n<p>O nome <strong>Vidar<\/strong>, que deixou de ser usado desde o in\u00edcio dos <strong><a href=\"https:\/\/pt.wikipedia.org\/wiki\/D%C3%A9cada_de_2000\" target=\"_blank\" rel=\"noreferrer noopener\">anos 2000<\/a><\/strong>, pode ter sido influenciado por fatores <strong>culturais<\/strong>, <strong>midi\u00e1ticos <\/strong>e <strong>sociais<\/strong>. Mudan\u00e7as em tend\u00eancias de batismo, influ\u00eancia de celebridades e at\u00e9 acontecimentos hist\u00f3ricos impactam diretamente o registro de nomes.<\/p>\n\n\n\n<p>Al\u00e9m disso, muitos pais buscam <strong>originalidade <\/strong>ou <strong>evitam nomes <\/strong>considerados ultrapassados. Esse comportamento altera estat\u00edsticas de cart\u00f3rios, mostrando como a <strong><a href=\"https:\/\/www.correiobraziliense.com.br\/cbradar\/como-escolher-nomes-femininos-diferentes-que-se-destacam-pela-originalidade\/\" target=\"_blank\" rel=\"noreferrer noopener\">escolha de um nome<\/a><\/strong> como Vidar est\u00e1 ligada \u00e0 identidade e \u00e0 percep\u00e7\u00e3o social ao longo das d\u00e9cadas.<\/p>\n\n\n\n<h2 class=\"wp-block-heading\">Como as tend\u00eancias de nomes mudam com o tempo?<\/h2>\n\n\n\n<p>Os nomes seguem <strong>ciclos semelhantes <\/strong>aos da moda. Um nome popular em determinada gera\u00e7\u00e3o pode cair em desuso e, anos depois, retornar com for\u00e7a. O caso de Vidar, esquecido desde o in\u00edcio dos anos 2000, ilustra bem esse movimento.<\/p>\n\n\n\n<p>Alguns fatores que influenciam essas mudan\u00e7as incluem:<\/p>\n\n\n\n<ul class=\"wp-block-list\">\n<li>Influ\u00eancia de novelas, filmes e s\u00e9ries<\/li>\n\n\n\n<li>Prefer\u00eancia por nomes curtos ou internacionais<\/li>\n\n\n\n<li>Busca por originalidade e exclusividade<\/li>\n\n\n\n<li>Resgate de nomes antigos com valor hist\u00f3rico, como Vidar<\/li>\n<\/ul>\n\n\n\n<h2 class=\"wp-block-heading\">O que torna o nome Vidar raro atualmente?<\/h2>\n\n\n\n<p>O nome Vidar se tornou raro porque deixou de ser registrado por longos per\u00edodos, especialmente desde o in\u00edcio dos <strong>anos 2000<\/strong>. Isso pode acontecer por mudan\u00e7as culturais ou pela associa\u00e7\u00e3o do nome a \u00e9pocas espec\u00edficas.<\/p>\n\n\n\n<p>Hoje, pais valorizam nomes \u00fanicos, mas tamb\u00e9m acess\u00edveis. A raridade de Vidar pode ser vista como diferencial, por\u00e9m \u00e9 comum que <strong>nomes <\/strong>muito <strong>antigos <\/strong>sejam evitados por parecerem fora do contexto atual.<\/p>\n\n\n\n<figure class=\"wp-block-image size-large\"><img decoding=\"async\" width=\"1280\" height=\"720\" src=\"https:\/\/www.correiobraziliense.com.br\/cbradar\/wp-content\/uploads\/2026\/04\/X-2026-04-28T101257.783-1280x720.jpg\" alt=\"Nome esquecido desde o in\u00edcio dos anos 2000 chama aten\u00e7\u00e3o novamente\" class=\"wp-image-233530\" srcset=\"https:\/\/www.correiobraziliense.com.br\/cbradar\/wp-content\/uploads\/2026\/04\/X-2026-04-28T101257.783-1280x720.jpg 1280w, https:\/\/www.correiobraziliense.com.br\/cbradar\/wp-content\/uploads\/2026\/04\/X-2026-04-28T101257.783-300x169.jpg 300w, https:\/\/www.correiobraziliense.com.br\/cbradar\/wp-content\/uploads\/2026\/04\/X-2026-04-28T101257.783-768x432.jpg 768w, https:\/\/www.correiobraziliense.com.br\/cbradar\/wp-content\/uploads\/2026\/04\/X-2026-04-28T101257.783-1536x864.jpg 1536w, https:\/\/www.correiobraziliense.com.br\/cbradar\/wp-content\/uploads\/2026\/04\/X-2026-04-28T101257.783-2048x1152.jpg 2048w, https:\/\/www.correiobraziliense.com.br\/cbradar\/wp-content\/uploads\/2026\/04\/X-2026-04-28T101257.783-750x422.jpg 750w, https:\/\/www.correiobraziliense.com.br\/cbradar\/wp-content\/uploads\/2026\/04\/X-2026-04-28T101257.783-1140x641.jpg 1140w\" sizes=\"(max-width: 1280px) 100vw, 1280px\" \/><figcaption class=\"wp-element-caption\">O que sai de moda pode voltar com for\u00e7a<\/figcaption><\/figure>\n\n\n\n<h2 class=\"wp-block-heading\">Vale a pena escolher o nome Vidar hoje?<\/h2>\n\n\n\n<p>Escolher o nome Vidar, que n\u00e3o \u00e9 usado desde o in\u00edcio dos anos 2000, pode ser uma forma de resgatar <strong>tradi\u00e7\u00e3o <\/strong>e criar <strong>identidade \u00fanica<\/strong>. Muitos especialistas em registro civil apontam que nomes raros podem se tornar <strong>tend\u00eancia <\/strong>novamente.<\/p>\n\n\n\n<p>Antes de decidir, \u00e9 importante considerar alguns pontos relevantes:<\/p>\n\n\n\n<ul class=\"wp-block-list\">\n<li>Facilidade de pron\u00fancia e escrita<\/li>\n\n\n\n<li>Significado e origem do nome Vidar<\/li>\n\n\n\n<li>Poss\u00edveis apelidos ou varia\u00e7\u00f5es<\/li>\n\n\n\n<li>Aceita\u00e7\u00e3o social e cultural<\/li>\n<\/ul>\n\n\n\n<h2 class=\"wp-block-heading\">Como escolher o nome ideal nos dias atuais?<\/h2>\n\n\n\n<p>A escolha de um nome envolve emo\u00e7\u00e3o, tradi\u00e7\u00e3o e planejamento. Mesmo com exemplos como Vidar, que desapareceu desde o in\u00edcio dos anos 2000, cada fam\u00edlia tem crit\u00e9rios pr\u00f3prios que refletem <strong>valores <\/strong>e <strong>expectativas<\/strong>.<\/p>\n\n\n\n<p>O mais importante \u00e9 equilibrar significado, sonoridade e identidade. No universo dos nomes, cada decis\u00e3o contribui para a constru\u00e7\u00e3o de hist\u00f3rias, mostrando como cultura, sociedade e comportamento continuam <strong>moldando essa escolha t\u00e3o especial<\/strong>.<\/p>\n","protected":false},"excerpt":{"rendered":"<p>O universo dos nomes no Brasil e no mundo revela tend\u00eancias culturais, escolhas familiares e mudan\u00e7as sociais ao longo do tempo. Um caso curioso envolve o nome Vidar, que n\u00e3o aparece em registros desde o in\u00edcio dos anos 2000, despertando interesse em genealogia, registros civis e comportamento social. Esse fen\u00f4meno levanta reflex\u00f5es sobre moda, identidade [&hellip;]<\/p>\n","protected":false},"author":22,"featured_media":233531,"comment_status":"open","ping_status":"open","sticky":false,"template":"","format":"standard","meta":{"_yoast_wpseo_focuskw":"nome dos anos 2000","_yoast_wpseo_title":"","_yoast_wpseo_metadesc":"Nome esquecido desde os anos 2000 volta a chamar aten\u00e7\u00e3o. Entenda por que nomes saem de moda e como tend\u00eancias influenciam escolhas.","jnews-multi-image_gallery":[],"jnews_single_post":{"format":"standard"},"jnews_primary_category":[],"jnews_social_meta":[],"jnews_override_counter":[],"footnotes":""},"categories":[112],"post_tag":[],"class_list":["post-233512","post","type-post","status-publish","format-standard","has-post-thumbnail","hentry","category-curiosidades"],"yoast_head":"<!-- This site is optimized with the Yoast SEO plugin v24.6 - https:\/\/yoast.com\/wordpress\/plugins\/seo\/ -->\n<title>Nome esquecido desde o in\u00edcio dos anos 2000 chama aten\u00e7\u00e3o novamente - Correio Braziliense - Radar<\/title>\n<meta name=\"description\" content=\"Nome esquecido desde os anos 2000 volta a chamar aten\u00e7\u00e3o. Entenda por que nomes saem de moda e como tend\u00eancias influenciam escolhas.\" \/>\n<meta name=\"robots\" content=\"index, follow, max-snippet:-1, max-image-preview:large, max-video-preview:-1\" \/>\n<link rel=\"canonical\" href=\"https:\/\/www.correiobraziliense.com.br\/cbradar\/nome-esquecido-desde-o-inicio-dos-anos-2000-chama-atencao-novamente\/\" \/>\n<meta property=\"og:locale\" content=\"pt_BR\" \/>\n<meta property=\"og:type\" content=\"article\" \/>\n<meta property=\"og:title\" content=\"Nome esquecido desde o in\u00edcio dos anos 2000 chama aten\u00e7\u00e3o novamente - Correio Braziliense - Radar\" \/>\n<meta property=\"og:description\" content=\"Nome esquecido desde os anos 2000 volta a chamar aten\u00e7\u00e3o. Entenda por que nomes saem de moda e como tend\u00eancias influenciam escolhas.\" \/>\n<meta property=\"og:url\" content=\"https:\/\/www.correiobraziliense.com.br\/cbradar\/nome-esquecido-desde-o-inicio-dos-anos-2000-chama-atencao-novamente\/\" \/>\n<meta property=\"og:site_name\" content=\"Correio Braziliense - Radar\" \/>\n<meta property=\"article:published_time\" content=\"2026-04-29T00:45:00+00:00\" \/>\n<meta property=\"og:image\" content=\"https:\/\/www.correiobraziliense.com.br\/cbradar\/wp-content\/uploads\/2026\/04\/X-2026-04-28T101132.729.jpg\" \/>\n\t<meta property=\"og:image:width\" content=\"2560\" \/>\n\t<meta property=\"og:image:height\" content=\"1440\" \/>\n\t<meta property=\"og:image:type\" content=\"image\/jpeg\" \/>\n<meta name=\"author\" content=\"Elis Souza\" \/>\n<meta name=\"twitter:card\" content=\"summary_large_image\" \/>\n<meta name=\"twitter:label1\" content=\"Escrito por\" \/>\n\t<meta name=\"twitter:data1\" content=\"Elis Souza\" \/>\n\t<meta name=\"twitter:label2\" content=\"Est. tempo de leitura\" \/>\n\t<meta name=\"twitter:data2\" content=\"3 minutos\" \/>\n<!-- \/ Yoast SEO plugin. -->","yoast_head_json":{"title":"Nome esquecido desde o in\u00edcio dos anos 2000 chama aten\u00e7\u00e3o novamente - Correio Braziliense - Radar","description":"Nome esquecido desde os anos 2000 volta a chamar aten\u00e7\u00e3o. Entenda por que nomes saem de moda e como tend\u00eancias influenciam escolhas.","robots":{"index":"index","follow":"follow","max-snippet":"max-snippet:-1","max-image-preview":"max-image-preview:large","max-video-preview":"max-video-preview:-1"},"canonical":"https:\/\/www.correiobraziliense.com.br\/cbradar\/nome-esquecido-desde-o-inicio-dos-anos-2000-chama-atencao-novamente\/","og_locale":"pt_BR","og_type":"article","og_title":"Nome esquecido desde o in\u00edcio dos anos 2000 chama aten\u00e7\u00e3o novamente - Correio Braziliense - Radar","og_description":"Nome esquecido desde os anos 2000 volta a chamar aten\u00e7\u00e3o. Entenda por que nomes saem de moda e como tend\u00eancias influenciam escolhas.","og_url":"https:\/\/www.correiobraziliense.com.br\/cbradar\/nome-esquecido-desde-o-inicio-dos-anos-2000-chama-atencao-novamente\/","og_site_name":"Correio Braziliense - Radar","article_published_time":"2026-04-29T00:45:00+00:00","og_image":[{"width":2560,"height":1440,"url":"https:\/\/www.correiobraziliense.com.br\/cbradar\/wp-content\/uploads\/2026\/04\/X-2026-04-28T101132.729.jpg","type":"image\/jpeg"}],"author":"Elis Souza","twitter_card":"summary_large_image","twitter_misc":{"Escrito por":"Elis Souza","Est. tempo de leitura":"3 minutos"},"schema":{"@context":"https:\/\/schema.org","@graph":[{"@type":"WebPage","@id":"https:\/\/www.correiobraziliense.com.br\/cbradar\/nome-esquecido-desde-o-inicio-dos-anos-2000-chama-atencao-novamente\/","url":"https:\/\/www.correiobraziliense.com.br\/cbradar\/nome-esquecido-desde-o-inicio-dos-anos-2000-chama-atencao-novamente\/","name":"Nome esquecido desde o in\u00edcio dos anos 2000 chama aten\u00e7\u00e3o novamente - Correio Braziliense - Radar","isPartOf":{"@id":"https:\/\/www.correiobraziliense.com.br\/cbradar\/#website"},"primaryImageOfPage":{"@id":"https:\/\/www.correiobraziliense.com.br\/cbradar\/nome-esquecido-desde-o-inicio-dos-anos-2000-chama-atencao-novamente\/#primaryimage"},"image":{"@id":"https:\/\/www.correiobraziliense.com.br\/cbradar\/nome-esquecido-desde-o-inicio-dos-anos-2000-chama-atencao-novamente\/#primaryimage"},"thumbnailUrl":"https:\/\/www.correiobraziliense.com.br\/cbradar\/wp-content\/uploads\/2026\/04\/X-2026-04-28T101132.729.jpg","datePublished":"2026-04-29T00:45:00+00:00","author":{"@id":"https:\/\/www.correiobraziliense.com.br\/cbradar\/#\/schema\/person\/acff6ab5a6472cd6db16190f7212d166"},"description":"Nome esquecido desde os anos 2000 volta a chamar aten\u00e7\u00e3o. Entenda por que nomes saem de moda e como tend\u00eancias influenciam escolhas.","breadcrumb":{"@id":"https:\/\/www.correiobraziliense.com.br\/cbradar\/nome-esquecido-desde-o-inicio-dos-anos-2000-chama-atencao-novamente\/#breadcrumb"},"inLanguage":"pt-BR","potentialAction":[{"@type":"ReadAction","target":["https:\/\/www.correiobraziliense.com.br\/cbradar\/nome-esquecido-desde-o-inicio-dos-anos-2000-chama-atencao-novamente\/"]}]},{"@type":"ImageObject","inLanguage":"pt-BR","@id":"https:\/\/www.correiobraziliense.com.br\/cbradar\/nome-esquecido-desde-o-inicio-dos-anos-2000-chama-atencao-novamente\/#primaryimage","url":"https:\/\/www.correiobraziliense.com.br\/cbradar\/wp-content\/uploads\/2026\/04\/X-2026-04-28T101132.729.jpg","contentUrl":"https:\/\/www.correiobraziliense.com.br\/cbradar\/wp-content\/uploads\/2026\/04\/X-2026-04-28T101132.729.jpg","width":2560,"height":1440,"caption":"Nomes seguem tend\u00eancias culturais ao longo do tempo"},{"@type":"BreadcrumbList","@id":"https:\/\/www.correiobraziliense.com.br\/cbradar\/nome-esquecido-desde-o-inicio-dos-anos-2000-chama-atencao-novamente\/#breadcrumb","itemListElement":[{"@type":"ListItem","position":1,"name":"In\u00edcio","item":"https:\/\/www.correiobraziliense.com.br\/cbradar\/"},{"@type":"ListItem","position":2,"name":"Nome esquecido desde o in\u00edcio dos anos 2000 chama aten\u00e7\u00e3o novamente"}]},{"@type":"WebSite","@id":"https:\/\/www.correiobraziliense.com.br\/cbradar\/#website","url":"https:\/\/www.correiobraziliense.com.br\/cbradar\/","name":"Correio Braziliense - Radar","description":"Acompanhe as \u00faltimas not\u00edcias e fique bem informado sobre tudo o que acontece no Brasil e no mundo.","potentialAction":[{"@type":"SearchAction","target":{"@type":"EntryPoint","urlTemplate":"https:\/\/www.correiobraziliense.com.br\/cbradar\/?s={search_term_string}"},"query-input":{"@type":"PropertyValueSpecification","valueRequired":true,"valueName":"search_term_string"}}],"inLanguage":"pt-BR"},{"@type":"Person","@id":"https:\/\/www.correiobraziliense.com.br\/cbradar\/#\/schema\/person\/acff6ab5a6472cd6db16190f7212d166","name":"Elis Souza","image":{"@type":"ImageObject","inLanguage":"pt-BR","@id":"https:\/\/www.correiobraziliense.com.br\/cbradar\/#\/schema\/person\/image\/","url":"https:\/\/secure.gravatar.com\/avatar\/1dc86c254cebb74d9c8a14da612c52db?s=96&d=mm&r=g","contentUrl":"https:\/\/secure.gravatar.com\/avatar\/1dc86c254cebb74d9c8a14da612c52db?s=96&d=mm&r=g","caption":"Elis Souza"},"sameAs":["https:\/\/www.correiobraziliense.com.br\/cbradar\/"],"url":"https:\/\/www.correiobraziliense.com.br\/cbradar\/author\/elis-souza\/"}]}},"_links":{"self":[{"href":"https:\/\/www.correiobraziliense.com.br\/cbradar\/wp-json\/wp\/v2\/posts\/233512","targetHints":{"allow":["GET"]}}],"collection":[{"href":"https:\/\/www.correiobraziliense.com.br\/cbradar\/wp-json\/wp\/v2\/posts"}],"about":[{"href":"https:\/\/www.correiobraziliense.com.br\/cbradar\/wp-json\/wp\/v2\/types\/post"}],"author":[{"embeddable":true,"href":"https:\/\/www.correiobraziliense.com.br\/cbradar\/wp-json\/wp\/v2\/users\/22"}],"replies":[{"embeddable":true,"href":"https:\/\/www.correiobraziliense.com.br\/cbradar\/wp-json\/wp\/v2\/comments?post=233512"}],"version-history":[{"count":2,"href":"https:\/\/www.correiobraziliense.com.br\/cbradar\/wp-json\/wp\/v2\/posts\/233512\/revisions"}],"predecessor-version":[{"id":233534,"href":"https:\/\/www.correiobraziliense.com.br\/cbradar\/wp-json\/wp\/v2\/posts\/233512\/revisions\/233534"}],"wp:featuredmedia":[{"embeddable":true,"href":"https:\/\/www.correiobraziliense.com.br\/cbradar\/wp-json\/wp\/v2\/media\/233531"}],"wp:attachment":[{"href":"https:\/\/www.correiobraziliense.com.br\/cbradar\/wp-json\/wp\/v2\/media?parent=233512"}],"wp:term":[{"taxonomy":"category","embeddable":true,"href":"https:\/\/www.correiobraziliense.com.br\/cbradar\/wp-json\/wp\/v2\/categories?post=233512"},{"taxonomy":"post_tag","embeddable":true,"href":"https:\/\/www.correiobraziliense.com.br\/cbradar\/wp-json\/wp\/v2\/post_tag?post=233512"}],"curies":[{"name":"wp","href":"https:\/\/api.w.org\/{rel}","templated":true}]}}