{"id":233539,"date":"2026-04-29T00:30:00","date_gmt":"2026-04-29T03:30:00","guid":{"rendered":"https:\/\/www.correiobraziliense.com.br\/cbradar\/?p=233539"},"modified":"2026-04-29T00:43:03","modified_gmt":"2026-04-29T03:43:03","slug":"muita-gente-nao-percebe-que-quem-ve-os-filhos-saindo-de-casa-sente-dois-vazios-ao-mesmo-tempo-o-da-rotina-que-mudou-e-o-da-versao-de-si-que-existia-para-cuidar-deles-todos-os-dias","status":"publish","type":"post","link":"https:\/\/www.correiobraziliense.com.br\/cbradar\/muita-gente-nao-percebe-que-quem-ve-os-filhos-saindo-de-casa-sente-dois-vazios-ao-mesmo-tempo-o-da-rotina-que-mudou-e-o-da-versao-de-si-que-existia-para-cuidar-deles-todos-os-dias\/","title":{"rendered":"Muita gente n\u00e3o percebe que quem v\u00ea os filhos saindo de casa sente dois vazios ao mesmo tempo, o da rotina que mudou e o da vers\u00e3o de si que existia para cuidar deles todos os dias"},"content":{"rendered":"\n<p>A sa\u00edda dos filhos de casa marca uma transi\u00e7\u00e3o profunda que atinge o cerne da identidade dos pais. Esse momento de mudan\u00e7a dr\u00e1stica exige uma reavalia\u00e7\u00e3o completa das prioridades e dos objetivos pessoais para o futuro. Compreender essa dualidade emocional \u00e9 o primeiro passo para transformar a melancolia em uma nova fase de <strong>autorrealiza\u00e7\u00e3o pessoal<\/strong>.<\/p>\n\n\n\n<h2 class=\"wp-block-heading\">Por que a casa vazia gera um luto silencioso?<\/h2>\n\n\n\n<p>A aus\u00eancia f\u00edsica dos <strong><a href=\"https:\/\/www.correiobraziliense.com.br\/cbradar\/animais-de-estimacao-ideais-para-quem-mora-em-apartamento-com-filhos-especies-silenciosas-e-faceis-que-ajudam-na-companhia-diaria\/\" target=\"_blank\" rel=\"noreferrer noopener\">filhos <\/a><\/strong>altera bruscamente o ritmo biol\u00f3gico e emocional dos pais que dedicaram d\u00e9cadas ao cuidado integral. Quando o sil\u00eancio substitui o movimento constante, o c\u00e9rebro precisa se adaptar a uma nova realidade sem as demandas log\u00edsticas di\u00e1rias. Esse per\u00edodo de ajuste \u00e9 marcado por uma sensa\u00e7\u00e3o de perda que vai muito al\u00e9m da saudade.<\/p>\n\n\n\n<p>Muitos pais enfrentam dificuldades para preencher as horas que antes eram ocupadas com tarefas escolares, refei\u00e7\u00f5es coletivas e di\u00e1logos constantes. Essa quebra na estrutura da rotina pode causar desorienta\u00e7\u00e3o e uma tristeza persistente que muitas vezes \u00e9 incompreendida pela sociedade moderna. Reconhecer esse vazio \u00e9 fundamental para iniciar o processo de <strong>reconstru\u00e7\u00e3o da pr\u00f3pria identidade individual<\/strong> plena.<\/p>\n\n\n\n<figure class=\"wp-block-image size-full\"><img decoding=\"async\" width=\"1280\" height=\"720\" src=\"https:\/\/www.correiobraziliense.com.br\/cbradar\/wp-content\/uploads\/2026\/04\/Gemini_Generated_Image_4ulypy4ulypy4uly-1-1.png\" alt=\"Muita gente n\u00e3o percebe que quem v\u00ea os filhos saindo de casa sente dois vazios ao mesmo tempo, o da rotina que mudou e o da vers\u00e3o de si que existia para cuidar deles todos os dias\" class=\"wp-image-233545\" srcset=\"https:\/\/www.correiobraziliense.com.br\/cbradar\/wp-content\/uploads\/2026\/04\/Gemini_Generated_Image_4ulypy4ulypy4uly-1-1.png 1280w, https:\/\/www.correiobraziliense.com.br\/cbradar\/wp-content\/uploads\/2026\/04\/Gemini_Generated_Image_4ulypy4ulypy4uly-1-1-300x169.png 300w, https:\/\/www.correiobraziliense.com.br\/cbradar\/wp-content\/uploads\/2026\/04\/Gemini_Generated_Image_4ulypy4ulypy4uly-1-1-768x432.png 768w, https:\/\/www.correiobraziliense.com.br\/cbradar\/wp-content\/uploads\/2026\/04\/Gemini_Generated_Image_4ulypy4ulypy4uly-1-1-750x422.png 750w, https:\/\/www.correiobraziliense.com.br\/cbradar\/wp-content\/uploads\/2026\/04\/Gemini_Generated_Image_4ulypy4ulypy4uly-1-1-1140x641.png 1140w\" sizes=\"(max-width: 1280px) 100vw, 1280px\" \/><figcaption class=\"wp-element-caption\">A sa\u00edda dos filhos transforma a rotina e a identidade emocional dos pais<\/figcaption><\/figure>\n\n\n\n<h2 class=\"wp-block-heading\">Qual o impacto da perda da identidade de cuidador?<\/h2>\n\n\n\n<p>A vers\u00e3o de si mesmo que existia para proteger e guiar os filhos sofre um tipo de morte simb\u00f3lica necess\u00e1ria. Durante anos, o papel de pai ou m\u00e3e definiu as escolhas, o tempo e at\u00e9 os sonhos de muitos indiv\u00edduos dedicados. Sem essa fun\u00e7\u00e3o central, surge uma crise existencial sobre quem se \u00e9 fora do contexto da <strong>maternidade ou paternidade<\/strong>.<\/p>\n\n\n\n<p>Redescobrir desejos esquecidos e talentos negligenciados torna-se um desafio imenso ap\u00f3s a partida dos filhos para a vida adulta. A transi\u00e7\u00e3o exige coragem para enfrentar o espelho e reconhecer uma pessoa que possui necessidades pr\u00f3prias e ambi\u00e7\u00f5es leg\u00edtimas. Esse \u00e9 o momento ideal para investir em si mesmo e buscar novas formas de <strong>express\u00e3o e felicidade pessoal<\/strong> duradoura.<\/p>\n\n\n\n<h2 class=\"wp-block-heading\">Como reconstruir o cotidiano ap\u00f3s a partida dos filhos?<\/h2>\n\n\n\n<p>Estabelecer novos objetivos \u00e9 a ferramenta mais eficaz para combater a sensa\u00e7\u00e3o de inutilidade que pode surgir nesse per\u00edodo de transi\u00e7\u00e3o. Ao focar em atividades que promovam o crescimento intelectual e f\u00edsico, voc\u00ea redireciona a energia que antes era voltada exclusivamente para os outros. <\/p>\n\n\n\n<p>Observe atentamente os pontos positivos que surgem ao priorizar o seu <strong>autocuidado<\/strong>:<\/p>\n\n\n\n<ul class=\"wp-block-list\">\n<li>Iniciar um curso de capacita\u00e7\u00e3o profissional;<\/li>\n\n\n\n<li>Praticar atividades f\u00edsicas de forma regular;<\/li>\n\n\n\n<li>Reencontrar amigos e fortalecer la\u00e7os sociais;<\/li>\n\n\n\n<li>Realizar pequenas reformas no ambiente dom\u00e9stico;<\/li>\n\n\n\n<li>Explorar novos hobbies e talentos criativos.<\/li>\n<\/ul>\n\n\n\n<h2 class=\"wp-block-heading\">Existe rela\u00e7\u00e3o entre solid\u00e3o e sa\u00fade f\u00edsica nos pais?<\/h2>\n\n\n\n<p>O estresse emocional causado pelo afastamento dos filhos pode desencadear sintomas f\u00edsicos, como ins\u00f4nia, altera\u00e7\u00f5es no apetite e fadiga. O corpo reage \u00e0 mudan\u00e7a de ambiente e \u00e0 sensa\u00e7\u00e3o de isolamento, exigindo cuidados extras com a sa\u00fade mental e fisiol\u00f3gica. Manter-se ativo e socialmente conectado ajuda a regular os n\u00edveis de cortisol e promove o <strong>bem-estar global<\/strong>.<\/p>\n\n\n\n<p>Buscar apoio psicol\u00f3gico ou grupos de viv\u00eancia com pessoas que enfrentam a mesma situa\u00e7\u00e3o \u00e9 uma estrat\u00e9gia muito inteligente. Compartilhar experi\u00eancias reduz o peso da tristeza e oferece novas perspectivas sobre como aproveitar o tempo livre com qualidade. Cuidar da sa\u00fade f\u00edsica \u00e9 o pilar fundamental para atravessar essa fase de mudan\u00e7as com <strong>resili\u00eancia e vigor renovado<\/strong>.<\/p>\n\n\n\n<figure class=\"wp-block-image size-full\"><img decoding=\"async\" width=\"1280\" height=\"720\" src=\"https:\/\/www.correiobraziliense.com.br\/cbradar\/wp-content\/uploads\/2026\/04\/Gemini_Generated_Image_r6u34hr6u34hr6u3-1-1.png\" alt=\"Muita gente n\u00e3o percebe que quem v\u00ea os filhos saindo de casa sente dois vazios ao mesmo tempo, o da rotina que mudou e o da vers\u00e3o de si que existia para cuidar deles todos os dias\" class=\"wp-image-233546\" srcset=\"https:\/\/www.correiobraziliense.com.br\/cbradar\/wp-content\/uploads\/2026\/04\/Gemini_Generated_Image_r6u34hr6u34hr6u3-1-1.png 1280w, https:\/\/www.correiobraziliense.com.br\/cbradar\/wp-content\/uploads\/2026\/04\/Gemini_Generated_Image_r6u34hr6u34hr6u3-1-1-300x169.png 300w, https:\/\/www.correiobraziliense.com.br\/cbradar\/wp-content\/uploads\/2026\/04\/Gemini_Generated_Image_r6u34hr6u34hr6u3-1-1-768x432.png 768w, https:\/\/www.correiobraziliense.com.br\/cbradar\/wp-content\/uploads\/2026\/04\/Gemini_Generated_Image_r6u34hr6u34hr6u3-1-1-750x422.png 750w, https:\/\/www.correiobraziliense.com.br\/cbradar\/wp-content\/uploads\/2026\/04\/Gemini_Generated_Image_r6u34hr6u34hr6u3-1-1-1140x641.png 1140w\" sizes=\"(max-width: 1280px) 100vw, 1280px\" \/><figcaption class=\"wp-element-caption\">A sa\u00edda dos filhos transforma a rotina e a identidade emocional dos pais<\/figcaption><\/figure>\n\n\n\n<h2 class=\"wp-block-heading\">Quais s\u00e3o os caminhos para uma nova autonomia emocional?<\/h2>\n\n\n\n<p>Desenvolver a autonomia emocional significa aprender a ser a sua pr\u00f3pria fonte de felicidade e seguran\u00e7a interna todos os dias. Ao aceitar que os filhos precisam voar, voc\u00ea se permite voar em dire\u00e7\u00e3o a horizontes que antes pareciam distantes ou imposs\u00edveis. Essa liberdade rec\u00e9m-adquirida \u00e9 um presente que deve ser explorado com curiosidade e muita <strong>coragem existencial<\/strong>.<\/p>\n\n\n\n<p><strong><a href=\"https:\/\/www.mayoclinichealthsystem.org\/hometown-health\/speaking-of-health\/how-you-can-enjoy-the-empty-nest\" target=\"_blank\" rel=\"noreferrer noopener\">Pais podem sentir dificuldade em deixar os filhos irem<\/a><\/strong>, especialmente se identificados fortemente com o papel parental ou com apenas um filho, levando \u00e0 solid\u00e3o e falta de rotina di\u00e1ria. Apesar da dor inicial, h\u00e1 benef\u00edcios como redu\u00e7\u00e3o de conflitos trabalho-fam\u00edlia, reconex\u00e3o conjugal e tempo para interesses pessoais. Sofrimento prolongado merece monitoramento profissional para evitar depress\u00e3o severa.<\/p>\n","protected":false},"excerpt":{"rendered":"<p>A sa\u00edda dos filhos de casa marca uma transi\u00e7\u00e3o profunda que atinge o cerne da identidade dos pais. Esse momento de mudan\u00e7a dr\u00e1stica exige uma reavalia\u00e7\u00e3o completa das prioridades e dos objetivos pessoais para o futuro. Compreender essa dualidade emocional \u00e9 o primeiro passo para transformar a melancolia em uma nova fase de autorrealiza\u00e7\u00e3o pessoal. [&hellip;]<\/p>\n","protected":false},"author":21,"featured_media":233543,"comment_status":"open","ping_status":"open","sticky":false,"template":"","format":"standard","meta":{"_yoast_wpseo_focuskw":"s\u00edndrome do ninho vazio nos pais adultos","_yoast_wpseo_title":"","_yoast_wpseo_metadesc":"Quando os filhos saem de casa, algo muda profundamente. A nova fase exige reconstru\u00e7\u00e3o pessoal e novos sentidos para a rotina.","jnews-multi-image_gallery":[],"jnews_single_post":{"format":"standard"},"jnews_primary_category":[],"jnews_social_meta":[],"jnews_override_counter":[],"footnotes":""},"categories":[112],"post_tag":[2858,2857,404,4326],"class_list":["post-233539","post","type-post","status-publish","format-standard","has-post-thumbnail","hentry","category-curiosidades","tag-filhos","tag-pais","tag-psicologia","tag-vazio"],"yoast_head":"<!-- This site is optimized with the Yoast SEO plugin v24.6 - https:\/\/yoast.com\/wordpress\/plugins\/seo\/ -->\n<title>Muita gente n\u00e3o percebe que quem v\u00ea os filhos saindo de casa sente dois vazios ao mesmo tempo, o da rotina que mudou e o da vers\u00e3o de si que existia para cuidar deles todos os dias - Correio Braziliense - Radar<\/title>\n<meta name=\"description\" content=\"Quando os filhos saem de casa, algo muda profundamente. A nova fase exige reconstru\u00e7\u00e3o pessoal e novos sentidos para a rotina.\" \/>\n<meta name=\"robots\" content=\"index, follow, max-snippet:-1, max-image-preview:large, max-video-preview:-1\" \/>\n<link rel=\"canonical\" href=\"https:\/\/www.correiobraziliense.com.br\/cbradar\/muita-gente-nao-percebe-que-quem-ve-os-filhos-saindo-de-casa-sente-dois-vazios-ao-mesmo-tempo-o-da-rotina-que-mudou-e-o-da-versao-de-si-que-existia-para-cuidar-deles-todos-os-dias\/\" \/>\n<meta property=\"og:locale\" content=\"pt_BR\" \/>\n<meta property=\"og:type\" content=\"article\" \/>\n<meta property=\"og:title\" content=\"Muita gente n\u00e3o percebe que quem v\u00ea os filhos saindo de casa sente dois vazios ao mesmo tempo, o da rotina que mudou e o da vers\u00e3o de si que existia para cuidar deles todos os dias - Correio Braziliense - Radar\" \/>\n<meta property=\"og:description\" content=\"Quando os filhos saem de casa, algo muda profundamente. A nova fase exige reconstru\u00e7\u00e3o pessoal e novos sentidos para a rotina.\" \/>\n<meta property=\"og:url\" content=\"https:\/\/www.correiobraziliense.com.br\/cbradar\/muita-gente-nao-percebe-que-quem-ve-os-filhos-saindo-de-casa-sente-dois-vazios-ao-mesmo-tempo-o-da-rotina-que-mudou-e-o-da-versao-de-si-que-existia-para-cuidar-deles-todos-os-dias\/\" \/>\n<meta property=\"og:site_name\" content=\"Correio Braziliense - Radar\" \/>\n<meta property=\"article:published_time\" content=\"2026-04-29T03:30:00+00:00\" \/>\n<meta property=\"article:modified_time\" content=\"2026-04-29T03:43:03+00:00\" \/>\n<meta property=\"og:image\" content=\"https:\/\/www.correiobraziliense.com.br\/cbradar\/wp-content\/uploads\/2026\/04\/Gemini_Generated_Image_l7rysjl7rysjl7ry-1-1.png\" \/>\n\t<meta property=\"og:image:width\" content=\"1280\" \/>\n\t<meta property=\"og:image:height\" content=\"720\" \/>\n\t<meta property=\"og:image:type\" content=\"image\/png\" \/>\n<meta name=\"author\" content=\"Patrick Silva\" \/>\n<meta name=\"twitter:card\" content=\"summary_large_image\" \/>\n<meta name=\"twitter:label1\" content=\"Escrito por\" \/>\n\t<meta name=\"twitter:data1\" content=\"Patrick Silva\" \/>\n\t<meta name=\"twitter:label2\" content=\"Est. tempo de leitura\" \/>\n\t<meta name=\"twitter:data2\" content=\"5 minutos\" \/>\n<!-- \/ Yoast SEO plugin. -->","yoast_head_json":{"title":"Muita gente n\u00e3o percebe que quem v\u00ea os filhos saindo de casa sente dois vazios ao mesmo tempo, o da rotina que mudou e o da vers\u00e3o de si que existia para cuidar deles todos os dias - Correio Braziliense - Radar","description":"Quando os filhos saem de casa, algo muda profundamente. A nova fase exige reconstru\u00e7\u00e3o pessoal e novos sentidos para a rotina.","robots":{"index":"index","follow":"follow","max-snippet":"max-snippet:-1","max-image-preview":"max-image-preview:large","max-video-preview":"max-video-preview:-1"},"canonical":"https:\/\/www.correiobraziliense.com.br\/cbradar\/muita-gente-nao-percebe-que-quem-ve-os-filhos-saindo-de-casa-sente-dois-vazios-ao-mesmo-tempo-o-da-rotina-que-mudou-e-o-da-versao-de-si-que-existia-para-cuidar-deles-todos-os-dias\/","og_locale":"pt_BR","og_type":"article","og_title":"Muita gente n\u00e3o percebe que quem v\u00ea os filhos saindo de casa sente dois vazios ao mesmo tempo, o da rotina que mudou e o da vers\u00e3o de si que existia para cuidar deles todos os dias - Correio Braziliense - Radar","og_description":"Quando os filhos saem de casa, algo muda profundamente. A nova fase exige reconstru\u00e7\u00e3o pessoal e novos sentidos para a rotina.","og_url":"https:\/\/www.correiobraziliense.com.br\/cbradar\/muita-gente-nao-percebe-que-quem-ve-os-filhos-saindo-de-casa-sente-dois-vazios-ao-mesmo-tempo-o-da-rotina-que-mudou-e-o-da-versao-de-si-que-existia-para-cuidar-deles-todos-os-dias\/","og_site_name":"Correio Braziliense - Radar","article_published_time":"2026-04-29T03:30:00+00:00","article_modified_time":"2026-04-29T03:43:03+00:00","og_image":[{"width":1280,"height":720,"url":"https:\/\/www.correiobraziliense.com.br\/cbradar\/wp-content\/uploads\/2026\/04\/Gemini_Generated_Image_l7rysjl7rysjl7ry-1-1.png","type":"image\/png"}],"author":"Patrick Silva","twitter_card":"summary_large_image","twitter_misc":{"Escrito por":"Patrick Silva","Est. tempo de leitura":"5 minutos"},"schema":{"@context":"https:\/\/schema.org","@graph":[{"@type":"WebPage","@id":"https:\/\/www.correiobraziliense.com.br\/cbradar\/muita-gente-nao-percebe-que-quem-ve-os-filhos-saindo-de-casa-sente-dois-vazios-ao-mesmo-tempo-o-da-rotina-que-mudou-e-o-da-versao-de-si-que-existia-para-cuidar-deles-todos-os-dias\/","url":"https:\/\/www.correiobraziliense.com.br\/cbradar\/muita-gente-nao-percebe-que-quem-ve-os-filhos-saindo-de-casa-sente-dois-vazios-ao-mesmo-tempo-o-da-rotina-que-mudou-e-o-da-versao-de-si-que-existia-para-cuidar-deles-todos-os-dias\/","name":"Muita gente n\u00e3o percebe que quem v\u00ea os filhos saindo de casa sente dois vazios ao mesmo tempo, o da rotina que mudou e o da vers\u00e3o de si que existia para cuidar deles todos os dias - Correio Braziliense - Radar","isPartOf":{"@id":"https:\/\/www.correiobraziliense.com.br\/cbradar\/#website"},"primaryImageOfPage":{"@id":"https:\/\/www.correiobraziliense.com.br\/cbradar\/muita-gente-nao-percebe-que-quem-ve-os-filhos-saindo-de-casa-sente-dois-vazios-ao-mesmo-tempo-o-da-rotina-que-mudou-e-o-da-versao-de-si-que-existia-para-cuidar-deles-todos-os-dias\/#primaryimage"},"image":{"@id":"https:\/\/www.correiobraziliense.com.br\/cbradar\/muita-gente-nao-percebe-que-quem-ve-os-filhos-saindo-de-casa-sente-dois-vazios-ao-mesmo-tempo-o-da-rotina-que-mudou-e-o-da-versao-de-si-que-existia-para-cuidar-deles-todos-os-dias\/#primaryimage"},"thumbnailUrl":"https:\/\/www.correiobraziliense.com.br\/cbradar\/wp-content\/uploads\/2026\/04\/Gemini_Generated_Image_l7rysjl7rysjl7ry-1-1.png","datePublished":"2026-04-29T03:30:00+00:00","dateModified":"2026-04-29T03:43:03+00:00","author":{"@id":"https:\/\/www.correiobraziliense.com.br\/cbradar\/#\/schema\/person\/5440b72be9c7eb74f446c846479dc4da"},"description":"Quando os filhos saem de casa, algo muda profundamente. A nova fase exige reconstru\u00e7\u00e3o pessoal e novos sentidos para a rotina.","breadcrumb":{"@id":"https:\/\/www.correiobraziliense.com.br\/cbradar\/muita-gente-nao-percebe-que-quem-ve-os-filhos-saindo-de-casa-sente-dois-vazios-ao-mesmo-tempo-o-da-rotina-que-mudou-e-o-da-versao-de-si-que-existia-para-cuidar-deles-todos-os-dias\/#breadcrumb"},"inLanguage":"pt-BR","potentialAction":[{"@type":"ReadAction","target":["https:\/\/www.correiobraziliense.com.br\/cbradar\/muita-gente-nao-percebe-que-quem-ve-os-filhos-saindo-de-casa-sente-dois-vazios-ao-mesmo-tempo-o-da-rotina-que-mudou-e-o-da-versao-de-si-que-existia-para-cuidar-deles-todos-os-dias\/"]}]},{"@type":"ImageObject","inLanguage":"pt-BR","@id":"https:\/\/www.correiobraziliense.com.br\/cbradar\/muita-gente-nao-percebe-que-quem-ve-os-filhos-saindo-de-casa-sente-dois-vazios-ao-mesmo-tempo-o-da-rotina-que-mudou-e-o-da-versao-de-si-que-existia-para-cuidar-deles-todos-os-dias\/#primaryimage","url":"https:\/\/www.correiobraziliense.com.br\/cbradar\/wp-content\/uploads\/2026\/04\/Gemini_Generated_Image_l7rysjl7rysjl7ry-1-1.png","contentUrl":"https:\/\/www.correiobraziliense.com.br\/cbradar\/wp-content\/uploads\/2026\/04\/Gemini_Generated_Image_l7rysjl7rysjl7ry-1-1.png","width":1280,"height":720,"caption":"A sa\u00edda dos filhos transforma a rotina e a identidade emocional dos pais"},{"@type":"BreadcrumbList","@id":"https:\/\/www.correiobraziliense.com.br\/cbradar\/muita-gente-nao-percebe-que-quem-ve-os-filhos-saindo-de-casa-sente-dois-vazios-ao-mesmo-tempo-o-da-rotina-que-mudou-e-o-da-versao-de-si-que-existia-para-cuidar-deles-todos-os-dias\/#breadcrumb","itemListElement":[{"@type":"ListItem","position":1,"name":"In\u00edcio","item":"https:\/\/www.correiobraziliense.com.br\/cbradar\/"},{"@type":"ListItem","position":2,"name":"Muita gente n\u00e3o percebe que quem v\u00ea os filhos saindo de casa sente dois vazios ao mesmo tempo, o da rotina que mudou e o da vers\u00e3o de si que existia para cuidar deles todos os dias"}]},{"@type":"WebSite","@id":"https:\/\/www.correiobraziliense.com.br\/cbradar\/#website","url":"https:\/\/www.correiobraziliense.com.br\/cbradar\/","name":"Correio Braziliense - Radar","description":"Acompanhe as \u00faltimas not\u00edcias e fique bem informado sobre tudo o que acontece no Brasil e no mundo.","potentialAction":[{"@type":"SearchAction","target":{"@type":"EntryPoint","urlTemplate":"https:\/\/www.correiobraziliense.com.br\/cbradar\/?s={search_term_string}"},"query-input":{"@type":"PropertyValueSpecification","valueRequired":true,"valueName":"search_term_string"}}],"inLanguage":"pt-BR"},{"@type":"Person","@id":"https:\/\/www.correiobraziliense.com.br\/cbradar\/#\/schema\/person\/5440b72be9c7eb74f446c846479dc4da","name":"Patrick Silva","image":{"@type":"ImageObject","inLanguage":"pt-BR","@id":"https:\/\/www.correiobraziliense.com.br\/cbradar\/#\/schema\/person\/image\/","url":"https:\/\/secure.gravatar.com\/avatar\/944109df296fc087785c9715fd5f80b2?s=96&d=mm&r=g","contentUrl":"https:\/\/secure.gravatar.com\/avatar\/944109df296fc087785c9715fd5f80b2?s=96&d=mm&r=g","caption":"Patrick Silva"},"sameAs":["https:\/\/www.correiobraziliense.com.br\/cbradar\/"],"url":"https:\/\/www.correiobraziliense.com.br\/cbradar\/author\/patrick-silva\/"}]}},"_links":{"self":[{"href":"https:\/\/www.correiobraziliense.com.br\/cbradar\/wp-json\/wp\/v2\/posts\/233539","targetHints":{"allow":["GET"]}}],"collection":[{"href":"https:\/\/www.correiobraziliense.com.br\/cbradar\/wp-json\/wp\/v2\/posts"}],"about":[{"href":"https:\/\/www.correiobraziliense.com.br\/cbradar\/wp-json\/wp\/v2\/types\/post"}],"author":[{"embeddable":true,"href":"https:\/\/www.correiobraziliense.com.br\/cbradar\/wp-json\/wp\/v2\/users\/21"}],"replies":[{"embeddable":true,"href":"https:\/\/www.correiobraziliense.com.br\/cbradar\/wp-json\/wp\/v2\/comments?post=233539"}],"version-history":[{"count":4,"href":"https:\/\/www.correiobraziliense.com.br\/cbradar\/wp-json\/wp\/v2\/posts\/233539\/revisions"}],"predecessor-version":[{"id":233550,"href":"https:\/\/www.correiobraziliense.com.br\/cbradar\/wp-json\/wp\/v2\/posts\/233539\/revisions\/233550"}],"wp:featuredmedia":[{"embeddable":true,"href":"https:\/\/www.correiobraziliense.com.br\/cbradar\/wp-json\/wp\/v2\/media\/233543"}],"wp:attachment":[{"href":"https:\/\/www.correiobraziliense.com.br\/cbradar\/wp-json\/wp\/v2\/media?parent=233539"}],"wp:term":[{"taxonomy":"category","embeddable":true,"href":"https:\/\/www.correiobraziliense.com.br\/cbradar\/wp-json\/wp\/v2\/categories?post=233539"},{"taxonomy":"post_tag","embeddable":true,"href":"https:\/\/www.correiobraziliense.com.br\/cbradar\/wp-json\/wp\/v2\/post_tag?post=233539"}],"curies":[{"name":"wp","href":"https:\/\/api.w.org\/{rel}","templated":true}]}}